{"id":2065,"date":"2017-04-17T22:29:40","date_gmt":"2017-04-18T01:29:40","guid":{"rendered":"http:\/\/projetopack.com.br\/?p=2065"},"modified":"2021-09-09T18:30:25","modified_gmt":"2021-09-09T21:30:25","slug":"a-pre-impressao-nao-morrera","status":"publish","type":"post","link":"https:\/\/projetopack.com.br\/en\/a-pre-impressao-nao-morrera\/","title":{"rendered":"A Pr\u00e9-Impress\u00e3o n\u00e3o morrer\u00e1"},"content":{"rendered":"<p><span style=\"font-weight: 400;\">Acreditem quando afirmo que a pr\u00e9-impress\u00e3o \u00e9 o setor do inteiro ciclo produtivo da comunica\u00e7\u00e3o gr\u00e1fica que mais sofreu transforma\u00e7\u00f5es ao longo das \u00faltimas cinco d\u00e9cadas. Transforma\u00e7\u00f5es t\u00e3o radicais que podem induzir a pensar que seu futuro \u00e9 a extin\u00e7\u00e3o, como algu\u00e9m j\u00e1 sentenciou! <\/span><\/p>\n<p><span style=\"font-weight: 400;\">N\u00e3o \u00e9 nada dif\u00edcil para as gera\u00e7\u00f5es que atuavam na \u00e1rea j\u00e1 nas d\u00e9cadas de 60 e 70 lembrar como era o sistema planet\u00e1rio gr\u00e1fico, ao centro o cliente, evidente, e, em volta, o mundo da impress\u00e3o, do fotolito, hoje pr\u00e9-impress\u00e3o, do acabamento, hoje p\u00f3s-impress\u00e3o, e da foto composi\u00e7\u00e3o, hoje extinta. Imagine como era f\u00e1cil coordenar todos e tudo para se ter o produto final!<\/span><\/p>\n<p><span style=\"font-weight: 400;\">Entrega para o fotolito, leva filmes e provas para a gr\u00e1ficas, leva tudo para a empresa de acabamento e reze para n\u00e3o faltar algo no recebimento final. <\/span><span style=\"font-weight: 400;\"><br \/>\n<\/span><span style=\"font-weight: 400;\">Lembro muito bem, eu estava l\u00e1, uma simples p\u00e1gina de revista em 4 cores com 3 imagens e duas aplica\u00e7\u00f5es de fundos lisos demandava pelo menos 5 dias de trabalho contando com as idas e vindas das corre\u00e7\u00f5es e aprova\u00e7\u00f5es de provas por parte do cliente. Pela complexidade dos processos, a empresa de fotolito era maior que gr\u00e1fica, n\u00e3o dificilmente superava os cem funcion\u00e1rios. O recorde, se bem me lembro, foram quase 700 considerando 3 diversas plantas. <\/span><\/p>\n<p><span style=\"font-weight: 400;\"><br \/>\n<\/span><span style=\"font-weight: 400;\">O universo da pr\u00e9-impress\u00e3o era povoado de gigantes de a\u00e7o, como algu\u00e9m definiu, equipamentos como m\u00e1quinas fotogr\u00e1ficas, ampliadores, prensas de contato e de c\u00f3pia, prelos de provas, mesas de montagem e retoque operados por verdadeiros artistas especialistas com tarefas produtivas impens\u00e1veis hoje. <\/span><\/p>\n<p><span style=\"font-weight: 400;\"><br \/>\n<\/span><span style=\"font-weight: 400;\">Pela dificuldade da comunica\u00e7\u00e3o e informa\u00e7\u00e3o, n\u00e3o existia a internet, lembrem, passou despercebido aos \u201cfotoliteiros\u201d o lan\u00e7amento por parte da alem\u00e3 Hell do primeiro scanner Cromagraph em 4 cores! A chegada dos scanners eletr\u00f4nicos nos anos 80 foi o primeiro e fundamental indicio da duradoura revolu\u00e7\u00e3o tecnol\u00f3gica prestes a acontecer. Poucos ou muito poucos acreditaram que algo pudesse mudar por causa do alt\u00edssimo custo dos equipamentos. \u00c9 logico que a prolifera\u00e7\u00e3o dos scanners foi inevit\u00e1vel tanto pelo aumento de produtividade como pela possibilidade de redu\u00e7\u00e3o do org\u00e2nico da empresa e o ganho de produtividade. Primeiras v\u00edtimas, os fot\u00f3grafos seguidos de perto pelos retocadores, as elites do fotolito.<\/span><\/p>\n<p><span style=\"font-weight: 400;\"><br \/>\n<\/span><span style=\"font-weight: 400;\">Em uma outra dimens\u00e3o paralela \u00e0 nossa e desconhecida at\u00e9 ent\u00e3o, aconteceu algo que transformaria profundamente a ind\u00fastria gr\u00e1fica.<\/span><\/p>\n<p><span style=\"font-weight: 400;\">1980 \u2013 \u00c9 publicada a especifica\u00e7\u00e3o da Ethernet<\/span><\/p>\n<p><span style=\"font-weight: 400;\">1981 \u2013 IBM PC entra no mercado como computador pessoal<\/span><\/p>\n<p><span style=\"font-weight: 400;\">1982 \u2013 \u00c9 fundada a Adobe, a Sony lan\u00e7a o primeiro monitor Triniton<\/span><\/p>\n<p><span style=\"font-weight: 400;\">1983 &#8211; Apple Lisa introduz uma interface gr\u00e1fica e o mouse<\/span><\/p>\n<p><span style=\"font-weight: 400;\">1984 \u2013 Apple lan\u00e7a o Macintosh e Adobe apresenta o PostScript<\/span><\/p>\n<p><span style=\"font-weight: 400;\">1985 \u2013 Steve Jobs investe na Adobe para desenvolver um controlador PostScript para a Apple LaserWriter. De nada adiantaria sem um terceiro partner, Aldus uma pequena empresa que criou um aplicativo para o sistema, o Page Maker. Linotype fornece as fontes Helvetiva e Times e desenvolve a primeira imagesetter, Linotronic 300.<\/span><\/p>\n<p><span style=\"font-weight: 400;\">N\u00e3o demorou muito para a nova e revolucion\u00e1ria tecnologia encontrar o terreno f\u00e9rtil no mercado gr\u00e1fico permitindo o surgimento e prolifera\u00e7\u00e3o dos bir\u00f4s de servi\u00e7os que, se de um lado revolucionaram, gra\u00e7as ao PostScript, os processos produtivos, contribu\u00edram, do outro, para a morte de tantas empresas que, agarrados \u00e0s ra\u00edzes do famoso pensamento de que \u201cisso n\u00e3o vai funcionar e n\u00e3o tem futuro\u201d, n\u00e3o investiram, tornando-se improdutivos de tal maneira que n\u00e3o tiveram muitas escolhas a n\u00e3o ser fechar as portas. <\/span><\/p>\n<p><span style=\"font-weight: 400;\">Lembro muito bem de uma declara\u00e7\u00e3o dada por um diretor de uma empresa que n\u00e3o mais existe \u201c Muitos fotolitos faliram porque n\u00e3o perceberam as mudan\u00e7as tecnol\u00f3gicas e n\u00e3o tinham alternativas para oferecer ao cliente\u201d.<\/span><span style=\"font-weight: 400;\"><br \/>\n<\/span><span style=\"font-weight: 400;\">Senten\u00e7a ainda valid\u00edssima para os dia de hoje, n\u00e3o acham?<\/span><\/p>\n<p><span style=\"font-weight: 400;\">Foram anos de mudan\u00e7as radicais nos processos e principalmente no conhecimento operativo.<\/span><span style=\"font-weight: 400;\"><br \/>\n<\/span><span style=\"font-weight: 400;\">Adeus montadores, \u201ccontateiros\u201d, \u201cprelistas\u201d e copiadores. <\/span><\/p>\n<p><span style=\"font-weight: 400;\">Tenho certeza de que poucos tem a exata ideia de quantos, lamentavelmente, ficaram desempregados por n\u00e3o aprimorar seu conhecimento.<\/span><\/p>\n<p><span style=\"font-weight: 400;\">Foi necess\u00e1rio treinar novos operadores no uso de computadores e softwares, n\u00e3o sempre f\u00e1cil, nas novas linguagens, PostScript, PostScript Encapsulado, arquivos de Corel, de PageMaker, de QuarkXpress, de PhotoShop, TIFF mais tarde Jpeg e o salvador PDF. Como foi dif\u00edcil aprender a \u201cfechar arquivos\u201d para evitar os conhecidos \u201cpaus de fontes\u201d e imagens em baixa e em RGB.<\/span><\/p>\n<p><span style=\"font-weight: 400;\">Foram tempos dif\u00edceis, mas important\u00edssimos para entender as tecnologias vindouras. De fato, pouco durou a tranquilidade porque na Drupa de 90 apareceu o CtP, Computer to Plate, que eliminando a necessidade do filme prospectava um aumento de produtividade, redu\u00e7\u00e3o dos custos pelo fim das imagesetters, processadoras, qu\u00edmicos e, novamente, funcion\u00e1rios. <\/span><\/p>\n<p><span style=\"font-weight: 400;\">A pr\u00e9-impress\u00e3o em mais nada lembrava o antigo fotolito, nem fisicamente, nem geograficamente, nem tecnologicamente e menos ainda como conhecimento.<\/span><span style=\"font-weight: 400;\"><br \/>\n<\/span><span style=\"font-weight: 400;\">Bastavam, basicamente, um scanner, um computador, softwares, rede e sistema de prova digital para se ter um departamento de pr\u00e9-impress\u00e3o.<\/span><\/p>\n<p><span style=\"font-weight: 400;\">N\u00e3o obstante as mudan\u00e7as de tecnologia, ferramentas e processos, o fluxo de trabalho da pr\u00e9-impress\u00e3o continuava isolado do resto da empresa e n\u00e3o havia comunica\u00e7\u00e3o se n\u00e3o verbal e escrita com as \u00e1reas de impress\u00e3o, p\u00f3s-impress\u00e3o e administra\u00e7\u00e3o.<\/span><\/p>\n<p><span style=\"font-weight: 400;\">Eis, por\u00e9m que uma nova e disruptiva tecnologia aparece no nosso horizonte, a fotografia digital que em poucos anos, a despeito dos incr\u00e9dulos, suplantou a maquinas fotogr\u00e1fica com filme e, e claro, mais uma vez refletiu na pr\u00e9-impress\u00e3o. Basta com os monstruosos gigantes de a\u00e7o, como eram definidos os scanners, e com os operadores, por consequ\u00eancia, a imagem j\u00e1 chega prontinha! Gra\u00e7as \u00e0 experi\u00eancia adquirida at\u00e9 ent\u00e3o, n\u00e3o foi muito dif\u00edcil conhecer e gerir as vari\u00e1veis t\u00e9cnicas das imagens digitais.<\/span><\/p>\n<p><span style=\"font-weight: 400;\">A hist\u00f3ria n\u00e3o acaba aqui. <\/span><\/p>\n<p><span style=\"font-weight: 400;\">Enquanto o mercado como um todo tentava absorver as tecnologias, reestruturar-se, preparar os operados, organizar o fluxo de trabalho como um todo e tentar sonhar, finalmente, em lucros, poucos perceberam como uma outra tecnologia, t\u00e3o revolucion\u00e1ria quanto a fotografia digital, iria modificar incisivamente o mercado e, claro, a pr\u00e9-impress\u00e3o. Era 1990 quando a Xerox apresentou a DocuTech 135, um \u201cdispositivo\u201d, como foi definido na \u00e9poca, que, combinando tr\u00eas diferentes tecnologias \u2013 escaneamento em alta resolu\u00e7\u00e3o, forma\u00e7\u00e3o digital da imagem via laser e a xerografia, permitiria substituir maquinas, processos e pessoal.<\/span><\/p>\n<p><span style=\"font-weight: 400;\">Nascia a impress\u00e3o digital que n\u00e3o teve vida f\u00e1cil no come\u00e7o. Atingir a qualidade do offset era como achar o pote no fim do arco \u00edris e constitu\u00eda a barreira protetiva e defensiva dos c\u00e9ticos. Na Drupa do ano passado, por\u00e9m, todos tiveram a oportunidade de constatar que o pote com ouro existia de verdade. Horizontes at\u00e9 ent\u00e3o intocados e sequer imaginados se abriram mostrando um universo de novas oportunidades em diversos mercados que necessitavam desesperadamente de curtas e curt\u00edssimas tiragens, personaliza\u00e7\u00f5es e customiza\u00e7\u00f5es, diversidade de substratos e formatos. <\/span><\/p>\n<p><span style=\"font-weight: 400;\">Me permito dizer que isso abriu as portas da ind\u00fastria Gr\u00e1fica para a integra\u00e7\u00e3o com o mercado de multim\u00eddias em desenvolvimento.<\/span><\/p>\n<p><span style=\"font-weight: 400;\">A pr\u00e9-impress\u00e3o teve de se adaptar, mais uma vez, \u00e0s novas exig\u00eancias do mercado perdendo obrigatoriamente o isolacionismo. Torna-se o centro nevr\u00e1lgico da empresa, a porta de entrada dos trabalhos, do controle, da prepara\u00e7\u00e3o dos arquivos, da comunica\u00e7\u00e3o com os clientes das provas f\u00edsicas e remotas, softproof, do envio dos arquivos digitais para a impress\u00e3o interna alimentando os sistema MIS com as informa\u00e7\u00f5es necess\u00e1rias. <\/span><\/p>\n<p><span style=\"font-weight: 400;\">Uma campanha publicit\u00e1ria atual, podendo prever outros processos de impress\u00e3o ou acabamento, necessita de conhecimento at\u00e9 ent\u00e3o restritos a uma \u00e1rea. N\u00e3o se trata da necessidade de aumentar a quantidade de equipamentos ou funcion\u00e1rios, mas de aumentar a qualidade dos operadores para atender as mais diversas necessidades do cliente.<\/span><\/p>\n<p><span style=\"font-weight: 400;\">Compare o conhecimento de um operador do passado com um atual, especializado em pr\u00e9-impress\u00e3o e ter de preparar arquivos para um catalogo, um livro, uma revista, uma embalagem em r\u00edgido ou flex\u00edvel, para ind\u00fastria cer\u00e2mica e t\u00eaxtil etc. <\/span><\/p>\n<p><span style=\"font-weight: 400;\">Quanto conhecimento, onde busca-lo, a que pre\u00e7o e em quanto tempo\u00a0<\/span><span style=\"font-weight: 400;\">s\u00e3o respostas que deixo aos empres\u00e1rios.<\/span><\/p>\n<p><span style=\"font-weight: 400;\">A pr\u00e9-impress\u00e3o n\u00e3o morrer\u00e1, acreditem. <\/span><span style=\"font-weight: 400;\">Mesmo que os equipamentos modernos sejam equipados com sistemas de Intelig\u00eancia Artificial com processo de autoaprendizagem e softwares mais autom\u00e1ticos, nunca poder\u00e3o dispensar um operador inteligente e, sobretudo, nunca entender\u00e3o o que significa azul, vermelho, amarelo e preto.<\/span><\/p>","protected":false},"excerpt":{"rendered":"<p>Acreditem quando afirmo que a pr\u00e9-impress\u00e3o \u00e9 o setor do inteiro ciclo produtivo da comunica\u00e7\u00e3o gr\u00e1fica que mais sofreu transforma\u00e7\u00f5es ao longo das \u00faltimas cinco d\u00e9cadas. Transforma\u00e7\u00f5es t\u00e3o radicais que podem induzir a pensar que seu futuro \u00e9 a extin\u00e7\u00e3o, como algu\u00e9m j\u00e1 sentenciou! N\u00e3o \u00e9 nada dif\u00edcil para as gera\u00e7\u00f5es que atuavam na \u00e1rea [&hellip;]<\/p>\n","protected":false},"author":2,"featured_media":0,"comment_status":"closed","ping_status":"closed","sticky":false,"template":"","format":"standard","meta":{"footnotes":""},"categories":[877],"tags":[],"class_list":["post-2065","post","type-post","status-publish","format-standard","hentry","category-arquivo"],"yoast_head":"<!-- This site is optimized with the Yoast SEO Premium plugin v27.1 (Yoast SEO v27.1.1) - https:\/\/yoast.com\/product\/yoast-seo-premium-wordpress\/ -->\n<title>A Pr\u00e9-Impress\u00e3o n\u00e3o morrer\u00e1 - ProjetoPack<\/title>\n<meta name=\"description\" content=\"Confira o melhor conte\u00fado sobre tecnologia, design e gest\u00e3o de embalagens flex\u00edveis, r\u00f3tulos e impress\u00e3o.\" \/>\n<meta name=\"robots\" content=\"index, follow, max-snippet:-1, max-image-preview:large, max-video-preview:-1\" \/>\n<link rel=\"canonical\" href=\"https:\/\/projetopack.com.br\/en\/a-pre-impressao-nao-morrera\/\" \/>\n<meta property=\"og:locale\" content=\"en_US\" \/>\n<meta property=\"og:type\" content=\"article\" \/>\n<meta property=\"og:title\" content=\"A Pr\u00e9-Impress\u00e3o n\u00e3o morrer\u00e1\" \/>\n<meta property=\"og:description\" content=\"Confira o melhor conte\u00fado sobre tecnologia, design e gest\u00e3o de embalagens flex\u00edveis, r\u00f3tulos e impress\u00e3o.\" \/>\n<meta property=\"og:url\" content=\"https:\/\/projetopack.com.br\/en\/a-pre-impressao-nao-morrera\/\" \/>\n<meta property=\"og:site_name\" content=\"ProjetoPack\" \/>\n<meta property=\"article:published_time\" content=\"2017-04-18T01:29:40+00:00\" \/>\n<meta property=\"article:modified_time\" content=\"2021-09-09T21:30:25+00:00\" \/>\n<meta property=\"og:image\" content=\"https:\/\/projetopack.com.br\/wp-content\/uploads\/2020\/06\/Capa-1200x630-1.png\" \/>\n\t<meta property=\"og:image:width\" content=\"1200\" \/>\n\t<meta property=\"og:image:height\" content=\"630\" \/>\n\t<meta property=\"og:image:type\" content=\"image\/png\" \/>\n<meta name=\"author\" content=\"Aislan Baer\" \/>\n<meta name=\"twitter:card\" content=\"summary_large_image\" \/>\n<meta name=\"twitter:creator\" content=\"@ProjetoPack\" \/>\n<meta name=\"twitter:site\" content=\"@ProjetoPack\" \/>\n<meta name=\"twitter:label1\" content=\"Written by\" \/>\n\t<meta name=\"twitter:data1\" content=\"Aislan Baer\" \/>\n\t<meta name=\"twitter:label2\" content=\"Est. reading time\" \/>\n\t<meta name=\"twitter:data2\" content=\"7 minutes\" \/>\n<script type=\"application\/ld+json\" class=\"yoast-schema-graph\">{\"@context\":\"https:\/\/schema.org\",\"@graph\":[{\"@type\":\"Article\",\"@id\":\"https:\/\/projetopack.com.br\/en\/a-pre-impressao-nao-morrera\/#article\",\"isPartOf\":{\"@id\":\"https:\/\/projetopack.com.br\/en\/a-pre-impressao-nao-morrera\/\"},\"author\":{\"name\":\"Aislan Baer\",\"@id\":\"https:\/\/projetopack.com.br\/#\/schema\/person\/87cbd7d1e244880886d457815ebd2490\"},\"headline\":\"A Pr\u00e9-Impress\u00e3o n\u00e3o morrer\u00e1\",\"datePublished\":\"2017-04-18T01:29:40+00:00\",\"dateModified\":\"2021-09-09T21:30:25+00:00\",\"mainEntityOfPage\":{\"@id\":\"https:\/\/projetopack.com.br\/en\/a-pre-impressao-nao-morrera\/\"},\"wordCount\":1485,\"publisher\":{\"@id\":\"https:\/\/projetopack.com.br\/#organization\"},\"articleSection\":[\"Arquivo\"],\"inLanguage\":\"en-US\"},{\"@type\":\"WebPage\",\"@id\":\"https:\/\/projetopack.com.br\/en\/a-pre-impressao-nao-morrera\/\",\"url\":\"https:\/\/projetopack.com.br\/en\/a-pre-impressao-nao-morrera\/\",\"name\":\"A Pr\u00e9-Impress\u00e3o n\u00e3o morrer\u00e1 - ProjetoPack\",\"isPartOf\":{\"@id\":\"https:\/\/projetopack.com.br\/#website\"},\"datePublished\":\"2017-04-18T01:29:40+00:00\",\"dateModified\":\"2021-09-09T21:30:25+00:00\",\"description\":\"Confira o melhor conte\u00fado sobre tecnologia, design e gest\u00e3o de embalagens flex\u00edveis, r\u00f3tulos e impress\u00e3o.\",\"breadcrumb\":{\"@id\":\"https:\/\/projetopack.com.br\/en\/a-pre-impressao-nao-morrera\/#breadcrumb\"},\"inLanguage\":\"en-US\",\"potentialAction\":[{\"@type\":\"ReadAction\",\"target\":[\"https:\/\/projetopack.com.br\/en\/a-pre-impressao-nao-morrera\/\"]}]},{\"@type\":\"BreadcrumbList\",\"@id\":\"https:\/\/projetopack.com.br\/en\/a-pre-impressao-nao-morrera\/#breadcrumb\",\"itemListElement\":[{\"@type\":\"ListItem\",\"position\":1,\"name\":\"P\u00e1gina Inicial\",\"item\":\"https:\/\/projetopack.com.br\/\"},{\"@type\":\"ListItem\",\"position\":2,\"name\":\"Arquivo\",\"item\":\"https:\/\/projetopack.com.br\/en\/category\/arquivo\/\"},{\"@type\":\"ListItem\",\"position\":3,\"name\":\"A Pr\u00e9-Impress\u00e3o n\u00e3o morrer\u00e1\"}]},{\"@type\":\"WebSite\",\"@id\":\"https:\/\/projetopack.com.br\/#website\",\"url\":\"https:\/\/projetopack.com.br\/\",\"name\":\"ProjetoPack\",\"description\":\"Consultoria e servi\u00e7os para embalagens, r\u00f3tulos, etiquetas e processos de impress\u00e3o\",\"publisher\":{\"@id\":\"https:\/\/projetopack.com.br\/#organization\"},\"potentialAction\":[{\"@type\":\"SearchAction\",\"target\":{\"@type\":\"EntryPoint\",\"urlTemplate\":\"https:\/\/projetopack.com.br\/?s={search_term_string}\"},\"query-input\":{\"@type\":\"PropertyValueSpecification\",\"valueRequired\":true,\"valueName\":\"search_term_string\"}}],\"inLanguage\":\"en-US\"},{\"@type\":\"Organization\",\"@id\":\"https:\/\/projetopack.com.br\/#organization\",\"name\":\"ProjetoPack & Associados\",\"url\":\"https:\/\/projetopack.com.br\/\",\"logo\":{\"@type\":\"ImageObject\",\"inLanguage\":\"en-US\",\"@id\":\"https:\/\/projetopack.com.br\/#\/schema\/logo\/image\/\",\"url\":\"https:\/\/projetopack.com.br\/wp-content\/uploads\/2020\/09\/projetopack.png\",\"contentUrl\":\"https:\/\/projetopack.com.br\/wp-content\/uploads\/2020\/09\/projetopack.png\",\"width\":200,\"height\":200,\"caption\":\"ProjetoPack & Associados\"},\"image\":{\"@id\":\"https:\/\/projetopack.com.br\/#\/schema\/logo\/image\/\"},\"sameAs\":[\"https:\/\/x.com\/ProjetoPack\",\"https:\/\/www.linkedin.com\/company\/projetopack\/\"]},{\"@type\":\"Person\",\"@id\":\"https:\/\/projetopack.com.br\/#\/schema\/person\/87cbd7d1e244880886d457815ebd2490\",\"name\":\"Aislan Baer\",\"image\":{\"@type\":\"ImageObject\",\"inLanguage\":\"en-US\",\"@id\":\"https:\/\/projetopack.com.br\/#\/schema\/person\/image\/\",\"url\":\"https:\/\/projetopack.com.br\/wp-content\/uploads\/2021\/08\/Aislan-Busto-p-100x100.jpg\",\"contentUrl\":\"https:\/\/projetopack.com.br\/wp-content\/uploads\/2021\/08\/Aislan-Busto-p-100x100.jpg\",\"caption\":\"Aislan Baer\"},\"description\":\"Desde os \u00faltimos 20 anos, meu time e eu ajudamos mais de 300 empresas brasileiras e estrangeiras (algumas delas, l\u00edderes mundiais) a produzir embalagens flex\u00edveis e r\u00f3tulos com maior efici\u00eancia, menores custos e maior apelo visual, bem como centenas de donos de marcas a comprar suas embalagens flex\u00edveis e material impresso com um crit\u00e9rio mais t\u00e9cnico e assertivo. Ao mesmo tempo, gra\u00e7as \u00e0 nossa consultoria, muitas destas empresas melhoraram significativamente o seu processo de Impress\u00e3o (Impress\u00e3o de embalagens, Impress\u00e3o industrial, Impress\u00e3o funcional e, mais recentemente, bio impress\u00e3o e manufatura aditiva ou simplesmente Impress\u00e3o 3D). Se a sua empresa tem um problema relacionado a embalagens flex\u00edveis, r\u00f3tulos ou Impress\u00e3o, por mais insol\u00favel que lhe pare\u00e7a, aguardamos ansiosos a sua liga\u00e7\u00e3o ou e-mail. Este \u00e9 nosso trabalho e tamb\u00e9m a nossa paix\u00e3o.\",\"sameAs\":[\"http:\/\/www.projetopack.com\",\"https:\/\/www.linkedin.com\/in\/aislanbaer\/\"],\"jobTitle\":\"CEO @ ProjetoPack | L\u00edder em M&A no Setor de Impress\u00e3o e Embalagens no Brasil | Cofundador da Inovagraf e Neuraflow | Especialista em Inova\u00e7\u00e3o com IA na Impress\u00e3o | Printing Legacy Initiative | Empreendedor Serial\",\"url\":\"https:\/\/projetopack.com.br\/en\/author\/aislan\/\"}]}<\/script>\n<!-- \/ Yoast SEO Premium plugin. -->","yoast_head_json":{"title":"A Pr\u00e9-Impress\u00e3o n\u00e3o morrer\u00e1 - ProjetoPack","description":"Confira o melhor conte\u00fado sobre tecnologia, design e gest\u00e3o de embalagens flex\u00edveis, r\u00f3tulos e impress\u00e3o.","robots":{"index":"index","follow":"follow","max-snippet":"max-snippet:-1","max-image-preview":"max-image-preview:large","max-video-preview":"max-video-preview:-1"},"canonical":"https:\/\/projetopack.com.br\/en\/a-pre-impressao-nao-morrera\/","og_locale":"en_US","og_type":"article","og_title":"A Pr\u00e9-Impress\u00e3o n\u00e3o morrer\u00e1","og_description":"Confira o melhor conte\u00fado sobre tecnologia, design e gest\u00e3o de embalagens flex\u00edveis, r\u00f3tulos e impress\u00e3o.","og_url":"https:\/\/projetopack.com.br\/en\/a-pre-impressao-nao-morrera\/","og_site_name":"ProjetoPack","article_published_time":"2017-04-18T01:29:40+00:00","article_modified_time":"2021-09-09T21:30:25+00:00","og_image":[{"width":1200,"height":630,"url":"https:\/\/projetopack.com.br\/wp-content\/uploads\/2020\/06\/Capa-1200x630-1.png","type":"image\/png"}],"author":"Aislan Baer","twitter_card":"summary_large_image","twitter_creator":"@ProjetoPack","twitter_site":"@ProjetoPack","twitter_misc":{"Written by":"Aislan Baer","Est. reading time":"7 minutes"},"schema":{"@context":"https:\/\/schema.org","@graph":[{"@type":"Article","@id":"https:\/\/projetopack.com.br\/en\/a-pre-impressao-nao-morrera\/#article","isPartOf":{"@id":"https:\/\/projetopack.com.br\/en\/a-pre-impressao-nao-morrera\/"},"author":{"name":"Aislan Baer","@id":"https:\/\/projetopack.com.br\/#\/schema\/person\/87cbd7d1e244880886d457815ebd2490"},"headline":"A Pr\u00e9-Impress\u00e3o n\u00e3o morrer\u00e1","datePublished":"2017-04-18T01:29:40+00:00","dateModified":"2021-09-09T21:30:25+00:00","mainEntityOfPage":{"@id":"https:\/\/projetopack.com.br\/en\/a-pre-impressao-nao-morrera\/"},"wordCount":1485,"publisher":{"@id":"https:\/\/projetopack.com.br\/#organization"},"articleSection":["Arquivo"],"inLanguage":"en-US"},{"@type":"WebPage","@id":"https:\/\/projetopack.com.br\/en\/a-pre-impressao-nao-morrera\/","url":"https:\/\/projetopack.com.br\/en\/a-pre-impressao-nao-morrera\/","name":"A Pr\u00e9-Impress\u00e3o n\u00e3o morrer\u00e1 - ProjetoPack","isPartOf":{"@id":"https:\/\/projetopack.com.br\/#website"},"datePublished":"2017-04-18T01:29:40+00:00","dateModified":"2021-09-09T21:30:25+00:00","description":"Confira o melhor conte\u00fado sobre tecnologia, design e gest\u00e3o de embalagens flex\u00edveis, r\u00f3tulos e impress\u00e3o.","breadcrumb":{"@id":"https:\/\/projetopack.com.br\/en\/a-pre-impressao-nao-morrera\/#breadcrumb"},"inLanguage":"en-US","potentialAction":[{"@type":"ReadAction","target":["https:\/\/projetopack.com.br\/en\/a-pre-impressao-nao-morrera\/"]}]},{"@type":"BreadcrumbList","@id":"https:\/\/projetopack.com.br\/en\/a-pre-impressao-nao-morrera\/#breadcrumb","itemListElement":[{"@type":"ListItem","position":1,"name":"P\u00e1gina Inicial","item":"https:\/\/projetopack.com.br\/"},{"@type":"ListItem","position":2,"name":"Arquivo","item":"https:\/\/projetopack.com.br\/en\/category\/arquivo\/"},{"@type":"ListItem","position":3,"name":"A Pr\u00e9-Impress\u00e3o n\u00e3o morrer\u00e1"}]},{"@type":"WebSite","@id":"https:\/\/projetopack.com.br\/#website","url":"https:\/\/projetopack.com.br\/","name":"ProjetoPack","description":"Consultoria e servi\u00e7os para embalagens, r\u00f3tulos, etiquetas e processos de impress\u00e3o","publisher":{"@id":"https:\/\/projetopack.com.br\/#organization"},"potentialAction":[{"@type":"SearchAction","target":{"@type":"EntryPoint","urlTemplate":"https:\/\/projetopack.com.br\/?s={search_term_string}"},"query-input":{"@type":"PropertyValueSpecification","valueRequired":true,"valueName":"search_term_string"}}],"inLanguage":"en-US"},{"@type":"Organization","@id":"https:\/\/projetopack.com.br\/#organization","name":"ProjetoPack & Associados","url":"https:\/\/projetopack.com.br\/","logo":{"@type":"ImageObject","inLanguage":"en-US","@id":"https:\/\/projetopack.com.br\/#\/schema\/logo\/image\/","url":"https:\/\/projetopack.com.br\/wp-content\/uploads\/2020\/09\/projetopack.png","contentUrl":"https:\/\/projetopack.com.br\/wp-content\/uploads\/2020\/09\/projetopack.png","width":200,"height":200,"caption":"ProjetoPack & Associados"},"image":{"@id":"https:\/\/projetopack.com.br\/#\/schema\/logo\/image\/"},"sameAs":["https:\/\/x.com\/ProjetoPack","https:\/\/www.linkedin.com\/company\/projetopack\/"]},{"@type":"Person","@id":"https:\/\/projetopack.com.br\/#\/schema\/person\/87cbd7d1e244880886d457815ebd2490","name":"Aislan Baer","image":{"@type":"ImageObject","inLanguage":"en-US","@id":"https:\/\/projetopack.com.br\/#\/schema\/person\/image\/","url":"https:\/\/projetopack.com.br\/wp-content\/uploads\/2021\/08\/Aislan-Busto-p-100x100.jpg","contentUrl":"https:\/\/projetopack.com.br\/wp-content\/uploads\/2021\/08\/Aislan-Busto-p-100x100.jpg","caption":"Aislan Baer"},"description":"Desde os \u00faltimos 20 anos, meu time e eu ajudamos mais de 300 empresas brasileiras e estrangeiras (algumas delas, l\u00edderes mundiais) a produzir embalagens flex\u00edveis e r\u00f3tulos com maior efici\u00eancia, menores custos e maior apelo visual, bem como centenas de donos de marcas a comprar suas embalagens flex\u00edveis e material impresso com um crit\u00e9rio mais t\u00e9cnico e assertivo. Ao mesmo tempo, gra\u00e7as \u00e0 nossa consultoria, muitas destas empresas melhoraram significativamente o seu processo de Impress\u00e3o (Impress\u00e3o de embalagens, Impress\u00e3o industrial, Impress\u00e3o funcional e, mais recentemente, bio impress\u00e3o e manufatura aditiva ou simplesmente Impress\u00e3o 3D). Se a sua empresa tem um problema relacionado a embalagens flex\u00edveis, r\u00f3tulos ou Impress\u00e3o, por mais insol\u00favel que lhe pare\u00e7a, aguardamos ansiosos a sua liga\u00e7\u00e3o ou e-mail. Este \u00e9 nosso trabalho e tamb\u00e9m a nossa paix\u00e3o.","sameAs":["http:\/\/www.projetopack.com","https:\/\/www.linkedin.com\/in\/aislanbaer\/"],"jobTitle":"CEO @ ProjetoPack | L\u00edder em M&A no Setor de Impress\u00e3o e Embalagens no Brasil | Cofundador da Inovagraf e Neuraflow | Especialista em Inova\u00e7\u00e3o com IA na Impress\u00e3o | Printing Legacy Initiative | Empreendedor Serial","url":"https:\/\/projetopack.com.br\/en\/author\/aislan\/"}]}},"_links":{"self":[{"href":"https:\/\/projetopack.com.br\/en\/wp-json\/wp\/v2\/posts\/2065","targetHints":{"allow":["GET"]}}],"collection":[{"href":"https:\/\/projetopack.com.br\/en\/wp-json\/wp\/v2\/posts"}],"about":[{"href":"https:\/\/projetopack.com.br\/en\/wp-json\/wp\/v2\/types\/post"}],"author":[{"embeddable":true,"href":"https:\/\/projetopack.com.br\/en\/wp-json\/wp\/v2\/users\/2"}],"replies":[{"embeddable":true,"href":"https:\/\/projetopack.com.br\/en\/wp-json\/wp\/v2\/comments?post=2065"}],"version-history":[{"count":0,"href":"https:\/\/projetopack.com.br\/en\/wp-json\/wp\/v2\/posts\/2065\/revisions"}],"wp:attachment":[{"href":"https:\/\/projetopack.com.br\/en\/wp-json\/wp\/v2\/media?parent=2065"}],"wp:term":[{"taxonomy":"category","embeddable":true,"href":"https:\/\/projetopack.com.br\/en\/wp-json\/wp\/v2\/categories?post=2065"},{"taxonomy":"post_tag","embeddable":true,"href":"https:\/\/projetopack.com.br\/en\/wp-json\/wp\/v2\/tags?post=2065"}],"curies":[{"name":"wp","href":"https:\/\/api.w.org\/{rel}","templated":true}]}}