{"id":20780,"date":"2022-05-12T11:32:47","date_gmt":"2022-05-12T14:32:47","guid":{"rendered":"https:\/\/www.projetopack.com.br\/?p=20780"},"modified":"2022-05-12T11:32:48","modified_gmt":"2022-05-12T14:32:48","slug":"embalagem-flexivel-efemera-stand-up-pouch-nft","status":"publish","type":"post","link":"https:\/\/projetopack.com.br\/en\/embalagem-flexivel-efemera-stand-up-pouch-nft\/","title":{"rendered":"Embalagem flex\u00edvel ef\u00eamera: Stand-Up Pouch NFT"},"content":{"rendered":"<p>Modinha ou n\u00e3o, o tal do <a href=\"https:\/\/www.infomoney.com.br\/guias\/nft-token-nao-fungivel\/\" rel=\"noreferrer noopener\" target=\"_blank\">NFT<\/a> vem ganhando cada vez mais espa\u00e7o na m\u00eddia. E, agora, come\u00e7a a aparecer com mais notoriedade tamb\u00e9m no setor de embalagens.<\/p>\n\n\n\n<p>NFT, do ingl\u00eas <em>Non-Fungible Token<\/em> \u00e9 um conceito super mal explicado. Pudera, realmente \u00e9 preciso muita for\u00e7a de vontade para entender esses novos tempos! De forma muito simplificada, um NFT \u00e9 um t\u00edtulo negoci\u00e1vel especial, criptogr\u00e1fico (isto \u00e9, com informa\u00e7\u00f5es protegidas) e que representa algo \u00fanico.<\/p>\n\n\n\n<p>Todos os dias, empresas e pessoas t\u00eam inventado novas maneiras de criar e transacionar NFT&#8217;s, fomentando novos mercados e aplica\u00e7\u00f5es, como itens digitais exclusivos em jogos eletr\u00f4nicos, arte criptogr\u00e1fica (at\u00e9 um meme ou um Emoticon podem ser vendidos como uma NFT), m\u00fasica e por a\u00ed vai. Tudo que puder ser envelopado e vendido como algo \u00fanico e exclusivo \u00e9 pass\u00edvel de ser transformado em NFT.<\/p>\n\n\n\n<blockquote class=\"wp-block-quote is-layout-flow wp-block-quote-is-layout-flow\"><p>Evidentemente, como todo hype, a gan\u00e2ncia e o potencial do ganho f\u00e1cil atraem especuladores e aproveitadores, criando na mais leve das hip\u00f3teses supervaloriza\u00e7\u00e3o dos ativos e, na mais pesada, um submundo de fraudes e uma grande bolha. Mas esta parte &#8220;chata&#8221; \u00e9 tema para outro artigo.<\/p><\/blockquote>\n\n\n\n<p>O est\u00fadio digital norteamericano Klev lan\u00e7ou o projeto <a href=\"https:\/\/www.boredbreakfastclub.com\/\" rel=\"noreferrer noopener\" target=\"_blank\">Bored Breakfast Club<\/a>, o primeiro a trazer ao Metaverso e \u00e0 vida real embalagens do tipo Stand-Up Pouch para Caf\u00e9 ilustradas por artes NFT.<\/p>\n\n\n\n<p>Aqui vale um complemento da explica\u00e7\u00e3o inicial: a tecnologia de gera\u00e7\u00e3o dos Tokens \u00e9 baseada em <a href=\"https:\/\/pt.wikipedia.org\/wiki\/Blockchain\" rel=\"noreferrer noopener\" target=\"_blank\">Blockchain<\/a> (a mesma das criptomoedas, neste caso a mesma da <a href=\"https:\/\/coinmarketcap.com\/pt-br\/currencies\/ethereum\/\" rel=\"noreferrer noopener\" target=\"_blank\">Ethereum<\/a>), que permite ao propriet\u00e1rio certificar-se da sua autenticidade e unicidade.<\/p>\n\n\n\n<figure class=\"wp-block-image size-full\"><img fetchpriority=\"high\" decoding=\"async\" width=\"1600\" height=\"1200\" src=\"https:\/\/projetopack.com.br\/wp-content\/uploads\/2022\/05\/image-1.jpeg\" alt=\"bored breakfast club\" class=\"wp-image-20781\" srcset=\"https:\/\/projetopack.com.br\/wp-content\/uploads\/2022\/05\/image-1.jpeg 1600w, https:\/\/projetopack.com.br\/wp-content\/uploads\/2022\/05\/image-1-300x225.jpeg 300w, https:\/\/projetopack.com.br\/wp-content\/uploads\/2022\/05\/image-1-600x450.jpeg 600w, https:\/\/projetopack.com.br\/wp-content\/uploads\/2022\/05\/image-1-768x576.jpeg 768w\" sizes=\"(max-width: 1600px) 100vw, 1600px\" \/><figcaption>Embalagens NFT de caf\u00e9 gourmet<\/figcaption><\/figure>\n\n\n\n<p>Agora olha a sacada: <strong>o projeto do est\u00fadio associa duas coisas exclusivas e aut\u00eanticas, uma online e outra offline<\/strong>: mediante o servi\u00e7o de assinatura de caf\u00e9s gourmet, o comprador da NFT receber\u00e1, dentre os caf\u00e9s do seu pacote de assinatura, uma embalagem com o caf\u00e9 especial cuja decora\u00e7\u00e3o \u00e9 \u00fanica e assinada digitalmente via Token N\u00e3o-Fung\u00edvel.<\/p>\n\n\n\n<figure class=\"wp-block-pullquote\"><blockquote><p>A primeira entrega de um blend de caf\u00e9 em um StandUp Pouch NFT, em fevereiro de 2022, foi despachada a 70 pa\u00edses.<\/p><\/blockquote><\/figure>\n\n\n\n<p>Ningu\u00e9m sabe ao certo &#8211; e se disser que sabe, pode escrever a\u00ed que \u00e9 blefe &#8211; onde essa onda vai parar. Mas o tema da embalagem \u00fanica, exclusiva e &#8220;assinada&#8221;, associada ou n\u00e3o ao produto nela contido \u00e9 t\u00e3o interessante em termos de oportunidade de neg\u00f3cio que j\u00e1 se cunhou um termo novo que certamente deve popularizar-se em breve nos f\u00f3runs setoriais: a &#8220;embalagem ef\u00eamera&#8221;.<\/p>\n\n\n\n<p class=\"has-cyan-bluish-gray-background-color has-background\">A prop\u00f3sito, o autor que vos fala tentou conectar a sua wallet para compra da NFT (com desconto, inclusive) de uma forma f\u00e1cil e r\u00e1pida via QR Code e <a href=\"https:\/\/bitso.com\/br\" rel=\"noreferrer noopener\" target=\"_blank\">Bitso<\/a>, mas o formato ainda n\u00e3o \u00e9 suportado pela interface <a href=\"https:\/\/walletconnect.com\/\" rel=\"noreferrer noopener\" target=\"_blank\">WalletConnect<\/a>. Aqui, se quisermos brincar de embalagem NFT, pelo menos por ora, vai dar mais trabalho.<\/p>\n\n\n\n<p><strong>Nota mental importante:<\/strong> a embalagem ef\u00eamera s\u00f3 pode existir na plataforma digital, apta \u00e0 personaliza\u00e7\u00e3o de massa. Mais um ponto para a solidifica\u00e7\u00e3o do digital no setor de embalagens flex\u00edveis, etiquetas e r\u00f3tulos.<\/p>\n\n\n\n<p><strong>Leia mais em nosso blog:<\/strong><\/p>\n\n\n\n<p><strong><a href=\"https:\/\/projetopack.com.br\/embalagens-inteligentes-com-nfc-um-mercado-que-ja-ultrapassa-os-usd-20-bi\/\" target=\"_blank\" rel=\"noreferrer noopener\">Embalagens inteligentes com NFC: um mercado que j\u00e1 ultrapassa os USD 20 bi<\/a><\/strong><\/p>","protected":false},"excerpt":{"rendered":"<p>A embalagem \u00fanica, exclusiva e &#8220;assinada&#8221;, associada ou n\u00e3o ao produto nela contido \u00e9 interessante.<\/p>","protected":false},"author":2,"featured_media":20782,"comment_status":"open","ping_status":"closed","sticky":true,"template":"","format":"standard","meta":{"footnotes":""},"categories":[458],"tags":[976,135,27,975,623,978,977],"class_list":["post-20780","post","type-post","status-publish","format-standard","has-post-thumbnail","hentry","category-lancamentos","tag-blockchain","tag-embalagem","tag-embalagem-flexivel","tag-nft","tag-standup-pouch","tag-tecnologia","tag-token"],"yoast_head":"<!-- This site is optimized with the Yoast SEO Premium plugin v27.1 (Yoast SEO v27.1.1) - https:\/\/yoast.com\/product\/yoast-seo-premium-wordpress\/ -->\n<title>Embalagem flex\u00edvel ef\u00eamera: Stand-Up Pouch NFT - ProjetoPack<\/title>\n<meta name=\"description\" content=\"Modinha ou n\u00e3o, o tal do NFT vem ganhando cada vez mais espa\u00e7o na m\u00eddia. E, agora, come\u00e7a a aparecer tamb\u00e9m no setor de embalagens.\" \/>\n<meta name=\"robots\" content=\"index, follow, max-snippet:-1, max-image-preview:large, max-video-preview:-1\" \/>\n<link rel=\"canonical\" href=\"https:\/\/projetopack.com.br\/en\/embalagem-flexivel-efemera-stand-up-pouch-nft\/\" \/>\n<meta property=\"og:locale\" content=\"en_US\" \/>\n<meta property=\"og:type\" content=\"article\" \/>\n<meta property=\"og:title\" content=\"Embalagem flex\u00edvel ef\u00eamera: Stand-Up Pouch NFT\" \/>\n<meta property=\"og:description\" content=\"Modinha ou n\u00e3o, o tal do NFT vem ganhando cada vez mais espa\u00e7o na m\u00eddia. E, agora, come\u00e7a a aparecer tamb\u00e9m no setor de embalagens.\" \/>\n<meta property=\"og:url\" content=\"https:\/\/projetopack.com.br\/en\/embalagem-flexivel-efemera-stand-up-pouch-nft\/\" \/>\n<meta property=\"og:site_name\" content=\"ProjetoPack\" \/>\n<meta property=\"article:published_time\" content=\"2022-05-12T14:32:47+00:00\" \/>\n<meta property=\"article:modified_time\" content=\"2022-05-12T14:32:48+00:00\" \/>\n<meta property=\"og:image\" content=\"https:\/\/projetopack.com.br\/wp-content\/uploads\/2022\/05\/large-SewCTP7fOqyRk_PuE_hr6Sb6_8U5JtLk.jpg\" \/>\n\t<meta property=\"og:image:width\" content=\"1240\" \/>\n\t<meta property=\"og:image:height\" content=\"892\" \/>\n\t<meta property=\"og:image:type\" content=\"image\/jpeg\" \/>\n<meta name=\"author\" content=\"Aislan Baer\" \/>\n<meta name=\"twitter:card\" content=\"summary_large_image\" \/>\n<meta name=\"twitter:creator\" content=\"@ProjetoPack\" \/>\n<meta name=\"twitter:site\" content=\"@ProjetoPack\" \/>\n<meta name=\"twitter:label1\" content=\"Written by\" \/>\n\t<meta name=\"twitter:data1\" content=\"Aislan Baer\" \/>\n\t<meta name=\"twitter:label2\" content=\"Est. reading time\" \/>\n\t<meta name=\"twitter:data2\" content=\"4 minutes\" \/>\n<script type=\"application\/ld+json\" class=\"yoast-schema-graph\">{\"@context\":\"https:\/\/schema.org\",\"@graph\":[{\"@type\":\"Article\",\"@id\":\"https:\/\/projetopack.com.br\/embalagem-flexivel-efemera-stand-up-pouch-nft\/#article\",\"isPartOf\":{\"@id\":\"https:\/\/projetopack.com.br\/embalagem-flexivel-efemera-stand-up-pouch-nft\/\"},\"author\":{\"name\":\"Aislan Baer\",\"@id\":\"https:\/\/projetopack.com.br\/#\/schema\/person\/87cbd7d1e244880886d457815ebd2490\"},\"headline\":\"Embalagem flex\u00edvel ef\u00eamera: Stand-Up Pouch NFT\",\"datePublished\":\"2022-05-12T14:32:47+00:00\",\"dateModified\":\"2022-05-12T14:32:48+00:00\",\"mainEntityOfPage\":{\"@id\":\"https:\/\/projetopack.com.br\/embalagem-flexivel-efemera-stand-up-pouch-nft\/\"},\"wordCount\":552,\"commentCount\":2,\"publisher\":{\"@id\":\"https:\/\/projetopack.com.br\/#organization\"},\"image\":{\"@id\":\"https:\/\/projetopack.com.br\/embalagem-flexivel-efemera-stand-up-pouch-nft\/#primaryimage\"},\"thumbnailUrl\":\"https:\/\/projetopack.com.br\/wp-content\/uploads\/2022\/05\/large-SewCTP7fOqyRk_PuE_hr6Sb6_8U5JtLk.jpg\",\"keywords\":[\"blockchain\",\"Embalagem\",\"Embalagem flex\u00edvel\",\"nft\",\"standup pouch\",\"tecnologia\",\"token\"],\"articleSection\":[\"Lan\u00e7amentos\"],\"inLanguage\":\"en-US\",\"potentialAction\":[{\"@type\":\"CommentAction\",\"name\":\"Comment\",\"target\":[\"https:\/\/projetopack.com.br\/embalagem-flexivel-efemera-stand-up-pouch-nft\/#respond\"]}]},{\"@type\":\"WebPage\",\"@id\":\"https:\/\/projetopack.com.br\/embalagem-flexivel-efemera-stand-up-pouch-nft\/\",\"url\":\"https:\/\/projetopack.com.br\/embalagem-flexivel-efemera-stand-up-pouch-nft\/\",\"name\":\"Embalagem flex\u00edvel ef\u00eamera: Stand-Up Pouch NFT - ProjetoPack\",\"isPartOf\":{\"@id\":\"https:\/\/projetopack.com.br\/#website\"},\"primaryImageOfPage\":{\"@id\":\"https:\/\/projetopack.com.br\/embalagem-flexivel-efemera-stand-up-pouch-nft\/#primaryimage\"},\"image\":{\"@id\":\"https:\/\/projetopack.com.br\/embalagem-flexivel-efemera-stand-up-pouch-nft\/#primaryimage\"},\"thumbnailUrl\":\"https:\/\/projetopack.com.br\/wp-content\/uploads\/2022\/05\/large-SewCTP7fOqyRk_PuE_hr6Sb6_8U5JtLk.jpg\",\"datePublished\":\"2022-05-12T14:32:47+00:00\",\"dateModified\":\"2022-05-12T14:32:48+00:00\",\"description\":\"Modinha ou n\u00e3o, o tal do NFT vem ganhando cada vez mais espa\u00e7o na m\u00eddia. E, agora, come\u00e7a a aparecer tamb\u00e9m no setor de embalagens.\",\"breadcrumb\":{\"@id\":\"https:\/\/projetopack.com.br\/embalagem-flexivel-efemera-stand-up-pouch-nft\/#breadcrumb\"},\"inLanguage\":\"en-US\",\"potentialAction\":[{\"@type\":\"ReadAction\",\"target\":[\"https:\/\/projetopack.com.br\/embalagem-flexivel-efemera-stand-up-pouch-nft\/\"]}]},{\"@type\":\"ImageObject\",\"inLanguage\":\"en-US\",\"@id\":\"https:\/\/projetopack.com.br\/embalagem-flexivel-efemera-stand-up-pouch-nft\/#primaryimage\",\"url\":\"https:\/\/projetopack.com.br\/wp-content\/uploads\/2022\/05\/large-SewCTP7fOqyRk_PuE_hr6Sb6_8U5JtLk.jpg\",\"contentUrl\":\"https:\/\/projetopack.com.br\/wp-content\/uploads\/2022\/05\/large-SewCTP7fOqyRk_PuE_hr6Sb6_8U5JtLk.jpg\",\"width\":1240,\"height\":892,\"caption\":\"Embalagem NFT\"},{\"@type\":\"BreadcrumbList\",\"@id\":\"https:\/\/projetopack.com.br\/embalagem-flexivel-efemera-stand-up-pouch-nft\/#breadcrumb\",\"itemListElement\":[{\"@type\":\"ListItem\",\"position\":1,\"name\":\"P\u00e1gina Inicial\",\"item\":\"https:\/\/projetopack.com.br\/\"},{\"@type\":\"ListItem\",\"position\":2,\"name\":\"Lan\u00e7amentos\",\"item\":\"https:\/\/projetopack.com.br\/category\/lancamentos\/\"},{\"@type\":\"ListItem\",\"position\":3,\"name\":\"Embalagem flex\u00edvel ef\u00eamera: Stand-Up Pouch NFT\"}]},{\"@type\":\"WebSite\",\"@id\":\"https:\/\/projetopack.com.br\/#website\",\"url\":\"https:\/\/projetopack.com.br\/\",\"name\":\"ProjetoPack\",\"description\":\"Consultoria e servi\u00e7os para embalagens, r\u00f3tulos, etiquetas e processos de impress\u00e3o\",\"publisher\":{\"@id\":\"https:\/\/projetopack.com.br\/#organization\"},\"potentialAction\":[{\"@type\":\"SearchAction\",\"target\":{\"@type\":\"EntryPoint\",\"urlTemplate\":\"https:\/\/projetopack.com.br\/?s={search_term_string}\"},\"query-input\":{\"@type\":\"PropertyValueSpecification\",\"valueRequired\":true,\"valueName\":\"search_term_string\"}}],\"inLanguage\":\"en-US\"},{\"@type\":\"Organization\",\"@id\":\"https:\/\/projetopack.com.br\/#organization\",\"name\":\"ProjetoPack & Associados\",\"url\":\"https:\/\/projetopack.com.br\/\",\"logo\":{\"@type\":\"ImageObject\",\"inLanguage\":\"en-US\",\"@id\":\"https:\/\/projetopack.com.br\/#\/schema\/logo\/image\/\",\"url\":\"https:\/\/projetopack.com.br\/wp-content\/uploads\/2020\/09\/projetopack.png\",\"contentUrl\":\"https:\/\/projetopack.com.br\/wp-content\/uploads\/2020\/09\/projetopack.png\",\"width\":200,\"height\":200,\"caption\":\"ProjetoPack & Associados\"},\"image\":{\"@id\":\"https:\/\/projetopack.com.br\/#\/schema\/logo\/image\/\"},\"sameAs\":[\"https:\/\/x.com\/ProjetoPack\",\"https:\/\/www.linkedin.com\/company\/projetopack\/\"]},{\"@type\":\"Person\",\"@id\":\"https:\/\/projetopack.com.br\/#\/schema\/person\/87cbd7d1e244880886d457815ebd2490\",\"name\":\"Aislan Baer\",\"image\":{\"@type\":\"ImageObject\",\"inLanguage\":\"en-US\",\"@id\":\"https:\/\/projetopack.com.br\/#\/schema\/person\/image\/\",\"url\":\"https:\/\/projetopack.com.br\/wp-content\/uploads\/2021\/08\/Aislan-Busto-p-100x100.jpg\",\"contentUrl\":\"https:\/\/projetopack.com.br\/wp-content\/uploads\/2021\/08\/Aislan-Busto-p-100x100.jpg\",\"caption\":\"Aislan Baer\"},\"description\":\"Desde os \u00faltimos 20 anos, meu time e eu ajudamos mais de 300 empresas brasileiras e estrangeiras (algumas delas, l\u00edderes mundiais) a produzir embalagens flex\u00edveis e r\u00f3tulos com maior efici\u00eancia, menores custos e maior apelo visual, bem como centenas de donos de marcas a comprar suas embalagens flex\u00edveis e material impresso com um crit\u00e9rio mais t\u00e9cnico e assertivo. Ao mesmo tempo, gra\u00e7as \u00e0 nossa consultoria, muitas destas empresas melhoraram significativamente o seu processo de Impress\u00e3o (Impress\u00e3o de embalagens, Impress\u00e3o industrial, Impress\u00e3o funcional e, mais recentemente, bio impress\u00e3o e manufatura aditiva ou simplesmente Impress\u00e3o 3D). Se a sua empresa tem um problema relacionado a embalagens flex\u00edveis, r\u00f3tulos ou Impress\u00e3o, por mais insol\u00favel que lhe pare\u00e7a, aguardamos ansiosos a sua liga\u00e7\u00e3o ou e-mail. Este \u00e9 nosso trabalho e tamb\u00e9m a nossa paix\u00e3o.\",\"sameAs\":[\"http:\/\/www.projetopack.com\",\"https:\/\/www.linkedin.com\/in\/aislanbaer\/\"],\"jobTitle\":\"CEO @ ProjetoPack | L\u00edder em M&A no Setor de Impress\u00e3o e Embalagens no Brasil | Cofundador da Inovagraf e Neuraflow | Especialista em Inova\u00e7\u00e3o com IA na Impress\u00e3o | Printing Legacy Initiative | Empreendedor Serial\",\"url\":\"https:\/\/projetopack.com.br\/en\/author\/aislan\/\"}]}<\/script>\n<!-- \/ Yoast SEO Premium plugin. -->","yoast_head_json":{"title":"Embalagem flex\u00edvel ef\u00eamera: Stand-Up Pouch NFT - ProjetoPack","description":"Modinha ou n\u00e3o, o tal do NFT vem ganhando cada vez mais espa\u00e7o na m\u00eddia. E, agora, come\u00e7a a aparecer tamb\u00e9m no setor de embalagens.","robots":{"index":"index","follow":"follow","max-snippet":"max-snippet:-1","max-image-preview":"max-image-preview:large","max-video-preview":"max-video-preview:-1"},"canonical":"https:\/\/projetopack.com.br\/en\/embalagem-flexivel-efemera-stand-up-pouch-nft\/","og_locale":"en_US","og_type":"article","og_title":"Embalagem flex\u00edvel ef\u00eamera: Stand-Up Pouch NFT","og_description":"Modinha ou n\u00e3o, o tal do NFT vem ganhando cada vez mais espa\u00e7o na m\u00eddia. E, agora, come\u00e7a a aparecer tamb\u00e9m no setor de embalagens.","og_url":"https:\/\/projetopack.com.br\/en\/embalagem-flexivel-efemera-stand-up-pouch-nft\/","og_site_name":"ProjetoPack","article_published_time":"2022-05-12T14:32:47+00:00","article_modified_time":"2022-05-12T14:32:48+00:00","og_image":[{"width":1240,"height":892,"url":"https:\/\/projetopack.com.br\/wp-content\/uploads\/2022\/05\/large-SewCTP7fOqyRk_PuE_hr6Sb6_8U5JtLk.jpg","type":"image\/jpeg"}],"author":"Aislan Baer","twitter_card":"summary_large_image","twitter_creator":"@ProjetoPack","twitter_site":"@ProjetoPack","twitter_misc":{"Written by":"Aislan Baer","Est. reading time":"4 minutes"},"schema":{"@context":"https:\/\/schema.org","@graph":[{"@type":"Article","@id":"https:\/\/projetopack.com.br\/embalagem-flexivel-efemera-stand-up-pouch-nft\/#article","isPartOf":{"@id":"https:\/\/projetopack.com.br\/embalagem-flexivel-efemera-stand-up-pouch-nft\/"},"author":{"name":"Aislan Baer","@id":"https:\/\/projetopack.com.br\/#\/schema\/person\/87cbd7d1e244880886d457815ebd2490"},"headline":"Embalagem flex\u00edvel ef\u00eamera: Stand-Up Pouch NFT","datePublished":"2022-05-12T14:32:47+00:00","dateModified":"2022-05-12T14:32:48+00:00","mainEntityOfPage":{"@id":"https:\/\/projetopack.com.br\/embalagem-flexivel-efemera-stand-up-pouch-nft\/"},"wordCount":552,"commentCount":2,"publisher":{"@id":"https:\/\/projetopack.com.br\/#organization"},"image":{"@id":"https:\/\/projetopack.com.br\/embalagem-flexivel-efemera-stand-up-pouch-nft\/#primaryimage"},"thumbnailUrl":"https:\/\/projetopack.com.br\/wp-content\/uploads\/2022\/05\/large-SewCTP7fOqyRk_PuE_hr6Sb6_8U5JtLk.jpg","keywords":["blockchain","Embalagem","Embalagem flex\u00edvel","nft","standup pouch","tecnologia","token"],"articleSection":["Lan\u00e7amentos"],"inLanguage":"en-US","potentialAction":[{"@type":"CommentAction","name":"Comment","target":["https:\/\/projetopack.com.br\/embalagem-flexivel-efemera-stand-up-pouch-nft\/#respond"]}]},{"@type":"WebPage","@id":"https:\/\/projetopack.com.br\/embalagem-flexivel-efemera-stand-up-pouch-nft\/","url":"https:\/\/projetopack.com.br\/embalagem-flexivel-efemera-stand-up-pouch-nft\/","name":"Embalagem flex\u00edvel ef\u00eamera: Stand-Up Pouch NFT - ProjetoPack","isPartOf":{"@id":"https:\/\/projetopack.com.br\/#website"},"primaryImageOfPage":{"@id":"https:\/\/projetopack.com.br\/embalagem-flexivel-efemera-stand-up-pouch-nft\/#primaryimage"},"image":{"@id":"https:\/\/projetopack.com.br\/embalagem-flexivel-efemera-stand-up-pouch-nft\/#primaryimage"},"thumbnailUrl":"https:\/\/projetopack.com.br\/wp-content\/uploads\/2022\/05\/large-SewCTP7fOqyRk_PuE_hr6Sb6_8U5JtLk.jpg","datePublished":"2022-05-12T14:32:47+00:00","dateModified":"2022-05-12T14:32:48+00:00","description":"Modinha ou n\u00e3o, o tal do NFT vem ganhando cada vez mais espa\u00e7o na m\u00eddia. E, agora, come\u00e7a a aparecer tamb\u00e9m no setor de embalagens.","breadcrumb":{"@id":"https:\/\/projetopack.com.br\/embalagem-flexivel-efemera-stand-up-pouch-nft\/#breadcrumb"},"inLanguage":"en-US","potentialAction":[{"@type":"ReadAction","target":["https:\/\/projetopack.com.br\/embalagem-flexivel-efemera-stand-up-pouch-nft\/"]}]},{"@type":"ImageObject","inLanguage":"en-US","@id":"https:\/\/projetopack.com.br\/embalagem-flexivel-efemera-stand-up-pouch-nft\/#primaryimage","url":"https:\/\/projetopack.com.br\/wp-content\/uploads\/2022\/05\/large-SewCTP7fOqyRk_PuE_hr6Sb6_8U5JtLk.jpg","contentUrl":"https:\/\/projetopack.com.br\/wp-content\/uploads\/2022\/05\/large-SewCTP7fOqyRk_PuE_hr6Sb6_8U5JtLk.jpg","width":1240,"height":892,"caption":"Embalagem NFT"},{"@type":"BreadcrumbList","@id":"https:\/\/projetopack.com.br\/embalagem-flexivel-efemera-stand-up-pouch-nft\/#breadcrumb","itemListElement":[{"@type":"ListItem","position":1,"name":"P\u00e1gina Inicial","item":"https:\/\/projetopack.com.br\/"},{"@type":"ListItem","position":2,"name":"Lan\u00e7amentos","item":"https:\/\/projetopack.com.br\/category\/lancamentos\/"},{"@type":"ListItem","position":3,"name":"Embalagem flex\u00edvel ef\u00eamera: Stand-Up Pouch NFT"}]},{"@type":"WebSite","@id":"https:\/\/projetopack.com.br\/#website","url":"https:\/\/projetopack.com.br\/","name":"ProjetoPack","description":"Consultoria e servi\u00e7os para embalagens, r\u00f3tulos, etiquetas e processos de impress\u00e3o","publisher":{"@id":"https:\/\/projetopack.com.br\/#organization"},"potentialAction":[{"@type":"SearchAction","target":{"@type":"EntryPoint","urlTemplate":"https:\/\/projetopack.com.br\/?s={search_term_string}"},"query-input":{"@type":"PropertyValueSpecification","valueRequired":true,"valueName":"search_term_string"}}],"inLanguage":"en-US"},{"@type":"Organization","@id":"https:\/\/projetopack.com.br\/#organization","name":"ProjetoPack & Associados","url":"https:\/\/projetopack.com.br\/","logo":{"@type":"ImageObject","inLanguage":"en-US","@id":"https:\/\/projetopack.com.br\/#\/schema\/logo\/image\/","url":"https:\/\/projetopack.com.br\/wp-content\/uploads\/2020\/09\/projetopack.png","contentUrl":"https:\/\/projetopack.com.br\/wp-content\/uploads\/2020\/09\/projetopack.png","width":200,"height":200,"caption":"ProjetoPack & Associados"},"image":{"@id":"https:\/\/projetopack.com.br\/#\/schema\/logo\/image\/"},"sameAs":["https:\/\/x.com\/ProjetoPack","https:\/\/www.linkedin.com\/company\/projetopack\/"]},{"@type":"Person","@id":"https:\/\/projetopack.com.br\/#\/schema\/person\/87cbd7d1e244880886d457815ebd2490","name":"Aislan Baer","image":{"@type":"ImageObject","inLanguage":"en-US","@id":"https:\/\/projetopack.com.br\/#\/schema\/person\/image\/","url":"https:\/\/projetopack.com.br\/wp-content\/uploads\/2021\/08\/Aislan-Busto-p-100x100.jpg","contentUrl":"https:\/\/projetopack.com.br\/wp-content\/uploads\/2021\/08\/Aislan-Busto-p-100x100.jpg","caption":"Aislan Baer"},"description":"Desde os \u00faltimos 20 anos, meu time e eu ajudamos mais de 300 empresas brasileiras e estrangeiras (algumas delas, l\u00edderes mundiais) a produzir embalagens flex\u00edveis e r\u00f3tulos com maior efici\u00eancia, menores custos e maior apelo visual, bem como centenas de donos de marcas a comprar suas embalagens flex\u00edveis e material impresso com um crit\u00e9rio mais t\u00e9cnico e assertivo. Ao mesmo tempo, gra\u00e7as \u00e0 nossa consultoria, muitas destas empresas melhoraram significativamente o seu processo de Impress\u00e3o (Impress\u00e3o de embalagens, Impress\u00e3o industrial, Impress\u00e3o funcional e, mais recentemente, bio impress\u00e3o e manufatura aditiva ou simplesmente Impress\u00e3o 3D). Se a sua empresa tem um problema relacionado a embalagens flex\u00edveis, r\u00f3tulos ou Impress\u00e3o, por mais insol\u00favel que lhe pare\u00e7a, aguardamos ansiosos a sua liga\u00e7\u00e3o ou e-mail. Este \u00e9 nosso trabalho e tamb\u00e9m a nossa paix\u00e3o.","sameAs":["http:\/\/www.projetopack.com","https:\/\/www.linkedin.com\/in\/aislanbaer\/"],"jobTitle":"CEO @ ProjetoPack | L\u00edder em M&A no Setor de Impress\u00e3o e Embalagens no Brasil | Cofundador da Inovagraf e Neuraflow | Especialista em Inova\u00e7\u00e3o com IA na Impress\u00e3o | Printing Legacy Initiative | Empreendedor Serial","url":"https:\/\/projetopack.com.br\/en\/author\/aislan\/"}]}},"_links":{"self":[{"href":"https:\/\/projetopack.com.br\/en\/wp-json\/wp\/v2\/posts\/20780","targetHints":{"allow":["GET"]}}],"collection":[{"href":"https:\/\/projetopack.com.br\/en\/wp-json\/wp\/v2\/posts"}],"about":[{"href":"https:\/\/projetopack.com.br\/en\/wp-json\/wp\/v2\/types\/post"}],"author":[{"embeddable":true,"href":"https:\/\/projetopack.com.br\/en\/wp-json\/wp\/v2\/users\/2"}],"replies":[{"embeddable":true,"href":"https:\/\/projetopack.com.br\/en\/wp-json\/wp\/v2\/comments?post=20780"}],"version-history":[{"count":0,"href":"https:\/\/projetopack.com.br\/en\/wp-json\/wp\/v2\/posts\/20780\/revisions"}],"wp:featuredmedia":[{"embeddable":true,"href":"https:\/\/projetopack.com.br\/en\/wp-json\/wp\/v2\/media\/20782"}],"wp:attachment":[{"href":"https:\/\/projetopack.com.br\/en\/wp-json\/wp\/v2\/media?parent=20780"}],"wp:term":[{"taxonomy":"category","embeddable":true,"href":"https:\/\/projetopack.com.br\/en\/wp-json\/wp\/v2\/categories?post=20780"},{"taxonomy":"post_tag","embeddable":true,"href":"https:\/\/projetopack.com.br\/en\/wp-json\/wp\/v2\/tags?post=20780"}],"curies":[{"name":"wp","href":"https:\/\/api.w.org\/{rel}","templated":true}]}}