{"id":22025,"date":"2022-06-07T14:17:57","date_gmt":"2022-06-07T17:17:57","guid":{"rendered":"https:\/\/www.projetopack.com.br\/?p=22025"},"modified":"2022-06-07T14:17:59","modified_gmt":"2022-06-07T17:17:59","slug":"solucao-3-de-6-para-um-ano-de-crise","status":"publish","type":"post","link":"https:\/\/projetopack.com.br\/en\/solucao-3-de-6-para-um-ano-de-crise\/","title":{"rendered":"Solu\u00e7\u00e3o 3 de 6 para um ano de crise"},"content":{"rendered":"<p>Continuando a nossa pauta especial em que assumimos o compromisso de debater eventuais solu\u00e7\u00f5es para mitigar a crise que afeta, dentre outros setores, o nosso ramo gr\u00e1fico e convertedor, prosseguiremos com o tema da <strong><em>qualidade <\/em>in <em>tomada de decis\u00e3o no ch\u00e3o da f\u00e1brica<\/em><\/strong><em>.<\/em><\/p>\n\n\n\n<p>Um dos trip\u00e9s da nossa consultoria aos clientes diz respeito a uma palavra complexa, mas de acep\u00e7\u00e3o simples, com ra\u00edz etimol\u00f3gica grega: Heur\u00edstica (de heur\u00edsk\u014d, \u201cEu encontrei, descobri\u201d).<\/p>\n\n\n\n<p>Heur\u00edstica \u00e9 qualquer abordagem para a resolu\u00e7\u00e3o de um problema que emprega um m\u00e9todo pr\u00e1tico que n\u00e3o \u00e9 garantidamente \u00f3timo, perfeito ou mesmo racional, mas apenas o suficiente para que se possa auferir um resultado minimamente satisfat\u00f3rio em um curto espa\u00e7o de tempo. Sem an\u00e1lises sofisticadas. Uma gambiarra \u00e9 um bom exemplo de heur\u00edstica. O termo em ingl\u00eas \u201crule of thumb\u201d (aquele gesto de fazer algo mais ou menos pr\u00f3ximo do esperado com o polegar) \u00e9 outro exemplo, assim como se enquadra tamb\u00e9m a tentativa e erro.<\/p>\n\n\n\n<figure class=\"wp-block-image size-full\"><img fetchpriority=\"high\" decoding=\"async\" width=\"1200\" height=\"813\" src=\"https:\/\/projetopack.com.br\/wp-content\/uploads\/2022\/06\/cognitive-bias-examples-1200px.jpg\" alt=\"vieses cognitivos\" class=\"wp-image-22026\" srcset=\"https:\/\/projetopack.com.br\/wp-content\/uploads\/2022\/06\/cognitive-bias-examples-1200px.jpg 1200w, https:\/\/projetopack.com.br\/wp-content\/uploads\/2022\/06\/cognitive-bias-examples-1200px-300x203.jpg 300w, https:\/\/projetopack.com.br\/wp-content\/uploads\/2022\/06\/cognitive-bias-examples-1200px-600x406.jpg 600w, https:\/\/projetopack.com.br\/wp-content\/uploads\/2022\/06\/cognitive-bias-examples-1200px-768x520.jpg 768w, https:\/\/projetopack.com.br\/wp-content\/uploads\/2022\/06\/cognitive-bias-examples-1200px-18x12.jpg 18w\" sizes=\"(max-width: 1200px) 100vw, 1200px\" \/><\/figure>\n\n\n\n<figure class=\"wp-block-pullquote\"><blockquote><p>A heur\u00edstica \u00e9, portanto, um atalho mental que nos permite lidar com a sobrecarga cognitiva imposta pelo excessivo n\u00famero de dados e est\u00edmulos recebidos no processo de tomada de decis\u00e3o.<\/p><\/blockquote><\/figure>\n\n\n\n<p>N\u00e3o nos damos conta, mas a quantidade que tomamos de decis\u00f5es em um dia comum \u00e9 algo insano. O que vestir, o que comer e beber, quando comer ou beber, o que dizer, o que priorizar, como executar as tarefas e assim por diante. A heur\u00edstica \u00e9 at\u00e9 mesmo considerada um <em>mecanismo de defesa biol\u00f3gico<\/em> \u2013 precisamos colocar algumas coisas em piloto autom\u00e1tico para preservar as fun\u00e7\u00f5es cerebrais, afinal.<\/p>\n\n\n\n<p class=\"has-cyan-bluish-gray-background-color has-background\">Estes atalhos mentais s\u00e3o gradualmente constru\u00eddos durante as nossas vidas, lapidados por experi\u00eancias vivenciadas, boas ou ruins e que acabam enviesando o nosso julgamento e a pr\u00f3pria disposi\u00e7\u00e3o para a tomada ou n\u00e3o de riscos.<\/p>\n\n\n\n<p>O estudo da heur\u00edstica na tomada de decis\u00e3o humana come\u00e7ou a ser cunhada em meados dos anos 70 e 80, pelos psic\u00f3logos <a href=\"https:\/\/epoca.oglobo.globo.com\/cultura\/helio-gurovitz\/noticia\/2017\/06\/amizade-que-mudou-economia-e-o-pensamento.html\" target=\"_blank\" rel=\"noreferrer noopener\">Amos Tversky e Daniel Kahneman<\/a> (embora o conceito tenha sido introduzido, de fato, pelo laureado com o Nobel Herbert Simon). Muitos psic\u00f3logos, cientistas e pesquisadores em diversas \u00e1reas contribu\u00edram deveras para o aperfei\u00e7oamento da heur\u00edstica. Dentre eles <a href=\"https:\/\/www.economiacomportamental.org\/nacionais\/quem-e-gerd-gigerenzer-entendendo-as-criticas-do-proeminente-psicologo-alemao\/\" target=\"_blank\" rel=\"noreferrer noopener\">Gerd Gigerenzer<\/a> e seu time, que deram vida ao conceito de racionalidade ecol\u00f3gica \u2013 <em>que condiciona a racionalidade na tomada de decis\u00e3o ao meio ambiente onde se encontra o decisor<\/em>.<\/p>\n\n\n\n<p>O \u201cefeito menos \u00e9 mais\u201d, por exemplo, \u00e9 uma heur\u00edstica que defende que, em muitos casos e dependendo do ambiente, estrat\u00e9gias de decis\u00e3o que levam em conta um menor n\u00famero de informa\u00e7\u00f5es podem produzir julgamentos mais precisos do que as que se utilizam de um n\u00famero maior de dados.<\/p>\n\n\n\n<p>Bem, ent\u00e3o quer dizer que o processo de decis\u00e3o \u00e9 algo super complexo, que sofre grande influ\u00eancia do entorno, de nossos sucessos e insucessos passados, da nossa propens\u00e3o ou n\u00e3o \u00e0 tomada de risco dentre tantos outros fatores, correto?<\/p>\n\n\n\n<p class=\"has-vivid-red-color has-text-color\">I<em>magine agora quantas decis\u00f5es di\u00e1rias tomam os seus impressores, coloristas, auxiliares, l\u00edderes, supervisores, clicheristas, preparadores, vendedores e assim por diante? Poder\u00edamos dizer, de uma forma mais extremada, que existe a estrat\u00e9gia da empresa e um vetor resultante da assertividade na tomada de decis\u00f5es individual dos seus colaboradores (o que inclui o dono, seus fornecedores e clientes), n\u00e3o \u00e9 mesmo?<\/em><\/p>\n\n\n\n<p><strong>H\u00e1 quase duas d\u00e9cadas, aperfei\u00e7oamos a nossa metodologia de consultoria em um trip\u00e9 de excel\u00eancia.<\/strong> E um dos tr\u00eas componentes deste trip\u00e9 \u2013 trinta e tr\u00eas por cento do sucesso \u2013 diz respeito \u00e0 heur\u00edstica na tomada de decis\u00f5es no ch\u00e3o da f\u00e1brica.<\/p>\n\n\n\n<p>\u00c9 preciso entender em profundidade o \u201cmapa de vieses e disson\u00e2ncias cognitivas dominante\u201d e tra\u00e7ar um plano para desenvolver o pensamento cr\u00edtico, a criatividade e o inconformismo saud\u00e1vel (aquele que busca a melhoria cont\u00ednua do estado atual das coisas).<\/p>\n\n\n\n<p>Uma ind\u00fastria n\u00e3o pode ficar a merc\u00ea da tentativa e erro, da gambiarra e da reincid\u00eancia dos problemas, que nunca s\u00e3o resolvidos em sua causa ra\u00edz devido a heur\u00edsticas como a de familiaridade (o que deu certo no passado pode ser usado agora, com sucesso), heur\u00edstica de afeto (as decis\u00f5es s\u00e3o influenciadas pelas simpatias ou antipatias que uns colaboradores tem pelos outros), heur\u00edstica da confirma\u00e7\u00e3o (todo o esfor\u00e7o se baseia em confirmar uma ideia ou teoria j\u00e1 preestabelecida) e assim sucessivamente.<\/p>\n\n\n\n<figure class=\"wp-block-pullquote\"><blockquote><p>O \u00faltimo desafio na tomada de decis\u00f5es \u2013 associado \u00e0 heur\u00edstica e com um peso extremamente alto no nosso cotidiano \u2013 \u00e9 o custo de dizer \u201cn\u00e3o sei\u201d.<\/p><\/blockquote><\/figure>\n\n\n\n<p>Talvez o medo de n\u00e3o entregar um resultado, de parecer despreparado (a) ou mesmo perder o emprego leva muitos colaboradores a tomarem decis\u00f5es arriscadas desnecessariamente. Atribuo ao problema o peso de que o ambiente que criamos nas ind\u00fastrias gr\u00e1ficas e convertedoras nacionais \u00e9 pesado, com uma cultura nociva de culpabilizar as pessoas ao inv\u00e9s de usar as ocorr\u00eancias como uma \u201coportunidade de aprendizagem\u201d.<\/p>\n\n\n\n<p>O custo de dizer n\u00e3o sei e o custo da tomada de decis\u00e3o enviesada produzem, todos os dias, toneladas e toneladas de aparas, devolu\u00e7\u00f5es de clientes, atravessamentos ou interrup\u00e7\u00f5es na produ\u00e7\u00e3o que poderiam ser facilmente negociadas com os clientes, danos aos equipamentos e acess\u00f3rios, gasto excessivo de consum\u00edveis, desgaste prematuro de ferramental, apontamentos pouco confi\u00e1veis, pol\u00edtica de pre\u00e7os n\u00e3o aderente ao mercado ou ao custo de fabrica\u00e7\u00e3o e, claro, preju\u00edzos financeiros que podem levar \u00e0 fal\u00eancia (como de fato, levam tantas empresas todos os dias).<\/p>\n\n\n\n<p class=\"has-cyan-bluish-gray-background-color has-background\"><em>A \u00fanica forma de resolver esta situa\u00e7\u00e3o delicada \u00e9 capacitar os colaboradores<\/em>. Uma capacita\u00e7\u00e3o que n\u00e3o \u00e9 apenas t\u00e9cnica, no sentido de diagnosticar causas e determinar solu\u00e7\u00f5es definitivas ao cerne do problema. Esta capacita\u00e7\u00e3o passa tamb\u00e9m por desenvolver duas compet\u00eancias essenciais \u2013 a criatividade e o pensamento cr\u00edtico.<\/p>\n\n\n\n<p>Uma vez que a heur\u00edstica sofre forte influ\u00eancia do meio, precisaremos sane\u00e1-lo da mesma forma e de maneira concomitante: sai a cultura da busca por culpados e entra a cultura do \u201co que podemos aprender a partir deste resultado insatisfat\u00f3rio?\u201d.<\/p>\n\n\n\n<p>A tomada de decis\u00e3o assertiva, r\u00e1pida e alinhada com os objetivos estrat\u00e9gicos macro da empresa ser\u00e1 cada vez mais n\u00e3o um, mas O FATOR de sobreviv\u00eancia num mundo fugaz, complexo, vol\u00e1til, incerto, inseguro e, acima de tudo, amb\u00edguo. Desde a base at\u00e9 o topo da pir\u00e2mide.<\/p>\n\n\n\n<p><strong>Leia mais em nosso blog:<\/strong><\/p>\n\n\n\n<p><a href=\"https:\/\/projetopack.com.br\/en\/publique-na-projetopack-em-revista-para-suprir-a-reducao-da-atividade-comercial-de-representantes-e-vendedores-durante-a-pandemia\/\" target=\"_blank\" rel=\"noreferrer noopener\">Publique na ProjetoPack em Revista para suprir a redu\u00e7\u00e3o de atividade comercial dos representantes no p\u00f3s-pandemia<\/a><\/p>","protected":false},"excerpt":{"rendered":"<p>Um dos trip\u00e9s da nossa consultoria diz respeito a uma palavra complexa, mas de acep\u00e7\u00e3o simples: heur\u00edstica<\/p>","protected":false},"author":2,"featured_media":22031,"comment_status":"open","ping_status":"closed","sticky":true,"template":"","format":"standard","meta":{"footnotes":""},"categories":[344],"tags":[1003,1004,1005,1007,1006,1009,1001,1008,719,1002],"class_list":["post-22025","post","type-post","status-publish","format-standard","has-post-thumbnail","hentry","category-opiniao","tag-dissonancia-cognitiva","tag-formacao","tag-gestao","tag-gestao-de-gente","tag-gestao-de-pessoas","tag-gestao-industrial","tag-heuristica","tag-recursos-humanos","tag-treinamento","tag-vies-cognitivo"],"yoast_head":"<!-- This site is optimized with the Yoast SEO Premium plugin v27.1 (Yoast SEO v27.1.1) - https:\/\/yoast.com\/product\/yoast-seo-premium-wordpress\/ -->\n<title>Solu\u00e7\u00e3o 3 de 6 para um ano de crise - ProjetoPack<\/title>\n<meta name=\"description\" content=\"Continuamos a nossa pauta especial sobre eventuais solu\u00e7\u00f5es para mitigar a crise que afeta, dentre outros setores, o nosso ramo gr\u00e1fico.\" \/>\n<meta name=\"robots\" content=\"index, follow, max-snippet:-1, max-image-preview:large, max-video-preview:-1\" \/>\n<link rel=\"canonical\" href=\"https:\/\/projetopack.com.br\/en\/solucao-3-de-6-para-um-ano-de-crise\/\" \/>\n<meta property=\"og:locale\" content=\"en_US\" \/>\n<meta property=\"og:type\" content=\"article\" \/>\n<meta property=\"og:title\" content=\"Solu\u00e7\u00e3o 3 de 6 para um ano de crise\" \/>\n<meta property=\"og:description\" content=\"Continuamos a nossa pauta especial sobre eventuais solu\u00e7\u00f5es para mitigar a crise que afeta, dentre outros setores, o nosso ramo gr\u00e1fico.\" \/>\n<meta property=\"og:url\" content=\"https:\/\/projetopack.com.br\/en\/solucao-3-de-6-para-um-ano-de-crise\/\" \/>\n<meta property=\"og:site_name\" content=\"ProjetoPack\" \/>\n<meta property=\"article:published_time\" content=\"2022-06-07T17:17:57+00:00\" \/>\n<meta property=\"article:modified_time\" content=\"2022-06-07T17:17:59+00:00\" \/>\n<meta property=\"og:image\" content=\"https:\/\/projetopack.com.br\/wp-content\/uploads\/2022\/06\/1_pwlSr2Qq5rcVVTU7SxEAqQ.jpg\" \/>\n\t<meta property=\"og:image:width\" content=\"1920\" \/>\n\t<meta property=\"og:image:height\" content=\"1018\" \/>\n\t<meta property=\"og:image:type\" content=\"image\/jpeg\" \/>\n<meta name=\"author\" content=\"Aislan Baer\" \/>\n<meta name=\"twitter:card\" content=\"summary_large_image\" \/>\n<meta name=\"twitter:creator\" content=\"@ProjetoPack\" \/>\n<meta name=\"twitter:site\" content=\"@ProjetoPack\" \/>\n<meta name=\"twitter:label1\" content=\"Written by\" \/>\n\t<meta name=\"twitter:data1\" content=\"Aislan Baer\" \/>\n\t<meta name=\"twitter:label2\" content=\"Est. reading time\" \/>\n\t<meta name=\"twitter:data2\" content=\"6 minutes\" \/>\n<script type=\"application\/ld+json\" class=\"yoast-schema-graph\">{\"@context\":\"https:\/\/schema.org\",\"@graph\":[{\"@type\":\"Article\",\"@id\":\"https:\/\/projetopack.com.br\/solucao-3-de-6-para-um-ano-de-crise\/#article\",\"isPartOf\":{\"@id\":\"https:\/\/projetopack.com.br\/solucao-3-de-6-para-um-ano-de-crise\/\"},\"author\":{\"name\":\"Aislan Baer\",\"@id\":\"https:\/\/projetopack.com.br\/#\/schema\/person\/87cbd7d1e244880886d457815ebd2490\"},\"headline\":\"Solu\u00e7\u00e3o 3 de 6 para um ano de crise\",\"datePublished\":\"2022-06-07T17:17:57+00:00\",\"dateModified\":\"2022-06-07T17:17:59+00:00\",\"mainEntityOfPage\":{\"@id\":\"https:\/\/projetopack.com.br\/solucao-3-de-6-para-um-ano-de-crise\/\"},\"wordCount\":1140,\"commentCount\":1,\"publisher\":{\"@id\":\"https:\/\/projetopack.com.br\/#organization\"},\"image\":{\"@id\":\"https:\/\/projetopack.com.br\/solucao-3-de-6-para-um-ano-de-crise\/#primaryimage\"},\"thumbnailUrl\":\"https:\/\/projetopack.com.br\/wp-content\/uploads\/2022\/06\/1_pwlSr2Qq5rcVVTU7SxEAqQ.jpg\",\"keywords\":[\"disson\u00e2ncia cognitiva\",\"forma\u00e7\u00e3o\",\"gest\u00e3o\",\"gest\u00e3o de gente\",\"gest\u00e3o de pessoas\",\"gest\u00e3o industrial\",\"heur\u00edstica\",\"recursos humanos\",\"treinamento\",\"vi\u00e9s cognitivo\"],\"articleSection\":[\"Opini\u00e3o\"],\"inLanguage\":\"en-US\",\"potentialAction\":[{\"@type\":\"CommentAction\",\"name\":\"Comment\",\"target\":[\"https:\/\/projetopack.com.br\/solucao-3-de-6-para-um-ano-de-crise\/#respond\"]}]},{\"@type\":\"WebPage\",\"@id\":\"https:\/\/projetopack.com.br\/solucao-3-de-6-para-um-ano-de-crise\/\",\"url\":\"https:\/\/projetopack.com.br\/solucao-3-de-6-para-um-ano-de-crise\/\",\"name\":\"Solu\u00e7\u00e3o 3 de 6 para um ano de crise - ProjetoPack\",\"isPartOf\":{\"@id\":\"https:\/\/projetopack.com.br\/#website\"},\"primaryImageOfPage\":{\"@id\":\"https:\/\/projetopack.com.br\/solucao-3-de-6-para-um-ano-de-crise\/#primaryimage\"},\"image\":{\"@id\":\"https:\/\/projetopack.com.br\/solucao-3-de-6-para-um-ano-de-crise\/#primaryimage\"},\"thumbnailUrl\":\"https:\/\/projetopack.com.br\/wp-content\/uploads\/2022\/06\/1_pwlSr2Qq5rcVVTU7SxEAqQ.jpg\",\"datePublished\":\"2022-06-07T17:17:57+00:00\",\"dateModified\":\"2022-06-07T17:17:59+00:00\",\"description\":\"Continuamos a nossa pauta especial sobre eventuais solu\u00e7\u00f5es para mitigar a crise que afeta, dentre outros setores, o nosso ramo gr\u00e1fico.\",\"breadcrumb\":{\"@id\":\"https:\/\/projetopack.com.br\/solucao-3-de-6-para-um-ano-de-crise\/#breadcrumb\"},\"inLanguage\":\"en-US\",\"potentialAction\":[{\"@type\":\"ReadAction\",\"target\":[\"https:\/\/projetopack.com.br\/solucao-3-de-6-para-um-ano-de-crise\/\"]}]},{\"@type\":\"ImageObject\",\"inLanguage\":\"en-US\",\"@id\":\"https:\/\/projetopack.com.br\/solucao-3-de-6-para-um-ano-de-crise\/#primaryimage\",\"url\":\"https:\/\/projetopack.com.br\/wp-content\/uploads\/2022\/06\/1_pwlSr2Qq5rcVVTU7SxEAqQ.jpg\",\"contentUrl\":\"https:\/\/projetopack.com.br\/wp-content\/uploads\/2022\/06\/1_pwlSr2Qq5rcVVTU7SxEAqQ.jpg\",\"width\":1920,\"height\":1018,\"caption\":\"heur\u00edstica\"},{\"@type\":\"BreadcrumbList\",\"@id\":\"https:\/\/projetopack.com.br\/solucao-3-de-6-para-um-ano-de-crise\/#breadcrumb\",\"itemListElement\":[{\"@type\":\"ListItem\",\"position\":1,\"name\":\"P\u00e1gina Inicial\",\"item\":\"https:\/\/projetopack.com.br\/\"},{\"@type\":\"ListItem\",\"position\":2,\"name\":\"Opini\u00e3o\",\"item\":\"https:\/\/projetopack.com.br\/en\/category\/opiniao\/\"},{\"@type\":\"ListItem\",\"position\":3,\"name\":\"Solu\u00e7\u00e3o 3 de 6 para um ano de crise\"}]},{\"@type\":\"WebSite\",\"@id\":\"https:\/\/projetopack.com.br\/#website\",\"url\":\"https:\/\/projetopack.com.br\/\",\"name\":\"ProjetoPack\",\"description\":\"Consultoria e servi\u00e7os para embalagens, r\u00f3tulos, etiquetas e processos de impress\u00e3o\",\"publisher\":{\"@id\":\"https:\/\/projetopack.com.br\/#organization\"},\"potentialAction\":[{\"@type\":\"SearchAction\",\"target\":{\"@type\":\"EntryPoint\",\"urlTemplate\":\"https:\/\/projetopack.com.br\/?s={search_term_string}\"},\"query-input\":{\"@type\":\"PropertyValueSpecification\",\"valueRequired\":true,\"valueName\":\"search_term_string\"}}],\"inLanguage\":\"en-US\"},{\"@type\":\"Organization\",\"@id\":\"https:\/\/projetopack.com.br\/#organization\",\"name\":\"ProjetoPack & Associados\",\"url\":\"https:\/\/projetopack.com.br\/\",\"logo\":{\"@type\":\"ImageObject\",\"inLanguage\":\"en-US\",\"@id\":\"https:\/\/projetopack.com.br\/#\/schema\/logo\/image\/\",\"url\":\"https:\/\/projetopack.com.br\/wp-content\/uploads\/2020\/09\/projetopack.png\",\"contentUrl\":\"https:\/\/projetopack.com.br\/wp-content\/uploads\/2020\/09\/projetopack.png\",\"width\":200,\"height\":200,\"caption\":\"ProjetoPack & Associados\"},\"image\":{\"@id\":\"https:\/\/projetopack.com.br\/#\/schema\/logo\/image\/\"},\"sameAs\":[\"https:\/\/x.com\/ProjetoPack\",\"https:\/\/www.linkedin.com\/company\/projetopack\/\"]},{\"@type\":\"Person\",\"@id\":\"https:\/\/projetopack.com.br\/#\/schema\/person\/87cbd7d1e244880886d457815ebd2490\",\"name\":\"Aislan Baer\",\"image\":{\"@type\":\"ImageObject\",\"inLanguage\":\"en-US\",\"@id\":\"https:\/\/projetopack.com.br\/#\/schema\/person\/image\/\",\"url\":\"https:\/\/projetopack.com.br\/wp-content\/uploads\/2021\/08\/Aislan-Busto-p-100x100.jpg\",\"contentUrl\":\"https:\/\/projetopack.com.br\/wp-content\/uploads\/2021\/08\/Aislan-Busto-p-100x100.jpg\",\"caption\":\"Aislan Baer\"},\"description\":\"Desde os \u00faltimos 20 anos, meu time e eu ajudamos mais de 300 empresas brasileiras e estrangeiras (algumas delas, l\u00edderes mundiais) a produzir embalagens flex\u00edveis e r\u00f3tulos com maior efici\u00eancia, menores custos e maior apelo visual, bem como centenas de donos de marcas a comprar suas embalagens flex\u00edveis e material impresso com um crit\u00e9rio mais t\u00e9cnico e assertivo. Ao mesmo tempo, gra\u00e7as \u00e0 nossa consultoria, muitas destas empresas melhoraram significativamente o seu processo de Impress\u00e3o (Impress\u00e3o de embalagens, Impress\u00e3o industrial, Impress\u00e3o funcional e, mais recentemente, bio impress\u00e3o e manufatura aditiva ou simplesmente Impress\u00e3o 3D). Se a sua empresa tem um problema relacionado a embalagens flex\u00edveis, r\u00f3tulos ou Impress\u00e3o, por mais insol\u00favel que lhe pare\u00e7a, aguardamos ansiosos a sua liga\u00e7\u00e3o ou e-mail. Este \u00e9 nosso trabalho e tamb\u00e9m a nossa paix\u00e3o.\",\"sameAs\":[\"http:\/\/www.projetopack.com\",\"https:\/\/www.linkedin.com\/in\/aislanbaer\/\"],\"jobTitle\":\"CEO @ ProjetoPack | L\u00edder em M&A no Setor de Impress\u00e3o e Embalagens no Brasil | Cofundador da Inovagraf e Neuraflow | Especialista em Inova\u00e7\u00e3o com IA na Impress\u00e3o | Printing Legacy Initiative | Empreendedor Serial\",\"url\":\"https:\/\/projetopack.com.br\/en\/author\/aislan\/\"}]}<\/script>\n<!-- \/ Yoast SEO Premium plugin. -->","yoast_head_json":{"title":"Solu\u00e7\u00e3o 3 de 6 para um ano de crise - ProjetoPack","description":"Continuamos a nossa pauta especial sobre eventuais solu\u00e7\u00f5es para mitigar a crise que afeta, dentre outros setores, o nosso ramo gr\u00e1fico.","robots":{"index":"index","follow":"follow","max-snippet":"max-snippet:-1","max-image-preview":"max-image-preview:large","max-video-preview":"max-video-preview:-1"},"canonical":"https:\/\/projetopack.com.br\/en\/solucao-3-de-6-para-um-ano-de-crise\/","og_locale":"en_US","og_type":"article","og_title":"Solu\u00e7\u00e3o 3 de 6 para um ano de crise","og_description":"Continuamos a nossa pauta especial sobre eventuais solu\u00e7\u00f5es para mitigar a crise que afeta, dentre outros setores, o nosso ramo gr\u00e1fico.","og_url":"https:\/\/projetopack.com.br\/en\/solucao-3-de-6-para-um-ano-de-crise\/","og_site_name":"ProjetoPack","article_published_time":"2022-06-07T17:17:57+00:00","article_modified_time":"2022-06-07T17:17:59+00:00","og_image":[{"width":1920,"height":1018,"url":"https:\/\/projetopack.com.br\/wp-content\/uploads\/2022\/06\/1_pwlSr2Qq5rcVVTU7SxEAqQ.jpg","type":"image\/jpeg"}],"author":"Aislan Baer","twitter_card":"summary_large_image","twitter_creator":"@ProjetoPack","twitter_site":"@ProjetoPack","twitter_misc":{"Written by":"Aislan Baer","Est. reading time":"6 minutes"},"schema":{"@context":"https:\/\/schema.org","@graph":[{"@type":"Article","@id":"https:\/\/projetopack.com.br\/solucao-3-de-6-para-um-ano-de-crise\/#article","isPartOf":{"@id":"https:\/\/projetopack.com.br\/solucao-3-de-6-para-um-ano-de-crise\/"},"author":{"name":"Aislan Baer","@id":"https:\/\/projetopack.com.br\/#\/schema\/person\/87cbd7d1e244880886d457815ebd2490"},"headline":"Solu\u00e7\u00e3o 3 de 6 para um ano de crise","datePublished":"2022-06-07T17:17:57+00:00","dateModified":"2022-06-07T17:17:59+00:00","mainEntityOfPage":{"@id":"https:\/\/projetopack.com.br\/solucao-3-de-6-para-um-ano-de-crise\/"},"wordCount":1140,"commentCount":1,"publisher":{"@id":"https:\/\/projetopack.com.br\/#organization"},"image":{"@id":"https:\/\/projetopack.com.br\/solucao-3-de-6-para-um-ano-de-crise\/#primaryimage"},"thumbnailUrl":"https:\/\/projetopack.com.br\/wp-content\/uploads\/2022\/06\/1_pwlSr2Qq5rcVVTU7SxEAqQ.jpg","keywords":["disson\u00e2ncia cognitiva","forma\u00e7\u00e3o","gest\u00e3o","gest\u00e3o de gente","gest\u00e3o de pessoas","gest\u00e3o industrial","heur\u00edstica","recursos humanos","treinamento","vi\u00e9s cognitivo"],"articleSection":["Opini\u00e3o"],"inLanguage":"en-US","potentialAction":[{"@type":"CommentAction","name":"Comment","target":["https:\/\/projetopack.com.br\/solucao-3-de-6-para-um-ano-de-crise\/#respond"]}]},{"@type":"WebPage","@id":"https:\/\/projetopack.com.br\/solucao-3-de-6-para-um-ano-de-crise\/","url":"https:\/\/projetopack.com.br\/solucao-3-de-6-para-um-ano-de-crise\/","name":"Solu\u00e7\u00e3o 3 de 6 para um ano de crise - ProjetoPack","isPartOf":{"@id":"https:\/\/projetopack.com.br\/#website"},"primaryImageOfPage":{"@id":"https:\/\/projetopack.com.br\/solucao-3-de-6-para-um-ano-de-crise\/#primaryimage"},"image":{"@id":"https:\/\/projetopack.com.br\/solucao-3-de-6-para-um-ano-de-crise\/#primaryimage"},"thumbnailUrl":"https:\/\/projetopack.com.br\/wp-content\/uploads\/2022\/06\/1_pwlSr2Qq5rcVVTU7SxEAqQ.jpg","datePublished":"2022-06-07T17:17:57+00:00","dateModified":"2022-06-07T17:17:59+00:00","description":"Continuamos a nossa pauta especial sobre eventuais solu\u00e7\u00f5es para mitigar a crise que afeta, dentre outros setores, o nosso ramo gr\u00e1fico.","breadcrumb":{"@id":"https:\/\/projetopack.com.br\/solucao-3-de-6-para-um-ano-de-crise\/#breadcrumb"},"inLanguage":"en-US","potentialAction":[{"@type":"ReadAction","target":["https:\/\/projetopack.com.br\/solucao-3-de-6-para-um-ano-de-crise\/"]}]},{"@type":"ImageObject","inLanguage":"en-US","@id":"https:\/\/projetopack.com.br\/solucao-3-de-6-para-um-ano-de-crise\/#primaryimage","url":"https:\/\/projetopack.com.br\/wp-content\/uploads\/2022\/06\/1_pwlSr2Qq5rcVVTU7SxEAqQ.jpg","contentUrl":"https:\/\/projetopack.com.br\/wp-content\/uploads\/2022\/06\/1_pwlSr2Qq5rcVVTU7SxEAqQ.jpg","width":1920,"height":1018,"caption":"heur\u00edstica"},{"@type":"BreadcrumbList","@id":"https:\/\/projetopack.com.br\/solucao-3-de-6-para-um-ano-de-crise\/#breadcrumb","itemListElement":[{"@type":"ListItem","position":1,"name":"P\u00e1gina Inicial","item":"https:\/\/projetopack.com.br\/"},{"@type":"ListItem","position":2,"name":"Opini\u00e3o","item":"https:\/\/projetopack.com.br\/en\/category\/opiniao\/"},{"@type":"ListItem","position":3,"name":"Solu\u00e7\u00e3o 3 de 6 para um ano de crise"}]},{"@type":"WebSite","@id":"https:\/\/projetopack.com.br\/#website","url":"https:\/\/projetopack.com.br\/","name":"ProjetoPack","description":"Consultoria e servi\u00e7os para embalagens, r\u00f3tulos, etiquetas e processos de impress\u00e3o","publisher":{"@id":"https:\/\/projetopack.com.br\/#organization"},"potentialAction":[{"@type":"SearchAction","target":{"@type":"EntryPoint","urlTemplate":"https:\/\/projetopack.com.br\/?s={search_term_string}"},"query-input":{"@type":"PropertyValueSpecification","valueRequired":true,"valueName":"search_term_string"}}],"inLanguage":"en-US"},{"@type":"Organization","@id":"https:\/\/projetopack.com.br\/#organization","name":"ProjetoPack & Associados","url":"https:\/\/projetopack.com.br\/","logo":{"@type":"ImageObject","inLanguage":"en-US","@id":"https:\/\/projetopack.com.br\/#\/schema\/logo\/image\/","url":"https:\/\/projetopack.com.br\/wp-content\/uploads\/2020\/09\/projetopack.png","contentUrl":"https:\/\/projetopack.com.br\/wp-content\/uploads\/2020\/09\/projetopack.png","width":200,"height":200,"caption":"ProjetoPack & Associados"},"image":{"@id":"https:\/\/projetopack.com.br\/#\/schema\/logo\/image\/"},"sameAs":["https:\/\/x.com\/ProjetoPack","https:\/\/www.linkedin.com\/company\/projetopack\/"]},{"@type":"Person","@id":"https:\/\/projetopack.com.br\/#\/schema\/person\/87cbd7d1e244880886d457815ebd2490","name":"Aislan Baer","image":{"@type":"ImageObject","inLanguage":"en-US","@id":"https:\/\/projetopack.com.br\/#\/schema\/person\/image\/","url":"https:\/\/projetopack.com.br\/wp-content\/uploads\/2021\/08\/Aislan-Busto-p-100x100.jpg","contentUrl":"https:\/\/projetopack.com.br\/wp-content\/uploads\/2021\/08\/Aislan-Busto-p-100x100.jpg","caption":"Aislan Baer"},"description":"Desde os \u00faltimos 20 anos, meu time e eu ajudamos mais de 300 empresas brasileiras e estrangeiras (algumas delas, l\u00edderes mundiais) a produzir embalagens flex\u00edveis e r\u00f3tulos com maior efici\u00eancia, menores custos e maior apelo visual, bem como centenas de donos de marcas a comprar suas embalagens flex\u00edveis e material impresso com um crit\u00e9rio mais t\u00e9cnico e assertivo. Ao mesmo tempo, gra\u00e7as \u00e0 nossa consultoria, muitas destas empresas melhoraram significativamente o seu processo de Impress\u00e3o (Impress\u00e3o de embalagens, Impress\u00e3o industrial, Impress\u00e3o funcional e, mais recentemente, bio impress\u00e3o e manufatura aditiva ou simplesmente Impress\u00e3o 3D). Se a sua empresa tem um problema relacionado a embalagens flex\u00edveis, r\u00f3tulos ou Impress\u00e3o, por mais insol\u00favel que lhe pare\u00e7a, aguardamos ansiosos a sua liga\u00e7\u00e3o ou e-mail. Este \u00e9 nosso trabalho e tamb\u00e9m a nossa paix\u00e3o.","sameAs":["http:\/\/www.projetopack.com","https:\/\/www.linkedin.com\/in\/aislanbaer\/"],"jobTitle":"CEO @ ProjetoPack | L\u00edder em M&A no Setor de Impress\u00e3o e Embalagens no Brasil | Cofundador da Inovagraf e Neuraflow | Especialista em Inova\u00e7\u00e3o com IA na Impress\u00e3o | Printing Legacy Initiative | Empreendedor Serial","url":"https:\/\/projetopack.com.br\/en\/author\/aislan\/"}]}},"_links":{"self":[{"href":"https:\/\/projetopack.com.br\/en\/wp-json\/wp\/v2\/posts\/22025","targetHints":{"allow":["GET"]}}],"collection":[{"href":"https:\/\/projetopack.com.br\/en\/wp-json\/wp\/v2\/posts"}],"about":[{"href":"https:\/\/projetopack.com.br\/en\/wp-json\/wp\/v2\/types\/post"}],"author":[{"embeddable":true,"href":"https:\/\/projetopack.com.br\/en\/wp-json\/wp\/v2\/users\/2"}],"replies":[{"embeddable":true,"href":"https:\/\/projetopack.com.br\/en\/wp-json\/wp\/v2\/comments?post=22025"}],"version-history":[{"count":0,"href":"https:\/\/projetopack.com.br\/en\/wp-json\/wp\/v2\/posts\/22025\/revisions"}],"wp:featuredmedia":[{"embeddable":true,"href":"https:\/\/projetopack.com.br\/en\/wp-json\/wp\/v2\/media\/22031"}],"wp:attachment":[{"href":"https:\/\/projetopack.com.br\/en\/wp-json\/wp\/v2\/media?parent=22025"}],"wp:term":[{"taxonomy":"category","embeddable":true,"href":"https:\/\/projetopack.com.br\/en\/wp-json\/wp\/v2\/categories?post=22025"},{"taxonomy":"post_tag","embeddable":true,"href":"https:\/\/projetopack.com.br\/en\/wp-json\/wp\/v2\/tags?post=22025"}],"curies":[{"name":"wp","href":"https:\/\/api.w.org\/{rel}","templated":true}]}}