{"id":22406,"date":"2022-06-13T12:02:19","date_gmt":"2022-06-13T15:02:19","guid":{"rendered":"https:\/\/www.projetopack.com.br\/?p=22406"},"modified":"2022-06-13T12:02:21","modified_gmt":"2022-06-13T15:02:21","slug":"flexo-labels-2022-e-sucesso-de-visitacao-e-negocios-em-sua-segunda-edicao","status":"publish","type":"post","link":"https:\/\/projetopack.com.br\/en\/flexo-labels-2022-e-sucesso-de-visitacao-e-negocios-em-sua-segunda-edicao\/","title":{"rendered":"Flexo &#038; Labels 2022 \u00e9 sucesso de visita\u00e7\u00e3o e neg\u00f3cios em sua segunda edi\u00e7\u00e3o"},"content":{"rendered":"<p><em>Evento superou o n\u00famero de visitantes de 2019 e apresentou cerca de 50 milh\u00f5es de Reais em neg\u00f3cios fechados em quatro dias de realiza\u00e7\u00e3o<\/em><\/p>\n\n\n\n<p><strong>S\u00e3o Paulo<\/strong><em> \u2013 <\/em>Realizada de 24 a 27 de maio, a <strong>Flexo &amp; Labels 2022<\/strong> mais uma vez superou as expectativas de p\u00fablico e neg\u00f3cios em sua segunda edi\u00e7\u00e3o.<\/p>\n\n\n\n<p>Ao longo de quatro dias de feira, visitantes dos quatro cantos do Brasil, da Am\u00e9rica Latina e de outros continentes (Am\u00e9rica do Norte, Europa, \u00c1sia e \u00c1frica) compareceram ao Pro Magno Centro de Eventos, em S\u00e3o Paulo, para conferir as novidades nos segmentos de flexografia, r\u00f3tulos e etiquetas autoadesivas, incluindo sistemas de impress\u00e3o, softwares, m\u00eddias e perif\u00e9ricos.<\/p>\n\n\n\n<p><strong>Metas<\/strong><\/p>\n\n\n\n<p>O evento deste ano superou as metas tra\u00e7adas, atingindo 6 mil visitantes entre empres\u00e1rio donos de clicherias e convertedores, operadores, gerentes industriais e de pr\u00e9-impress\u00e3o.<\/p>\n\n\n\n<p>Como resultado, mais de 50 milh\u00f5es de Reais em neg\u00f3cios foram gerados durante a feira e nos dias imediatamente posteriores ao evento.<\/p>\n\n\n\n<p class=\"has-cyan-bluish-gray-background-color has-background\">\u201cOs n\u00fameros nos deixaram extremamente satisfeitos\u201d, comemora Marcia Romano, diretora da Flexo &amp; Labels. O sucesso dos expositores marca o sucesso do evento como um todo. Prova disso \u00e9 a grande procura para reserva de \u00e1reas para 2024 tanto de quem j\u00e1 exp\u00f4s neste ano, como novas empresas interessadas em participar.\u201d<\/p>\n\n\n\n<p><strong>Destaques<\/strong><\/p>\n\n\n\n<p>Entre os equipamentos, confirmou-se a tend\u00eancia pelo lan\u00e7amento e destaque de solu\u00e7\u00f5es com maior n\u00edvel de automa\u00e7\u00e3o e flexibilidade o suficiente para trabalhar com diferenciados volumes e, tamb\u00e9m, variados tipos de m\u00eddias.<\/p>\n\n\n\n<p>Entre os substratos, a grande tend\u00eancia foi a sustentabilidade, sobretudo para otimizar os processos de log\u00edstica reversa, com os principais players do setor anunciando produtos que facilitam a separa\u00e7\u00e3o da tinta e da m\u00eddia e, tamb\u00e9m, novas m\u00eddias confeccionadas a base de produtos mais ecol\u00f3gicos.<\/p>\n\n\n\n<p>J\u00e1 entre os softwares, a palavra de ordem foi integra\u00e7\u00e3o \u2013 ou seja, o fluxo de trabalho para pr\u00e9-impress\u00e3o e impress\u00e3o nunca esteve t\u00e3o interligado e automatizado, tanto em n\u00edvel de cria\u00e7\u00e3o de layouts e cores, como de preflight, ajustes e padroniza\u00e7\u00e3o de impress\u00e3o.<\/p>\n\n\n\n<blockquote class=\"wp-block-quote is-layout-flow wp-block-quote-is-layout-flow\"><p>\u201cQuem compareceu \u00e0 Flexo &amp; Labels 2022 viu um show de tecnologia, com stands lindos e muita inova\u00e7\u00e3o. O sucesso dos visitantes e de nossos expositores \u00e9 o que mais nos alegra ao final de um trabalho t\u00e3o \u00e1rduo, ap\u00f3s dois anos praticamente sem eventos\u201d<\/p><cite>finaliza Marcia Romano.<\/cite><\/blockquote>\n\n\n\n<p><strong>Leia mais em nosso blog:<\/strong><\/p>\n\n\n\n<p><a href=\"https:\/\/projetopack.com.br\/en\/flexo-labels-2019-encerra-sua-primeira-edicao-com-sucesso-de-publico-e-negocios\/\" target=\"_blank\" rel=\"noreferrer noopener\">Flexo &amp; Labels 2019 encerra sua primeira edi\u00e7\u00e3o com sucesso de p\u00fablico e neg\u00f3cios<\/a><\/p>","protected":false},"excerpt":{"rendered":"<p>Como resultado, mais de 50 milh\u00f5es de Reais em neg\u00f3cios foram gerados durante a feira e nos dias imediatamente posteriores ao evento.<\/p>","protected":false},"author":12,"featured_media":22407,"comment_status":"open","ping_status":"closed","sticky":true,"template":"","format":"standard","meta":{"footnotes":""},"categories":[600],"tags":[],"class_list":["post-22406","post","type-post","status-publish","format-standard","has-post-thumbnail","hentry","category-eventos"],"yoast_head":"<!-- This site is optimized with the Yoast SEO Premium plugin v27.1 (Yoast SEO v27.1.1) - https:\/\/yoast.com\/product\/yoast-seo-premium-wordpress\/ -->\n<title>Flexo &amp; Labels 2022 \u00e9 sucesso de visita\u00e7\u00e3o e neg\u00f3cios em sua segunda edi\u00e7\u00e3o - ProjetoPack<\/title>\n<meta name=\"description\" content=\"Os n\u00fameros nos deixaram extremamente satisfeitos\u201d, comemora Marcia Romano, diretora da feira Flexo &amp; Labels.\" \/>\n<meta name=\"robots\" content=\"index, follow, max-snippet:-1, max-image-preview:large, max-video-preview:-1\" \/>\n<link rel=\"canonical\" href=\"https:\/\/projetopack.com.br\/en\/flexo-labels-2022-e-sucesso-de-visitacao-e-negocios-em-sua-segunda-edicao\/\" \/>\n<meta property=\"og:locale\" content=\"en_US\" \/>\n<meta property=\"og:type\" content=\"article\" \/>\n<meta property=\"og:title\" content=\"Flexo &amp; Labels 2022 \u00e9 sucesso de visita\u00e7\u00e3o e neg\u00f3cios em sua segunda edi\u00e7\u00e3o\" \/>\n<meta property=\"og:description\" content=\"Os n\u00fameros nos deixaram extremamente satisfeitos\u201d, comemora Marcia Romano, diretora da feira Flexo &amp; Labels.\" \/>\n<meta property=\"og:url\" content=\"https:\/\/projetopack.com.br\/en\/flexo-labels-2022-e-sucesso-de-visitacao-e-negocios-em-sua-segunda-edicao\/\" \/>\n<meta property=\"og:site_name\" content=\"ProjetoPack\" \/>\n<meta property=\"article:published_time\" content=\"2022-06-13T15:02:19+00:00\" \/>\n<meta property=\"article:modified_time\" content=\"2022-06-13T15:02:21+00:00\" \/>\n<meta property=\"og:image\" content=\"https:\/\/projetopack.com.br\/wp-content\/uploads\/2022\/06\/IMG_7093-scaled.jpg\" \/>\n\t<meta property=\"og:image:width\" content=\"2560\" \/>\n\t<meta property=\"og:image:height\" content=\"1707\" \/>\n\t<meta property=\"og:image:type\" content=\"image\/jpeg\" \/>\n<meta name=\"author\" content=\"Murilo Pinto Pereira\" \/>\n<meta name=\"twitter:card\" content=\"summary_large_image\" \/>\n<meta name=\"twitter:creator\" content=\"@ProjetoPack\" \/>\n<meta name=\"twitter:site\" content=\"@ProjetoPack\" \/>\n<meta name=\"twitter:label1\" content=\"Written by\" \/>\n\t<meta name=\"twitter:data1\" content=\"Murilo Pinto Pereira\" \/>\n\t<meta name=\"twitter:label2\" content=\"Est. reading time\" \/>\n\t<meta name=\"twitter:data2\" content=\"3 minutes\" \/>\n<script type=\"application\/ld+json\" class=\"yoast-schema-graph\">{\"@context\":\"https:\/\/schema.org\",\"@graph\":[{\"@type\":\"Article\",\"@id\":\"https:\/\/projetopack.com.br\/flexo-labels-2022-e-sucesso-de-visitacao-e-negocios-em-sua-segunda-edicao\/#article\",\"isPartOf\":{\"@id\":\"https:\/\/projetopack.com.br\/flexo-labels-2022-e-sucesso-de-visitacao-e-negocios-em-sua-segunda-edicao\/\"},\"author\":{\"name\":\"Murilo Pinto Pereira\",\"@id\":\"https:\/\/projetopack.com.br\/#\/schema\/person\/6e860f8340d3f2e089f05382c00b3e4b\"},\"headline\":\"Flexo &#038; Labels 2022 \u00e9 sucesso de visita\u00e7\u00e3o e neg\u00f3cios em sua segunda edi\u00e7\u00e3o\",\"datePublished\":\"2022-06-13T15:02:19+00:00\",\"dateModified\":\"2022-06-13T15:02:21+00:00\",\"mainEntityOfPage\":{\"@id\":\"https:\/\/projetopack.com.br\/flexo-labels-2022-e-sucesso-de-visitacao-e-negocios-em-sua-segunda-edicao\/\"},\"wordCount\":449,\"commentCount\":0,\"publisher\":{\"@id\":\"https:\/\/projetopack.com.br\/#organization\"},\"image\":{\"@id\":\"https:\/\/projetopack.com.br\/flexo-labels-2022-e-sucesso-de-visitacao-e-negocios-em-sua-segunda-edicao\/#primaryimage\"},\"thumbnailUrl\":\"https:\/\/projetopack.com.br\/wp-content\/uploads\/2022\/06\/IMG_7093-scaled.jpg\",\"articleSection\":[\"Eventos\"],\"inLanguage\":\"en-US\",\"potentialAction\":[{\"@type\":\"CommentAction\",\"name\":\"Comment\",\"target\":[\"https:\/\/projetopack.com.br\/flexo-labels-2022-e-sucesso-de-visitacao-e-negocios-em-sua-segunda-edicao\/#respond\"]}]},{\"@type\":\"WebPage\",\"@id\":\"https:\/\/projetopack.com.br\/flexo-labels-2022-e-sucesso-de-visitacao-e-negocios-em-sua-segunda-edicao\/\",\"url\":\"https:\/\/projetopack.com.br\/flexo-labels-2022-e-sucesso-de-visitacao-e-negocios-em-sua-segunda-edicao\/\",\"name\":\"Flexo & Labels 2022 \u00e9 sucesso de visita\u00e7\u00e3o e neg\u00f3cios em sua segunda edi\u00e7\u00e3o - ProjetoPack\",\"isPartOf\":{\"@id\":\"https:\/\/projetopack.com.br\/#website\"},\"primaryImageOfPage\":{\"@id\":\"https:\/\/projetopack.com.br\/flexo-labels-2022-e-sucesso-de-visitacao-e-negocios-em-sua-segunda-edicao\/#primaryimage\"},\"image\":{\"@id\":\"https:\/\/projetopack.com.br\/flexo-labels-2022-e-sucesso-de-visitacao-e-negocios-em-sua-segunda-edicao\/#primaryimage\"},\"thumbnailUrl\":\"https:\/\/projetopack.com.br\/wp-content\/uploads\/2022\/06\/IMG_7093-scaled.jpg\",\"datePublished\":\"2022-06-13T15:02:19+00:00\",\"dateModified\":\"2022-06-13T15:02:21+00:00\",\"description\":\"Os n\u00fameros nos deixaram extremamente satisfeitos\u201d, comemora Marcia Romano, diretora da feira Flexo & Labels.\",\"breadcrumb\":{\"@id\":\"https:\/\/projetopack.com.br\/flexo-labels-2022-e-sucesso-de-visitacao-e-negocios-em-sua-segunda-edicao\/#breadcrumb\"},\"inLanguage\":\"en-US\",\"potentialAction\":[{\"@type\":\"ReadAction\",\"target\":[\"https:\/\/projetopack.com.br\/flexo-labels-2022-e-sucesso-de-visitacao-e-negocios-em-sua-segunda-edicao\/\"]}]},{\"@type\":\"ImageObject\",\"inLanguage\":\"en-US\",\"@id\":\"https:\/\/projetopack.com.br\/flexo-labels-2022-e-sucesso-de-visitacao-e-negocios-em-sua-segunda-edicao\/#primaryimage\",\"url\":\"https:\/\/projetopack.com.br\/wp-content\/uploads\/2022\/06\/IMG_7093-scaled.jpg\",\"contentUrl\":\"https:\/\/projetopack.com.br\/wp-content\/uploads\/2022\/06\/IMG_7093-scaled.jpg\",\"width\":2048,\"height\":1366,\"caption\":\"Flexo e labels\"},{\"@type\":\"BreadcrumbList\",\"@id\":\"https:\/\/projetopack.com.br\/flexo-labels-2022-e-sucesso-de-visitacao-e-negocios-em-sua-segunda-edicao\/#breadcrumb\",\"itemListElement\":[{\"@type\":\"ListItem\",\"position\":1,\"name\":\"P\u00e1gina Inicial\",\"item\":\"https:\/\/projetopack.com.br\/\"},{\"@type\":\"ListItem\",\"position\":2,\"name\":\"Eventos\",\"item\":\"https:\/\/projetopack.com.br\/category\/eventos\/\"},{\"@type\":\"ListItem\",\"position\":3,\"name\":\"Flexo &#038; Labels 2022 \u00e9 sucesso de visita\u00e7\u00e3o e neg\u00f3cios em sua segunda edi\u00e7\u00e3o\"}]},{\"@type\":\"WebSite\",\"@id\":\"https:\/\/projetopack.com.br\/#website\",\"url\":\"https:\/\/projetopack.com.br\/\",\"name\":\"ProjetoPack\",\"description\":\"Consultoria e servi\u00e7os para embalagens, r\u00f3tulos, etiquetas e processos de impress\u00e3o\",\"publisher\":{\"@id\":\"https:\/\/projetopack.com.br\/#organization\"},\"potentialAction\":[{\"@type\":\"SearchAction\",\"target\":{\"@type\":\"EntryPoint\",\"urlTemplate\":\"https:\/\/projetopack.com.br\/?s={search_term_string}\"},\"query-input\":{\"@type\":\"PropertyValueSpecification\",\"valueRequired\":true,\"valueName\":\"search_term_string\"}}],\"inLanguage\":\"en-US\"},{\"@type\":\"Organization\",\"@id\":\"https:\/\/projetopack.com.br\/#organization\",\"name\":\"ProjetoPack & Associados\",\"url\":\"https:\/\/projetopack.com.br\/\",\"logo\":{\"@type\":\"ImageObject\",\"inLanguage\":\"en-US\",\"@id\":\"https:\/\/projetopack.com.br\/#\/schema\/logo\/image\/\",\"url\":\"https:\/\/projetopack.com.br\/wp-content\/uploads\/2020\/09\/projetopack.png\",\"contentUrl\":\"https:\/\/projetopack.com.br\/wp-content\/uploads\/2020\/09\/projetopack.png\",\"width\":200,\"height\":200,\"caption\":\"ProjetoPack & Associados\"},\"image\":{\"@id\":\"https:\/\/projetopack.com.br\/#\/schema\/logo\/image\/\"},\"sameAs\":[\"https:\/\/x.com\/ProjetoPack\",\"https:\/\/www.linkedin.com\/company\/projetopack\/\"]},{\"@type\":\"Person\",\"@id\":\"https:\/\/projetopack.com.br\/#\/schema\/person\/6e860f8340d3f2e089f05382c00b3e4b\",\"name\":\"Murilo Pinto Pereira\",\"image\":{\"@type\":\"ImageObject\",\"inLanguage\":\"en-US\",\"@id\":\"https:\/\/projetopack.com.br\/#\/schema\/person\/image\/\",\"url\":\"https:\/\/secure.gravatar.com\/avatar\/e88bd6a2108abef484e059b32103eaab8e51ed452ebb33926c80dea054c7e6c7?s=96&d=mm&r=g\",\"contentUrl\":\"https:\/\/secure.gravatar.com\/avatar\/e88bd6a2108abef484e059b32103eaab8e51ed452ebb33926c80dea054c7e6c7?s=96&d=mm&r=g\",\"caption\":\"Murilo Pinto Pereira\"},\"sameAs\":[\"http:\/\/murilopereira.com.br\/\"],\"url\":\"https:\/\/projetopack.com.br\/en\/author\/murilo\/\"}]}<\/script>\n<!-- \/ Yoast SEO Premium plugin. -->","yoast_head_json":{"title":"Flexo & Labels 2022 \u00e9 sucesso de visita\u00e7\u00e3o e neg\u00f3cios em sua segunda edi\u00e7\u00e3o - ProjetoPack","description":"Os n\u00fameros nos deixaram extremamente satisfeitos\u201d, comemora Marcia Romano, diretora da feira Flexo & Labels.","robots":{"index":"index","follow":"follow","max-snippet":"max-snippet:-1","max-image-preview":"max-image-preview:large","max-video-preview":"max-video-preview:-1"},"canonical":"https:\/\/projetopack.com.br\/en\/flexo-labels-2022-e-sucesso-de-visitacao-e-negocios-em-sua-segunda-edicao\/","og_locale":"en_US","og_type":"article","og_title":"Flexo & Labels 2022 \u00e9 sucesso de visita\u00e7\u00e3o e neg\u00f3cios em sua segunda edi\u00e7\u00e3o","og_description":"Os n\u00fameros nos deixaram extremamente satisfeitos\u201d, comemora Marcia Romano, diretora da feira Flexo & Labels.","og_url":"https:\/\/projetopack.com.br\/en\/flexo-labels-2022-e-sucesso-de-visitacao-e-negocios-em-sua-segunda-edicao\/","og_site_name":"ProjetoPack","article_published_time":"2022-06-13T15:02:19+00:00","article_modified_time":"2022-06-13T15:02:21+00:00","og_image":[{"width":2560,"height":1707,"url":"https:\/\/projetopack.com.br\/wp-content\/uploads\/2022\/06\/IMG_7093-scaled.jpg","type":"image\/jpeg"}],"author":"Murilo Pinto Pereira","twitter_card":"summary_large_image","twitter_creator":"@ProjetoPack","twitter_site":"@ProjetoPack","twitter_misc":{"Written by":"Murilo Pinto Pereira","Est. reading time":"3 minutes"},"schema":{"@context":"https:\/\/schema.org","@graph":[{"@type":"Article","@id":"https:\/\/projetopack.com.br\/flexo-labels-2022-e-sucesso-de-visitacao-e-negocios-em-sua-segunda-edicao\/#article","isPartOf":{"@id":"https:\/\/projetopack.com.br\/flexo-labels-2022-e-sucesso-de-visitacao-e-negocios-em-sua-segunda-edicao\/"},"author":{"name":"Murilo Pinto Pereira","@id":"https:\/\/projetopack.com.br\/#\/schema\/person\/6e860f8340d3f2e089f05382c00b3e4b"},"headline":"Flexo &#038; Labels 2022 \u00e9 sucesso de visita\u00e7\u00e3o e neg\u00f3cios em sua segunda edi\u00e7\u00e3o","datePublished":"2022-06-13T15:02:19+00:00","dateModified":"2022-06-13T15:02:21+00:00","mainEntityOfPage":{"@id":"https:\/\/projetopack.com.br\/flexo-labels-2022-e-sucesso-de-visitacao-e-negocios-em-sua-segunda-edicao\/"},"wordCount":449,"commentCount":0,"publisher":{"@id":"https:\/\/projetopack.com.br\/#organization"},"image":{"@id":"https:\/\/projetopack.com.br\/flexo-labels-2022-e-sucesso-de-visitacao-e-negocios-em-sua-segunda-edicao\/#primaryimage"},"thumbnailUrl":"https:\/\/projetopack.com.br\/wp-content\/uploads\/2022\/06\/IMG_7093-scaled.jpg","articleSection":["Eventos"],"inLanguage":"en-US","potentialAction":[{"@type":"CommentAction","name":"Comment","target":["https:\/\/projetopack.com.br\/flexo-labels-2022-e-sucesso-de-visitacao-e-negocios-em-sua-segunda-edicao\/#respond"]}]},{"@type":"WebPage","@id":"https:\/\/projetopack.com.br\/flexo-labels-2022-e-sucesso-de-visitacao-e-negocios-em-sua-segunda-edicao\/","url":"https:\/\/projetopack.com.br\/flexo-labels-2022-e-sucesso-de-visitacao-e-negocios-em-sua-segunda-edicao\/","name":"Flexo & Labels 2022 \u00e9 sucesso de visita\u00e7\u00e3o e neg\u00f3cios em sua segunda edi\u00e7\u00e3o - ProjetoPack","isPartOf":{"@id":"https:\/\/projetopack.com.br\/#website"},"primaryImageOfPage":{"@id":"https:\/\/projetopack.com.br\/flexo-labels-2022-e-sucesso-de-visitacao-e-negocios-em-sua-segunda-edicao\/#primaryimage"},"image":{"@id":"https:\/\/projetopack.com.br\/flexo-labels-2022-e-sucesso-de-visitacao-e-negocios-em-sua-segunda-edicao\/#primaryimage"},"thumbnailUrl":"https:\/\/projetopack.com.br\/wp-content\/uploads\/2022\/06\/IMG_7093-scaled.jpg","datePublished":"2022-06-13T15:02:19+00:00","dateModified":"2022-06-13T15:02:21+00:00","description":"Os n\u00fameros nos deixaram extremamente satisfeitos\u201d, comemora Marcia Romano, diretora da feira Flexo & Labels.","breadcrumb":{"@id":"https:\/\/projetopack.com.br\/flexo-labels-2022-e-sucesso-de-visitacao-e-negocios-em-sua-segunda-edicao\/#breadcrumb"},"inLanguage":"en-US","potentialAction":[{"@type":"ReadAction","target":["https:\/\/projetopack.com.br\/flexo-labels-2022-e-sucesso-de-visitacao-e-negocios-em-sua-segunda-edicao\/"]}]},{"@type":"ImageObject","inLanguage":"en-US","@id":"https:\/\/projetopack.com.br\/flexo-labels-2022-e-sucesso-de-visitacao-e-negocios-em-sua-segunda-edicao\/#primaryimage","url":"https:\/\/projetopack.com.br\/wp-content\/uploads\/2022\/06\/IMG_7093-scaled.jpg","contentUrl":"https:\/\/projetopack.com.br\/wp-content\/uploads\/2022\/06\/IMG_7093-scaled.jpg","width":2048,"height":1366,"caption":"Flexo e labels"},{"@type":"BreadcrumbList","@id":"https:\/\/projetopack.com.br\/flexo-labels-2022-e-sucesso-de-visitacao-e-negocios-em-sua-segunda-edicao\/#breadcrumb","itemListElement":[{"@type":"ListItem","position":1,"name":"P\u00e1gina Inicial","item":"https:\/\/projetopack.com.br\/"},{"@type":"ListItem","position":2,"name":"Eventos","item":"https:\/\/projetopack.com.br\/category\/eventos\/"},{"@type":"ListItem","position":3,"name":"Flexo &#038; Labels 2022 \u00e9 sucesso de visita\u00e7\u00e3o e neg\u00f3cios em sua segunda edi\u00e7\u00e3o"}]},{"@type":"WebSite","@id":"https:\/\/projetopack.com.br\/#website","url":"https:\/\/projetopack.com.br\/","name":"ProjetoPack","description":"Consultoria e servi\u00e7os para embalagens, r\u00f3tulos, etiquetas e processos de impress\u00e3o","publisher":{"@id":"https:\/\/projetopack.com.br\/#organization"},"potentialAction":[{"@type":"SearchAction","target":{"@type":"EntryPoint","urlTemplate":"https:\/\/projetopack.com.br\/?s={search_term_string}"},"query-input":{"@type":"PropertyValueSpecification","valueRequired":true,"valueName":"search_term_string"}}],"inLanguage":"en-US"},{"@type":"Organization","@id":"https:\/\/projetopack.com.br\/#organization","name":"ProjetoPack & Associados","url":"https:\/\/projetopack.com.br\/","logo":{"@type":"ImageObject","inLanguage":"en-US","@id":"https:\/\/projetopack.com.br\/#\/schema\/logo\/image\/","url":"https:\/\/projetopack.com.br\/wp-content\/uploads\/2020\/09\/projetopack.png","contentUrl":"https:\/\/projetopack.com.br\/wp-content\/uploads\/2020\/09\/projetopack.png","width":200,"height":200,"caption":"ProjetoPack & Associados"},"image":{"@id":"https:\/\/projetopack.com.br\/#\/schema\/logo\/image\/"},"sameAs":["https:\/\/x.com\/ProjetoPack","https:\/\/www.linkedin.com\/company\/projetopack\/"]},{"@type":"Person","@id":"https:\/\/projetopack.com.br\/#\/schema\/person\/6e860f8340d3f2e089f05382c00b3e4b","name":"Murilo Pinto Pereira","image":{"@type":"ImageObject","inLanguage":"en-US","@id":"https:\/\/projetopack.com.br\/#\/schema\/person\/image\/","url":"https:\/\/secure.gravatar.com\/avatar\/e88bd6a2108abef484e059b32103eaab8e51ed452ebb33926c80dea054c7e6c7?s=96&d=mm&r=g","contentUrl":"https:\/\/secure.gravatar.com\/avatar\/e88bd6a2108abef484e059b32103eaab8e51ed452ebb33926c80dea054c7e6c7?s=96&d=mm&r=g","caption":"Murilo Pinto Pereira"},"sameAs":["http:\/\/murilopereira.com.br\/"],"url":"https:\/\/projetopack.com.br\/en\/author\/murilo\/"}]}},"_links":{"self":[{"href":"https:\/\/projetopack.com.br\/en\/wp-json\/wp\/v2\/posts\/22406","targetHints":{"allow":["GET"]}}],"collection":[{"href":"https:\/\/projetopack.com.br\/en\/wp-json\/wp\/v2\/posts"}],"about":[{"href":"https:\/\/projetopack.com.br\/en\/wp-json\/wp\/v2\/types\/post"}],"author":[{"embeddable":true,"href":"https:\/\/projetopack.com.br\/en\/wp-json\/wp\/v2\/users\/12"}],"replies":[{"embeddable":true,"href":"https:\/\/projetopack.com.br\/en\/wp-json\/wp\/v2\/comments?post=22406"}],"version-history":[{"count":0,"href":"https:\/\/projetopack.com.br\/en\/wp-json\/wp\/v2\/posts\/22406\/revisions"}],"wp:featuredmedia":[{"embeddable":true,"href":"https:\/\/projetopack.com.br\/en\/wp-json\/wp\/v2\/media\/22407"}],"wp:attachment":[{"href":"https:\/\/projetopack.com.br\/en\/wp-json\/wp\/v2\/media?parent=22406"}],"wp:term":[{"taxonomy":"category","embeddable":true,"href":"https:\/\/projetopack.com.br\/en\/wp-json\/wp\/v2\/categories?post=22406"},{"taxonomy":"post_tag","embeddable":true,"href":"https:\/\/projetopack.com.br\/en\/wp-json\/wp\/v2\/tags?post=22406"}],"curies":[{"name":"wp","href":"https:\/\/api.w.org\/{rel}","templated":true}]}}