{"id":23339,"date":"2022-06-29T11:48:41","date_gmt":"2022-06-29T14:48:41","guid":{"rendered":"https:\/\/www.projetopack.com.br\/?p=23339"},"modified":"2022-06-29T11:48:43","modified_gmt":"2022-06-29T14:48:43","slug":"x-rite-lanca-a-nova-geracao-do-exact","status":"publish","type":"post","link":"https:\/\/projetopack.com.br\/en\/x-rite-lanca-a-nova-geracao-do-exact\/","title":{"rendered":"X-Rite lan\u00e7a a nova gera\u00e7\u00e3o do eXact"},"content":{"rendered":"<p>Nos \u00faltimos dias a <a href=\"https:\/\/www.xrite.com\/\" target=\"_blank\" rel=\"noreferrer noopener\">X-Rite<\/a> realizou um evento online para apresentar seu novo espectro densit\u00f4metro eXact 2 &#8211; uma atualiza\u00e7\u00e3o tecnol\u00f3gica e de design para um dos instrumentos mais utilizados no controle de impressos em todo o mundo.<\/p>\n\n\n\n<p>Neste momento, o aparelho n\u00e3o possui manuten\u00e7\u00e3o no Brasil, mas deve chegar em meados de 2023. \u00c9 importante lembrar que o eXact &#8220;1&#8221; ainda \u00e9 a melhor op\u00e7\u00e3o por aqui, com manuten\u00e7\u00e3o local e disponibilidade de unidades para venda. Todavia, o evento descortinou o futuro do equipamento.<\/p>\n\n\n\n<figure class=\"wp-block-pullquote\"><blockquote><p>E o futuro foi uma amplia\u00e7\u00e3o n\u00e3o s\u00f3 da funcionalidade do instrumento, com um recurso de lupa digital integrada por exemplo, mas tamb\u00e9m com a pr\u00f3pria consolida\u00e7\u00e3o da su\u00edte eXact.<\/p><\/blockquote><\/figure>\n\n\n\n<p>Se voc\u00ea perdeu o evento, compartilhamos o link com a demonstra\u00e7\u00e3o do instrumento. Enjoy!<\/p>\n\n\n\n<figure class=\"wp-block-embed is-type-video is-provider-youtube wp-block-embed-youtube wp-embed-aspect-16-9 wp-has-aspect-ratio\"><div class=\"wp-block-embed__wrapper\">\n<iframe title=\"X-Rite eXact 2 (X-Means) Launch Event\" width=\"800\" height=\"450\" src=\"https:\/\/www.youtube.com\/embed\/ySsCoWKWhU4?feature=oembed\" frameborder=\"0\" allow=\"accelerometer; autoplay; clipboard-write; encrypted-media; gyroscope; picture-in-picture\" allowfullscreen><\/iframe>\n<\/div><\/figure>\n\n\n\n<p><strong>Leia mais em nosso blog:<\/strong><\/p>\n\n\n\n<p><a href=\"https:\/\/projetopack.com.br\/solucao-3-de-6-para-um-ano-de-crise\/\" target=\"_blank\" rel=\"noreferrer noopener\">Solu\u00e7\u00e3o 3 de 6 para um ano de crise<\/a><\/p>","protected":false},"excerpt":{"rendered":"<p>Novo eXact 2 revoluciona a funcionalidade dos espectrodensit\u00f4metros<\/p>","protected":false},"author":12,"featured_media":23340,"comment_status":"open","ping_status":"closed","sticky":true,"template":"","format":"standard","meta":{"footnotes":""},"categories":[458],"tags":[],"class_list":["post-23339","post","type-post","status-publish","format-standard","has-post-thumbnail","hentry","category-lancamentos"],"yoast_head":"<!-- This site is optimized with the Yoast SEO Premium plugin v27.1 (Yoast SEO v27.1.1) - https:\/\/yoast.com\/product\/yoast-seo-premium-wordpress\/ -->\n<title>X-Rite lan\u00e7a a nova gera\u00e7\u00e3o do eXact - ProjetoPack<\/title>\n<meta name=\"description\" content=\"Nos \u00faltimos dias a X-Rite realizou um evento online para apresentar seu novo espectro densit\u00f4metro eXact 2.\" \/>\n<meta name=\"robots\" content=\"index, follow, max-snippet:-1, max-image-preview:large, max-video-preview:-1\" \/>\n<link rel=\"canonical\" href=\"https:\/\/projetopack.com.br\/en\/x-rite-lanca-a-nova-geracao-do-exact\/\" \/>\n<meta property=\"og:locale\" content=\"en_US\" \/>\n<meta property=\"og:type\" content=\"article\" \/>\n<meta property=\"og:title\" content=\"X-Rite lan\u00e7a a nova gera\u00e7\u00e3o do eXact\" \/>\n<meta property=\"og:description\" content=\"Nos \u00faltimos dias a X-Rite realizou um evento online para apresentar seu novo espectro densit\u00f4metro eXact 2.\" \/>\n<meta property=\"og:url\" content=\"https:\/\/projetopack.com.br\/en\/x-rite-lanca-a-nova-geracao-do-exact\/\" \/>\n<meta property=\"og:site_name\" content=\"ProjetoPack\" \/>\n<meta property=\"article:published_time\" content=\"2022-06-29T14:48:41+00:00\" \/>\n<meta property=\"article:modified_time\" content=\"2022-06-29T14:48:43+00:00\" \/>\n<meta property=\"og:image\" content=\"https:\/\/projetopack.com.br\/wp-content\/uploads\/2022\/06\/exact-2-trade-up-800x400-md-3685893406.jpg\" \/>\n\t<meta property=\"og:image:width\" content=\"800\" \/>\n\t<meta property=\"og:image:height\" content=\"400\" \/>\n\t<meta property=\"og:image:type\" content=\"image\/jpeg\" \/>\n<meta name=\"author\" content=\"Murilo Pinto Pereira\" \/>\n<meta name=\"twitter:card\" content=\"summary_large_image\" \/>\n<meta name=\"twitter:creator\" content=\"@ProjetoPack\" \/>\n<meta name=\"twitter:site\" content=\"@ProjetoPack\" \/>\n<meta name=\"twitter:label1\" content=\"Written by\" \/>\n\t<meta name=\"twitter:data1\" content=\"Murilo Pinto Pereira\" \/>\n\t<meta name=\"twitter:label2\" content=\"Est. reading time\" \/>\n\t<meta name=\"twitter:data2\" content=\"1 minute\" \/>\n<script type=\"application\/ld+json\" class=\"yoast-schema-graph\">{\"@context\":\"https:\/\/schema.org\",\"@graph\":[{\"@type\":\"Article\",\"@id\":\"https:\/\/projetopack.com.br\/x-rite-lanca-a-nova-geracao-do-exact\/#article\",\"isPartOf\":{\"@id\":\"https:\/\/projetopack.com.br\/x-rite-lanca-a-nova-geracao-do-exact\/\"},\"author\":{\"name\":\"Murilo Pinto Pereira\",\"@id\":\"https:\/\/projetopack.com.br\/#\/schema\/person\/6e860f8340d3f2e089f05382c00b3e4b\"},\"headline\":\"X-Rite lan\u00e7a a nova gera\u00e7\u00e3o do eXact\",\"datePublished\":\"2022-06-29T14:48:41+00:00\",\"dateModified\":\"2022-06-29T14:48:43+00:00\",\"mainEntityOfPage\":{\"@id\":\"https:\/\/projetopack.com.br\/x-rite-lanca-a-nova-geracao-do-exact\/\"},\"wordCount\":167,\"commentCount\":0,\"publisher\":{\"@id\":\"https:\/\/projetopack.com.br\/#organization\"},\"image\":{\"@id\":\"https:\/\/projetopack.com.br\/x-rite-lanca-a-nova-geracao-do-exact\/#primaryimage\"},\"thumbnailUrl\":\"https:\/\/projetopack.com.br\/wp-content\/uploads\/2022\/06\/exact-2-trade-up-800x400-md-3685893406.jpg\",\"articleSection\":[\"Lan\u00e7amentos\"],\"inLanguage\":\"en-US\",\"potentialAction\":[{\"@type\":\"CommentAction\",\"name\":\"Comment\",\"target\":[\"https:\/\/projetopack.com.br\/x-rite-lanca-a-nova-geracao-do-exact\/#respond\"]}]},{\"@type\":\"WebPage\",\"@id\":\"https:\/\/projetopack.com.br\/x-rite-lanca-a-nova-geracao-do-exact\/\",\"url\":\"https:\/\/projetopack.com.br\/x-rite-lanca-a-nova-geracao-do-exact\/\",\"name\":\"X-Rite lan\u00e7a a nova gera\u00e7\u00e3o do eXact - ProjetoPack\",\"isPartOf\":{\"@id\":\"https:\/\/projetopack.com.br\/#website\"},\"primaryImageOfPage\":{\"@id\":\"https:\/\/projetopack.com.br\/x-rite-lanca-a-nova-geracao-do-exact\/#primaryimage\"},\"image\":{\"@id\":\"https:\/\/projetopack.com.br\/x-rite-lanca-a-nova-geracao-do-exact\/#primaryimage\"},\"thumbnailUrl\":\"https:\/\/projetopack.com.br\/wp-content\/uploads\/2022\/06\/exact-2-trade-up-800x400-md-3685893406.jpg\",\"datePublished\":\"2022-06-29T14:48:41+00:00\",\"dateModified\":\"2022-06-29T14:48:43+00:00\",\"description\":\"Nos \u00faltimos dias a X-Rite realizou um evento online para apresentar seu novo espectro densit\u00f4metro eXact 2.\",\"breadcrumb\":{\"@id\":\"https:\/\/projetopack.com.br\/x-rite-lanca-a-nova-geracao-do-exact\/#breadcrumb\"},\"inLanguage\":\"en-US\",\"potentialAction\":[{\"@type\":\"ReadAction\",\"target\":[\"https:\/\/projetopack.com.br\/x-rite-lanca-a-nova-geracao-do-exact\/\"]}]},{\"@type\":\"ImageObject\",\"inLanguage\":\"en-US\",\"@id\":\"https:\/\/projetopack.com.br\/x-rite-lanca-a-nova-geracao-do-exact\/#primaryimage\",\"url\":\"https:\/\/projetopack.com.br\/wp-content\/uploads\/2022\/06\/exact-2-trade-up-800x400-md-3685893406.jpg\",\"contentUrl\":\"https:\/\/projetopack.com.br\/wp-content\/uploads\/2022\/06\/exact-2-trade-up-800x400-md-3685893406.jpg\",\"width\":800,\"height\":400,\"caption\":\"exact 2\"},{\"@type\":\"BreadcrumbList\",\"@id\":\"https:\/\/projetopack.com.br\/x-rite-lanca-a-nova-geracao-do-exact\/#breadcrumb\",\"itemListElement\":[{\"@type\":\"ListItem\",\"position\":1,\"name\":\"P\u00e1gina Inicial\",\"item\":\"https:\/\/projetopack.com.br\/\"},{\"@type\":\"ListItem\",\"position\":2,\"name\":\"Lan\u00e7amentos\",\"item\":\"https:\/\/projetopack.com.br\/category\/lancamentos\/\"},{\"@type\":\"ListItem\",\"position\":3,\"name\":\"X-Rite lan\u00e7a a nova gera\u00e7\u00e3o do eXact\"}]},{\"@type\":\"WebSite\",\"@id\":\"https:\/\/projetopack.com.br\/#website\",\"url\":\"https:\/\/projetopack.com.br\/\",\"name\":\"ProjetoPack\",\"description\":\"Consultoria e servi\u00e7os para embalagens, r\u00f3tulos, etiquetas e processos de impress\u00e3o\",\"publisher\":{\"@id\":\"https:\/\/projetopack.com.br\/#organization\"},\"potentialAction\":[{\"@type\":\"SearchAction\",\"target\":{\"@type\":\"EntryPoint\",\"urlTemplate\":\"https:\/\/projetopack.com.br\/?s={search_term_string}\"},\"query-input\":{\"@type\":\"PropertyValueSpecification\",\"valueRequired\":true,\"valueName\":\"search_term_string\"}}],\"inLanguage\":\"en-US\"},{\"@type\":\"Organization\",\"@id\":\"https:\/\/projetopack.com.br\/#organization\",\"name\":\"ProjetoPack & Associados\",\"url\":\"https:\/\/projetopack.com.br\/\",\"logo\":{\"@type\":\"ImageObject\",\"inLanguage\":\"en-US\",\"@id\":\"https:\/\/projetopack.com.br\/#\/schema\/logo\/image\/\",\"url\":\"https:\/\/projetopack.com.br\/wp-content\/uploads\/2020\/09\/projetopack.png\",\"contentUrl\":\"https:\/\/projetopack.com.br\/wp-content\/uploads\/2020\/09\/projetopack.png\",\"width\":200,\"height\":200,\"caption\":\"ProjetoPack & Associados\"},\"image\":{\"@id\":\"https:\/\/projetopack.com.br\/#\/schema\/logo\/image\/\"},\"sameAs\":[\"https:\/\/x.com\/ProjetoPack\",\"https:\/\/www.linkedin.com\/company\/projetopack\/\"]},{\"@type\":\"Person\",\"@id\":\"https:\/\/projetopack.com.br\/#\/schema\/person\/6e860f8340d3f2e089f05382c00b3e4b\",\"name\":\"Murilo Pinto Pereira\",\"image\":{\"@type\":\"ImageObject\",\"inLanguage\":\"en-US\",\"@id\":\"https:\/\/projetopack.com.br\/#\/schema\/person\/image\/\",\"url\":\"https:\/\/secure.gravatar.com\/avatar\/e88bd6a2108abef484e059b32103eaab8e51ed452ebb33926c80dea054c7e6c7?s=96&d=mm&r=g\",\"contentUrl\":\"https:\/\/secure.gravatar.com\/avatar\/e88bd6a2108abef484e059b32103eaab8e51ed452ebb33926c80dea054c7e6c7?s=96&d=mm&r=g\",\"caption\":\"Murilo Pinto Pereira\"},\"sameAs\":[\"http:\/\/murilopereira.com.br\/\"],\"url\":\"https:\/\/projetopack.com.br\/en\/author\/murilo\/\"}]}<\/script>\n<!-- \/ Yoast SEO Premium plugin. -->","yoast_head_json":{"title":"X-Rite lan\u00e7a a nova gera\u00e7\u00e3o do eXact - ProjetoPack","description":"Nos \u00faltimos dias a X-Rite realizou um evento online para apresentar seu novo espectro densit\u00f4metro eXact 2.","robots":{"index":"index","follow":"follow","max-snippet":"max-snippet:-1","max-image-preview":"max-image-preview:large","max-video-preview":"max-video-preview:-1"},"canonical":"https:\/\/projetopack.com.br\/en\/x-rite-lanca-a-nova-geracao-do-exact\/","og_locale":"en_US","og_type":"article","og_title":"X-Rite lan\u00e7a a nova gera\u00e7\u00e3o do eXact","og_description":"Nos \u00faltimos dias a X-Rite realizou um evento online para apresentar seu novo espectro densit\u00f4metro eXact 2.","og_url":"https:\/\/projetopack.com.br\/en\/x-rite-lanca-a-nova-geracao-do-exact\/","og_site_name":"ProjetoPack","article_published_time":"2022-06-29T14:48:41+00:00","article_modified_time":"2022-06-29T14:48:43+00:00","og_image":[{"width":800,"height":400,"url":"https:\/\/projetopack.com.br\/wp-content\/uploads\/2022\/06\/exact-2-trade-up-800x400-md-3685893406.jpg","type":"image\/jpeg"}],"author":"Murilo Pinto Pereira","twitter_card":"summary_large_image","twitter_creator":"@ProjetoPack","twitter_site":"@ProjetoPack","twitter_misc":{"Written by":"Murilo Pinto Pereira","Est. reading time":"1 minute"},"schema":{"@context":"https:\/\/schema.org","@graph":[{"@type":"Article","@id":"https:\/\/projetopack.com.br\/x-rite-lanca-a-nova-geracao-do-exact\/#article","isPartOf":{"@id":"https:\/\/projetopack.com.br\/x-rite-lanca-a-nova-geracao-do-exact\/"},"author":{"name":"Murilo Pinto Pereira","@id":"https:\/\/projetopack.com.br\/#\/schema\/person\/6e860f8340d3f2e089f05382c00b3e4b"},"headline":"X-Rite lan\u00e7a a nova gera\u00e7\u00e3o do eXact","datePublished":"2022-06-29T14:48:41+00:00","dateModified":"2022-06-29T14:48:43+00:00","mainEntityOfPage":{"@id":"https:\/\/projetopack.com.br\/x-rite-lanca-a-nova-geracao-do-exact\/"},"wordCount":167,"commentCount":0,"publisher":{"@id":"https:\/\/projetopack.com.br\/#organization"},"image":{"@id":"https:\/\/projetopack.com.br\/x-rite-lanca-a-nova-geracao-do-exact\/#primaryimage"},"thumbnailUrl":"https:\/\/projetopack.com.br\/wp-content\/uploads\/2022\/06\/exact-2-trade-up-800x400-md-3685893406.jpg","articleSection":["Lan\u00e7amentos"],"inLanguage":"en-US","potentialAction":[{"@type":"CommentAction","name":"Comment","target":["https:\/\/projetopack.com.br\/x-rite-lanca-a-nova-geracao-do-exact\/#respond"]}]},{"@type":"WebPage","@id":"https:\/\/projetopack.com.br\/x-rite-lanca-a-nova-geracao-do-exact\/","url":"https:\/\/projetopack.com.br\/x-rite-lanca-a-nova-geracao-do-exact\/","name":"X-Rite lan\u00e7a a nova gera\u00e7\u00e3o do eXact - ProjetoPack","isPartOf":{"@id":"https:\/\/projetopack.com.br\/#website"},"primaryImageOfPage":{"@id":"https:\/\/projetopack.com.br\/x-rite-lanca-a-nova-geracao-do-exact\/#primaryimage"},"image":{"@id":"https:\/\/projetopack.com.br\/x-rite-lanca-a-nova-geracao-do-exact\/#primaryimage"},"thumbnailUrl":"https:\/\/projetopack.com.br\/wp-content\/uploads\/2022\/06\/exact-2-trade-up-800x400-md-3685893406.jpg","datePublished":"2022-06-29T14:48:41+00:00","dateModified":"2022-06-29T14:48:43+00:00","description":"Nos \u00faltimos dias a X-Rite realizou um evento online para apresentar seu novo espectro densit\u00f4metro eXact 2.","breadcrumb":{"@id":"https:\/\/projetopack.com.br\/x-rite-lanca-a-nova-geracao-do-exact\/#breadcrumb"},"inLanguage":"en-US","potentialAction":[{"@type":"ReadAction","target":["https:\/\/projetopack.com.br\/x-rite-lanca-a-nova-geracao-do-exact\/"]}]},{"@type":"ImageObject","inLanguage":"en-US","@id":"https:\/\/projetopack.com.br\/x-rite-lanca-a-nova-geracao-do-exact\/#primaryimage","url":"https:\/\/projetopack.com.br\/wp-content\/uploads\/2022\/06\/exact-2-trade-up-800x400-md-3685893406.jpg","contentUrl":"https:\/\/projetopack.com.br\/wp-content\/uploads\/2022\/06\/exact-2-trade-up-800x400-md-3685893406.jpg","width":800,"height":400,"caption":"exact 2"},{"@type":"BreadcrumbList","@id":"https:\/\/projetopack.com.br\/x-rite-lanca-a-nova-geracao-do-exact\/#breadcrumb","itemListElement":[{"@type":"ListItem","position":1,"name":"P\u00e1gina Inicial","item":"https:\/\/projetopack.com.br\/"},{"@type":"ListItem","position":2,"name":"Lan\u00e7amentos","item":"https:\/\/projetopack.com.br\/category\/lancamentos\/"},{"@type":"ListItem","position":3,"name":"X-Rite lan\u00e7a a nova gera\u00e7\u00e3o do eXact"}]},{"@type":"WebSite","@id":"https:\/\/projetopack.com.br\/#website","url":"https:\/\/projetopack.com.br\/","name":"ProjetoPack","description":"Consultoria e servi\u00e7os para embalagens, r\u00f3tulos, etiquetas e processos de impress\u00e3o","publisher":{"@id":"https:\/\/projetopack.com.br\/#organization"},"potentialAction":[{"@type":"SearchAction","target":{"@type":"EntryPoint","urlTemplate":"https:\/\/projetopack.com.br\/?s={search_term_string}"},"query-input":{"@type":"PropertyValueSpecification","valueRequired":true,"valueName":"search_term_string"}}],"inLanguage":"en-US"},{"@type":"Organization","@id":"https:\/\/projetopack.com.br\/#organization","name":"ProjetoPack & Associados","url":"https:\/\/projetopack.com.br\/","logo":{"@type":"ImageObject","inLanguage":"en-US","@id":"https:\/\/projetopack.com.br\/#\/schema\/logo\/image\/","url":"https:\/\/projetopack.com.br\/wp-content\/uploads\/2020\/09\/projetopack.png","contentUrl":"https:\/\/projetopack.com.br\/wp-content\/uploads\/2020\/09\/projetopack.png","width":200,"height":200,"caption":"ProjetoPack & Associados"},"image":{"@id":"https:\/\/projetopack.com.br\/#\/schema\/logo\/image\/"},"sameAs":["https:\/\/x.com\/ProjetoPack","https:\/\/www.linkedin.com\/company\/projetopack\/"]},{"@type":"Person","@id":"https:\/\/projetopack.com.br\/#\/schema\/person\/6e860f8340d3f2e089f05382c00b3e4b","name":"Murilo Pinto Pereira","image":{"@type":"ImageObject","inLanguage":"en-US","@id":"https:\/\/projetopack.com.br\/#\/schema\/person\/image\/","url":"https:\/\/secure.gravatar.com\/avatar\/e88bd6a2108abef484e059b32103eaab8e51ed452ebb33926c80dea054c7e6c7?s=96&d=mm&r=g","contentUrl":"https:\/\/secure.gravatar.com\/avatar\/e88bd6a2108abef484e059b32103eaab8e51ed452ebb33926c80dea054c7e6c7?s=96&d=mm&r=g","caption":"Murilo Pinto Pereira"},"sameAs":["http:\/\/murilopereira.com.br\/"],"url":"https:\/\/projetopack.com.br\/en\/author\/murilo\/"}]}},"_links":{"self":[{"href":"https:\/\/projetopack.com.br\/en\/wp-json\/wp\/v2\/posts\/23339","targetHints":{"allow":["GET"]}}],"collection":[{"href":"https:\/\/projetopack.com.br\/en\/wp-json\/wp\/v2\/posts"}],"about":[{"href":"https:\/\/projetopack.com.br\/en\/wp-json\/wp\/v2\/types\/post"}],"author":[{"embeddable":true,"href":"https:\/\/projetopack.com.br\/en\/wp-json\/wp\/v2\/users\/12"}],"replies":[{"embeddable":true,"href":"https:\/\/projetopack.com.br\/en\/wp-json\/wp\/v2\/comments?post=23339"}],"version-history":[{"count":0,"href":"https:\/\/projetopack.com.br\/en\/wp-json\/wp\/v2\/posts\/23339\/revisions"}],"wp:featuredmedia":[{"embeddable":true,"href":"https:\/\/projetopack.com.br\/en\/wp-json\/wp\/v2\/media\/23340"}],"wp:attachment":[{"href":"https:\/\/projetopack.com.br\/en\/wp-json\/wp\/v2\/media?parent=23339"}],"wp:term":[{"taxonomy":"category","embeddable":true,"href":"https:\/\/projetopack.com.br\/en\/wp-json\/wp\/v2\/categories?post=23339"},{"taxonomy":"post_tag","embeddable":true,"href":"https:\/\/projetopack.com.br\/en\/wp-json\/wp\/v2\/tags?post=23339"}],"curies":[{"name":"wp","href":"https:\/\/api.w.org\/{rel}","templated":true}]}}