{"id":240,"date":"2015-08-03T00:49:55","date_gmt":"2015-08-03T03:49:55","guid":{"rendered":"http:\/\/projetopack.com.br\/?p=240"},"modified":"2021-09-08T18:26:20","modified_gmt":"2021-09-08T21:26:20","slug":"qual-a-embalagem-do-futuro","status":"publish","type":"post","link":"https:\/\/projetopack.com.br\/en\/qual-a-embalagem-do-futuro\/","title":{"rendered":"Qual a embalagem do futuro?"},"content":{"rendered":"<p><strong>A ProjetoPack traz conte\u00fado exclusivo e comentado da <em>Smithers Pira<\/em>, sobre como ser\u00e3o as embalagens &#8220;do futuro&#8221;<\/strong><\/p>\n<p>A forma como os consumidores enxergam e interagem com os produtos embalados est\u00e1 mudando. Com o crescimento orientado cada vez mais para a conveni\u00eancia e sustentabilidade, as embalagens tradicionais est\u00e3o sendo gradualmente substitu\u00eddas por embalagens flex\u00edveis inovadoras e aptas a atender esta demanda. O mercado mundial de embalagens flex\u00edveis est\u00e1 estimado a crescer at\u00e9 $351 bilh\u00f5es at\u00e9 2018, ganhando espa\u00e7o na substitui\u00e7\u00e3o de outras embalagens r\u00edgidas em diversos produtos e mercados.<\/p>\n<p>Muitos novos e excitantes produtos t\u00eam demonstrado seu enorme potencial aos consumidores. Dentre eles, podemos citar por exemplo o stickpack do Halls &#8220;twist-off&#8221; produzido pela Sonoco, uma embalagem flex\u00edvel que dispensa uma bala sem perder as demais por a\u00ed &#8211; e o pouch de detergente da Sawy Green Laundry, que exibe um gr\u00e1fico de primeira e possui um sistema de dispensamento f\u00e1cil e inteligente.<\/p>\n<p>Ent\u00e3o, quais recursos estas embalagens que v\u00eam substituindo as embalagens r\u00edgidas est\u00e3o mais se utilizando para ocupar as prateleiras dos supermercados?<\/p>\n<p><strong>1. Embalagens muito leves<\/strong><\/p>\n<p>O mercado de garrafas de \u00e1gua \u00e9 um \u00f3timo exemplo de oportunidade, onde a tend\u00eancia \u00e9 que as garrafas fiquem cada vez mais leves e leves ao longo do tempo, produzindo menos desperd\u00edcio. Entretanto, fabricantes agora est\u00e3o chegando a um ponto no qual as garrafas PET n\u00e3o conseguem ficar mais leves sem comprometer a qualidade da embalagem.<\/p>\n<p>O pr\u00f3ximo passo \u00e9 a substitui\u00e7\u00e3o de garrafas pl\u00e1sticas por pouches flex\u00edveis. Anos atr\u00e1s, este mercado era promissor mas o desenvolvimento n\u00e3o ocorreu com a velocidade esperada, muito porque as linhas de envase de alta velocidade enchiam at\u00e9 1.500 garrafas por minuto e com pouches, a velocidade n\u00e3o superava as 400 unidades por minuto.<\/p>\n<p>Todavia, algumas das novas envasadoras de garrafas PET foram projetadas para transportar as garrafas pelo pesco\u00e7o, o que permite a utiliza\u00e7\u00e3o de pouches com a mesma tecnologia. Poderemos finalmente ver um avan\u00e7o r\u00e1pido de pouches em \u00e1gua mineral e outros l\u00edquidos similares j\u00e1 no in\u00edcio de 2014 &#8211; a redu\u00e7\u00e3o de peso da embalagem para as empresas de \u00e1gua \u00e9 de 50%, algo muito significativo, especialmente para algo t\u00e3o &#8220;commodity&#8221;.<\/p>\n<p>(continua em breve)<\/p>","protected":false},"excerpt":{"rendered":"<p>A ProjetoPack traz conte\u00fado exclusivo e comentado da Smithers Pira, sobre como ser\u00e3o as embalagens &#8220;do futuro&#8221; A forma como os consumidores enxergam e interagem com os produtos embalados est\u00e1 mudando. Com o crescimento orientado cada vez mais para a conveni\u00eancia e sustentabilidade, as embalagens tradicionais est\u00e3o sendo gradualmente substitu\u00eddas por embalagens flex\u00edveis inovadoras e [&hellip;]<\/p>\n","protected":false},"author":2,"featured_media":0,"comment_status":"closed","ping_status":"closed","sticky":false,"template":"","format":"standard","meta":{"footnotes":""},"categories":[877,344],"tags":[],"class_list":["post-240","post","type-post","status-publish","format-standard","hentry","category-arquivo","category-opiniao"],"yoast_head":"<!-- This site is optimized with the Yoast SEO Premium plugin v27.1 (Yoast SEO v27.1.1) - https:\/\/yoast.com\/product\/yoast-seo-premium-wordpress\/ -->\n<title>Qual a embalagem do futuro? - ProjetoPack<\/title>\n<meta name=\"description\" content=\"Com o crescimento orientado para a conveni\u00eancia e sustentabilidade, as embalagens tradicionais est\u00e3o sendo substitu\u00eddas por embalagens flex\u00edveis inovadoras.\" \/>\n<meta name=\"robots\" content=\"index, follow, max-snippet:-1, max-image-preview:large, max-video-preview:-1\" \/>\n<link rel=\"canonical\" href=\"https:\/\/projetopack.com.br\/en\/qual-a-embalagem-do-futuro\/\" \/>\n<meta property=\"og:locale\" content=\"en_US\" \/>\n<meta property=\"og:type\" content=\"article\" \/>\n<meta property=\"og:title\" content=\"Qual a embalagem do futuro?\" \/>\n<meta property=\"og:description\" content=\"Com o crescimento orientado para a conveni\u00eancia e sustentabilidade, as embalagens tradicionais est\u00e3o sendo substitu\u00eddas por embalagens flex\u00edveis inovadoras.\" \/>\n<meta property=\"og:url\" content=\"https:\/\/projetopack.com.br\/en\/qual-a-embalagem-do-futuro\/\" \/>\n<meta property=\"og:site_name\" content=\"ProjetoPack\" \/>\n<meta property=\"article:published_time\" content=\"2015-08-03T03:49:55+00:00\" \/>\n<meta property=\"article:modified_time\" content=\"2021-09-08T21:26:20+00:00\" \/>\n<meta property=\"og:image\" content=\"https:\/\/projetopack.com.br\/wp-content\/uploads\/2020\/06\/Capa-1200x630-1.png\" \/>\n\t<meta property=\"og:image:width\" content=\"1200\" \/>\n\t<meta property=\"og:image:height\" content=\"630\" \/>\n\t<meta property=\"og:image:type\" content=\"image\/png\" \/>\n<meta name=\"author\" content=\"Aislan Baer\" \/>\n<meta name=\"twitter:card\" content=\"summary_large_image\" \/>\n<meta name=\"twitter:creator\" content=\"@ProjetoPack\" \/>\n<meta name=\"twitter:site\" content=\"@ProjetoPack\" \/>\n<meta name=\"twitter:label1\" content=\"Written by\" \/>\n\t<meta name=\"twitter:data1\" content=\"Aislan Baer\" \/>\n\t<meta name=\"twitter:label2\" content=\"Est. reading time\" \/>\n\t<meta name=\"twitter:data2\" content=\"2 minutes\" \/>\n<script type=\"application\/ld+json\" class=\"yoast-schema-graph\">{\"@context\":\"https:\/\/schema.org\",\"@graph\":[{\"@type\":\"Article\",\"@id\":\"https:\/\/projetopack.com.br\/en\/qual-a-embalagem-do-futuro\/#article\",\"isPartOf\":{\"@id\":\"https:\/\/projetopack.com.br\/en\/qual-a-embalagem-do-futuro\/\"},\"author\":{\"name\":\"Aislan Baer\",\"@id\":\"https:\/\/projetopack.com.br\/#\/schema\/person\/87cbd7d1e244880886d457815ebd2490\"},\"headline\":\"Qual a embalagem do futuro?\",\"datePublished\":\"2015-08-03T03:49:55+00:00\",\"dateModified\":\"2021-09-08T21:26:20+00:00\",\"mainEntityOfPage\":{\"@id\":\"https:\/\/projetopack.com.br\/en\/qual-a-embalagem-do-futuro\/\"},\"wordCount\":393,\"publisher\":{\"@id\":\"https:\/\/projetopack.com.br\/#organization\"},\"articleSection\":[\"Arquivo\",\"Opini\u00e3o\"],\"inLanguage\":\"en-US\"},{\"@type\":\"WebPage\",\"@id\":\"https:\/\/projetopack.com.br\/en\/qual-a-embalagem-do-futuro\/\",\"url\":\"https:\/\/projetopack.com.br\/en\/qual-a-embalagem-do-futuro\/\",\"name\":\"Qual a embalagem do futuro? - ProjetoPack\",\"isPartOf\":{\"@id\":\"https:\/\/projetopack.com.br\/#website\"},\"datePublished\":\"2015-08-03T03:49:55+00:00\",\"dateModified\":\"2021-09-08T21:26:20+00:00\",\"description\":\"Com o crescimento orientado para a conveni\u00eancia e sustentabilidade, as embalagens tradicionais est\u00e3o sendo substitu\u00eddas por embalagens flex\u00edveis inovadoras.\",\"breadcrumb\":{\"@id\":\"https:\/\/projetopack.com.br\/en\/qual-a-embalagem-do-futuro\/#breadcrumb\"},\"inLanguage\":\"en-US\",\"potentialAction\":[{\"@type\":\"ReadAction\",\"target\":[\"https:\/\/projetopack.com.br\/en\/qual-a-embalagem-do-futuro\/\"]}]},{\"@type\":\"BreadcrumbList\",\"@id\":\"https:\/\/projetopack.com.br\/en\/qual-a-embalagem-do-futuro\/#breadcrumb\",\"itemListElement\":[{\"@type\":\"ListItem\",\"position\":1,\"name\":\"P\u00e1gina Inicial\",\"item\":\"https:\/\/projetopack.com.br\/\"},{\"@type\":\"ListItem\",\"position\":2,\"name\":\"Arquivo\",\"item\":\"https:\/\/projetopack.com.br\/en\/category\/arquivo\/\"},{\"@type\":\"ListItem\",\"position\":3,\"name\":\"Qual a embalagem do futuro?\"}]},{\"@type\":\"WebSite\",\"@id\":\"https:\/\/projetopack.com.br\/#website\",\"url\":\"https:\/\/projetopack.com.br\/\",\"name\":\"ProjetoPack\",\"description\":\"Consultoria e servi\u00e7os para embalagens, r\u00f3tulos, etiquetas e processos de impress\u00e3o\",\"publisher\":{\"@id\":\"https:\/\/projetopack.com.br\/#organization\"},\"potentialAction\":[{\"@type\":\"SearchAction\",\"target\":{\"@type\":\"EntryPoint\",\"urlTemplate\":\"https:\/\/projetopack.com.br\/?s={search_term_string}\"},\"query-input\":{\"@type\":\"PropertyValueSpecification\",\"valueRequired\":true,\"valueName\":\"search_term_string\"}}],\"inLanguage\":\"en-US\"},{\"@type\":\"Organization\",\"@id\":\"https:\/\/projetopack.com.br\/#organization\",\"name\":\"ProjetoPack & Associados\",\"url\":\"https:\/\/projetopack.com.br\/\",\"logo\":{\"@type\":\"ImageObject\",\"inLanguage\":\"en-US\",\"@id\":\"https:\/\/projetopack.com.br\/#\/schema\/logo\/image\/\",\"url\":\"https:\/\/projetopack.com.br\/wp-content\/uploads\/2020\/09\/projetopack.png\",\"contentUrl\":\"https:\/\/projetopack.com.br\/wp-content\/uploads\/2020\/09\/projetopack.png\",\"width\":200,\"height\":200,\"caption\":\"ProjetoPack & Associados\"},\"image\":{\"@id\":\"https:\/\/projetopack.com.br\/#\/schema\/logo\/image\/\"},\"sameAs\":[\"https:\/\/x.com\/ProjetoPack\",\"https:\/\/www.linkedin.com\/company\/projetopack\/\"]},{\"@type\":\"Person\",\"@id\":\"https:\/\/projetopack.com.br\/#\/schema\/person\/87cbd7d1e244880886d457815ebd2490\",\"name\":\"Aislan Baer\",\"image\":{\"@type\":\"ImageObject\",\"inLanguage\":\"en-US\",\"@id\":\"https:\/\/projetopack.com.br\/#\/schema\/person\/image\/\",\"url\":\"https:\/\/projetopack.com.br\/wp-content\/uploads\/2021\/08\/Aislan-Busto-p-100x100.jpg\",\"contentUrl\":\"https:\/\/projetopack.com.br\/wp-content\/uploads\/2021\/08\/Aislan-Busto-p-100x100.jpg\",\"caption\":\"Aislan Baer\"},\"description\":\"Desde os \u00faltimos 20 anos, meu time e eu ajudamos mais de 300 empresas brasileiras e estrangeiras (algumas delas, l\u00edderes mundiais) a produzir embalagens flex\u00edveis e r\u00f3tulos com maior efici\u00eancia, menores custos e maior apelo visual, bem como centenas de donos de marcas a comprar suas embalagens flex\u00edveis e material impresso com um crit\u00e9rio mais t\u00e9cnico e assertivo. Ao mesmo tempo, gra\u00e7as \u00e0 nossa consultoria, muitas destas empresas melhoraram significativamente o seu processo de Impress\u00e3o (Impress\u00e3o de embalagens, Impress\u00e3o industrial, Impress\u00e3o funcional e, mais recentemente, bio impress\u00e3o e manufatura aditiva ou simplesmente Impress\u00e3o 3D). Se a sua empresa tem um problema relacionado a embalagens flex\u00edveis, r\u00f3tulos ou Impress\u00e3o, por mais insol\u00favel que lhe pare\u00e7a, aguardamos ansiosos a sua liga\u00e7\u00e3o ou e-mail. Este \u00e9 nosso trabalho e tamb\u00e9m a nossa paix\u00e3o.\",\"sameAs\":[\"http:\/\/www.projetopack.com\",\"https:\/\/www.linkedin.com\/in\/aislanbaer\/\"],\"jobTitle\":\"CEO @ ProjetoPack | L\u00edder em M&A no Setor de Impress\u00e3o e Embalagens no Brasil | Cofundador da Inovagraf e Neuraflow | Especialista em Inova\u00e7\u00e3o com IA na Impress\u00e3o | Printing Legacy Initiative | Empreendedor Serial\",\"url\":\"https:\/\/projetopack.com.br\/en\/author\/aislan\/\"}]}<\/script>\n<!-- \/ Yoast SEO Premium plugin. -->","yoast_head_json":{"title":"Qual a embalagem do futuro? - ProjetoPack","description":"Com o crescimento orientado para a conveni\u00eancia e sustentabilidade, as embalagens tradicionais est\u00e3o sendo substitu\u00eddas por embalagens flex\u00edveis inovadoras.","robots":{"index":"index","follow":"follow","max-snippet":"max-snippet:-1","max-image-preview":"max-image-preview:large","max-video-preview":"max-video-preview:-1"},"canonical":"https:\/\/projetopack.com.br\/en\/qual-a-embalagem-do-futuro\/","og_locale":"en_US","og_type":"article","og_title":"Qual a embalagem do futuro?","og_description":"Com o crescimento orientado para a conveni\u00eancia e sustentabilidade, as embalagens tradicionais est\u00e3o sendo substitu\u00eddas por embalagens flex\u00edveis inovadoras.","og_url":"https:\/\/projetopack.com.br\/en\/qual-a-embalagem-do-futuro\/","og_site_name":"ProjetoPack","article_published_time":"2015-08-03T03:49:55+00:00","article_modified_time":"2021-09-08T21:26:20+00:00","og_image":[{"width":1200,"height":630,"url":"https:\/\/projetopack.com.br\/wp-content\/uploads\/2020\/06\/Capa-1200x630-1.png","type":"image\/png"}],"author":"Aislan Baer","twitter_card":"summary_large_image","twitter_creator":"@ProjetoPack","twitter_site":"@ProjetoPack","twitter_misc":{"Written by":"Aislan Baer","Est. reading time":"2 minutes"},"schema":{"@context":"https:\/\/schema.org","@graph":[{"@type":"Article","@id":"https:\/\/projetopack.com.br\/en\/qual-a-embalagem-do-futuro\/#article","isPartOf":{"@id":"https:\/\/projetopack.com.br\/en\/qual-a-embalagem-do-futuro\/"},"author":{"name":"Aislan Baer","@id":"https:\/\/projetopack.com.br\/#\/schema\/person\/87cbd7d1e244880886d457815ebd2490"},"headline":"Qual a embalagem do futuro?","datePublished":"2015-08-03T03:49:55+00:00","dateModified":"2021-09-08T21:26:20+00:00","mainEntityOfPage":{"@id":"https:\/\/projetopack.com.br\/en\/qual-a-embalagem-do-futuro\/"},"wordCount":393,"publisher":{"@id":"https:\/\/projetopack.com.br\/#organization"},"articleSection":["Arquivo","Opini\u00e3o"],"inLanguage":"en-US"},{"@type":"WebPage","@id":"https:\/\/projetopack.com.br\/en\/qual-a-embalagem-do-futuro\/","url":"https:\/\/projetopack.com.br\/en\/qual-a-embalagem-do-futuro\/","name":"Qual a embalagem do futuro? - ProjetoPack","isPartOf":{"@id":"https:\/\/projetopack.com.br\/#website"},"datePublished":"2015-08-03T03:49:55+00:00","dateModified":"2021-09-08T21:26:20+00:00","description":"Com o crescimento orientado para a conveni\u00eancia e sustentabilidade, as embalagens tradicionais est\u00e3o sendo substitu\u00eddas por embalagens flex\u00edveis inovadoras.","breadcrumb":{"@id":"https:\/\/projetopack.com.br\/en\/qual-a-embalagem-do-futuro\/#breadcrumb"},"inLanguage":"en-US","potentialAction":[{"@type":"ReadAction","target":["https:\/\/projetopack.com.br\/en\/qual-a-embalagem-do-futuro\/"]}]},{"@type":"BreadcrumbList","@id":"https:\/\/projetopack.com.br\/en\/qual-a-embalagem-do-futuro\/#breadcrumb","itemListElement":[{"@type":"ListItem","position":1,"name":"P\u00e1gina Inicial","item":"https:\/\/projetopack.com.br\/"},{"@type":"ListItem","position":2,"name":"Arquivo","item":"https:\/\/projetopack.com.br\/en\/category\/arquivo\/"},{"@type":"ListItem","position":3,"name":"Qual a embalagem do futuro?"}]},{"@type":"WebSite","@id":"https:\/\/projetopack.com.br\/#website","url":"https:\/\/projetopack.com.br\/","name":"ProjetoPack","description":"Consultoria e servi\u00e7os para embalagens, r\u00f3tulos, etiquetas e processos de impress\u00e3o","publisher":{"@id":"https:\/\/projetopack.com.br\/#organization"},"potentialAction":[{"@type":"SearchAction","target":{"@type":"EntryPoint","urlTemplate":"https:\/\/projetopack.com.br\/?s={search_term_string}"},"query-input":{"@type":"PropertyValueSpecification","valueRequired":true,"valueName":"search_term_string"}}],"inLanguage":"en-US"},{"@type":"Organization","@id":"https:\/\/projetopack.com.br\/#organization","name":"ProjetoPack & Associados","url":"https:\/\/projetopack.com.br\/","logo":{"@type":"ImageObject","inLanguage":"en-US","@id":"https:\/\/projetopack.com.br\/#\/schema\/logo\/image\/","url":"https:\/\/projetopack.com.br\/wp-content\/uploads\/2020\/09\/projetopack.png","contentUrl":"https:\/\/projetopack.com.br\/wp-content\/uploads\/2020\/09\/projetopack.png","width":200,"height":200,"caption":"ProjetoPack & Associados"},"image":{"@id":"https:\/\/projetopack.com.br\/#\/schema\/logo\/image\/"},"sameAs":["https:\/\/x.com\/ProjetoPack","https:\/\/www.linkedin.com\/company\/projetopack\/"]},{"@type":"Person","@id":"https:\/\/projetopack.com.br\/#\/schema\/person\/87cbd7d1e244880886d457815ebd2490","name":"Aislan Baer","image":{"@type":"ImageObject","inLanguage":"en-US","@id":"https:\/\/projetopack.com.br\/#\/schema\/person\/image\/","url":"https:\/\/projetopack.com.br\/wp-content\/uploads\/2021\/08\/Aislan-Busto-p-100x100.jpg","contentUrl":"https:\/\/projetopack.com.br\/wp-content\/uploads\/2021\/08\/Aislan-Busto-p-100x100.jpg","caption":"Aislan Baer"},"description":"Desde os \u00faltimos 20 anos, meu time e eu ajudamos mais de 300 empresas brasileiras e estrangeiras (algumas delas, l\u00edderes mundiais) a produzir embalagens flex\u00edveis e r\u00f3tulos com maior efici\u00eancia, menores custos e maior apelo visual, bem como centenas de donos de marcas a comprar suas embalagens flex\u00edveis e material impresso com um crit\u00e9rio mais t\u00e9cnico e assertivo. Ao mesmo tempo, gra\u00e7as \u00e0 nossa consultoria, muitas destas empresas melhoraram significativamente o seu processo de Impress\u00e3o (Impress\u00e3o de embalagens, Impress\u00e3o industrial, Impress\u00e3o funcional e, mais recentemente, bio impress\u00e3o e manufatura aditiva ou simplesmente Impress\u00e3o 3D). Se a sua empresa tem um problema relacionado a embalagens flex\u00edveis, r\u00f3tulos ou Impress\u00e3o, por mais insol\u00favel que lhe pare\u00e7a, aguardamos ansiosos a sua liga\u00e7\u00e3o ou e-mail. Este \u00e9 nosso trabalho e tamb\u00e9m a nossa paix\u00e3o.","sameAs":["http:\/\/www.projetopack.com","https:\/\/www.linkedin.com\/in\/aislanbaer\/"],"jobTitle":"CEO @ ProjetoPack | L\u00edder em M&A no Setor de Impress\u00e3o e Embalagens no Brasil | Cofundador da Inovagraf e Neuraflow | Especialista em Inova\u00e7\u00e3o com IA na Impress\u00e3o | Printing Legacy Initiative | Empreendedor Serial","url":"https:\/\/projetopack.com.br\/en\/author\/aislan\/"}]}},"_links":{"self":[{"href":"https:\/\/projetopack.com.br\/en\/wp-json\/wp\/v2\/posts\/240","targetHints":{"allow":["GET"]}}],"collection":[{"href":"https:\/\/projetopack.com.br\/en\/wp-json\/wp\/v2\/posts"}],"about":[{"href":"https:\/\/projetopack.com.br\/en\/wp-json\/wp\/v2\/types\/post"}],"author":[{"embeddable":true,"href":"https:\/\/projetopack.com.br\/en\/wp-json\/wp\/v2\/users\/2"}],"replies":[{"embeddable":true,"href":"https:\/\/projetopack.com.br\/en\/wp-json\/wp\/v2\/comments?post=240"}],"version-history":[{"count":0,"href":"https:\/\/projetopack.com.br\/en\/wp-json\/wp\/v2\/posts\/240\/revisions"}],"wp:attachment":[{"href":"https:\/\/projetopack.com.br\/en\/wp-json\/wp\/v2\/media?parent=240"}],"wp:term":[{"taxonomy":"category","embeddable":true,"href":"https:\/\/projetopack.com.br\/en\/wp-json\/wp\/v2\/categories?post=240"},{"taxonomy":"post_tag","embeddable":true,"href":"https:\/\/projetopack.com.br\/en\/wp-json\/wp\/v2\/tags?post=240"}],"curies":[{"name":"wp","href":"https:\/\/api.w.org\/{rel}","templated":true}]}}