{"id":2541,"date":"2017-11-08T13:12:36","date_gmt":"2017-11-08T15:12:36","guid":{"rendered":"http:\/\/projetopack.com.br\/?p=2541"},"modified":"2021-09-10T12:29:32","modified_gmt":"2021-09-10T15:29:32","slug":"flexo-tour-um-giro-no-mercado-flexografico","status":"publish","type":"post","link":"https:\/\/projetopack.com.br\/en\/flexo-tour-um-giro-no-mercado-flexografico\/","title":{"rendered":"Flexo Tour \u2013 Um giro no mercado flexogr\u00e1fico"},"content":{"rendered":"<p><strong>TEND\u00caNCIAS QUE IR\u00c3O TRANSFORMAR O MODO DE VER A FLEXOGRAFIA<\/strong><\/p>\n<p>A primeira edi\u00e7\u00e3o do Flexo Tour \u2013 Um giro no mercado flexogr\u00e1fico foi um sucesso! E por isso, a segunda edi\u00e7\u00e3o vai acontecer no dia 28 de Novembro na cidade de Vila Velha\/ES e conta com palestras e cases sobre as tend\u00eancias e solu\u00e7\u00f5es para clich\u00eas e anilox. A Clicheria Blumenau acredita que apenas o conhecimento constr\u00f3i.<\/p>\n<p>O mercado da flexografia evoluiu muito nos \u00faltimos tempos e transformou o processo mais vers\u00e1til, sofisticado e globalizado. Para que que os profissionais fiquem por dentro das novidades e solu\u00e7\u00f5es para flexografia, a Clicheria Blumenau lan\u00e7ou o evento FLEXO TOUR que apresenta o melhor conte\u00fado do mercado flexogr\u00e1fico atrav\u00e9s de palestras inovadoras, din\u00e2micas e objetivas. As inscri\u00e7\u00f5es s\u00e3o gratuitas e podem ser realizadas pelo site: <a href=\"https:\/\/goo.gl\/Dh1AuA\">https:\/\/goo.gl\/Dh1AuA<\/a><\/p>\n<p><a href=\"https:\/\/projetopack.com.br\/wp-content\/uploads\/2017\/08\/logo-evento-01.png\"><img fetchpriority=\"high\" decoding=\"async\" class=\"alignnone wp-image-2498 size-large\" src=\"https:\/\/projetopack.com.br\/wp-content\/uploads\/2017\/08\/logo-evento-01-1024x512.png\" alt=\"\" width=\"1024\" height=\"512\" srcset=\"https:\/\/projetopack.com.br\/wp-content\/uploads\/2017\/08\/logo-evento-01-1024x512.png 1024w, https:\/\/projetopack.com.br\/wp-content\/uploads\/2017\/08\/logo-evento-01-300x150.png 300w, https:\/\/projetopack.com.br\/wp-content\/uploads\/2017\/08\/logo-evento-01-600x300.png 600w, https:\/\/projetopack.com.br\/wp-content\/uploads\/2017\/08\/logo-evento-01-768x384.png 768w, https:\/\/projetopack.com.br\/wp-content\/uploads\/2017\/08\/logo-evento-01.png 2048w\" sizes=\"(max-width: 1024px) 100vw, 1024px\" \/><\/a><\/p>\n<p><strong>Cronograma: <\/strong><\/p>\n<p>19h &#8211; Palestra: Novas Tecnologias FLAT TOP DOT com Alexsandro Pires (Especialista em Flexografia da Clicheria Blumenau)<\/p>\n<p>20h10 &#8211; Coffee Break<\/p>\n<p>20h40 &#8211; Palestra: Anilox para as novas tecnologias de clich\u00ea com Edmilson de Sousa (Gerente de Desenvolvimento da Laserflex)<\/p>\n<p>Inscri\u00e7\u00f5es gratuitas at\u00e9 o dia 24\/11\/2017.<\/p>\n<p>Para mais informa\u00e7\u00f5es entre em contato: marketing@clicheriablumenau.com.br ou (47) 3144.4129.<\/p>","protected":false},"excerpt":{"rendered":"<p>A primeira edi\u00e7\u00e3o do Flexo Tour \u2013 Um giro no mercado flexogr\u00e1fico foi um sucesso! E por isso, a segunda edi\u00e7\u00e3o vai acontecer no dia 28 de Novembro na cidade de Vila Velha\/ES e conta com palestras e cases sobre as tend\u00eancias e solu\u00e7\u00f5es para clich\u00eas e anilox.<\/p>","protected":false},"author":18,"featured_media":0,"comment_status":"closed","ping_status":"closed","sticky":false,"template":"","format":"standard","meta":{"footnotes":""},"categories":[877],"tags":[102],"class_list":["post-2541","post","type-post","status-publish","format-standard","hentry","category-arquivo","tag-flexo-tour"],"yoast_head":"<!-- This site is optimized with the Yoast SEO Premium plugin v27.1 (Yoast SEO v27.1.1) - https:\/\/yoast.com\/product\/yoast-seo-premium-wordpress\/ -->\n<title>Flexo Tour \u2013 Um giro no mercado flexogr\u00e1fico - ProjetoPack<\/title>\n<meta name=\"description\" content=\"Confira o melhor conte\u00fado sobre tecnologia, design e gest\u00e3o de embalagens flex\u00edveis, r\u00f3tulos e impress\u00e3o.\" \/>\n<meta name=\"robots\" content=\"index, follow, max-snippet:-1, max-image-preview:large, max-video-preview:-1\" \/>\n<link rel=\"canonical\" href=\"https:\/\/projetopack.com.br\/en\/flexo-tour-um-giro-no-mercado-flexografico\/\" \/>\n<meta property=\"og:locale\" content=\"en_US\" \/>\n<meta property=\"og:type\" content=\"article\" \/>\n<meta property=\"og:title\" content=\"Flexo Tour \u2013 Um giro no mercado flexogr\u00e1fico\" \/>\n<meta property=\"og:description\" content=\"Confira o melhor conte\u00fado sobre tecnologia, design e gest\u00e3o de embalagens flex\u00edveis, r\u00f3tulos e impress\u00e3o.\" \/>\n<meta property=\"og:url\" content=\"https:\/\/projetopack.com.br\/en\/flexo-tour-um-giro-no-mercado-flexografico\/\" \/>\n<meta property=\"og:site_name\" content=\"ProjetoPack\" \/>\n<meta property=\"article:published_time\" content=\"2017-11-08T15:12:36+00:00\" \/>\n<meta property=\"article:modified_time\" content=\"2021-09-10T15:29:32+00:00\" \/>\n<meta property=\"og:image\" content=\"https:\/\/projetopack.com.br\/wp-content\/uploads\/2017\/08\/logo-evento-01-1024x512.png\" \/>\n<meta name=\"author\" content=\"Andrea\" \/>\n<meta name=\"twitter:card\" content=\"summary_large_image\" \/>\n<meta name=\"twitter:creator\" content=\"@ProjetoPack\" \/>\n<meta name=\"twitter:site\" content=\"@ProjetoPack\" \/>\n<meta name=\"twitter:label1\" content=\"Written by\" \/>\n\t<meta name=\"twitter:data1\" content=\"Andrea\" \/>\n\t<meta name=\"twitter:label2\" content=\"Est. reading time\" \/>\n\t<meta name=\"twitter:data2\" content=\"1 minute\" \/>\n<script type=\"application\/ld+json\" class=\"yoast-schema-graph\">{\"@context\":\"https:\/\/schema.org\",\"@graph\":[{\"@type\":\"Article\",\"@id\":\"https:\/\/projetopack.com.br\/en\/flexo-tour-um-giro-no-mercado-flexografico\/#article\",\"isPartOf\":{\"@id\":\"https:\/\/projetopack.com.br\/en\/flexo-tour-um-giro-no-mercado-flexografico\/\"},\"author\":{\"name\":\"Andrea\",\"@id\":\"https:\/\/projetopack.com.br\/#\/schema\/person\/d17c72a4bc2b7e461496dd8a14d4cef1\"},\"headline\":\"Flexo Tour \u2013 Um giro no mercado flexogr\u00e1fico\",\"datePublished\":\"2017-11-08T15:12:36+00:00\",\"dateModified\":\"2021-09-10T15:29:32+00:00\",\"mainEntityOfPage\":{\"@id\":\"https:\/\/projetopack.com.br\/en\/flexo-tour-um-giro-no-mercado-flexografico\/\"},\"wordCount\":221,\"publisher\":{\"@id\":\"https:\/\/projetopack.com.br\/#organization\"},\"image\":{\"@id\":\"https:\/\/projetopack.com.br\/en\/flexo-tour-um-giro-no-mercado-flexografico\/#primaryimage\"},\"thumbnailUrl\":\"https:\/\/projetopack.com.br\/wp-content\/uploads\/2017\/08\/logo-evento-01-1024x512.png\",\"keywords\":[\"Flexo Tour\"],\"articleSection\":[\"Arquivo\"],\"inLanguage\":\"en-US\"},{\"@type\":\"WebPage\",\"@id\":\"https:\/\/projetopack.com.br\/en\/flexo-tour-um-giro-no-mercado-flexografico\/\",\"url\":\"https:\/\/projetopack.com.br\/en\/flexo-tour-um-giro-no-mercado-flexografico\/\",\"name\":\"Flexo Tour \u2013 Um giro no mercado flexogr\u00e1fico - ProjetoPack\",\"isPartOf\":{\"@id\":\"https:\/\/projetopack.com.br\/#website\"},\"primaryImageOfPage\":{\"@id\":\"https:\/\/projetopack.com.br\/en\/flexo-tour-um-giro-no-mercado-flexografico\/#primaryimage\"},\"image\":{\"@id\":\"https:\/\/projetopack.com.br\/en\/flexo-tour-um-giro-no-mercado-flexografico\/#primaryimage\"},\"thumbnailUrl\":\"https:\/\/projetopack.com.br\/wp-content\/uploads\/2017\/08\/logo-evento-01-1024x512.png\",\"datePublished\":\"2017-11-08T15:12:36+00:00\",\"dateModified\":\"2021-09-10T15:29:32+00:00\",\"description\":\"Confira o melhor conte\u00fado sobre tecnologia, design e gest\u00e3o de embalagens flex\u00edveis, r\u00f3tulos e impress\u00e3o.\",\"breadcrumb\":{\"@id\":\"https:\/\/projetopack.com.br\/en\/flexo-tour-um-giro-no-mercado-flexografico\/#breadcrumb\"},\"inLanguage\":\"en-US\",\"potentialAction\":[{\"@type\":\"ReadAction\",\"target\":[\"https:\/\/projetopack.com.br\/en\/flexo-tour-um-giro-no-mercado-flexografico\/\"]}]},{\"@type\":\"ImageObject\",\"inLanguage\":\"en-US\",\"@id\":\"https:\/\/projetopack.com.br\/en\/flexo-tour-um-giro-no-mercado-flexografico\/#primaryimage\",\"url\":\"https:\/\/projetopack.com.br\/wp-content\/uploads\/2017\/08\/logo-evento-01-1024x512.png\",\"contentUrl\":\"https:\/\/projetopack.com.br\/wp-content\/uploads\/2017\/08\/logo-evento-01-1024x512.png\"},{\"@type\":\"BreadcrumbList\",\"@id\":\"https:\/\/projetopack.com.br\/en\/flexo-tour-um-giro-no-mercado-flexografico\/#breadcrumb\",\"itemListElement\":[{\"@type\":\"ListItem\",\"position\":1,\"name\":\"P\u00e1gina Inicial\",\"item\":\"https:\/\/projetopack.com.br\/\"},{\"@type\":\"ListItem\",\"position\":2,\"name\":\"Arquivo\",\"item\":\"https:\/\/projetopack.com.br\/en\/category\/arquivo\/\"},{\"@type\":\"ListItem\",\"position\":3,\"name\":\"Flexo Tour \u2013 Um giro no mercado flexogr\u00e1fico\"}]},{\"@type\":\"WebSite\",\"@id\":\"https:\/\/projetopack.com.br\/#website\",\"url\":\"https:\/\/projetopack.com.br\/\",\"name\":\"ProjetoPack\",\"description\":\"Consultoria e servi\u00e7os para embalagens, r\u00f3tulos, etiquetas e processos de impress\u00e3o\",\"publisher\":{\"@id\":\"https:\/\/projetopack.com.br\/#organization\"},\"potentialAction\":[{\"@type\":\"SearchAction\",\"target\":{\"@type\":\"EntryPoint\",\"urlTemplate\":\"https:\/\/projetopack.com.br\/?s={search_term_string}\"},\"query-input\":{\"@type\":\"PropertyValueSpecification\",\"valueRequired\":true,\"valueName\":\"search_term_string\"}}],\"inLanguage\":\"en-US\"},{\"@type\":\"Organization\",\"@id\":\"https:\/\/projetopack.com.br\/#organization\",\"name\":\"ProjetoPack & Associados\",\"url\":\"https:\/\/projetopack.com.br\/\",\"logo\":{\"@type\":\"ImageObject\",\"inLanguage\":\"en-US\",\"@id\":\"https:\/\/projetopack.com.br\/#\/schema\/logo\/image\/\",\"url\":\"https:\/\/projetopack.com.br\/wp-content\/uploads\/2020\/09\/projetopack.png\",\"contentUrl\":\"https:\/\/projetopack.com.br\/wp-content\/uploads\/2020\/09\/projetopack.png\",\"width\":200,\"height\":200,\"caption\":\"ProjetoPack & Associados\"},\"image\":{\"@id\":\"https:\/\/projetopack.com.br\/#\/schema\/logo\/image\/\"},\"sameAs\":[\"https:\/\/x.com\/ProjetoPack\",\"https:\/\/www.linkedin.com\/company\/projetopack\/\"]},{\"@type\":\"Person\",\"@id\":\"https:\/\/projetopack.com.br\/#\/schema\/person\/d17c72a4bc2b7e461496dd8a14d4cef1\",\"name\":\"Andrea\",\"image\":{\"@type\":\"ImageObject\",\"inLanguage\":\"en-US\",\"@id\":\"https:\/\/projetopack.com.br\/#\/schema\/person\/image\/\",\"url\":\"https:\/\/projetopack.com.br\/wp-content\/uploads\/2026\/03\/eu-150x150.jpg\",\"contentUrl\":\"https:\/\/projetopack.com.br\/wp-content\/uploads\/2026\/03\/eu-150x150.jpg\",\"caption\":\"Andrea\"},\"url\":\"https:\/\/projetopack.com.br\/en\/author\/andrea\/\"}]}<\/script>\n<!-- \/ Yoast SEO Premium plugin. -->","yoast_head_json":{"title":"Flexo Tour \u2013 Um giro no mercado flexogr\u00e1fico - ProjetoPack","description":"Confira o melhor conte\u00fado sobre tecnologia, design e gest\u00e3o de embalagens flex\u00edveis, r\u00f3tulos e impress\u00e3o.","robots":{"index":"index","follow":"follow","max-snippet":"max-snippet:-1","max-image-preview":"max-image-preview:large","max-video-preview":"max-video-preview:-1"},"canonical":"https:\/\/projetopack.com.br\/en\/flexo-tour-um-giro-no-mercado-flexografico\/","og_locale":"en_US","og_type":"article","og_title":"Flexo Tour \u2013 Um giro no mercado flexogr\u00e1fico","og_description":"Confira o melhor conte\u00fado sobre tecnologia, design e gest\u00e3o de embalagens flex\u00edveis, r\u00f3tulos e impress\u00e3o.","og_url":"https:\/\/projetopack.com.br\/en\/flexo-tour-um-giro-no-mercado-flexografico\/","og_site_name":"ProjetoPack","article_published_time":"2017-11-08T15:12:36+00:00","article_modified_time":"2021-09-10T15:29:32+00:00","og_image":[{"url":"https:\/\/projetopack.com.br\/wp-content\/uploads\/2017\/08\/logo-evento-01-1024x512.png","type":"","width":"","height":""}],"author":"Andrea","twitter_card":"summary_large_image","twitter_creator":"@ProjetoPack","twitter_site":"@ProjetoPack","twitter_misc":{"Written by":"Andrea","Est. reading time":"1 minute"},"schema":{"@context":"https:\/\/schema.org","@graph":[{"@type":"Article","@id":"https:\/\/projetopack.com.br\/en\/flexo-tour-um-giro-no-mercado-flexografico\/#article","isPartOf":{"@id":"https:\/\/projetopack.com.br\/en\/flexo-tour-um-giro-no-mercado-flexografico\/"},"author":{"name":"Andrea","@id":"https:\/\/projetopack.com.br\/#\/schema\/person\/d17c72a4bc2b7e461496dd8a14d4cef1"},"headline":"Flexo Tour \u2013 Um giro no mercado flexogr\u00e1fico","datePublished":"2017-11-08T15:12:36+00:00","dateModified":"2021-09-10T15:29:32+00:00","mainEntityOfPage":{"@id":"https:\/\/projetopack.com.br\/en\/flexo-tour-um-giro-no-mercado-flexografico\/"},"wordCount":221,"publisher":{"@id":"https:\/\/projetopack.com.br\/#organization"},"image":{"@id":"https:\/\/projetopack.com.br\/en\/flexo-tour-um-giro-no-mercado-flexografico\/#primaryimage"},"thumbnailUrl":"https:\/\/projetopack.com.br\/wp-content\/uploads\/2017\/08\/logo-evento-01-1024x512.png","keywords":["Flexo Tour"],"articleSection":["Arquivo"],"inLanguage":"en-US"},{"@type":"WebPage","@id":"https:\/\/projetopack.com.br\/en\/flexo-tour-um-giro-no-mercado-flexografico\/","url":"https:\/\/projetopack.com.br\/en\/flexo-tour-um-giro-no-mercado-flexografico\/","name":"Flexo Tour \u2013 Um giro no mercado flexogr\u00e1fico - ProjetoPack","isPartOf":{"@id":"https:\/\/projetopack.com.br\/#website"},"primaryImageOfPage":{"@id":"https:\/\/projetopack.com.br\/en\/flexo-tour-um-giro-no-mercado-flexografico\/#primaryimage"},"image":{"@id":"https:\/\/projetopack.com.br\/en\/flexo-tour-um-giro-no-mercado-flexografico\/#primaryimage"},"thumbnailUrl":"https:\/\/projetopack.com.br\/wp-content\/uploads\/2017\/08\/logo-evento-01-1024x512.png","datePublished":"2017-11-08T15:12:36+00:00","dateModified":"2021-09-10T15:29:32+00:00","description":"Confira o melhor conte\u00fado sobre tecnologia, design e gest\u00e3o de embalagens flex\u00edveis, r\u00f3tulos e impress\u00e3o.","breadcrumb":{"@id":"https:\/\/projetopack.com.br\/en\/flexo-tour-um-giro-no-mercado-flexografico\/#breadcrumb"},"inLanguage":"en-US","potentialAction":[{"@type":"ReadAction","target":["https:\/\/projetopack.com.br\/en\/flexo-tour-um-giro-no-mercado-flexografico\/"]}]},{"@type":"ImageObject","inLanguage":"en-US","@id":"https:\/\/projetopack.com.br\/en\/flexo-tour-um-giro-no-mercado-flexografico\/#primaryimage","url":"https:\/\/projetopack.com.br\/wp-content\/uploads\/2017\/08\/logo-evento-01-1024x512.png","contentUrl":"https:\/\/projetopack.com.br\/wp-content\/uploads\/2017\/08\/logo-evento-01-1024x512.png"},{"@type":"BreadcrumbList","@id":"https:\/\/projetopack.com.br\/en\/flexo-tour-um-giro-no-mercado-flexografico\/#breadcrumb","itemListElement":[{"@type":"ListItem","position":1,"name":"P\u00e1gina Inicial","item":"https:\/\/projetopack.com.br\/"},{"@type":"ListItem","position":2,"name":"Arquivo","item":"https:\/\/projetopack.com.br\/en\/category\/arquivo\/"},{"@type":"ListItem","position":3,"name":"Flexo Tour \u2013 Um giro no mercado flexogr\u00e1fico"}]},{"@type":"WebSite","@id":"https:\/\/projetopack.com.br\/#website","url":"https:\/\/projetopack.com.br\/","name":"ProjetoPack","description":"Consultoria e servi\u00e7os para embalagens, r\u00f3tulos, etiquetas e processos de impress\u00e3o","publisher":{"@id":"https:\/\/projetopack.com.br\/#organization"},"potentialAction":[{"@type":"SearchAction","target":{"@type":"EntryPoint","urlTemplate":"https:\/\/projetopack.com.br\/?s={search_term_string}"},"query-input":{"@type":"PropertyValueSpecification","valueRequired":true,"valueName":"search_term_string"}}],"inLanguage":"en-US"},{"@type":"Organization","@id":"https:\/\/projetopack.com.br\/#organization","name":"ProjetoPack & Associados","url":"https:\/\/projetopack.com.br\/","logo":{"@type":"ImageObject","inLanguage":"en-US","@id":"https:\/\/projetopack.com.br\/#\/schema\/logo\/image\/","url":"https:\/\/projetopack.com.br\/wp-content\/uploads\/2020\/09\/projetopack.png","contentUrl":"https:\/\/projetopack.com.br\/wp-content\/uploads\/2020\/09\/projetopack.png","width":200,"height":200,"caption":"ProjetoPack & Associados"},"image":{"@id":"https:\/\/projetopack.com.br\/#\/schema\/logo\/image\/"},"sameAs":["https:\/\/x.com\/ProjetoPack","https:\/\/www.linkedin.com\/company\/projetopack\/"]},{"@type":"Person","@id":"https:\/\/projetopack.com.br\/#\/schema\/person\/d17c72a4bc2b7e461496dd8a14d4cef1","name":"Andrea","image":{"@type":"ImageObject","inLanguage":"en-US","@id":"https:\/\/projetopack.com.br\/#\/schema\/person\/image\/","url":"https:\/\/projetopack.com.br\/wp-content\/uploads\/2026\/03\/eu-150x150.jpg","contentUrl":"https:\/\/projetopack.com.br\/wp-content\/uploads\/2026\/03\/eu-150x150.jpg","caption":"Andrea"},"url":"https:\/\/projetopack.com.br\/en\/author\/andrea\/"}]}},"_links":{"self":[{"href":"https:\/\/projetopack.com.br\/en\/wp-json\/wp\/v2\/posts\/2541","targetHints":{"allow":["GET"]}}],"collection":[{"href":"https:\/\/projetopack.com.br\/en\/wp-json\/wp\/v2\/posts"}],"about":[{"href":"https:\/\/projetopack.com.br\/en\/wp-json\/wp\/v2\/types\/post"}],"author":[{"embeddable":true,"href":"https:\/\/projetopack.com.br\/en\/wp-json\/wp\/v2\/users\/18"}],"replies":[{"embeddable":true,"href":"https:\/\/projetopack.com.br\/en\/wp-json\/wp\/v2\/comments?post=2541"}],"version-history":[{"count":0,"href":"https:\/\/projetopack.com.br\/en\/wp-json\/wp\/v2\/posts\/2541\/revisions"}],"wp:attachment":[{"href":"https:\/\/projetopack.com.br\/en\/wp-json\/wp\/v2\/media?parent=2541"}],"wp:term":[{"taxonomy":"category","embeddable":true,"href":"https:\/\/projetopack.com.br\/en\/wp-json\/wp\/v2\/categories?post=2541"},{"taxonomy":"post_tag","embeddable":true,"href":"https:\/\/projetopack.com.br\/en\/wp-json\/wp\/v2\/tags?post=2541"}],"curies":[{"name":"wp","href":"https:\/\/api.w.org\/{rel}","templated":true}]}}