{"id":2565,"date":"2017-11-16T16:33:14","date_gmt":"2017-11-16T18:33:14","guid":{"rendered":"http:\/\/projetopack.com.br\/?p=2565"},"modified":"2021-09-10T12:30:40","modified_gmt":"2021-09-10T15:30:40","slug":"hp-abre-inscricoes-para-o-3o-premio-anual-hp-inkspiration-awards-americas","status":"publish","type":"post","link":"https:\/\/projetopack.com.br\/en\/hp-abre-inscricoes-para-o-3o-premio-anual-hp-inkspiration-awards-americas\/","title":{"rendered":"HP abre inscri\u00e7\u00f5es para o 3\u00ba Pr\u00eamio Anual HP Inkspiration Awards Americas"},"content":{"rendered":"<p>A HP Inc. e a Dscoop (Digital Solutions Cooperative) anunciaram a convoca\u00e7\u00e3o para o terceiro pr\u00eamio anual HP Inkspiration Awards Americas, um concurso de primeira categoria que celebra os melhores projetos de impress\u00e3o da classe usando a HP Indigo, HP PageWide Web Press e HP Scitex. Provedores de servi\u00e7os de impress\u00e3o, conversores, designers e ag\u00eancias s\u00e3o convidados a participar, enviando seu trabalho mais inovador e criativo para ser analisado por um painel de especialistas da ind\u00fastria.<\/p>\n<p>Como parte do HP Inkspiration Awards Americas, a HP e a Dscoop estar\u00e3o premiando o melhor em autopromo\u00e7\u00e3o com o Pr\u00eamio Rod Key Marketing Excellence Award. Este pr\u00eamio, nomeado em mem\u00f3ria ao l\u00ed\u00adder da ind\u00fastria, Rod Key, \u00e9 entregue \u00e0 empresa com a campanha de marketing mais criativa promovendo seus neg\u00f3cios.<\/p>\n<p>As inscri\u00e7\u00f5es ser\u00e3o aceitas at\u00e9 12 de janeiro de 2018, no site do programa: <a href=\"http:\/\/www.hpinkspiration.com\">www.hpinkspiration.com<\/a>. Os vencedores ser\u00e3o anunciados na &#8220;Unleashing Print!&#8221; durante a cerim\u00f4nia de apresenta\u00e7\u00e3o especial do vencedor em Dallas, no Texas, de 25 a 28 de mar\u00e7o.<\/p>\n<p>&#8220;Dada a natureza competitiva da nossa ind\u00fastria, ganhar o pr\u00eamio HP Inkspiration estabeleceu o reconhecimento pelo nosso trabalho e proporcionou que n\u00f3s nos destac\u00e1ssemos da multid\u00e3o na busca por novas oportunidades de neg\u00f3cios. N\u00e3o foi apenas uma honra receber esse pr\u00eamio, mas ser uma loja de impress\u00e3o premiada nos ajudou a garantir novos neg\u00f3cios &#8220;, disse Manee Kassaii, Rush Graphics Inc.<\/p>\n<p><strong>As categorias de inscri\u00e7\u00e3o incluem:<\/strong><\/p>\n<p>Mala direta, acess\u00f3rios, publica\u00e7\u00e3o, transa\u00e7\u00e3o, produtos personalizados, fotolivros\/aplicativos fotogr\u00e1ficos, bebidas alco\u00f3licas, sa\u00fade e beleza, alimentos e bebidas, papel\u00e3o ondulado e o Rod Key Marketing Excellence Award, que reconhece as campanhas de marketing de uma empresa criadas para promover seus pr\u00f3prios neg\u00f3cios.<\/p>","protected":false},"excerpt":{"rendered":"<p>A HP Inc. e a Dscoop (Digital Solutions Cooperative) anunciaram a convoca\u00e7\u00e3o para o terceiro pr\u00eamio anual HP Inkspiration Awards Americas, um concurso de primeira categoria que celebra os melhores projetos de impress\u00e3o da classe usando a HP Indigo, HP PageWide Web Press e HP Scitex. <\/p>","protected":false},"author":18,"featured_media":0,"comment_status":"closed","ping_status":"closed","sticky":false,"template":"","format":"standard","meta":{"footnotes":""},"categories":[877],"tags":[],"class_list":["post-2565","post","type-post","status-publish","format-standard","hentry","category-arquivo"],"yoast_head":"<!-- This site is optimized with the Yoast SEO Premium plugin v27.1 (Yoast SEO v27.1.1) - https:\/\/yoast.com\/product\/yoast-seo-premium-wordpress\/ -->\n<title>HP abre inscri\u00e7\u00f5es para o 3\u00ba Pr\u00eamio Anual HP Inkspiration Awards Americas - ProjetoPack<\/title>\n<meta name=\"description\" content=\"Confira o melhor conte\u00fado sobre tecnologia, design e gest\u00e3o de embalagens flex\u00edveis, r\u00f3tulos e impress\u00e3o.\" \/>\n<meta name=\"robots\" content=\"index, follow, max-snippet:-1, max-image-preview:large, max-video-preview:-1\" \/>\n<link rel=\"canonical\" href=\"https:\/\/projetopack.com.br\/en\/hp-abre-inscricoes-para-o-3o-premio-anual-hp-inkspiration-awards-americas\/\" \/>\n<meta property=\"og:locale\" content=\"en_US\" \/>\n<meta property=\"og:type\" content=\"article\" \/>\n<meta property=\"og:title\" content=\"HP abre inscri\u00e7\u00f5es para o 3\u00ba Pr\u00eamio Anual HP Inkspiration Awards Americas\" \/>\n<meta property=\"og:description\" content=\"Confira o melhor conte\u00fado sobre tecnologia, design e gest\u00e3o de embalagens flex\u00edveis, r\u00f3tulos e impress\u00e3o.\" \/>\n<meta property=\"og:url\" content=\"https:\/\/projetopack.com.br\/en\/hp-abre-inscricoes-para-o-3o-premio-anual-hp-inkspiration-awards-americas\/\" \/>\n<meta property=\"og:site_name\" content=\"ProjetoPack\" \/>\n<meta property=\"article:published_time\" content=\"2017-11-16T18:33:14+00:00\" \/>\n<meta property=\"article:modified_time\" content=\"2021-09-10T15:30:40+00:00\" \/>\n<meta property=\"og:image\" content=\"https:\/\/projetopack.com.br\/wp-content\/uploads\/2020\/06\/Capa-1200x630-1.png\" \/>\n\t<meta property=\"og:image:width\" content=\"1200\" \/>\n\t<meta property=\"og:image:height\" content=\"630\" \/>\n\t<meta property=\"og:image:type\" content=\"image\/png\" \/>\n<meta name=\"author\" content=\"Andrea\" \/>\n<meta name=\"twitter:card\" content=\"summary_large_image\" \/>\n<meta name=\"twitter:creator\" content=\"@ProjetoPack\" \/>\n<meta name=\"twitter:site\" content=\"@ProjetoPack\" \/>\n<meta name=\"twitter:label1\" content=\"Written by\" \/>\n\t<meta name=\"twitter:data1\" content=\"Andrea\" \/>\n\t<meta name=\"twitter:label2\" content=\"Est. reading time\" \/>\n\t<meta name=\"twitter:data2\" content=\"2 minutes\" \/>\n<script type=\"application\/ld+json\" class=\"yoast-schema-graph\">{\"@context\":\"https:\/\/schema.org\",\"@graph\":[{\"@type\":\"Article\",\"@id\":\"https:\/\/projetopack.com.br\/en\/hp-abre-inscricoes-para-o-3o-premio-anual-hp-inkspiration-awards-americas\/#article\",\"isPartOf\":{\"@id\":\"https:\/\/projetopack.com.br\/en\/hp-abre-inscricoes-para-o-3o-premio-anual-hp-inkspiration-awards-americas\/\"},\"author\":{\"name\":\"Andrea\",\"@id\":\"https:\/\/projetopack.com.br\/#\/schema\/person\/d17c72a4bc2b7e461496dd8a14d4cef1\"},\"headline\":\"HP abre inscri\u00e7\u00f5es para o 3\u00ba Pr\u00eamio Anual HP Inkspiration Awards Americas\",\"datePublished\":\"2017-11-16T18:33:14+00:00\",\"dateModified\":\"2021-09-10T15:30:40+00:00\",\"mainEntityOfPage\":{\"@id\":\"https:\/\/projetopack.com.br\/en\/hp-abre-inscricoes-para-o-3o-premio-anual-hp-inkspiration-awards-americas\/\"},\"wordCount\":325,\"publisher\":{\"@id\":\"https:\/\/projetopack.com.br\/#organization\"},\"articleSection\":[\"Arquivo\"],\"inLanguage\":\"en-US\"},{\"@type\":\"WebPage\",\"@id\":\"https:\/\/projetopack.com.br\/en\/hp-abre-inscricoes-para-o-3o-premio-anual-hp-inkspiration-awards-americas\/\",\"url\":\"https:\/\/projetopack.com.br\/en\/hp-abre-inscricoes-para-o-3o-premio-anual-hp-inkspiration-awards-americas\/\",\"name\":\"HP abre inscri\u00e7\u00f5es para o 3\u00ba Pr\u00eamio Anual HP Inkspiration Awards Americas - ProjetoPack\",\"isPartOf\":{\"@id\":\"https:\/\/projetopack.com.br\/#website\"},\"datePublished\":\"2017-11-16T18:33:14+00:00\",\"dateModified\":\"2021-09-10T15:30:40+00:00\",\"description\":\"Confira o melhor conte\u00fado sobre tecnologia, design e gest\u00e3o de embalagens flex\u00edveis, r\u00f3tulos e impress\u00e3o.\",\"breadcrumb\":{\"@id\":\"https:\/\/projetopack.com.br\/en\/hp-abre-inscricoes-para-o-3o-premio-anual-hp-inkspiration-awards-americas\/#breadcrumb\"},\"inLanguage\":\"en-US\",\"potentialAction\":[{\"@type\":\"ReadAction\",\"target\":[\"https:\/\/projetopack.com.br\/en\/hp-abre-inscricoes-para-o-3o-premio-anual-hp-inkspiration-awards-americas\/\"]}]},{\"@type\":\"BreadcrumbList\",\"@id\":\"https:\/\/projetopack.com.br\/en\/hp-abre-inscricoes-para-o-3o-premio-anual-hp-inkspiration-awards-americas\/#breadcrumb\",\"itemListElement\":[{\"@type\":\"ListItem\",\"position\":1,\"name\":\"P\u00e1gina Inicial\",\"item\":\"https:\/\/projetopack.com.br\/\"},{\"@type\":\"ListItem\",\"position\":2,\"name\":\"Arquivo\",\"item\":\"https:\/\/projetopack.com.br\/en\/category\/arquivo\/\"},{\"@type\":\"ListItem\",\"position\":3,\"name\":\"HP abre inscri\u00e7\u00f5es para o 3\u00ba Pr\u00eamio Anual HP Inkspiration Awards Americas\"}]},{\"@type\":\"WebSite\",\"@id\":\"https:\/\/projetopack.com.br\/#website\",\"url\":\"https:\/\/projetopack.com.br\/\",\"name\":\"ProjetoPack\",\"description\":\"Consultoria e servi\u00e7os para embalagens, r\u00f3tulos, etiquetas e processos de impress\u00e3o\",\"publisher\":{\"@id\":\"https:\/\/projetopack.com.br\/#organization\"},\"potentialAction\":[{\"@type\":\"SearchAction\",\"target\":{\"@type\":\"EntryPoint\",\"urlTemplate\":\"https:\/\/projetopack.com.br\/?s={search_term_string}\"},\"query-input\":{\"@type\":\"PropertyValueSpecification\",\"valueRequired\":true,\"valueName\":\"search_term_string\"}}],\"inLanguage\":\"en-US\"},{\"@type\":\"Organization\",\"@id\":\"https:\/\/projetopack.com.br\/#organization\",\"name\":\"ProjetoPack & Associados\",\"url\":\"https:\/\/projetopack.com.br\/\",\"logo\":{\"@type\":\"ImageObject\",\"inLanguage\":\"en-US\",\"@id\":\"https:\/\/projetopack.com.br\/#\/schema\/logo\/image\/\",\"url\":\"https:\/\/projetopack.com.br\/wp-content\/uploads\/2020\/09\/projetopack.png\",\"contentUrl\":\"https:\/\/projetopack.com.br\/wp-content\/uploads\/2020\/09\/projetopack.png\",\"width\":200,\"height\":200,\"caption\":\"ProjetoPack & Associados\"},\"image\":{\"@id\":\"https:\/\/projetopack.com.br\/#\/schema\/logo\/image\/\"},\"sameAs\":[\"https:\/\/x.com\/ProjetoPack\",\"https:\/\/www.linkedin.com\/company\/projetopack\/\"]},{\"@type\":\"Person\",\"@id\":\"https:\/\/projetopack.com.br\/#\/schema\/person\/d17c72a4bc2b7e461496dd8a14d4cef1\",\"name\":\"Andrea\",\"image\":{\"@type\":\"ImageObject\",\"inLanguage\":\"en-US\",\"@id\":\"https:\/\/projetopack.com.br\/#\/schema\/person\/image\/\",\"url\":\"https:\/\/projetopack.com.br\/wp-content\/uploads\/2026\/03\/eu-150x150.jpg\",\"contentUrl\":\"https:\/\/projetopack.com.br\/wp-content\/uploads\/2026\/03\/eu-150x150.jpg\",\"caption\":\"Andrea\"},\"url\":\"https:\/\/projetopack.com.br\/en\/author\/andrea\/\"}]}<\/script>\n<!-- \/ Yoast SEO Premium plugin. -->","yoast_head_json":{"title":"HP abre inscri\u00e7\u00f5es para o 3\u00ba Pr\u00eamio Anual HP Inkspiration Awards Americas - ProjetoPack","description":"Confira o melhor conte\u00fado sobre tecnologia, design e gest\u00e3o de embalagens flex\u00edveis, r\u00f3tulos e impress\u00e3o.","robots":{"index":"index","follow":"follow","max-snippet":"max-snippet:-1","max-image-preview":"max-image-preview:large","max-video-preview":"max-video-preview:-1"},"canonical":"https:\/\/projetopack.com.br\/en\/hp-abre-inscricoes-para-o-3o-premio-anual-hp-inkspiration-awards-americas\/","og_locale":"en_US","og_type":"article","og_title":"HP abre inscri\u00e7\u00f5es para o 3\u00ba Pr\u00eamio Anual HP Inkspiration Awards Americas","og_description":"Confira o melhor conte\u00fado sobre tecnologia, design e gest\u00e3o de embalagens flex\u00edveis, r\u00f3tulos e impress\u00e3o.","og_url":"https:\/\/projetopack.com.br\/en\/hp-abre-inscricoes-para-o-3o-premio-anual-hp-inkspiration-awards-americas\/","og_site_name":"ProjetoPack","article_published_time":"2017-11-16T18:33:14+00:00","article_modified_time":"2021-09-10T15:30:40+00:00","og_image":[{"width":1200,"height":630,"url":"https:\/\/projetopack.com.br\/wp-content\/uploads\/2020\/06\/Capa-1200x630-1.png","type":"image\/png"}],"author":"Andrea","twitter_card":"summary_large_image","twitter_creator":"@ProjetoPack","twitter_site":"@ProjetoPack","twitter_misc":{"Written by":"Andrea","Est. reading time":"2 minutes"},"schema":{"@context":"https:\/\/schema.org","@graph":[{"@type":"Article","@id":"https:\/\/projetopack.com.br\/en\/hp-abre-inscricoes-para-o-3o-premio-anual-hp-inkspiration-awards-americas\/#article","isPartOf":{"@id":"https:\/\/projetopack.com.br\/en\/hp-abre-inscricoes-para-o-3o-premio-anual-hp-inkspiration-awards-americas\/"},"author":{"name":"Andrea","@id":"https:\/\/projetopack.com.br\/#\/schema\/person\/d17c72a4bc2b7e461496dd8a14d4cef1"},"headline":"HP abre inscri\u00e7\u00f5es para o 3\u00ba Pr\u00eamio Anual HP Inkspiration Awards Americas","datePublished":"2017-11-16T18:33:14+00:00","dateModified":"2021-09-10T15:30:40+00:00","mainEntityOfPage":{"@id":"https:\/\/projetopack.com.br\/en\/hp-abre-inscricoes-para-o-3o-premio-anual-hp-inkspiration-awards-americas\/"},"wordCount":325,"publisher":{"@id":"https:\/\/projetopack.com.br\/#organization"},"articleSection":["Arquivo"],"inLanguage":"en-US"},{"@type":"WebPage","@id":"https:\/\/projetopack.com.br\/en\/hp-abre-inscricoes-para-o-3o-premio-anual-hp-inkspiration-awards-americas\/","url":"https:\/\/projetopack.com.br\/en\/hp-abre-inscricoes-para-o-3o-premio-anual-hp-inkspiration-awards-americas\/","name":"HP abre inscri\u00e7\u00f5es para o 3\u00ba Pr\u00eamio Anual HP Inkspiration Awards Americas - ProjetoPack","isPartOf":{"@id":"https:\/\/projetopack.com.br\/#website"},"datePublished":"2017-11-16T18:33:14+00:00","dateModified":"2021-09-10T15:30:40+00:00","description":"Confira o melhor conte\u00fado sobre tecnologia, design e gest\u00e3o de embalagens flex\u00edveis, r\u00f3tulos e impress\u00e3o.","breadcrumb":{"@id":"https:\/\/projetopack.com.br\/en\/hp-abre-inscricoes-para-o-3o-premio-anual-hp-inkspiration-awards-americas\/#breadcrumb"},"inLanguage":"en-US","potentialAction":[{"@type":"ReadAction","target":["https:\/\/projetopack.com.br\/en\/hp-abre-inscricoes-para-o-3o-premio-anual-hp-inkspiration-awards-americas\/"]}]},{"@type":"BreadcrumbList","@id":"https:\/\/projetopack.com.br\/en\/hp-abre-inscricoes-para-o-3o-premio-anual-hp-inkspiration-awards-americas\/#breadcrumb","itemListElement":[{"@type":"ListItem","position":1,"name":"P\u00e1gina Inicial","item":"https:\/\/projetopack.com.br\/"},{"@type":"ListItem","position":2,"name":"Arquivo","item":"https:\/\/projetopack.com.br\/en\/category\/arquivo\/"},{"@type":"ListItem","position":3,"name":"HP abre inscri\u00e7\u00f5es para o 3\u00ba Pr\u00eamio Anual HP Inkspiration Awards Americas"}]},{"@type":"WebSite","@id":"https:\/\/projetopack.com.br\/#website","url":"https:\/\/projetopack.com.br\/","name":"ProjetoPack","description":"Consultoria e servi\u00e7os para embalagens, r\u00f3tulos, etiquetas e processos de impress\u00e3o","publisher":{"@id":"https:\/\/projetopack.com.br\/#organization"},"potentialAction":[{"@type":"SearchAction","target":{"@type":"EntryPoint","urlTemplate":"https:\/\/projetopack.com.br\/?s={search_term_string}"},"query-input":{"@type":"PropertyValueSpecification","valueRequired":true,"valueName":"search_term_string"}}],"inLanguage":"en-US"},{"@type":"Organization","@id":"https:\/\/projetopack.com.br\/#organization","name":"ProjetoPack & Associados","url":"https:\/\/projetopack.com.br\/","logo":{"@type":"ImageObject","inLanguage":"en-US","@id":"https:\/\/projetopack.com.br\/#\/schema\/logo\/image\/","url":"https:\/\/projetopack.com.br\/wp-content\/uploads\/2020\/09\/projetopack.png","contentUrl":"https:\/\/projetopack.com.br\/wp-content\/uploads\/2020\/09\/projetopack.png","width":200,"height":200,"caption":"ProjetoPack & Associados"},"image":{"@id":"https:\/\/projetopack.com.br\/#\/schema\/logo\/image\/"},"sameAs":["https:\/\/x.com\/ProjetoPack","https:\/\/www.linkedin.com\/company\/projetopack\/"]},{"@type":"Person","@id":"https:\/\/projetopack.com.br\/#\/schema\/person\/d17c72a4bc2b7e461496dd8a14d4cef1","name":"Andrea","image":{"@type":"ImageObject","inLanguage":"en-US","@id":"https:\/\/projetopack.com.br\/#\/schema\/person\/image\/","url":"https:\/\/projetopack.com.br\/wp-content\/uploads\/2026\/03\/eu-150x150.jpg","contentUrl":"https:\/\/projetopack.com.br\/wp-content\/uploads\/2026\/03\/eu-150x150.jpg","caption":"Andrea"},"url":"https:\/\/projetopack.com.br\/en\/author\/andrea\/"}]}},"_links":{"self":[{"href":"https:\/\/projetopack.com.br\/en\/wp-json\/wp\/v2\/posts\/2565","targetHints":{"allow":["GET"]}}],"collection":[{"href":"https:\/\/projetopack.com.br\/en\/wp-json\/wp\/v2\/posts"}],"about":[{"href":"https:\/\/projetopack.com.br\/en\/wp-json\/wp\/v2\/types\/post"}],"author":[{"embeddable":true,"href":"https:\/\/projetopack.com.br\/en\/wp-json\/wp\/v2\/users\/18"}],"replies":[{"embeddable":true,"href":"https:\/\/projetopack.com.br\/en\/wp-json\/wp\/v2\/comments?post=2565"}],"version-history":[{"count":0,"href":"https:\/\/projetopack.com.br\/en\/wp-json\/wp\/v2\/posts\/2565\/revisions"}],"wp:attachment":[{"href":"https:\/\/projetopack.com.br\/en\/wp-json\/wp\/v2\/media?parent=2565"}],"wp:term":[{"taxonomy":"category","embeddable":true,"href":"https:\/\/projetopack.com.br\/en\/wp-json\/wp\/v2\/categories?post=2565"},{"taxonomy":"post_tag","embeddable":true,"href":"https:\/\/projetopack.com.br\/en\/wp-json\/wp\/v2\/tags?post=2565"}],"curies":[{"name":"wp","href":"https:\/\/api.w.org\/{rel}","templated":true}]}}