{"id":2737,"date":"2018-04-09T17:16:21","date_gmt":"2018-04-09T20:16:21","guid":{"rendered":"http:\/\/projetopack.com.br\/?p=2737"},"modified":"2021-09-10T12:44:18","modified_gmt":"2021-09-10T15:44:18","slug":"novidades-da-kodak-na-expoprint","status":"publish","type":"post","link":"https:\/\/projetopack.com.br\/en\/novidades-da-kodak-na-expoprint\/","title":{"rendered":"Novidades da Kodak na ExpoPrint"},"content":{"rendered":"<p>Ap\u00f3s cinco dias de um evento de grande movimenta\u00e7\u00e3o, encerrou-se mais uma ExpoPrint, maior feira de impress\u00e3o da Am\u00e9rica Latina \u2013 evento que s\u00f3 voltar\u00e1 a acontecer daqui quatro anos. Para aqueles que n\u00e3o conseguiram ir a S\u00e3o Paulo e participar dessa importante exposi\u00e7\u00e3o, seguem tr\u00eas grandes destaques da Kodak apresentados na feira:<\/p>\n<p><strong>1. Transformando a Flexografia desde 2008<\/strong><br \/>\nA Kodak escolheu a ExpoPrint como palco para iniciar as comemora\u00e7\u00f5es pelos 10 anos de lan\u00e7amento do Sistema Flexcel NX. Essa tecnologia inovadora tem ajudado, literalmente, a transformar a impress\u00e3o flexogr\u00e1fica na \u00faltima d\u00e9cada. Para marcar a ocasi\u00e3o, a Kodak anunciou o lan\u00e7amento de uma edi\u00e7\u00e3o limitada do Sistema Flexcel NX (Limited Edition Flexcel NX System) juntamente com o pr\u00eamio Global Flexo Innovation Award, que visa reconhecer empresas que est\u00e3o ultrapassando os limites da flexografia.<\/p>\n<p><strong>MENSAGEM PRINCIPAL<\/strong> \u2013 O principal ponto a ser destacado \u00e9 a not\u00e1vel transforma\u00e7\u00e3o que a flexografia sofreu em apenas 10 anos. A tecnologia da Kodak tem sido um elemento-chave para revitalizar um processo de impress\u00e3o j\u00e1 maduro, e trazer n\u00edveis de consist\u00eancia, efici\u00eancia e qualidade inimagin\u00e1veis para flexo. www.kodak.com\/go\/10years.<\/p>\n<p><strong>2. Levando a impress\u00e3o mais al\u00e9m. Juntos.<\/strong><br \/>\nTivemos a oportunidade de celebrar, homenagear a reconhecer clientes-chave da Kodak e parceiros da Am\u00e9rica Latina que trabalham conosco para levar a impress\u00e3o a novos n\u00edveis diariamente.<\/p>\n<p><strong>MENSAGEM PRINCIPAL<\/strong> \u2013 A Kodak est\u00e1 comprometida a levar a impress\u00e3o mais al\u00e9m, atrav\u00e9s de investimentos grandes em tecnologia, para atender \u00e0s necessidades das gr\u00e1ficas &#8211; hoje e no futuro, e colaborar atrav\u00e9s de parcerias para tornar a transforma\u00e7\u00e3o da ind\u00fastria poss\u00edvel.<\/p>\n<p><strong>3. Lan\u00e7amento da chapa SONORA X, dando um passo al\u00e9m na tecnologia de chapas livres de processamento.<\/strong><br \/>\nA equipe da Kodak colocou-se \u00e0 disposi\u00e7\u00e3o para conversar com os clientes que desejaram saber mais sobre o mais novo avan\u00e7o na tecnologia de chapas offset livres de processos. A rec\u00e9m-anunciada chapa Sonora X &#8211; que elimina as barreiras que existiam anteriormente para as impressoras que exigiam requisitos de desempenho, uma necessidade para as gr\u00e1ficas offset. MENSAGEM PRINCIPAL \u2013 Quase todas as gr\u00e1ficas offset podem, agora, se beneficiar de chapas livres de processamento. &lt;https:\/\/www.kodak.com\/us\/en\/print\/products\/digital_offset_plates\/process_free_plates\/sonora_x_plate\/default.htm<\/p>\n<p>Tamb\u00e9m publicado no The ONE Blog da Kodak: https:\/\/www.kodak.com\/BR\/pt\/print\/Blog\/Blog_Post\/?contentId=4295007090<\/p>\n<p><a href=\"https:\/\/projetopack.com.br\/wp-content\/uploads\/2018\/04\/10-year-anniversary-group-shotv2.IMG_0059.jpg\"><img fetchpriority=\"high\" decoding=\"async\" class=\"aligncenter wp-image-2738\" src=\"https:\/\/projetopack.com.br\/wp-content\/uploads\/2018\/04\/10-year-anniversary-group-shotv2.IMG_0059-300x140.jpg\" alt=\"\" width=\"637\" height=\"297\" srcset=\"https:\/\/projetopack.com.br\/wp-content\/uploads\/2018\/04\/10-year-anniversary-group-shotv2.IMG_0059-300x140.jpg 300w, https:\/\/projetopack.com.br\/wp-content\/uploads\/2018\/04\/10-year-anniversary-group-shotv2.IMG_0059-600x279.jpg 600w, https:\/\/projetopack.com.br\/wp-content\/uploads\/2018\/04\/10-year-anniversary-group-shotv2.IMG_0059-768x358.jpg 768w, https:\/\/projetopack.com.br\/wp-content\/uploads\/2018\/04\/10-year-anniversary-group-shotv2.IMG_0059-1024x477.jpg 1024w, https:\/\/projetopack.com.br\/wp-content\/uploads\/2018\/04\/10-year-anniversary-group-shotv2.IMG_0059.jpg 2048w\" sizes=\"(max-width: 637px) 100vw, 637px\" \/><\/a><\/p>\n<p>Os visitantes da estande da ExpoPrint Kodak, a m\u00eddia, os funcion\u00e1rios e executivos da Kodak comemoram o 10\u00ba anivers\u00e1rio &nbsp;&nbsp; do FLEXCEL NX.<\/p>","protected":false},"excerpt":{"rendered":"<p>Ap\u00f3s cinco dias de um evento de grande movimenta\u00e7\u00e3o, encerrou-se mais uma ExpoPrint, maior feira de impress\u00e3o da Am\u00e9rica Latina \u2013 evento que s\u00f3 voltar\u00e1 a acontecer daqui quatro anos. Para aqueles que n\u00e3o conseguiram ir a S\u00e3o Paulo e participar dessa importante exposi\u00e7\u00e3o, seguem tr\u00eas grandes destaques da Kodak apresentados na feira.<\/p>","protected":false},"author":18,"featured_media":0,"comment_status":"closed","ping_status":"closed","sticky":false,"template":"","format":"standard","meta":{"footnotes":""},"categories":[877],"tags":[],"class_list":["post-2737","post","type-post","status-publish","format-standard","hentry","category-arquivo"],"yoast_head":"<!-- This site is optimized with the Yoast SEO Premium plugin v27.1 (Yoast SEO v27.1.1) - https:\/\/yoast.com\/product\/yoast-seo-premium-wordpress\/ -->\n<title>Novidades da Kodak na ExpoPrint - ProjetoPack<\/title>\n<meta name=\"description\" content=\"Confira o melhor conte\u00fado sobre tecnologia, design e gest\u00e3o de embalagens flex\u00edveis, r\u00f3tulos e impress\u00e3o.\" \/>\n<meta name=\"robots\" content=\"index, follow, max-snippet:-1, max-image-preview:large, max-video-preview:-1\" \/>\n<link rel=\"canonical\" href=\"https:\/\/projetopack.com.br\/en\/novidades-da-kodak-na-expoprint\/\" \/>\n<meta property=\"og:locale\" content=\"en_US\" \/>\n<meta property=\"og:type\" content=\"article\" \/>\n<meta property=\"og:title\" content=\"Novidades da Kodak na ExpoPrint\" \/>\n<meta property=\"og:description\" content=\"Confira o melhor conte\u00fado sobre tecnologia, design e gest\u00e3o de embalagens flex\u00edveis, r\u00f3tulos e impress\u00e3o.\" \/>\n<meta property=\"og:url\" content=\"https:\/\/projetopack.com.br\/en\/novidades-da-kodak-na-expoprint\/\" \/>\n<meta property=\"og:site_name\" content=\"ProjetoPack\" \/>\n<meta property=\"article:published_time\" content=\"2018-04-09T20:16:21+00:00\" \/>\n<meta property=\"article:modified_time\" content=\"2021-09-10T15:44:18+00:00\" \/>\n<meta property=\"og:image\" content=\"https:\/\/projetopack.com.br\/wp-content\/uploads\/2018\/04\/10-year-anniversary-group-shotv2.IMG_0059-300x140.jpg\" \/>\n<meta name=\"author\" content=\"Andrea\" \/>\n<meta name=\"twitter:card\" content=\"summary_large_image\" \/>\n<meta name=\"twitter:creator\" content=\"@ProjetoPack\" \/>\n<meta name=\"twitter:site\" content=\"@ProjetoPack\" \/>\n<meta name=\"twitter:label1\" content=\"Written by\" \/>\n\t<meta name=\"twitter:data1\" content=\"Andrea\" \/>\n\t<meta name=\"twitter:label2\" content=\"Est. reading time\" \/>\n\t<meta name=\"twitter:data2\" content=\"2 minutes\" \/>\n<script type=\"application\/ld+json\" class=\"yoast-schema-graph\">{\"@context\":\"https:\/\/schema.org\",\"@graph\":[{\"@type\":\"Article\",\"@id\":\"https:\/\/projetopack.com.br\/en\/novidades-da-kodak-na-expoprint\/#article\",\"isPartOf\":{\"@id\":\"https:\/\/projetopack.com.br\/en\/novidades-da-kodak-na-expoprint\/\"},\"author\":{\"name\":\"Andrea\",\"@id\":\"https:\/\/projetopack.com.br\/#\/schema\/person\/d17c72a4bc2b7e461496dd8a14d4cef1\"},\"headline\":\"Novidades da Kodak na ExpoPrint\",\"datePublished\":\"2018-04-09T20:16:21+00:00\",\"dateModified\":\"2021-09-10T15:44:18+00:00\",\"mainEntityOfPage\":{\"@id\":\"https:\/\/projetopack.com.br\/en\/novidades-da-kodak-na-expoprint\/\"},\"wordCount\":457,\"publisher\":{\"@id\":\"https:\/\/projetopack.com.br\/#organization\"},\"image\":{\"@id\":\"https:\/\/projetopack.com.br\/en\/novidades-da-kodak-na-expoprint\/#primaryimage\"},\"thumbnailUrl\":\"https:\/\/projetopack.com.br\/wp-content\/uploads\/2018\/04\/10-year-anniversary-group-shotv2.IMG_0059-300x140.jpg\",\"articleSection\":[\"Arquivo\"],\"inLanguage\":\"en-US\"},{\"@type\":\"WebPage\",\"@id\":\"https:\/\/projetopack.com.br\/en\/novidades-da-kodak-na-expoprint\/\",\"url\":\"https:\/\/projetopack.com.br\/en\/novidades-da-kodak-na-expoprint\/\",\"name\":\"Novidades da Kodak na ExpoPrint - ProjetoPack\",\"isPartOf\":{\"@id\":\"https:\/\/projetopack.com.br\/#website\"},\"primaryImageOfPage\":{\"@id\":\"https:\/\/projetopack.com.br\/en\/novidades-da-kodak-na-expoprint\/#primaryimage\"},\"image\":{\"@id\":\"https:\/\/projetopack.com.br\/en\/novidades-da-kodak-na-expoprint\/#primaryimage\"},\"thumbnailUrl\":\"https:\/\/projetopack.com.br\/wp-content\/uploads\/2018\/04\/10-year-anniversary-group-shotv2.IMG_0059-300x140.jpg\",\"datePublished\":\"2018-04-09T20:16:21+00:00\",\"dateModified\":\"2021-09-10T15:44:18+00:00\",\"description\":\"Confira o melhor conte\u00fado sobre tecnologia, design e gest\u00e3o de embalagens flex\u00edveis, r\u00f3tulos e impress\u00e3o.\",\"breadcrumb\":{\"@id\":\"https:\/\/projetopack.com.br\/en\/novidades-da-kodak-na-expoprint\/#breadcrumb\"},\"inLanguage\":\"en-US\",\"potentialAction\":[{\"@type\":\"ReadAction\",\"target\":[\"https:\/\/projetopack.com.br\/en\/novidades-da-kodak-na-expoprint\/\"]}]},{\"@type\":\"ImageObject\",\"inLanguage\":\"en-US\",\"@id\":\"https:\/\/projetopack.com.br\/en\/novidades-da-kodak-na-expoprint\/#primaryimage\",\"url\":\"https:\/\/projetopack.com.br\/wp-content\/uploads\/2018\/04\/10-year-anniversary-group-shotv2.IMG_0059-300x140.jpg\",\"contentUrl\":\"https:\/\/projetopack.com.br\/wp-content\/uploads\/2018\/04\/10-year-anniversary-group-shotv2.IMG_0059-300x140.jpg\"},{\"@type\":\"BreadcrumbList\",\"@id\":\"https:\/\/projetopack.com.br\/en\/novidades-da-kodak-na-expoprint\/#breadcrumb\",\"itemListElement\":[{\"@type\":\"ListItem\",\"position\":1,\"name\":\"P\u00e1gina Inicial\",\"item\":\"https:\/\/projetopack.com.br\/\"},{\"@type\":\"ListItem\",\"position\":2,\"name\":\"Arquivo\",\"item\":\"https:\/\/projetopack.com.br\/en\/category\/arquivo\/\"},{\"@type\":\"ListItem\",\"position\":3,\"name\":\"Novidades da Kodak na ExpoPrint\"}]},{\"@type\":\"WebSite\",\"@id\":\"https:\/\/projetopack.com.br\/#website\",\"url\":\"https:\/\/projetopack.com.br\/\",\"name\":\"ProjetoPack\",\"description\":\"Consultoria e servi\u00e7os para embalagens, r\u00f3tulos, etiquetas e processos de impress\u00e3o\",\"publisher\":{\"@id\":\"https:\/\/projetopack.com.br\/#organization\"},\"potentialAction\":[{\"@type\":\"SearchAction\",\"target\":{\"@type\":\"EntryPoint\",\"urlTemplate\":\"https:\/\/projetopack.com.br\/?s={search_term_string}\"},\"query-input\":{\"@type\":\"PropertyValueSpecification\",\"valueRequired\":true,\"valueName\":\"search_term_string\"}}],\"inLanguage\":\"en-US\"},{\"@type\":\"Organization\",\"@id\":\"https:\/\/projetopack.com.br\/#organization\",\"name\":\"ProjetoPack & Associados\",\"url\":\"https:\/\/projetopack.com.br\/\",\"logo\":{\"@type\":\"ImageObject\",\"inLanguage\":\"en-US\",\"@id\":\"https:\/\/projetopack.com.br\/#\/schema\/logo\/image\/\",\"url\":\"https:\/\/projetopack.com.br\/wp-content\/uploads\/2020\/09\/projetopack.png\",\"contentUrl\":\"https:\/\/projetopack.com.br\/wp-content\/uploads\/2020\/09\/projetopack.png\",\"width\":200,\"height\":200,\"caption\":\"ProjetoPack & Associados\"},\"image\":{\"@id\":\"https:\/\/projetopack.com.br\/#\/schema\/logo\/image\/\"},\"sameAs\":[\"https:\/\/x.com\/ProjetoPack\",\"https:\/\/www.linkedin.com\/company\/projetopack\/\"]},{\"@type\":\"Person\",\"@id\":\"https:\/\/projetopack.com.br\/#\/schema\/person\/d17c72a4bc2b7e461496dd8a14d4cef1\",\"name\":\"Andrea\",\"image\":{\"@type\":\"ImageObject\",\"inLanguage\":\"en-US\",\"@id\":\"https:\/\/projetopack.com.br\/#\/schema\/person\/image\/\",\"url\":\"https:\/\/projetopack.com.br\/wp-content\/uploads\/2026\/03\/eu-150x150.jpg\",\"contentUrl\":\"https:\/\/projetopack.com.br\/wp-content\/uploads\/2026\/03\/eu-150x150.jpg\",\"caption\":\"Andrea\"},\"url\":\"https:\/\/projetopack.com.br\/en\/author\/andrea\/\"}]}<\/script>\n<!-- \/ Yoast SEO Premium plugin. -->","yoast_head_json":{"title":"Novidades da Kodak na ExpoPrint - ProjetoPack","description":"Confira o melhor conte\u00fado sobre tecnologia, design e gest\u00e3o de embalagens flex\u00edveis, r\u00f3tulos e impress\u00e3o.","robots":{"index":"index","follow":"follow","max-snippet":"max-snippet:-1","max-image-preview":"max-image-preview:large","max-video-preview":"max-video-preview:-1"},"canonical":"https:\/\/projetopack.com.br\/en\/novidades-da-kodak-na-expoprint\/","og_locale":"en_US","og_type":"article","og_title":"Novidades da Kodak na ExpoPrint","og_description":"Confira o melhor conte\u00fado sobre tecnologia, design e gest\u00e3o de embalagens flex\u00edveis, r\u00f3tulos e impress\u00e3o.","og_url":"https:\/\/projetopack.com.br\/en\/novidades-da-kodak-na-expoprint\/","og_site_name":"ProjetoPack","article_published_time":"2018-04-09T20:16:21+00:00","article_modified_time":"2021-09-10T15:44:18+00:00","og_image":[{"url":"https:\/\/projetopack.com.br\/wp-content\/uploads\/2018\/04\/10-year-anniversary-group-shotv2.IMG_0059-300x140.jpg","type":"","width":"","height":""}],"author":"Andrea","twitter_card":"summary_large_image","twitter_creator":"@ProjetoPack","twitter_site":"@ProjetoPack","twitter_misc":{"Written by":"Andrea","Est. reading time":"2 minutes"},"schema":{"@context":"https:\/\/schema.org","@graph":[{"@type":"Article","@id":"https:\/\/projetopack.com.br\/en\/novidades-da-kodak-na-expoprint\/#article","isPartOf":{"@id":"https:\/\/projetopack.com.br\/en\/novidades-da-kodak-na-expoprint\/"},"author":{"name":"Andrea","@id":"https:\/\/projetopack.com.br\/#\/schema\/person\/d17c72a4bc2b7e461496dd8a14d4cef1"},"headline":"Novidades da Kodak na ExpoPrint","datePublished":"2018-04-09T20:16:21+00:00","dateModified":"2021-09-10T15:44:18+00:00","mainEntityOfPage":{"@id":"https:\/\/projetopack.com.br\/en\/novidades-da-kodak-na-expoprint\/"},"wordCount":457,"publisher":{"@id":"https:\/\/projetopack.com.br\/#organization"},"image":{"@id":"https:\/\/projetopack.com.br\/en\/novidades-da-kodak-na-expoprint\/#primaryimage"},"thumbnailUrl":"https:\/\/projetopack.com.br\/wp-content\/uploads\/2018\/04\/10-year-anniversary-group-shotv2.IMG_0059-300x140.jpg","articleSection":["Arquivo"],"inLanguage":"en-US"},{"@type":"WebPage","@id":"https:\/\/projetopack.com.br\/en\/novidades-da-kodak-na-expoprint\/","url":"https:\/\/projetopack.com.br\/en\/novidades-da-kodak-na-expoprint\/","name":"Novidades da Kodak na ExpoPrint - ProjetoPack","isPartOf":{"@id":"https:\/\/projetopack.com.br\/#website"},"primaryImageOfPage":{"@id":"https:\/\/projetopack.com.br\/en\/novidades-da-kodak-na-expoprint\/#primaryimage"},"image":{"@id":"https:\/\/projetopack.com.br\/en\/novidades-da-kodak-na-expoprint\/#primaryimage"},"thumbnailUrl":"https:\/\/projetopack.com.br\/wp-content\/uploads\/2018\/04\/10-year-anniversary-group-shotv2.IMG_0059-300x140.jpg","datePublished":"2018-04-09T20:16:21+00:00","dateModified":"2021-09-10T15:44:18+00:00","description":"Confira o melhor conte\u00fado sobre tecnologia, design e gest\u00e3o de embalagens flex\u00edveis, r\u00f3tulos e impress\u00e3o.","breadcrumb":{"@id":"https:\/\/projetopack.com.br\/en\/novidades-da-kodak-na-expoprint\/#breadcrumb"},"inLanguage":"en-US","potentialAction":[{"@type":"ReadAction","target":["https:\/\/projetopack.com.br\/en\/novidades-da-kodak-na-expoprint\/"]}]},{"@type":"ImageObject","inLanguage":"en-US","@id":"https:\/\/projetopack.com.br\/en\/novidades-da-kodak-na-expoprint\/#primaryimage","url":"https:\/\/projetopack.com.br\/wp-content\/uploads\/2018\/04\/10-year-anniversary-group-shotv2.IMG_0059-300x140.jpg","contentUrl":"https:\/\/projetopack.com.br\/wp-content\/uploads\/2018\/04\/10-year-anniversary-group-shotv2.IMG_0059-300x140.jpg"},{"@type":"BreadcrumbList","@id":"https:\/\/projetopack.com.br\/en\/novidades-da-kodak-na-expoprint\/#breadcrumb","itemListElement":[{"@type":"ListItem","position":1,"name":"P\u00e1gina Inicial","item":"https:\/\/projetopack.com.br\/"},{"@type":"ListItem","position":2,"name":"Arquivo","item":"https:\/\/projetopack.com.br\/en\/category\/arquivo\/"},{"@type":"ListItem","position":3,"name":"Novidades da Kodak na ExpoPrint"}]},{"@type":"WebSite","@id":"https:\/\/projetopack.com.br\/#website","url":"https:\/\/projetopack.com.br\/","name":"ProjetoPack","description":"Consultoria e servi\u00e7os para embalagens, r\u00f3tulos, etiquetas e processos de impress\u00e3o","publisher":{"@id":"https:\/\/projetopack.com.br\/#organization"},"potentialAction":[{"@type":"SearchAction","target":{"@type":"EntryPoint","urlTemplate":"https:\/\/projetopack.com.br\/?s={search_term_string}"},"query-input":{"@type":"PropertyValueSpecification","valueRequired":true,"valueName":"search_term_string"}}],"inLanguage":"en-US"},{"@type":"Organization","@id":"https:\/\/projetopack.com.br\/#organization","name":"ProjetoPack & Associados","url":"https:\/\/projetopack.com.br\/","logo":{"@type":"ImageObject","inLanguage":"en-US","@id":"https:\/\/projetopack.com.br\/#\/schema\/logo\/image\/","url":"https:\/\/projetopack.com.br\/wp-content\/uploads\/2020\/09\/projetopack.png","contentUrl":"https:\/\/projetopack.com.br\/wp-content\/uploads\/2020\/09\/projetopack.png","width":200,"height":200,"caption":"ProjetoPack & Associados"},"image":{"@id":"https:\/\/projetopack.com.br\/#\/schema\/logo\/image\/"},"sameAs":["https:\/\/x.com\/ProjetoPack","https:\/\/www.linkedin.com\/company\/projetopack\/"]},{"@type":"Person","@id":"https:\/\/projetopack.com.br\/#\/schema\/person\/d17c72a4bc2b7e461496dd8a14d4cef1","name":"Andrea","image":{"@type":"ImageObject","inLanguage":"en-US","@id":"https:\/\/projetopack.com.br\/#\/schema\/person\/image\/","url":"https:\/\/projetopack.com.br\/wp-content\/uploads\/2026\/03\/eu-150x150.jpg","contentUrl":"https:\/\/projetopack.com.br\/wp-content\/uploads\/2026\/03\/eu-150x150.jpg","caption":"Andrea"},"url":"https:\/\/projetopack.com.br\/en\/author\/andrea\/"}]}},"_links":{"self":[{"href":"https:\/\/projetopack.com.br\/en\/wp-json\/wp\/v2\/posts\/2737","targetHints":{"allow":["GET"]}}],"collection":[{"href":"https:\/\/projetopack.com.br\/en\/wp-json\/wp\/v2\/posts"}],"about":[{"href":"https:\/\/projetopack.com.br\/en\/wp-json\/wp\/v2\/types\/post"}],"author":[{"embeddable":true,"href":"https:\/\/projetopack.com.br\/en\/wp-json\/wp\/v2\/users\/18"}],"replies":[{"embeddable":true,"href":"https:\/\/projetopack.com.br\/en\/wp-json\/wp\/v2\/comments?post=2737"}],"version-history":[{"count":0,"href":"https:\/\/projetopack.com.br\/en\/wp-json\/wp\/v2\/posts\/2737\/revisions"}],"wp:attachment":[{"href":"https:\/\/projetopack.com.br\/en\/wp-json\/wp\/v2\/media?parent=2737"}],"wp:term":[{"taxonomy":"category","embeddable":true,"href":"https:\/\/projetopack.com.br\/en\/wp-json\/wp\/v2\/categories?post=2737"},{"taxonomy":"post_tag","embeddable":true,"href":"https:\/\/projetopack.com.br\/en\/wp-json\/wp\/v2\/tags?post=2737"}],"curies":[{"name":"wp","href":"https:\/\/api.w.org\/{rel}","templated":true}]}}