{"id":2764,"date":"2018-04-17T11:31:18","date_gmt":"2018-04-17T14:31:18","guid":{"rendered":"http:\/\/projetopack.com.br\/?p=2764"},"modified":"2021-09-10T12:48:26","modified_gmt":"2021-09-10T15:48:26","slug":"flexo-labels-reunira-o-melhor-da-tecnologia-flexografica-e-label-em-marco-de-2019-em-sao-paulo","status":"publish","type":"post","link":"https:\/\/projetopack.com.br\/en\/flexo-labels-reunira-o-melhor-da-tecnologia-flexografica-e-label-em-marco-de-2019-em-sao-paulo\/","title":{"rendered":"Flexo &#038; Labels reunir\u00e1 o melhor da tecnologia flexogr\u00e1fica e label em mar\u00e7o de 2019, em S\u00e3o Paulo"},"content":{"rendered":"<p><strong>S\u00e3o Paulo<\/strong> \u2013 De 19 a 21 de mar\u00e7o de 2019 acontecer\u00e1, no Pro Magno Centro de Eventos, em S\u00e3o Paulo, a primeira edi\u00e7\u00e3o da <strong>Flexo &amp; Labels<\/strong>, evento organizado pela Inmotion Solu\u00e7\u00f5es em Eventos.<\/p>\n<p>Al\u00e9m de uma \u00e1rea de exposi\u00e7\u00e3o de aproximadamente 5000 m2, a feira reunir\u00e1 empresas do segmento flexogr\u00e1fico, impress\u00e3o de r\u00f3tulos e etiquetas e afins, como fornecedores de solu\u00e7\u00f5es de acabamento, aplica\u00e7\u00f5es autoadesivas, impress\u00e3o digital para dados vari\u00e1veis, chapas, softwares de pr\u00e9-impress\u00e3o, impress\u00e3o UV e inkjet, para mostrar o que existe de mais moderno no mercado para gr\u00e1ficos, convertedores e profissionais do Brasil e Am\u00e9rica Latina.<\/p>\n<p>\u201cA Flexo &amp; Labels chega para atender a uma demanda de empresas nacionais e internacionais, que esperavam por um novo padr\u00e3o de feira que favorecesse um ambiente de neg\u00f3cios e troca de experi\u00eancias com os visitantes\u201d, afirma M\u00e1rcia Romano, diretora da Flexo &amp; Labels 2019. \u201cNossa proje\u00e7\u00e3o, dado o grande interesse que o evento vem despertando, \u00e9 a de contar com expositores nacionais e internacionais, bem como visitantes de todas as regi\u00f5es do Brasil e Am\u00e9rica Latina, que poder\u00e3o conhecer e usufruir da infraestrutura excelente do Pro Magno Centro de Eventos para realizar neg\u00f3cios e se atualizarem tecnologicamente.\u201d<\/p>\n<p><strong>Confer\u00eancia<\/strong><\/p>\n<p>Em paralelo \u00e0 exposi\u00e7\u00e3o, a Flexo &amp; Labels tamb\u00e9m contar\u00e1 com a realiza\u00e7\u00e3o da <strong>Confer\u00eancia T\u00e9cnica para a Ind\u00fastria de R\u00f3tulos e Etiquetas \u2013 Label Talks<\/strong>, durante a qual ser\u00e3o discutidas tend\u00eancias, solu\u00e7\u00f5es e desafios para o mercado de flexografia e segmento label, como personaliza\u00e7\u00e3o e segmenta\u00e7\u00e3o, novas demandas por qualidade, otimiza\u00e7\u00e3o de custos e produtividade, novas tecnologias de pr\u00e9-impress\u00e3o e impress\u00e3o, entre outros.<\/p>\n<p>&nbsp;<\/p>","protected":false},"excerpt":{"rendered":"<p>Al\u00e9m de uma \u00e1rea de exposi\u00e7\u00e3o de aproximadamente 5000 m2, a feira reunir\u00e1 empresas do segmento flexogr\u00e1fico, impress\u00e3o de r\u00f3tulos e etiquetas e afins, como fornecedores de solu\u00e7\u00f5es&#8230;<\/p>","protected":false},"author":18,"featured_media":0,"comment_status":"closed","ping_status":"closed","sticky":false,"template":"","format":"standard","meta":{"footnotes":""},"categories":[877],"tags":[],"class_list":["post-2764","post","type-post","status-publish","format-standard","hentry","category-arquivo"],"yoast_head":"<!-- This site is optimized with the Yoast SEO Premium plugin v27.1 (Yoast SEO v27.1.1) - https:\/\/yoast.com\/product\/yoast-seo-premium-wordpress\/ -->\n<title>Flexo &amp; Labels reunir\u00e1 o melhor da tecnologia flexogr\u00e1fica e label em mar\u00e7o de 2019, em S\u00e3o Paulo - ProjetoPack<\/title>\n<meta name=\"description\" content=\"Confira o melhor conte\u00fado sobre tecnologia, design e gest\u00e3o de embalagens flex\u00edveis, r\u00f3tulos e impress\u00e3o.\" \/>\n<meta name=\"robots\" content=\"index, follow, max-snippet:-1, max-image-preview:large, max-video-preview:-1\" \/>\n<link rel=\"canonical\" href=\"https:\/\/projetopack.com.br\/en\/flexo-labels-reunira-o-melhor-da-tecnologia-flexografica-e-label-em-marco-de-2019-em-sao-paulo\/\" \/>\n<meta property=\"og:locale\" content=\"en_US\" \/>\n<meta property=\"og:type\" content=\"article\" \/>\n<meta property=\"og:title\" content=\"Flexo &amp; Labels reunir\u00e1 o melhor da tecnologia flexogr\u00e1fica e label em mar\u00e7o de 2019, em S\u00e3o Paulo\" \/>\n<meta property=\"og:description\" content=\"Confira o melhor conte\u00fado sobre tecnologia, design e gest\u00e3o de embalagens flex\u00edveis, r\u00f3tulos e impress\u00e3o.\" \/>\n<meta property=\"og:url\" content=\"https:\/\/projetopack.com.br\/en\/flexo-labels-reunira-o-melhor-da-tecnologia-flexografica-e-label-em-marco-de-2019-em-sao-paulo\/\" \/>\n<meta property=\"og:site_name\" content=\"ProjetoPack\" \/>\n<meta property=\"article:published_time\" content=\"2018-04-17T14:31:18+00:00\" \/>\n<meta property=\"article:modified_time\" content=\"2021-09-10T15:48:26+00:00\" \/>\n<meta property=\"og:image\" content=\"https:\/\/projetopack.com.br\/wp-content\/uploads\/2020\/06\/Capa-1200x630-1.png\" \/>\n\t<meta property=\"og:image:width\" content=\"1200\" \/>\n\t<meta property=\"og:image:height\" content=\"630\" \/>\n\t<meta property=\"og:image:type\" content=\"image\/png\" \/>\n<meta name=\"author\" content=\"Andrea\" \/>\n<meta name=\"twitter:card\" content=\"summary_large_image\" \/>\n<meta name=\"twitter:creator\" content=\"@ProjetoPack\" \/>\n<meta name=\"twitter:site\" content=\"@ProjetoPack\" \/>\n<meta name=\"twitter:label1\" content=\"Written by\" \/>\n\t<meta name=\"twitter:data1\" content=\"Andrea\" \/>\n\t<meta name=\"twitter:label2\" content=\"Est. reading time\" \/>\n\t<meta name=\"twitter:data2\" content=\"2 minutes\" \/>\n<script type=\"application\/ld+json\" class=\"yoast-schema-graph\">{\"@context\":\"https:\/\/schema.org\",\"@graph\":[{\"@type\":\"Article\",\"@id\":\"https:\/\/projetopack.com.br\/en\/flexo-labels-reunira-o-melhor-da-tecnologia-flexografica-e-label-em-marco-de-2019-em-sao-paulo\/#article\",\"isPartOf\":{\"@id\":\"https:\/\/projetopack.com.br\/en\/flexo-labels-reunira-o-melhor-da-tecnologia-flexografica-e-label-em-marco-de-2019-em-sao-paulo\/\"},\"author\":{\"name\":\"Andrea\",\"@id\":\"https:\/\/projetopack.com.br\/#\/schema\/person\/d17c72a4bc2b7e461496dd8a14d4cef1\"},\"headline\":\"Flexo &#038; Labels reunir\u00e1 o melhor da tecnologia flexogr\u00e1fica e label em mar\u00e7o de 2019, em S\u00e3o Paulo\",\"datePublished\":\"2018-04-17T14:31:18+00:00\",\"dateModified\":\"2021-09-10T15:48:26+00:00\",\"mainEntityOfPage\":{\"@id\":\"https:\/\/projetopack.com.br\/en\/flexo-labels-reunira-o-melhor-da-tecnologia-flexografica-e-label-em-marco-de-2019-em-sao-paulo\/\"},\"wordCount\":319,\"publisher\":{\"@id\":\"https:\/\/projetopack.com.br\/#organization\"},\"articleSection\":[\"Arquivo\"],\"inLanguage\":\"en-US\"},{\"@type\":\"WebPage\",\"@id\":\"https:\/\/projetopack.com.br\/en\/flexo-labels-reunira-o-melhor-da-tecnologia-flexografica-e-label-em-marco-de-2019-em-sao-paulo\/\",\"url\":\"https:\/\/projetopack.com.br\/en\/flexo-labels-reunira-o-melhor-da-tecnologia-flexografica-e-label-em-marco-de-2019-em-sao-paulo\/\",\"name\":\"Flexo & Labels reunir\u00e1 o melhor da tecnologia flexogr\u00e1fica e label em mar\u00e7o de 2019, em S\u00e3o Paulo - ProjetoPack\",\"isPartOf\":{\"@id\":\"https:\/\/projetopack.com.br\/#website\"},\"datePublished\":\"2018-04-17T14:31:18+00:00\",\"dateModified\":\"2021-09-10T15:48:26+00:00\",\"description\":\"Confira o melhor conte\u00fado sobre tecnologia, design e gest\u00e3o de embalagens flex\u00edveis, r\u00f3tulos e impress\u00e3o.\",\"breadcrumb\":{\"@id\":\"https:\/\/projetopack.com.br\/en\/flexo-labels-reunira-o-melhor-da-tecnologia-flexografica-e-label-em-marco-de-2019-em-sao-paulo\/#breadcrumb\"},\"inLanguage\":\"en-US\",\"potentialAction\":[{\"@type\":\"ReadAction\",\"target\":[\"https:\/\/projetopack.com.br\/en\/flexo-labels-reunira-o-melhor-da-tecnologia-flexografica-e-label-em-marco-de-2019-em-sao-paulo\/\"]}]},{\"@type\":\"BreadcrumbList\",\"@id\":\"https:\/\/projetopack.com.br\/en\/flexo-labels-reunira-o-melhor-da-tecnologia-flexografica-e-label-em-marco-de-2019-em-sao-paulo\/#breadcrumb\",\"itemListElement\":[{\"@type\":\"ListItem\",\"position\":1,\"name\":\"P\u00e1gina Inicial\",\"item\":\"https:\/\/projetopack.com.br\/\"},{\"@type\":\"ListItem\",\"position\":2,\"name\":\"Arquivo\",\"item\":\"https:\/\/projetopack.com.br\/en\/category\/arquivo\/\"},{\"@type\":\"ListItem\",\"position\":3,\"name\":\"Flexo &#038; Labels reunir\u00e1 o melhor da tecnologia flexogr\u00e1fica e label em mar\u00e7o de 2019, em S\u00e3o Paulo\"}]},{\"@type\":\"WebSite\",\"@id\":\"https:\/\/projetopack.com.br\/#website\",\"url\":\"https:\/\/projetopack.com.br\/\",\"name\":\"ProjetoPack\",\"description\":\"Consultoria e servi\u00e7os para embalagens, r\u00f3tulos, etiquetas e processos de impress\u00e3o\",\"publisher\":{\"@id\":\"https:\/\/projetopack.com.br\/#organization\"},\"potentialAction\":[{\"@type\":\"SearchAction\",\"target\":{\"@type\":\"EntryPoint\",\"urlTemplate\":\"https:\/\/projetopack.com.br\/?s={search_term_string}\"},\"query-input\":{\"@type\":\"PropertyValueSpecification\",\"valueRequired\":true,\"valueName\":\"search_term_string\"}}],\"inLanguage\":\"en-US\"},{\"@type\":\"Organization\",\"@id\":\"https:\/\/projetopack.com.br\/#organization\",\"name\":\"ProjetoPack & Associados\",\"url\":\"https:\/\/projetopack.com.br\/\",\"logo\":{\"@type\":\"ImageObject\",\"inLanguage\":\"en-US\",\"@id\":\"https:\/\/projetopack.com.br\/#\/schema\/logo\/image\/\",\"url\":\"https:\/\/projetopack.com.br\/wp-content\/uploads\/2020\/09\/projetopack.png\",\"contentUrl\":\"https:\/\/projetopack.com.br\/wp-content\/uploads\/2020\/09\/projetopack.png\",\"width\":200,\"height\":200,\"caption\":\"ProjetoPack & Associados\"},\"image\":{\"@id\":\"https:\/\/projetopack.com.br\/#\/schema\/logo\/image\/\"},\"sameAs\":[\"https:\/\/x.com\/ProjetoPack\",\"https:\/\/www.linkedin.com\/company\/projetopack\/\"]},{\"@type\":\"Person\",\"@id\":\"https:\/\/projetopack.com.br\/#\/schema\/person\/d17c72a4bc2b7e461496dd8a14d4cef1\",\"name\":\"Andrea\",\"image\":{\"@type\":\"ImageObject\",\"inLanguage\":\"en-US\",\"@id\":\"https:\/\/projetopack.com.br\/#\/schema\/person\/image\/\",\"url\":\"https:\/\/projetopack.com.br\/wp-content\/uploads\/2026\/03\/eu-150x150.jpg\",\"contentUrl\":\"https:\/\/projetopack.com.br\/wp-content\/uploads\/2026\/03\/eu-150x150.jpg\",\"caption\":\"Andrea\"},\"url\":\"https:\/\/projetopack.com.br\/en\/author\/andrea\/\"}]}<\/script>\n<!-- \/ Yoast SEO Premium plugin. -->","yoast_head_json":{"title":"Flexo & Labels reunir\u00e1 o melhor da tecnologia flexogr\u00e1fica e label em mar\u00e7o de 2019, em S\u00e3o Paulo - ProjetoPack","description":"Confira o melhor conte\u00fado sobre tecnologia, design e gest\u00e3o de embalagens flex\u00edveis, r\u00f3tulos e impress\u00e3o.","robots":{"index":"index","follow":"follow","max-snippet":"max-snippet:-1","max-image-preview":"max-image-preview:large","max-video-preview":"max-video-preview:-1"},"canonical":"https:\/\/projetopack.com.br\/en\/flexo-labels-reunira-o-melhor-da-tecnologia-flexografica-e-label-em-marco-de-2019-em-sao-paulo\/","og_locale":"en_US","og_type":"article","og_title":"Flexo & Labels reunir\u00e1 o melhor da tecnologia flexogr\u00e1fica e label em mar\u00e7o de 2019, em S\u00e3o Paulo","og_description":"Confira o melhor conte\u00fado sobre tecnologia, design e gest\u00e3o de embalagens flex\u00edveis, r\u00f3tulos e impress\u00e3o.","og_url":"https:\/\/projetopack.com.br\/en\/flexo-labels-reunira-o-melhor-da-tecnologia-flexografica-e-label-em-marco-de-2019-em-sao-paulo\/","og_site_name":"ProjetoPack","article_published_time":"2018-04-17T14:31:18+00:00","article_modified_time":"2021-09-10T15:48:26+00:00","og_image":[{"width":1200,"height":630,"url":"https:\/\/projetopack.com.br\/wp-content\/uploads\/2020\/06\/Capa-1200x630-1.png","type":"image\/png"}],"author":"Andrea","twitter_card":"summary_large_image","twitter_creator":"@ProjetoPack","twitter_site":"@ProjetoPack","twitter_misc":{"Written by":"Andrea","Est. reading time":"2 minutes"},"schema":{"@context":"https:\/\/schema.org","@graph":[{"@type":"Article","@id":"https:\/\/projetopack.com.br\/en\/flexo-labels-reunira-o-melhor-da-tecnologia-flexografica-e-label-em-marco-de-2019-em-sao-paulo\/#article","isPartOf":{"@id":"https:\/\/projetopack.com.br\/en\/flexo-labels-reunira-o-melhor-da-tecnologia-flexografica-e-label-em-marco-de-2019-em-sao-paulo\/"},"author":{"name":"Andrea","@id":"https:\/\/projetopack.com.br\/#\/schema\/person\/d17c72a4bc2b7e461496dd8a14d4cef1"},"headline":"Flexo &#038; Labels reunir\u00e1 o melhor da tecnologia flexogr\u00e1fica e label em mar\u00e7o de 2019, em S\u00e3o Paulo","datePublished":"2018-04-17T14:31:18+00:00","dateModified":"2021-09-10T15:48:26+00:00","mainEntityOfPage":{"@id":"https:\/\/projetopack.com.br\/en\/flexo-labels-reunira-o-melhor-da-tecnologia-flexografica-e-label-em-marco-de-2019-em-sao-paulo\/"},"wordCount":319,"publisher":{"@id":"https:\/\/projetopack.com.br\/#organization"},"articleSection":["Arquivo"],"inLanguage":"en-US"},{"@type":"WebPage","@id":"https:\/\/projetopack.com.br\/en\/flexo-labels-reunira-o-melhor-da-tecnologia-flexografica-e-label-em-marco-de-2019-em-sao-paulo\/","url":"https:\/\/projetopack.com.br\/en\/flexo-labels-reunira-o-melhor-da-tecnologia-flexografica-e-label-em-marco-de-2019-em-sao-paulo\/","name":"Flexo & Labels reunir\u00e1 o melhor da tecnologia flexogr\u00e1fica e label em mar\u00e7o de 2019, em S\u00e3o Paulo - ProjetoPack","isPartOf":{"@id":"https:\/\/projetopack.com.br\/#website"},"datePublished":"2018-04-17T14:31:18+00:00","dateModified":"2021-09-10T15:48:26+00:00","description":"Confira o melhor conte\u00fado sobre tecnologia, design e gest\u00e3o de embalagens flex\u00edveis, r\u00f3tulos e impress\u00e3o.","breadcrumb":{"@id":"https:\/\/projetopack.com.br\/en\/flexo-labels-reunira-o-melhor-da-tecnologia-flexografica-e-label-em-marco-de-2019-em-sao-paulo\/#breadcrumb"},"inLanguage":"en-US","potentialAction":[{"@type":"ReadAction","target":["https:\/\/projetopack.com.br\/en\/flexo-labels-reunira-o-melhor-da-tecnologia-flexografica-e-label-em-marco-de-2019-em-sao-paulo\/"]}]},{"@type":"BreadcrumbList","@id":"https:\/\/projetopack.com.br\/en\/flexo-labels-reunira-o-melhor-da-tecnologia-flexografica-e-label-em-marco-de-2019-em-sao-paulo\/#breadcrumb","itemListElement":[{"@type":"ListItem","position":1,"name":"P\u00e1gina Inicial","item":"https:\/\/projetopack.com.br\/"},{"@type":"ListItem","position":2,"name":"Arquivo","item":"https:\/\/projetopack.com.br\/en\/category\/arquivo\/"},{"@type":"ListItem","position":3,"name":"Flexo &#038; Labels reunir\u00e1 o melhor da tecnologia flexogr\u00e1fica e label em mar\u00e7o de 2019, em S\u00e3o Paulo"}]},{"@type":"WebSite","@id":"https:\/\/projetopack.com.br\/#website","url":"https:\/\/projetopack.com.br\/","name":"ProjetoPack","description":"Consultoria e servi\u00e7os para embalagens, r\u00f3tulos, etiquetas e processos de impress\u00e3o","publisher":{"@id":"https:\/\/projetopack.com.br\/#organization"},"potentialAction":[{"@type":"SearchAction","target":{"@type":"EntryPoint","urlTemplate":"https:\/\/projetopack.com.br\/?s={search_term_string}"},"query-input":{"@type":"PropertyValueSpecification","valueRequired":true,"valueName":"search_term_string"}}],"inLanguage":"en-US"},{"@type":"Organization","@id":"https:\/\/projetopack.com.br\/#organization","name":"ProjetoPack & Associados","url":"https:\/\/projetopack.com.br\/","logo":{"@type":"ImageObject","inLanguage":"en-US","@id":"https:\/\/projetopack.com.br\/#\/schema\/logo\/image\/","url":"https:\/\/projetopack.com.br\/wp-content\/uploads\/2020\/09\/projetopack.png","contentUrl":"https:\/\/projetopack.com.br\/wp-content\/uploads\/2020\/09\/projetopack.png","width":200,"height":200,"caption":"ProjetoPack & Associados"},"image":{"@id":"https:\/\/projetopack.com.br\/#\/schema\/logo\/image\/"},"sameAs":["https:\/\/x.com\/ProjetoPack","https:\/\/www.linkedin.com\/company\/projetopack\/"]},{"@type":"Person","@id":"https:\/\/projetopack.com.br\/#\/schema\/person\/d17c72a4bc2b7e461496dd8a14d4cef1","name":"Andrea","image":{"@type":"ImageObject","inLanguage":"en-US","@id":"https:\/\/projetopack.com.br\/#\/schema\/person\/image\/","url":"https:\/\/projetopack.com.br\/wp-content\/uploads\/2026\/03\/eu-150x150.jpg","contentUrl":"https:\/\/projetopack.com.br\/wp-content\/uploads\/2026\/03\/eu-150x150.jpg","caption":"Andrea"},"url":"https:\/\/projetopack.com.br\/en\/author\/andrea\/"}]}},"_links":{"self":[{"href":"https:\/\/projetopack.com.br\/en\/wp-json\/wp\/v2\/posts\/2764","targetHints":{"allow":["GET"]}}],"collection":[{"href":"https:\/\/projetopack.com.br\/en\/wp-json\/wp\/v2\/posts"}],"about":[{"href":"https:\/\/projetopack.com.br\/en\/wp-json\/wp\/v2\/types\/post"}],"author":[{"embeddable":true,"href":"https:\/\/projetopack.com.br\/en\/wp-json\/wp\/v2\/users\/18"}],"replies":[{"embeddable":true,"href":"https:\/\/projetopack.com.br\/en\/wp-json\/wp\/v2\/comments?post=2764"}],"version-history":[{"count":0,"href":"https:\/\/projetopack.com.br\/en\/wp-json\/wp\/v2\/posts\/2764\/revisions"}],"wp:attachment":[{"href":"https:\/\/projetopack.com.br\/en\/wp-json\/wp\/v2\/media?parent=2764"}],"wp:term":[{"taxonomy":"category","embeddable":true,"href":"https:\/\/projetopack.com.br\/en\/wp-json\/wp\/v2\/categories?post=2764"},{"taxonomy":"post_tag","embeddable":true,"href":"https:\/\/projetopack.com.br\/en\/wp-json\/wp\/v2\/tags?post=2764"}],"curies":[{"name":"wp","href":"https:\/\/api.w.org\/{rel}","templated":true}]}}