{"id":27643,"date":"2022-09-30T17:54:18","date_gmt":"2022-09-30T20:54:18","guid":{"rendered":"https:\/\/www.projetopack.com.br\/?p=27643"},"modified":"2026-03-16T16:48:15","modified_gmt":"2026-03-16T19:48:15","slug":"laborprint-prepara-investimentos-na-area-de-grandes-formatos-apos-sucesso-com-tecnologia-efi-vutek","status":"publish","type":"post","link":"https:\/\/projetopack.com.br\/en\/laborprint-prepara-investimentos-na-area-de-grandes-formatos-apos-sucesso-com-tecnologia-efi-vutek\/","title":{"rendered":"Laborprint prepara investimentos na \u00e1rea de grandes formatos ap\u00f3s sucesso com tecnologia EFI VUTEk\u00ae"},"content":{"rendered":"<p style=\"font-style:normal;font-weight:400\">Em 2018 a <a href=\"http:\/\/www.laborprint.com.br\/\" target=\"_blank\" rel=\"noreferrer noopener\">Laborprint<\/a>, ind\u00fastria gr\u00e1fica localizada em Alphaville \u2013 SP, iniciou investimentos no mercado de comunica\u00e7\u00e3o visual e materiais para PDV. \u201cT\u00ednhamos uma enorme demanda reprimida para esse tipo de aplica\u00e7\u00e3o e n\u00e3o pod\u00edamos mais perder oportunidades\u201d, lembra o diretor de vendas, <strong>Pedro Henrique Camiloti<\/strong>. &#8220;Ap\u00f3s esses anos, tendemos a crescer ainda mais neste neg\u00f3cio. Nossa ideia, a curto prazo, \u00e9 trazer mais um equipamento EFI para consolidar esse segmento pois a demanda de mercado \u00e9 crescente\u201d, afirma.<\/p>\n\n\n\n<blockquote class=\"wp-block-quote is-layout-flow wp-block-quote-is-layout-flow\"><p>\u201cEsse \u00e9 um dos tr\u00eas pilares do desenvolvimento da Laborprint. No in\u00edcio de nossa \u201cvirada digital\u201d analisamos diversos equipamentos e todos os concorrentes da EFI neste segmento, levando em conta a versatilidade produtiva de alta qualidade e performance. Foi quando adquirimos nossa primeira EFI VUTEk\u201d.<\/p><\/blockquote>\n\n\n\n<p style=\"font-style:normal;font-weight:400\">Na ocasi\u00e3o a Laborprint tinha demanda reprimida de servi\u00e7os variados da parte de clientes que j\u00e1 compravam muito. \u201cT\u00ednhamos materiais para comunica\u00e7\u00e3o visual, mas precis\u00e1vamos da estrutura para atend\u00ea-los\u201d, lembra Camiloti. \u201cMuitas vezes perd\u00edamos servi\u00e7os, pois nossos pre\u00e7os n\u00e3o eram competitivos, o controle de produ\u00e7\u00e3o enfrentava dificuldades e a qualidade final nem sempre era adequada aos nossos padr\u00f5es\u201d.<\/p>\n\n\n\n<p class=\"has-cyan-bluish-gray-background-color has-background\" style=\"font-style:normal;font-weight:400\">A aquisi\u00e7\u00e3o dessa estrutura foi um passo importante na trajet\u00f3ria da Laborprint e o investimento teve todo suporte da Serilon, distribuidora exclusiva dos produtos <a href=\"https:\/\/www.efi.com\/pt-br\/products\/inkjet-printing-and-proofing\/vutek-superwide-printers\/\" target=\"_blank\" rel=\"noreferrer noopener\">EFI VUTEk<\/a> no Brasil. \u201cCom apoio do gerente de vendas <strong>Rafael Machado<\/strong>, conhecemos mais a fundo sobre a VUTEk e suas vantagens para poder tomar a decis\u00e3o que impactaria em nosso crescimento. As VUTEks s\u00e3o m\u00e1quinas r\u00e1pidas, com incr\u00edvel qualidade de impress\u00e3o, muito vers\u00e1teis, com robustez industrial e f\u00e1cil manuten\u00e7\u00e3o. Essa consultoria nos auxiliou at\u00e9 mesmo na viabiliza\u00e7\u00e3o financeira do neg\u00f3cio\u201d, lembra o diretor da gr\u00e1fica.<\/p>\n\n\n\n<p style=\"font-style:normal;font-weight:400\">Com a VUTEk instalada e em funcionamento a Laborprint passou a atuar no segmento de grandes formatos, consolidando a sua presen\u00e7a no mercado. Houve imediato aumento de demanda de mais de 5%, incluindo impress\u00f5es em materiais como pl\u00e1sticos, lonas, adesivos \u2013 at\u00e9 mesmo em pequenas quantidades. A gr\u00e1fica passou a trabalhar com novos substratos entre eles foam, MDF, lona, Polionda e adesivos eletrost\u00e1ticos. <\/p>\n\n\n\n<p style=\"font-style:normal;font-weight:400\">\u201cNosso portf\u00f3lio de clientes aumentou e foi poss\u00edvel crescer horizontalmente, atendendo tamb\u00e9m as novas demandas de clientes que j\u00e1 estavam em nossa base. O resultado disso tudo foi um acr\u00e9scimo direto de mais de 15% em nosso faturamento\u201d, comemora Camiloti.<\/p>\n\n\n\n<p style=\"font-style:normal;font-weight:400\">Leia mais em nosso blog:<\/p>\n\n\n\n<p><a href=\"https:\/\/projetopack.com.br\/en\/efi-transfere-o-centro-de-jato-de-tinta-dos-eua-para-nova-fabrica-de-ultima-geracao\/\" target=\"_blank\" rel=\"noreferrer noopener\">EFI transfere o Centro de Jato de Tinta dos EUA para nova f\u00e1brica<\/a><\/p>","protected":false},"excerpt":{"rendered":"<p>Com a VUTEk instalada e em funcionamento a Laborprint passou a atuar no segmento de grandes formatos<\/p>","protected":false},"author":2,"featured_media":27644,"comment_status":"open","ping_status":"closed","sticky":true,"template":"","format":"standard","meta":{"footnotes":""},"categories":[632],"tags":[126,653,1050,1048,1047],"class_list":["post-27643","post","type-post","status-publish","format-standard","has-post-thumbnail","hentry","category-entrevistas","tag-efi","tag-grandes-formatos","tag-jato-de-tinta","tag-laborprint","tag-vutek"],"yoast_head":"<!-- This site is optimized with the Yoast SEO Premium plugin v27.1 (Yoast SEO v27.1.1) - https:\/\/yoast.com\/product\/yoast-seo-premium-wordpress\/ -->\n<title>Laborprint prepara investimentos na \u00e1rea de grandes formatos ap\u00f3s sucesso com tecnologia EFI VUTEk\u00ae - ProjetoPack<\/title>\n<meta name=\"description\" content=\"Nosso portf\u00f3lio de clientes aumentou e foi poss\u00edvel crescer horizontalmente, atendendo tamb\u00e9m as novas demandas de clientes que j\u00e1 estavam em nossa base.\" \/>\n<meta name=\"robots\" content=\"index, follow, max-snippet:-1, max-image-preview:large, max-video-preview:-1\" \/>\n<link rel=\"canonical\" href=\"https:\/\/projetopack.com.br\/en\/laborprint-prepara-investimentos-na-area-de-grandes-formatos-apos-sucesso-com-tecnologia-efi-vutek\/\" \/>\n<meta property=\"og:locale\" content=\"en_US\" \/>\n<meta property=\"og:type\" content=\"article\" \/>\n<meta property=\"og:title\" content=\"Laborprint prepara investimentos na \u00e1rea de grandes formatos ap\u00f3s sucesso com tecnologia EFI VUTEk\u00ae\" \/>\n<meta property=\"og:description\" content=\"Nosso portf\u00f3lio de clientes aumentou e foi poss\u00edvel crescer horizontalmente, atendendo tamb\u00e9m as novas demandas de clientes que j\u00e1 estavam em nossa base.\" \/>\n<meta property=\"og:url\" content=\"https:\/\/projetopack.com.br\/en\/laborprint-prepara-investimentos-na-area-de-grandes-formatos-apos-sucesso-com-tecnologia-efi-vutek\/\" \/>\n<meta property=\"og:site_name\" content=\"ProjetoPack\" \/>\n<meta property=\"article:published_time\" content=\"2022-09-30T20:54:18+00:00\" \/>\n<meta property=\"article:modified_time\" content=\"2026-03-16T19:48:15+00:00\" \/>\n<meta property=\"og:image\" content=\"https:\/\/projetopack.com.br\/wp-content\/uploads\/2022\/09\/image003.jpg\" \/>\n\t<meta property=\"og:image:width\" content=\"339\" \/>\n\t<meta property=\"og:image:height\" content=\"226\" \/>\n\t<meta property=\"og:image:type\" content=\"image\/jpeg\" \/>\n<meta name=\"author\" content=\"Aislan Baer\" \/>\n<meta name=\"twitter:card\" content=\"summary_large_image\" \/>\n<meta name=\"twitter:creator\" content=\"@ProjetoPack\" \/>\n<meta name=\"twitter:site\" content=\"@ProjetoPack\" \/>\n<meta name=\"twitter:label1\" content=\"Written by\" \/>\n\t<meta name=\"twitter:data1\" content=\"Aislan Baer\" \/>\n\t<meta name=\"twitter:label2\" content=\"Est. reading time\" \/>\n\t<meta name=\"twitter:data2\" content=\"3 minutes\" \/>\n<script type=\"application\/ld+json\" class=\"yoast-schema-graph\">{\"@context\":\"https:\/\/schema.org\",\"@graph\":[{\"@type\":\"Article\",\"@id\":\"https:\/\/projetopack.com.br\/laborprint-prepara-investimentos-na-area-de-grandes-formatos-apos-sucesso-com-tecnologia-efi-vutek\/#article\",\"isPartOf\":{\"@id\":\"https:\/\/projetopack.com.br\/laborprint-prepara-investimentos-na-area-de-grandes-formatos-apos-sucesso-com-tecnologia-efi-vutek\/\"},\"author\":{\"name\":\"Aislan Baer\",\"@id\":\"https:\/\/projetopack.com.br\/#\/schema\/person\/87cbd7d1e244880886d457815ebd2490\"},\"headline\":\"Laborprint prepara investimentos na \u00e1rea de grandes formatos ap\u00f3s sucesso com tecnologia EFI VUTEk\u00ae\",\"datePublished\":\"2022-09-30T20:54:18+00:00\",\"dateModified\":\"2026-03-16T19:48:15+00:00\",\"mainEntityOfPage\":{\"@id\":\"https:\/\/projetopack.com.br\/laborprint-prepara-investimentos-na-area-de-grandes-formatos-apos-sucesso-com-tecnologia-efi-vutek\/\"},\"wordCount\":447,\"commentCount\":0,\"publisher\":{\"@id\":\"https:\/\/projetopack.com.br\/#organization\"},\"image\":{\"@id\":\"https:\/\/projetopack.com.br\/laborprint-prepara-investimentos-na-area-de-grandes-formatos-apos-sucesso-com-tecnologia-efi-vutek\/#primaryimage\"},\"thumbnailUrl\":\"https:\/\/projetopack.com.br\/wp-content\/uploads\/2022\/09\/image003.jpg\",\"keywords\":[\"EFI\",\"grandes formatos\",\"jato de tinta\",\"laborprint\",\"vutek\"],\"articleSection\":[\"Entrevistas\"],\"inLanguage\":\"en-US\",\"potentialAction\":[{\"@type\":\"CommentAction\",\"name\":\"Comment\",\"target\":[\"https:\/\/projetopack.com.br\/laborprint-prepara-investimentos-na-area-de-grandes-formatos-apos-sucesso-com-tecnologia-efi-vutek\/#respond\"]}]},{\"@type\":\"WebPage\",\"@id\":\"https:\/\/projetopack.com.br\/laborprint-prepara-investimentos-na-area-de-grandes-formatos-apos-sucesso-com-tecnologia-efi-vutek\/\",\"url\":\"https:\/\/projetopack.com.br\/laborprint-prepara-investimentos-na-area-de-grandes-formatos-apos-sucesso-com-tecnologia-efi-vutek\/\",\"name\":\"Laborprint prepara investimentos na \u00e1rea de grandes formatos ap\u00f3s sucesso com tecnologia EFI VUTEk\u00ae - ProjetoPack\",\"isPartOf\":{\"@id\":\"https:\/\/projetopack.com.br\/#website\"},\"primaryImageOfPage\":{\"@id\":\"https:\/\/projetopack.com.br\/laborprint-prepara-investimentos-na-area-de-grandes-formatos-apos-sucesso-com-tecnologia-efi-vutek\/#primaryimage\"},\"image\":{\"@id\":\"https:\/\/projetopack.com.br\/laborprint-prepara-investimentos-na-area-de-grandes-formatos-apos-sucesso-com-tecnologia-efi-vutek\/#primaryimage\"},\"thumbnailUrl\":\"https:\/\/projetopack.com.br\/wp-content\/uploads\/2022\/09\/image003.jpg\",\"datePublished\":\"2022-09-30T20:54:18+00:00\",\"dateModified\":\"2026-03-16T19:48:15+00:00\",\"description\":\"Nosso portf\u00f3lio de clientes aumentou e foi poss\u00edvel crescer horizontalmente, atendendo tamb\u00e9m as novas demandas de clientes que j\u00e1 estavam em nossa base.\",\"breadcrumb\":{\"@id\":\"https:\/\/projetopack.com.br\/laborprint-prepara-investimentos-na-area-de-grandes-formatos-apos-sucesso-com-tecnologia-efi-vutek\/#breadcrumb\"},\"inLanguage\":\"en-US\",\"potentialAction\":[{\"@type\":\"ReadAction\",\"target\":[\"https:\/\/projetopack.com.br\/laborprint-prepara-investimentos-na-area-de-grandes-formatos-apos-sucesso-com-tecnologia-efi-vutek\/\"]}]},{\"@type\":\"ImageObject\",\"inLanguage\":\"en-US\",\"@id\":\"https:\/\/projetopack.com.br\/laborprint-prepara-investimentos-na-area-de-grandes-formatos-apos-sucesso-com-tecnologia-efi-vutek\/#primaryimage\",\"url\":\"https:\/\/projetopack.com.br\/wp-content\/uploads\/2022\/09\/image003.jpg\",\"contentUrl\":\"https:\/\/projetopack.com.br\/wp-content\/uploads\/2022\/09\/image003.jpg\",\"width\":339,\"height\":226,\"caption\":\"laborprint\"},{\"@type\":\"BreadcrumbList\",\"@id\":\"https:\/\/projetopack.com.br\/laborprint-prepara-investimentos-na-area-de-grandes-formatos-apos-sucesso-com-tecnologia-efi-vutek\/#breadcrumb\",\"itemListElement\":[{\"@type\":\"ListItem\",\"position\":1,\"name\":\"P\u00e1gina Inicial\",\"item\":\"https:\/\/projetopack.com.br\/\"},{\"@type\":\"ListItem\",\"position\":2,\"name\":\"Entrevistas\",\"item\":\"https:\/\/projetopack.com.br\/category\/entrevistas\/\"},{\"@type\":\"ListItem\",\"position\":3,\"name\":\"Laborprint prepara investimentos na \u00e1rea de grandes formatos ap\u00f3s sucesso com tecnologia EFI VUTEk\u00ae\"}]},{\"@type\":\"WebSite\",\"@id\":\"https:\/\/projetopack.com.br\/#website\",\"url\":\"https:\/\/projetopack.com.br\/\",\"name\":\"ProjetoPack\",\"description\":\"Consultoria e servi\u00e7os para embalagens, r\u00f3tulos, etiquetas e processos de impress\u00e3o\",\"publisher\":{\"@id\":\"https:\/\/projetopack.com.br\/#organization\"},\"potentialAction\":[{\"@type\":\"SearchAction\",\"target\":{\"@type\":\"EntryPoint\",\"urlTemplate\":\"https:\/\/projetopack.com.br\/?s={search_term_string}\"},\"query-input\":{\"@type\":\"PropertyValueSpecification\",\"valueRequired\":true,\"valueName\":\"search_term_string\"}}],\"inLanguage\":\"en-US\"},{\"@type\":\"Organization\",\"@id\":\"https:\/\/projetopack.com.br\/#organization\",\"name\":\"ProjetoPack & Associados\",\"url\":\"https:\/\/projetopack.com.br\/\",\"logo\":{\"@type\":\"ImageObject\",\"inLanguage\":\"en-US\",\"@id\":\"https:\/\/projetopack.com.br\/#\/schema\/logo\/image\/\",\"url\":\"https:\/\/projetopack.com.br\/wp-content\/uploads\/2020\/09\/projetopack.png\",\"contentUrl\":\"https:\/\/projetopack.com.br\/wp-content\/uploads\/2020\/09\/projetopack.png\",\"width\":200,\"height\":200,\"caption\":\"ProjetoPack & Associados\"},\"image\":{\"@id\":\"https:\/\/projetopack.com.br\/#\/schema\/logo\/image\/\"},\"sameAs\":[\"https:\/\/x.com\/ProjetoPack\",\"https:\/\/www.linkedin.com\/company\/projetopack\/\"]},{\"@type\":\"Person\",\"@id\":\"https:\/\/projetopack.com.br\/#\/schema\/person\/87cbd7d1e244880886d457815ebd2490\",\"name\":\"Aislan Baer\",\"image\":{\"@type\":\"ImageObject\",\"inLanguage\":\"en-US\",\"@id\":\"https:\/\/projetopack.com.br\/#\/schema\/person\/image\/\",\"url\":\"https:\/\/projetopack.com.br\/wp-content\/uploads\/2021\/08\/Aislan-Busto-p-100x100.jpg\",\"contentUrl\":\"https:\/\/projetopack.com.br\/wp-content\/uploads\/2021\/08\/Aislan-Busto-p-100x100.jpg\",\"caption\":\"Aislan Baer\"},\"description\":\"Desde os \u00faltimos 20 anos, meu time e eu ajudamos mais de 300 empresas brasileiras e estrangeiras (algumas delas, l\u00edderes mundiais) a produzir embalagens flex\u00edveis e r\u00f3tulos com maior efici\u00eancia, menores custos e maior apelo visual, bem como centenas de donos de marcas a comprar suas embalagens flex\u00edveis e material impresso com um crit\u00e9rio mais t\u00e9cnico e assertivo. Ao mesmo tempo, gra\u00e7as \u00e0 nossa consultoria, muitas destas empresas melhoraram significativamente o seu processo de Impress\u00e3o (Impress\u00e3o de embalagens, Impress\u00e3o industrial, Impress\u00e3o funcional e, mais recentemente, bio impress\u00e3o e manufatura aditiva ou simplesmente Impress\u00e3o 3D). Se a sua empresa tem um problema relacionado a embalagens flex\u00edveis, r\u00f3tulos ou Impress\u00e3o, por mais insol\u00favel que lhe pare\u00e7a, aguardamos ansiosos a sua liga\u00e7\u00e3o ou e-mail. Este \u00e9 nosso trabalho e tamb\u00e9m a nossa paix\u00e3o.\",\"sameAs\":[\"http:\/\/www.projetopack.com\",\"https:\/\/www.linkedin.com\/in\/aislanbaer\/\"],\"jobTitle\":\"CEO @ ProjetoPack | L\u00edder em M&A no Setor de Impress\u00e3o e Embalagens no Brasil | Cofundador da Inovagraf e Neuraflow | Especialista em Inova\u00e7\u00e3o com IA na Impress\u00e3o | Printing Legacy Initiative | Empreendedor Serial\",\"url\":\"https:\/\/projetopack.com.br\/en\/author\/aislan\/\"}]}<\/script>\n<!-- \/ Yoast SEO Premium plugin. -->","yoast_head_json":{"title":"Laborprint prepara investimentos na \u00e1rea de grandes formatos ap\u00f3s sucesso com tecnologia EFI VUTEk\u00ae - ProjetoPack","description":"Nosso portf\u00f3lio de clientes aumentou e foi poss\u00edvel crescer horizontalmente, atendendo tamb\u00e9m as novas demandas de clientes que j\u00e1 estavam em nossa base.","robots":{"index":"index","follow":"follow","max-snippet":"max-snippet:-1","max-image-preview":"max-image-preview:large","max-video-preview":"max-video-preview:-1"},"canonical":"https:\/\/projetopack.com.br\/en\/laborprint-prepara-investimentos-na-area-de-grandes-formatos-apos-sucesso-com-tecnologia-efi-vutek\/","og_locale":"en_US","og_type":"article","og_title":"Laborprint prepara investimentos na \u00e1rea de grandes formatos ap\u00f3s sucesso com tecnologia EFI VUTEk\u00ae","og_description":"Nosso portf\u00f3lio de clientes aumentou e foi poss\u00edvel crescer horizontalmente, atendendo tamb\u00e9m as novas demandas de clientes que j\u00e1 estavam em nossa base.","og_url":"https:\/\/projetopack.com.br\/en\/laborprint-prepara-investimentos-na-area-de-grandes-formatos-apos-sucesso-com-tecnologia-efi-vutek\/","og_site_name":"ProjetoPack","article_published_time":"2022-09-30T20:54:18+00:00","article_modified_time":"2026-03-16T19:48:15+00:00","og_image":[{"width":339,"height":226,"url":"https:\/\/projetopack.com.br\/wp-content\/uploads\/2022\/09\/image003.jpg","type":"image\/jpeg"}],"author":"Aislan Baer","twitter_card":"summary_large_image","twitter_creator":"@ProjetoPack","twitter_site":"@ProjetoPack","twitter_misc":{"Written by":"Aislan Baer","Est. reading time":"3 minutes"},"schema":{"@context":"https:\/\/schema.org","@graph":[{"@type":"Article","@id":"https:\/\/projetopack.com.br\/laborprint-prepara-investimentos-na-area-de-grandes-formatos-apos-sucesso-com-tecnologia-efi-vutek\/#article","isPartOf":{"@id":"https:\/\/projetopack.com.br\/laborprint-prepara-investimentos-na-area-de-grandes-formatos-apos-sucesso-com-tecnologia-efi-vutek\/"},"author":{"name":"Aislan Baer","@id":"https:\/\/projetopack.com.br\/#\/schema\/person\/87cbd7d1e244880886d457815ebd2490"},"headline":"Laborprint prepara investimentos na \u00e1rea de grandes formatos ap\u00f3s sucesso com tecnologia EFI VUTEk\u00ae","datePublished":"2022-09-30T20:54:18+00:00","dateModified":"2026-03-16T19:48:15+00:00","mainEntityOfPage":{"@id":"https:\/\/projetopack.com.br\/laborprint-prepara-investimentos-na-area-de-grandes-formatos-apos-sucesso-com-tecnologia-efi-vutek\/"},"wordCount":447,"commentCount":0,"publisher":{"@id":"https:\/\/projetopack.com.br\/#organization"},"image":{"@id":"https:\/\/projetopack.com.br\/laborprint-prepara-investimentos-na-area-de-grandes-formatos-apos-sucesso-com-tecnologia-efi-vutek\/#primaryimage"},"thumbnailUrl":"https:\/\/projetopack.com.br\/wp-content\/uploads\/2022\/09\/image003.jpg","keywords":["EFI","grandes formatos","jato de tinta","laborprint","vutek"],"articleSection":["Entrevistas"],"inLanguage":"en-US","potentialAction":[{"@type":"CommentAction","name":"Comment","target":["https:\/\/projetopack.com.br\/laborprint-prepara-investimentos-na-area-de-grandes-formatos-apos-sucesso-com-tecnologia-efi-vutek\/#respond"]}]},{"@type":"WebPage","@id":"https:\/\/projetopack.com.br\/laborprint-prepara-investimentos-na-area-de-grandes-formatos-apos-sucesso-com-tecnologia-efi-vutek\/","url":"https:\/\/projetopack.com.br\/laborprint-prepara-investimentos-na-area-de-grandes-formatos-apos-sucesso-com-tecnologia-efi-vutek\/","name":"Laborprint prepara investimentos na \u00e1rea de grandes formatos ap\u00f3s sucesso com tecnologia EFI VUTEk\u00ae - ProjetoPack","isPartOf":{"@id":"https:\/\/projetopack.com.br\/#website"},"primaryImageOfPage":{"@id":"https:\/\/projetopack.com.br\/laborprint-prepara-investimentos-na-area-de-grandes-formatos-apos-sucesso-com-tecnologia-efi-vutek\/#primaryimage"},"image":{"@id":"https:\/\/projetopack.com.br\/laborprint-prepara-investimentos-na-area-de-grandes-formatos-apos-sucesso-com-tecnologia-efi-vutek\/#primaryimage"},"thumbnailUrl":"https:\/\/projetopack.com.br\/wp-content\/uploads\/2022\/09\/image003.jpg","datePublished":"2022-09-30T20:54:18+00:00","dateModified":"2026-03-16T19:48:15+00:00","description":"Nosso portf\u00f3lio de clientes aumentou e foi poss\u00edvel crescer horizontalmente, atendendo tamb\u00e9m as novas demandas de clientes que j\u00e1 estavam em nossa base.","breadcrumb":{"@id":"https:\/\/projetopack.com.br\/laborprint-prepara-investimentos-na-area-de-grandes-formatos-apos-sucesso-com-tecnologia-efi-vutek\/#breadcrumb"},"inLanguage":"en-US","potentialAction":[{"@type":"ReadAction","target":["https:\/\/projetopack.com.br\/laborprint-prepara-investimentos-na-area-de-grandes-formatos-apos-sucesso-com-tecnologia-efi-vutek\/"]}]},{"@type":"ImageObject","inLanguage":"en-US","@id":"https:\/\/projetopack.com.br\/laborprint-prepara-investimentos-na-area-de-grandes-formatos-apos-sucesso-com-tecnologia-efi-vutek\/#primaryimage","url":"https:\/\/projetopack.com.br\/wp-content\/uploads\/2022\/09\/image003.jpg","contentUrl":"https:\/\/projetopack.com.br\/wp-content\/uploads\/2022\/09\/image003.jpg","width":339,"height":226,"caption":"laborprint"},{"@type":"BreadcrumbList","@id":"https:\/\/projetopack.com.br\/laborprint-prepara-investimentos-na-area-de-grandes-formatos-apos-sucesso-com-tecnologia-efi-vutek\/#breadcrumb","itemListElement":[{"@type":"ListItem","position":1,"name":"P\u00e1gina Inicial","item":"https:\/\/projetopack.com.br\/"},{"@type":"ListItem","position":2,"name":"Entrevistas","item":"https:\/\/projetopack.com.br\/category\/entrevistas\/"},{"@type":"ListItem","position":3,"name":"Laborprint prepara investimentos na \u00e1rea de grandes formatos ap\u00f3s sucesso com tecnologia EFI VUTEk\u00ae"}]},{"@type":"WebSite","@id":"https:\/\/projetopack.com.br\/#website","url":"https:\/\/projetopack.com.br\/","name":"ProjetoPack","description":"Consultoria e servi\u00e7os para embalagens, r\u00f3tulos, etiquetas e processos de impress\u00e3o","publisher":{"@id":"https:\/\/projetopack.com.br\/#organization"},"potentialAction":[{"@type":"SearchAction","target":{"@type":"EntryPoint","urlTemplate":"https:\/\/projetopack.com.br\/?s={search_term_string}"},"query-input":{"@type":"PropertyValueSpecification","valueRequired":true,"valueName":"search_term_string"}}],"inLanguage":"en-US"},{"@type":"Organization","@id":"https:\/\/projetopack.com.br\/#organization","name":"ProjetoPack & Associados","url":"https:\/\/projetopack.com.br\/","logo":{"@type":"ImageObject","inLanguage":"en-US","@id":"https:\/\/projetopack.com.br\/#\/schema\/logo\/image\/","url":"https:\/\/projetopack.com.br\/wp-content\/uploads\/2020\/09\/projetopack.png","contentUrl":"https:\/\/projetopack.com.br\/wp-content\/uploads\/2020\/09\/projetopack.png","width":200,"height":200,"caption":"ProjetoPack & Associados"},"image":{"@id":"https:\/\/projetopack.com.br\/#\/schema\/logo\/image\/"},"sameAs":["https:\/\/x.com\/ProjetoPack","https:\/\/www.linkedin.com\/company\/projetopack\/"]},{"@type":"Person","@id":"https:\/\/projetopack.com.br\/#\/schema\/person\/87cbd7d1e244880886d457815ebd2490","name":"Aislan Baer","image":{"@type":"ImageObject","inLanguage":"en-US","@id":"https:\/\/projetopack.com.br\/#\/schema\/person\/image\/","url":"https:\/\/projetopack.com.br\/wp-content\/uploads\/2021\/08\/Aislan-Busto-p-100x100.jpg","contentUrl":"https:\/\/projetopack.com.br\/wp-content\/uploads\/2021\/08\/Aislan-Busto-p-100x100.jpg","caption":"Aislan Baer"},"description":"Desde os \u00faltimos 20 anos, meu time e eu ajudamos mais de 300 empresas brasileiras e estrangeiras (algumas delas, l\u00edderes mundiais) a produzir embalagens flex\u00edveis e r\u00f3tulos com maior efici\u00eancia, menores custos e maior apelo visual, bem como centenas de donos de marcas a comprar suas embalagens flex\u00edveis e material impresso com um crit\u00e9rio mais t\u00e9cnico e assertivo. Ao mesmo tempo, gra\u00e7as \u00e0 nossa consultoria, muitas destas empresas melhoraram significativamente o seu processo de Impress\u00e3o (Impress\u00e3o de embalagens, Impress\u00e3o industrial, Impress\u00e3o funcional e, mais recentemente, bio impress\u00e3o e manufatura aditiva ou simplesmente Impress\u00e3o 3D). Se a sua empresa tem um problema relacionado a embalagens flex\u00edveis, r\u00f3tulos ou Impress\u00e3o, por mais insol\u00favel que lhe pare\u00e7a, aguardamos ansiosos a sua liga\u00e7\u00e3o ou e-mail. Este \u00e9 nosso trabalho e tamb\u00e9m a nossa paix\u00e3o.","sameAs":["http:\/\/www.projetopack.com","https:\/\/www.linkedin.com\/in\/aislanbaer\/"],"jobTitle":"CEO @ ProjetoPack | L\u00edder em M&A no Setor de Impress\u00e3o e Embalagens no Brasil | Cofundador da Inovagraf e Neuraflow | Especialista em Inova\u00e7\u00e3o com IA na Impress\u00e3o | Printing Legacy Initiative | Empreendedor Serial","url":"https:\/\/projetopack.com.br\/en\/author\/aislan\/"}]}},"_links":{"self":[{"href":"https:\/\/projetopack.com.br\/en\/wp-json\/wp\/v2\/posts\/27643","targetHints":{"allow":["GET"]}}],"collection":[{"href":"https:\/\/projetopack.com.br\/en\/wp-json\/wp\/v2\/posts"}],"about":[{"href":"https:\/\/projetopack.com.br\/en\/wp-json\/wp\/v2\/types\/post"}],"author":[{"embeddable":true,"href":"https:\/\/projetopack.com.br\/en\/wp-json\/wp\/v2\/users\/2"}],"replies":[{"embeddable":true,"href":"https:\/\/projetopack.com.br\/en\/wp-json\/wp\/v2\/comments?post=27643"}],"version-history":[{"count":0,"href":"https:\/\/projetopack.com.br\/en\/wp-json\/wp\/v2\/posts\/27643\/revisions"}],"wp:featuredmedia":[{"embeddable":true,"href":"https:\/\/projetopack.com.br\/en\/wp-json\/wp\/v2\/media\/27644"}],"wp:attachment":[{"href":"https:\/\/projetopack.com.br\/en\/wp-json\/wp\/v2\/media?parent=27643"}],"wp:term":[{"taxonomy":"category","embeddable":true,"href":"https:\/\/projetopack.com.br\/en\/wp-json\/wp\/v2\/categories?post=27643"},{"taxonomy":"post_tag","embeddable":true,"href":"https:\/\/projetopack.com.br\/en\/wp-json\/wp\/v2\/tags?post=27643"}],"curies":[{"name":"wp","href":"https:\/\/api.w.org\/{rel}","templated":true}]}}