{"id":28094,"date":"2022-10-14T17:10:17","date_gmt":"2022-10-14T20:10:17","guid":{"rendered":"https:\/\/www.projetopack.com.br\/?p=28094"},"modified":"2026-03-16T16:48:12","modified_gmt":"2026-03-16T19:48:12","slug":"comexi-entra-no-segmento-de-impressao-digital-com-a-nova-impressora-digiflex","status":"publish","type":"post","link":"https:\/\/projetopack.com.br\/en\/comexi-entra-no-segmento-de-impressao-digital-com-a-nova-impressora-digiflex\/","title":{"rendered":"Comexi entra no segmento de impress\u00e3o digital com a nova impressora Digiflex"},"content":{"rendered":"<p style=\"font-style:normal;font-weight:400\">Depois de quase 70 anos produzindo m\u00e1quinas impressoras e para convers\u00e3o de embalagens flex\u00edveis, a espanhola <a href=\"https:\/\/comexi.com\/\" target=\"_blank\" rel=\"noreferrer noopener\">Comexi<\/a> d\u00e1 um novo passo rumo ao futuro, lan\u00e7ando sua primeira impressora digital na <a href=\"https:\/\/www.k-online.com\/\" target=\"_blank\" rel=\"noreferrer noopener\">feira K<\/a>, alguns dias a frente.<\/p>\n\n\n\n<p style=\"font-style:normal;font-weight:400\">A impressora <strong>Digiflex<\/strong> ser\u00e1 a principal atra\u00e7\u00e3o do estande 4B31 da Comexi em D\u00fcsseldorf (Alemanha), durante os dias 19 a 26 de outubro.<\/p>\n\n\n\n<blockquote class=\"wp-block-quote is-layout-flow wp-block-quote-is-layout-flow\" style=\"font-style:normal;font-weight:400\"><p>&#8220;A Comexi Digiflex \u00e9 uma m\u00e1quina que oferece a impress\u00e3o digital de dados vari\u00e1veis, assim como c\u00f3digos QR, c\u00f3digo de barras, Datamatrix e tantas outras aplica\u00e7\u00f5es de codifica\u00e7\u00e3o que exigem alta qualidade&#8221;, <\/p><cite><strong>explica Pedro Jim\u00e9nez, , diretor de vendas respons\u00e1vel pelo segmento digital.<\/strong><\/cite><\/blockquote>\n\n\n\n<p style=\"font-style:normal;font-weight:400\">Pedro ressalta que o equipamento entrega qualidade em altas velocidades, sendo portanto uma solu\u00e7\u00e3o do tipo &#8220;all-in-one&#8221;, que inclui integra\u00e7\u00e3o com o processo de cura, controle de tens\u00e3o, registro de impress\u00e3o, tratador corona e sistema de v\u00eddeo inspe\u00e7\u00e3o.<\/p>\n\n\n\n<p class=\"has-cyan-bluish-gray-background-color has-background\" style=\"font-style:normal;font-weight:400\">A impressora utiliza tintas de baixa migra\u00e7\u00e3o, adequadas para a impress\u00e3o de embalagens aliment\u00edcias. Estas tintas oferecem resultados excelentes nos testes de qualidade como os de resist\u00eancia ao atrito, ades\u00e3o etc.<\/p>\n\n\n\n<p style=\"font-style:normal;font-weight:400\">A m\u00e1quina permite a possibilidade de impress\u00e3o frente e verso sem tratamento ou, da mesma maneira, num material pr\u00e9-impresso. O equipamento chega a imprimir em velocidades de 220 m\/min, com baix\u00edssima gera\u00e7\u00e3o de aparas e um set-up \u00e1gil. Imprime-se em resolu\u00e7\u00e3o de at\u00e9 1200 x 1200 dpi, um c\u00f3digo com tamanho m\u00ednimo de 8 x 8 mm, com consist\u00eancia de registro.<\/p>\n\n\n\n<figure class=\"wp-block-pullquote\" style=\"font-style:normal;font-weight:400\"><blockquote><p>O equipamento \u00e9 um grande aliado contra a falsifica\u00e7\u00e3o, trazendo elementos de seguran\u00e7a aos impressos e aumentando a confian\u00e7a dos clientes \u00e0s marcas &#8211; o que implica em criar valor ao dono da marca.<\/p><\/blockquote><\/figure>\n\n\n\n<p style=\"font-style:normal;font-weight:400\">A Comexi participou, com sua impressora Digiflex, no projeto R-Cycle, liderado pela <a href=\"https:\/\/reifenhauser.com\/en\/\" target=\"_blank\" rel=\"noreferrer noopener\">Reifenh\u00e4user<\/a>. Os c\u00f3digos \u00fanicos gerados pela impressora identificam o tipo de pl\u00e1stico e favorecem uma reciclagem mais apropriada e eficiente \u00e0 toda cadeia.<\/p>\n\n\n\n<p style=\"font-style:normal;font-weight:400\">Leia mais em nosso blog:<\/p>\n\n\n\n<p><a href=\"https:\/\/projetopack.com.br\/en\/o-que-aprendemos-na-primeira-entrevista-do-programa-packcast-com-a-comexi-do-brasil\/\" target=\"_blank\" rel=\"noreferrer noopener\">ProjetoPack: O que aprendemos na primeira entrevista do PackCast com a Comexi?<\/a><\/p>","protected":false},"excerpt":{"rendered":"<p>O equipamento chega a imprimir em velocidades de 220 m\/min<\/p>","protected":false},"author":2,"featured_media":28132,"comment_status":"open","ping_status":"closed","sticky":true,"template":"","format":"standard","meta":{"footnotes":""},"categories":[458],"tags":[],"class_list":["post-28094","post","type-post","status-publish","format-standard","has-post-thumbnail","hentry","category-lancamentos"],"yoast_head":"<!-- This site is optimized with the Yoast SEO Premium plugin v27.1 (Yoast SEO v27.1.1) - https:\/\/yoast.com\/product\/yoast-seo-premium-wordpress\/ -->\n<title>Comexi entra no segmento de impress\u00e3o digital com a nova impressora Digiflex - ProjetoPack<\/title>\n<meta name=\"description\" content=\"A empresa espanhola Comexi d\u00e1 um novo passo rumo ao futuro, lan\u00e7ando sua primeira impressora digital na feira K\" \/>\n<meta name=\"robots\" content=\"index, follow, max-snippet:-1, max-image-preview:large, max-video-preview:-1\" \/>\n<link rel=\"canonical\" href=\"https:\/\/projetopack.com.br\/en\/comexi-entra-no-segmento-de-impressao-digital-com-a-nova-impressora-digiflex\/\" \/>\n<meta property=\"og:locale\" content=\"en_US\" \/>\n<meta property=\"og:type\" content=\"article\" \/>\n<meta property=\"og:title\" content=\"Comexi entra no segmento de impress\u00e3o digital com a nova impressora Digiflex\" \/>\n<meta property=\"og:description\" content=\"A empresa espanhola Comexi d\u00e1 um novo passo rumo ao futuro, lan\u00e7ando sua primeira impressora digital na feira K\" \/>\n<meta property=\"og:url\" content=\"https:\/\/projetopack.com.br\/en\/comexi-entra-no-segmento-de-impressao-digital-com-a-nova-impressora-digiflex\/\" \/>\n<meta property=\"og:site_name\" content=\"ProjetoPack\" \/>\n<meta property=\"article:published_time\" content=\"2022-10-14T20:10:17+00:00\" \/>\n<meta property=\"article:modified_time\" content=\"2026-03-16T19:48:12+00:00\" \/>\n<meta property=\"og:image\" content=\"https:\/\/projetopack.com.br\/wp-content\/uploads\/2022\/10\/PR-Comexi-Enters-the-Digital-Printing-Sector-With-Its-New-Digiflex-Press-1000x641-1.jpg\" \/>\n\t<meta property=\"og:image:width\" content=\"1000\" \/>\n\t<meta property=\"og:image:height\" content=\"641\" \/>\n\t<meta property=\"og:image:type\" content=\"image\/jpeg\" \/>\n<meta name=\"author\" content=\"Aislan Baer\" \/>\n<meta name=\"twitter:card\" content=\"summary_large_image\" \/>\n<meta name=\"twitter:creator\" content=\"@ProjetoPack\" \/>\n<meta name=\"twitter:site\" content=\"@ProjetoPack\" \/>\n<meta name=\"twitter:label1\" content=\"Written by\" \/>\n\t<meta name=\"twitter:data1\" content=\"Aislan Baer\" \/>\n\t<meta name=\"twitter:label2\" content=\"Est. reading time\" \/>\n\t<meta name=\"twitter:data2\" content=\"2 minutes\" \/>\n<script type=\"application\/ld+json\" class=\"yoast-schema-graph\">{\"@context\":\"https:\/\/schema.org\",\"@graph\":[{\"@type\":\"Article\",\"@id\":\"https:\/\/projetopack.com.br\/comexi-entra-no-segmento-de-impressao-digital-com-a-nova-impressora-digiflex\/#article\",\"isPartOf\":{\"@id\":\"https:\/\/projetopack.com.br\/comexi-entra-no-segmento-de-impressao-digital-com-a-nova-impressora-digiflex\/\"},\"author\":{\"name\":\"Aislan Baer\",\"@id\":\"https:\/\/projetopack.com.br\/#\/schema\/person\/87cbd7d1e244880886d457815ebd2490\"},\"headline\":\"Comexi entra no segmento de impress\u00e3o digital com a nova impressora Digiflex\",\"datePublished\":\"2022-10-14T20:10:17+00:00\",\"dateModified\":\"2026-03-16T19:48:12+00:00\",\"mainEntityOfPage\":{\"@id\":\"https:\/\/projetopack.com.br\/comexi-entra-no-segmento-de-impressao-digital-com-a-nova-impressora-digiflex\/\"},\"wordCount\":361,\"commentCount\":0,\"publisher\":{\"@id\":\"https:\/\/projetopack.com.br\/#organization\"},\"image\":{\"@id\":\"https:\/\/projetopack.com.br\/comexi-entra-no-segmento-de-impressao-digital-com-a-nova-impressora-digiflex\/#primaryimage\"},\"thumbnailUrl\":\"https:\/\/projetopack.com.br\/wp-content\/uploads\/2022\/10\/PR-Comexi-Enters-the-Digital-Printing-Sector-With-Its-New-Digiflex-Press-1000x641-1.jpg\",\"articleSection\":[\"Lan\u00e7amentos\"],\"inLanguage\":\"en-US\",\"potentialAction\":[{\"@type\":\"CommentAction\",\"name\":\"Comment\",\"target\":[\"https:\/\/projetopack.com.br\/comexi-entra-no-segmento-de-impressao-digital-com-a-nova-impressora-digiflex\/#respond\"]}]},{\"@type\":\"WebPage\",\"@id\":\"https:\/\/projetopack.com.br\/comexi-entra-no-segmento-de-impressao-digital-com-a-nova-impressora-digiflex\/\",\"url\":\"https:\/\/projetopack.com.br\/comexi-entra-no-segmento-de-impressao-digital-com-a-nova-impressora-digiflex\/\",\"name\":\"Comexi entra no segmento de impress\u00e3o digital com a nova impressora Digiflex - ProjetoPack\",\"isPartOf\":{\"@id\":\"https:\/\/projetopack.com.br\/#website\"},\"primaryImageOfPage\":{\"@id\":\"https:\/\/projetopack.com.br\/comexi-entra-no-segmento-de-impressao-digital-com-a-nova-impressora-digiflex\/#primaryimage\"},\"image\":{\"@id\":\"https:\/\/projetopack.com.br\/comexi-entra-no-segmento-de-impressao-digital-com-a-nova-impressora-digiflex\/#primaryimage\"},\"thumbnailUrl\":\"https:\/\/projetopack.com.br\/wp-content\/uploads\/2022\/10\/PR-Comexi-Enters-the-Digital-Printing-Sector-With-Its-New-Digiflex-Press-1000x641-1.jpg\",\"datePublished\":\"2022-10-14T20:10:17+00:00\",\"dateModified\":\"2026-03-16T19:48:12+00:00\",\"description\":\"A empresa espanhola Comexi d\u00e1 um novo passo rumo ao futuro, lan\u00e7ando sua primeira impressora digital na feira K\",\"breadcrumb\":{\"@id\":\"https:\/\/projetopack.com.br\/comexi-entra-no-segmento-de-impressao-digital-com-a-nova-impressora-digiflex\/#breadcrumb\"},\"inLanguage\":\"en-US\",\"potentialAction\":[{\"@type\":\"ReadAction\",\"target\":[\"https:\/\/projetopack.com.br\/comexi-entra-no-segmento-de-impressao-digital-com-a-nova-impressora-digiflex\/\"]}]},{\"@type\":\"ImageObject\",\"inLanguage\":\"en-US\",\"@id\":\"https:\/\/projetopack.com.br\/comexi-entra-no-segmento-de-impressao-digital-com-a-nova-impressora-digiflex\/#primaryimage\",\"url\":\"https:\/\/projetopack.com.br\/wp-content\/uploads\/2022\/10\/PR-Comexi-Enters-the-Digital-Printing-Sector-With-Its-New-Digiflex-Press-1000x641-1.jpg\",\"contentUrl\":\"https:\/\/projetopack.com.br\/wp-content\/uploads\/2022\/10\/PR-Comexi-Enters-the-Digital-Printing-Sector-With-Its-New-Digiflex-Press-1000x641-1.jpg\",\"width\":1000,\"height\":641,\"caption\":\"comexi digital\"},{\"@type\":\"BreadcrumbList\",\"@id\":\"https:\/\/projetopack.com.br\/comexi-entra-no-segmento-de-impressao-digital-com-a-nova-impressora-digiflex\/#breadcrumb\",\"itemListElement\":[{\"@type\":\"ListItem\",\"position\":1,\"name\":\"P\u00e1gina Inicial\",\"item\":\"https:\/\/projetopack.com.br\/\"},{\"@type\":\"ListItem\",\"position\":2,\"name\":\"Lan\u00e7amentos\",\"item\":\"https:\/\/projetopack.com.br\/category\/lancamentos\/\"},{\"@type\":\"ListItem\",\"position\":3,\"name\":\"Comexi entra no segmento de impress\u00e3o digital com a nova impressora Digiflex\"}]},{\"@type\":\"WebSite\",\"@id\":\"https:\/\/projetopack.com.br\/#website\",\"url\":\"https:\/\/projetopack.com.br\/\",\"name\":\"ProjetoPack\",\"description\":\"Consultoria e servi\u00e7os para embalagens, r\u00f3tulos, etiquetas e processos de impress\u00e3o\",\"publisher\":{\"@id\":\"https:\/\/projetopack.com.br\/#organization\"},\"potentialAction\":[{\"@type\":\"SearchAction\",\"target\":{\"@type\":\"EntryPoint\",\"urlTemplate\":\"https:\/\/projetopack.com.br\/?s={search_term_string}\"},\"query-input\":{\"@type\":\"PropertyValueSpecification\",\"valueRequired\":true,\"valueName\":\"search_term_string\"}}],\"inLanguage\":\"en-US\"},{\"@type\":\"Organization\",\"@id\":\"https:\/\/projetopack.com.br\/#organization\",\"name\":\"ProjetoPack & Associados\",\"url\":\"https:\/\/projetopack.com.br\/\",\"logo\":{\"@type\":\"ImageObject\",\"inLanguage\":\"en-US\",\"@id\":\"https:\/\/projetopack.com.br\/#\/schema\/logo\/image\/\",\"url\":\"https:\/\/projetopack.com.br\/wp-content\/uploads\/2020\/09\/projetopack.png\",\"contentUrl\":\"https:\/\/projetopack.com.br\/wp-content\/uploads\/2020\/09\/projetopack.png\",\"width\":200,\"height\":200,\"caption\":\"ProjetoPack & Associados\"},\"image\":{\"@id\":\"https:\/\/projetopack.com.br\/#\/schema\/logo\/image\/\"},\"sameAs\":[\"https:\/\/x.com\/ProjetoPack\",\"https:\/\/www.linkedin.com\/company\/projetopack\/\"]},{\"@type\":\"Person\",\"@id\":\"https:\/\/projetopack.com.br\/#\/schema\/person\/87cbd7d1e244880886d457815ebd2490\",\"name\":\"Aislan Baer\",\"image\":{\"@type\":\"ImageObject\",\"inLanguage\":\"en-US\",\"@id\":\"https:\/\/projetopack.com.br\/#\/schema\/person\/image\/\",\"url\":\"https:\/\/projetopack.com.br\/wp-content\/uploads\/2021\/08\/Aislan-Busto-p-100x100.jpg\",\"contentUrl\":\"https:\/\/projetopack.com.br\/wp-content\/uploads\/2021\/08\/Aislan-Busto-p-100x100.jpg\",\"caption\":\"Aislan Baer\"},\"description\":\"Desde os \u00faltimos 20 anos, meu time e eu ajudamos mais de 300 empresas brasileiras e estrangeiras (algumas delas, l\u00edderes mundiais) a produzir embalagens flex\u00edveis e r\u00f3tulos com maior efici\u00eancia, menores custos e maior apelo visual, bem como centenas de donos de marcas a comprar suas embalagens flex\u00edveis e material impresso com um crit\u00e9rio mais t\u00e9cnico e assertivo. Ao mesmo tempo, gra\u00e7as \u00e0 nossa consultoria, muitas destas empresas melhoraram significativamente o seu processo de Impress\u00e3o (Impress\u00e3o de embalagens, Impress\u00e3o industrial, Impress\u00e3o funcional e, mais recentemente, bio impress\u00e3o e manufatura aditiva ou simplesmente Impress\u00e3o 3D). Se a sua empresa tem um problema relacionado a embalagens flex\u00edveis, r\u00f3tulos ou Impress\u00e3o, por mais insol\u00favel que lhe pare\u00e7a, aguardamos ansiosos a sua liga\u00e7\u00e3o ou e-mail. Este \u00e9 nosso trabalho e tamb\u00e9m a nossa paix\u00e3o.\",\"sameAs\":[\"http:\/\/www.projetopack.com\",\"https:\/\/www.linkedin.com\/in\/aislanbaer\/\"],\"jobTitle\":\"CEO @ ProjetoPack | L\u00edder em M&A no Setor de Impress\u00e3o e Embalagens no Brasil | Cofundador da Inovagraf e Neuraflow | Especialista em Inova\u00e7\u00e3o com IA na Impress\u00e3o | Printing Legacy Initiative | Empreendedor Serial\",\"url\":\"https:\/\/projetopack.com.br\/en\/author\/aislan\/\"}]}<\/script>\n<!-- \/ Yoast SEO Premium plugin. -->","yoast_head_json":{"title":"Comexi entra no segmento de impress\u00e3o digital com a nova impressora Digiflex - ProjetoPack","description":"A empresa espanhola Comexi d\u00e1 um novo passo rumo ao futuro, lan\u00e7ando sua primeira impressora digital na feira K","robots":{"index":"index","follow":"follow","max-snippet":"max-snippet:-1","max-image-preview":"max-image-preview:large","max-video-preview":"max-video-preview:-1"},"canonical":"https:\/\/projetopack.com.br\/en\/comexi-entra-no-segmento-de-impressao-digital-com-a-nova-impressora-digiflex\/","og_locale":"en_US","og_type":"article","og_title":"Comexi entra no segmento de impress\u00e3o digital com a nova impressora Digiflex","og_description":"A empresa espanhola Comexi d\u00e1 um novo passo rumo ao futuro, lan\u00e7ando sua primeira impressora digital na feira K","og_url":"https:\/\/projetopack.com.br\/en\/comexi-entra-no-segmento-de-impressao-digital-com-a-nova-impressora-digiflex\/","og_site_name":"ProjetoPack","article_published_time":"2022-10-14T20:10:17+00:00","article_modified_time":"2026-03-16T19:48:12+00:00","og_image":[{"width":1000,"height":641,"url":"https:\/\/projetopack.com.br\/wp-content\/uploads\/2022\/10\/PR-Comexi-Enters-the-Digital-Printing-Sector-With-Its-New-Digiflex-Press-1000x641-1.jpg","type":"image\/jpeg"}],"author":"Aislan Baer","twitter_card":"summary_large_image","twitter_creator":"@ProjetoPack","twitter_site":"@ProjetoPack","twitter_misc":{"Written by":"Aislan Baer","Est. reading time":"2 minutes"},"schema":{"@context":"https:\/\/schema.org","@graph":[{"@type":"Article","@id":"https:\/\/projetopack.com.br\/comexi-entra-no-segmento-de-impressao-digital-com-a-nova-impressora-digiflex\/#article","isPartOf":{"@id":"https:\/\/projetopack.com.br\/comexi-entra-no-segmento-de-impressao-digital-com-a-nova-impressora-digiflex\/"},"author":{"name":"Aislan Baer","@id":"https:\/\/projetopack.com.br\/#\/schema\/person\/87cbd7d1e244880886d457815ebd2490"},"headline":"Comexi entra no segmento de impress\u00e3o digital com a nova impressora Digiflex","datePublished":"2022-10-14T20:10:17+00:00","dateModified":"2026-03-16T19:48:12+00:00","mainEntityOfPage":{"@id":"https:\/\/projetopack.com.br\/comexi-entra-no-segmento-de-impressao-digital-com-a-nova-impressora-digiflex\/"},"wordCount":361,"commentCount":0,"publisher":{"@id":"https:\/\/projetopack.com.br\/#organization"},"image":{"@id":"https:\/\/projetopack.com.br\/comexi-entra-no-segmento-de-impressao-digital-com-a-nova-impressora-digiflex\/#primaryimage"},"thumbnailUrl":"https:\/\/projetopack.com.br\/wp-content\/uploads\/2022\/10\/PR-Comexi-Enters-the-Digital-Printing-Sector-With-Its-New-Digiflex-Press-1000x641-1.jpg","articleSection":["Lan\u00e7amentos"],"inLanguage":"en-US","potentialAction":[{"@type":"CommentAction","name":"Comment","target":["https:\/\/projetopack.com.br\/comexi-entra-no-segmento-de-impressao-digital-com-a-nova-impressora-digiflex\/#respond"]}]},{"@type":"WebPage","@id":"https:\/\/projetopack.com.br\/comexi-entra-no-segmento-de-impressao-digital-com-a-nova-impressora-digiflex\/","url":"https:\/\/projetopack.com.br\/comexi-entra-no-segmento-de-impressao-digital-com-a-nova-impressora-digiflex\/","name":"Comexi entra no segmento de impress\u00e3o digital com a nova impressora Digiflex - ProjetoPack","isPartOf":{"@id":"https:\/\/projetopack.com.br\/#website"},"primaryImageOfPage":{"@id":"https:\/\/projetopack.com.br\/comexi-entra-no-segmento-de-impressao-digital-com-a-nova-impressora-digiflex\/#primaryimage"},"image":{"@id":"https:\/\/projetopack.com.br\/comexi-entra-no-segmento-de-impressao-digital-com-a-nova-impressora-digiflex\/#primaryimage"},"thumbnailUrl":"https:\/\/projetopack.com.br\/wp-content\/uploads\/2022\/10\/PR-Comexi-Enters-the-Digital-Printing-Sector-With-Its-New-Digiflex-Press-1000x641-1.jpg","datePublished":"2022-10-14T20:10:17+00:00","dateModified":"2026-03-16T19:48:12+00:00","description":"A empresa espanhola Comexi d\u00e1 um novo passo rumo ao futuro, lan\u00e7ando sua primeira impressora digital na feira K","breadcrumb":{"@id":"https:\/\/projetopack.com.br\/comexi-entra-no-segmento-de-impressao-digital-com-a-nova-impressora-digiflex\/#breadcrumb"},"inLanguage":"en-US","potentialAction":[{"@type":"ReadAction","target":["https:\/\/projetopack.com.br\/comexi-entra-no-segmento-de-impressao-digital-com-a-nova-impressora-digiflex\/"]}]},{"@type":"ImageObject","inLanguage":"en-US","@id":"https:\/\/projetopack.com.br\/comexi-entra-no-segmento-de-impressao-digital-com-a-nova-impressora-digiflex\/#primaryimage","url":"https:\/\/projetopack.com.br\/wp-content\/uploads\/2022\/10\/PR-Comexi-Enters-the-Digital-Printing-Sector-With-Its-New-Digiflex-Press-1000x641-1.jpg","contentUrl":"https:\/\/projetopack.com.br\/wp-content\/uploads\/2022\/10\/PR-Comexi-Enters-the-Digital-Printing-Sector-With-Its-New-Digiflex-Press-1000x641-1.jpg","width":1000,"height":641,"caption":"comexi digital"},{"@type":"BreadcrumbList","@id":"https:\/\/projetopack.com.br\/comexi-entra-no-segmento-de-impressao-digital-com-a-nova-impressora-digiflex\/#breadcrumb","itemListElement":[{"@type":"ListItem","position":1,"name":"P\u00e1gina Inicial","item":"https:\/\/projetopack.com.br\/"},{"@type":"ListItem","position":2,"name":"Lan\u00e7amentos","item":"https:\/\/projetopack.com.br\/category\/lancamentos\/"},{"@type":"ListItem","position":3,"name":"Comexi entra no segmento de impress\u00e3o digital com a nova impressora Digiflex"}]},{"@type":"WebSite","@id":"https:\/\/projetopack.com.br\/#website","url":"https:\/\/projetopack.com.br\/","name":"ProjetoPack","description":"Consultoria e servi\u00e7os para embalagens, r\u00f3tulos, etiquetas e processos de impress\u00e3o","publisher":{"@id":"https:\/\/projetopack.com.br\/#organization"},"potentialAction":[{"@type":"SearchAction","target":{"@type":"EntryPoint","urlTemplate":"https:\/\/projetopack.com.br\/?s={search_term_string}"},"query-input":{"@type":"PropertyValueSpecification","valueRequired":true,"valueName":"search_term_string"}}],"inLanguage":"en-US"},{"@type":"Organization","@id":"https:\/\/projetopack.com.br\/#organization","name":"ProjetoPack & Associados","url":"https:\/\/projetopack.com.br\/","logo":{"@type":"ImageObject","inLanguage":"en-US","@id":"https:\/\/projetopack.com.br\/#\/schema\/logo\/image\/","url":"https:\/\/projetopack.com.br\/wp-content\/uploads\/2020\/09\/projetopack.png","contentUrl":"https:\/\/projetopack.com.br\/wp-content\/uploads\/2020\/09\/projetopack.png","width":200,"height":200,"caption":"ProjetoPack & Associados"},"image":{"@id":"https:\/\/projetopack.com.br\/#\/schema\/logo\/image\/"},"sameAs":["https:\/\/x.com\/ProjetoPack","https:\/\/www.linkedin.com\/company\/projetopack\/"]},{"@type":"Person","@id":"https:\/\/projetopack.com.br\/#\/schema\/person\/87cbd7d1e244880886d457815ebd2490","name":"Aislan Baer","image":{"@type":"ImageObject","inLanguage":"en-US","@id":"https:\/\/projetopack.com.br\/#\/schema\/person\/image\/","url":"https:\/\/projetopack.com.br\/wp-content\/uploads\/2021\/08\/Aislan-Busto-p-100x100.jpg","contentUrl":"https:\/\/projetopack.com.br\/wp-content\/uploads\/2021\/08\/Aislan-Busto-p-100x100.jpg","caption":"Aislan Baer"},"description":"Desde os \u00faltimos 20 anos, meu time e eu ajudamos mais de 300 empresas brasileiras e estrangeiras (algumas delas, l\u00edderes mundiais) a produzir embalagens flex\u00edveis e r\u00f3tulos com maior efici\u00eancia, menores custos e maior apelo visual, bem como centenas de donos de marcas a comprar suas embalagens flex\u00edveis e material impresso com um crit\u00e9rio mais t\u00e9cnico e assertivo. Ao mesmo tempo, gra\u00e7as \u00e0 nossa consultoria, muitas destas empresas melhoraram significativamente o seu processo de Impress\u00e3o (Impress\u00e3o de embalagens, Impress\u00e3o industrial, Impress\u00e3o funcional e, mais recentemente, bio impress\u00e3o e manufatura aditiva ou simplesmente Impress\u00e3o 3D). Se a sua empresa tem um problema relacionado a embalagens flex\u00edveis, r\u00f3tulos ou Impress\u00e3o, por mais insol\u00favel que lhe pare\u00e7a, aguardamos ansiosos a sua liga\u00e7\u00e3o ou e-mail. Este \u00e9 nosso trabalho e tamb\u00e9m a nossa paix\u00e3o.","sameAs":["http:\/\/www.projetopack.com","https:\/\/www.linkedin.com\/in\/aislanbaer\/"],"jobTitle":"CEO @ ProjetoPack | L\u00edder em M&A no Setor de Impress\u00e3o e Embalagens no Brasil | Cofundador da Inovagraf e Neuraflow | Especialista em Inova\u00e7\u00e3o com IA na Impress\u00e3o | Printing Legacy Initiative | Empreendedor Serial","url":"https:\/\/projetopack.com.br\/en\/author\/aislan\/"}]}},"_links":{"self":[{"href":"https:\/\/projetopack.com.br\/en\/wp-json\/wp\/v2\/posts\/28094","targetHints":{"allow":["GET"]}}],"collection":[{"href":"https:\/\/projetopack.com.br\/en\/wp-json\/wp\/v2\/posts"}],"about":[{"href":"https:\/\/projetopack.com.br\/en\/wp-json\/wp\/v2\/types\/post"}],"author":[{"embeddable":true,"href":"https:\/\/projetopack.com.br\/en\/wp-json\/wp\/v2\/users\/2"}],"replies":[{"embeddable":true,"href":"https:\/\/projetopack.com.br\/en\/wp-json\/wp\/v2\/comments?post=28094"}],"version-history":[{"count":0,"href":"https:\/\/projetopack.com.br\/en\/wp-json\/wp\/v2\/posts\/28094\/revisions"}],"wp:featuredmedia":[{"embeddable":true,"href":"https:\/\/projetopack.com.br\/en\/wp-json\/wp\/v2\/media\/28132"}],"wp:attachment":[{"href":"https:\/\/projetopack.com.br\/en\/wp-json\/wp\/v2\/media?parent=28094"}],"wp:term":[{"taxonomy":"category","embeddable":true,"href":"https:\/\/projetopack.com.br\/en\/wp-json\/wp\/v2\/categories?post=28094"},{"taxonomy":"post_tag","embeddable":true,"href":"https:\/\/projetopack.com.br\/en\/wp-json\/wp\/v2\/tags?post=28094"}],"curies":[{"name":"wp","href":"https:\/\/api.w.org\/{rel}","templated":true}]}}