{"id":2842,"date":"2018-04-26T10:27:14","date_gmt":"2018-04-26T13:27:14","guid":{"rendered":"http:\/\/projetopack.com.br\/?p=2842"},"modified":"2021-09-10T12:50:29","modified_gmt":"2021-09-10T15:50:29","slug":"x-rite-e-flint-group-anunciam-vivo-color-solution","status":"publish","type":"post","link":"https:\/\/projetopack.com.br\/en\/x-rite-e-flint-group-anunciam-vivo-color-solution\/","title":{"rendered":"X-Rite e Flint Group anunciam VIVO Color Solution"},"content":{"rendered":"<p>Com demandas crescentes de padroniza\u00e7\u00e3o de cores em regi\u00f5es geogr\u00e1ficas diferentes, e substratos de embalagens cada vez mais diversificados, \u00e9 essencial que todos os fornecedores, desde o propriet\u00e1rio da marca at\u00e9 o fornecedor de impress\u00e3o e de embalagem, contribuam para estabelecer um fluxo de trabalho de comunica\u00e7\u00e3o consistente e robusto.<\/p>\n<p>Por isso, a <strong>unidade Paper &amp; Board da Flint Group<\/strong> firmou com a <strong>X-Rite<\/strong> uma importante parceria para unir know-how e criar ferramentas e tecnologias assertivas para gerenciamento de cores aproveitando a estrutura do <strong>eXact <\/strong>e do <strong>NetProfiler<\/strong>, resultando em uma nova plataforma: a <strong>VIVO Color Solutions<\/strong>.<\/p>\n<p>Trata-se de uma plataforma din\u00e2mica de comunica\u00e7\u00e3o e servi\u00e7os em cores suportada pelo provedor de servi\u00e7os de cores centralizadas do Flint Group, o <strong>Global Color Center<\/strong> (GCC). O <strong>VIVO ColourCloud<\/strong> utiliza o dispositivo <strong>eXact<\/strong> para fornecer um reposit\u00f3rio digital de cores de autoatendimento central baseado na web, o qual cont\u00e9m milhares de cores aprovadas e testadas. Os clientes se beneficiam da capacidade de pesquisar e baixar facilmente arquivos CxF, DigiSwatches e receitas de tinta.<\/p>\n<p>\u201cEssa parceria beneficiar\u00e1 a base de clientes de impressoras do Flint Group em todo o mundo. A utiliza\u00e7\u00e3o do software NetProfiler da X-Rite para verificar o desempenho do dispositivo, juntamente com o premiado espectrofot\u00f4metro port\u00e1til eXact, fornecer\u00e1 a padroniza\u00e7\u00e3o final de cores medidas entre a Flint Group e seus clientes do segmento de impress\u00e3o e convers\u00e3o. Quando combinada com a VIVO Color Solutions, essa tecnologia fornecer\u00e1 uam plataforma confi\u00e1vel para os convertedores em seu suprimento de tinta, e uma vantagem competitiva para oferecer uma embalagem de cores consistente\u201d, diz Ray Cheydleur, gerente de portf\u00f3lio de produtos de impress\u00e3o e imagem da X-Rite.<\/p>\n<p>Stuart Duffy, diretor da Flint Group, Divid\u00e3o de Professional Services Paper &amp; Board, diz: \u201cEstamos empolgados por termos chegado a um acordo sobre essa parceria exclusiva com a X-Rite, l\u00edder em equipamentos de medi\u00e7\u00e3o de cores. Ap\u00f3s testes beta rigorosos em v\u00e1rios locais, nossas expectativas iniciais foram superadas. Foram realizados v\u00e1rios testes e centenas de pesquisas para o VIVO ColourCLoud, e cada download atingiu 100% de taxa \u2018Right First Time\u2019. Esse n\u00edvel de desempenho s\u00f3 pode ser fornecido por meio de um fluxo de trabalho digital consistente e gerenciado, com o suporte do espectrofot\u00f4metro eXact da X-Rite. Isso resulta em um processo de gerenciamento de cores ponta-a-ponta eficaz, que atende \u00e0s necessidades de empresas de pr\u00e9-impress\u00e3o, impress\u00e3o e embalagem de todos os tamanhos, reduzindo a varia\u00e7\u00e3o e melhorando a efici\u00eancia. N\u00e3o tenho d\u00favidas de que a VIVO Color Solutions, em combina\u00e7\u00e3o com o equipamento da X-Rite, pode se tornar uma refer\u00eancia no setor.\u201d<\/p>","protected":false},"excerpt":{"rendered":"<p>Com demandas crescentes de padroniza\u00e7\u00e3o de cores em regi\u00f5es geogr\u00e1ficas diferentes, e substratos de embalagens cada vez mais diversificados [&#8230;]<\/p>\n","protected":false},"author":18,"featured_media":0,"comment_status":"closed","ping_status":"closed","sticky":false,"template":"","format":"standard","meta":{"footnotes":""},"categories":[877],"tags":[],"class_list":["post-2842","post","type-post","status-publish","format-standard","hentry","category-arquivo"],"yoast_head":"<!-- This site is optimized with the Yoast SEO Premium plugin v27.1 (Yoast SEO v27.1.1) - https:\/\/yoast.com\/product\/yoast-seo-premium-wordpress\/ -->\n<title>X-Rite e Flint Group anunciam VIVO Color Solution - ProjetoPack<\/title>\n<meta name=\"description\" content=\"Confira o melhor conte\u00fado sobre tecnologia, design e gest\u00e3o de embalagens flex\u00edveis, r\u00f3tulos e impress\u00e3o.\" \/>\n<meta name=\"robots\" content=\"index, follow, max-snippet:-1, max-image-preview:large, max-video-preview:-1\" \/>\n<link rel=\"canonical\" href=\"https:\/\/projetopack.com.br\/en\/x-rite-e-flint-group-anunciam-vivo-color-solution\/\" \/>\n<meta property=\"og:locale\" content=\"en_US\" \/>\n<meta property=\"og:type\" content=\"article\" \/>\n<meta property=\"og:title\" content=\"X-Rite e Flint Group anunciam VIVO Color Solution\" \/>\n<meta property=\"og:description\" content=\"Confira o melhor conte\u00fado sobre tecnologia, design e gest\u00e3o de embalagens flex\u00edveis, r\u00f3tulos e impress\u00e3o.\" \/>\n<meta property=\"og:url\" content=\"https:\/\/projetopack.com.br\/en\/x-rite-e-flint-group-anunciam-vivo-color-solution\/\" \/>\n<meta property=\"og:site_name\" content=\"ProjetoPack\" \/>\n<meta property=\"article:published_time\" content=\"2018-04-26T13:27:14+00:00\" \/>\n<meta property=\"article:modified_time\" content=\"2021-09-10T15:50:29+00:00\" \/>\n<meta property=\"og:image\" content=\"https:\/\/projetopack.com.br\/wp-content\/uploads\/2020\/06\/Capa-1200x630-1.png\" \/>\n\t<meta property=\"og:image:width\" content=\"1200\" \/>\n\t<meta property=\"og:image:height\" content=\"630\" \/>\n\t<meta property=\"og:image:type\" content=\"image\/png\" \/>\n<meta name=\"author\" content=\"Andrea\" \/>\n<meta name=\"twitter:card\" content=\"summary_large_image\" \/>\n<meta name=\"twitter:creator\" content=\"@ProjetoPack\" \/>\n<meta name=\"twitter:site\" content=\"@ProjetoPack\" \/>\n<meta name=\"twitter:label1\" content=\"Written by\" \/>\n\t<meta name=\"twitter:data1\" content=\"Andrea\" \/>\n\t<meta name=\"twitter:label2\" content=\"Est. reading time\" \/>\n\t<meta name=\"twitter:data2\" content=\"2 minutes\" \/>\n<script type=\"application\/ld+json\" class=\"yoast-schema-graph\">{\"@context\":\"https:\/\/schema.org\",\"@graph\":[{\"@type\":\"Article\",\"@id\":\"https:\/\/projetopack.com.br\/en\/x-rite-e-flint-group-anunciam-vivo-color-solution\/#article\",\"isPartOf\":{\"@id\":\"https:\/\/projetopack.com.br\/en\/x-rite-e-flint-group-anunciam-vivo-color-solution\/\"},\"author\":{\"name\":\"Andrea\",\"@id\":\"https:\/\/projetopack.com.br\/#\/schema\/person\/d17c72a4bc2b7e461496dd8a14d4cef1\"},\"headline\":\"X-Rite e Flint Group anunciam VIVO Color Solution\",\"datePublished\":\"2018-04-26T13:27:14+00:00\",\"dateModified\":\"2021-09-10T15:50:29+00:00\",\"mainEntityOfPage\":{\"@id\":\"https:\/\/projetopack.com.br\/en\/x-rite-e-flint-group-anunciam-vivo-color-solution\/\"},\"wordCount\":470,\"publisher\":{\"@id\":\"https:\/\/projetopack.com.br\/#organization\"},\"articleSection\":[\"Arquivo\"],\"inLanguage\":\"en-US\"},{\"@type\":\"WebPage\",\"@id\":\"https:\/\/projetopack.com.br\/en\/x-rite-e-flint-group-anunciam-vivo-color-solution\/\",\"url\":\"https:\/\/projetopack.com.br\/en\/x-rite-e-flint-group-anunciam-vivo-color-solution\/\",\"name\":\"X-Rite e Flint Group anunciam VIVO Color Solution - ProjetoPack\",\"isPartOf\":{\"@id\":\"https:\/\/projetopack.com.br\/#website\"},\"datePublished\":\"2018-04-26T13:27:14+00:00\",\"dateModified\":\"2021-09-10T15:50:29+00:00\",\"description\":\"Confira o melhor conte\u00fado sobre tecnologia, design e gest\u00e3o de embalagens flex\u00edveis, r\u00f3tulos e impress\u00e3o.\",\"breadcrumb\":{\"@id\":\"https:\/\/projetopack.com.br\/en\/x-rite-e-flint-group-anunciam-vivo-color-solution\/#breadcrumb\"},\"inLanguage\":\"en-US\",\"potentialAction\":[{\"@type\":\"ReadAction\",\"target\":[\"https:\/\/projetopack.com.br\/en\/x-rite-e-flint-group-anunciam-vivo-color-solution\/\"]}]},{\"@type\":\"BreadcrumbList\",\"@id\":\"https:\/\/projetopack.com.br\/en\/x-rite-e-flint-group-anunciam-vivo-color-solution\/#breadcrumb\",\"itemListElement\":[{\"@type\":\"ListItem\",\"position\":1,\"name\":\"P\u00e1gina Inicial\",\"item\":\"https:\/\/projetopack.com.br\/\"},{\"@type\":\"ListItem\",\"position\":2,\"name\":\"Arquivo\",\"item\":\"https:\/\/projetopack.com.br\/en\/category\/arquivo\/\"},{\"@type\":\"ListItem\",\"position\":3,\"name\":\"X-Rite e Flint Group anunciam VIVO Color Solution\"}]},{\"@type\":\"WebSite\",\"@id\":\"https:\/\/projetopack.com.br\/#website\",\"url\":\"https:\/\/projetopack.com.br\/\",\"name\":\"ProjetoPack\",\"description\":\"Consultoria e servi\u00e7os para embalagens, r\u00f3tulos, etiquetas e processos de impress\u00e3o\",\"publisher\":{\"@id\":\"https:\/\/projetopack.com.br\/#organization\"},\"potentialAction\":[{\"@type\":\"SearchAction\",\"target\":{\"@type\":\"EntryPoint\",\"urlTemplate\":\"https:\/\/projetopack.com.br\/?s={search_term_string}\"},\"query-input\":{\"@type\":\"PropertyValueSpecification\",\"valueRequired\":true,\"valueName\":\"search_term_string\"}}],\"inLanguage\":\"en-US\"},{\"@type\":\"Organization\",\"@id\":\"https:\/\/projetopack.com.br\/#organization\",\"name\":\"ProjetoPack & Associados\",\"url\":\"https:\/\/projetopack.com.br\/\",\"logo\":{\"@type\":\"ImageObject\",\"inLanguage\":\"en-US\",\"@id\":\"https:\/\/projetopack.com.br\/#\/schema\/logo\/image\/\",\"url\":\"https:\/\/projetopack.com.br\/wp-content\/uploads\/2020\/09\/projetopack.png\",\"contentUrl\":\"https:\/\/projetopack.com.br\/wp-content\/uploads\/2020\/09\/projetopack.png\",\"width\":200,\"height\":200,\"caption\":\"ProjetoPack & Associados\"},\"image\":{\"@id\":\"https:\/\/projetopack.com.br\/#\/schema\/logo\/image\/\"},\"sameAs\":[\"https:\/\/x.com\/ProjetoPack\",\"https:\/\/www.linkedin.com\/company\/projetopack\/\"]},{\"@type\":\"Person\",\"@id\":\"https:\/\/projetopack.com.br\/#\/schema\/person\/d17c72a4bc2b7e461496dd8a14d4cef1\",\"name\":\"Andrea\",\"image\":{\"@type\":\"ImageObject\",\"inLanguage\":\"en-US\",\"@id\":\"https:\/\/projetopack.com.br\/#\/schema\/person\/image\/\",\"url\":\"https:\/\/projetopack.com.br\/wp-content\/uploads\/2026\/03\/eu-150x150.jpg\",\"contentUrl\":\"https:\/\/projetopack.com.br\/wp-content\/uploads\/2026\/03\/eu-150x150.jpg\",\"caption\":\"Andrea\"},\"url\":\"https:\/\/projetopack.com.br\/en\/author\/andrea\/\"}]}<\/script>\n<!-- \/ Yoast SEO Premium plugin. -->","yoast_head_json":{"title":"X-Rite e Flint Group anunciam VIVO Color Solution - ProjetoPack","description":"Confira o melhor conte\u00fado sobre tecnologia, design e gest\u00e3o de embalagens flex\u00edveis, r\u00f3tulos e impress\u00e3o.","robots":{"index":"index","follow":"follow","max-snippet":"max-snippet:-1","max-image-preview":"max-image-preview:large","max-video-preview":"max-video-preview:-1"},"canonical":"https:\/\/projetopack.com.br\/en\/x-rite-e-flint-group-anunciam-vivo-color-solution\/","og_locale":"en_US","og_type":"article","og_title":"X-Rite e Flint Group anunciam VIVO Color Solution","og_description":"Confira o melhor conte\u00fado sobre tecnologia, design e gest\u00e3o de embalagens flex\u00edveis, r\u00f3tulos e impress\u00e3o.","og_url":"https:\/\/projetopack.com.br\/en\/x-rite-e-flint-group-anunciam-vivo-color-solution\/","og_site_name":"ProjetoPack","article_published_time":"2018-04-26T13:27:14+00:00","article_modified_time":"2021-09-10T15:50:29+00:00","og_image":[{"width":1200,"height":630,"url":"https:\/\/projetopack.com.br\/wp-content\/uploads\/2020\/06\/Capa-1200x630-1.png","type":"image\/png"}],"author":"Andrea","twitter_card":"summary_large_image","twitter_creator":"@ProjetoPack","twitter_site":"@ProjetoPack","twitter_misc":{"Written by":"Andrea","Est. reading time":"2 minutes"},"schema":{"@context":"https:\/\/schema.org","@graph":[{"@type":"Article","@id":"https:\/\/projetopack.com.br\/en\/x-rite-e-flint-group-anunciam-vivo-color-solution\/#article","isPartOf":{"@id":"https:\/\/projetopack.com.br\/en\/x-rite-e-flint-group-anunciam-vivo-color-solution\/"},"author":{"name":"Andrea","@id":"https:\/\/projetopack.com.br\/#\/schema\/person\/d17c72a4bc2b7e461496dd8a14d4cef1"},"headline":"X-Rite e Flint Group anunciam VIVO Color Solution","datePublished":"2018-04-26T13:27:14+00:00","dateModified":"2021-09-10T15:50:29+00:00","mainEntityOfPage":{"@id":"https:\/\/projetopack.com.br\/en\/x-rite-e-flint-group-anunciam-vivo-color-solution\/"},"wordCount":470,"publisher":{"@id":"https:\/\/projetopack.com.br\/#organization"},"articleSection":["Arquivo"],"inLanguage":"en-US"},{"@type":"WebPage","@id":"https:\/\/projetopack.com.br\/en\/x-rite-e-flint-group-anunciam-vivo-color-solution\/","url":"https:\/\/projetopack.com.br\/en\/x-rite-e-flint-group-anunciam-vivo-color-solution\/","name":"X-Rite e Flint Group anunciam VIVO Color Solution - ProjetoPack","isPartOf":{"@id":"https:\/\/projetopack.com.br\/#website"},"datePublished":"2018-04-26T13:27:14+00:00","dateModified":"2021-09-10T15:50:29+00:00","description":"Confira o melhor conte\u00fado sobre tecnologia, design e gest\u00e3o de embalagens flex\u00edveis, r\u00f3tulos e impress\u00e3o.","breadcrumb":{"@id":"https:\/\/projetopack.com.br\/en\/x-rite-e-flint-group-anunciam-vivo-color-solution\/#breadcrumb"},"inLanguage":"en-US","potentialAction":[{"@type":"ReadAction","target":["https:\/\/projetopack.com.br\/en\/x-rite-e-flint-group-anunciam-vivo-color-solution\/"]}]},{"@type":"BreadcrumbList","@id":"https:\/\/projetopack.com.br\/en\/x-rite-e-flint-group-anunciam-vivo-color-solution\/#breadcrumb","itemListElement":[{"@type":"ListItem","position":1,"name":"P\u00e1gina Inicial","item":"https:\/\/projetopack.com.br\/"},{"@type":"ListItem","position":2,"name":"Arquivo","item":"https:\/\/projetopack.com.br\/en\/category\/arquivo\/"},{"@type":"ListItem","position":3,"name":"X-Rite e Flint Group anunciam VIVO Color Solution"}]},{"@type":"WebSite","@id":"https:\/\/projetopack.com.br\/#website","url":"https:\/\/projetopack.com.br\/","name":"ProjetoPack","description":"Consultoria e servi\u00e7os para embalagens, r\u00f3tulos, etiquetas e processos de impress\u00e3o","publisher":{"@id":"https:\/\/projetopack.com.br\/#organization"},"potentialAction":[{"@type":"SearchAction","target":{"@type":"EntryPoint","urlTemplate":"https:\/\/projetopack.com.br\/?s={search_term_string}"},"query-input":{"@type":"PropertyValueSpecification","valueRequired":true,"valueName":"search_term_string"}}],"inLanguage":"en-US"},{"@type":"Organization","@id":"https:\/\/projetopack.com.br\/#organization","name":"ProjetoPack & Associados","url":"https:\/\/projetopack.com.br\/","logo":{"@type":"ImageObject","inLanguage":"en-US","@id":"https:\/\/projetopack.com.br\/#\/schema\/logo\/image\/","url":"https:\/\/projetopack.com.br\/wp-content\/uploads\/2020\/09\/projetopack.png","contentUrl":"https:\/\/projetopack.com.br\/wp-content\/uploads\/2020\/09\/projetopack.png","width":200,"height":200,"caption":"ProjetoPack & Associados"},"image":{"@id":"https:\/\/projetopack.com.br\/#\/schema\/logo\/image\/"},"sameAs":["https:\/\/x.com\/ProjetoPack","https:\/\/www.linkedin.com\/company\/projetopack\/"]},{"@type":"Person","@id":"https:\/\/projetopack.com.br\/#\/schema\/person\/d17c72a4bc2b7e461496dd8a14d4cef1","name":"Andrea","image":{"@type":"ImageObject","inLanguage":"en-US","@id":"https:\/\/projetopack.com.br\/#\/schema\/person\/image\/","url":"https:\/\/projetopack.com.br\/wp-content\/uploads\/2026\/03\/eu-150x150.jpg","contentUrl":"https:\/\/projetopack.com.br\/wp-content\/uploads\/2026\/03\/eu-150x150.jpg","caption":"Andrea"},"url":"https:\/\/projetopack.com.br\/en\/author\/andrea\/"}]}},"_links":{"self":[{"href":"https:\/\/projetopack.com.br\/en\/wp-json\/wp\/v2\/posts\/2842","targetHints":{"allow":["GET"]}}],"collection":[{"href":"https:\/\/projetopack.com.br\/en\/wp-json\/wp\/v2\/posts"}],"about":[{"href":"https:\/\/projetopack.com.br\/en\/wp-json\/wp\/v2\/types\/post"}],"author":[{"embeddable":true,"href":"https:\/\/projetopack.com.br\/en\/wp-json\/wp\/v2\/users\/18"}],"replies":[{"embeddable":true,"href":"https:\/\/projetopack.com.br\/en\/wp-json\/wp\/v2\/comments?post=2842"}],"version-history":[{"count":0,"href":"https:\/\/projetopack.com.br\/en\/wp-json\/wp\/v2\/posts\/2842\/revisions"}],"wp:attachment":[{"href":"https:\/\/projetopack.com.br\/en\/wp-json\/wp\/v2\/media?parent=2842"}],"wp:term":[{"taxonomy":"category","embeddable":true,"href":"https:\/\/projetopack.com.br\/en\/wp-json\/wp\/v2\/categories?post=2842"},{"taxonomy":"post_tag","embeddable":true,"href":"https:\/\/projetopack.com.br\/en\/wp-json\/wp\/v2\/tags?post=2842"}],"curies":[{"name":"wp","href":"https:\/\/api.w.org\/{rel}","templated":true}]}}