{"id":2846,"date":"2018-04-26T10:33:34","date_gmt":"2018-04-26T13:33:34","guid":{"rendered":"http:\/\/projetopack.com.br\/?p=2846"},"modified":"2021-09-10T12:52:09","modified_gmt":"2021-09-10T15:52:09","slug":"esko-webcenter-18-reduz-o-ciclo-de-aprovacao-de-uma-embalagem","status":"publish","type":"post","link":"https:\/\/projetopack.com.br\/en\/esko-webcenter-18-reduz-o-ciclo-de-aprovacao-de-uma-embalagem\/","title":{"rendered":"Esko WebCenter 18 reduz o ciclo de aprova\u00e7\u00e3o de uma embalagem"},"content":{"rendered":"<p><b><span style=\"font-size: 14.0pt; font-family: 'Arial',sans-serif;\">O tempo est\u00e1 cada vez mais pr\u00f3ximo do ideal de 1 dia. <\/span><\/b><b><\/b><\/p>\n<p><strong><span style=\"font-family: 'Arial',sans-serif;\">S\u00e3o Paulo (Brasil), Abril, 2018<\/span><\/strong><span style=\"font-family: 'Arial',sans-serif;\"> \u2013 A Esko (<\/span><a href=\"http:\/\/anws.co\/buEaZ\/%7bac1ca287-9699-4e09-a50d-bde611bd426f%7d\"><span style=\"font-family: 'Arial',sans-serif;\">www.esko.com<\/span><\/a><span style=\"font-family: 'Arial',sans-serif;\">) anunciou o lan\u00e7amento de outra vers\u00e3o da sua solu\u00e7\u00e3o de gerenciamento de embalagem, o WebCenter. O novo WebCenter 18 agiliza o fluxo de trabalho a partir de atributos extras que d\u00e3o aos <i>brand owners<\/i> e aos convertedores mais controle e visibilidade das especifica\u00e7\u00f5es, aprova\u00e7\u00e3o e ciclo de vida da pr\u00e9 produ\u00e7\u00e3o de embalagens.<\/span><\/p>\n<p><span style=\"font-family: 'Arial',sans-serif;\">Uma pesquisa feita com profissionais de embalagem detectou que uma mudan\u00e7a de embalagem pode levar at\u00e9 198 dias. Os l\u00edderes de <i>marketing<\/i> acreditam que leve 90 dias ou menos, mas os consumidores n\u00e3o entendem porque as mudan\u00e7as de embalagem e outras m\u00eddias n\u00e3o podem ser feitas em apenas um dia. O WebCenter 18 ajuda justamente a chegar mais pr\u00f3ximo deste prazo ideal de um dia.<\/span><\/p>\n<p><b><span style=\"font-family: 'Arial',sans-serif;\">Ajudando os <i>brand owners<\/i> a criarem melhores embalagens mais r\u00e1pido<\/span><\/b><\/p>\n<p><span style=\"font-family: 'Arial',sans-serif;\">O WebCenter da Esko ajuda os <i>brand onwers<\/i> a gerenciarem as especifica\u00e7\u00f5es da pr\u00e9 produ\u00e7\u00e3o de embalagem e os ciclos de vida, permitindo o engajamento do consumidor a partir de mais controle e visibilidade de todo o processo de cria\u00e7\u00e3o da embalagem.<\/span><\/p>\n<p><span style=\"font-family: 'Arial',sans-serif;\">O WebCenter melhorou os processos de renova\u00e7\u00e3o e aprova\u00e7\u00e3o, garantindo mais visibilidade para o <i>status<\/i> do projeto e para as revis\u00f5es. Com o WebCenter 18, os <i>brand owners<\/i> entendem as causas dos gargalos da produ\u00e7\u00e3o, ao visualizarem os motivos de rejei\u00e7\u00e3o e o n\u00famero de aprova\u00e7\u00f5es; isto garante a melhoria cont\u00ednua do processo. O sistema permite ainda o envolvimento da pessoa certa em cada etapa, agilizando o processo de revis\u00e3o.<\/span><\/p>\n<p><span style=\"font-family: 'Arial',sans-serif;\">Al\u00e9m disso, os revisores conseguem avaliar exatamente a embalagem que ir\u00e1 para a prateleira. Isto melhora a precis\u00e3o do retorno e reduz o tempo de aprova\u00e7\u00e3o e o n\u00famero de itera\u00e7\u00f5es. Os modelos de embalagem 3D podem ent\u00e3o ser usados em uma comunica\u00e7\u00e3o interna mais clara e para manter uma comunica\u00e7\u00e3o <i>online<\/i> com o varejo e com os consumidores.<\/span><\/p>\n<p><span style=\"font-family: 'Arial',sans-serif;\">O gerenciamento de conte\u00fado do WebCenter 18 inclui agora <i>templates<\/i> para que os usu\u00e1rios comparem, entre outros par\u00e2metros, &nbsp;regulamenta\u00e7\u00f5es existentes como Tabelas Nutricionais e Medicamentos OTC. A fun\u00e7\u00e3o Gerenciamento de Conte\u00fado Gr\u00e1fico permite que os <i>brand owners<\/i> centralizem o trabalho de arte e usem os <i>templates<\/i> para incluir logos, s\u00edmbolos e c\u00f3digos de barra, bem como c\u00f3pias de embalagens e grafismos. Estes elementos s\u00e3o perfeitos para atender \u00e0s regulamenta\u00e7\u00f5es e ao <i>branding<\/i> da empresa, al\u00e9m de eliminar as etapas manuais que levam a erros. As tradu\u00e7\u00f5es, dentro e fora do sistema, tamb\u00e9m podem ser gerenciadas sistematicamente.<\/span><\/p>\n<p><b><span style=\"font-family: 'Arial',sans-serif;\">Melhoria de processo para os convertedores<\/span><\/b><\/p>\n<p><span style=\"font-family: 'Arial',sans-serif;\">O novo WebCenter garante aos convertedores vantagens justamente por agregar valor ao processo. Capturar as informa\u00e7\u00f5es das v\u00e1rias itera\u00e7\u00f5es de aprova\u00e7\u00e3o e os motivos de rejei\u00e7\u00e3o s\u00e3o apenas dois exemplos dos gargalos solucionados pelo WebCenter 18 e que causam atrasos no processo. Estes <i>insights<\/i> s\u00e3o a base para a melhoria cont\u00ednua do processo e agiliza\u00e7\u00e3o das etapas. <\/span><\/p>\n<p><span style=\"font-family: 'Arial',sans-serif;\">O WebCenter 18 tamb\u00e9m vem com uma fun\u00e7\u00e3o especial de mensagem instant\u00e2nea, que pode ser utilizada no contexto de projetos espec\u00edficos. Toda a comunica\u00e7\u00e3o \u00e9 armazenada no projeto, garantindo total rastreabilidade e transpar\u00eancia. Este fluxo de comunica\u00e7\u00e3o entre as partes, f\u00e1cil e cont\u00ednuo, reduz os erros e aumenta a efici\u00eancia.<\/span><\/p>\n<p><span style=\"font-family: 'Arial',sans-serif;\">Outra grande vantagem \u00e9 que os revisores agora podem avaliar a embalagem exatamente como ela estar\u00e1 na prateleira. O processo de revis\u00e3o 3D reduz muito o tempo de aprova\u00e7\u00e3o e as itera\u00e7\u00f5es e permite aos convertedores visualizarem mais facilmente os erros. Ele tamb\u00e9m \u00e9 um diferencial \u00fanico para os <i>brand onwers<\/i>, ao permitir visualizar a embalagem proposta. &nbsp;<\/span><\/p>\n<p><span style=\"font-family: 'Arial',sans-serif;\">Com a ferramenta QuickStart \u00e9 poss\u00edvel come\u00e7ar a usar o WebCenter em apenas 5 dias ap\u00f3s a instala\u00e7\u00e3o. \u201cA embalagem \u00e9 um item cada vez mais importante dos bens de consumo, sejam alimentos ou eletr\u00f4nicos; ela tem um papel fundamental em chamar a aten\u00e7\u00e3o do consumidor e aumentar a demanda pelo produto. O WebCenter j\u00e1 \u00e9 a plataforma l\u00edder para o gerenciamento de embalagem de acordo com o Fortune 500, na avalia\u00e7\u00e3o das empresas de bens de consumo e produtos farmac\u00eauticos, convertedores e impressores de embalagem. O retorno dos primeiros usu\u00e1rios tem sido extremamente positivo. Com a nova vers\u00e3o, a Esko tem a solu\u00e7\u00e3o mais poderosa de toda a cadeia produtiva de embalagem\u201d, atesta Udo Panenka, Presidente da Esko.<\/span><\/p>\n<p><span style=\"font-family: 'Arial',sans-serif;\">O WebCenter 18 foi lan\u00e7ado no dia 17 de Abril. Cada novo sistema ter\u00e1 uma nova vers\u00e3o instalada a partir do lan\u00e7amento. Os clientes atuais ter\u00e3o uma atualiza\u00e7\u00e3o mediante solicita\u00e7\u00e3o. Isto para que eles tenham tempo de fazer o treinamento interno necess\u00e1rio e os testes. &nbsp;<\/span><span style=\"font-size: 10.5pt; font-family: 'Helvetica',sans-serif; color: #555555;\">&nbsp;<\/span><\/p>","protected":false},"excerpt":{"rendered":"<p>A Esko anunciou o lan\u00e7amento de outra vers\u00e3o da sua solu\u00e7\u00e3o de gerenciamento de embalagem, o WebCenter [&#8230;]<\/p>\n","protected":false},"author":18,"featured_media":0,"comment_status":"closed","ping_status":"closed","sticky":false,"template":"","format":"standard","meta":{"footnotes":""},"categories":[877],"tags":[],"class_list":["post-2846","post","type-post","status-publish","format-standard","hentry","category-arquivo"],"yoast_head":"<!-- This site is optimized with the Yoast SEO Premium plugin v27.1 (Yoast SEO v27.1.1) - https:\/\/yoast.com\/product\/yoast-seo-premium-wordpress\/ -->\n<title>Esko WebCenter 18 reduz o ciclo de aprova\u00e7\u00e3o de uma embalagem - ProjetoPack<\/title>\n<meta name=\"description\" content=\"Confira o melhor conte\u00fado sobre tecnologia, design e gest\u00e3o de embalagens flex\u00edveis, r\u00f3tulos e impress\u00e3o.\" \/>\n<meta name=\"robots\" content=\"index, follow, max-snippet:-1, max-image-preview:large, max-video-preview:-1\" \/>\n<link rel=\"canonical\" href=\"https:\/\/projetopack.com.br\/en\/esko-webcenter-18-reduz-o-ciclo-de-aprovacao-de-uma-embalagem\/\" \/>\n<meta property=\"og:locale\" content=\"en_US\" \/>\n<meta property=\"og:type\" content=\"article\" \/>\n<meta property=\"og:title\" content=\"Esko WebCenter 18 reduz o ciclo de aprova\u00e7\u00e3o de uma embalagem\" \/>\n<meta property=\"og:description\" content=\"Confira o melhor conte\u00fado sobre tecnologia, design e gest\u00e3o de embalagens flex\u00edveis, r\u00f3tulos e impress\u00e3o.\" \/>\n<meta property=\"og:url\" content=\"https:\/\/projetopack.com.br\/en\/esko-webcenter-18-reduz-o-ciclo-de-aprovacao-de-uma-embalagem\/\" \/>\n<meta property=\"og:site_name\" content=\"ProjetoPack\" \/>\n<meta property=\"article:published_time\" content=\"2018-04-26T13:33:34+00:00\" \/>\n<meta property=\"article:modified_time\" content=\"2021-09-10T15:52:09+00:00\" \/>\n<meta property=\"og:image\" content=\"https:\/\/projetopack.com.br\/wp-content\/uploads\/2020\/06\/Capa-1200x630-1.png\" \/>\n\t<meta property=\"og:image:width\" content=\"1200\" \/>\n\t<meta property=\"og:image:height\" content=\"630\" \/>\n\t<meta property=\"og:image:type\" content=\"image\/png\" \/>\n<meta name=\"author\" content=\"Andrea\" \/>\n<meta name=\"twitter:card\" content=\"summary_large_image\" \/>\n<meta name=\"twitter:creator\" content=\"@ProjetoPack\" \/>\n<meta name=\"twitter:site\" content=\"@ProjetoPack\" \/>\n<meta name=\"twitter:label1\" content=\"Written by\" \/>\n\t<meta name=\"twitter:data1\" content=\"Andrea\" \/>\n\t<meta name=\"twitter:label2\" content=\"Est. reading time\" \/>\n\t<meta name=\"twitter:data2\" content=\"4 minutes\" \/>\n<script type=\"application\/ld+json\" class=\"yoast-schema-graph\">{\"@context\":\"https:\/\/schema.org\",\"@graph\":[{\"@type\":\"Article\",\"@id\":\"https:\/\/projetopack.com.br\/en\/esko-webcenter-18-reduz-o-ciclo-de-aprovacao-de-uma-embalagem\/#article\",\"isPartOf\":{\"@id\":\"https:\/\/projetopack.com.br\/en\/esko-webcenter-18-reduz-o-ciclo-de-aprovacao-de-uma-embalagem\/\"},\"author\":{\"name\":\"Andrea\",\"@id\":\"https:\/\/projetopack.com.br\/#\/schema\/person\/d17c72a4bc2b7e461496dd8a14d4cef1\"},\"headline\":\"Esko WebCenter 18 reduz o ciclo de aprova\u00e7\u00e3o de uma embalagem\",\"datePublished\":\"2018-04-26T13:33:34+00:00\",\"dateModified\":\"2021-09-10T15:52:09+00:00\",\"mainEntityOfPage\":{\"@id\":\"https:\/\/projetopack.com.br\/en\/esko-webcenter-18-reduz-o-ciclo-de-aprovacao-de-uma-embalagem\/\"},\"wordCount\":840,\"publisher\":{\"@id\":\"https:\/\/projetopack.com.br\/#organization\"},\"articleSection\":[\"Arquivo\"],\"inLanguage\":\"en-US\"},{\"@type\":\"WebPage\",\"@id\":\"https:\/\/projetopack.com.br\/en\/esko-webcenter-18-reduz-o-ciclo-de-aprovacao-de-uma-embalagem\/\",\"url\":\"https:\/\/projetopack.com.br\/en\/esko-webcenter-18-reduz-o-ciclo-de-aprovacao-de-uma-embalagem\/\",\"name\":\"Esko WebCenter 18 reduz o ciclo de aprova\u00e7\u00e3o de uma embalagem - ProjetoPack\",\"isPartOf\":{\"@id\":\"https:\/\/projetopack.com.br\/#website\"},\"datePublished\":\"2018-04-26T13:33:34+00:00\",\"dateModified\":\"2021-09-10T15:52:09+00:00\",\"description\":\"Confira o melhor conte\u00fado sobre tecnologia, design e gest\u00e3o de embalagens flex\u00edveis, r\u00f3tulos e impress\u00e3o.\",\"breadcrumb\":{\"@id\":\"https:\/\/projetopack.com.br\/en\/esko-webcenter-18-reduz-o-ciclo-de-aprovacao-de-uma-embalagem\/#breadcrumb\"},\"inLanguage\":\"en-US\",\"potentialAction\":[{\"@type\":\"ReadAction\",\"target\":[\"https:\/\/projetopack.com.br\/en\/esko-webcenter-18-reduz-o-ciclo-de-aprovacao-de-uma-embalagem\/\"]}]},{\"@type\":\"BreadcrumbList\",\"@id\":\"https:\/\/projetopack.com.br\/en\/esko-webcenter-18-reduz-o-ciclo-de-aprovacao-de-uma-embalagem\/#breadcrumb\",\"itemListElement\":[{\"@type\":\"ListItem\",\"position\":1,\"name\":\"P\u00e1gina Inicial\",\"item\":\"https:\/\/projetopack.com.br\/\"},{\"@type\":\"ListItem\",\"position\":2,\"name\":\"Arquivo\",\"item\":\"https:\/\/projetopack.com.br\/en\/category\/arquivo\/\"},{\"@type\":\"ListItem\",\"position\":3,\"name\":\"Esko WebCenter 18 reduz o ciclo de aprova\u00e7\u00e3o de uma embalagem\"}]},{\"@type\":\"WebSite\",\"@id\":\"https:\/\/projetopack.com.br\/#website\",\"url\":\"https:\/\/projetopack.com.br\/\",\"name\":\"ProjetoPack\",\"description\":\"Consultoria e servi\u00e7os para embalagens, r\u00f3tulos, etiquetas e processos de impress\u00e3o\",\"publisher\":{\"@id\":\"https:\/\/projetopack.com.br\/#organization\"},\"potentialAction\":[{\"@type\":\"SearchAction\",\"target\":{\"@type\":\"EntryPoint\",\"urlTemplate\":\"https:\/\/projetopack.com.br\/?s={search_term_string}\"},\"query-input\":{\"@type\":\"PropertyValueSpecification\",\"valueRequired\":true,\"valueName\":\"search_term_string\"}}],\"inLanguage\":\"en-US\"},{\"@type\":\"Organization\",\"@id\":\"https:\/\/projetopack.com.br\/#organization\",\"name\":\"ProjetoPack & Associados\",\"url\":\"https:\/\/projetopack.com.br\/\",\"logo\":{\"@type\":\"ImageObject\",\"inLanguage\":\"en-US\",\"@id\":\"https:\/\/projetopack.com.br\/#\/schema\/logo\/image\/\",\"url\":\"https:\/\/projetopack.com.br\/wp-content\/uploads\/2020\/09\/projetopack.png\",\"contentUrl\":\"https:\/\/projetopack.com.br\/wp-content\/uploads\/2020\/09\/projetopack.png\",\"width\":200,\"height\":200,\"caption\":\"ProjetoPack & Associados\"},\"image\":{\"@id\":\"https:\/\/projetopack.com.br\/#\/schema\/logo\/image\/\"},\"sameAs\":[\"https:\/\/x.com\/ProjetoPack\",\"https:\/\/www.linkedin.com\/company\/projetopack\/\"]},{\"@type\":\"Person\",\"@id\":\"https:\/\/projetopack.com.br\/#\/schema\/person\/d17c72a4bc2b7e461496dd8a14d4cef1\",\"name\":\"Andrea\",\"image\":{\"@type\":\"ImageObject\",\"inLanguage\":\"en-US\",\"@id\":\"https:\/\/projetopack.com.br\/#\/schema\/person\/image\/\",\"url\":\"https:\/\/projetopack.com.br\/wp-content\/uploads\/2026\/03\/eu-150x150.jpg\",\"contentUrl\":\"https:\/\/projetopack.com.br\/wp-content\/uploads\/2026\/03\/eu-150x150.jpg\",\"caption\":\"Andrea\"},\"url\":\"https:\/\/projetopack.com.br\/en\/author\/andrea\/\"}]}<\/script>\n<!-- \/ Yoast SEO Premium plugin. -->","yoast_head_json":{"title":"Esko WebCenter 18 reduz o ciclo de aprova\u00e7\u00e3o de uma embalagem - ProjetoPack","description":"Confira o melhor conte\u00fado sobre tecnologia, design e gest\u00e3o de embalagens flex\u00edveis, r\u00f3tulos e impress\u00e3o.","robots":{"index":"index","follow":"follow","max-snippet":"max-snippet:-1","max-image-preview":"max-image-preview:large","max-video-preview":"max-video-preview:-1"},"canonical":"https:\/\/projetopack.com.br\/en\/esko-webcenter-18-reduz-o-ciclo-de-aprovacao-de-uma-embalagem\/","og_locale":"en_US","og_type":"article","og_title":"Esko WebCenter 18 reduz o ciclo de aprova\u00e7\u00e3o de uma embalagem","og_description":"Confira o melhor conte\u00fado sobre tecnologia, design e gest\u00e3o de embalagens flex\u00edveis, r\u00f3tulos e impress\u00e3o.","og_url":"https:\/\/projetopack.com.br\/en\/esko-webcenter-18-reduz-o-ciclo-de-aprovacao-de-uma-embalagem\/","og_site_name":"ProjetoPack","article_published_time":"2018-04-26T13:33:34+00:00","article_modified_time":"2021-09-10T15:52:09+00:00","og_image":[{"width":1200,"height":630,"url":"https:\/\/projetopack.com.br\/wp-content\/uploads\/2020\/06\/Capa-1200x630-1.png","type":"image\/png"}],"author":"Andrea","twitter_card":"summary_large_image","twitter_creator":"@ProjetoPack","twitter_site":"@ProjetoPack","twitter_misc":{"Written by":"Andrea","Est. reading time":"4 minutes"},"schema":{"@context":"https:\/\/schema.org","@graph":[{"@type":"Article","@id":"https:\/\/projetopack.com.br\/en\/esko-webcenter-18-reduz-o-ciclo-de-aprovacao-de-uma-embalagem\/#article","isPartOf":{"@id":"https:\/\/projetopack.com.br\/en\/esko-webcenter-18-reduz-o-ciclo-de-aprovacao-de-uma-embalagem\/"},"author":{"name":"Andrea","@id":"https:\/\/projetopack.com.br\/#\/schema\/person\/d17c72a4bc2b7e461496dd8a14d4cef1"},"headline":"Esko WebCenter 18 reduz o ciclo de aprova\u00e7\u00e3o de uma embalagem","datePublished":"2018-04-26T13:33:34+00:00","dateModified":"2021-09-10T15:52:09+00:00","mainEntityOfPage":{"@id":"https:\/\/projetopack.com.br\/en\/esko-webcenter-18-reduz-o-ciclo-de-aprovacao-de-uma-embalagem\/"},"wordCount":840,"publisher":{"@id":"https:\/\/projetopack.com.br\/#organization"},"articleSection":["Arquivo"],"inLanguage":"en-US"},{"@type":"WebPage","@id":"https:\/\/projetopack.com.br\/en\/esko-webcenter-18-reduz-o-ciclo-de-aprovacao-de-uma-embalagem\/","url":"https:\/\/projetopack.com.br\/en\/esko-webcenter-18-reduz-o-ciclo-de-aprovacao-de-uma-embalagem\/","name":"Esko WebCenter 18 reduz o ciclo de aprova\u00e7\u00e3o de uma embalagem - ProjetoPack","isPartOf":{"@id":"https:\/\/projetopack.com.br\/#website"},"datePublished":"2018-04-26T13:33:34+00:00","dateModified":"2021-09-10T15:52:09+00:00","description":"Confira o melhor conte\u00fado sobre tecnologia, design e gest\u00e3o de embalagens flex\u00edveis, r\u00f3tulos e impress\u00e3o.","breadcrumb":{"@id":"https:\/\/projetopack.com.br\/en\/esko-webcenter-18-reduz-o-ciclo-de-aprovacao-de-uma-embalagem\/#breadcrumb"},"inLanguage":"en-US","potentialAction":[{"@type":"ReadAction","target":["https:\/\/projetopack.com.br\/en\/esko-webcenter-18-reduz-o-ciclo-de-aprovacao-de-uma-embalagem\/"]}]},{"@type":"BreadcrumbList","@id":"https:\/\/projetopack.com.br\/en\/esko-webcenter-18-reduz-o-ciclo-de-aprovacao-de-uma-embalagem\/#breadcrumb","itemListElement":[{"@type":"ListItem","position":1,"name":"P\u00e1gina Inicial","item":"https:\/\/projetopack.com.br\/"},{"@type":"ListItem","position":2,"name":"Arquivo","item":"https:\/\/projetopack.com.br\/en\/category\/arquivo\/"},{"@type":"ListItem","position":3,"name":"Esko WebCenter 18 reduz o ciclo de aprova\u00e7\u00e3o de uma embalagem"}]},{"@type":"WebSite","@id":"https:\/\/projetopack.com.br\/#website","url":"https:\/\/projetopack.com.br\/","name":"ProjetoPack","description":"Consultoria e servi\u00e7os para embalagens, r\u00f3tulos, etiquetas e processos de impress\u00e3o","publisher":{"@id":"https:\/\/projetopack.com.br\/#organization"},"potentialAction":[{"@type":"SearchAction","target":{"@type":"EntryPoint","urlTemplate":"https:\/\/projetopack.com.br\/?s={search_term_string}"},"query-input":{"@type":"PropertyValueSpecification","valueRequired":true,"valueName":"search_term_string"}}],"inLanguage":"en-US"},{"@type":"Organization","@id":"https:\/\/projetopack.com.br\/#organization","name":"ProjetoPack & Associados","url":"https:\/\/projetopack.com.br\/","logo":{"@type":"ImageObject","inLanguage":"en-US","@id":"https:\/\/projetopack.com.br\/#\/schema\/logo\/image\/","url":"https:\/\/projetopack.com.br\/wp-content\/uploads\/2020\/09\/projetopack.png","contentUrl":"https:\/\/projetopack.com.br\/wp-content\/uploads\/2020\/09\/projetopack.png","width":200,"height":200,"caption":"ProjetoPack & Associados"},"image":{"@id":"https:\/\/projetopack.com.br\/#\/schema\/logo\/image\/"},"sameAs":["https:\/\/x.com\/ProjetoPack","https:\/\/www.linkedin.com\/company\/projetopack\/"]},{"@type":"Person","@id":"https:\/\/projetopack.com.br\/#\/schema\/person\/d17c72a4bc2b7e461496dd8a14d4cef1","name":"Andrea","image":{"@type":"ImageObject","inLanguage":"en-US","@id":"https:\/\/projetopack.com.br\/#\/schema\/person\/image\/","url":"https:\/\/projetopack.com.br\/wp-content\/uploads\/2026\/03\/eu-150x150.jpg","contentUrl":"https:\/\/projetopack.com.br\/wp-content\/uploads\/2026\/03\/eu-150x150.jpg","caption":"Andrea"},"url":"https:\/\/projetopack.com.br\/en\/author\/andrea\/"}]}},"_links":{"self":[{"href":"https:\/\/projetopack.com.br\/en\/wp-json\/wp\/v2\/posts\/2846","targetHints":{"allow":["GET"]}}],"collection":[{"href":"https:\/\/projetopack.com.br\/en\/wp-json\/wp\/v2\/posts"}],"about":[{"href":"https:\/\/projetopack.com.br\/en\/wp-json\/wp\/v2\/types\/post"}],"author":[{"embeddable":true,"href":"https:\/\/projetopack.com.br\/en\/wp-json\/wp\/v2\/users\/18"}],"replies":[{"embeddable":true,"href":"https:\/\/projetopack.com.br\/en\/wp-json\/wp\/v2\/comments?post=2846"}],"version-history":[{"count":0,"href":"https:\/\/projetopack.com.br\/en\/wp-json\/wp\/v2\/posts\/2846\/revisions"}],"wp:attachment":[{"href":"https:\/\/projetopack.com.br\/en\/wp-json\/wp\/v2\/media?parent=2846"}],"wp:term":[{"taxonomy":"category","embeddable":true,"href":"https:\/\/projetopack.com.br\/en\/wp-json\/wp\/v2\/categories?post=2846"},{"taxonomy":"post_tag","embeddable":true,"href":"https:\/\/projetopack.com.br\/en\/wp-json\/wp\/v2\/tags?post=2846"}],"curies":[{"name":"wp","href":"https:\/\/api.w.org\/{rel}","templated":true}]}}