{"id":28652,"date":"2022-10-31T11:06:43","date_gmt":"2022-10-31T14:06:43","guid":{"rendered":"https:\/\/www.projetopack.com.br\/?p=28652"},"modified":"2022-10-31T11:06:45","modified_gmt":"2022-10-31T14:06:45","slug":"o-que-aprendemos-na-entrevista-do-programa-packcast-com-o-sr-jacques-sikierski","status":"publish","type":"post","link":"https:\/\/projetopack.com.br\/en\/o-que-aprendemos-na-entrevista-do-programa-packcast-com-o-sr-jacques-sikierski\/","title":{"rendered":"O que aprendemos na entrevista do programa PackCast com o Sr. Jacques Sikierski?"},"content":{"rendered":"<p style=\"font-style:normal;font-weight:400\">Nos \u00faltimos dias, conduzimos mais uma entrevista no nosso podcast. E, mantendo a tradi\u00e7\u00e3o, aproveitamos o v\u00eddeo para o formato webcast em nosso canal do YouTube.<\/p>\n\n\n\n<p style=\"font-style:normal;font-weight:400\">Foi a primeira entrevista da temporada especial \u201c45 anos de <a href=\"https:\/\/www.abief.org.br\/\" target=\"_blank\" rel=\"noreferrer noopener\">ABIEF<\/a>\u201d, com o lend\u00e1rio fundador da ITAP, empreendedor e vision\u00e1rio do pl\u00e1stico e das embalagens flex\u00edveis no Brasil, o diretor da <a href=\"https:\/\/www.linkedin.com\/company\/grupo-brampac-s-a\/?originalSubdomain=br\" target=\"_blank\" rel=\"noreferrer noopener\">Brampac<\/a> <strong>Jacques Sikierski<\/strong>.<\/p>\n\n\n\n<figure class=\"wp-block-embed is-type-video is-provider-youtube wp-block-embed-youtube wp-embed-aspect-16-9 wp-has-aspect-ratio\"><div class=\"wp-block-embed__wrapper\">\n<iframe title=\"PackLive com Jacques Siekierski\" width=\"800\" height=\"450\" src=\"https:\/\/www.youtube.com\/embed\/havQmM1NPRw?feature=oembed\" frameborder=\"0\" allow=\"accelerometer; autoplay; clipboard-write; encrypted-media; gyroscope; picture-in-picture\" allowfullscreen><\/iframe>\n<\/div><\/figure>\n\n\n\n<p style=\"font-style:normal;font-weight:400\"><em>Os mais novos talvez n\u00e3o saibam que produtos como sacos valvulados, r\u00f3tulos-manga, coextrus\u00e3o de filmes, masterbatches, adesivos para lamina\u00e7\u00e3o, \u00e1gua mineral em copos pl\u00e1sticos, saco de leite UHT, sacos pl\u00e1sticos para lixo, a pr\u00f3pria \u201cplasticultura\u201d, a impress\u00e3o em rotogravura sobre polietileno, a ITAP e tantas outras empreitadas e projetos passaram pelas m\u00e3os de Seu Jacques \u2013 que ajudou a construir os alicerces da ind\u00fastria de embalagens pl\u00e1sticas nacional.<\/em><\/p>\n\n\n\n<p style=\"font-style:normal;font-weight:400\">Seu Jacques desembarcou no Brasil aos 22 anos de idade, no ano de 1955. No dia desta entrevista tamb\u00e9m era o do seu anivers\u00e1rio de 90 anos de idade. Segundo o empres\u00e1rio, ele teria comprado uma serra de fita (uma rel\u00edquia at\u00e9 hoje guardada) para produzir as cartolinas que seriam utilizadas como molde na confec\u00e7\u00e3o de camisas.<\/p>\n\n\n\n<p class=\"has-cyan-bluish-gray-background-color has-background\" style=\"font-style:normal;font-weight:400\">O neg\u00f3cio foi ampliado das cartolinas ao celofane (n\u00e3o existia pl\u00e1stico neste per\u00edodo) para a produ\u00e7\u00e3o de embalagens para camisas e outras pe\u00e7as de vestu\u00e1rio. Em pouco tempo, o neg\u00f3cio cresceu e saiu do bairro do Lim\u00e3o para uma f\u00e1brica maior, no Jaguar\u00e9.<\/p>\n\n\n\n<blockquote class=\"wp-block-quote is-style-default is-layout-flow wp-block-quote-is-layout-flow\" style=\"font-style:normal;font-weight:400\"><p><em>\u201cEra uma \u00e9poca bastante desenvolvimentista a que pass\u00e1vamos, a do Juscelino Kubitschek, com tudo ainda por fazer e muitas oportunidades. O pa\u00eds estava se industrializando e n\u00f3s, juntos com ele\u201d.<\/em><\/p><cite>Jacques Sikierski<\/cite><\/blockquote>\n\n\n\n<p style=\"font-style:normal;font-weight:400\">Seu Jacques teve um papel importante no estabelecimento da ind\u00fastria petroqu\u00edmica nacional, tendo sido um dos fundadores da primeira delas, a Politeno.<\/p>\n\n\n\n<p style=\"font-style:normal;font-weight:400\">Parte de seu pioneirismo \u00e9 atribu\u00eddo, segundo ele pr\u00f3prio, \u00e0s constantes viagens internacionais e participa\u00e7\u00e3o ostensiva em feiras setoriais, buscando ativamente por novas ideias e conceitos ao mercado de embalagens e pl\u00e1sticos em geral.<\/p>\n\n\n\n<p style=\"font-style:normal;font-weight:400\">\u201cA rapidez da ind\u00fastria era tamanha que antes das patentes requeridas serem concedidas pelo INPI, o produto em quest\u00e3o j\u00e1 era obsoleto\u201d, afirma Seu Jacques.<\/p>\n\n\n\n<p style=\"font-style:normal;font-weight:400\">Com Seu Jacques, aprendemos que:<\/p>\n\n\n\n<ul class=\"wp-block-list\" style=\"font-style:normal;font-weight:400\"><li>O sucesso no nosso setor depende, em grande parte, n\u00e3o apenas da coragem e pioneirismo de investir em novas ideias e projetos, mas especialmente em ter o senso cr\u00edtico de avaliar se n\u00e3o \u00e9 poss\u00edvel melhorar as j\u00e1 existentes.<\/li><li>O \u201ccomodismo\u201d das empresas e a falta de criatividade s\u00e3o talvez os dois mais graves problemas que os convertedores enfrentam na atualidade. Ambos levam \u00e0 tem\u00edvel comoditiza\u00e7\u00e3o, onde a escolha baseia-se apenas pelo menor pre\u00e7o, erodindo a margem de todos ao final.<\/li><li>O Brasil oferece certas alternativas que extrapolam a compet\u00eancia t\u00e9cnica e industrial das empresas: os incentivos fiscais e outros temas tribut\u00e1rios que acabam criando uma desigualdade na maneira de competir \u2013 o que inclui a nossa \u00e1rea de embalagens flex\u00edveis. Portanto, n\u00e3o tratar este assunto como priorit\u00e1rio e n\u00e3o ter uma estrat\u00e9gia para reduzir estes efeitos (quando por parte da concorr\u00eancia) ou usufruir dos ganhos, \u00e9 problem\u00e1tico.<\/li><li>H\u00e1 extremismos de ambos os lados \u2013 tanto na esfera do ativismo ambiental que acaba comprometendo o desenvolvimento sustent\u00e1vel de alguns neg\u00f3cios, quanto da gan\u00e2ncia empresarial descomedida que ignora os impactos da sua atividade ao meio ambiente. \u00c9 preciso achar o meio termo, e a profissionaliza\u00e7\u00e3o da atividade de reciclagem t\u00eam sido fundamental neste processo.<\/li><li>A vis\u00e3o pol\u00edtica pode contribuir em muito na solu\u00e7\u00e3o do problema do pl\u00e1stico. Ao inv\u00e9s de pensar na quest\u00e3o da arrecada\u00e7\u00e3o de tributos por parte do ecossistema de reciclagem \u2013 desde o catador at\u00e9 as grandes cooperativas \u2013 \u00e9 preciso considerar o est\u00edmulo \u00e0 atividade, a organiza\u00e7\u00e3o e profissionaliza\u00e7\u00e3o desta extens\u00e3o da vida \u00fatil dos produtos, de forma a obter-se um ganho ambiental e social inestim\u00e1veis ao final.<\/li><li>O tema da reciclagem \u00e9 t\u00e3o relevante, que deveria ter um peso equivalente a, por exemplo, a pasta ambiental como um todo. Deveria ser o epicentro de uma pol\u00edtica ambiental nacional e abrangente.<\/li><\/ul>\n\n\n\n<p class=\"has-cyan-bluish-gray-background-color has-background\" style=\"font-style:normal;font-weight:400\">Seu Jacques realmente impressiona pela lucidez e postura empreendedora, sempre buscando inovar em seus neg\u00f3cios. Nos mostra que a mente criativa e inovadora n\u00e3o \u00e9 dependente da tecnologia em si (em alguns momentos, voc\u00ea o ver\u00e1 resmungando e pedindo que algu\u00e9m lhe ajude a \u201capagar o celular\u201d), mas da forma de ver o mundo.<\/p>\n\n\n\n<p style=\"font-style:normal;font-weight:400\">O que o mercado perder\u00e1 quando todos os \u201cSeus Jacques\u201d se aposentarem? Ser\u00e1 que as novas gera\u00e7\u00f5es estar\u00e3o aptas a seguir ou aperfei\u00e7oar este s\u00f3lido legado que alicer\u00e7ou a ind\u00fastria de embalagens no Brasil? Vamos torcer para que sim.<\/p>\n\n\n\n<p style=\"font-style:normal;font-weight:400\">Se voc\u00ea prefere ouvir a entrevista, corre l\u00e1 e j\u00e1 se inscreve no podcast <strong>PackCast<\/strong> no link:<\/p>\n\n\n\n<figure class=\"wp-block-embed is-type-wp-embed is-provider-anchor-fm-inc wp-block-embed-anchor-fm-inc\"><div class=\"wp-block-embed__wrapper\">\n<iframe class=\"wp-embedded-content\" sandbox=\"allow-scripts\" security=\"restricted\" title=\"PackCast\" src=\"https:\/\/anchor.fm\/pack-cast\/embed#?secret=uLZ7DBUQz8\" data-secret=\"uLZ7DBUQz8\" height=\"102px\" width=\"400px\" frameborder=\"0\" scrolling=\"no\"><\/iframe>\n<\/div><\/figure>\n\n\n\n<p style=\"font-style:normal;font-weight:400\">Leia mais em nosso blog:<\/p>\n\n\n\n<p style=\"font-style:normal;font-weight:400\"><a href=\"https:\/\/projetopack.com.br\/en\/o-que-aprendemos-no-packcast-com-a-camargo-embalagens\/\" target=\"_blank\" rel=\"noreferrer noopener\">O que aprendemos no PackCast com a Camargo Embalagens?<\/a><\/p>","protected":false},"excerpt":{"rendered":"<p>Foi a primeira entrevista da temporada especial \u201c45 anos de ABIEF\u201d<\/p>","protected":false},"author":2,"featured_media":28653,"comment_status":"open","ping_status":"closed","sticky":true,"template":"","format":"standard","meta":{"footnotes":""},"categories":[632],"tags":[],"class_list":["post-28652","post","type-post","status-publish","format-standard","has-post-thumbnail","hentry","category-entrevistas"],"yoast_head":"<!-- This site is optimized with the Yoast SEO Premium plugin v27.1 (Yoast SEO v27.1.1) - https:\/\/yoast.com\/product\/yoast-seo-premium-wordpress\/ -->\n<title>O que aprendemos na entrevista do programa PackCast com o Sr. Jacques Sikierski? - ProjetoPack<\/title>\n<meta name=\"description\" content=\"Seu Jacques desembarcou no Brasil aos 22 anos de idade, no ano de 1955. \u00c9 uma verdadeira lenda do setor de embalagens no pa\u00eds\" \/>\n<meta name=\"robots\" content=\"index, follow, max-snippet:-1, max-image-preview:large, max-video-preview:-1\" \/>\n<link rel=\"canonical\" href=\"https:\/\/projetopack.com.br\/en\/o-que-aprendemos-na-entrevista-do-programa-packcast-com-o-sr-jacques-sikierski\/\" \/>\n<meta property=\"og:locale\" content=\"en_US\" \/>\n<meta property=\"og:type\" content=\"article\" \/>\n<meta property=\"og:title\" content=\"O que aprendemos na entrevista do programa PackCast com o Sr. Jacques Sikierski?\" \/>\n<meta property=\"og:description\" content=\"Seu Jacques desembarcou no Brasil aos 22 anos de idade, no ano de 1955. \u00c9 uma verdadeira lenda do setor de embalagens no pa\u00eds\" \/>\n<meta property=\"og:url\" content=\"https:\/\/projetopack.com.br\/en\/o-que-aprendemos-na-entrevista-do-programa-packcast-com-o-sr-jacques-sikierski\/\" \/>\n<meta property=\"og:site_name\" content=\"ProjetoPack\" \/>\n<meta property=\"article:published_time\" content=\"2022-10-31T14:06:43+00:00\" \/>\n<meta property=\"article:modified_time\" content=\"2022-10-31T14:06:45+00:00\" \/>\n<meta property=\"og:image\" content=\"https:\/\/projetopack.com.br\/wp-content\/uploads\/2022\/10\/Capa-Podcast-T3-EP1.png\" \/>\n\t<meta property=\"og:image:width\" content=\"1080\" \/>\n\t<meta property=\"og:image:height\" content=\"1080\" \/>\n\t<meta property=\"og:image:type\" content=\"image\/png\" \/>\n<meta name=\"author\" content=\"Aislan Baer\" \/>\n<meta name=\"twitter:card\" content=\"summary_large_image\" \/>\n<meta name=\"twitter:creator\" content=\"@ProjetoPack\" \/>\n<meta name=\"twitter:site\" content=\"@ProjetoPack\" \/>\n<meta name=\"twitter:label1\" content=\"Written by\" \/>\n\t<meta name=\"twitter:data1\" content=\"Aislan Baer\" \/>\n\t<meta name=\"twitter:label2\" content=\"Est. reading time\" \/>\n\t<meta name=\"twitter:data2\" content=\"5 minutes\" \/>\n<script type=\"application\/ld+json\" class=\"yoast-schema-graph\">{\"@context\":\"https:\/\/schema.org\",\"@graph\":[{\"@type\":\"Article\",\"@id\":\"https:\/\/projetopack.com.br\/o-que-aprendemos-na-entrevista-do-programa-packcast-com-o-sr-jacques-sikierski\/#article\",\"isPartOf\":{\"@id\":\"https:\/\/projetopack.com.br\/o-que-aprendemos-na-entrevista-do-programa-packcast-com-o-sr-jacques-sikierski\/\"},\"author\":{\"name\":\"Aislan Baer\",\"@id\":\"https:\/\/projetopack.com.br\/#\/schema\/person\/87cbd7d1e244880886d457815ebd2490\"},\"headline\":\"O que aprendemos na entrevista do programa PackCast com o Sr. Jacques Sikierski?\",\"datePublished\":\"2022-10-31T14:06:43+00:00\",\"dateModified\":\"2022-10-31T14:06:45+00:00\",\"mainEntityOfPage\":{\"@id\":\"https:\/\/projetopack.com.br\/o-que-aprendemos-na-entrevista-do-programa-packcast-com-o-sr-jacques-sikierski\/\"},\"wordCount\":867,\"commentCount\":0,\"publisher\":{\"@id\":\"https:\/\/projetopack.com.br\/#organization\"},\"image\":{\"@id\":\"https:\/\/projetopack.com.br\/o-que-aprendemos-na-entrevista-do-programa-packcast-com-o-sr-jacques-sikierski\/#primaryimage\"},\"thumbnailUrl\":\"https:\/\/projetopack.com.br\/wp-content\/uploads\/2022\/10\/Capa-Podcast-T3-EP1.png\",\"articleSection\":[\"Entrevistas\"],\"inLanguage\":\"en-US\",\"potentialAction\":[{\"@type\":\"CommentAction\",\"name\":\"Comment\",\"target\":[\"https:\/\/projetopack.com.br\/o-que-aprendemos-na-entrevista-do-programa-packcast-com-o-sr-jacques-sikierski\/#respond\"]}]},{\"@type\":\"WebPage\",\"@id\":\"https:\/\/projetopack.com.br\/o-que-aprendemos-na-entrevista-do-programa-packcast-com-o-sr-jacques-sikierski\/\",\"url\":\"https:\/\/projetopack.com.br\/o-que-aprendemos-na-entrevista-do-programa-packcast-com-o-sr-jacques-sikierski\/\",\"name\":\"O que aprendemos na entrevista do programa PackCast com o Sr. Jacques Sikierski? - ProjetoPack\",\"isPartOf\":{\"@id\":\"https:\/\/projetopack.com.br\/#website\"},\"primaryImageOfPage\":{\"@id\":\"https:\/\/projetopack.com.br\/o-que-aprendemos-na-entrevista-do-programa-packcast-com-o-sr-jacques-sikierski\/#primaryimage\"},\"image\":{\"@id\":\"https:\/\/projetopack.com.br\/o-que-aprendemos-na-entrevista-do-programa-packcast-com-o-sr-jacques-sikierski\/#primaryimage\"},\"thumbnailUrl\":\"https:\/\/projetopack.com.br\/wp-content\/uploads\/2022\/10\/Capa-Podcast-T3-EP1.png\",\"datePublished\":\"2022-10-31T14:06:43+00:00\",\"dateModified\":\"2022-10-31T14:06:45+00:00\",\"description\":\"Seu Jacques desembarcou no Brasil aos 22 anos de idade, no ano de 1955. \u00c9 uma verdadeira lenda do setor de embalagens no pa\u00eds\",\"breadcrumb\":{\"@id\":\"https:\/\/projetopack.com.br\/o-que-aprendemos-na-entrevista-do-programa-packcast-com-o-sr-jacques-sikierski\/#breadcrumb\"},\"inLanguage\":\"en-US\",\"potentialAction\":[{\"@type\":\"ReadAction\",\"target\":[\"https:\/\/projetopack.com.br\/o-que-aprendemos-na-entrevista-do-programa-packcast-com-o-sr-jacques-sikierski\/\"]}]},{\"@type\":\"ImageObject\",\"inLanguage\":\"en-US\",\"@id\":\"https:\/\/projetopack.com.br\/o-que-aprendemos-na-entrevista-do-programa-packcast-com-o-sr-jacques-sikierski\/#primaryimage\",\"url\":\"https:\/\/projetopack.com.br\/wp-content\/uploads\/2022\/10\/Capa-Podcast-T3-EP1.png\",\"contentUrl\":\"https:\/\/projetopack.com.br\/wp-content\/uploads\/2022\/10\/Capa-Podcast-T3-EP1.png\",\"width\":1080,\"height\":1080,\"caption\":\"jacques sikierski\"},{\"@type\":\"BreadcrumbList\",\"@id\":\"https:\/\/projetopack.com.br\/o-que-aprendemos-na-entrevista-do-programa-packcast-com-o-sr-jacques-sikierski\/#breadcrumb\",\"itemListElement\":[{\"@type\":\"ListItem\",\"position\":1,\"name\":\"P\u00e1gina Inicial\",\"item\":\"https:\/\/projetopack.com.br\/\"},{\"@type\":\"ListItem\",\"position\":2,\"name\":\"Entrevistas\",\"item\":\"https:\/\/projetopack.com.br\/category\/entrevistas\/\"},{\"@type\":\"ListItem\",\"position\":3,\"name\":\"O que aprendemos na entrevista do programa PackCast com o Sr. Jacques Sikierski?\"}]},{\"@type\":\"WebSite\",\"@id\":\"https:\/\/projetopack.com.br\/#website\",\"url\":\"https:\/\/projetopack.com.br\/\",\"name\":\"ProjetoPack\",\"description\":\"Consultoria e servi\u00e7os para embalagens, r\u00f3tulos, etiquetas e processos de impress\u00e3o\",\"publisher\":{\"@id\":\"https:\/\/projetopack.com.br\/#organization\"},\"potentialAction\":[{\"@type\":\"SearchAction\",\"target\":{\"@type\":\"EntryPoint\",\"urlTemplate\":\"https:\/\/projetopack.com.br\/?s={search_term_string}\"},\"query-input\":{\"@type\":\"PropertyValueSpecification\",\"valueRequired\":true,\"valueName\":\"search_term_string\"}}],\"inLanguage\":\"en-US\"},{\"@type\":\"Organization\",\"@id\":\"https:\/\/projetopack.com.br\/#organization\",\"name\":\"ProjetoPack & Associados\",\"url\":\"https:\/\/projetopack.com.br\/\",\"logo\":{\"@type\":\"ImageObject\",\"inLanguage\":\"en-US\",\"@id\":\"https:\/\/projetopack.com.br\/#\/schema\/logo\/image\/\",\"url\":\"https:\/\/projetopack.com.br\/wp-content\/uploads\/2020\/09\/projetopack.png\",\"contentUrl\":\"https:\/\/projetopack.com.br\/wp-content\/uploads\/2020\/09\/projetopack.png\",\"width\":200,\"height\":200,\"caption\":\"ProjetoPack & Associados\"},\"image\":{\"@id\":\"https:\/\/projetopack.com.br\/#\/schema\/logo\/image\/\"},\"sameAs\":[\"https:\/\/x.com\/ProjetoPack\",\"https:\/\/www.linkedin.com\/company\/projetopack\/\"]},{\"@type\":\"Person\",\"@id\":\"https:\/\/projetopack.com.br\/#\/schema\/person\/87cbd7d1e244880886d457815ebd2490\",\"name\":\"Aislan Baer\",\"image\":{\"@type\":\"ImageObject\",\"inLanguage\":\"en-US\",\"@id\":\"https:\/\/projetopack.com.br\/#\/schema\/person\/image\/\",\"url\":\"https:\/\/projetopack.com.br\/wp-content\/uploads\/2021\/08\/Aislan-Busto-p-100x100.jpg\",\"contentUrl\":\"https:\/\/projetopack.com.br\/wp-content\/uploads\/2021\/08\/Aislan-Busto-p-100x100.jpg\",\"caption\":\"Aislan Baer\"},\"description\":\"Desde os \u00faltimos 20 anos, meu time e eu ajudamos mais de 300 empresas brasileiras e estrangeiras (algumas delas, l\u00edderes mundiais) a produzir embalagens flex\u00edveis e r\u00f3tulos com maior efici\u00eancia, menores custos e maior apelo visual, bem como centenas de donos de marcas a comprar suas embalagens flex\u00edveis e material impresso com um crit\u00e9rio mais t\u00e9cnico e assertivo. Ao mesmo tempo, gra\u00e7as \u00e0 nossa consultoria, muitas destas empresas melhoraram significativamente o seu processo de Impress\u00e3o (Impress\u00e3o de embalagens, Impress\u00e3o industrial, Impress\u00e3o funcional e, mais recentemente, bio impress\u00e3o e manufatura aditiva ou simplesmente Impress\u00e3o 3D). Se a sua empresa tem um problema relacionado a embalagens flex\u00edveis, r\u00f3tulos ou Impress\u00e3o, por mais insol\u00favel que lhe pare\u00e7a, aguardamos ansiosos a sua liga\u00e7\u00e3o ou e-mail. Este \u00e9 nosso trabalho e tamb\u00e9m a nossa paix\u00e3o.\",\"sameAs\":[\"http:\/\/www.projetopack.com\",\"https:\/\/www.linkedin.com\/in\/aislanbaer\/\"],\"jobTitle\":\"CEO @ ProjetoPack | L\u00edder em M&A no Setor de Impress\u00e3o e Embalagens no Brasil | Cofundador da Inovagraf e Neuraflow | Especialista em Inova\u00e7\u00e3o com IA na Impress\u00e3o | Printing Legacy Initiative | Empreendedor Serial\",\"url\":\"https:\/\/projetopack.com.br\/en\/author\/aislan\/\"}]}<\/script>\n<!-- \/ Yoast SEO Premium plugin. -->","yoast_head_json":{"title":"O que aprendemos na entrevista do programa PackCast com o Sr. Jacques Sikierski? - ProjetoPack","description":"Seu Jacques desembarcou no Brasil aos 22 anos de idade, no ano de 1955. \u00c9 uma verdadeira lenda do setor de embalagens no pa\u00eds","robots":{"index":"index","follow":"follow","max-snippet":"max-snippet:-1","max-image-preview":"max-image-preview:large","max-video-preview":"max-video-preview:-1"},"canonical":"https:\/\/projetopack.com.br\/en\/o-que-aprendemos-na-entrevista-do-programa-packcast-com-o-sr-jacques-sikierski\/","og_locale":"en_US","og_type":"article","og_title":"O que aprendemos na entrevista do programa PackCast com o Sr. Jacques Sikierski?","og_description":"Seu Jacques desembarcou no Brasil aos 22 anos de idade, no ano de 1955. \u00c9 uma verdadeira lenda do setor de embalagens no pa\u00eds","og_url":"https:\/\/projetopack.com.br\/en\/o-que-aprendemos-na-entrevista-do-programa-packcast-com-o-sr-jacques-sikierski\/","og_site_name":"ProjetoPack","article_published_time":"2022-10-31T14:06:43+00:00","article_modified_time":"2022-10-31T14:06:45+00:00","og_image":[{"width":1080,"height":1080,"url":"https:\/\/projetopack.com.br\/wp-content\/uploads\/2022\/10\/Capa-Podcast-T3-EP1.png","type":"image\/png"}],"author":"Aislan Baer","twitter_card":"summary_large_image","twitter_creator":"@ProjetoPack","twitter_site":"@ProjetoPack","twitter_misc":{"Written by":"Aislan Baer","Est. reading time":"5 minutes"},"schema":{"@context":"https:\/\/schema.org","@graph":[{"@type":"Article","@id":"https:\/\/projetopack.com.br\/o-que-aprendemos-na-entrevista-do-programa-packcast-com-o-sr-jacques-sikierski\/#article","isPartOf":{"@id":"https:\/\/projetopack.com.br\/o-que-aprendemos-na-entrevista-do-programa-packcast-com-o-sr-jacques-sikierski\/"},"author":{"name":"Aislan Baer","@id":"https:\/\/projetopack.com.br\/#\/schema\/person\/87cbd7d1e244880886d457815ebd2490"},"headline":"O que aprendemos na entrevista do programa PackCast com o Sr. Jacques Sikierski?","datePublished":"2022-10-31T14:06:43+00:00","dateModified":"2022-10-31T14:06:45+00:00","mainEntityOfPage":{"@id":"https:\/\/projetopack.com.br\/o-que-aprendemos-na-entrevista-do-programa-packcast-com-o-sr-jacques-sikierski\/"},"wordCount":867,"commentCount":0,"publisher":{"@id":"https:\/\/projetopack.com.br\/#organization"},"image":{"@id":"https:\/\/projetopack.com.br\/o-que-aprendemos-na-entrevista-do-programa-packcast-com-o-sr-jacques-sikierski\/#primaryimage"},"thumbnailUrl":"https:\/\/projetopack.com.br\/wp-content\/uploads\/2022\/10\/Capa-Podcast-T3-EP1.png","articleSection":["Entrevistas"],"inLanguage":"en-US","potentialAction":[{"@type":"CommentAction","name":"Comment","target":["https:\/\/projetopack.com.br\/o-que-aprendemos-na-entrevista-do-programa-packcast-com-o-sr-jacques-sikierski\/#respond"]}]},{"@type":"WebPage","@id":"https:\/\/projetopack.com.br\/o-que-aprendemos-na-entrevista-do-programa-packcast-com-o-sr-jacques-sikierski\/","url":"https:\/\/projetopack.com.br\/o-que-aprendemos-na-entrevista-do-programa-packcast-com-o-sr-jacques-sikierski\/","name":"O que aprendemos na entrevista do programa PackCast com o Sr. Jacques Sikierski? - ProjetoPack","isPartOf":{"@id":"https:\/\/projetopack.com.br\/#website"},"primaryImageOfPage":{"@id":"https:\/\/projetopack.com.br\/o-que-aprendemos-na-entrevista-do-programa-packcast-com-o-sr-jacques-sikierski\/#primaryimage"},"image":{"@id":"https:\/\/projetopack.com.br\/o-que-aprendemos-na-entrevista-do-programa-packcast-com-o-sr-jacques-sikierski\/#primaryimage"},"thumbnailUrl":"https:\/\/projetopack.com.br\/wp-content\/uploads\/2022\/10\/Capa-Podcast-T3-EP1.png","datePublished":"2022-10-31T14:06:43+00:00","dateModified":"2022-10-31T14:06:45+00:00","description":"Seu Jacques desembarcou no Brasil aos 22 anos de idade, no ano de 1955. \u00c9 uma verdadeira lenda do setor de embalagens no pa\u00eds","breadcrumb":{"@id":"https:\/\/projetopack.com.br\/o-que-aprendemos-na-entrevista-do-programa-packcast-com-o-sr-jacques-sikierski\/#breadcrumb"},"inLanguage":"en-US","potentialAction":[{"@type":"ReadAction","target":["https:\/\/projetopack.com.br\/o-que-aprendemos-na-entrevista-do-programa-packcast-com-o-sr-jacques-sikierski\/"]}]},{"@type":"ImageObject","inLanguage":"en-US","@id":"https:\/\/projetopack.com.br\/o-que-aprendemos-na-entrevista-do-programa-packcast-com-o-sr-jacques-sikierski\/#primaryimage","url":"https:\/\/projetopack.com.br\/wp-content\/uploads\/2022\/10\/Capa-Podcast-T3-EP1.png","contentUrl":"https:\/\/projetopack.com.br\/wp-content\/uploads\/2022\/10\/Capa-Podcast-T3-EP1.png","width":1080,"height":1080,"caption":"jacques sikierski"},{"@type":"BreadcrumbList","@id":"https:\/\/projetopack.com.br\/o-que-aprendemos-na-entrevista-do-programa-packcast-com-o-sr-jacques-sikierski\/#breadcrumb","itemListElement":[{"@type":"ListItem","position":1,"name":"P\u00e1gina Inicial","item":"https:\/\/projetopack.com.br\/"},{"@type":"ListItem","position":2,"name":"Entrevistas","item":"https:\/\/projetopack.com.br\/category\/entrevistas\/"},{"@type":"ListItem","position":3,"name":"O que aprendemos na entrevista do programa PackCast com o Sr. Jacques Sikierski?"}]},{"@type":"WebSite","@id":"https:\/\/projetopack.com.br\/#website","url":"https:\/\/projetopack.com.br\/","name":"ProjetoPack","description":"Consultoria e servi\u00e7os para embalagens, r\u00f3tulos, etiquetas e processos de impress\u00e3o","publisher":{"@id":"https:\/\/projetopack.com.br\/#organization"},"potentialAction":[{"@type":"SearchAction","target":{"@type":"EntryPoint","urlTemplate":"https:\/\/projetopack.com.br\/?s={search_term_string}"},"query-input":{"@type":"PropertyValueSpecification","valueRequired":true,"valueName":"search_term_string"}}],"inLanguage":"en-US"},{"@type":"Organization","@id":"https:\/\/projetopack.com.br\/#organization","name":"ProjetoPack & Associados","url":"https:\/\/projetopack.com.br\/","logo":{"@type":"ImageObject","inLanguage":"en-US","@id":"https:\/\/projetopack.com.br\/#\/schema\/logo\/image\/","url":"https:\/\/projetopack.com.br\/wp-content\/uploads\/2020\/09\/projetopack.png","contentUrl":"https:\/\/projetopack.com.br\/wp-content\/uploads\/2020\/09\/projetopack.png","width":200,"height":200,"caption":"ProjetoPack & Associados"},"image":{"@id":"https:\/\/projetopack.com.br\/#\/schema\/logo\/image\/"},"sameAs":["https:\/\/x.com\/ProjetoPack","https:\/\/www.linkedin.com\/company\/projetopack\/"]},{"@type":"Person","@id":"https:\/\/projetopack.com.br\/#\/schema\/person\/87cbd7d1e244880886d457815ebd2490","name":"Aislan Baer","image":{"@type":"ImageObject","inLanguage":"en-US","@id":"https:\/\/projetopack.com.br\/#\/schema\/person\/image\/","url":"https:\/\/projetopack.com.br\/wp-content\/uploads\/2021\/08\/Aislan-Busto-p-100x100.jpg","contentUrl":"https:\/\/projetopack.com.br\/wp-content\/uploads\/2021\/08\/Aislan-Busto-p-100x100.jpg","caption":"Aislan Baer"},"description":"Desde os \u00faltimos 20 anos, meu time e eu ajudamos mais de 300 empresas brasileiras e estrangeiras (algumas delas, l\u00edderes mundiais) a produzir embalagens flex\u00edveis e r\u00f3tulos com maior efici\u00eancia, menores custos e maior apelo visual, bem como centenas de donos de marcas a comprar suas embalagens flex\u00edveis e material impresso com um crit\u00e9rio mais t\u00e9cnico e assertivo. Ao mesmo tempo, gra\u00e7as \u00e0 nossa consultoria, muitas destas empresas melhoraram significativamente o seu processo de Impress\u00e3o (Impress\u00e3o de embalagens, Impress\u00e3o industrial, Impress\u00e3o funcional e, mais recentemente, bio impress\u00e3o e manufatura aditiva ou simplesmente Impress\u00e3o 3D). Se a sua empresa tem um problema relacionado a embalagens flex\u00edveis, r\u00f3tulos ou Impress\u00e3o, por mais insol\u00favel que lhe pare\u00e7a, aguardamos ansiosos a sua liga\u00e7\u00e3o ou e-mail. Este \u00e9 nosso trabalho e tamb\u00e9m a nossa paix\u00e3o.","sameAs":["http:\/\/www.projetopack.com","https:\/\/www.linkedin.com\/in\/aislanbaer\/"],"jobTitle":"CEO @ ProjetoPack | L\u00edder em M&A no Setor de Impress\u00e3o e Embalagens no Brasil | Cofundador da Inovagraf e Neuraflow | Especialista em Inova\u00e7\u00e3o com IA na Impress\u00e3o | Printing Legacy Initiative | Empreendedor Serial","url":"https:\/\/projetopack.com.br\/en\/author\/aislan\/"}]}},"_links":{"self":[{"href":"https:\/\/projetopack.com.br\/en\/wp-json\/wp\/v2\/posts\/28652","targetHints":{"allow":["GET"]}}],"collection":[{"href":"https:\/\/projetopack.com.br\/en\/wp-json\/wp\/v2\/posts"}],"about":[{"href":"https:\/\/projetopack.com.br\/en\/wp-json\/wp\/v2\/types\/post"}],"author":[{"embeddable":true,"href":"https:\/\/projetopack.com.br\/en\/wp-json\/wp\/v2\/users\/2"}],"replies":[{"embeddable":true,"href":"https:\/\/projetopack.com.br\/en\/wp-json\/wp\/v2\/comments?post=28652"}],"version-history":[{"count":0,"href":"https:\/\/projetopack.com.br\/en\/wp-json\/wp\/v2\/posts\/28652\/revisions"}],"wp:featuredmedia":[{"embeddable":true,"href":"https:\/\/projetopack.com.br\/en\/wp-json\/wp\/v2\/media\/28653"}],"wp:attachment":[{"href":"https:\/\/projetopack.com.br\/en\/wp-json\/wp\/v2\/media?parent=28652"}],"wp:term":[{"taxonomy":"category","embeddable":true,"href":"https:\/\/projetopack.com.br\/en\/wp-json\/wp\/v2\/categories?post=28652"},{"taxonomy":"post_tag","embeddable":true,"href":"https:\/\/projetopack.com.br\/en\/wp-json\/wp\/v2\/tags?post=28652"}],"curies":[{"name":"wp","href":"https:\/\/api.w.org\/{rel}","templated":true}]}}