{"id":2932,"date":"2018-05-21T16:08:54","date_gmt":"2018-05-21T19:08:54","guid":{"rendered":"https:\/\/www.projetopack.com.br\/2020\/?p=2932"},"modified":"2021-09-10T16:29:47","modified_gmt":"2021-09-10T19:29:47","slug":"sig-e-recicleiros-lancam-edital-inedito-que-ajudara-municipios-brasileiros-desenvolverem-programas-de-coleta-seletiva","status":"publish","type":"post","link":"https:\/\/projetopack.com.br\/en\/sig-e-recicleiros-lancam-edital-inedito-que-ajudara-municipios-brasileiros-desenvolverem-programas-de-coleta-seletiva\/","title":{"rendered":"SIG e Recicleiros lan\u00e7am edital in\u00e9dito que ajudar\u00e1 munic\u00edpios brasileiros a desenvolverem programas de coleta seletiva"},"content":{"rendered":"<p><strong><em>S\u00e3o Paulo, Maio 2018<\/em><\/strong> Em uma iniciativa in\u00e9dita no Brasil, a SIG e a Recicleiros lan\u00e7aram no Dia Internacional da Reciclagem (17 de Maio), o primeiro edital p\u00fablico para que munic\u00edpios brasileiros, com at\u00e9 50 mil habitantes, se candidatem para receber apoio t\u00e9cnico para criar ou ampliar seus programas de coleta seletiva. Como explica Ricardo Rodriguez, Presidente Am\u00e9ricas da SIG e entusiasta do projeto, \u201cn\u00e3o se trata mais de trabalhar em uma agenda de prote\u00e7\u00e3o. Estamos dando um passo \u00e0 frente e convidando os munic\u00edpios brasileiros a trabalharem em uma agenda de constru\u00e7\u00e3o de pol\u00edticas p\u00fablicas que efetivamente tenham um impacto positivo na sociedade, na economia e no meio ambiente das regi\u00f5es em quest\u00e3o\u201d.<\/p>\n<p>Esta abordagem inovadora vem sendo trabalhada h\u00e1 alguns anos pela Recicleiros com o objetivo de alavancar, de maneira estruturada e sustent\u00e1vel, as pr\u00e1ticas de coleta seletiva e log\u00edstica reversa de embalagens em todo o Brasil e chamou a aten\u00e7\u00e3o da SIG pelo alinhamento com a sua estrat\u00e9gia de sustentabilidade &#8211; Way Beyond Good (<a href=\"http:\/\/www.sig.biz\/responsability\/way-beyond-good\">www.sig.biz\/responsability\/way-beyond-good<\/a>), que refor\u00e7a o seu compromisso em ser uma empresa de impacto positivo, ou seja, devolver para a sociedade e para a natureza mais do que recebe. \u201cA efetiva\u00e7\u00e3o da coleta seletiva em munic\u00edpios de pequeno porte \u00e9 uma \u00f3tima alternativa para gerar oportunidades de trabalho e renda ao mesmo tempo em que se gera um impacto ambiental positivo e se sensibiliza a popula\u00e7\u00e3o local. Para n\u00f3s isso \u00e9 sustentabilidade na veia\u201d, comenta Erich Burger, um dos diretores da Recicleiros. \u201cQualificar os programas municipais de coleta seletiva \u00e9 o passo fundamental para atrair investimentos e viabilizar sua implementa\u00e7\u00e3o em alto n\u00edvel\u201d, complementa Rafael Henrique, outro diretor da organiza\u00e7\u00e3o.<\/p>\n<p>Este edital vai de encontro a um posicionamento que vem sendo adotado pelo Minist\u00e9rio do Meio Ambiente acerca da necessidade de sinergia entre as a\u00e7\u00f5es da iniciativa privada em log\u00edstica reversa e munic\u00edpios em coleta seletiva, uma a\u00e7\u00e3o que pode trazer benef\u00edcios para ambos os lados.<\/p>\n<p>Atualmente os sistemas de coleta seletiva das cidades brasileiras, principalmente das pequenas, enfrentam dificuldades t\u00e9cnicas e econ\u00f4micas que muitas vezes inviabilizam sua opera\u00e7\u00e3o. O alto n\u00edvel de materiais n\u00e3o recicl\u00e1veis, os chamados \u201crejeitos\u201d, que chegam \u00e0s centrais de triagem impactam diretamente na produtividade e na viabilidade dessas organiza\u00e7\u00f5es. Orienta\u00e7\u00e3o do p\u00fablico, associada \u00e0 regulamenta\u00e7\u00e3o, estruturas e processos adequados, s\u00e3o fundamentais e formam a base metodol\u00f3gica desse trabalho que ser\u00e1 realizado com os munic\u00edpios.<\/p>\n<p>\u201cTemos comprovado com as nossas experi\u00eancias que existem gestores e servidores p\u00fablicos altamente comprometidos com as quest\u00f5es de sustentabilidade e qualidade de vida e que esse incentivo pode ser a chave para a mudan\u00e7a nesses territ\u00f3rios\u201d, comenta Isabela De Marchi, coordenadora de sustentabilidade da SIG.<\/p>\n<p>Alguns importantes princ\u00edpios estabelecidos pela PNRS (Pol\u00edtica Nacional de Res\u00edduos S\u00f3lidos \u2013 Lei 12.305\/10), como os da &#8220;responsabilidade compartilhada&#8221; entre governo, popula\u00e7\u00e3o e empresas, e da \u201clog\u00edstica reversa de embalagens\u201d que obriga o setor empresarial a investir no retorno de parte de suas embalagens para a cadeia produtiva, prop\u00f5em um cen\u00e1rio prop\u00edcio para a cria\u00e7\u00e3o de modelos inovadores com participa\u00e7\u00e3o dos munic\u00edpios e da iniciativa privada, gerando benef\u00edcios m\u00faltiplos e difusos. A intelig\u00eancia que a SIG e a Recicleiros oferecer\u00e3o aos munic\u00edpios visa criar tamb\u00e9m essas zonas de converg\u00eancia, tendo em vista a melhor rela\u00e7\u00e3o custo-benef\u00edcio.<\/p>\n<p>O edital p\u00fablico da SIG e da Recicleiros para os munic\u00edpios est\u00e1 dispon\u00edvel no site <a href=\"http:\/\/cidademais.recicleiros.org.br\/\">http:\/\/cidademais.recicleiros.org.br\/<\/a>. Nesta primeira fase ser\u00e3o selecionadas tr\u00eas cidades. A SIG e a Recicleiros j\u00e1 trabalham em projetos semelhantes nos munic\u00edpios de Bom Jesus dos Perd\u00f5es (SP), Xanxer\u00ea (SC) e Jijoca de Jericoacoara (CE).<\/p>\n<p><strong><em>Fontes: <\/em><\/strong><\/p>\n<p>Ricardo Rodriguez \u2013 Presidente Am\u00e9ricas da SIG<br \/>\nIsabela De Marchi &#8211; Respons\u00e1vel pela \u00e1rea de Sustentabilidade da SIG no Brasil<br \/>\nErich Burger Netto \u2013 Diretor da Recicleiros<br \/>\nRafael Henrique Rodrigues \u2013 Diretor da Recicleiros<br \/>\nMinist\u00e9rio do Meio Ambiente<br \/>\nCetesb<\/p>","protected":false},"excerpt":{"rendered":"<p>Os projetos resultar\u00e3o em sistemas municipais de coleta seletiva e reciclagem eficientes [&#8230;]<\/p>\n","protected":false},"author":18,"featured_media":0,"comment_status":"closed","ping_status":"closed","sticky":false,"template":"","format":"standard","meta":{"footnotes":""},"categories":[877],"tags":[],"class_list":["post-2932","post","type-post","status-publish","format-standard","hentry","category-arquivo"],"yoast_head":"<!-- This site is optimized with the Yoast SEO Premium plugin v27.1 (Yoast SEO v27.1.1) - https:\/\/yoast.com\/product\/yoast-seo-premium-wordpress\/ -->\n<title>SIG e Recicleiros lan\u00e7am edital in\u00e9dito que ajudar\u00e1 munic\u00edpios brasileiros a desenvolverem programas de coleta seletiva - ProjetoPack<\/title>\n<meta name=\"description\" content=\"Confira o melhor conte\u00fado sobre tecnologia, design e gest\u00e3o de embalagens flex\u00edveis, r\u00f3tulos e impress\u00e3o.\" \/>\n<meta name=\"robots\" content=\"index, follow, max-snippet:-1, max-image-preview:large, max-video-preview:-1\" \/>\n<link rel=\"canonical\" href=\"https:\/\/projetopack.com.br\/en\/sig-e-recicleiros-lancam-edital-inedito-que-ajudara-municipios-brasileiros-desenvolverem-programas-de-coleta-seletiva\/\" \/>\n<meta property=\"og:locale\" content=\"en_US\" \/>\n<meta property=\"og:type\" content=\"article\" \/>\n<meta property=\"og:title\" content=\"SIG e Recicleiros lan\u00e7am edital in\u00e9dito que ajudar\u00e1 munic\u00edpios brasileiros a desenvolverem programas de coleta seletiva\" \/>\n<meta property=\"og:description\" content=\"Confira o melhor conte\u00fado sobre tecnologia, design e gest\u00e3o de embalagens flex\u00edveis, r\u00f3tulos e impress\u00e3o.\" \/>\n<meta property=\"og:url\" content=\"https:\/\/projetopack.com.br\/en\/sig-e-recicleiros-lancam-edital-inedito-que-ajudara-municipios-brasileiros-desenvolverem-programas-de-coleta-seletiva\/\" \/>\n<meta property=\"og:site_name\" content=\"ProjetoPack\" \/>\n<meta property=\"article:published_time\" content=\"2018-05-21T19:08:54+00:00\" \/>\n<meta property=\"article:modified_time\" content=\"2021-09-10T19:29:47+00:00\" \/>\n<meta property=\"og:image\" content=\"https:\/\/projetopack.com.br\/wp-content\/uploads\/2020\/06\/Capa-1200x630-1.png\" \/>\n\t<meta property=\"og:image:width\" content=\"1200\" \/>\n\t<meta property=\"og:image:height\" content=\"630\" \/>\n\t<meta property=\"og:image:type\" content=\"image\/png\" \/>\n<meta name=\"author\" content=\"Andrea\" \/>\n<meta name=\"twitter:card\" content=\"summary_large_image\" \/>\n<meta name=\"twitter:creator\" content=\"@ProjetoPack\" \/>\n<meta name=\"twitter:site\" content=\"@ProjetoPack\" \/>\n<meta name=\"twitter:label1\" content=\"Written by\" \/>\n\t<meta name=\"twitter:data1\" content=\"Andrea\" \/>\n\t<meta name=\"twitter:label2\" content=\"Est. reading time\" \/>\n\t<meta name=\"twitter:data2\" content=\"3 minutes\" \/>\n<script type=\"application\/ld+json\" class=\"yoast-schema-graph\">{\"@context\":\"https:\/\/schema.org\",\"@graph\":[{\"@type\":\"Article\",\"@id\":\"https:\/\/projetopack.com.br\/en\/sig-e-recicleiros-lancam-edital-inedito-que-ajudara-municipios-brasileiros-desenvolverem-programas-de-coleta-seletiva\/#article\",\"isPartOf\":{\"@id\":\"https:\/\/projetopack.com.br\/en\/sig-e-recicleiros-lancam-edital-inedito-que-ajudara-municipios-brasileiros-desenvolverem-programas-de-coleta-seletiva\/\"},\"author\":{\"name\":\"Andrea\",\"@id\":\"https:\/\/projetopack.com.br\/#\/schema\/person\/d17c72a4bc2b7e461496dd8a14d4cef1\"},\"headline\":\"SIG e Recicleiros lan\u00e7am edital in\u00e9dito que ajudar\u00e1 munic\u00edpios brasileiros a desenvolverem programas de coleta seletiva\",\"datePublished\":\"2018-05-21T19:08:54+00:00\",\"dateModified\":\"2021-09-10T19:29:47+00:00\",\"mainEntityOfPage\":{\"@id\":\"https:\/\/projetopack.com.br\/en\/sig-e-recicleiros-lancam-edital-inedito-que-ajudara-municipios-brasileiros-desenvolverem-programas-de-coleta-seletiva\/\"},\"wordCount\":720,\"publisher\":{\"@id\":\"https:\/\/projetopack.com.br\/#organization\"},\"articleSection\":[\"Arquivo\"],\"inLanguage\":\"en-US\"},{\"@type\":\"WebPage\",\"@id\":\"https:\/\/projetopack.com.br\/en\/sig-e-recicleiros-lancam-edital-inedito-que-ajudara-municipios-brasileiros-desenvolverem-programas-de-coleta-seletiva\/\",\"url\":\"https:\/\/projetopack.com.br\/en\/sig-e-recicleiros-lancam-edital-inedito-que-ajudara-municipios-brasileiros-desenvolverem-programas-de-coleta-seletiva\/\",\"name\":\"SIG e Recicleiros lan\u00e7am edital in\u00e9dito que ajudar\u00e1 munic\u00edpios brasileiros a desenvolverem programas de coleta seletiva - ProjetoPack\",\"isPartOf\":{\"@id\":\"https:\/\/projetopack.com.br\/#website\"},\"datePublished\":\"2018-05-21T19:08:54+00:00\",\"dateModified\":\"2021-09-10T19:29:47+00:00\",\"description\":\"Confira o melhor conte\u00fado sobre tecnologia, design e gest\u00e3o de embalagens flex\u00edveis, r\u00f3tulos e impress\u00e3o.\",\"breadcrumb\":{\"@id\":\"https:\/\/projetopack.com.br\/en\/sig-e-recicleiros-lancam-edital-inedito-que-ajudara-municipios-brasileiros-desenvolverem-programas-de-coleta-seletiva\/#breadcrumb\"},\"inLanguage\":\"en-US\",\"potentialAction\":[{\"@type\":\"ReadAction\",\"target\":[\"https:\/\/projetopack.com.br\/en\/sig-e-recicleiros-lancam-edital-inedito-que-ajudara-municipios-brasileiros-desenvolverem-programas-de-coleta-seletiva\/\"]}]},{\"@type\":\"BreadcrumbList\",\"@id\":\"https:\/\/projetopack.com.br\/en\/sig-e-recicleiros-lancam-edital-inedito-que-ajudara-municipios-brasileiros-desenvolverem-programas-de-coleta-seletiva\/#breadcrumb\",\"itemListElement\":[{\"@type\":\"ListItem\",\"position\":1,\"name\":\"P\u00e1gina Inicial\",\"item\":\"https:\/\/projetopack.com.br\/\"},{\"@type\":\"ListItem\",\"position\":2,\"name\":\"Arquivo\",\"item\":\"https:\/\/projetopack.com.br\/en\/category\/arquivo\/\"},{\"@type\":\"ListItem\",\"position\":3,\"name\":\"SIG e Recicleiros lan\u00e7am edital in\u00e9dito que ajudar\u00e1 munic\u00edpios brasileiros a desenvolverem programas de coleta seletiva\"}]},{\"@type\":\"WebSite\",\"@id\":\"https:\/\/projetopack.com.br\/#website\",\"url\":\"https:\/\/projetopack.com.br\/\",\"name\":\"ProjetoPack\",\"description\":\"Consultoria e servi\u00e7os para embalagens, r\u00f3tulos, etiquetas e processos de impress\u00e3o\",\"publisher\":{\"@id\":\"https:\/\/projetopack.com.br\/#organization\"},\"potentialAction\":[{\"@type\":\"SearchAction\",\"target\":{\"@type\":\"EntryPoint\",\"urlTemplate\":\"https:\/\/projetopack.com.br\/?s={search_term_string}\"},\"query-input\":{\"@type\":\"PropertyValueSpecification\",\"valueRequired\":true,\"valueName\":\"search_term_string\"}}],\"inLanguage\":\"en-US\"},{\"@type\":\"Organization\",\"@id\":\"https:\/\/projetopack.com.br\/#organization\",\"name\":\"ProjetoPack & Associados\",\"url\":\"https:\/\/projetopack.com.br\/\",\"logo\":{\"@type\":\"ImageObject\",\"inLanguage\":\"en-US\",\"@id\":\"https:\/\/projetopack.com.br\/#\/schema\/logo\/image\/\",\"url\":\"https:\/\/projetopack.com.br\/wp-content\/uploads\/2020\/09\/projetopack.png\",\"contentUrl\":\"https:\/\/projetopack.com.br\/wp-content\/uploads\/2020\/09\/projetopack.png\",\"width\":200,\"height\":200,\"caption\":\"ProjetoPack & Associados\"},\"image\":{\"@id\":\"https:\/\/projetopack.com.br\/#\/schema\/logo\/image\/\"},\"sameAs\":[\"https:\/\/x.com\/ProjetoPack\",\"https:\/\/www.linkedin.com\/company\/projetopack\/\"]},{\"@type\":\"Person\",\"@id\":\"https:\/\/projetopack.com.br\/#\/schema\/person\/d17c72a4bc2b7e461496dd8a14d4cef1\",\"name\":\"Andrea\",\"image\":{\"@type\":\"ImageObject\",\"inLanguage\":\"en-US\",\"@id\":\"https:\/\/projetopack.com.br\/#\/schema\/person\/image\/\",\"url\":\"https:\/\/projetopack.com.br\/wp-content\/uploads\/2026\/03\/eu-150x150.jpg\",\"contentUrl\":\"https:\/\/projetopack.com.br\/wp-content\/uploads\/2026\/03\/eu-150x150.jpg\",\"caption\":\"Andrea\"},\"url\":\"https:\/\/projetopack.com.br\/en\/author\/andrea\/\"}]}<\/script>\n<!-- \/ Yoast SEO Premium plugin. -->","yoast_head_json":{"title":"SIG e Recicleiros lan\u00e7am edital in\u00e9dito que ajudar\u00e1 munic\u00edpios brasileiros a desenvolverem programas de coleta seletiva - ProjetoPack","description":"Confira o melhor conte\u00fado sobre tecnologia, design e gest\u00e3o de embalagens flex\u00edveis, r\u00f3tulos e impress\u00e3o.","robots":{"index":"index","follow":"follow","max-snippet":"max-snippet:-1","max-image-preview":"max-image-preview:large","max-video-preview":"max-video-preview:-1"},"canonical":"https:\/\/projetopack.com.br\/en\/sig-e-recicleiros-lancam-edital-inedito-que-ajudara-municipios-brasileiros-desenvolverem-programas-de-coleta-seletiva\/","og_locale":"en_US","og_type":"article","og_title":"SIG e Recicleiros lan\u00e7am edital in\u00e9dito que ajudar\u00e1 munic\u00edpios brasileiros a desenvolverem programas de coleta seletiva","og_description":"Confira o melhor conte\u00fado sobre tecnologia, design e gest\u00e3o de embalagens flex\u00edveis, r\u00f3tulos e impress\u00e3o.","og_url":"https:\/\/projetopack.com.br\/en\/sig-e-recicleiros-lancam-edital-inedito-que-ajudara-municipios-brasileiros-desenvolverem-programas-de-coleta-seletiva\/","og_site_name":"ProjetoPack","article_published_time":"2018-05-21T19:08:54+00:00","article_modified_time":"2021-09-10T19:29:47+00:00","og_image":[{"width":1200,"height":630,"url":"https:\/\/projetopack.com.br\/wp-content\/uploads\/2020\/06\/Capa-1200x630-1.png","type":"image\/png"}],"author":"Andrea","twitter_card":"summary_large_image","twitter_creator":"@ProjetoPack","twitter_site":"@ProjetoPack","twitter_misc":{"Written by":"Andrea","Est. reading time":"3 minutes"},"schema":{"@context":"https:\/\/schema.org","@graph":[{"@type":"Article","@id":"https:\/\/projetopack.com.br\/en\/sig-e-recicleiros-lancam-edital-inedito-que-ajudara-municipios-brasileiros-desenvolverem-programas-de-coleta-seletiva\/#article","isPartOf":{"@id":"https:\/\/projetopack.com.br\/en\/sig-e-recicleiros-lancam-edital-inedito-que-ajudara-municipios-brasileiros-desenvolverem-programas-de-coleta-seletiva\/"},"author":{"name":"Andrea","@id":"https:\/\/projetopack.com.br\/#\/schema\/person\/d17c72a4bc2b7e461496dd8a14d4cef1"},"headline":"SIG e Recicleiros lan\u00e7am edital in\u00e9dito que ajudar\u00e1 munic\u00edpios brasileiros a desenvolverem programas de coleta seletiva","datePublished":"2018-05-21T19:08:54+00:00","dateModified":"2021-09-10T19:29:47+00:00","mainEntityOfPage":{"@id":"https:\/\/projetopack.com.br\/en\/sig-e-recicleiros-lancam-edital-inedito-que-ajudara-municipios-brasileiros-desenvolverem-programas-de-coleta-seletiva\/"},"wordCount":720,"publisher":{"@id":"https:\/\/projetopack.com.br\/#organization"},"articleSection":["Arquivo"],"inLanguage":"en-US"},{"@type":"WebPage","@id":"https:\/\/projetopack.com.br\/en\/sig-e-recicleiros-lancam-edital-inedito-que-ajudara-municipios-brasileiros-desenvolverem-programas-de-coleta-seletiva\/","url":"https:\/\/projetopack.com.br\/en\/sig-e-recicleiros-lancam-edital-inedito-que-ajudara-municipios-brasileiros-desenvolverem-programas-de-coleta-seletiva\/","name":"SIG e Recicleiros lan\u00e7am edital in\u00e9dito que ajudar\u00e1 munic\u00edpios brasileiros a desenvolverem programas de coleta seletiva - ProjetoPack","isPartOf":{"@id":"https:\/\/projetopack.com.br\/#website"},"datePublished":"2018-05-21T19:08:54+00:00","dateModified":"2021-09-10T19:29:47+00:00","description":"Confira o melhor conte\u00fado sobre tecnologia, design e gest\u00e3o de embalagens flex\u00edveis, r\u00f3tulos e impress\u00e3o.","breadcrumb":{"@id":"https:\/\/projetopack.com.br\/en\/sig-e-recicleiros-lancam-edital-inedito-que-ajudara-municipios-brasileiros-desenvolverem-programas-de-coleta-seletiva\/#breadcrumb"},"inLanguage":"en-US","potentialAction":[{"@type":"ReadAction","target":["https:\/\/projetopack.com.br\/en\/sig-e-recicleiros-lancam-edital-inedito-que-ajudara-municipios-brasileiros-desenvolverem-programas-de-coleta-seletiva\/"]}]},{"@type":"BreadcrumbList","@id":"https:\/\/projetopack.com.br\/en\/sig-e-recicleiros-lancam-edital-inedito-que-ajudara-municipios-brasileiros-desenvolverem-programas-de-coleta-seletiva\/#breadcrumb","itemListElement":[{"@type":"ListItem","position":1,"name":"P\u00e1gina Inicial","item":"https:\/\/projetopack.com.br\/"},{"@type":"ListItem","position":2,"name":"Arquivo","item":"https:\/\/projetopack.com.br\/en\/category\/arquivo\/"},{"@type":"ListItem","position":3,"name":"SIG e Recicleiros lan\u00e7am edital in\u00e9dito que ajudar\u00e1 munic\u00edpios brasileiros a desenvolverem programas de coleta seletiva"}]},{"@type":"WebSite","@id":"https:\/\/projetopack.com.br\/#website","url":"https:\/\/projetopack.com.br\/","name":"ProjetoPack","description":"Consultoria e servi\u00e7os para embalagens, r\u00f3tulos, etiquetas e processos de impress\u00e3o","publisher":{"@id":"https:\/\/projetopack.com.br\/#organization"},"potentialAction":[{"@type":"SearchAction","target":{"@type":"EntryPoint","urlTemplate":"https:\/\/projetopack.com.br\/?s={search_term_string}"},"query-input":{"@type":"PropertyValueSpecification","valueRequired":true,"valueName":"search_term_string"}}],"inLanguage":"en-US"},{"@type":"Organization","@id":"https:\/\/projetopack.com.br\/#organization","name":"ProjetoPack & Associados","url":"https:\/\/projetopack.com.br\/","logo":{"@type":"ImageObject","inLanguage":"en-US","@id":"https:\/\/projetopack.com.br\/#\/schema\/logo\/image\/","url":"https:\/\/projetopack.com.br\/wp-content\/uploads\/2020\/09\/projetopack.png","contentUrl":"https:\/\/projetopack.com.br\/wp-content\/uploads\/2020\/09\/projetopack.png","width":200,"height":200,"caption":"ProjetoPack & Associados"},"image":{"@id":"https:\/\/projetopack.com.br\/#\/schema\/logo\/image\/"},"sameAs":["https:\/\/x.com\/ProjetoPack","https:\/\/www.linkedin.com\/company\/projetopack\/"]},{"@type":"Person","@id":"https:\/\/projetopack.com.br\/#\/schema\/person\/d17c72a4bc2b7e461496dd8a14d4cef1","name":"Andrea","image":{"@type":"ImageObject","inLanguage":"en-US","@id":"https:\/\/projetopack.com.br\/#\/schema\/person\/image\/","url":"https:\/\/projetopack.com.br\/wp-content\/uploads\/2026\/03\/eu-150x150.jpg","contentUrl":"https:\/\/projetopack.com.br\/wp-content\/uploads\/2026\/03\/eu-150x150.jpg","caption":"Andrea"},"url":"https:\/\/projetopack.com.br\/en\/author\/andrea\/"}]}},"_links":{"self":[{"href":"https:\/\/projetopack.com.br\/en\/wp-json\/wp\/v2\/posts\/2932","targetHints":{"allow":["GET"]}}],"collection":[{"href":"https:\/\/projetopack.com.br\/en\/wp-json\/wp\/v2\/posts"}],"about":[{"href":"https:\/\/projetopack.com.br\/en\/wp-json\/wp\/v2\/types\/post"}],"author":[{"embeddable":true,"href":"https:\/\/projetopack.com.br\/en\/wp-json\/wp\/v2\/users\/18"}],"replies":[{"embeddable":true,"href":"https:\/\/projetopack.com.br\/en\/wp-json\/wp\/v2\/comments?post=2932"}],"version-history":[{"count":0,"href":"https:\/\/projetopack.com.br\/en\/wp-json\/wp\/v2\/posts\/2932\/revisions"}],"wp:attachment":[{"href":"https:\/\/projetopack.com.br\/en\/wp-json\/wp\/v2\/media?parent=2932"}],"wp:term":[{"taxonomy":"category","embeddable":true,"href":"https:\/\/projetopack.com.br\/en\/wp-json\/wp\/v2\/categories?post=2932"},{"taxonomy":"post_tag","embeddable":true,"href":"https:\/\/projetopack.com.br\/en\/wp-json\/wp\/v2\/tags?post=2932"}],"curies":[{"name":"wp","href":"https:\/\/api.w.org\/{rel}","templated":true}]}}