{"id":2937,"date":"2018-05-30T11:29:28","date_gmt":"2018-05-30T14:29:28","guid":{"rendered":"https:\/\/www.projetopack.com.br\/2020\/?p=2937"},"modified":"2021-09-10T16:31:45","modified_gmt":"2021-09-10T19:31:45","slug":"efi-transfere-o-centro-de-jato-de-tinta-dos-eua-para-nova-fabrica-de-ultima-geracao","status":"publish","type":"post","link":"https:\/\/projetopack.com.br\/en\/efi-transfere-o-centro-de-jato-de-tinta-dos-eua-para-nova-fabrica-de-ultima-geracao\/","title":{"rendered":"EFI transfere o Centro de Jato de Tinta dos EUA para a nova f\u00e1brica de \u00faltima gera\u00e7\u00e3o"},"content":{"rendered":"<p class=\"p4\">No dia 8 de maio, a <a href=\"http:\/\/www.efi.com\/\">Eletronics For Imaging<\/a>, Inc. (Nasdaq:EFII) realizou uma cerim\u00f4nia de inaugura\u00e7\u00e3o para comemorar sua mudan\u00e7a \u00e0 nova sede de neg\u00f3cios de jato de tinta. A f\u00e1brica com mais de 20 mil metros quadrados, acomoda as opera\u00e7\u00f5es atuais de jato de tinta da EFI, com espa\u00e7o para fabrica\u00e7\u00e3o de aproximadamente 500 impressoras EFI VUTEk por ano, em uma \u00e1rea que pode expandir.<\/p>\n<p class=\"p4\">A sede fica em Londonderry, New Hampshire, na regi\u00e3o metropolitana de Boston. Essa proximidade \u00e0 cidade oferece \u00e0 empresa maior acesso a t\u00e9cnicos altamente qualificados em sua equipe. Boston conta com muitas universidades de renome que ajudam a transformar a regi\u00e3o metropolitana em um centro de pesquisa e especializa\u00e7\u00e3o em tecnologia.<\/p>\n<p class=\"p4\">A nova f\u00e1brica da EFI tamb\u00e9m fica pr\u00f3xima ao Aeroporto Regional de Manchester-Boston, a menos de 2 km de dist\u00e2ncia e substitui a antiga unidade de jato de tinta da empresa, em Meredith, New Hampshire, 100 km ao norte de Londonderry.<\/p>\n<p class=\"p4\">O centro de informa\u00e7\u00f5es e demonstra\u00e7\u00f5es para clientes abriga as impressoras EFI jato de tinta de produ\u00e7\u00e3o para sinaliza\u00e7\u00f5es e materiais gr\u00e1ficos, t\u00eaxteis entre outros, assim como o EFI Productivity Software e os produtos relacionados ao fluxo de trabalho com o front-end digital Fiery da EFI.<\/p>\n<p class=\"p4\">As opera\u00e7\u00f5es de jato de tinta da EFI, em New Hampshire, tiveram in\u00edcio com a antiga VUTEk, Inc., uma empresa fundada pelos engenheiros Art Cleary e Peter Duffield em 1988. As inova\u00e7\u00f5es originais da VUTEk na ind\u00fastria inclu\u00edram sistemas de jato de tinta para impress\u00e3o em vinil. Seu desempenho de sucesso garantiu impressoras para grandes e supergrandes formatos, com cinco metros de largura e alta excel\u00eancia em impress\u00f5es digitais.<\/p>\n<p class=\"p4\">Em 2005, a EFI comprou a organiza\u00e7\u00e3o VUTEk, sediada em Meredith, uma aquisi\u00e7\u00e3o que alterou o panorama da&nbsp; empresa tornando-a n\u00e3o s\u00f3 uma desenvolvedora de software e servidores para impressoras, mas tamb\u00e9m uma fabricante e desenvolvedora de impressoras avan\u00e7adas jato de tinta.<\/p>\n<p class=\"p4\">Hoje, as opera\u00e7\u00f5es de jato de tinta globais da EFI s\u00e3o respons\u00e1veis por mais da metade dos lucros de aproximadamente US$ 1 bilh\u00e3o da empresa.<\/p>\n<p class=\"p4\">Durante o evento de inaugura\u00e7\u00e3o da nova f\u00e1brica, Matt Gardner, co-Gerente Geral da unidade comercial de jato de tinta da EFI, declarou: \u201cAs inova\u00e7\u00f5es desenvolvidas pelos quase 300 funcion\u00e1rios da EFI aqui nesta f\u00e1brica est\u00e3o ajudando a desenvolver o futuro da impress\u00e3o digital com novos mercados, novas aplica\u00e7\u00f5es e produtos de impress\u00e3o digital. Esta sede not\u00e1vel permitir\u00e1 que continuemos a ajudar nossos clientes em todo o mundo a crescer com tecnologias de ponta dispon\u00edveis e o apoio dos melhores funcion\u00e1rios da ind\u00fastria.\u201d<\/p>\n<p class=\"p4\"><b>Abrindo espa\u00e7o para o desenvolvimento em um mercado de impress\u00e3o jato de tinta em expans\u00e3o<\/b><\/p>\n<p class=\"p4\">A organiza\u00e7\u00e3o da f\u00e1brica foi baseada no conceito aberto que a empresa implementou com sucesso em sua sede global no Vale do Sil\u00edcio, na Calif\u00f3rnia. A f\u00e1brica tem uma \u00e1rea 25% maior e um layout muito mais eficiente do que as v\u00e1rias unidades usadas para abrigar as opera\u00e7\u00f5es de jato de tinta da EFI no momento, em Meredith. Al\u00e9m disso, a \u00e1rea de opera\u00e7\u00f5es tem espa\u00e7o para expandir de acordo com a demanda. A EFI assinou um contrato de aluguel do terreno de longo prazo com a Cidade de Manchester, N.H., pelo espa\u00e7o em Londonderry, al\u00e9m de um contrato de aluguel dos pr\u00e9dios com a BTMU Capital Leasing &amp; Finance LLC, uma subsidi\u00e1ria do MUFG, um dos maiores grupos financeiros do mundo.<\/p>\n<p class=\"p4\">O portf\u00f3lio completo de impressoras da EFI, que inclui tecnologias l\u00edderes de mercado de impress\u00e3o jato de tinta LED e UV para grandes e supergrandes formatos, al\u00e9m de produtos \u00e0 base de \u00e1gua para decora\u00e7\u00e3o de cer\u00e2mica e produtos t\u00eaxteis, oferece aos clientes oportunidades lucrativas com produ\u00e7\u00e3o criativa, fornecendo uma maior personaliza\u00e7\u00e3o dos produtos, desde sinaliza\u00e7\u00f5es e embalagens a decora\u00e7\u00f5es, roupas e produtos industriais. Para ver exemplos das in\u00fameras aplica\u00e7\u00f5es criativas com a tecnologia de impress\u00e3o EFI, acesse <a href=\"http:\/\/www.imagingofthings.com\/\"><span class=\"s1\">www.imagingofthings.com<\/span><\/a> ou <a href=\"http:\/\/www.efi.com\/\"><span class=\"s1\">www.efi.com<\/span><\/a>.<\/p>","protected":false},"excerpt":{"rendered":"<p>No dia 8 de maio, a Eletronics For Imaging, Inc. (Nasdaq:EFII) realizou uma cerim\u00f4nia de inaugura\u00e7\u00e3o para comemorar sua mudan\u00e7a \u00e0 nova sede de neg\u00f3cios de jato de tinta. A f\u00e1brica com mais de 20 mil metros quadrados, acomoda as opera\u00e7\u00f5es atuais de jato de tinta da EFI, com espa\u00e7o para fabrica\u00e7\u00e3o de aproximadamente 500 [&hellip;]<\/p>\n","protected":false},"author":18,"featured_media":0,"comment_status":"closed","ping_status":"closed","sticky":false,"template":"","format":"standard","meta":{"footnotes":""},"categories":[877],"tags":[],"class_list":["post-2937","post","type-post","status-publish","format-standard","hentry","category-arquivo"],"yoast_head":"<!-- This site is optimized with the Yoast SEO Premium plugin v27.1 (Yoast SEO v27.1.1) - https:\/\/yoast.com\/product\/yoast-seo-premium-wordpress\/ -->\n<title>EFI transfere o Centro de Jato de Tinta dos EUA para a nova f\u00e1brica de \u00faltima gera\u00e7\u00e3o - ProjetoPack<\/title>\n<meta name=\"description\" content=\"Confira o melhor conte\u00fado sobre tecnologia, design e gest\u00e3o de embalagens flex\u00edveis, r\u00f3tulos e impress\u00e3o.\" \/>\n<meta name=\"robots\" content=\"index, follow, max-snippet:-1, max-image-preview:large, max-video-preview:-1\" \/>\n<link rel=\"canonical\" href=\"https:\/\/projetopack.com.br\/en\/efi-transfere-o-centro-de-jato-de-tinta-dos-eua-para-nova-fabrica-de-ultima-geracao\/\" \/>\n<meta property=\"og:locale\" content=\"en_US\" \/>\n<meta property=\"og:type\" content=\"article\" \/>\n<meta property=\"og:title\" content=\"EFI transfere o Centro de Jato de Tinta dos EUA para a nova f\u00e1brica de \u00faltima gera\u00e7\u00e3o\" \/>\n<meta property=\"og:description\" content=\"Confira o melhor conte\u00fado sobre tecnologia, design e gest\u00e3o de embalagens flex\u00edveis, r\u00f3tulos e impress\u00e3o.\" \/>\n<meta property=\"og:url\" content=\"https:\/\/projetopack.com.br\/en\/efi-transfere-o-centro-de-jato-de-tinta-dos-eua-para-nova-fabrica-de-ultima-geracao\/\" \/>\n<meta property=\"og:site_name\" content=\"ProjetoPack\" \/>\n<meta property=\"article:published_time\" content=\"2018-05-30T14:29:28+00:00\" \/>\n<meta property=\"article:modified_time\" content=\"2021-09-10T19:31:45+00:00\" \/>\n<meta property=\"og:image\" content=\"https:\/\/projetopack.com.br\/wp-content\/uploads\/2020\/06\/Capa-1200x630-1.png\" \/>\n\t<meta property=\"og:image:width\" content=\"1200\" \/>\n\t<meta property=\"og:image:height\" content=\"630\" \/>\n\t<meta property=\"og:image:type\" content=\"image\/png\" \/>\n<meta name=\"author\" content=\"Andrea\" \/>\n<meta name=\"twitter:card\" content=\"summary_large_image\" \/>\n<meta name=\"twitter:creator\" content=\"@ProjetoPack\" \/>\n<meta name=\"twitter:site\" content=\"@ProjetoPack\" \/>\n<meta name=\"twitter:label1\" content=\"Written by\" \/>\n\t<meta name=\"twitter:data1\" content=\"Andrea\" \/>\n\t<meta name=\"twitter:label2\" content=\"Est. reading time\" \/>\n\t<meta name=\"twitter:data2\" content=\"3 minutes\" \/>\n<script type=\"application\/ld+json\" class=\"yoast-schema-graph\">{\"@context\":\"https:\/\/schema.org\",\"@graph\":[{\"@type\":\"Article\",\"@id\":\"https:\/\/projetopack.com.br\/en\/efi-transfere-o-centro-de-jato-de-tinta-dos-eua-para-nova-fabrica-de-ultima-geracao\/#article\",\"isPartOf\":{\"@id\":\"https:\/\/projetopack.com.br\/en\/efi-transfere-o-centro-de-jato-de-tinta-dos-eua-para-nova-fabrica-de-ultima-geracao\/\"},\"author\":{\"name\":\"Andrea\",\"@id\":\"https:\/\/projetopack.com.br\/#\/schema\/person\/d17c72a4bc2b7e461496dd8a14d4cef1\"},\"headline\":\"EFI transfere o Centro de Jato de Tinta dos EUA para a nova f\u00e1brica de \u00faltima gera\u00e7\u00e3o\",\"datePublished\":\"2018-05-30T14:29:28+00:00\",\"dateModified\":\"2021-09-10T19:31:45+00:00\",\"mainEntityOfPage\":{\"@id\":\"https:\/\/projetopack.com.br\/en\/efi-transfere-o-centro-de-jato-de-tinta-dos-eua-para-nova-fabrica-de-ultima-geracao\/\"},\"wordCount\":735,\"publisher\":{\"@id\":\"https:\/\/projetopack.com.br\/#organization\"},\"articleSection\":[\"Arquivo\"],\"inLanguage\":\"en-US\"},{\"@type\":\"WebPage\",\"@id\":\"https:\/\/projetopack.com.br\/en\/efi-transfere-o-centro-de-jato-de-tinta-dos-eua-para-nova-fabrica-de-ultima-geracao\/\",\"url\":\"https:\/\/projetopack.com.br\/en\/efi-transfere-o-centro-de-jato-de-tinta-dos-eua-para-nova-fabrica-de-ultima-geracao\/\",\"name\":\"EFI transfere o Centro de Jato de Tinta dos EUA para a nova f\u00e1brica de \u00faltima gera\u00e7\u00e3o - ProjetoPack\",\"isPartOf\":{\"@id\":\"https:\/\/projetopack.com.br\/#website\"},\"datePublished\":\"2018-05-30T14:29:28+00:00\",\"dateModified\":\"2021-09-10T19:31:45+00:00\",\"description\":\"Confira o melhor conte\u00fado sobre tecnologia, design e gest\u00e3o de embalagens flex\u00edveis, r\u00f3tulos e impress\u00e3o.\",\"breadcrumb\":{\"@id\":\"https:\/\/projetopack.com.br\/en\/efi-transfere-o-centro-de-jato-de-tinta-dos-eua-para-nova-fabrica-de-ultima-geracao\/#breadcrumb\"},\"inLanguage\":\"en-US\",\"potentialAction\":[{\"@type\":\"ReadAction\",\"target\":[\"https:\/\/projetopack.com.br\/en\/efi-transfere-o-centro-de-jato-de-tinta-dos-eua-para-nova-fabrica-de-ultima-geracao\/\"]}]},{\"@type\":\"BreadcrumbList\",\"@id\":\"https:\/\/projetopack.com.br\/en\/efi-transfere-o-centro-de-jato-de-tinta-dos-eua-para-nova-fabrica-de-ultima-geracao\/#breadcrumb\",\"itemListElement\":[{\"@type\":\"ListItem\",\"position\":1,\"name\":\"P\u00e1gina Inicial\",\"item\":\"https:\/\/projetopack.com.br\/\"},{\"@type\":\"ListItem\",\"position\":2,\"name\":\"Arquivo\",\"item\":\"https:\/\/projetopack.com.br\/en\/category\/arquivo\/\"},{\"@type\":\"ListItem\",\"position\":3,\"name\":\"EFI transfere o Centro de Jato de Tinta dos EUA para a nova f\u00e1brica de \u00faltima gera\u00e7\u00e3o\"}]},{\"@type\":\"WebSite\",\"@id\":\"https:\/\/projetopack.com.br\/#website\",\"url\":\"https:\/\/projetopack.com.br\/\",\"name\":\"ProjetoPack\",\"description\":\"Consultoria e servi\u00e7os para embalagens, r\u00f3tulos, etiquetas e processos de impress\u00e3o\",\"publisher\":{\"@id\":\"https:\/\/projetopack.com.br\/#organization\"},\"potentialAction\":[{\"@type\":\"SearchAction\",\"target\":{\"@type\":\"EntryPoint\",\"urlTemplate\":\"https:\/\/projetopack.com.br\/?s={search_term_string}\"},\"query-input\":{\"@type\":\"PropertyValueSpecification\",\"valueRequired\":true,\"valueName\":\"search_term_string\"}}],\"inLanguage\":\"en-US\"},{\"@type\":\"Organization\",\"@id\":\"https:\/\/projetopack.com.br\/#organization\",\"name\":\"ProjetoPack & Associados\",\"url\":\"https:\/\/projetopack.com.br\/\",\"logo\":{\"@type\":\"ImageObject\",\"inLanguage\":\"en-US\",\"@id\":\"https:\/\/projetopack.com.br\/#\/schema\/logo\/image\/\",\"url\":\"https:\/\/projetopack.com.br\/wp-content\/uploads\/2020\/09\/projetopack.png\",\"contentUrl\":\"https:\/\/projetopack.com.br\/wp-content\/uploads\/2020\/09\/projetopack.png\",\"width\":200,\"height\":200,\"caption\":\"ProjetoPack & Associados\"},\"image\":{\"@id\":\"https:\/\/projetopack.com.br\/#\/schema\/logo\/image\/\"},\"sameAs\":[\"https:\/\/x.com\/ProjetoPack\",\"https:\/\/www.linkedin.com\/company\/projetopack\/\"]},{\"@type\":\"Person\",\"@id\":\"https:\/\/projetopack.com.br\/#\/schema\/person\/d17c72a4bc2b7e461496dd8a14d4cef1\",\"name\":\"Andrea\",\"image\":{\"@type\":\"ImageObject\",\"inLanguage\":\"en-US\",\"@id\":\"https:\/\/projetopack.com.br\/#\/schema\/person\/image\/\",\"url\":\"https:\/\/projetopack.com.br\/wp-content\/uploads\/2026\/03\/eu-150x150.jpg\",\"contentUrl\":\"https:\/\/projetopack.com.br\/wp-content\/uploads\/2026\/03\/eu-150x150.jpg\",\"caption\":\"Andrea\"},\"url\":\"https:\/\/projetopack.com.br\/en\/author\/andrea\/\"}]}<\/script>\n<!-- \/ Yoast SEO Premium plugin. -->","yoast_head_json":{"title":"EFI transfere o Centro de Jato de Tinta dos EUA para a nova f\u00e1brica de \u00faltima gera\u00e7\u00e3o - ProjetoPack","description":"Confira o melhor conte\u00fado sobre tecnologia, design e gest\u00e3o de embalagens flex\u00edveis, r\u00f3tulos e impress\u00e3o.","robots":{"index":"index","follow":"follow","max-snippet":"max-snippet:-1","max-image-preview":"max-image-preview:large","max-video-preview":"max-video-preview:-1"},"canonical":"https:\/\/projetopack.com.br\/en\/efi-transfere-o-centro-de-jato-de-tinta-dos-eua-para-nova-fabrica-de-ultima-geracao\/","og_locale":"en_US","og_type":"article","og_title":"EFI transfere o Centro de Jato de Tinta dos EUA para a nova f\u00e1brica de \u00faltima gera\u00e7\u00e3o","og_description":"Confira o melhor conte\u00fado sobre tecnologia, design e gest\u00e3o de embalagens flex\u00edveis, r\u00f3tulos e impress\u00e3o.","og_url":"https:\/\/projetopack.com.br\/en\/efi-transfere-o-centro-de-jato-de-tinta-dos-eua-para-nova-fabrica-de-ultima-geracao\/","og_site_name":"ProjetoPack","article_published_time":"2018-05-30T14:29:28+00:00","article_modified_time":"2021-09-10T19:31:45+00:00","og_image":[{"width":1200,"height":630,"url":"https:\/\/projetopack.com.br\/wp-content\/uploads\/2020\/06\/Capa-1200x630-1.png","type":"image\/png"}],"author":"Andrea","twitter_card":"summary_large_image","twitter_creator":"@ProjetoPack","twitter_site":"@ProjetoPack","twitter_misc":{"Written by":"Andrea","Est. reading time":"3 minutes"},"schema":{"@context":"https:\/\/schema.org","@graph":[{"@type":"Article","@id":"https:\/\/projetopack.com.br\/en\/efi-transfere-o-centro-de-jato-de-tinta-dos-eua-para-nova-fabrica-de-ultima-geracao\/#article","isPartOf":{"@id":"https:\/\/projetopack.com.br\/en\/efi-transfere-o-centro-de-jato-de-tinta-dos-eua-para-nova-fabrica-de-ultima-geracao\/"},"author":{"name":"Andrea","@id":"https:\/\/projetopack.com.br\/#\/schema\/person\/d17c72a4bc2b7e461496dd8a14d4cef1"},"headline":"EFI transfere o Centro de Jato de Tinta dos EUA para a nova f\u00e1brica de \u00faltima gera\u00e7\u00e3o","datePublished":"2018-05-30T14:29:28+00:00","dateModified":"2021-09-10T19:31:45+00:00","mainEntityOfPage":{"@id":"https:\/\/projetopack.com.br\/en\/efi-transfere-o-centro-de-jato-de-tinta-dos-eua-para-nova-fabrica-de-ultima-geracao\/"},"wordCount":735,"publisher":{"@id":"https:\/\/projetopack.com.br\/#organization"},"articleSection":["Arquivo"],"inLanguage":"en-US"},{"@type":"WebPage","@id":"https:\/\/projetopack.com.br\/en\/efi-transfere-o-centro-de-jato-de-tinta-dos-eua-para-nova-fabrica-de-ultima-geracao\/","url":"https:\/\/projetopack.com.br\/en\/efi-transfere-o-centro-de-jato-de-tinta-dos-eua-para-nova-fabrica-de-ultima-geracao\/","name":"EFI transfere o Centro de Jato de Tinta dos EUA para a nova f\u00e1brica de \u00faltima gera\u00e7\u00e3o - ProjetoPack","isPartOf":{"@id":"https:\/\/projetopack.com.br\/#website"},"datePublished":"2018-05-30T14:29:28+00:00","dateModified":"2021-09-10T19:31:45+00:00","description":"Confira o melhor conte\u00fado sobre tecnologia, design e gest\u00e3o de embalagens flex\u00edveis, r\u00f3tulos e impress\u00e3o.","breadcrumb":{"@id":"https:\/\/projetopack.com.br\/en\/efi-transfere-o-centro-de-jato-de-tinta-dos-eua-para-nova-fabrica-de-ultima-geracao\/#breadcrumb"},"inLanguage":"en-US","potentialAction":[{"@type":"ReadAction","target":["https:\/\/projetopack.com.br\/en\/efi-transfere-o-centro-de-jato-de-tinta-dos-eua-para-nova-fabrica-de-ultima-geracao\/"]}]},{"@type":"BreadcrumbList","@id":"https:\/\/projetopack.com.br\/en\/efi-transfere-o-centro-de-jato-de-tinta-dos-eua-para-nova-fabrica-de-ultima-geracao\/#breadcrumb","itemListElement":[{"@type":"ListItem","position":1,"name":"P\u00e1gina Inicial","item":"https:\/\/projetopack.com.br\/"},{"@type":"ListItem","position":2,"name":"Arquivo","item":"https:\/\/projetopack.com.br\/en\/category\/arquivo\/"},{"@type":"ListItem","position":3,"name":"EFI transfere o Centro de Jato de Tinta dos EUA para a nova f\u00e1brica de \u00faltima gera\u00e7\u00e3o"}]},{"@type":"WebSite","@id":"https:\/\/projetopack.com.br\/#website","url":"https:\/\/projetopack.com.br\/","name":"ProjetoPack","description":"Consultoria e servi\u00e7os para embalagens, r\u00f3tulos, etiquetas e processos de impress\u00e3o","publisher":{"@id":"https:\/\/projetopack.com.br\/#organization"},"potentialAction":[{"@type":"SearchAction","target":{"@type":"EntryPoint","urlTemplate":"https:\/\/projetopack.com.br\/?s={search_term_string}"},"query-input":{"@type":"PropertyValueSpecification","valueRequired":true,"valueName":"search_term_string"}}],"inLanguage":"en-US"},{"@type":"Organization","@id":"https:\/\/projetopack.com.br\/#organization","name":"ProjetoPack & Associados","url":"https:\/\/projetopack.com.br\/","logo":{"@type":"ImageObject","inLanguage":"en-US","@id":"https:\/\/projetopack.com.br\/#\/schema\/logo\/image\/","url":"https:\/\/projetopack.com.br\/wp-content\/uploads\/2020\/09\/projetopack.png","contentUrl":"https:\/\/projetopack.com.br\/wp-content\/uploads\/2020\/09\/projetopack.png","width":200,"height":200,"caption":"ProjetoPack & Associados"},"image":{"@id":"https:\/\/projetopack.com.br\/#\/schema\/logo\/image\/"},"sameAs":["https:\/\/x.com\/ProjetoPack","https:\/\/www.linkedin.com\/company\/projetopack\/"]},{"@type":"Person","@id":"https:\/\/projetopack.com.br\/#\/schema\/person\/d17c72a4bc2b7e461496dd8a14d4cef1","name":"Andrea","image":{"@type":"ImageObject","inLanguage":"en-US","@id":"https:\/\/projetopack.com.br\/#\/schema\/person\/image\/","url":"https:\/\/projetopack.com.br\/wp-content\/uploads\/2026\/03\/eu-150x150.jpg","contentUrl":"https:\/\/projetopack.com.br\/wp-content\/uploads\/2026\/03\/eu-150x150.jpg","caption":"Andrea"},"url":"https:\/\/projetopack.com.br\/en\/author\/andrea\/"}]}},"_links":{"self":[{"href":"https:\/\/projetopack.com.br\/en\/wp-json\/wp\/v2\/posts\/2937","targetHints":{"allow":["GET"]}}],"collection":[{"href":"https:\/\/projetopack.com.br\/en\/wp-json\/wp\/v2\/posts"}],"about":[{"href":"https:\/\/projetopack.com.br\/en\/wp-json\/wp\/v2\/types\/post"}],"author":[{"embeddable":true,"href":"https:\/\/projetopack.com.br\/en\/wp-json\/wp\/v2\/users\/18"}],"replies":[{"embeddable":true,"href":"https:\/\/projetopack.com.br\/en\/wp-json\/wp\/v2\/comments?post=2937"}],"version-history":[{"count":0,"href":"https:\/\/projetopack.com.br\/en\/wp-json\/wp\/v2\/posts\/2937\/revisions"}],"wp:attachment":[{"href":"https:\/\/projetopack.com.br\/en\/wp-json\/wp\/v2\/media?parent=2937"}],"wp:term":[{"taxonomy":"category","embeddable":true,"href":"https:\/\/projetopack.com.br\/en\/wp-json\/wp\/v2\/categories?post=2937"},{"taxonomy":"post_tag","embeddable":true,"href":"https:\/\/projetopack.com.br\/en\/wp-json\/wp\/v2\/tags?post=2937"}],"curies":[{"name":"wp","href":"https:\/\/api.w.org\/{rel}","templated":true}]}}