{"id":3086,"date":"2018-06-25T17:01:00","date_gmt":"2018-06-25T20:01:00","guid":{"rendered":"https:\/\/www.projetopack.com.br\/2020\/?p=3086"},"modified":"2021-09-10T16:59:58","modified_gmt":"2021-09-10T19:59:58","slug":"esko-avt-x-rite-e-pantone-se-reunem-e-criam-o-right-first-time-certo-da-primeira-vez-para-cadeia-de-valor-de-embalagem","status":"publish","type":"post","link":"https:\/\/projetopack.com.br\/en\/esko-avt-x-rite-e-pantone-se-reunem-e-criam-o-right-first-time-certo-da-primeira-vez-para-cadeia-de-valor-de-embalagem\/","title":{"rendered":"Esko, AVT, X-Rite e Pantone se re\u00fanem e criam o \u2018Right First Time\u2019 (\u2018Certo da Primeira Vez\u2019) para a cadeia de valor de embalagem"},"content":{"rendered":"<p>A Esko (<a href=\"https:\/\/urldefense.proofpoint.com\/v2\/url?u=http-3A__anws.co_bvKLt_-257be658c1c6-2D681f-2D4d48-2D979f-2D627c14e43135-257d&amp;d=DwMFaQ&amp;c=9mghv0deYPYDGP-W745IEdQLV1kHpn4XJRvR6xMRXtA&amp;r=-c9ZAyuMd8N8zDjY1PldyG_0X2otJMPFoVFPcwa4cpA&amp;m=WvyKta7MxDNll4BPDOxbkD219hqjnF7-6A-mH_LDfeA&amp;s=9ttbsTM82VqbPMyTMfQsbzKQgqMtft8bTmsz2poJCbw&amp;e=\">www.esko.com<\/a>), que oferece inova\u00e7\u00e3o em <em>hardware<\/em> e <em>software<\/em> para <em>design<\/em>, desenvolvimento e produ\u00e7\u00e3o de embalagem, uniu for\u00e7as com outras empresas do grupo Danaher (NYSE: DHR) &#8211; AVT, X-Rite e Pantone \u2013 para integrar suas solu\u00e7\u00f5es de automa\u00e7\u00e3o e colabora\u00e7\u00e3o com a tecnologia de cor da X-Rite e Pantone e com as solu\u00e7\u00f5es de inspe\u00e7\u00e3o por c\u00e2mera da AVT.<\/p>\n<p>Esta integra\u00e7\u00e3o, que digitaliza e conecta as mais avan\u00e7adas tecnologias da Esko, AVT, X-Rite e Pantone, foi demonstrada durante o EskoWorld, evento anual da Esko que aconteceu em San Antonio, Texas (5-7 Junho). A solu\u00e7\u00e3o foi desenhada para manter o fluxo de informa\u00e7\u00f5es entre os sistemas conectados, atendendo \u00e0s demandas do mercado cada vez mais \u00e1gil e entregando o conceito de \u2018Right First Time\u2019 (\u2018Certo da Primeira Vez\u2019) para produ\u00e7\u00f5es de pequenos lotes com redu\u00e7\u00e3o de custos e de desperd\u00edcios.<\/p>\n<p><strong>Sistema automatizado de inspe\u00e7\u00e3o de impress\u00e3o garante ganho de tempo, entre 30 e 60 minutos, por impress\u00e3o<\/strong><\/p>\n<p>Atualmente o <em>setup<\/em> da inspe\u00e7\u00e3o da impress\u00e3o e do processo depende de uma interven\u00e7\u00e3o manual do operador. Isto aumenta o tempo do processo e ainda o deixa sujeito a erros. Al\u00e9m disso, os sistemas de inspe\u00e7\u00e3o n\u00e3o s\u00e3o muito usados. Um link digital entre o fluxo de trabalho da Esko, o Automation Engine, o fluxo de impress\u00e3o AVT e os sistemas de inspe\u00e7\u00e3o Helios e Argos garantem dados para um <em>set up<\/em> autom\u00e1tico para a inspe\u00e7\u00e3o do trabalho em impressoras digitais e convencionais, bem como em rebobinadeiras. Segundo Geert De Proost, Diretor de Solu\u00e7\u00f5es de Mercado da Esko: \u201cAo usar esta integra\u00e7\u00e3o, eliminamos a tarefa da lista de afazeres dos operadores e garantimos um resultado \u2018Certo da Primeira Vez\u2019. O resultados \u00e9 maior precis\u00e3o na inspe\u00e7\u00e3o, uso consistente e menores taxas de rejei\u00e7\u00e3o. Al\u00e9m disso, ele cria turnos de impress\u00e3o entre 30 e 60 minutos mais produtivos.\u201d<\/p>\n<p><strong>Otimiza\u00e7\u00e3o da medi\u00e7\u00e3o de cor e relat\u00f3rio automatizado de cor<\/strong><\/p>\n<p>Cada vez mais os <em>brand owners<\/em> s\u00e3o mais exigentes em termos de cor e querem receber, dos convertedores, relat\u00f3rios de qualidade. Para os convertedores, a medi\u00e7\u00e3o de cor <em>in-line<\/em> pode n\u00e3o ser o ideal devido aos <em>setups <\/em>ineficientes, falta de capacidade de reportar automaticamente sobre suas opera\u00e7\u00f5es e falta de habilidade para integrar a medi\u00e7\u00e3o <em>off-line<\/em> num desempenho total da cor.<\/p>\n<p>Com a integra\u00e7\u00e3o entre a X-Rite ColorCert Suite, que define os padr\u00f5es de cor e coleta as informa\u00e7\u00f5es durante a impress\u00e3o, e o dispositivo de medi\u00e7\u00e3o de cor <em>in-line<\/em> AVT Spectralab, as informa\u00e7\u00f5es sobre o trabalho s\u00e3o enviadas automaticamente para o <em>spectro<\/em>, que automaticamente faz o <em>set up<\/em> do trabalho para a medi\u00e7\u00e3o de cor <em>in-line<\/em>. Durante a impress\u00e3o, as medi\u00e7\u00f5es de cor s\u00e3o enviadas diretamente do AVT Spectralab para o X-Rite\u2019s ColorCert, que coleta as informa\u00e7\u00f5es e cria um padr\u00e3o de cor, reportando o desempenho da qualidade da cor durante a impress\u00e3o.<\/p>\n<p>\u201cA integra\u00e7\u00e3o digital garante melhor visibilidade do desempenho da cor baseada em resultados mensur\u00e1veis e objetivos. Esta solu\u00e7\u00e3o ajuda os convertedores a \u2018Fazer Certo de Primeira\u2019 e aumenta a consist\u00eancia da cor para os <em>brand owners<\/em>,\u201d afirma Roie Moran, Gerente de Produto da AVT.<\/p>\n<p><strong>Operadores de impressora economizam 5 minutos no <em>set up<\/em> do trabalho, cada vez<\/strong><\/p>\n<p>Atualmente os operadores entram as especifica\u00e7\u00f5es da produ\u00e7\u00e3o manualmente e separadamente em diferentes sistemas, criando redund\u00e2ncia e erros. Um link digital entre a plataforma WebCenter da Esko e a X-Rite\u2019s ColorCert Suite cria especifica\u00e7\u00f5es de cor automaticamente. Quando o trabalho \u00e9 impresso, os padr\u00f5es retornam para o WebCenter para serem armazenados e mostrados de forma centralizada, com controle e relat\u00f3rio \u00fanicos. Como Betsy Van Kooten, Gerente de Produto, confirma: \u201cCom a integra\u00e7\u00e3o, os operadores t\u00eam \u2018Certo da Primeira Vez\u2019. O tempo de cria\u00e7\u00e3o pode ser reduzido em mais de cinco minutos por trabalho, enquanto se melhora a rastreabilidade e a visibilidade do fluxo de trabalho.\u201d<\/p>\n<p>As solu\u00e7\u00f5es de integra\u00e7\u00e3o apresentadas no EskoWorld estar\u00e3o dispon\u00edveis comercialmente no Outono de 2018 (Hemisf\u00e9rio Norte).<\/p>\n<p>\u201cAo integrar a comunica\u00e7\u00e3o e a especifica\u00e7\u00e3o de cor e inspe\u00e7\u00e3o de c\u00e2mera, criamos grande efici\u00eancia na cadeia de suprimento de embalagem. Embalagem e informa\u00e7\u00f5es sobre cor precisam caminhar juntas para uma correta comunica\u00e7\u00e3o e um relat\u00f3rio claro,\u201d conclui Danielle Sauv\u00e9, Diretora de Experi\u00eancia com o Cliente da plataforma de Identifica\u00e7\u00e3o de Produto da Danaher. \u201cCom solu\u00e7\u00f5es \u00fanicas, que combinam as for\u00e7as de nossas empresas individualmente, continuamos a seguir nossa miss\u00e3o de simplificar a cadeia de valor da embalagem com ferramentas digitais, automa\u00e7\u00e3o e conectividade.\u201d<\/p>\n<p>&nbsp;<\/p>","protected":false},"excerpt":{"rendered":"<p>A Esko, que oferece inova\u00e7\u00e3o em hardware e software para design, desenvolvimento e produ\u00e7\u00e3o de embalagem, uniu for\u00e7as com outras empresas do grupo Danaher (NYSE: DHR) &#8211; AVT, X-Rite e Pantone \u2013 para integrar suas solu\u00e7\u00f5es de automa\u00e7\u00e3o e colabora\u00e7\u00e3o com a tecnologia de cor da X-Rite e Pantone e com as solu\u00e7\u00f5es de inspe\u00e7\u00e3o por c\u00e2mera da AVT [&#8230;]<\/p>\n","protected":false},"author":18,"featured_media":0,"comment_status":"closed","ping_status":"closed","sticky":false,"template":"","format":"standard","meta":{"footnotes":""},"categories":[877],"tags":[],"class_list":["post-3086","post","type-post","status-publish","format-standard","hentry","category-arquivo"],"yoast_head":"<!-- This site is optimized with the Yoast SEO Premium plugin v27.1 (Yoast SEO v27.1.1) - https:\/\/yoast.com\/product\/yoast-seo-premium-wordpress\/ -->\n<title>Esko, AVT, X-Rite e Pantone se re\u00fanem e criam o \u2018Right First Time\u2019 (\u2018Certo da Primeira Vez\u2019) para a cadeia de valor de embalagem - ProjetoPack<\/title>\n<meta name=\"description\" content=\"Confira o melhor conte\u00fado sobre tecnologia, design e gest\u00e3o de embalagens flex\u00edveis, r\u00f3tulos e impress\u00e3o.\" \/>\n<meta name=\"robots\" content=\"index, follow, max-snippet:-1, max-image-preview:large, max-video-preview:-1\" \/>\n<link rel=\"canonical\" href=\"https:\/\/projetopack.com.br\/en\/esko-avt-x-rite-e-pantone-se-reunem-e-criam-o-right-first-time-certo-da-primeira-vez-para-cadeia-de-valor-de-embalagem\/\" \/>\n<meta property=\"og:locale\" content=\"en_US\" \/>\n<meta property=\"og:type\" content=\"article\" \/>\n<meta property=\"og:title\" content=\"Esko, AVT, X-Rite e Pantone se re\u00fanem e criam o \u2018Right First Time\u2019 (\u2018Certo da Primeira Vez\u2019) para a cadeia de valor de embalagem\" \/>\n<meta property=\"og:description\" content=\"Confira o melhor conte\u00fado sobre tecnologia, design e gest\u00e3o de embalagens flex\u00edveis, r\u00f3tulos e impress\u00e3o.\" \/>\n<meta property=\"og:url\" content=\"https:\/\/projetopack.com.br\/en\/esko-avt-x-rite-e-pantone-se-reunem-e-criam-o-right-first-time-certo-da-primeira-vez-para-cadeia-de-valor-de-embalagem\/\" \/>\n<meta property=\"og:site_name\" content=\"ProjetoPack\" \/>\n<meta property=\"article:published_time\" content=\"2018-06-25T20:01:00+00:00\" \/>\n<meta property=\"article:modified_time\" content=\"2021-09-10T19:59:58+00:00\" \/>\n<meta property=\"og:image\" content=\"https:\/\/projetopack.com.br\/wp-content\/uploads\/2020\/06\/Capa-1200x630-1.png\" \/>\n\t<meta property=\"og:image:width\" content=\"1200\" \/>\n\t<meta property=\"og:image:height\" content=\"630\" \/>\n\t<meta property=\"og:image:type\" content=\"image\/png\" \/>\n<meta name=\"author\" content=\"Andrea\" \/>\n<meta name=\"twitter:card\" content=\"summary_large_image\" \/>\n<meta name=\"twitter:creator\" content=\"@ProjetoPack\" \/>\n<meta name=\"twitter:site\" content=\"@ProjetoPack\" \/>\n<meta name=\"twitter:label1\" content=\"Written by\" \/>\n\t<meta name=\"twitter:data1\" content=\"Andrea\" \/>\n\t<meta name=\"twitter:label2\" content=\"Est. reading time\" \/>\n\t<meta name=\"twitter:data2\" content=\"4 minutes\" \/>\n<script type=\"application\/ld+json\" class=\"yoast-schema-graph\">{\"@context\":\"https:\/\/schema.org\",\"@graph\":[{\"@type\":\"Article\",\"@id\":\"https:\/\/projetopack.com.br\/en\/esko-avt-x-rite-e-pantone-se-reunem-e-criam-o-right-first-time-certo-da-primeira-vez-para-cadeia-de-valor-de-embalagem\/#article\",\"isPartOf\":{\"@id\":\"https:\/\/projetopack.com.br\/en\/esko-avt-x-rite-e-pantone-se-reunem-e-criam-o-right-first-time-certo-da-primeira-vez-para-cadeia-de-valor-de-embalagem\/\"},\"author\":{\"name\":\"Andrea\",\"@id\":\"https:\/\/projetopack.com.br\/#\/schema\/person\/d17c72a4bc2b7e461496dd8a14d4cef1\"},\"headline\":\"Esko, AVT, X-Rite e Pantone se re\u00fanem e criam o \u2018Right First Time\u2019 (\u2018Certo da Primeira Vez\u2019) para a cadeia de valor de embalagem\",\"datePublished\":\"2018-06-25T20:01:00+00:00\",\"dateModified\":\"2021-09-10T19:59:58+00:00\",\"mainEntityOfPage\":{\"@id\":\"https:\/\/projetopack.com.br\/en\/esko-avt-x-rite-e-pantone-se-reunem-e-criam-o-right-first-time-certo-da-primeira-vez-para-cadeia-de-valor-de-embalagem\/\"},\"wordCount\":844,\"publisher\":{\"@id\":\"https:\/\/projetopack.com.br\/#organization\"},\"articleSection\":[\"Arquivo\"],\"inLanguage\":\"en-US\"},{\"@type\":\"WebPage\",\"@id\":\"https:\/\/projetopack.com.br\/en\/esko-avt-x-rite-e-pantone-se-reunem-e-criam-o-right-first-time-certo-da-primeira-vez-para-cadeia-de-valor-de-embalagem\/\",\"url\":\"https:\/\/projetopack.com.br\/en\/esko-avt-x-rite-e-pantone-se-reunem-e-criam-o-right-first-time-certo-da-primeira-vez-para-cadeia-de-valor-de-embalagem\/\",\"name\":\"Esko, AVT, X-Rite e Pantone se re\u00fanem e criam o \u2018Right First Time\u2019 (\u2018Certo da Primeira Vez\u2019) para a cadeia de valor de embalagem - ProjetoPack\",\"isPartOf\":{\"@id\":\"https:\/\/projetopack.com.br\/#website\"},\"datePublished\":\"2018-06-25T20:01:00+00:00\",\"dateModified\":\"2021-09-10T19:59:58+00:00\",\"description\":\"Confira o melhor conte\u00fado sobre tecnologia, design e gest\u00e3o de embalagens flex\u00edveis, r\u00f3tulos e impress\u00e3o.\",\"breadcrumb\":{\"@id\":\"https:\/\/projetopack.com.br\/en\/esko-avt-x-rite-e-pantone-se-reunem-e-criam-o-right-first-time-certo-da-primeira-vez-para-cadeia-de-valor-de-embalagem\/#breadcrumb\"},\"inLanguage\":\"en-US\",\"potentialAction\":[{\"@type\":\"ReadAction\",\"target\":[\"https:\/\/projetopack.com.br\/en\/esko-avt-x-rite-e-pantone-se-reunem-e-criam-o-right-first-time-certo-da-primeira-vez-para-cadeia-de-valor-de-embalagem\/\"]}]},{\"@type\":\"BreadcrumbList\",\"@id\":\"https:\/\/projetopack.com.br\/en\/esko-avt-x-rite-e-pantone-se-reunem-e-criam-o-right-first-time-certo-da-primeira-vez-para-cadeia-de-valor-de-embalagem\/#breadcrumb\",\"itemListElement\":[{\"@type\":\"ListItem\",\"position\":1,\"name\":\"P\u00e1gina Inicial\",\"item\":\"https:\/\/projetopack.com.br\/\"},{\"@type\":\"ListItem\",\"position\":2,\"name\":\"Arquivo\",\"item\":\"https:\/\/projetopack.com.br\/en\/category\/arquivo\/\"},{\"@type\":\"ListItem\",\"position\":3,\"name\":\"Esko, AVT, X-Rite e Pantone se re\u00fanem e criam o \u2018Right First Time\u2019 (\u2018Certo da Primeira Vez\u2019) para a cadeia de valor de embalagem\"}]},{\"@type\":\"WebSite\",\"@id\":\"https:\/\/projetopack.com.br\/#website\",\"url\":\"https:\/\/projetopack.com.br\/\",\"name\":\"ProjetoPack\",\"description\":\"Consultoria e servi\u00e7os para embalagens, r\u00f3tulos, etiquetas e processos de impress\u00e3o\",\"publisher\":{\"@id\":\"https:\/\/projetopack.com.br\/#organization\"},\"potentialAction\":[{\"@type\":\"SearchAction\",\"target\":{\"@type\":\"EntryPoint\",\"urlTemplate\":\"https:\/\/projetopack.com.br\/?s={search_term_string}\"},\"query-input\":{\"@type\":\"PropertyValueSpecification\",\"valueRequired\":true,\"valueName\":\"search_term_string\"}}],\"inLanguage\":\"en-US\"},{\"@type\":\"Organization\",\"@id\":\"https:\/\/projetopack.com.br\/#organization\",\"name\":\"ProjetoPack & Associados\",\"url\":\"https:\/\/projetopack.com.br\/\",\"logo\":{\"@type\":\"ImageObject\",\"inLanguage\":\"en-US\",\"@id\":\"https:\/\/projetopack.com.br\/#\/schema\/logo\/image\/\",\"url\":\"https:\/\/projetopack.com.br\/wp-content\/uploads\/2020\/09\/projetopack.png\",\"contentUrl\":\"https:\/\/projetopack.com.br\/wp-content\/uploads\/2020\/09\/projetopack.png\",\"width\":200,\"height\":200,\"caption\":\"ProjetoPack & Associados\"},\"image\":{\"@id\":\"https:\/\/projetopack.com.br\/#\/schema\/logo\/image\/\"},\"sameAs\":[\"https:\/\/x.com\/ProjetoPack\",\"https:\/\/www.linkedin.com\/company\/projetopack\/\"]},{\"@type\":\"Person\",\"@id\":\"https:\/\/projetopack.com.br\/#\/schema\/person\/d17c72a4bc2b7e461496dd8a14d4cef1\",\"name\":\"Andrea\",\"image\":{\"@type\":\"ImageObject\",\"inLanguage\":\"en-US\",\"@id\":\"https:\/\/projetopack.com.br\/#\/schema\/person\/image\/\",\"url\":\"https:\/\/projetopack.com.br\/wp-content\/uploads\/2026\/03\/eu-150x150.jpg\",\"contentUrl\":\"https:\/\/projetopack.com.br\/wp-content\/uploads\/2026\/03\/eu-150x150.jpg\",\"caption\":\"Andrea\"},\"url\":\"https:\/\/projetopack.com.br\/en\/author\/andrea\/\"}]}<\/script>\n<!-- \/ Yoast SEO Premium plugin. -->","yoast_head_json":{"title":"Esko, AVT, X-Rite e Pantone se re\u00fanem e criam o \u2018Right First Time\u2019 (\u2018Certo da Primeira Vez\u2019) para a cadeia de valor de embalagem - ProjetoPack","description":"Confira o melhor conte\u00fado sobre tecnologia, design e gest\u00e3o de embalagens flex\u00edveis, r\u00f3tulos e impress\u00e3o.","robots":{"index":"index","follow":"follow","max-snippet":"max-snippet:-1","max-image-preview":"max-image-preview:large","max-video-preview":"max-video-preview:-1"},"canonical":"https:\/\/projetopack.com.br\/en\/esko-avt-x-rite-e-pantone-se-reunem-e-criam-o-right-first-time-certo-da-primeira-vez-para-cadeia-de-valor-de-embalagem\/","og_locale":"en_US","og_type":"article","og_title":"Esko, AVT, X-Rite e Pantone se re\u00fanem e criam o \u2018Right First Time\u2019 (\u2018Certo da Primeira Vez\u2019) para a cadeia de valor de embalagem","og_description":"Confira o melhor conte\u00fado sobre tecnologia, design e gest\u00e3o de embalagens flex\u00edveis, r\u00f3tulos e impress\u00e3o.","og_url":"https:\/\/projetopack.com.br\/en\/esko-avt-x-rite-e-pantone-se-reunem-e-criam-o-right-first-time-certo-da-primeira-vez-para-cadeia-de-valor-de-embalagem\/","og_site_name":"ProjetoPack","article_published_time":"2018-06-25T20:01:00+00:00","article_modified_time":"2021-09-10T19:59:58+00:00","og_image":[{"width":1200,"height":630,"url":"https:\/\/projetopack.com.br\/wp-content\/uploads\/2020\/06\/Capa-1200x630-1.png","type":"image\/png"}],"author":"Andrea","twitter_card":"summary_large_image","twitter_creator":"@ProjetoPack","twitter_site":"@ProjetoPack","twitter_misc":{"Written by":"Andrea","Est. reading time":"4 minutes"},"schema":{"@context":"https:\/\/schema.org","@graph":[{"@type":"Article","@id":"https:\/\/projetopack.com.br\/en\/esko-avt-x-rite-e-pantone-se-reunem-e-criam-o-right-first-time-certo-da-primeira-vez-para-cadeia-de-valor-de-embalagem\/#article","isPartOf":{"@id":"https:\/\/projetopack.com.br\/en\/esko-avt-x-rite-e-pantone-se-reunem-e-criam-o-right-first-time-certo-da-primeira-vez-para-cadeia-de-valor-de-embalagem\/"},"author":{"name":"Andrea","@id":"https:\/\/projetopack.com.br\/#\/schema\/person\/d17c72a4bc2b7e461496dd8a14d4cef1"},"headline":"Esko, AVT, X-Rite e Pantone se re\u00fanem e criam o \u2018Right First Time\u2019 (\u2018Certo da Primeira Vez\u2019) para a cadeia de valor de embalagem","datePublished":"2018-06-25T20:01:00+00:00","dateModified":"2021-09-10T19:59:58+00:00","mainEntityOfPage":{"@id":"https:\/\/projetopack.com.br\/en\/esko-avt-x-rite-e-pantone-se-reunem-e-criam-o-right-first-time-certo-da-primeira-vez-para-cadeia-de-valor-de-embalagem\/"},"wordCount":844,"publisher":{"@id":"https:\/\/projetopack.com.br\/#organization"},"articleSection":["Arquivo"],"inLanguage":"en-US"},{"@type":"WebPage","@id":"https:\/\/projetopack.com.br\/en\/esko-avt-x-rite-e-pantone-se-reunem-e-criam-o-right-first-time-certo-da-primeira-vez-para-cadeia-de-valor-de-embalagem\/","url":"https:\/\/projetopack.com.br\/en\/esko-avt-x-rite-e-pantone-se-reunem-e-criam-o-right-first-time-certo-da-primeira-vez-para-cadeia-de-valor-de-embalagem\/","name":"Esko, AVT, X-Rite e Pantone se re\u00fanem e criam o \u2018Right First Time\u2019 (\u2018Certo da Primeira Vez\u2019) para a cadeia de valor de embalagem - ProjetoPack","isPartOf":{"@id":"https:\/\/projetopack.com.br\/#website"},"datePublished":"2018-06-25T20:01:00+00:00","dateModified":"2021-09-10T19:59:58+00:00","description":"Confira o melhor conte\u00fado sobre tecnologia, design e gest\u00e3o de embalagens flex\u00edveis, r\u00f3tulos e impress\u00e3o.","breadcrumb":{"@id":"https:\/\/projetopack.com.br\/en\/esko-avt-x-rite-e-pantone-se-reunem-e-criam-o-right-first-time-certo-da-primeira-vez-para-cadeia-de-valor-de-embalagem\/#breadcrumb"},"inLanguage":"en-US","potentialAction":[{"@type":"ReadAction","target":["https:\/\/projetopack.com.br\/en\/esko-avt-x-rite-e-pantone-se-reunem-e-criam-o-right-first-time-certo-da-primeira-vez-para-cadeia-de-valor-de-embalagem\/"]}]},{"@type":"BreadcrumbList","@id":"https:\/\/projetopack.com.br\/en\/esko-avt-x-rite-e-pantone-se-reunem-e-criam-o-right-first-time-certo-da-primeira-vez-para-cadeia-de-valor-de-embalagem\/#breadcrumb","itemListElement":[{"@type":"ListItem","position":1,"name":"P\u00e1gina Inicial","item":"https:\/\/projetopack.com.br\/"},{"@type":"ListItem","position":2,"name":"Arquivo","item":"https:\/\/projetopack.com.br\/en\/category\/arquivo\/"},{"@type":"ListItem","position":3,"name":"Esko, AVT, X-Rite e Pantone se re\u00fanem e criam o \u2018Right First Time\u2019 (\u2018Certo da Primeira Vez\u2019) para a cadeia de valor de embalagem"}]},{"@type":"WebSite","@id":"https:\/\/projetopack.com.br\/#website","url":"https:\/\/projetopack.com.br\/","name":"ProjetoPack","description":"Consultoria e servi\u00e7os para embalagens, r\u00f3tulos, etiquetas e processos de impress\u00e3o","publisher":{"@id":"https:\/\/projetopack.com.br\/#organization"},"potentialAction":[{"@type":"SearchAction","target":{"@type":"EntryPoint","urlTemplate":"https:\/\/projetopack.com.br\/?s={search_term_string}"},"query-input":{"@type":"PropertyValueSpecification","valueRequired":true,"valueName":"search_term_string"}}],"inLanguage":"en-US"},{"@type":"Organization","@id":"https:\/\/projetopack.com.br\/#organization","name":"ProjetoPack & Associados","url":"https:\/\/projetopack.com.br\/","logo":{"@type":"ImageObject","inLanguage":"en-US","@id":"https:\/\/projetopack.com.br\/#\/schema\/logo\/image\/","url":"https:\/\/projetopack.com.br\/wp-content\/uploads\/2020\/09\/projetopack.png","contentUrl":"https:\/\/projetopack.com.br\/wp-content\/uploads\/2020\/09\/projetopack.png","width":200,"height":200,"caption":"ProjetoPack & Associados"},"image":{"@id":"https:\/\/projetopack.com.br\/#\/schema\/logo\/image\/"},"sameAs":["https:\/\/x.com\/ProjetoPack","https:\/\/www.linkedin.com\/company\/projetopack\/"]},{"@type":"Person","@id":"https:\/\/projetopack.com.br\/#\/schema\/person\/d17c72a4bc2b7e461496dd8a14d4cef1","name":"Andrea","image":{"@type":"ImageObject","inLanguage":"en-US","@id":"https:\/\/projetopack.com.br\/#\/schema\/person\/image\/","url":"https:\/\/projetopack.com.br\/wp-content\/uploads\/2026\/03\/eu-150x150.jpg","contentUrl":"https:\/\/projetopack.com.br\/wp-content\/uploads\/2026\/03\/eu-150x150.jpg","caption":"Andrea"},"url":"https:\/\/projetopack.com.br\/en\/author\/andrea\/"}]}},"_links":{"self":[{"href":"https:\/\/projetopack.com.br\/en\/wp-json\/wp\/v2\/posts\/3086","targetHints":{"allow":["GET"]}}],"collection":[{"href":"https:\/\/projetopack.com.br\/en\/wp-json\/wp\/v2\/posts"}],"about":[{"href":"https:\/\/projetopack.com.br\/en\/wp-json\/wp\/v2\/types\/post"}],"author":[{"embeddable":true,"href":"https:\/\/projetopack.com.br\/en\/wp-json\/wp\/v2\/users\/18"}],"replies":[{"embeddable":true,"href":"https:\/\/projetopack.com.br\/en\/wp-json\/wp\/v2\/comments?post=3086"}],"version-history":[{"count":0,"href":"https:\/\/projetopack.com.br\/en\/wp-json\/wp\/v2\/posts\/3086\/revisions"}],"wp:attachment":[{"href":"https:\/\/projetopack.com.br\/en\/wp-json\/wp\/v2\/media?parent=3086"}],"wp:term":[{"taxonomy":"category","embeddable":true,"href":"https:\/\/projetopack.com.br\/en\/wp-json\/wp\/v2\/categories?post=3086"},{"taxonomy":"post_tag","embeddable":true,"href":"https:\/\/projetopack.com.br\/en\/wp-json\/wp\/v2\/tags?post=3086"}],"curies":[{"name":"wp","href":"https:\/\/api.w.org\/{rel}","templated":true}]}}