{"id":3088,"date":"2018-06-25T17:08:09","date_gmt":"2018-06-25T20:08:09","guid":{"rendered":"https:\/\/www.projetopack.com.br\/2020\/?p=3088"},"modified":"2021-09-10T17:00:15","modified_gmt":"2021-09-10T20:00:15","slug":"organizacao-mundial-de-embalagem-wpo-participa-da-principal-feira-de-alimentos-e-bebidas-da-america-latina-fispal-tecnologia-2018-que-comeca-amanha-em-sao-paulo","status":"publish","type":"post","link":"https:\/\/projetopack.com.br\/en\/organizacao-mundial-de-embalagem-wpo-participa-da-principal-feira-de-alimentos-e-bebidas-da-america-latina-fispal-tecnologia-2018-que-comeca-amanha-em-sao-paulo\/","title":{"rendered":"Organiza\u00e7\u00e3o Mundial de Embalagem (WPO) participa da principal feira de alimentos e bebidas da Am\u00e9rica Latina, Fispal Tecnologia 2018, que come\u00e7a amanh\u00e3, em S\u00e3o Paulo"},"content":{"rendered":"<p>Entre os dias 26 e 29 de Junho, a<strong> WPO (Organiza\u00e7\u00e3o Mundial de Embalagem) <\/strong>participar\u00e1 da Fispal Tecnologia 2018, a principal feira de processos, embalagem e log\u00edstica para as ind\u00fastrias de alimentos e bebidas da Am\u00e9rica Latina. \u201cA Fispal Tecnologia 2018 (<a href=\"http:\/\/www.fispaltecnologia.com.br\/\">www.fispaltecnologia.com.br<\/a>), organizada pela Informa Exhibitions, acontece em S\u00e3o Paulo e reunir\u00e1 um seleto p\u00fablico de profissionais em busca das mais recentes solu\u00e7\u00f5es em embalagens, e afins, e a WPO estar\u00e1 presente buscando se aproximar dos profissionais deste setor no Brasil\u201d, explica Luciana Pellegrino, Vice Presidente de Marketing da WPO e Diretora Executiva da ABRE (Associa\u00e7\u00e3o Brasileira de Embalagem), membro da WPO representando o Brasil.<\/p>\n<p><img fetchpriority=\"high\" decoding=\"async\" class=\"aligncenter size-full wp-image-3089\" src=\"https:\/\/projetopack.com.br\/wp-content\/uploads\/2018\/06\/Fispal.png\" alt=\"\" width=\"260\" height=\"260\" srcset=\"https:\/\/projetopack.com.br\/wp-content\/uploads\/2018\/06\/Fispal.png 260w, https:\/\/projetopack.com.br\/wp-content\/uploads\/2018\/06\/Fispal-100x100.png 100w, https:\/\/projetopack.com.br\/wp-content\/uploads\/2018\/06\/Fispal-150x150.png 150w\" sizes=\"(max-width: 260px) 100vw, 260px\" \/><\/p>\n<p>Inclusive o <em>stand<\/em> da WPO est\u00e1 estrategicamente localizado no Lounge ABRE, um espa\u00e7o dedicado exclusivamente \u00e0 embalagem, dentro da feira. No Lounge ABRE, al\u00e9m do Circuito de Palestras, acontecer\u00e1 a etapa do Voto Popular do Pr\u00eamio ABRE da Embalagem Brasileira. Os vencedores s\u00e3o eleg\u00edveis para o WorldStar Award, o pr\u00eamio global do setor, organizado pela WPO.<\/p>\n<p>Segundo Luciana, o foco da participa\u00e7\u00e3o da WPO na Fispal Tecnologia ser\u00e1 a promo\u00e7\u00e3o dos temas Save Food e Sustentabilidade e as inscri\u00e7\u00f5es para o WorldStar Award 2019. Vale lembrar que as inscri\u00e7\u00f5es j\u00e1 est\u00e3o abertas e se encerram em 20 de Setembro. Podem participar do WorldStar Award embalagens que tenham recebido pr\u00eamios nacionais como o Pr\u00eamio ABRE da Embalagem Brasileira. As embalagens inscritas at\u00e9 20 de setembro ser\u00e3o julgadas na pr\u00f3xima reuni\u00e3o do Board da WPO, agendada para Outubro, na China. As inscri\u00e7\u00f5es podem ser feitas online em <a href=\"http:\/\/www.worldstar.org\/\">www.worldstar.org<\/a>.<\/p>\n<p>Recentemente a WPO lan\u00e7ou um Position Paper sobre Economia Circular que est\u00e1 dispon\u00edvel para download gratuito em seu site <a href=\"http:\/\/www.worldpackaging.org\/\">www.worldpackaging.org<\/a>. Os visitantes que passarem pelo estande da WPO na Fispal Tecnologia 2018 tamb\u00e9m poder\u00e3o solicitar uma c\u00f3pia que ser\u00e1 enviada digitalmente.<\/p>\n<p><strong><em>Servi\u00e7o Fispal Tecnologia 2018<\/em><\/strong><\/p>\n<p>Data\/Hor\u00e1rio: 26, 28 e 29 Junho das 13h \u00e0s 20h<\/p>\n<p>27 de Junho das 10h \u00e0s 20h<\/p>\n<p>Local: S\u00e3o Paulo Expo &#8211; Rodovia dos Imigrantes &#8211; KM 1,5<\/p>","protected":false},"excerpt":{"rendered":"<p>Entre os dias 26 e 29 de Junho, a WPO (Organiza\u00e7\u00e3o Mundial de Embalagem) participar\u00e1 da Fispal Tecnologia 2018, a principal feira de processos, embalagem e log\u00edstica para as ind\u00fastrias de alimentos e bebidas da Am\u00e9rica Latina [&#8230;]<\/p>\n","protected":false},"author":18,"featured_media":0,"comment_status":"closed","ping_status":"closed","sticky":false,"template":"","format":"standard","meta":{"footnotes":""},"categories":[877],"tags":[],"class_list":["post-3088","post","type-post","status-publish","format-standard","hentry","category-arquivo"],"yoast_head":"<!-- This site is optimized with the Yoast SEO Premium plugin v27.1 (Yoast SEO v27.1.1) - https:\/\/yoast.com\/product\/yoast-seo-premium-wordpress\/ -->\n<title>Organiza\u00e7\u00e3o Mundial de Embalagem (WPO) participa da principal feira de alimentos e bebidas da Am\u00e9rica Latina, Fispal Tecnologia 2018, que come\u00e7a amanh\u00e3, em S\u00e3o Paulo - ProjetoPack<\/title>\n<meta name=\"description\" content=\"Confira o melhor conte\u00fado sobre tecnologia, design e gest\u00e3o de embalagens flex\u00edveis, r\u00f3tulos e impress\u00e3o.\" \/>\n<meta name=\"robots\" content=\"index, follow, max-snippet:-1, max-image-preview:large, max-video-preview:-1\" \/>\n<link rel=\"canonical\" href=\"https:\/\/projetopack.com.br\/en\/organizacao-mundial-de-embalagem-wpo-participa-da-principal-feira-de-alimentos-e-bebidas-da-america-latina-fispal-tecnologia-2018-que-comeca-amanha-em-sao-paulo\/\" \/>\n<meta property=\"og:locale\" content=\"en_US\" \/>\n<meta property=\"og:type\" content=\"article\" \/>\n<meta property=\"og:title\" content=\"Organiza\u00e7\u00e3o Mundial de Embalagem (WPO) participa da principal feira de alimentos e bebidas da Am\u00e9rica Latina, Fispal Tecnologia 2018, que come\u00e7a amanh\u00e3, em S\u00e3o Paulo\" \/>\n<meta property=\"og:description\" content=\"Confira o melhor conte\u00fado sobre tecnologia, design e gest\u00e3o de embalagens flex\u00edveis, r\u00f3tulos e impress\u00e3o.\" \/>\n<meta property=\"og:url\" content=\"https:\/\/projetopack.com.br\/en\/organizacao-mundial-de-embalagem-wpo-participa-da-principal-feira-de-alimentos-e-bebidas-da-america-latina-fispal-tecnologia-2018-que-comeca-amanha-em-sao-paulo\/\" \/>\n<meta property=\"og:site_name\" content=\"ProjetoPack\" \/>\n<meta property=\"article:published_time\" content=\"2018-06-25T20:08:09+00:00\" \/>\n<meta property=\"article:modified_time\" content=\"2021-09-10T20:00:15+00:00\" \/>\n<meta property=\"og:image\" content=\"https:\/\/projetopack.com.br\/wp-content\/uploads\/2018\/06\/Fispal.png\" \/>\n<meta name=\"author\" content=\"Andrea\" \/>\n<meta name=\"twitter:card\" content=\"summary_large_image\" \/>\n<meta name=\"twitter:creator\" content=\"@ProjetoPack\" \/>\n<meta name=\"twitter:site\" content=\"@ProjetoPack\" \/>\n<meta name=\"twitter:label1\" content=\"Written by\" \/>\n\t<meta name=\"twitter:data1\" content=\"Andrea\" \/>\n\t<meta name=\"twitter:label2\" content=\"Est. reading time\" \/>\n\t<meta name=\"twitter:data2\" content=\"2 minutes\" \/>\n<script type=\"application\/ld+json\" class=\"yoast-schema-graph\">{\"@context\":\"https:\/\/schema.org\",\"@graph\":[{\"@type\":\"Article\",\"@id\":\"https:\/\/projetopack.com.br\/en\/organizacao-mundial-de-embalagem-wpo-participa-da-principal-feira-de-alimentos-e-bebidas-da-america-latina-fispal-tecnologia-2018-que-comeca-amanha-em-sao-paulo\/#article\",\"isPartOf\":{\"@id\":\"https:\/\/projetopack.com.br\/en\/organizacao-mundial-de-embalagem-wpo-participa-da-principal-feira-de-alimentos-e-bebidas-da-america-latina-fispal-tecnologia-2018-que-comeca-amanha-em-sao-paulo\/\"},\"author\":{\"name\":\"Andrea\",\"@id\":\"https:\/\/projetopack.com.br\/#\/schema\/person\/d17c72a4bc2b7e461496dd8a14d4cef1\"},\"headline\":\"Organiza\u00e7\u00e3o Mundial de Embalagem (WPO) participa da principal feira de alimentos e bebidas da Am\u00e9rica Latina, Fispal Tecnologia 2018, que come\u00e7a amanh\u00e3, em S\u00e3o Paulo\",\"datePublished\":\"2018-06-25T20:08:09+00:00\",\"dateModified\":\"2021-09-10T20:00:15+00:00\",\"mainEntityOfPage\":{\"@id\":\"https:\/\/projetopack.com.br\/en\/organizacao-mundial-de-embalagem-wpo-participa-da-principal-feira-de-alimentos-e-bebidas-da-america-latina-fispal-tecnologia-2018-que-comeca-amanha-em-sao-paulo\/\"},\"wordCount\":378,\"publisher\":{\"@id\":\"https:\/\/projetopack.com.br\/#organization\"},\"image\":{\"@id\":\"https:\/\/projetopack.com.br\/en\/organizacao-mundial-de-embalagem-wpo-participa-da-principal-feira-de-alimentos-e-bebidas-da-america-latina-fispal-tecnologia-2018-que-comeca-amanha-em-sao-paulo\/#primaryimage\"},\"thumbnailUrl\":\"https:\/\/projetopack.com.br\/wp-content\/uploads\/2018\/06\/Fispal.png\",\"articleSection\":[\"Arquivo\"],\"inLanguage\":\"en-US\"},{\"@type\":\"WebPage\",\"@id\":\"https:\/\/projetopack.com.br\/en\/organizacao-mundial-de-embalagem-wpo-participa-da-principal-feira-de-alimentos-e-bebidas-da-america-latina-fispal-tecnologia-2018-que-comeca-amanha-em-sao-paulo\/\",\"url\":\"https:\/\/projetopack.com.br\/en\/organizacao-mundial-de-embalagem-wpo-participa-da-principal-feira-de-alimentos-e-bebidas-da-america-latina-fispal-tecnologia-2018-que-comeca-amanha-em-sao-paulo\/\",\"name\":\"Organiza\u00e7\u00e3o Mundial de Embalagem (WPO) participa da principal feira de alimentos e bebidas da Am\u00e9rica Latina, Fispal Tecnologia 2018, que come\u00e7a amanh\u00e3, em S\u00e3o Paulo - ProjetoPack\",\"isPartOf\":{\"@id\":\"https:\/\/projetopack.com.br\/#website\"},\"primaryImageOfPage\":{\"@id\":\"https:\/\/projetopack.com.br\/en\/organizacao-mundial-de-embalagem-wpo-participa-da-principal-feira-de-alimentos-e-bebidas-da-america-latina-fispal-tecnologia-2018-que-comeca-amanha-em-sao-paulo\/#primaryimage\"},\"image\":{\"@id\":\"https:\/\/projetopack.com.br\/en\/organizacao-mundial-de-embalagem-wpo-participa-da-principal-feira-de-alimentos-e-bebidas-da-america-latina-fispal-tecnologia-2018-que-comeca-amanha-em-sao-paulo\/#primaryimage\"},\"thumbnailUrl\":\"https:\/\/projetopack.com.br\/wp-content\/uploads\/2018\/06\/Fispal.png\",\"datePublished\":\"2018-06-25T20:08:09+00:00\",\"dateModified\":\"2021-09-10T20:00:15+00:00\",\"description\":\"Confira o melhor conte\u00fado sobre tecnologia, design e gest\u00e3o de embalagens flex\u00edveis, r\u00f3tulos e impress\u00e3o.\",\"breadcrumb\":{\"@id\":\"https:\/\/projetopack.com.br\/en\/organizacao-mundial-de-embalagem-wpo-participa-da-principal-feira-de-alimentos-e-bebidas-da-america-latina-fispal-tecnologia-2018-que-comeca-amanha-em-sao-paulo\/#breadcrumb\"},\"inLanguage\":\"en-US\",\"potentialAction\":[{\"@type\":\"ReadAction\",\"target\":[\"https:\/\/projetopack.com.br\/en\/organizacao-mundial-de-embalagem-wpo-participa-da-principal-feira-de-alimentos-e-bebidas-da-america-latina-fispal-tecnologia-2018-que-comeca-amanha-em-sao-paulo\/\"]}]},{\"@type\":\"ImageObject\",\"inLanguage\":\"en-US\",\"@id\":\"https:\/\/projetopack.com.br\/en\/organizacao-mundial-de-embalagem-wpo-participa-da-principal-feira-de-alimentos-e-bebidas-da-america-latina-fispal-tecnologia-2018-que-comeca-amanha-em-sao-paulo\/#primaryimage\",\"url\":\"https:\/\/projetopack.com.br\/wp-content\/uploads\/2018\/06\/Fispal.png\",\"contentUrl\":\"https:\/\/projetopack.com.br\/wp-content\/uploads\/2018\/06\/Fispal.png\"},{\"@type\":\"BreadcrumbList\",\"@id\":\"https:\/\/projetopack.com.br\/en\/organizacao-mundial-de-embalagem-wpo-participa-da-principal-feira-de-alimentos-e-bebidas-da-america-latina-fispal-tecnologia-2018-que-comeca-amanha-em-sao-paulo\/#breadcrumb\",\"itemListElement\":[{\"@type\":\"ListItem\",\"position\":1,\"name\":\"P\u00e1gina Inicial\",\"item\":\"https:\/\/projetopack.com.br\/\"},{\"@type\":\"ListItem\",\"position\":2,\"name\":\"Arquivo\",\"item\":\"https:\/\/projetopack.com.br\/en\/category\/arquivo\/\"},{\"@type\":\"ListItem\",\"position\":3,\"name\":\"Organiza\u00e7\u00e3o Mundial de Embalagem (WPO) participa da principal feira de alimentos e bebidas da Am\u00e9rica Latina, Fispal Tecnologia 2018, que come\u00e7a amanh\u00e3, em S\u00e3o Paulo\"}]},{\"@type\":\"WebSite\",\"@id\":\"https:\/\/projetopack.com.br\/#website\",\"url\":\"https:\/\/projetopack.com.br\/\",\"name\":\"ProjetoPack\",\"description\":\"Consultoria e servi\u00e7os para embalagens, r\u00f3tulos, etiquetas e processos de impress\u00e3o\",\"publisher\":{\"@id\":\"https:\/\/projetopack.com.br\/#organization\"},\"potentialAction\":[{\"@type\":\"SearchAction\",\"target\":{\"@type\":\"EntryPoint\",\"urlTemplate\":\"https:\/\/projetopack.com.br\/?s={search_term_string}\"},\"query-input\":{\"@type\":\"PropertyValueSpecification\",\"valueRequired\":true,\"valueName\":\"search_term_string\"}}],\"inLanguage\":\"en-US\"},{\"@type\":\"Organization\",\"@id\":\"https:\/\/projetopack.com.br\/#organization\",\"name\":\"ProjetoPack & Associados\",\"url\":\"https:\/\/projetopack.com.br\/\",\"logo\":{\"@type\":\"ImageObject\",\"inLanguage\":\"en-US\",\"@id\":\"https:\/\/projetopack.com.br\/#\/schema\/logo\/image\/\",\"url\":\"https:\/\/projetopack.com.br\/wp-content\/uploads\/2020\/09\/projetopack.png\",\"contentUrl\":\"https:\/\/projetopack.com.br\/wp-content\/uploads\/2020\/09\/projetopack.png\",\"width\":200,\"height\":200,\"caption\":\"ProjetoPack & Associados\"},\"image\":{\"@id\":\"https:\/\/projetopack.com.br\/#\/schema\/logo\/image\/\"},\"sameAs\":[\"https:\/\/x.com\/ProjetoPack\",\"https:\/\/www.linkedin.com\/company\/projetopack\/\"]},{\"@type\":\"Person\",\"@id\":\"https:\/\/projetopack.com.br\/#\/schema\/person\/d17c72a4bc2b7e461496dd8a14d4cef1\",\"name\":\"Andrea\",\"image\":{\"@type\":\"ImageObject\",\"inLanguage\":\"en-US\",\"@id\":\"https:\/\/projetopack.com.br\/#\/schema\/person\/image\/\",\"url\":\"https:\/\/projetopack.com.br\/wp-content\/uploads\/2026\/03\/eu-150x150.jpg\",\"contentUrl\":\"https:\/\/projetopack.com.br\/wp-content\/uploads\/2026\/03\/eu-150x150.jpg\",\"caption\":\"Andrea\"},\"url\":\"https:\/\/projetopack.com.br\/en\/author\/andrea\/\"}]}<\/script>\n<!-- \/ Yoast SEO Premium plugin. -->","yoast_head_json":{"title":"Organiza\u00e7\u00e3o Mundial de Embalagem (WPO) participa da principal feira de alimentos e bebidas da Am\u00e9rica Latina, Fispal Tecnologia 2018, que come\u00e7a amanh\u00e3, em S\u00e3o Paulo - ProjetoPack","description":"Confira o melhor conte\u00fado sobre tecnologia, design e gest\u00e3o de embalagens flex\u00edveis, r\u00f3tulos e impress\u00e3o.","robots":{"index":"index","follow":"follow","max-snippet":"max-snippet:-1","max-image-preview":"max-image-preview:large","max-video-preview":"max-video-preview:-1"},"canonical":"https:\/\/projetopack.com.br\/en\/organizacao-mundial-de-embalagem-wpo-participa-da-principal-feira-de-alimentos-e-bebidas-da-america-latina-fispal-tecnologia-2018-que-comeca-amanha-em-sao-paulo\/","og_locale":"en_US","og_type":"article","og_title":"Organiza\u00e7\u00e3o Mundial de Embalagem (WPO) participa da principal feira de alimentos e bebidas da Am\u00e9rica Latina, Fispal Tecnologia 2018, que come\u00e7a amanh\u00e3, em S\u00e3o Paulo","og_description":"Confira o melhor conte\u00fado sobre tecnologia, design e gest\u00e3o de embalagens flex\u00edveis, r\u00f3tulos e impress\u00e3o.","og_url":"https:\/\/projetopack.com.br\/en\/organizacao-mundial-de-embalagem-wpo-participa-da-principal-feira-de-alimentos-e-bebidas-da-america-latina-fispal-tecnologia-2018-que-comeca-amanha-em-sao-paulo\/","og_site_name":"ProjetoPack","article_published_time":"2018-06-25T20:08:09+00:00","article_modified_time":"2021-09-10T20:00:15+00:00","og_image":[{"url":"https:\/\/projetopack.com.br\/wp-content\/uploads\/2018\/06\/Fispal.png","type":"","width":"","height":""}],"author":"Andrea","twitter_card":"summary_large_image","twitter_creator":"@ProjetoPack","twitter_site":"@ProjetoPack","twitter_misc":{"Written by":"Andrea","Est. reading time":"2 minutes"},"schema":{"@context":"https:\/\/schema.org","@graph":[{"@type":"Article","@id":"https:\/\/projetopack.com.br\/en\/organizacao-mundial-de-embalagem-wpo-participa-da-principal-feira-de-alimentos-e-bebidas-da-america-latina-fispal-tecnologia-2018-que-comeca-amanha-em-sao-paulo\/#article","isPartOf":{"@id":"https:\/\/projetopack.com.br\/en\/organizacao-mundial-de-embalagem-wpo-participa-da-principal-feira-de-alimentos-e-bebidas-da-america-latina-fispal-tecnologia-2018-que-comeca-amanha-em-sao-paulo\/"},"author":{"name":"Andrea","@id":"https:\/\/projetopack.com.br\/#\/schema\/person\/d17c72a4bc2b7e461496dd8a14d4cef1"},"headline":"Organiza\u00e7\u00e3o Mundial de Embalagem (WPO) participa da principal feira de alimentos e bebidas da Am\u00e9rica Latina, Fispal Tecnologia 2018, que come\u00e7a amanh\u00e3, em S\u00e3o Paulo","datePublished":"2018-06-25T20:08:09+00:00","dateModified":"2021-09-10T20:00:15+00:00","mainEntityOfPage":{"@id":"https:\/\/projetopack.com.br\/en\/organizacao-mundial-de-embalagem-wpo-participa-da-principal-feira-de-alimentos-e-bebidas-da-america-latina-fispal-tecnologia-2018-que-comeca-amanha-em-sao-paulo\/"},"wordCount":378,"publisher":{"@id":"https:\/\/projetopack.com.br\/#organization"},"image":{"@id":"https:\/\/projetopack.com.br\/en\/organizacao-mundial-de-embalagem-wpo-participa-da-principal-feira-de-alimentos-e-bebidas-da-america-latina-fispal-tecnologia-2018-que-comeca-amanha-em-sao-paulo\/#primaryimage"},"thumbnailUrl":"https:\/\/projetopack.com.br\/wp-content\/uploads\/2018\/06\/Fispal.png","articleSection":["Arquivo"],"inLanguage":"en-US"},{"@type":"WebPage","@id":"https:\/\/projetopack.com.br\/en\/organizacao-mundial-de-embalagem-wpo-participa-da-principal-feira-de-alimentos-e-bebidas-da-america-latina-fispal-tecnologia-2018-que-comeca-amanha-em-sao-paulo\/","url":"https:\/\/projetopack.com.br\/en\/organizacao-mundial-de-embalagem-wpo-participa-da-principal-feira-de-alimentos-e-bebidas-da-america-latina-fispal-tecnologia-2018-que-comeca-amanha-em-sao-paulo\/","name":"Organiza\u00e7\u00e3o Mundial de Embalagem (WPO) participa da principal feira de alimentos e bebidas da Am\u00e9rica Latina, Fispal Tecnologia 2018, que come\u00e7a amanh\u00e3, em S\u00e3o Paulo - ProjetoPack","isPartOf":{"@id":"https:\/\/projetopack.com.br\/#website"},"primaryImageOfPage":{"@id":"https:\/\/projetopack.com.br\/en\/organizacao-mundial-de-embalagem-wpo-participa-da-principal-feira-de-alimentos-e-bebidas-da-america-latina-fispal-tecnologia-2018-que-comeca-amanha-em-sao-paulo\/#primaryimage"},"image":{"@id":"https:\/\/projetopack.com.br\/en\/organizacao-mundial-de-embalagem-wpo-participa-da-principal-feira-de-alimentos-e-bebidas-da-america-latina-fispal-tecnologia-2018-que-comeca-amanha-em-sao-paulo\/#primaryimage"},"thumbnailUrl":"https:\/\/projetopack.com.br\/wp-content\/uploads\/2018\/06\/Fispal.png","datePublished":"2018-06-25T20:08:09+00:00","dateModified":"2021-09-10T20:00:15+00:00","description":"Confira o melhor conte\u00fado sobre tecnologia, design e gest\u00e3o de embalagens flex\u00edveis, r\u00f3tulos e impress\u00e3o.","breadcrumb":{"@id":"https:\/\/projetopack.com.br\/en\/organizacao-mundial-de-embalagem-wpo-participa-da-principal-feira-de-alimentos-e-bebidas-da-america-latina-fispal-tecnologia-2018-que-comeca-amanha-em-sao-paulo\/#breadcrumb"},"inLanguage":"en-US","potentialAction":[{"@type":"ReadAction","target":["https:\/\/projetopack.com.br\/en\/organizacao-mundial-de-embalagem-wpo-participa-da-principal-feira-de-alimentos-e-bebidas-da-america-latina-fispal-tecnologia-2018-que-comeca-amanha-em-sao-paulo\/"]}]},{"@type":"ImageObject","inLanguage":"en-US","@id":"https:\/\/projetopack.com.br\/en\/organizacao-mundial-de-embalagem-wpo-participa-da-principal-feira-de-alimentos-e-bebidas-da-america-latina-fispal-tecnologia-2018-que-comeca-amanha-em-sao-paulo\/#primaryimage","url":"https:\/\/projetopack.com.br\/wp-content\/uploads\/2018\/06\/Fispal.png","contentUrl":"https:\/\/projetopack.com.br\/wp-content\/uploads\/2018\/06\/Fispal.png"},{"@type":"BreadcrumbList","@id":"https:\/\/projetopack.com.br\/en\/organizacao-mundial-de-embalagem-wpo-participa-da-principal-feira-de-alimentos-e-bebidas-da-america-latina-fispal-tecnologia-2018-que-comeca-amanha-em-sao-paulo\/#breadcrumb","itemListElement":[{"@type":"ListItem","position":1,"name":"P\u00e1gina Inicial","item":"https:\/\/projetopack.com.br\/"},{"@type":"ListItem","position":2,"name":"Arquivo","item":"https:\/\/projetopack.com.br\/en\/category\/arquivo\/"},{"@type":"ListItem","position":3,"name":"Organiza\u00e7\u00e3o Mundial de Embalagem (WPO) participa da principal feira de alimentos e bebidas da Am\u00e9rica Latina, Fispal Tecnologia 2018, que come\u00e7a amanh\u00e3, em S\u00e3o Paulo"}]},{"@type":"WebSite","@id":"https:\/\/projetopack.com.br\/#website","url":"https:\/\/projetopack.com.br\/","name":"ProjetoPack","description":"Consultoria e servi\u00e7os para embalagens, r\u00f3tulos, etiquetas e processos de impress\u00e3o","publisher":{"@id":"https:\/\/projetopack.com.br\/#organization"},"potentialAction":[{"@type":"SearchAction","target":{"@type":"EntryPoint","urlTemplate":"https:\/\/projetopack.com.br\/?s={search_term_string}"},"query-input":{"@type":"PropertyValueSpecification","valueRequired":true,"valueName":"search_term_string"}}],"inLanguage":"en-US"},{"@type":"Organization","@id":"https:\/\/projetopack.com.br\/#organization","name":"ProjetoPack & Associados","url":"https:\/\/projetopack.com.br\/","logo":{"@type":"ImageObject","inLanguage":"en-US","@id":"https:\/\/projetopack.com.br\/#\/schema\/logo\/image\/","url":"https:\/\/projetopack.com.br\/wp-content\/uploads\/2020\/09\/projetopack.png","contentUrl":"https:\/\/projetopack.com.br\/wp-content\/uploads\/2020\/09\/projetopack.png","width":200,"height":200,"caption":"ProjetoPack & Associados"},"image":{"@id":"https:\/\/projetopack.com.br\/#\/schema\/logo\/image\/"},"sameAs":["https:\/\/x.com\/ProjetoPack","https:\/\/www.linkedin.com\/company\/projetopack\/"]},{"@type":"Person","@id":"https:\/\/projetopack.com.br\/#\/schema\/person\/d17c72a4bc2b7e461496dd8a14d4cef1","name":"Andrea","image":{"@type":"ImageObject","inLanguage":"en-US","@id":"https:\/\/projetopack.com.br\/#\/schema\/person\/image\/","url":"https:\/\/projetopack.com.br\/wp-content\/uploads\/2026\/03\/eu-150x150.jpg","contentUrl":"https:\/\/projetopack.com.br\/wp-content\/uploads\/2026\/03\/eu-150x150.jpg","caption":"Andrea"},"url":"https:\/\/projetopack.com.br\/en\/author\/andrea\/"}]}},"_links":{"self":[{"href":"https:\/\/projetopack.com.br\/en\/wp-json\/wp\/v2\/posts\/3088","targetHints":{"allow":["GET"]}}],"collection":[{"href":"https:\/\/projetopack.com.br\/en\/wp-json\/wp\/v2\/posts"}],"about":[{"href":"https:\/\/projetopack.com.br\/en\/wp-json\/wp\/v2\/types\/post"}],"author":[{"embeddable":true,"href":"https:\/\/projetopack.com.br\/en\/wp-json\/wp\/v2\/users\/18"}],"replies":[{"embeddable":true,"href":"https:\/\/projetopack.com.br\/en\/wp-json\/wp\/v2\/comments?post=3088"}],"version-history":[{"count":0,"href":"https:\/\/projetopack.com.br\/en\/wp-json\/wp\/v2\/posts\/3088\/revisions"}],"wp:attachment":[{"href":"https:\/\/projetopack.com.br\/en\/wp-json\/wp\/v2\/media?parent=3088"}],"wp:term":[{"taxonomy":"category","embeddable":true,"href":"https:\/\/projetopack.com.br\/en\/wp-json\/wp\/v2\/categories?post=3088"},{"taxonomy":"post_tag","embeddable":true,"href":"https:\/\/projetopack.com.br\/en\/wp-json\/wp\/v2\/tags?post=3088"}],"curies":[{"name":"wp","href":"https:\/\/api.w.org\/{rel}","templated":true}]}}