{"id":3094,"date":"2018-06-28T16:25:44","date_gmt":"2018-06-28T19:25:44","guid":{"rendered":"https:\/\/www.projetopack.com.br\/2020\/?p=3094"},"modified":"2021-09-10T17:01:06","modified_gmt":"2021-09-10T20:01:06","slug":"open-house-da-bobst-foi-um-sucesso-em-publico-e-conteudo","status":"publish","type":"post","link":"https:\/\/projetopack.com.br\/en\/open-house-da-bobst-foi-um-sucesso-em-publico-e-conteudo\/","title":{"rendered":"Open house da Bobst foi um sucesso em p\u00fablico e conte\u00fado"},"content":{"rendered":"<p>Nos dias 14 e 15 de Junho , a Bobst realizou um open house para apresentar as suas mais recentes tecnologias na \u00e1rea de flexografia para o setor de r\u00f3tulos e etiquetas.<\/p>\n<p><img fetchpriority=\"high\" decoding=\"async\" class=\"aligncenter wp-image-3095 size-large\" src=\"https:\/\/projetopack.com.br\/wp-content\/uploads\/2018\/06\/Bobst-3-1024x724.jpg\" alt=\"\" width=\"1024\" height=\"724\" srcset=\"https:\/\/projetopack.com.br\/wp-content\/uploads\/2018\/06\/Bobst-3-1024x724.jpg 1024w, https:\/\/projetopack.com.br\/wp-content\/uploads\/2018\/06\/Bobst-3-300x212.jpg 300w, https:\/\/projetopack.com.br\/wp-content\/uploads\/2018\/06\/Bobst-3-600x424.jpg 600w, https:\/\/projetopack.com.br\/wp-content\/uploads\/2018\/06\/Bobst-3-768x543.jpg 768w, https:\/\/projetopack.com.br\/wp-content\/uploads\/2018\/06\/Bobst-3.jpg 1404w\" sizes=\"(max-width: 1024px) 100vw, 1024px\" \/><\/p>\n<p>Foram convidadas empresas parceiras para contribuir, juntamente com a equipe da Bobst, em curtas apresenta\u00e7\u00f5es sobre o mercado, tend\u00eancias e tecnologias.<\/p>\n<p><img decoding=\"async\" class=\"aligncenter wp-image-3096 size-large\" src=\"https:\/\/projetopack.com.br\/wp-content\/uploads\/2018\/06\/Bobst-1-1024x724.jpg\" alt=\"\" width=\"1024\" height=\"724\" srcset=\"https:\/\/projetopack.com.br\/wp-content\/uploads\/2018\/06\/Bobst-1-1024x724.jpg 1024w, https:\/\/projetopack.com.br\/wp-content\/uploads\/2018\/06\/Bobst-1-300x212.jpg 300w, https:\/\/projetopack.com.br\/wp-content\/uploads\/2018\/06\/Bobst-1-600x424.jpg 600w, https:\/\/projetopack.com.br\/wp-content\/uploads\/2018\/06\/Bobst-1-768x543.jpg 768w, https:\/\/projetopack.com.br\/wp-content\/uploads\/2018\/06\/Bobst-1.jpg 1404w\" sizes=\"(max-width: 1024px) 100vw, 1024px\" \/><\/p>\n<p>Estiveram presentes aproximadamente 150 pessoas durante os dois dias do evento, que contou com a demonstra\u00e7\u00e3o ao vivo da impressora flexogr\u00e1fica M1, produzindo r\u00f3tulos impressos com enobrecimento gr\u00e1fico mediante aplica\u00e7\u00e3o de pel\u00edculas da Kurz. A ProjetoPack &amp; Associados participou com a palestra &#8220;Tend\u00eancias de mercado &#8211; o lucro est\u00e1 na f\u00e1brica&#8221;, proferida pelo seu diretor, Aislan Baer.<\/p>\n<p><img decoding=\"async\" class=\"aligncenter wp-image-3097 size-large\" src=\"https:\/\/projetopack.com.br\/wp-content\/uploads\/2018\/06\/Bobst-4-1024x724.jpg\" alt=\"\" width=\"1024\" height=\"724\" srcset=\"https:\/\/projetopack.com.br\/wp-content\/uploads\/2018\/06\/Bobst-4-1024x724.jpg 1024w, https:\/\/projetopack.com.br\/wp-content\/uploads\/2018\/06\/Bobst-4-300x212.jpg 300w, https:\/\/projetopack.com.br\/wp-content\/uploads\/2018\/06\/Bobst-4-600x424.jpg 600w, https:\/\/projetopack.com.br\/wp-content\/uploads\/2018\/06\/Bobst-4-768x543.jpg 768w, https:\/\/projetopack.com.br\/wp-content\/uploads\/2018\/06\/Bobst-4.jpg 1404w\" sizes=\"(max-width: 1024px) 100vw, 1024px\" \/><\/p>\n<p>&nbsp;<\/p>","protected":false},"excerpt":{"rendered":"<p>Nos dias 14 e 15 de Junho , a Bobst realizou um open house para apresentar as suas mais recentes tecnologias na \u00e1rea de flexografia para o setor de r\u00f3tulos e etiquetas [&#8230;]<\/p>\n","protected":false},"author":18,"featured_media":0,"comment_status":"closed","ping_status":"closed","sticky":false,"template":"","format":"standard","meta":{"footnotes":""},"categories":[877],"tags":[],"class_list":["post-3094","post","type-post","status-publish","format-standard","hentry","category-arquivo"],"yoast_head":"<!-- This site is optimized with the Yoast SEO Premium plugin v27.1 (Yoast SEO v27.1.1) - https:\/\/yoast.com\/product\/yoast-seo-premium-wordpress\/ -->\n<title>Open house da Bobst foi um sucesso em p\u00fablico e conte\u00fado - ProjetoPack<\/title>\n<meta name=\"description\" content=\"Confira o melhor conte\u00fado sobre tecnologia, design e gest\u00e3o de embalagens flex\u00edveis, r\u00f3tulos e impress\u00e3o.\" \/>\n<meta name=\"robots\" content=\"index, follow, max-snippet:-1, max-image-preview:large, max-video-preview:-1\" \/>\n<link rel=\"canonical\" href=\"https:\/\/projetopack.com.br\/en\/open-house-da-bobst-foi-um-sucesso-em-publico-e-conteudo\/\" \/>\n<meta property=\"og:locale\" content=\"en_US\" \/>\n<meta property=\"og:type\" content=\"article\" \/>\n<meta property=\"og:title\" content=\"Open house da Bobst foi um sucesso em p\u00fablico e conte\u00fado\" \/>\n<meta property=\"og:description\" content=\"Confira o melhor conte\u00fado sobre tecnologia, design e gest\u00e3o de embalagens flex\u00edveis, r\u00f3tulos e impress\u00e3o.\" \/>\n<meta property=\"og:url\" content=\"https:\/\/projetopack.com.br\/en\/open-house-da-bobst-foi-um-sucesso-em-publico-e-conteudo\/\" \/>\n<meta property=\"og:site_name\" content=\"ProjetoPack\" \/>\n<meta property=\"article:published_time\" content=\"2018-06-28T19:25:44+00:00\" \/>\n<meta property=\"article:modified_time\" content=\"2021-09-10T20:01:06+00:00\" \/>\n<meta property=\"og:image\" content=\"https:\/\/projetopack.com.br\/wp-content\/uploads\/2018\/06\/Bobst-3-1024x724.jpg\" \/>\n<meta name=\"author\" content=\"Andrea\" \/>\n<meta name=\"twitter:card\" content=\"summary_large_image\" \/>\n<meta name=\"twitter:creator\" content=\"@ProjetoPack\" \/>\n<meta name=\"twitter:site\" content=\"@ProjetoPack\" \/>\n<meta name=\"twitter:label1\" content=\"Written by\" \/>\n\t<meta name=\"twitter:data1\" content=\"Andrea\" \/>\n\t<meta name=\"twitter:label2\" content=\"Est. reading time\" \/>\n\t<meta name=\"twitter:data2\" content=\"2 minutes\" \/>\n<script type=\"application\/ld+json\" class=\"yoast-schema-graph\">{\"@context\":\"https:\/\/schema.org\",\"@graph\":[{\"@type\":\"Article\",\"@id\":\"https:\/\/projetopack.com.br\/en\/open-house-da-bobst-foi-um-sucesso-em-publico-e-conteudo\/#article\",\"isPartOf\":{\"@id\":\"https:\/\/projetopack.com.br\/en\/open-house-da-bobst-foi-um-sucesso-em-publico-e-conteudo\/\"},\"author\":{\"name\":\"Andrea\",\"@id\":\"https:\/\/projetopack.com.br\/#\/schema\/person\/d17c72a4bc2b7e461496dd8a14d4cef1\"},\"headline\":\"Open house da Bobst foi um sucesso em p\u00fablico e conte\u00fado\",\"datePublished\":\"2018-06-28T19:25:44+00:00\",\"dateModified\":\"2021-09-10T20:01:06+00:00\",\"mainEntityOfPage\":{\"@id\":\"https:\/\/projetopack.com.br\/en\/open-house-da-bobst-foi-um-sucesso-em-publico-e-conteudo\/\"},\"wordCount\":131,\"publisher\":{\"@id\":\"https:\/\/projetopack.com.br\/#organization\"},\"image\":{\"@id\":\"https:\/\/projetopack.com.br\/en\/open-house-da-bobst-foi-um-sucesso-em-publico-e-conteudo\/#primaryimage\"},\"thumbnailUrl\":\"https:\/\/projetopack.com.br\/wp-content\/uploads\/2018\/06\/Bobst-3-1024x724.jpg\",\"articleSection\":[\"Arquivo\"],\"inLanguage\":\"en-US\"},{\"@type\":\"WebPage\",\"@id\":\"https:\/\/projetopack.com.br\/en\/open-house-da-bobst-foi-um-sucesso-em-publico-e-conteudo\/\",\"url\":\"https:\/\/projetopack.com.br\/en\/open-house-da-bobst-foi-um-sucesso-em-publico-e-conteudo\/\",\"name\":\"Open house da Bobst foi um sucesso em p\u00fablico e conte\u00fado - ProjetoPack\",\"isPartOf\":{\"@id\":\"https:\/\/projetopack.com.br\/#website\"},\"primaryImageOfPage\":{\"@id\":\"https:\/\/projetopack.com.br\/en\/open-house-da-bobst-foi-um-sucesso-em-publico-e-conteudo\/#primaryimage\"},\"image\":{\"@id\":\"https:\/\/projetopack.com.br\/en\/open-house-da-bobst-foi-um-sucesso-em-publico-e-conteudo\/#primaryimage\"},\"thumbnailUrl\":\"https:\/\/projetopack.com.br\/wp-content\/uploads\/2018\/06\/Bobst-3-1024x724.jpg\",\"datePublished\":\"2018-06-28T19:25:44+00:00\",\"dateModified\":\"2021-09-10T20:01:06+00:00\",\"description\":\"Confira o melhor conte\u00fado sobre tecnologia, design e gest\u00e3o de embalagens flex\u00edveis, r\u00f3tulos e impress\u00e3o.\",\"breadcrumb\":{\"@id\":\"https:\/\/projetopack.com.br\/en\/open-house-da-bobst-foi-um-sucesso-em-publico-e-conteudo\/#breadcrumb\"},\"inLanguage\":\"en-US\",\"potentialAction\":[{\"@type\":\"ReadAction\",\"target\":[\"https:\/\/projetopack.com.br\/en\/open-house-da-bobst-foi-um-sucesso-em-publico-e-conteudo\/\"]}]},{\"@type\":\"ImageObject\",\"inLanguage\":\"en-US\",\"@id\":\"https:\/\/projetopack.com.br\/en\/open-house-da-bobst-foi-um-sucesso-em-publico-e-conteudo\/#primaryimage\",\"url\":\"https:\/\/projetopack.com.br\/wp-content\/uploads\/2018\/06\/Bobst-3-1024x724.jpg\",\"contentUrl\":\"https:\/\/projetopack.com.br\/wp-content\/uploads\/2018\/06\/Bobst-3-1024x724.jpg\"},{\"@type\":\"BreadcrumbList\",\"@id\":\"https:\/\/projetopack.com.br\/en\/open-house-da-bobst-foi-um-sucesso-em-publico-e-conteudo\/#breadcrumb\",\"itemListElement\":[{\"@type\":\"ListItem\",\"position\":1,\"name\":\"P\u00e1gina Inicial\",\"item\":\"https:\/\/projetopack.com.br\/\"},{\"@type\":\"ListItem\",\"position\":2,\"name\":\"Arquivo\",\"item\":\"https:\/\/projetopack.com.br\/en\/category\/arquivo\/\"},{\"@type\":\"ListItem\",\"position\":3,\"name\":\"Open house da Bobst foi um sucesso em p\u00fablico e conte\u00fado\"}]},{\"@type\":\"WebSite\",\"@id\":\"https:\/\/projetopack.com.br\/#website\",\"url\":\"https:\/\/projetopack.com.br\/\",\"name\":\"ProjetoPack\",\"description\":\"Consultoria e servi\u00e7os para embalagens, r\u00f3tulos, etiquetas e processos de impress\u00e3o\",\"publisher\":{\"@id\":\"https:\/\/projetopack.com.br\/#organization\"},\"potentialAction\":[{\"@type\":\"SearchAction\",\"target\":{\"@type\":\"EntryPoint\",\"urlTemplate\":\"https:\/\/projetopack.com.br\/?s={search_term_string}\"},\"query-input\":{\"@type\":\"PropertyValueSpecification\",\"valueRequired\":true,\"valueName\":\"search_term_string\"}}],\"inLanguage\":\"en-US\"},{\"@type\":\"Organization\",\"@id\":\"https:\/\/projetopack.com.br\/#organization\",\"name\":\"ProjetoPack & Associados\",\"url\":\"https:\/\/projetopack.com.br\/\",\"logo\":{\"@type\":\"ImageObject\",\"inLanguage\":\"en-US\",\"@id\":\"https:\/\/projetopack.com.br\/#\/schema\/logo\/image\/\",\"url\":\"https:\/\/projetopack.com.br\/wp-content\/uploads\/2020\/09\/projetopack.png\",\"contentUrl\":\"https:\/\/projetopack.com.br\/wp-content\/uploads\/2020\/09\/projetopack.png\",\"width\":200,\"height\":200,\"caption\":\"ProjetoPack & Associados\"},\"image\":{\"@id\":\"https:\/\/projetopack.com.br\/#\/schema\/logo\/image\/\"},\"sameAs\":[\"https:\/\/x.com\/ProjetoPack\",\"https:\/\/www.linkedin.com\/company\/projetopack\/\"]},{\"@type\":\"Person\",\"@id\":\"https:\/\/projetopack.com.br\/#\/schema\/person\/d17c72a4bc2b7e461496dd8a14d4cef1\",\"name\":\"Andrea\",\"image\":{\"@type\":\"ImageObject\",\"inLanguage\":\"en-US\",\"@id\":\"https:\/\/projetopack.com.br\/#\/schema\/person\/image\/\",\"url\":\"https:\/\/projetopack.com.br\/wp-content\/uploads\/2026\/03\/eu-150x150.jpg\",\"contentUrl\":\"https:\/\/projetopack.com.br\/wp-content\/uploads\/2026\/03\/eu-150x150.jpg\",\"caption\":\"Andrea\"},\"url\":\"https:\/\/projetopack.com.br\/en\/author\/andrea\/\"}]}<\/script>\n<!-- \/ Yoast SEO Premium plugin. -->","yoast_head_json":{"title":"Open house da Bobst foi um sucesso em p\u00fablico e conte\u00fado - ProjetoPack","description":"Confira o melhor conte\u00fado sobre tecnologia, design e gest\u00e3o de embalagens flex\u00edveis, r\u00f3tulos e impress\u00e3o.","robots":{"index":"index","follow":"follow","max-snippet":"max-snippet:-1","max-image-preview":"max-image-preview:large","max-video-preview":"max-video-preview:-1"},"canonical":"https:\/\/projetopack.com.br\/en\/open-house-da-bobst-foi-um-sucesso-em-publico-e-conteudo\/","og_locale":"en_US","og_type":"article","og_title":"Open house da Bobst foi um sucesso em p\u00fablico e conte\u00fado","og_description":"Confira o melhor conte\u00fado sobre tecnologia, design e gest\u00e3o de embalagens flex\u00edveis, r\u00f3tulos e impress\u00e3o.","og_url":"https:\/\/projetopack.com.br\/en\/open-house-da-bobst-foi-um-sucesso-em-publico-e-conteudo\/","og_site_name":"ProjetoPack","article_published_time":"2018-06-28T19:25:44+00:00","article_modified_time":"2021-09-10T20:01:06+00:00","og_image":[{"url":"https:\/\/projetopack.com.br\/wp-content\/uploads\/2018\/06\/Bobst-3-1024x724.jpg","type":"","width":"","height":""}],"author":"Andrea","twitter_card":"summary_large_image","twitter_creator":"@ProjetoPack","twitter_site":"@ProjetoPack","twitter_misc":{"Written by":"Andrea","Est. reading time":"2 minutes"},"schema":{"@context":"https:\/\/schema.org","@graph":[{"@type":"Article","@id":"https:\/\/projetopack.com.br\/en\/open-house-da-bobst-foi-um-sucesso-em-publico-e-conteudo\/#article","isPartOf":{"@id":"https:\/\/projetopack.com.br\/en\/open-house-da-bobst-foi-um-sucesso-em-publico-e-conteudo\/"},"author":{"name":"Andrea","@id":"https:\/\/projetopack.com.br\/#\/schema\/person\/d17c72a4bc2b7e461496dd8a14d4cef1"},"headline":"Open house da Bobst foi um sucesso em p\u00fablico e conte\u00fado","datePublished":"2018-06-28T19:25:44+00:00","dateModified":"2021-09-10T20:01:06+00:00","mainEntityOfPage":{"@id":"https:\/\/projetopack.com.br\/en\/open-house-da-bobst-foi-um-sucesso-em-publico-e-conteudo\/"},"wordCount":131,"publisher":{"@id":"https:\/\/projetopack.com.br\/#organization"},"image":{"@id":"https:\/\/projetopack.com.br\/en\/open-house-da-bobst-foi-um-sucesso-em-publico-e-conteudo\/#primaryimage"},"thumbnailUrl":"https:\/\/projetopack.com.br\/wp-content\/uploads\/2018\/06\/Bobst-3-1024x724.jpg","articleSection":["Arquivo"],"inLanguage":"en-US"},{"@type":"WebPage","@id":"https:\/\/projetopack.com.br\/en\/open-house-da-bobst-foi-um-sucesso-em-publico-e-conteudo\/","url":"https:\/\/projetopack.com.br\/en\/open-house-da-bobst-foi-um-sucesso-em-publico-e-conteudo\/","name":"Open house da Bobst foi um sucesso em p\u00fablico e conte\u00fado - ProjetoPack","isPartOf":{"@id":"https:\/\/projetopack.com.br\/#website"},"primaryImageOfPage":{"@id":"https:\/\/projetopack.com.br\/en\/open-house-da-bobst-foi-um-sucesso-em-publico-e-conteudo\/#primaryimage"},"image":{"@id":"https:\/\/projetopack.com.br\/en\/open-house-da-bobst-foi-um-sucesso-em-publico-e-conteudo\/#primaryimage"},"thumbnailUrl":"https:\/\/projetopack.com.br\/wp-content\/uploads\/2018\/06\/Bobst-3-1024x724.jpg","datePublished":"2018-06-28T19:25:44+00:00","dateModified":"2021-09-10T20:01:06+00:00","description":"Confira o melhor conte\u00fado sobre tecnologia, design e gest\u00e3o de embalagens flex\u00edveis, r\u00f3tulos e impress\u00e3o.","breadcrumb":{"@id":"https:\/\/projetopack.com.br\/en\/open-house-da-bobst-foi-um-sucesso-em-publico-e-conteudo\/#breadcrumb"},"inLanguage":"en-US","potentialAction":[{"@type":"ReadAction","target":["https:\/\/projetopack.com.br\/en\/open-house-da-bobst-foi-um-sucesso-em-publico-e-conteudo\/"]}]},{"@type":"ImageObject","inLanguage":"en-US","@id":"https:\/\/projetopack.com.br\/en\/open-house-da-bobst-foi-um-sucesso-em-publico-e-conteudo\/#primaryimage","url":"https:\/\/projetopack.com.br\/wp-content\/uploads\/2018\/06\/Bobst-3-1024x724.jpg","contentUrl":"https:\/\/projetopack.com.br\/wp-content\/uploads\/2018\/06\/Bobst-3-1024x724.jpg"},{"@type":"BreadcrumbList","@id":"https:\/\/projetopack.com.br\/en\/open-house-da-bobst-foi-um-sucesso-em-publico-e-conteudo\/#breadcrumb","itemListElement":[{"@type":"ListItem","position":1,"name":"P\u00e1gina Inicial","item":"https:\/\/projetopack.com.br\/"},{"@type":"ListItem","position":2,"name":"Arquivo","item":"https:\/\/projetopack.com.br\/en\/category\/arquivo\/"},{"@type":"ListItem","position":3,"name":"Open house da Bobst foi um sucesso em p\u00fablico e conte\u00fado"}]},{"@type":"WebSite","@id":"https:\/\/projetopack.com.br\/#website","url":"https:\/\/projetopack.com.br\/","name":"ProjetoPack","description":"Consultoria e servi\u00e7os para embalagens, r\u00f3tulos, etiquetas e processos de impress\u00e3o","publisher":{"@id":"https:\/\/projetopack.com.br\/#organization"},"potentialAction":[{"@type":"SearchAction","target":{"@type":"EntryPoint","urlTemplate":"https:\/\/projetopack.com.br\/?s={search_term_string}"},"query-input":{"@type":"PropertyValueSpecification","valueRequired":true,"valueName":"search_term_string"}}],"inLanguage":"en-US"},{"@type":"Organization","@id":"https:\/\/projetopack.com.br\/#organization","name":"ProjetoPack & Associados","url":"https:\/\/projetopack.com.br\/","logo":{"@type":"ImageObject","inLanguage":"en-US","@id":"https:\/\/projetopack.com.br\/#\/schema\/logo\/image\/","url":"https:\/\/projetopack.com.br\/wp-content\/uploads\/2020\/09\/projetopack.png","contentUrl":"https:\/\/projetopack.com.br\/wp-content\/uploads\/2020\/09\/projetopack.png","width":200,"height":200,"caption":"ProjetoPack & Associados"},"image":{"@id":"https:\/\/projetopack.com.br\/#\/schema\/logo\/image\/"},"sameAs":["https:\/\/x.com\/ProjetoPack","https:\/\/www.linkedin.com\/company\/projetopack\/"]},{"@type":"Person","@id":"https:\/\/projetopack.com.br\/#\/schema\/person\/d17c72a4bc2b7e461496dd8a14d4cef1","name":"Andrea","image":{"@type":"ImageObject","inLanguage":"en-US","@id":"https:\/\/projetopack.com.br\/#\/schema\/person\/image\/","url":"https:\/\/projetopack.com.br\/wp-content\/uploads\/2026\/03\/eu-150x150.jpg","contentUrl":"https:\/\/projetopack.com.br\/wp-content\/uploads\/2026\/03\/eu-150x150.jpg","caption":"Andrea"},"url":"https:\/\/projetopack.com.br\/en\/author\/andrea\/"}]}},"_links":{"self":[{"href":"https:\/\/projetopack.com.br\/en\/wp-json\/wp\/v2\/posts\/3094","targetHints":{"allow":["GET"]}}],"collection":[{"href":"https:\/\/projetopack.com.br\/en\/wp-json\/wp\/v2\/posts"}],"about":[{"href":"https:\/\/projetopack.com.br\/en\/wp-json\/wp\/v2\/types\/post"}],"author":[{"embeddable":true,"href":"https:\/\/projetopack.com.br\/en\/wp-json\/wp\/v2\/users\/18"}],"replies":[{"embeddable":true,"href":"https:\/\/projetopack.com.br\/en\/wp-json\/wp\/v2\/comments?post=3094"}],"version-history":[{"count":0,"href":"https:\/\/projetopack.com.br\/en\/wp-json\/wp\/v2\/posts\/3094\/revisions"}],"wp:attachment":[{"href":"https:\/\/projetopack.com.br\/en\/wp-json\/wp\/v2\/media?parent=3094"}],"wp:term":[{"taxonomy":"category","embeddable":true,"href":"https:\/\/projetopack.com.br\/en\/wp-json\/wp\/v2\/categories?post=3094"},{"taxonomy":"post_tag","embeddable":true,"href":"https:\/\/projetopack.com.br\/en\/wp-json\/wp\/v2\/tags?post=3094"}],"curies":[{"name":"wp","href":"https:\/\/api.w.org\/{rel}","templated":true}]}}