{"id":3106,"date":"2018-07-04T11:32:11","date_gmt":"2018-07-04T14:32:11","guid":{"rendered":"https:\/\/www.projetopack.com.br\/2020\/?p=3106"},"modified":"2021-09-10T17:03:04","modified_gmt":"2021-09-10T20:03:04","slug":"baumgarten-all4labels-anuncia-mais-uma-fusao","status":"publish","type":"post","link":"https:\/\/projetopack.com.br\/en\/baumgarten-all4labels-anuncia-mais-uma-fusao\/","title":{"rendered":"Baumgarten All4Labels anuncia mais uma fus\u00e3o"},"content":{"rendered":"<p>Como parte do All4Labels Global Packaging Group, terceiro maior convertedor de r\u00f3tulos do mundo, o Grupo Baumgarten All4Labels anuncia outra fus\u00e3o, agora com o italiano Nuceria Group que \u00e9 l\u00edder em solu\u00e7\u00f5es para embalagens na It\u00e1lia, e expande suas opera\u00e7\u00f5es na Europa por meio de 4 f\u00e1bricas do Nuceria Group, instaladas naquele Pa\u00eds.<\/p>\n<p>Para lembrar, o All4Labels Global Packaging Group se originou no in\u00edcio de 2017 com a fus\u00e3o de tr\u00eas grandes players do meio gr\u00e1fico: Baumgarten (Brasil), RAKO (Alemanha) e X-label Group (Alemanha), e agora re\u00fane o Nuceria Group que, al\u00e9m de 4 f\u00e1bricas na It\u00e1lia, possui ainda outras instala\u00e7\u00f5es em pa\u00edses, como Alemanha, Fran\u00e7a, Russia, Romenia e Sui\u00e7a.<\/p>\n<p>Conforme o Diretor do Grupo no Brasil, Fernando Gabel, al\u00e9m de ser grande fornecedora de empresas como Colgate e Johnson &amp; Johnson\u2019s, a Nuceria possui experi\u00eancia no segmento de vinhos, sendo uma das maiores fornecedoras de r\u00f3tulos para as principais marcas de vinhos na It\u00e1lia.<\/p>\n<p>\u201cAt\u00e9 o momento, o All4Labels n\u00e3o detinha muita experi\u00eancia no ramo de bebidas na Europa e, assim, teremos mais for\u00e7a para prospectar novos clientes, utilizando o conhecimento e a tecnologia da Nuceria, que tamb\u00e9m possui vasta experi\u00eancia no segmento de r\u00f3tulos magazine. Vemos boas oportunidades para expandir nossa presen\u00e7a nesses clientes e mercados. Construir uma empresa global em solu\u00e7\u00f5es de embalagens para o setor de bebidas, al\u00e9m do setor de cosm\u00e9ticos e cuidados para o lar, \u00e9 uma de nossas prioridades\u201d, disse o Diretor.<\/p>\n<p>O Vice-Presidente de Vendas Globais do Nuceria Group, Guido Ianonne, compartilha palavras da fam\u00edlia Iannone, que \u00e9 fundadora da empresa: \u201cA Nuceria foi fundada em 1986 pelo meu pai Antonio Ianonne. Nosso objetivo \u00e9 desenvolver solu\u00e7\u00f5es inovadoras e sustent\u00e1veis para todos os nossos clientes. Estamos honrados em fazer parte da All4Labels, uma empresa l\u00edder global em solu\u00e7\u00f5es de embalagens. Vou liderar minha fam\u00edlia e toda a minha equipe para trazer todo o nosso entusiasmo, criatividade e conhecimento para unir nossas for\u00e7as e alcan\u00e7ar novas metas\u201d.<\/p>","protected":false},"excerpt":{"rendered":"<p>Baumgarten All4Labels anuncia outra fus\u00e3o, agora com o italiano Nuceria Group que \u00e9 l\u00edder em solu\u00e7\u00f5es para embalagens na It\u00e1lia, e expande suas opera\u00e7\u00f5es na Europa por meio de 4 f\u00e1bricas do Nuceria Group, instaladas naquele Pa\u00eds [&#8230;]<\/p>\n","protected":false},"author":18,"featured_media":0,"comment_status":"closed","ping_status":"closed","sticky":false,"template":"","format":"standard","meta":{"footnotes":""},"categories":[877],"tags":[],"class_list":["post-3106","post","type-post","status-publish","format-standard","hentry","category-arquivo"],"yoast_head":"<!-- This site is optimized with the Yoast SEO Premium plugin v27.1 (Yoast SEO v27.1.1) - https:\/\/yoast.com\/product\/yoast-seo-premium-wordpress\/ -->\n<title>Baumgarten All4Labels anuncia mais uma fus\u00e3o - ProjetoPack<\/title>\n<meta name=\"description\" content=\"Confira o melhor conte\u00fado sobre tecnologia, design e gest\u00e3o de embalagens flex\u00edveis, r\u00f3tulos e impress\u00e3o.\" \/>\n<meta name=\"robots\" content=\"index, follow, max-snippet:-1, max-image-preview:large, max-video-preview:-1\" \/>\n<link rel=\"canonical\" href=\"https:\/\/projetopack.com.br\/en\/baumgarten-all4labels-anuncia-mais-uma-fusao\/\" \/>\n<meta property=\"og:locale\" content=\"en_US\" \/>\n<meta property=\"og:type\" content=\"article\" \/>\n<meta property=\"og:title\" content=\"Baumgarten All4Labels anuncia mais uma fus\u00e3o\" \/>\n<meta property=\"og:description\" content=\"Confira o melhor conte\u00fado sobre tecnologia, design e gest\u00e3o de embalagens flex\u00edveis, r\u00f3tulos e impress\u00e3o.\" \/>\n<meta property=\"og:url\" content=\"https:\/\/projetopack.com.br\/en\/baumgarten-all4labels-anuncia-mais-uma-fusao\/\" \/>\n<meta property=\"og:site_name\" content=\"ProjetoPack\" \/>\n<meta property=\"article:published_time\" content=\"2018-07-04T14:32:11+00:00\" \/>\n<meta property=\"article:modified_time\" content=\"2021-09-10T20:03:04+00:00\" \/>\n<meta property=\"og:image\" content=\"https:\/\/projetopack.com.br\/wp-content\/uploads\/2020\/06\/Capa-1200x630-1.png\" \/>\n\t<meta property=\"og:image:width\" content=\"1200\" \/>\n\t<meta property=\"og:image:height\" content=\"630\" \/>\n\t<meta property=\"og:image:type\" content=\"image\/png\" \/>\n<meta name=\"author\" content=\"Andrea\" \/>\n<meta name=\"twitter:card\" content=\"summary_large_image\" \/>\n<meta name=\"twitter:creator\" content=\"@ProjetoPack\" \/>\n<meta name=\"twitter:site\" content=\"@ProjetoPack\" \/>\n<meta name=\"twitter:label1\" content=\"Written by\" \/>\n\t<meta name=\"twitter:data1\" content=\"Andrea\" \/>\n\t<meta name=\"twitter:label2\" content=\"Est. reading time\" \/>\n\t<meta name=\"twitter:data2\" content=\"2 minutes\" \/>\n<script type=\"application\/ld+json\" class=\"yoast-schema-graph\">{\"@context\":\"https:\/\/schema.org\",\"@graph\":[{\"@type\":\"Article\",\"@id\":\"https:\/\/projetopack.com.br\/en\/baumgarten-all4labels-anuncia-mais-uma-fusao\/#article\",\"isPartOf\":{\"@id\":\"https:\/\/projetopack.com.br\/en\/baumgarten-all4labels-anuncia-mais-uma-fusao\/\"},\"author\":{\"name\":\"Andrea\",\"@id\":\"https:\/\/projetopack.com.br\/#\/schema\/person\/d17c72a4bc2b7e461496dd8a14d4cef1\"},\"headline\":\"Baumgarten All4Labels anuncia mais uma fus\u00e3o\",\"datePublished\":\"2018-07-04T14:32:11+00:00\",\"dateModified\":\"2021-09-10T20:03:04+00:00\",\"mainEntityOfPage\":{\"@id\":\"https:\/\/projetopack.com.br\/en\/baumgarten-all4labels-anuncia-mais-uma-fusao\/\"},\"wordCount\":372,\"publisher\":{\"@id\":\"https:\/\/projetopack.com.br\/#organization\"},\"articleSection\":[\"Arquivo\"],\"inLanguage\":\"en-US\"},{\"@type\":\"WebPage\",\"@id\":\"https:\/\/projetopack.com.br\/en\/baumgarten-all4labels-anuncia-mais-uma-fusao\/\",\"url\":\"https:\/\/projetopack.com.br\/en\/baumgarten-all4labels-anuncia-mais-uma-fusao\/\",\"name\":\"Baumgarten All4Labels anuncia mais uma fus\u00e3o - ProjetoPack\",\"isPartOf\":{\"@id\":\"https:\/\/projetopack.com.br\/#website\"},\"datePublished\":\"2018-07-04T14:32:11+00:00\",\"dateModified\":\"2021-09-10T20:03:04+00:00\",\"description\":\"Confira o melhor conte\u00fado sobre tecnologia, design e gest\u00e3o de embalagens flex\u00edveis, r\u00f3tulos e impress\u00e3o.\",\"breadcrumb\":{\"@id\":\"https:\/\/projetopack.com.br\/en\/baumgarten-all4labels-anuncia-mais-uma-fusao\/#breadcrumb\"},\"inLanguage\":\"en-US\",\"potentialAction\":[{\"@type\":\"ReadAction\",\"target\":[\"https:\/\/projetopack.com.br\/en\/baumgarten-all4labels-anuncia-mais-uma-fusao\/\"]}]},{\"@type\":\"BreadcrumbList\",\"@id\":\"https:\/\/projetopack.com.br\/en\/baumgarten-all4labels-anuncia-mais-uma-fusao\/#breadcrumb\",\"itemListElement\":[{\"@type\":\"ListItem\",\"position\":1,\"name\":\"P\u00e1gina Inicial\",\"item\":\"https:\/\/projetopack.com.br\/\"},{\"@type\":\"ListItem\",\"position\":2,\"name\":\"Arquivo\",\"item\":\"https:\/\/projetopack.com.br\/en\/category\/arquivo\/\"},{\"@type\":\"ListItem\",\"position\":3,\"name\":\"Baumgarten All4Labels anuncia mais uma fus\u00e3o\"}]},{\"@type\":\"WebSite\",\"@id\":\"https:\/\/projetopack.com.br\/#website\",\"url\":\"https:\/\/projetopack.com.br\/\",\"name\":\"ProjetoPack\",\"description\":\"Consultoria e servi\u00e7os para embalagens, r\u00f3tulos, etiquetas e processos de impress\u00e3o\",\"publisher\":{\"@id\":\"https:\/\/projetopack.com.br\/#organization\"},\"potentialAction\":[{\"@type\":\"SearchAction\",\"target\":{\"@type\":\"EntryPoint\",\"urlTemplate\":\"https:\/\/projetopack.com.br\/?s={search_term_string}\"},\"query-input\":{\"@type\":\"PropertyValueSpecification\",\"valueRequired\":true,\"valueName\":\"search_term_string\"}}],\"inLanguage\":\"en-US\"},{\"@type\":\"Organization\",\"@id\":\"https:\/\/projetopack.com.br\/#organization\",\"name\":\"ProjetoPack & Associados\",\"url\":\"https:\/\/projetopack.com.br\/\",\"logo\":{\"@type\":\"ImageObject\",\"inLanguage\":\"en-US\",\"@id\":\"https:\/\/projetopack.com.br\/#\/schema\/logo\/image\/\",\"url\":\"https:\/\/projetopack.com.br\/wp-content\/uploads\/2020\/09\/projetopack.png\",\"contentUrl\":\"https:\/\/projetopack.com.br\/wp-content\/uploads\/2020\/09\/projetopack.png\",\"width\":200,\"height\":200,\"caption\":\"ProjetoPack & Associados\"},\"image\":{\"@id\":\"https:\/\/projetopack.com.br\/#\/schema\/logo\/image\/\"},\"sameAs\":[\"https:\/\/x.com\/ProjetoPack\",\"https:\/\/www.linkedin.com\/company\/projetopack\/\"]},{\"@type\":\"Person\",\"@id\":\"https:\/\/projetopack.com.br\/#\/schema\/person\/d17c72a4bc2b7e461496dd8a14d4cef1\",\"name\":\"Andrea\",\"image\":{\"@type\":\"ImageObject\",\"inLanguage\":\"en-US\",\"@id\":\"https:\/\/projetopack.com.br\/#\/schema\/person\/image\/\",\"url\":\"https:\/\/projetopack.com.br\/wp-content\/uploads\/2026\/03\/eu-150x150.jpg\",\"contentUrl\":\"https:\/\/projetopack.com.br\/wp-content\/uploads\/2026\/03\/eu-150x150.jpg\",\"caption\":\"Andrea\"},\"url\":\"https:\/\/projetopack.com.br\/en\/author\/andrea\/\"}]}<\/script>\n<!-- \/ Yoast SEO Premium plugin. -->","yoast_head_json":{"title":"Baumgarten All4Labels anuncia mais uma fus\u00e3o - ProjetoPack","description":"Confira o melhor conte\u00fado sobre tecnologia, design e gest\u00e3o de embalagens flex\u00edveis, r\u00f3tulos e impress\u00e3o.","robots":{"index":"index","follow":"follow","max-snippet":"max-snippet:-1","max-image-preview":"max-image-preview:large","max-video-preview":"max-video-preview:-1"},"canonical":"https:\/\/projetopack.com.br\/en\/baumgarten-all4labels-anuncia-mais-uma-fusao\/","og_locale":"en_US","og_type":"article","og_title":"Baumgarten All4Labels anuncia mais uma fus\u00e3o","og_description":"Confira o melhor conte\u00fado sobre tecnologia, design e gest\u00e3o de embalagens flex\u00edveis, r\u00f3tulos e impress\u00e3o.","og_url":"https:\/\/projetopack.com.br\/en\/baumgarten-all4labels-anuncia-mais-uma-fusao\/","og_site_name":"ProjetoPack","article_published_time":"2018-07-04T14:32:11+00:00","article_modified_time":"2021-09-10T20:03:04+00:00","og_image":[{"width":1200,"height":630,"url":"https:\/\/projetopack.com.br\/wp-content\/uploads\/2020\/06\/Capa-1200x630-1.png","type":"image\/png"}],"author":"Andrea","twitter_card":"summary_large_image","twitter_creator":"@ProjetoPack","twitter_site":"@ProjetoPack","twitter_misc":{"Written by":"Andrea","Est. reading time":"2 minutes"},"schema":{"@context":"https:\/\/schema.org","@graph":[{"@type":"Article","@id":"https:\/\/projetopack.com.br\/en\/baumgarten-all4labels-anuncia-mais-uma-fusao\/#article","isPartOf":{"@id":"https:\/\/projetopack.com.br\/en\/baumgarten-all4labels-anuncia-mais-uma-fusao\/"},"author":{"name":"Andrea","@id":"https:\/\/projetopack.com.br\/#\/schema\/person\/d17c72a4bc2b7e461496dd8a14d4cef1"},"headline":"Baumgarten All4Labels anuncia mais uma fus\u00e3o","datePublished":"2018-07-04T14:32:11+00:00","dateModified":"2021-09-10T20:03:04+00:00","mainEntityOfPage":{"@id":"https:\/\/projetopack.com.br\/en\/baumgarten-all4labels-anuncia-mais-uma-fusao\/"},"wordCount":372,"publisher":{"@id":"https:\/\/projetopack.com.br\/#organization"},"articleSection":["Arquivo"],"inLanguage":"en-US"},{"@type":"WebPage","@id":"https:\/\/projetopack.com.br\/en\/baumgarten-all4labels-anuncia-mais-uma-fusao\/","url":"https:\/\/projetopack.com.br\/en\/baumgarten-all4labels-anuncia-mais-uma-fusao\/","name":"Baumgarten All4Labels anuncia mais uma fus\u00e3o - ProjetoPack","isPartOf":{"@id":"https:\/\/projetopack.com.br\/#website"},"datePublished":"2018-07-04T14:32:11+00:00","dateModified":"2021-09-10T20:03:04+00:00","description":"Confira o melhor conte\u00fado sobre tecnologia, design e gest\u00e3o de embalagens flex\u00edveis, r\u00f3tulos e impress\u00e3o.","breadcrumb":{"@id":"https:\/\/projetopack.com.br\/en\/baumgarten-all4labels-anuncia-mais-uma-fusao\/#breadcrumb"},"inLanguage":"en-US","potentialAction":[{"@type":"ReadAction","target":["https:\/\/projetopack.com.br\/en\/baumgarten-all4labels-anuncia-mais-uma-fusao\/"]}]},{"@type":"BreadcrumbList","@id":"https:\/\/projetopack.com.br\/en\/baumgarten-all4labels-anuncia-mais-uma-fusao\/#breadcrumb","itemListElement":[{"@type":"ListItem","position":1,"name":"P\u00e1gina Inicial","item":"https:\/\/projetopack.com.br\/"},{"@type":"ListItem","position":2,"name":"Arquivo","item":"https:\/\/projetopack.com.br\/en\/category\/arquivo\/"},{"@type":"ListItem","position":3,"name":"Baumgarten All4Labels anuncia mais uma fus\u00e3o"}]},{"@type":"WebSite","@id":"https:\/\/projetopack.com.br\/#website","url":"https:\/\/projetopack.com.br\/","name":"ProjetoPack","description":"Consultoria e servi\u00e7os para embalagens, r\u00f3tulos, etiquetas e processos de impress\u00e3o","publisher":{"@id":"https:\/\/projetopack.com.br\/#organization"},"potentialAction":[{"@type":"SearchAction","target":{"@type":"EntryPoint","urlTemplate":"https:\/\/projetopack.com.br\/?s={search_term_string}"},"query-input":{"@type":"PropertyValueSpecification","valueRequired":true,"valueName":"search_term_string"}}],"inLanguage":"en-US"},{"@type":"Organization","@id":"https:\/\/projetopack.com.br\/#organization","name":"ProjetoPack & Associados","url":"https:\/\/projetopack.com.br\/","logo":{"@type":"ImageObject","inLanguage":"en-US","@id":"https:\/\/projetopack.com.br\/#\/schema\/logo\/image\/","url":"https:\/\/projetopack.com.br\/wp-content\/uploads\/2020\/09\/projetopack.png","contentUrl":"https:\/\/projetopack.com.br\/wp-content\/uploads\/2020\/09\/projetopack.png","width":200,"height":200,"caption":"ProjetoPack & Associados"},"image":{"@id":"https:\/\/projetopack.com.br\/#\/schema\/logo\/image\/"},"sameAs":["https:\/\/x.com\/ProjetoPack","https:\/\/www.linkedin.com\/company\/projetopack\/"]},{"@type":"Person","@id":"https:\/\/projetopack.com.br\/#\/schema\/person\/d17c72a4bc2b7e461496dd8a14d4cef1","name":"Andrea","image":{"@type":"ImageObject","inLanguage":"en-US","@id":"https:\/\/projetopack.com.br\/#\/schema\/person\/image\/","url":"https:\/\/projetopack.com.br\/wp-content\/uploads\/2026\/03\/eu-150x150.jpg","contentUrl":"https:\/\/projetopack.com.br\/wp-content\/uploads\/2026\/03\/eu-150x150.jpg","caption":"Andrea"},"url":"https:\/\/projetopack.com.br\/en\/author\/andrea\/"}]}},"_links":{"self":[{"href":"https:\/\/projetopack.com.br\/en\/wp-json\/wp\/v2\/posts\/3106","targetHints":{"allow":["GET"]}}],"collection":[{"href":"https:\/\/projetopack.com.br\/en\/wp-json\/wp\/v2\/posts"}],"about":[{"href":"https:\/\/projetopack.com.br\/en\/wp-json\/wp\/v2\/types\/post"}],"author":[{"embeddable":true,"href":"https:\/\/projetopack.com.br\/en\/wp-json\/wp\/v2\/users\/18"}],"replies":[{"embeddable":true,"href":"https:\/\/projetopack.com.br\/en\/wp-json\/wp\/v2\/comments?post=3106"}],"version-history":[{"count":0,"href":"https:\/\/projetopack.com.br\/en\/wp-json\/wp\/v2\/posts\/3106\/revisions"}],"wp:attachment":[{"href":"https:\/\/projetopack.com.br\/en\/wp-json\/wp\/v2\/media?parent=3106"}],"wp:term":[{"taxonomy":"category","embeddable":true,"href":"https:\/\/projetopack.com.br\/en\/wp-json\/wp\/v2\/categories?post=3106"},{"taxonomy":"post_tag","embeddable":true,"href":"https:\/\/projetopack.com.br\/en\/wp-json\/wp\/v2\/tags?post=3106"}],"curies":[{"name":"wp","href":"https:\/\/api.w.org\/{rel}","templated":true}]}}