{"id":3129,"date":"2018-07-13T17:10:23","date_gmt":"2018-07-13T20:10:23","guid":{"rendered":"https:\/\/www.projetopack.com.br\/2020\/?p=3129"},"modified":"2021-09-10T17:04:37","modified_gmt":"2021-09-10T20:04:37","slug":"efi-consolida-parceria-com-coralis-para-solucao-fiery-xf","status":"publish","type":"post","link":"https:\/\/projetopack.com.br\/en\/efi-consolida-parceria-com-coralis-para-solucao-fiery-xf\/","title":{"rendered":"EFI consolida parceria com Coralis para solu\u00e7\u00e3o Fiery XF"},"content":{"rendered":"<p>A <strong>EFI<\/strong><strong>\u2122<\/strong>, l\u00edder mundial em inova\u00e7\u00e3o e tecnologia para impress\u00e3o digital, anunciou parceria com a Coralis, l\u00edder em solu\u00e7\u00f5es para gerenciamento de cores. A empresa ser\u00e1 respons\u00e1vel pela comercializa\u00e7\u00e3o das solu\u00e7\u00f5es Fiery XF, ES2000, CPS (Color Profiler Suite), em todo territ\u00f3rio brasileiro.<\/p>\n<p>\u201cO principal objetivo desta parceria \u00e9 unir a tecnologia de ponta dos produtos EFI na linha Fiery com a expertise de 20 anos da Coralis em treinamento e gerenciamento de cores para a ind\u00fastria gr\u00e1fica. A soma de tecnologia e servi\u00e7os profissionais de excel\u00eancia \u00e9 a chave para a completa satisfa\u00e7\u00e3o dos nossos clientes\u201d, disse Marcelo Tomoyose, sales development manager de Fiery.<\/p>\n<p>\u201cPara n\u00f3s, as expectativas s\u00e3o positivas pois a linha de produtos para gerenciamento de cores da EFI \u00e9 mundialmente reconhecida com solu\u00e7\u00f5es bastante consolidadas no mercado de impressoras digitais com tecnologia inkjet e toner laser\u201d, disse Pedro Gargalaca, diretor da Coralis.<\/p>\n<p><img fetchpriority=\"high\" decoding=\"async\" class=\"aligncenter size-full wp-image-3140\" src=\"https:\/\/projetopack.com.br\/wp-content\/uploads\/2018\/07\/EFI.png\" alt=\"\" width=\"220\" height=\"251\"><\/p>\n<p><strong>EFI FIERY<\/strong><\/p>\n<p>O EFI Fiery \u00e9 um conjunto abrangente de produtos capaz de aumentar a efici\u00eancia da produ\u00e7\u00e3o de impress\u00e3o com os fluxos de trabalho automatizados, maximizar o uso da capacidade do mecanismo de impress\u00e3o, processar mais trabalhos rapidamente &#8211; independentemente da complexidade, reduzir os custos de m\u00e3o de obra e auxiliar o neg\u00f3cio a oferecer novos servi\u00e7os de maior lucro e valor agregado.<\/p>","protected":false},"excerpt":{"rendered":"<p>A EFI\u2122, l\u00edder mundial em inova\u00e7\u00e3o e tecnologia para impress\u00e3o digital, anunciou parceria com a Coralis, l\u00edder em solu\u00e7\u00f5es para gerenciamento de cores [&#8230;]<\/p>\n","protected":false},"author":18,"featured_media":0,"comment_status":"closed","ping_status":"closed","sticky":false,"template":"","format":"standard","meta":{"footnotes":""},"categories":[877],"tags":[],"class_list":["post-3129","post","type-post","status-publish","format-standard","hentry","category-arquivo"],"yoast_head":"<!-- This site is optimized with the Yoast SEO Premium plugin v27.1 (Yoast SEO v27.1.1) - https:\/\/yoast.com\/product\/yoast-seo-premium-wordpress\/ -->\n<title>EFI consolida parceria com Coralis para solu\u00e7\u00e3o Fiery XF - ProjetoPack<\/title>\n<meta name=\"description\" content=\"Confira o melhor conte\u00fado sobre tecnologia, design e gest\u00e3o de embalagens flex\u00edveis, r\u00f3tulos e impress\u00e3o.\" \/>\n<meta name=\"robots\" content=\"index, follow, max-snippet:-1, max-image-preview:large, max-video-preview:-1\" \/>\n<link rel=\"canonical\" href=\"https:\/\/projetopack.com.br\/en\/efi-consolida-parceria-com-coralis-para-solucao-fiery-xf\/\" \/>\n<meta property=\"og:locale\" content=\"en_US\" \/>\n<meta property=\"og:type\" content=\"article\" \/>\n<meta property=\"og:title\" content=\"EFI consolida parceria com Coralis para solu\u00e7\u00e3o Fiery XF\" \/>\n<meta property=\"og:description\" content=\"Confira o melhor conte\u00fado sobre tecnologia, design e gest\u00e3o de embalagens flex\u00edveis, r\u00f3tulos e impress\u00e3o.\" \/>\n<meta property=\"og:url\" content=\"https:\/\/projetopack.com.br\/en\/efi-consolida-parceria-com-coralis-para-solucao-fiery-xf\/\" \/>\n<meta property=\"og:site_name\" content=\"ProjetoPack\" \/>\n<meta property=\"article:published_time\" content=\"2018-07-13T20:10:23+00:00\" \/>\n<meta property=\"article:modified_time\" content=\"2021-09-10T20:04:37+00:00\" \/>\n<meta property=\"og:image\" content=\"https:\/\/projetopack.com.br\/wp-content\/uploads\/2018\/07\/EFI.png\" \/>\n<meta name=\"author\" content=\"Andrea\" \/>\n<meta name=\"twitter:card\" content=\"summary_large_image\" \/>\n<meta name=\"twitter:creator\" content=\"@ProjetoPack\" \/>\n<meta name=\"twitter:site\" content=\"@ProjetoPack\" \/>\n<meta name=\"twitter:label1\" content=\"Written by\" \/>\n\t<meta name=\"twitter:data1\" content=\"Andrea\" \/>\n\t<meta name=\"twitter:label2\" content=\"Est. reading time\" \/>\n\t<meta name=\"twitter:data2\" content=\"2 minutes\" \/>\n<script type=\"application\/ld+json\" class=\"yoast-schema-graph\">{\"@context\":\"https:\/\/schema.org\",\"@graph\":[{\"@type\":\"Article\",\"@id\":\"https:\/\/projetopack.com.br\/en\/efi-consolida-parceria-com-coralis-para-solucao-fiery-xf\/#article\",\"isPartOf\":{\"@id\":\"https:\/\/projetopack.com.br\/en\/efi-consolida-parceria-com-coralis-para-solucao-fiery-xf\/\"},\"author\":{\"name\":\"Andrea\",\"@id\":\"https:\/\/projetopack.com.br\/#\/schema\/person\/d17c72a4bc2b7e461496dd8a14d4cef1\"},\"headline\":\"EFI consolida parceria com Coralis para solu\u00e7\u00e3o Fiery XF\",\"datePublished\":\"2018-07-13T20:10:23+00:00\",\"dateModified\":\"2021-09-10T20:04:37+00:00\",\"mainEntityOfPage\":{\"@id\":\"https:\/\/projetopack.com.br\/en\/efi-consolida-parceria-com-coralis-para-solucao-fiery-xf\/\"},\"wordCount\":238,\"publisher\":{\"@id\":\"https:\/\/projetopack.com.br\/#organization\"},\"image\":{\"@id\":\"https:\/\/projetopack.com.br\/en\/efi-consolida-parceria-com-coralis-para-solucao-fiery-xf\/#primaryimage\"},\"thumbnailUrl\":\"https:\/\/projetopack.com.br\/wp-content\/uploads\/2018\/07\/EFI.png\",\"articleSection\":[\"Arquivo\"],\"inLanguage\":\"en-US\"},{\"@type\":\"WebPage\",\"@id\":\"https:\/\/projetopack.com.br\/en\/efi-consolida-parceria-com-coralis-para-solucao-fiery-xf\/\",\"url\":\"https:\/\/projetopack.com.br\/en\/efi-consolida-parceria-com-coralis-para-solucao-fiery-xf\/\",\"name\":\"EFI consolida parceria com Coralis para solu\u00e7\u00e3o Fiery XF - ProjetoPack\",\"isPartOf\":{\"@id\":\"https:\/\/projetopack.com.br\/#website\"},\"primaryImageOfPage\":{\"@id\":\"https:\/\/projetopack.com.br\/en\/efi-consolida-parceria-com-coralis-para-solucao-fiery-xf\/#primaryimage\"},\"image\":{\"@id\":\"https:\/\/projetopack.com.br\/en\/efi-consolida-parceria-com-coralis-para-solucao-fiery-xf\/#primaryimage\"},\"thumbnailUrl\":\"https:\/\/projetopack.com.br\/wp-content\/uploads\/2018\/07\/EFI.png\",\"datePublished\":\"2018-07-13T20:10:23+00:00\",\"dateModified\":\"2021-09-10T20:04:37+00:00\",\"description\":\"Confira o melhor conte\u00fado sobre tecnologia, design e gest\u00e3o de embalagens flex\u00edveis, r\u00f3tulos e impress\u00e3o.\",\"breadcrumb\":{\"@id\":\"https:\/\/projetopack.com.br\/en\/efi-consolida-parceria-com-coralis-para-solucao-fiery-xf\/#breadcrumb\"},\"inLanguage\":\"en-US\",\"potentialAction\":[{\"@type\":\"ReadAction\",\"target\":[\"https:\/\/projetopack.com.br\/en\/efi-consolida-parceria-com-coralis-para-solucao-fiery-xf\/\"]}]},{\"@type\":\"ImageObject\",\"inLanguage\":\"en-US\",\"@id\":\"https:\/\/projetopack.com.br\/en\/efi-consolida-parceria-com-coralis-para-solucao-fiery-xf\/#primaryimage\",\"url\":\"https:\/\/projetopack.com.br\/wp-content\/uploads\/2018\/07\/EFI.png\",\"contentUrl\":\"https:\/\/projetopack.com.br\/wp-content\/uploads\/2018\/07\/EFI.png\"},{\"@type\":\"BreadcrumbList\",\"@id\":\"https:\/\/projetopack.com.br\/en\/efi-consolida-parceria-com-coralis-para-solucao-fiery-xf\/#breadcrumb\",\"itemListElement\":[{\"@type\":\"ListItem\",\"position\":1,\"name\":\"P\u00e1gina Inicial\",\"item\":\"https:\/\/projetopack.com.br\/\"},{\"@type\":\"ListItem\",\"position\":2,\"name\":\"Arquivo\",\"item\":\"https:\/\/projetopack.com.br\/en\/category\/arquivo\/\"},{\"@type\":\"ListItem\",\"position\":3,\"name\":\"EFI consolida parceria com Coralis para solu\u00e7\u00e3o Fiery XF\"}]},{\"@type\":\"WebSite\",\"@id\":\"https:\/\/projetopack.com.br\/#website\",\"url\":\"https:\/\/projetopack.com.br\/\",\"name\":\"ProjetoPack\",\"description\":\"Consultoria e servi\u00e7os para embalagens, r\u00f3tulos, etiquetas e processos de impress\u00e3o\",\"publisher\":{\"@id\":\"https:\/\/projetopack.com.br\/#organization\"},\"potentialAction\":[{\"@type\":\"SearchAction\",\"target\":{\"@type\":\"EntryPoint\",\"urlTemplate\":\"https:\/\/projetopack.com.br\/?s={search_term_string}\"},\"query-input\":{\"@type\":\"PropertyValueSpecification\",\"valueRequired\":true,\"valueName\":\"search_term_string\"}}],\"inLanguage\":\"en-US\"},{\"@type\":\"Organization\",\"@id\":\"https:\/\/projetopack.com.br\/#organization\",\"name\":\"ProjetoPack & Associados\",\"url\":\"https:\/\/projetopack.com.br\/\",\"logo\":{\"@type\":\"ImageObject\",\"inLanguage\":\"en-US\",\"@id\":\"https:\/\/projetopack.com.br\/#\/schema\/logo\/image\/\",\"url\":\"https:\/\/projetopack.com.br\/wp-content\/uploads\/2020\/09\/projetopack.png\",\"contentUrl\":\"https:\/\/projetopack.com.br\/wp-content\/uploads\/2020\/09\/projetopack.png\",\"width\":200,\"height\":200,\"caption\":\"ProjetoPack & Associados\"},\"image\":{\"@id\":\"https:\/\/projetopack.com.br\/#\/schema\/logo\/image\/\"},\"sameAs\":[\"https:\/\/x.com\/ProjetoPack\",\"https:\/\/www.linkedin.com\/company\/projetopack\/\"]},{\"@type\":\"Person\",\"@id\":\"https:\/\/projetopack.com.br\/#\/schema\/person\/d17c72a4bc2b7e461496dd8a14d4cef1\",\"name\":\"Andrea\",\"image\":{\"@type\":\"ImageObject\",\"inLanguage\":\"en-US\",\"@id\":\"https:\/\/projetopack.com.br\/#\/schema\/person\/image\/\",\"url\":\"https:\/\/projetopack.com.br\/wp-content\/uploads\/2026\/03\/eu-150x150.jpg\",\"contentUrl\":\"https:\/\/projetopack.com.br\/wp-content\/uploads\/2026\/03\/eu-150x150.jpg\",\"caption\":\"Andrea\"},\"url\":\"https:\/\/projetopack.com.br\/en\/author\/andrea\/\"}]}<\/script>\n<!-- \/ Yoast SEO Premium plugin. -->","yoast_head_json":{"title":"EFI consolida parceria com Coralis para solu\u00e7\u00e3o Fiery XF - ProjetoPack","description":"Confira o melhor conte\u00fado sobre tecnologia, design e gest\u00e3o de embalagens flex\u00edveis, r\u00f3tulos e impress\u00e3o.","robots":{"index":"index","follow":"follow","max-snippet":"max-snippet:-1","max-image-preview":"max-image-preview:large","max-video-preview":"max-video-preview:-1"},"canonical":"https:\/\/projetopack.com.br\/en\/efi-consolida-parceria-com-coralis-para-solucao-fiery-xf\/","og_locale":"en_US","og_type":"article","og_title":"EFI consolida parceria com Coralis para solu\u00e7\u00e3o Fiery XF","og_description":"Confira o melhor conte\u00fado sobre tecnologia, design e gest\u00e3o de embalagens flex\u00edveis, r\u00f3tulos e impress\u00e3o.","og_url":"https:\/\/projetopack.com.br\/en\/efi-consolida-parceria-com-coralis-para-solucao-fiery-xf\/","og_site_name":"ProjetoPack","article_published_time":"2018-07-13T20:10:23+00:00","article_modified_time":"2021-09-10T20:04:37+00:00","og_image":[{"url":"https:\/\/projetopack.com.br\/wp-content\/uploads\/2018\/07\/EFI.png","type":"","width":"","height":""}],"author":"Andrea","twitter_card":"summary_large_image","twitter_creator":"@ProjetoPack","twitter_site":"@ProjetoPack","twitter_misc":{"Written by":"Andrea","Est. reading time":"2 minutes"},"schema":{"@context":"https:\/\/schema.org","@graph":[{"@type":"Article","@id":"https:\/\/projetopack.com.br\/en\/efi-consolida-parceria-com-coralis-para-solucao-fiery-xf\/#article","isPartOf":{"@id":"https:\/\/projetopack.com.br\/en\/efi-consolida-parceria-com-coralis-para-solucao-fiery-xf\/"},"author":{"name":"Andrea","@id":"https:\/\/projetopack.com.br\/#\/schema\/person\/d17c72a4bc2b7e461496dd8a14d4cef1"},"headline":"EFI consolida parceria com Coralis para solu\u00e7\u00e3o Fiery XF","datePublished":"2018-07-13T20:10:23+00:00","dateModified":"2021-09-10T20:04:37+00:00","mainEntityOfPage":{"@id":"https:\/\/projetopack.com.br\/en\/efi-consolida-parceria-com-coralis-para-solucao-fiery-xf\/"},"wordCount":238,"publisher":{"@id":"https:\/\/projetopack.com.br\/#organization"},"image":{"@id":"https:\/\/projetopack.com.br\/en\/efi-consolida-parceria-com-coralis-para-solucao-fiery-xf\/#primaryimage"},"thumbnailUrl":"https:\/\/projetopack.com.br\/wp-content\/uploads\/2018\/07\/EFI.png","articleSection":["Arquivo"],"inLanguage":"en-US"},{"@type":"WebPage","@id":"https:\/\/projetopack.com.br\/en\/efi-consolida-parceria-com-coralis-para-solucao-fiery-xf\/","url":"https:\/\/projetopack.com.br\/en\/efi-consolida-parceria-com-coralis-para-solucao-fiery-xf\/","name":"EFI consolida parceria com Coralis para solu\u00e7\u00e3o Fiery XF - ProjetoPack","isPartOf":{"@id":"https:\/\/projetopack.com.br\/#website"},"primaryImageOfPage":{"@id":"https:\/\/projetopack.com.br\/en\/efi-consolida-parceria-com-coralis-para-solucao-fiery-xf\/#primaryimage"},"image":{"@id":"https:\/\/projetopack.com.br\/en\/efi-consolida-parceria-com-coralis-para-solucao-fiery-xf\/#primaryimage"},"thumbnailUrl":"https:\/\/projetopack.com.br\/wp-content\/uploads\/2018\/07\/EFI.png","datePublished":"2018-07-13T20:10:23+00:00","dateModified":"2021-09-10T20:04:37+00:00","description":"Confira o melhor conte\u00fado sobre tecnologia, design e gest\u00e3o de embalagens flex\u00edveis, r\u00f3tulos e impress\u00e3o.","breadcrumb":{"@id":"https:\/\/projetopack.com.br\/en\/efi-consolida-parceria-com-coralis-para-solucao-fiery-xf\/#breadcrumb"},"inLanguage":"en-US","potentialAction":[{"@type":"ReadAction","target":["https:\/\/projetopack.com.br\/en\/efi-consolida-parceria-com-coralis-para-solucao-fiery-xf\/"]}]},{"@type":"ImageObject","inLanguage":"en-US","@id":"https:\/\/projetopack.com.br\/en\/efi-consolida-parceria-com-coralis-para-solucao-fiery-xf\/#primaryimage","url":"https:\/\/projetopack.com.br\/wp-content\/uploads\/2018\/07\/EFI.png","contentUrl":"https:\/\/projetopack.com.br\/wp-content\/uploads\/2018\/07\/EFI.png"},{"@type":"BreadcrumbList","@id":"https:\/\/projetopack.com.br\/en\/efi-consolida-parceria-com-coralis-para-solucao-fiery-xf\/#breadcrumb","itemListElement":[{"@type":"ListItem","position":1,"name":"P\u00e1gina Inicial","item":"https:\/\/projetopack.com.br\/"},{"@type":"ListItem","position":2,"name":"Arquivo","item":"https:\/\/projetopack.com.br\/en\/category\/arquivo\/"},{"@type":"ListItem","position":3,"name":"EFI consolida parceria com Coralis para solu\u00e7\u00e3o Fiery XF"}]},{"@type":"WebSite","@id":"https:\/\/projetopack.com.br\/#website","url":"https:\/\/projetopack.com.br\/","name":"ProjetoPack","description":"Consultoria e servi\u00e7os para embalagens, r\u00f3tulos, etiquetas e processos de impress\u00e3o","publisher":{"@id":"https:\/\/projetopack.com.br\/#organization"},"potentialAction":[{"@type":"SearchAction","target":{"@type":"EntryPoint","urlTemplate":"https:\/\/projetopack.com.br\/?s={search_term_string}"},"query-input":{"@type":"PropertyValueSpecification","valueRequired":true,"valueName":"search_term_string"}}],"inLanguage":"en-US"},{"@type":"Organization","@id":"https:\/\/projetopack.com.br\/#organization","name":"ProjetoPack & Associados","url":"https:\/\/projetopack.com.br\/","logo":{"@type":"ImageObject","inLanguage":"en-US","@id":"https:\/\/projetopack.com.br\/#\/schema\/logo\/image\/","url":"https:\/\/projetopack.com.br\/wp-content\/uploads\/2020\/09\/projetopack.png","contentUrl":"https:\/\/projetopack.com.br\/wp-content\/uploads\/2020\/09\/projetopack.png","width":200,"height":200,"caption":"ProjetoPack & Associados"},"image":{"@id":"https:\/\/projetopack.com.br\/#\/schema\/logo\/image\/"},"sameAs":["https:\/\/x.com\/ProjetoPack","https:\/\/www.linkedin.com\/company\/projetopack\/"]},{"@type":"Person","@id":"https:\/\/projetopack.com.br\/#\/schema\/person\/d17c72a4bc2b7e461496dd8a14d4cef1","name":"Andrea","image":{"@type":"ImageObject","inLanguage":"en-US","@id":"https:\/\/projetopack.com.br\/#\/schema\/person\/image\/","url":"https:\/\/projetopack.com.br\/wp-content\/uploads\/2026\/03\/eu-150x150.jpg","contentUrl":"https:\/\/projetopack.com.br\/wp-content\/uploads\/2026\/03\/eu-150x150.jpg","caption":"Andrea"},"url":"https:\/\/projetopack.com.br\/en\/author\/andrea\/"}]}},"_links":{"self":[{"href":"https:\/\/projetopack.com.br\/en\/wp-json\/wp\/v2\/posts\/3129","targetHints":{"allow":["GET"]}}],"collection":[{"href":"https:\/\/projetopack.com.br\/en\/wp-json\/wp\/v2\/posts"}],"about":[{"href":"https:\/\/projetopack.com.br\/en\/wp-json\/wp\/v2\/types\/post"}],"author":[{"embeddable":true,"href":"https:\/\/projetopack.com.br\/en\/wp-json\/wp\/v2\/users\/18"}],"replies":[{"embeddable":true,"href":"https:\/\/projetopack.com.br\/en\/wp-json\/wp\/v2\/comments?post=3129"}],"version-history":[{"count":0,"href":"https:\/\/projetopack.com.br\/en\/wp-json\/wp\/v2\/posts\/3129\/revisions"}],"wp:attachment":[{"href":"https:\/\/projetopack.com.br\/en\/wp-json\/wp\/v2\/media?parent=3129"}],"wp:term":[{"taxonomy":"category","embeddable":true,"href":"https:\/\/projetopack.com.br\/en\/wp-json\/wp\/v2\/categories?post=3129"},{"taxonomy":"post_tag","embeddable":true,"href":"https:\/\/projetopack.com.br\/en\/wp-json\/wp\/v2\/tags?post=3129"}],"curies":[{"name":"wp","href":"https:\/\/api.w.org\/{rel}","templated":true}]}}