{"id":3133,"date":"2018-07-13T17:14:23","date_gmt":"2018-07-13T20:14:23","guid":{"rendered":"https:\/\/www.projetopack.com.br\/2020\/?p=3133"},"modified":"2021-09-10T17:06:34","modified_gmt":"2021-09-10T20:06:34","slug":"dupont-advanced-printing-falara-sobre-colorimetria-no-flexo-talk-show-da-abflexo-em-belo-horizonte-no-inicio-de-agosto","status":"publish","type":"post","link":"https:\/\/projetopack.com.br\/en\/dupont-advanced-printing-falara-sobre-colorimetria-no-flexo-talk-show-da-abflexo-em-belo-horizonte-no-inicio-de-agosto\/","title":{"rendered":"DuPont Advanced Printing falar\u00e1 sobre Colorimetria no Flexo Talk &#038; Show, da Abflexo, em Belo Horizonte, no in\u00edcio de agosto"},"content":{"rendered":"<p>A <strong>DuPont Advanced Printing (DuPont)<\/strong> confirmou sua participa\u00e7\u00e3o em mais uma edi\u00e7\u00e3o do Flexo Talk &amp; Show, evento organizado pela Abflexo (Associa\u00e7\u00e3o Brasileira T\u00e9cnica de Flexografia), cuja proposta \u00e9 oferecer conte\u00fado t\u00e9cnico para os participantes sobre as mais recentes tecnologias de flexografia em anilox, clich\u00eas, tintas e impressoras. A edi\u00e7\u00e3o mineira ocorrer\u00e1 em 11 de Agosto no Senai Cecoteg, na capital Belo Horizonte.<img decoding=\"async\" class=\"aligncenter size-full wp-image-3137\" src=\"https:\/\/projetopack.com.br\/wp-content\/uploads\/2018\/07\/Dupont.png\" alt=\"\" width=\"194\" height=\"235\"><\/p>\n<p><em>&nbsp; &nbsp; &nbsp; &nbsp; &nbsp; &nbsp; &nbsp; &nbsp; &nbsp; &nbsp; &nbsp; &nbsp; &nbsp; &nbsp; &nbsp; &nbsp; &nbsp; &nbsp; &nbsp; &nbsp; &nbsp; &nbsp; &nbsp; &nbsp; &nbsp; &nbsp; &nbsp; &nbsp; &nbsp; &nbsp; &nbsp; &nbsp; &nbsp; &nbsp; &nbsp; &nbsp; Diego Genari abordar\u00e1 diversos aspectos da Colorimetria.<\/em><\/p>\n<p>Diego Genari, Gerente de Vendas DuPont\u2122 Cyrel\u00ae no Brasil, ter\u00e1 como tema central de sua palestra a Colorimetria. \u201cGerenciamento de cores \u00e9 hoje um dos temas mais cr\u00edticos para que convertedores alcan\u00e7em repetibilidade, comparabilidade e previsibilidade em suas impress\u00f5es. Existem muitos benef\u00edcios na ado\u00e7\u00e3o desta metodologia aplicada \u00e0 flexografia, especialmente quando o convertedor deseja no futuro trabalhar com a gama expandida\u201d.<\/p>\n<p>As pr\u00f3ximas edi\u00e7\u00f5es do Flexo Talk &amp; Show, das quais a DuPont tamb\u00e9m participar\u00e1, est\u00e3o agendadas para 25 de Agosto (Porto Alegre \u2013 RS) e 06 de outubro (Curitiba \u2013 PR). Mais informa\u00e7\u00f5es visite <a href=\"http:\/\/www.abflexo.org.br\/\">www.abflexo.org.br<\/a>.<\/p>\n<p><strong><em>Servi\u00e7o Flexo Talk &amp; Show<\/em><\/strong><\/p>\n<ul>\n<li>11 de Agosto das 08h \u00e0s 17h<\/li>\n<li>Senai Cecoteg<\/li>\n<li>Belo Horizonte &#8211; MG<\/li>\n<\/ul>","protected":false},"excerpt":{"rendered":"<p>A DuPont Advanced Printing (DuPont) confirmou sua participa\u00e7\u00e3o em mais uma edi\u00e7\u00e3o do Flexo Talk &#038; Show, evento organizado pela Abflexo (Associa\u00e7\u00e3o Brasileira T\u00e9cnica de Flexografia), cuja proposta \u00e9 oferecer conte\u00fado t\u00e9cnico para os participantes sobre as mais recentes tecnologias de flexografia em anilox, clich\u00eas, tintas e impressoras [&#8230;]<\/p>\n","protected":false},"author":18,"featured_media":0,"comment_status":"closed","ping_status":"closed","sticky":false,"template":"","format":"standard","meta":{"footnotes":""},"categories":[877],"tags":[],"class_list":["post-3133","post","type-post","status-publish","format-standard","hentry","category-arquivo"],"yoast_head":"<!-- This site is optimized with the Yoast SEO Premium plugin v27.1 (Yoast SEO v27.1.1) - https:\/\/yoast.com\/product\/yoast-seo-premium-wordpress\/ -->\n<title>DuPont Advanced Printing falar\u00e1 sobre Colorimetria no Flexo Talk &amp; Show, da Abflexo, em Belo Horizonte, no in\u00edcio de agosto - ProjetoPack<\/title>\n<meta name=\"description\" content=\"Confira o melhor conte\u00fado sobre tecnologia, design e gest\u00e3o de embalagens flex\u00edveis, r\u00f3tulos e impress\u00e3o.\" \/>\n<meta name=\"robots\" content=\"index, follow, max-snippet:-1, max-image-preview:large, max-video-preview:-1\" \/>\n<link rel=\"canonical\" href=\"https:\/\/projetopack.com.br\/en\/dupont-advanced-printing-falara-sobre-colorimetria-no-flexo-talk-show-da-abflexo-em-belo-horizonte-no-inicio-de-agosto\/\" \/>\n<meta property=\"og:locale\" content=\"en_US\" \/>\n<meta property=\"og:type\" content=\"article\" \/>\n<meta property=\"og:title\" content=\"DuPont Advanced Printing falar\u00e1 sobre Colorimetria no Flexo Talk &amp; Show, da Abflexo, em Belo Horizonte, no in\u00edcio de agosto\" \/>\n<meta property=\"og:description\" content=\"Confira o melhor conte\u00fado sobre tecnologia, design e gest\u00e3o de embalagens flex\u00edveis, r\u00f3tulos e impress\u00e3o.\" \/>\n<meta property=\"og:url\" content=\"https:\/\/projetopack.com.br\/en\/dupont-advanced-printing-falara-sobre-colorimetria-no-flexo-talk-show-da-abflexo-em-belo-horizonte-no-inicio-de-agosto\/\" \/>\n<meta property=\"og:site_name\" content=\"ProjetoPack\" \/>\n<meta property=\"article:published_time\" content=\"2018-07-13T20:14:23+00:00\" \/>\n<meta property=\"article:modified_time\" content=\"2021-09-10T20:06:34+00:00\" \/>\n<meta property=\"og:image\" content=\"https:\/\/projetopack.com.br\/wp-content\/uploads\/2018\/07\/Dupont.png\" \/>\n<meta name=\"author\" content=\"Andrea\" \/>\n<meta name=\"twitter:card\" content=\"summary_large_image\" \/>\n<meta name=\"twitter:creator\" content=\"@ProjetoPack\" \/>\n<meta name=\"twitter:site\" content=\"@ProjetoPack\" \/>\n<meta name=\"twitter:label1\" content=\"Written by\" \/>\n\t<meta name=\"twitter:data1\" content=\"Andrea\" \/>\n\t<meta name=\"twitter:label2\" content=\"Est. reading time\" \/>\n\t<meta name=\"twitter:data2\" content=\"2 minutes\" \/>\n<script type=\"application\/ld+json\" class=\"yoast-schema-graph\">{\"@context\":\"https:\/\/schema.org\",\"@graph\":[{\"@type\":\"Article\",\"@id\":\"https:\/\/projetopack.com.br\/en\/dupont-advanced-printing-falara-sobre-colorimetria-no-flexo-talk-show-da-abflexo-em-belo-horizonte-no-inicio-de-agosto\/#article\",\"isPartOf\":{\"@id\":\"https:\/\/projetopack.com.br\/en\/dupont-advanced-printing-falara-sobre-colorimetria-no-flexo-talk-show-da-abflexo-em-belo-horizonte-no-inicio-de-agosto\/\"},\"author\":{\"name\":\"Andrea\",\"@id\":\"https:\/\/projetopack.com.br\/#\/schema\/person\/d17c72a4bc2b7e461496dd8a14d4cef1\"},\"headline\":\"DuPont Advanced Printing falar\u00e1 sobre Colorimetria no Flexo Talk &#038; Show, da Abflexo, em Belo Horizonte, no in\u00edcio de agosto\",\"datePublished\":\"2018-07-13T20:14:23+00:00\",\"dateModified\":\"2021-09-10T20:06:34+00:00\",\"mainEntityOfPage\":{\"@id\":\"https:\/\/projetopack.com.br\/en\/dupont-advanced-printing-falara-sobre-colorimetria-no-flexo-talk-show-da-abflexo-em-belo-horizonte-no-inicio-de-agosto\/\"},\"wordCount\":253,\"publisher\":{\"@id\":\"https:\/\/projetopack.com.br\/#organization\"},\"image\":{\"@id\":\"https:\/\/projetopack.com.br\/en\/dupont-advanced-printing-falara-sobre-colorimetria-no-flexo-talk-show-da-abflexo-em-belo-horizonte-no-inicio-de-agosto\/#primaryimage\"},\"thumbnailUrl\":\"https:\/\/projetopack.com.br\/wp-content\/uploads\/2018\/07\/Dupont.png\",\"articleSection\":[\"Arquivo\"],\"inLanguage\":\"en-US\"},{\"@type\":\"WebPage\",\"@id\":\"https:\/\/projetopack.com.br\/en\/dupont-advanced-printing-falara-sobre-colorimetria-no-flexo-talk-show-da-abflexo-em-belo-horizonte-no-inicio-de-agosto\/\",\"url\":\"https:\/\/projetopack.com.br\/en\/dupont-advanced-printing-falara-sobre-colorimetria-no-flexo-talk-show-da-abflexo-em-belo-horizonte-no-inicio-de-agosto\/\",\"name\":\"DuPont Advanced Printing falar\u00e1 sobre Colorimetria no Flexo Talk & Show, da Abflexo, em Belo Horizonte, no in\u00edcio de agosto - ProjetoPack\",\"isPartOf\":{\"@id\":\"https:\/\/projetopack.com.br\/#website\"},\"primaryImageOfPage\":{\"@id\":\"https:\/\/projetopack.com.br\/en\/dupont-advanced-printing-falara-sobre-colorimetria-no-flexo-talk-show-da-abflexo-em-belo-horizonte-no-inicio-de-agosto\/#primaryimage\"},\"image\":{\"@id\":\"https:\/\/projetopack.com.br\/en\/dupont-advanced-printing-falara-sobre-colorimetria-no-flexo-talk-show-da-abflexo-em-belo-horizonte-no-inicio-de-agosto\/#primaryimage\"},\"thumbnailUrl\":\"https:\/\/projetopack.com.br\/wp-content\/uploads\/2018\/07\/Dupont.png\",\"datePublished\":\"2018-07-13T20:14:23+00:00\",\"dateModified\":\"2021-09-10T20:06:34+00:00\",\"description\":\"Confira o melhor conte\u00fado sobre tecnologia, design e gest\u00e3o de embalagens flex\u00edveis, r\u00f3tulos e impress\u00e3o.\",\"breadcrumb\":{\"@id\":\"https:\/\/projetopack.com.br\/en\/dupont-advanced-printing-falara-sobre-colorimetria-no-flexo-talk-show-da-abflexo-em-belo-horizonte-no-inicio-de-agosto\/#breadcrumb\"},\"inLanguage\":\"en-US\",\"potentialAction\":[{\"@type\":\"ReadAction\",\"target\":[\"https:\/\/projetopack.com.br\/en\/dupont-advanced-printing-falara-sobre-colorimetria-no-flexo-talk-show-da-abflexo-em-belo-horizonte-no-inicio-de-agosto\/\"]}]},{\"@type\":\"ImageObject\",\"inLanguage\":\"en-US\",\"@id\":\"https:\/\/projetopack.com.br\/en\/dupont-advanced-printing-falara-sobre-colorimetria-no-flexo-talk-show-da-abflexo-em-belo-horizonte-no-inicio-de-agosto\/#primaryimage\",\"url\":\"https:\/\/projetopack.com.br\/wp-content\/uploads\/2018\/07\/Dupont.png\",\"contentUrl\":\"https:\/\/projetopack.com.br\/wp-content\/uploads\/2018\/07\/Dupont.png\"},{\"@type\":\"BreadcrumbList\",\"@id\":\"https:\/\/projetopack.com.br\/en\/dupont-advanced-printing-falara-sobre-colorimetria-no-flexo-talk-show-da-abflexo-em-belo-horizonte-no-inicio-de-agosto\/#breadcrumb\",\"itemListElement\":[{\"@type\":\"ListItem\",\"position\":1,\"name\":\"P\u00e1gina Inicial\",\"item\":\"https:\/\/projetopack.com.br\/\"},{\"@type\":\"ListItem\",\"position\":2,\"name\":\"Arquivo\",\"item\":\"https:\/\/projetopack.com.br\/en\/category\/arquivo\/\"},{\"@type\":\"ListItem\",\"position\":3,\"name\":\"DuPont Advanced Printing falar\u00e1 sobre Colorimetria no Flexo Talk &#038; Show, da Abflexo, em Belo Horizonte, no in\u00edcio de agosto\"}]},{\"@type\":\"WebSite\",\"@id\":\"https:\/\/projetopack.com.br\/#website\",\"url\":\"https:\/\/projetopack.com.br\/\",\"name\":\"ProjetoPack\",\"description\":\"Consultoria e servi\u00e7os para embalagens, r\u00f3tulos, etiquetas e processos de impress\u00e3o\",\"publisher\":{\"@id\":\"https:\/\/projetopack.com.br\/#organization\"},\"potentialAction\":[{\"@type\":\"SearchAction\",\"target\":{\"@type\":\"EntryPoint\",\"urlTemplate\":\"https:\/\/projetopack.com.br\/?s={search_term_string}\"},\"query-input\":{\"@type\":\"PropertyValueSpecification\",\"valueRequired\":true,\"valueName\":\"search_term_string\"}}],\"inLanguage\":\"en-US\"},{\"@type\":\"Organization\",\"@id\":\"https:\/\/projetopack.com.br\/#organization\",\"name\":\"ProjetoPack & Associados\",\"url\":\"https:\/\/projetopack.com.br\/\",\"logo\":{\"@type\":\"ImageObject\",\"inLanguage\":\"en-US\",\"@id\":\"https:\/\/projetopack.com.br\/#\/schema\/logo\/image\/\",\"url\":\"https:\/\/projetopack.com.br\/wp-content\/uploads\/2020\/09\/projetopack.png\",\"contentUrl\":\"https:\/\/projetopack.com.br\/wp-content\/uploads\/2020\/09\/projetopack.png\",\"width\":200,\"height\":200,\"caption\":\"ProjetoPack & Associados\"},\"image\":{\"@id\":\"https:\/\/projetopack.com.br\/#\/schema\/logo\/image\/\"},\"sameAs\":[\"https:\/\/x.com\/ProjetoPack\",\"https:\/\/www.linkedin.com\/company\/projetopack\/\"]},{\"@type\":\"Person\",\"@id\":\"https:\/\/projetopack.com.br\/#\/schema\/person\/d17c72a4bc2b7e461496dd8a14d4cef1\",\"name\":\"Andrea\",\"image\":{\"@type\":\"ImageObject\",\"inLanguage\":\"en-US\",\"@id\":\"https:\/\/projetopack.com.br\/#\/schema\/person\/image\/\",\"url\":\"https:\/\/projetopack.com.br\/wp-content\/uploads\/2026\/03\/eu-150x150.jpg\",\"contentUrl\":\"https:\/\/projetopack.com.br\/wp-content\/uploads\/2026\/03\/eu-150x150.jpg\",\"caption\":\"Andrea\"},\"url\":\"https:\/\/projetopack.com.br\/en\/author\/andrea\/\"}]}<\/script>\n<!-- \/ Yoast SEO Premium plugin. -->","yoast_head_json":{"title":"DuPont Advanced Printing falar\u00e1 sobre Colorimetria no Flexo Talk & Show, da Abflexo, em Belo Horizonte, no in\u00edcio de agosto - ProjetoPack","description":"Confira o melhor conte\u00fado sobre tecnologia, design e gest\u00e3o de embalagens flex\u00edveis, r\u00f3tulos e impress\u00e3o.","robots":{"index":"index","follow":"follow","max-snippet":"max-snippet:-1","max-image-preview":"max-image-preview:large","max-video-preview":"max-video-preview:-1"},"canonical":"https:\/\/projetopack.com.br\/en\/dupont-advanced-printing-falara-sobre-colorimetria-no-flexo-talk-show-da-abflexo-em-belo-horizonte-no-inicio-de-agosto\/","og_locale":"en_US","og_type":"article","og_title":"DuPont Advanced Printing falar\u00e1 sobre Colorimetria no Flexo Talk & Show, da Abflexo, em Belo Horizonte, no in\u00edcio de agosto","og_description":"Confira o melhor conte\u00fado sobre tecnologia, design e gest\u00e3o de embalagens flex\u00edveis, r\u00f3tulos e impress\u00e3o.","og_url":"https:\/\/projetopack.com.br\/en\/dupont-advanced-printing-falara-sobre-colorimetria-no-flexo-talk-show-da-abflexo-em-belo-horizonte-no-inicio-de-agosto\/","og_site_name":"ProjetoPack","article_published_time":"2018-07-13T20:14:23+00:00","article_modified_time":"2021-09-10T20:06:34+00:00","og_image":[{"url":"https:\/\/projetopack.com.br\/wp-content\/uploads\/2018\/07\/Dupont.png","type":"","width":"","height":""}],"author":"Andrea","twitter_card":"summary_large_image","twitter_creator":"@ProjetoPack","twitter_site":"@ProjetoPack","twitter_misc":{"Written by":"Andrea","Est. reading time":"2 minutes"},"schema":{"@context":"https:\/\/schema.org","@graph":[{"@type":"Article","@id":"https:\/\/projetopack.com.br\/en\/dupont-advanced-printing-falara-sobre-colorimetria-no-flexo-talk-show-da-abflexo-em-belo-horizonte-no-inicio-de-agosto\/#article","isPartOf":{"@id":"https:\/\/projetopack.com.br\/en\/dupont-advanced-printing-falara-sobre-colorimetria-no-flexo-talk-show-da-abflexo-em-belo-horizonte-no-inicio-de-agosto\/"},"author":{"name":"Andrea","@id":"https:\/\/projetopack.com.br\/#\/schema\/person\/d17c72a4bc2b7e461496dd8a14d4cef1"},"headline":"DuPont Advanced Printing falar\u00e1 sobre Colorimetria no Flexo Talk &#038; Show, da Abflexo, em Belo Horizonte, no in\u00edcio de agosto","datePublished":"2018-07-13T20:14:23+00:00","dateModified":"2021-09-10T20:06:34+00:00","mainEntityOfPage":{"@id":"https:\/\/projetopack.com.br\/en\/dupont-advanced-printing-falara-sobre-colorimetria-no-flexo-talk-show-da-abflexo-em-belo-horizonte-no-inicio-de-agosto\/"},"wordCount":253,"publisher":{"@id":"https:\/\/projetopack.com.br\/#organization"},"image":{"@id":"https:\/\/projetopack.com.br\/en\/dupont-advanced-printing-falara-sobre-colorimetria-no-flexo-talk-show-da-abflexo-em-belo-horizonte-no-inicio-de-agosto\/#primaryimage"},"thumbnailUrl":"https:\/\/projetopack.com.br\/wp-content\/uploads\/2018\/07\/Dupont.png","articleSection":["Arquivo"],"inLanguage":"en-US"},{"@type":"WebPage","@id":"https:\/\/projetopack.com.br\/en\/dupont-advanced-printing-falara-sobre-colorimetria-no-flexo-talk-show-da-abflexo-em-belo-horizonte-no-inicio-de-agosto\/","url":"https:\/\/projetopack.com.br\/en\/dupont-advanced-printing-falara-sobre-colorimetria-no-flexo-talk-show-da-abflexo-em-belo-horizonte-no-inicio-de-agosto\/","name":"DuPont Advanced Printing falar\u00e1 sobre Colorimetria no Flexo Talk & Show, da Abflexo, em Belo Horizonte, no in\u00edcio de agosto - ProjetoPack","isPartOf":{"@id":"https:\/\/projetopack.com.br\/#website"},"primaryImageOfPage":{"@id":"https:\/\/projetopack.com.br\/en\/dupont-advanced-printing-falara-sobre-colorimetria-no-flexo-talk-show-da-abflexo-em-belo-horizonte-no-inicio-de-agosto\/#primaryimage"},"image":{"@id":"https:\/\/projetopack.com.br\/en\/dupont-advanced-printing-falara-sobre-colorimetria-no-flexo-talk-show-da-abflexo-em-belo-horizonte-no-inicio-de-agosto\/#primaryimage"},"thumbnailUrl":"https:\/\/projetopack.com.br\/wp-content\/uploads\/2018\/07\/Dupont.png","datePublished":"2018-07-13T20:14:23+00:00","dateModified":"2021-09-10T20:06:34+00:00","description":"Confira o melhor conte\u00fado sobre tecnologia, design e gest\u00e3o de embalagens flex\u00edveis, r\u00f3tulos e impress\u00e3o.","breadcrumb":{"@id":"https:\/\/projetopack.com.br\/en\/dupont-advanced-printing-falara-sobre-colorimetria-no-flexo-talk-show-da-abflexo-em-belo-horizonte-no-inicio-de-agosto\/#breadcrumb"},"inLanguage":"en-US","potentialAction":[{"@type":"ReadAction","target":["https:\/\/projetopack.com.br\/en\/dupont-advanced-printing-falara-sobre-colorimetria-no-flexo-talk-show-da-abflexo-em-belo-horizonte-no-inicio-de-agosto\/"]}]},{"@type":"ImageObject","inLanguage":"en-US","@id":"https:\/\/projetopack.com.br\/en\/dupont-advanced-printing-falara-sobre-colorimetria-no-flexo-talk-show-da-abflexo-em-belo-horizonte-no-inicio-de-agosto\/#primaryimage","url":"https:\/\/projetopack.com.br\/wp-content\/uploads\/2018\/07\/Dupont.png","contentUrl":"https:\/\/projetopack.com.br\/wp-content\/uploads\/2018\/07\/Dupont.png"},{"@type":"BreadcrumbList","@id":"https:\/\/projetopack.com.br\/en\/dupont-advanced-printing-falara-sobre-colorimetria-no-flexo-talk-show-da-abflexo-em-belo-horizonte-no-inicio-de-agosto\/#breadcrumb","itemListElement":[{"@type":"ListItem","position":1,"name":"P\u00e1gina Inicial","item":"https:\/\/projetopack.com.br\/"},{"@type":"ListItem","position":2,"name":"Arquivo","item":"https:\/\/projetopack.com.br\/en\/category\/arquivo\/"},{"@type":"ListItem","position":3,"name":"DuPont Advanced Printing falar\u00e1 sobre Colorimetria no Flexo Talk &#038; Show, da Abflexo, em Belo Horizonte, no in\u00edcio de agosto"}]},{"@type":"WebSite","@id":"https:\/\/projetopack.com.br\/#website","url":"https:\/\/projetopack.com.br\/","name":"ProjetoPack","description":"Consultoria e servi\u00e7os para embalagens, r\u00f3tulos, etiquetas e processos de impress\u00e3o","publisher":{"@id":"https:\/\/projetopack.com.br\/#organization"},"potentialAction":[{"@type":"SearchAction","target":{"@type":"EntryPoint","urlTemplate":"https:\/\/projetopack.com.br\/?s={search_term_string}"},"query-input":{"@type":"PropertyValueSpecification","valueRequired":true,"valueName":"search_term_string"}}],"inLanguage":"en-US"},{"@type":"Organization","@id":"https:\/\/projetopack.com.br\/#organization","name":"ProjetoPack & Associados","url":"https:\/\/projetopack.com.br\/","logo":{"@type":"ImageObject","inLanguage":"en-US","@id":"https:\/\/projetopack.com.br\/#\/schema\/logo\/image\/","url":"https:\/\/projetopack.com.br\/wp-content\/uploads\/2020\/09\/projetopack.png","contentUrl":"https:\/\/projetopack.com.br\/wp-content\/uploads\/2020\/09\/projetopack.png","width":200,"height":200,"caption":"ProjetoPack & Associados"},"image":{"@id":"https:\/\/projetopack.com.br\/#\/schema\/logo\/image\/"},"sameAs":["https:\/\/x.com\/ProjetoPack","https:\/\/www.linkedin.com\/company\/projetopack\/"]},{"@type":"Person","@id":"https:\/\/projetopack.com.br\/#\/schema\/person\/d17c72a4bc2b7e461496dd8a14d4cef1","name":"Andrea","image":{"@type":"ImageObject","inLanguage":"en-US","@id":"https:\/\/projetopack.com.br\/#\/schema\/person\/image\/","url":"https:\/\/projetopack.com.br\/wp-content\/uploads\/2026\/03\/eu-150x150.jpg","contentUrl":"https:\/\/projetopack.com.br\/wp-content\/uploads\/2026\/03\/eu-150x150.jpg","caption":"Andrea"},"url":"https:\/\/projetopack.com.br\/en\/author\/andrea\/"}]}},"_links":{"self":[{"href":"https:\/\/projetopack.com.br\/en\/wp-json\/wp\/v2\/posts\/3133","targetHints":{"allow":["GET"]}}],"collection":[{"href":"https:\/\/projetopack.com.br\/en\/wp-json\/wp\/v2\/posts"}],"about":[{"href":"https:\/\/projetopack.com.br\/en\/wp-json\/wp\/v2\/types\/post"}],"author":[{"embeddable":true,"href":"https:\/\/projetopack.com.br\/en\/wp-json\/wp\/v2\/users\/18"}],"replies":[{"embeddable":true,"href":"https:\/\/projetopack.com.br\/en\/wp-json\/wp\/v2\/comments?post=3133"}],"version-history":[{"count":0,"href":"https:\/\/projetopack.com.br\/en\/wp-json\/wp\/v2\/posts\/3133\/revisions"}],"wp:attachment":[{"href":"https:\/\/projetopack.com.br\/en\/wp-json\/wp\/v2\/media?parent=3133"}],"wp:term":[{"taxonomy":"category","embeddable":true,"href":"https:\/\/projetopack.com.br\/en\/wp-json\/wp\/v2\/categories?post=3133"},{"taxonomy":"post_tag","embeddable":true,"href":"https:\/\/projetopack.com.br\/en\/wp-json\/wp\/v2\/tags?post=3133"}],"curies":[{"name":"wp","href":"https:\/\/api.w.org\/{rel}","templated":true}]}}