{"id":3157,"date":"2018-07-23T15:25:53","date_gmt":"2018-07-23T18:25:53","guid":{"rendered":"https:\/\/www.projetopack.com.br\/2020\/?p=3157"},"modified":"2021-09-10T17:19:04","modified_gmt":"2021-09-10T20:19:04","slug":"dupont-advanced-printing-falara-sobre-colorimetria-no-flexo-talk-show-da-abflexo-em-porto-alegre-no-final-de-agosto","status":"publish","type":"post","link":"https:\/\/projetopack.com.br\/en\/dupont-advanced-printing-falara-sobre-colorimetria-no-flexo-talk-show-da-abflexo-em-porto-alegre-no-final-de-agosto\/","title":{"rendered":"DuPont Advanced Printing falar\u00e1 sobre Colorimetria no Flexo Talk &#038; Show, da Abflexo, em Porto Alegre, no final de agosto"},"content":{"rendered":"<p>A <strong>DuPont Advanced Printing (DuPont)<\/strong> confirmou sua participa\u00e7\u00e3o em mais uma edi\u00e7\u00e3o do Flexo Talk &amp; Show, evento organizado pela Abflexo (Associa\u00e7\u00e3o Brasileira T\u00e9cnica de Flexografia), cuja proposta \u00e9 oferecer conte\u00fado t\u00e9cnico para os participantes sobre as mais recentes tecnologias de flexografia em anilox, clich\u00eas, tintas e impressoras. A edi\u00e7\u00e3o ga\u00facha est\u00e1 agendada para 25 de Agosto no Senai Porto Alegre \u2013 Rio Grande do Sul.<\/p>\n<p><img fetchpriority=\"high\" decoding=\"async\" class=\"aligncenter size-full wp-image-3158\" src=\"https:\/\/projetopack.com.br\/wp-content\/uploads\/2018\/07\/Dupont-1.png\" alt=\"\" width=\"276\" height=\"276\" srcset=\"https:\/\/projetopack.com.br\/wp-content\/uploads\/2018\/07\/Dupont-1.png 276w, https:\/\/projetopack.com.br\/wp-content\/uploads\/2018\/07\/Dupont-1-100x100.png 100w, https:\/\/projetopack.com.br\/wp-content\/uploads\/2018\/07\/Dupont-1-150x150.png 150w\" sizes=\"(max-width: 276px) 100vw, 276px\" \/><\/p>\n<p><em>&nbsp; &nbsp; &nbsp; &nbsp; &nbsp; &nbsp; &nbsp; &nbsp; &nbsp; &nbsp; &nbsp; &nbsp; &nbsp; &nbsp; &nbsp; &nbsp; &nbsp; &nbsp; &nbsp; &nbsp; &nbsp; &nbsp; &nbsp; &nbsp; &nbsp; &nbsp; &nbsp; &nbsp; &nbsp; &nbsp; &nbsp; &nbsp; &nbsp; &nbsp; &nbsp; &nbsp; Diego Souza abordar\u00e1 diversos aspectos da Colorimetria,<br \/>\n<\/em><em>com \u00eanfase aos desafios e benef\u00edcios da implanta\u00e7\u00e3o do gerenciamento de cores. <\/em><\/p>\n<p>Diego Souza, T\u00e9cnico especialista em Pr\u00e9-impress\u00e3o de DuPont\u2122 Cyrel\u00ae no Brasil, ter\u00e1 como tema central de sua palestra a Colorimetria. \u201cAbordarei os principais desafios na implementa\u00e7\u00e3o do gerenciamento de cores, bem como os principais benef\u00edcios na ado\u00e7\u00e3o desta metodologia. Em linhas gerais sabemos que os principais resultados deste gerenciamento s\u00e3o repetibilidade, comparabilidade e previsibilidade; tudo aplicado \u00e0 flexografia.\u201d<\/p>\n<p>A \u00faltima edi\u00e7\u00e3o do ano do Flexo Talk &amp; Show ser\u00e1 em 06 de outubro (Curitiba \u2013 PR). Mais informa\u00e7\u00f5es visite <a href=\"http:\/\/www.abflexo.org.br\/\">www.abflexo.org.br<\/a>.<\/p>\n<p><strong><em>Servi\u00e7o Flexo Talk &amp; Show Porto Alegre<\/em><\/strong><\/p>\n<ul>\n<li>25 de Agosto das 08h \u00e0s 17h<\/li>\n<li>Senai Porto Alegre<\/li>\n<li>Porto Alegre &#8211; RS<\/li>\n<\/ul>","protected":false},"excerpt":{"rendered":"<p>A DuPont Advanced Printing (DuPont) confirmou sua participa\u00e7\u00e3o em mais uma edi\u00e7\u00e3o do Flexo Talk &#038; Show, evento organizado pela Abflexo (Associa\u00e7\u00e3o Brasileira T\u00e9cnica de Flexografia), cuja proposta \u00e9 oferecer conte\u00fado t\u00e9cnico para os participantes sobre as mais recentes tecnologias de flexografia em anilox, clich\u00eas, tintas e impressoras [&#8230;]<\/p>\n","protected":false},"author":18,"featured_media":0,"comment_status":"closed","ping_status":"closed","sticky":false,"template":"","format":"standard","meta":{"footnotes":""},"categories":[877],"tags":[],"class_list":["post-3157","post","type-post","status-publish","format-standard","hentry","category-arquivo"],"yoast_head":"<!-- This site is optimized with the Yoast SEO Premium plugin v27.1 (Yoast SEO v27.1.1) - https:\/\/yoast.com\/product\/yoast-seo-premium-wordpress\/ -->\n<title>DuPont Advanced Printing falar\u00e1 sobre Colorimetria no Flexo Talk &amp; Show, da Abflexo, em Porto Alegre, no final de agosto - ProjetoPack<\/title>\n<meta name=\"description\" content=\"Confira o melhor conte\u00fado sobre tecnologia, design e gest\u00e3o de embalagens flex\u00edveis, r\u00f3tulos e impress\u00e3o.\" \/>\n<meta name=\"robots\" content=\"index, follow, max-snippet:-1, max-image-preview:large, max-video-preview:-1\" \/>\n<link rel=\"canonical\" href=\"https:\/\/projetopack.com.br\/en\/dupont-advanced-printing-falara-sobre-colorimetria-no-flexo-talk-show-da-abflexo-em-porto-alegre-no-final-de-agosto\/\" \/>\n<meta property=\"og:locale\" content=\"en_US\" \/>\n<meta property=\"og:type\" content=\"article\" \/>\n<meta property=\"og:title\" content=\"DuPont Advanced Printing falar\u00e1 sobre Colorimetria no Flexo Talk &amp; Show, da Abflexo, em Porto Alegre, no final de agosto\" \/>\n<meta property=\"og:description\" content=\"Confira o melhor conte\u00fado sobre tecnologia, design e gest\u00e3o de embalagens flex\u00edveis, r\u00f3tulos e impress\u00e3o.\" \/>\n<meta property=\"og:url\" content=\"https:\/\/projetopack.com.br\/en\/dupont-advanced-printing-falara-sobre-colorimetria-no-flexo-talk-show-da-abflexo-em-porto-alegre-no-final-de-agosto\/\" \/>\n<meta property=\"og:site_name\" content=\"ProjetoPack\" \/>\n<meta property=\"article:published_time\" content=\"2018-07-23T18:25:53+00:00\" \/>\n<meta property=\"article:modified_time\" content=\"2021-09-10T20:19:04+00:00\" \/>\n<meta property=\"og:image\" content=\"https:\/\/projetopack.com.br\/wp-content\/uploads\/2018\/07\/Dupont-1.png\" \/>\n<meta name=\"author\" content=\"Andrea\" \/>\n<meta name=\"twitter:card\" content=\"summary_large_image\" \/>\n<meta name=\"twitter:creator\" content=\"@ProjetoPack\" \/>\n<meta name=\"twitter:site\" content=\"@ProjetoPack\" \/>\n<meta name=\"twitter:label1\" content=\"Written by\" \/>\n\t<meta name=\"twitter:data1\" content=\"Andrea\" \/>\n\t<meta name=\"twitter:label2\" content=\"Est. reading time\" \/>\n\t<meta name=\"twitter:data2\" content=\"2 minutes\" \/>\n<script type=\"application\/ld+json\" class=\"yoast-schema-graph\">{\"@context\":\"https:\/\/schema.org\",\"@graph\":[{\"@type\":\"Article\",\"@id\":\"https:\/\/projetopack.com.br\/en\/dupont-advanced-printing-falara-sobre-colorimetria-no-flexo-talk-show-da-abflexo-em-porto-alegre-no-final-de-agosto\/#article\",\"isPartOf\":{\"@id\":\"https:\/\/projetopack.com.br\/en\/dupont-advanced-printing-falara-sobre-colorimetria-no-flexo-talk-show-da-abflexo-em-porto-alegre-no-final-de-agosto\/\"},\"author\":{\"name\":\"Andrea\",\"@id\":\"https:\/\/projetopack.com.br\/#\/schema\/person\/d17c72a4bc2b7e461496dd8a14d4cef1\"},\"headline\":\"DuPont Advanced Printing falar\u00e1 sobre Colorimetria no Flexo Talk &#038; Show, da Abflexo, em Porto Alegre, no final de agosto\",\"datePublished\":\"2018-07-23T18:25:53+00:00\",\"dateModified\":\"2021-09-10T20:19:04+00:00\",\"mainEntityOfPage\":{\"@id\":\"https:\/\/projetopack.com.br\/en\/dupont-advanced-printing-falara-sobre-colorimetria-no-flexo-talk-show-da-abflexo-em-porto-alegre-no-final-de-agosto\/\"},\"wordCount\":258,\"publisher\":{\"@id\":\"https:\/\/projetopack.com.br\/#organization\"},\"image\":{\"@id\":\"https:\/\/projetopack.com.br\/en\/dupont-advanced-printing-falara-sobre-colorimetria-no-flexo-talk-show-da-abflexo-em-porto-alegre-no-final-de-agosto\/#primaryimage\"},\"thumbnailUrl\":\"https:\/\/projetopack.com.br\/wp-content\/uploads\/2018\/07\/Dupont-1.png\",\"articleSection\":[\"Arquivo\"],\"inLanguage\":\"en-US\"},{\"@type\":\"WebPage\",\"@id\":\"https:\/\/projetopack.com.br\/en\/dupont-advanced-printing-falara-sobre-colorimetria-no-flexo-talk-show-da-abflexo-em-porto-alegre-no-final-de-agosto\/\",\"url\":\"https:\/\/projetopack.com.br\/en\/dupont-advanced-printing-falara-sobre-colorimetria-no-flexo-talk-show-da-abflexo-em-porto-alegre-no-final-de-agosto\/\",\"name\":\"DuPont Advanced Printing falar\u00e1 sobre Colorimetria no Flexo Talk & Show, da Abflexo, em Porto Alegre, no final de agosto - ProjetoPack\",\"isPartOf\":{\"@id\":\"https:\/\/projetopack.com.br\/#website\"},\"primaryImageOfPage\":{\"@id\":\"https:\/\/projetopack.com.br\/en\/dupont-advanced-printing-falara-sobre-colorimetria-no-flexo-talk-show-da-abflexo-em-porto-alegre-no-final-de-agosto\/#primaryimage\"},\"image\":{\"@id\":\"https:\/\/projetopack.com.br\/en\/dupont-advanced-printing-falara-sobre-colorimetria-no-flexo-talk-show-da-abflexo-em-porto-alegre-no-final-de-agosto\/#primaryimage\"},\"thumbnailUrl\":\"https:\/\/projetopack.com.br\/wp-content\/uploads\/2018\/07\/Dupont-1.png\",\"datePublished\":\"2018-07-23T18:25:53+00:00\",\"dateModified\":\"2021-09-10T20:19:04+00:00\",\"description\":\"Confira o melhor conte\u00fado sobre tecnologia, design e gest\u00e3o de embalagens flex\u00edveis, r\u00f3tulos e impress\u00e3o.\",\"breadcrumb\":{\"@id\":\"https:\/\/projetopack.com.br\/en\/dupont-advanced-printing-falara-sobre-colorimetria-no-flexo-talk-show-da-abflexo-em-porto-alegre-no-final-de-agosto\/#breadcrumb\"},\"inLanguage\":\"en-US\",\"potentialAction\":[{\"@type\":\"ReadAction\",\"target\":[\"https:\/\/projetopack.com.br\/en\/dupont-advanced-printing-falara-sobre-colorimetria-no-flexo-talk-show-da-abflexo-em-porto-alegre-no-final-de-agosto\/\"]}]},{\"@type\":\"ImageObject\",\"inLanguage\":\"en-US\",\"@id\":\"https:\/\/projetopack.com.br\/en\/dupont-advanced-printing-falara-sobre-colorimetria-no-flexo-talk-show-da-abflexo-em-porto-alegre-no-final-de-agosto\/#primaryimage\",\"url\":\"https:\/\/projetopack.com.br\/wp-content\/uploads\/2018\/07\/Dupont-1.png\",\"contentUrl\":\"https:\/\/projetopack.com.br\/wp-content\/uploads\/2018\/07\/Dupont-1.png\"},{\"@type\":\"BreadcrumbList\",\"@id\":\"https:\/\/projetopack.com.br\/en\/dupont-advanced-printing-falara-sobre-colorimetria-no-flexo-talk-show-da-abflexo-em-porto-alegre-no-final-de-agosto\/#breadcrumb\",\"itemListElement\":[{\"@type\":\"ListItem\",\"position\":1,\"name\":\"P\u00e1gina Inicial\",\"item\":\"https:\/\/projetopack.com.br\/\"},{\"@type\":\"ListItem\",\"position\":2,\"name\":\"Arquivo\",\"item\":\"https:\/\/projetopack.com.br\/en\/category\/arquivo\/\"},{\"@type\":\"ListItem\",\"position\":3,\"name\":\"DuPont Advanced Printing falar\u00e1 sobre Colorimetria no Flexo Talk &#038; Show, da Abflexo, em Porto Alegre, no final de agosto\"}]},{\"@type\":\"WebSite\",\"@id\":\"https:\/\/projetopack.com.br\/#website\",\"url\":\"https:\/\/projetopack.com.br\/\",\"name\":\"ProjetoPack\",\"description\":\"Consultoria e servi\u00e7os para embalagens, r\u00f3tulos, etiquetas e processos de impress\u00e3o\",\"publisher\":{\"@id\":\"https:\/\/projetopack.com.br\/#organization\"},\"potentialAction\":[{\"@type\":\"SearchAction\",\"target\":{\"@type\":\"EntryPoint\",\"urlTemplate\":\"https:\/\/projetopack.com.br\/?s={search_term_string}\"},\"query-input\":{\"@type\":\"PropertyValueSpecification\",\"valueRequired\":true,\"valueName\":\"search_term_string\"}}],\"inLanguage\":\"en-US\"},{\"@type\":\"Organization\",\"@id\":\"https:\/\/projetopack.com.br\/#organization\",\"name\":\"ProjetoPack & Associados\",\"url\":\"https:\/\/projetopack.com.br\/\",\"logo\":{\"@type\":\"ImageObject\",\"inLanguage\":\"en-US\",\"@id\":\"https:\/\/projetopack.com.br\/#\/schema\/logo\/image\/\",\"url\":\"https:\/\/projetopack.com.br\/wp-content\/uploads\/2020\/09\/projetopack.png\",\"contentUrl\":\"https:\/\/projetopack.com.br\/wp-content\/uploads\/2020\/09\/projetopack.png\",\"width\":200,\"height\":200,\"caption\":\"ProjetoPack & Associados\"},\"image\":{\"@id\":\"https:\/\/projetopack.com.br\/#\/schema\/logo\/image\/\"},\"sameAs\":[\"https:\/\/x.com\/ProjetoPack\",\"https:\/\/www.linkedin.com\/company\/projetopack\/\"]},{\"@type\":\"Person\",\"@id\":\"https:\/\/projetopack.com.br\/#\/schema\/person\/d17c72a4bc2b7e461496dd8a14d4cef1\",\"name\":\"Andrea\",\"image\":{\"@type\":\"ImageObject\",\"inLanguage\":\"en-US\",\"@id\":\"https:\/\/projetopack.com.br\/#\/schema\/person\/image\/\",\"url\":\"https:\/\/projetopack.com.br\/wp-content\/uploads\/2026\/03\/eu-150x150.jpg\",\"contentUrl\":\"https:\/\/projetopack.com.br\/wp-content\/uploads\/2026\/03\/eu-150x150.jpg\",\"caption\":\"Andrea\"},\"url\":\"https:\/\/projetopack.com.br\/en\/author\/andrea\/\"}]}<\/script>\n<!-- \/ Yoast SEO Premium plugin. -->","yoast_head_json":{"title":"DuPont Advanced Printing falar\u00e1 sobre Colorimetria no Flexo Talk & Show, da Abflexo, em Porto Alegre, no final de agosto - ProjetoPack","description":"Confira o melhor conte\u00fado sobre tecnologia, design e gest\u00e3o de embalagens flex\u00edveis, r\u00f3tulos e impress\u00e3o.","robots":{"index":"index","follow":"follow","max-snippet":"max-snippet:-1","max-image-preview":"max-image-preview:large","max-video-preview":"max-video-preview:-1"},"canonical":"https:\/\/projetopack.com.br\/en\/dupont-advanced-printing-falara-sobre-colorimetria-no-flexo-talk-show-da-abflexo-em-porto-alegre-no-final-de-agosto\/","og_locale":"en_US","og_type":"article","og_title":"DuPont Advanced Printing falar\u00e1 sobre Colorimetria no Flexo Talk & Show, da Abflexo, em Porto Alegre, no final de agosto","og_description":"Confira o melhor conte\u00fado sobre tecnologia, design e gest\u00e3o de embalagens flex\u00edveis, r\u00f3tulos e impress\u00e3o.","og_url":"https:\/\/projetopack.com.br\/en\/dupont-advanced-printing-falara-sobre-colorimetria-no-flexo-talk-show-da-abflexo-em-porto-alegre-no-final-de-agosto\/","og_site_name":"ProjetoPack","article_published_time":"2018-07-23T18:25:53+00:00","article_modified_time":"2021-09-10T20:19:04+00:00","og_image":[{"url":"https:\/\/projetopack.com.br\/wp-content\/uploads\/2018\/07\/Dupont-1.png","type":"","width":"","height":""}],"author":"Andrea","twitter_card":"summary_large_image","twitter_creator":"@ProjetoPack","twitter_site":"@ProjetoPack","twitter_misc":{"Written by":"Andrea","Est. reading time":"2 minutes"},"schema":{"@context":"https:\/\/schema.org","@graph":[{"@type":"Article","@id":"https:\/\/projetopack.com.br\/en\/dupont-advanced-printing-falara-sobre-colorimetria-no-flexo-talk-show-da-abflexo-em-porto-alegre-no-final-de-agosto\/#article","isPartOf":{"@id":"https:\/\/projetopack.com.br\/en\/dupont-advanced-printing-falara-sobre-colorimetria-no-flexo-talk-show-da-abflexo-em-porto-alegre-no-final-de-agosto\/"},"author":{"name":"Andrea","@id":"https:\/\/projetopack.com.br\/#\/schema\/person\/d17c72a4bc2b7e461496dd8a14d4cef1"},"headline":"DuPont Advanced Printing falar\u00e1 sobre Colorimetria no Flexo Talk &#038; Show, da Abflexo, em Porto Alegre, no final de agosto","datePublished":"2018-07-23T18:25:53+00:00","dateModified":"2021-09-10T20:19:04+00:00","mainEntityOfPage":{"@id":"https:\/\/projetopack.com.br\/en\/dupont-advanced-printing-falara-sobre-colorimetria-no-flexo-talk-show-da-abflexo-em-porto-alegre-no-final-de-agosto\/"},"wordCount":258,"publisher":{"@id":"https:\/\/projetopack.com.br\/#organization"},"image":{"@id":"https:\/\/projetopack.com.br\/en\/dupont-advanced-printing-falara-sobre-colorimetria-no-flexo-talk-show-da-abflexo-em-porto-alegre-no-final-de-agosto\/#primaryimage"},"thumbnailUrl":"https:\/\/projetopack.com.br\/wp-content\/uploads\/2018\/07\/Dupont-1.png","articleSection":["Arquivo"],"inLanguage":"en-US"},{"@type":"WebPage","@id":"https:\/\/projetopack.com.br\/en\/dupont-advanced-printing-falara-sobre-colorimetria-no-flexo-talk-show-da-abflexo-em-porto-alegre-no-final-de-agosto\/","url":"https:\/\/projetopack.com.br\/en\/dupont-advanced-printing-falara-sobre-colorimetria-no-flexo-talk-show-da-abflexo-em-porto-alegre-no-final-de-agosto\/","name":"DuPont Advanced Printing falar\u00e1 sobre Colorimetria no Flexo Talk & Show, da Abflexo, em Porto Alegre, no final de agosto - ProjetoPack","isPartOf":{"@id":"https:\/\/projetopack.com.br\/#website"},"primaryImageOfPage":{"@id":"https:\/\/projetopack.com.br\/en\/dupont-advanced-printing-falara-sobre-colorimetria-no-flexo-talk-show-da-abflexo-em-porto-alegre-no-final-de-agosto\/#primaryimage"},"image":{"@id":"https:\/\/projetopack.com.br\/en\/dupont-advanced-printing-falara-sobre-colorimetria-no-flexo-talk-show-da-abflexo-em-porto-alegre-no-final-de-agosto\/#primaryimage"},"thumbnailUrl":"https:\/\/projetopack.com.br\/wp-content\/uploads\/2018\/07\/Dupont-1.png","datePublished":"2018-07-23T18:25:53+00:00","dateModified":"2021-09-10T20:19:04+00:00","description":"Confira o melhor conte\u00fado sobre tecnologia, design e gest\u00e3o de embalagens flex\u00edveis, r\u00f3tulos e impress\u00e3o.","breadcrumb":{"@id":"https:\/\/projetopack.com.br\/en\/dupont-advanced-printing-falara-sobre-colorimetria-no-flexo-talk-show-da-abflexo-em-porto-alegre-no-final-de-agosto\/#breadcrumb"},"inLanguage":"en-US","potentialAction":[{"@type":"ReadAction","target":["https:\/\/projetopack.com.br\/en\/dupont-advanced-printing-falara-sobre-colorimetria-no-flexo-talk-show-da-abflexo-em-porto-alegre-no-final-de-agosto\/"]}]},{"@type":"ImageObject","inLanguage":"en-US","@id":"https:\/\/projetopack.com.br\/en\/dupont-advanced-printing-falara-sobre-colorimetria-no-flexo-talk-show-da-abflexo-em-porto-alegre-no-final-de-agosto\/#primaryimage","url":"https:\/\/projetopack.com.br\/wp-content\/uploads\/2018\/07\/Dupont-1.png","contentUrl":"https:\/\/projetopack.com.br\/wp-content\/uploads\/2018\/07\/Dupont-1.png"},{"@type":"BreadcrumbList","@id":"https:\/\/projetopack.com.br\/en\/dupont-advanced-printing-falara-sobre-colorimetria-no-flexo-talk-show-da-abflexo-em-porto-alegre-no-final-de-agosto\/#breadcrumb","itemListElement":[{"@type":"ListItem","position":1,"name":"P\u00e1gina Inicial","item":"https:\/\/projetopack.com.br\/"},{"@type":"ListItem","position":2,"name":"Arquivo","item":"https:\/\/projetopack.com.br\/en\/category\/arquivo\/"},{"@type":"ListItem","position":3,"name":"DuPont Advanced Printing falar\u00e1 sobre Colorimetria no Flexo Talk &#038; Show, da Abflexo, em Porto Alegre, no final de agosto"}]},{"@type":"WebSite","@id":"https:\/\/projetopack.com.br\/#website","url":"https:\/\/projetopack.com.br\/","name":"ProjetoPack","description":"Consultoria e servi\u00e7os para embalagens, r\u00f3tulos, etiquetas e processos de impress\u00e3o","publisher":{"@id":"https:\/\/projetopack.com.br\/#organization"},"potentialAction":[{"@type":"SearchAction","target":{"@type":"EntryPoint","urlTemplate":"https:\/\/projetopack.com.br\/?s={search_term_string}"},"query-input":{"@type":"PropertyValueSpecification","valueRequired":true,"valueName":"search_term_string"}}],"inLanguage":"en-US"},{"@type":"Organization","@id":"https:\/\/projetopack.com.br\/#organization","name":"ProjetoPack & Associados","url":"https:\/\/projetopack.com.br\/","logo":{"@type":"ImageObject","inLanguage":"en-US","@id":"https:\/\/projetopack.com.br\/#\/schema\/logo\/image\/","url":"https:\/\/projetopack.com.br\/wp-content\/uploads\/2020\/09\/projetopack.png","contentUrl":"https:\/\/projetopack.com.br\/wp-content\/uploads\/2020\/09\/projetopack.png","width":200,"height":200,"caption":"ProjetoPack & Associados"},"image":{"@id":"https:\/\/projetopack.com.br\/#\/schema\/logo\/image\/"},"sameAs":["https:\/\/x.com\/ProjetoPack","https:\/\/www.linkedin.com\/company\/projetopack\/"]},{"@type":"Person","@id":"https:\/\/projetopack.com.br\/#\/schema\/person\/d17c72a4bc2b7e461496dd8a14d4cef1","name":"Andrea","image":{"@type":"ImageObject","inLanguage":"en-US","@id":"https:\/\/projetopack.com.br\/#\/schema\/person\/image\/","url":"https:\/\/projetopack.com.br\/wp-content\/uploads\/2026\/03\/eu-150x150.jpg","contentUrl":"https:\/\/projetopack.com.br\/wp-content\/uploads\/2026\/03\/eu-150x150.jpg","caption":"Andrea"},"url":"https:\/\/projetopack.com.br\/en\/author\/andrea\/"}]}},"_links":{"self":[{"href":"https:\/\/projetopack.com.br\/en\/wp-json\/wp\/v2\/posts\/3157","targetHints":{"allow":["GET"]}}],"collection":[{"href":"https:\/\/projetopack.com.br\/en\/wp-json\/wp\/v2\/posts"}],"about":[{"href":"https:\/\/projetopack.com.br\/en\/wp-json\/wp\/v2\/types\/post"}],"author":[{"embeddable":true,"href":"https:\/\/projetopack.com.br\/en\/wp-json\/wp\/v2\/users\/18"}],"replies":[{"embeddable":true,"href":"https:\/\/projetopack.com.br\/en\/wp-json\/wp\/v2\/comments?post=3157"}],"version-history":[{"count":0,"href":"https:\/\/projetopack.com.br\/en\/wp-json\/wp\/v2\/posts\/3157\/revisions"}],"wp:attachment":[{"href":"https:\/\/projetopack.com.br\/en\/wp-json\/wp\/v2\/media?parent=3157"}],"wp:term":[{"taxonomy":"category","embeddable":true,"href":"https:\/\/projetopack.com.br\/en\/wp-json\/wp\/v2\/categories?post=3157"},{"taxonomy":"post_tag","embeddable":true,"href":"https:\/\/projetopack.com.br\/en\/wp-json\/wp\/v2\/tags?post=3157"}],"curies":[{"name":"wp","href":"https:\/\/api.w.org\/{rel}","templated":true}]}}