{"id":3160,"date":"2018-07-23T15:28:30","date_gmt":"2018-07-23T18:28:30","guid":{"rendered":"https:\/\/www.projetopack.com.br\/2020\/?p=3160"},"modified":"2021-09-10T17:20:10","modified_gmt":"2021-09-10T20:20:10","slug":"efi-participa-da-38a-convencao-e-exposicao-internacional-acccsa-para-apresentar-solucoes-do-segmento-de-papelao-ondulado","status":"publish","type":"post","link":"https:\/\/projetopack.com.br\/en\/efi-participa-da-38a-convencao-e-exposicao-internacional-acccsa-para-apresentar-solucoes-do-segmento-de-papelao-ondulado\/","title":{"rendered":"EFI participa da 38\u00aa Conven\u00e7\u00e3o e Exposi\u00e7\u00e3o Internacional ACCCSA para apresentar solu\u00e7\u00f5es do segmento de papel\u00e3o ondulado"},"content":{"rendered":"<p>Entre os dias 11 e 13 de setembro, a <strong>EFI\u2122<\/strong>, l\u00edder mundial em inova\u00e7\u00e3o e tecnologia para impress\u00e3o digital, exibir\u00e1 as solu\u00e7\u00f5es de papel\u00e3o ondulado aos visitantes da 38\u00aa edi\u00e7\u00e3o da <strong>Conven\u00e7\u00e3o e Exposi\u00e7\u00e3o Internacional ACCCSA. <\/strong>No stand 42 da \u00e1rea de eventos dos Hot\u00e9is Marriot e Sheraton, em Bogot\u00e1, Col\u00f4mbia, o p\u00fablico ser\u00e1 recepcionado por uma equipe de especialistas da multinacional americana.<\/p>\n<p>Entre os destaques, a EFI apresentar\u00e1 o portf\u00f3lio de ponta a ponta para a ind\u00fastria de<\/p>\n<p>Corrugados, que oferece desde softwares e front-ends digitais a tintas e sistemas de impress\u00e3o jato de tinta. No stand, ser\u00e3o realizadas demonstra\u00e7\u00f5es ao vivo dos softwares Corrugated Packaging Suite e Escada System, al\u00e9m de exibir amostras de chapas, displays e sample books impressos na EFI Nozomi C18000.<\/p>\n<p>Ao longo dos tr\u00eas dias de confer\u00eancia, os visitantes poder\u00e3o conhecer em detalhes cada uma das solu\u00e7\u00f5es e tirar todas as d\u00favidas com os executivos da EFI. Ernande Ramos, diretor de vendas para Am\u00e9rica Latina, Luis Ramirez, gerente de vendas e especialista em corrugado, Gordon Ray, diretor de embalagens, Aleks Zlatic, gerente geral de embalagens, e Jose Luis Ramon, vice-presidente e gerente geral da EFI Industrial Printing, estar\u00e3o presentes.<\/p>\n<p><strong>PALESTRAS<\/strong><\/p>\n<p>Na agenda de apresenta\u00e7\u00f5es do evento, os participantes ficar\u00e3o por dentro de todas as novidades da EFI para o mercado de papel\u00e3o ondulado durante a palestra de Ernande Ramos, que acontece no dia 11 de setembro, \u00e0s 9h da manh\u00e3. Durante a apresenta\u00e7\u00e3o, o executivo abordar\u00e1 a solu\u00e7\u00e3o completa da empresa para o mercado de corrugado.<\/p>\n<p>J\u00e1 no dia 12, \u00e0s 8h30, Jose Luiz Ramon, far\u00e1 a palestra \u201cEficiencias para la producci\u00f3n del cart\u00f3n corrugado &#8211; Mejores en todo el proceso de producci\u00f3n desde la cotizaci\u00f3n hasta la impresi\u00f3n digital&#8221;, que ter\u00e1 como foco as inova\u00e7\u00f5es, tend\u00eancias e estat\u00edsticas do setor.<\/p>\n<p><strong>ACCCSA<\/strong><\/p>\n<p>A ACCCSA \u00e9 uma associa\u00e7\u00e3o de papel\u00e3o ondulado do Caribe, Centro Am\u00e9rica e Am\u00e9rica do Sul. Anualmente, a organiza\u00e7\u00e3o realiza a Conven\u00e7\u00e3o e Exposi\u00e7\u00e3o ACCCSA, que j\u00e1 ganhou reconhecimento no mercado de papel\u00e3o ondulado por promover variadas confer\u00eancias e mesas de debate, que re\u00fanem empresas e profissionais de diversos pa\u00edses para o compartilhamento de dicas e experi\u00eancias.<\/p>\n<p><strong><u>EFI na XXXVIII<\/u><\/strong><u> <strong>Conven\u00e7\u00e3o e Exposi\u00e7\u00e3o Internacional ACCCSA <\/strong><\/u><\/p>\n<p><strong>Stand:<\/strong> 42<\/p>\n<p><strong>Apresenta\u00e7\u00f5es<\/strong>: 11\/09 \u00e0s 9h e 12\/09 \u00e0s 8h30<\/p>\n<p><strong>Data:<\/strong> De 11 a 13 de setembro<\/p>\n<p><strong>Local:<\/strong> Hot\u00e9is Marriot e Sheraton \u2013 Bogot\u00e1, Colombia<\/p>","protected":false},"excerpt":{"rendered":"<p>Entre os dias 11 e 13 de setembro, a EFI\u2122, l\u00edder mundial em inova\u00e7\u00e3o e tecnologia para impress\u00e3o digital, exibir\u00e1 as solu\u00e7\u00f5es de papel\u00e3o ondulado aos visitantes da 38\u00aa edi\u00e7\u00e3o da Conven\u00e7\u00e3o e Exposi\u00e7\u00e3o Internacional ACCCSA [&#8230;]<\/p>\n","protected":false},"author":18,"featured_media":0,"comment_status":"closed","ping_status":"closed","sticky":false,"template":"","format":"standard","meta":{"footnotes":""},"categories":[877],"tags":[],"class_list":["post-3160","post","type-post","status-publish","format-standard","hentry","category-arquivo"],"yoast_head":"<!-- This site is optimized with the Yoast SEO Premium plugin v27.1 (Yoast SEO v27.1.1) - https:\/\/yoast.com\/product\/yoast-seo-premium-wordpress\/ -->\n<title>EFI participa da 38\u00aa Conven\u00e7\u00e3o e Exposi\u00e7\u00e3o Internacional ACCCSA para apresentar solu\u00e7\u00f5es do segmento de papel\u00e3o ondulado - ProjetoPack<\/title>\n<meta name=\"description\" content=\"Confira o melhor conte\u00fado sobre tecnologia, design e gest\u00e3o de embalagens flex\u00edveis, r\u00f3tulos e impress\u00e3o.\" \/>\n<meta name=\"robots\" content=\"index, follow, max-snippet:-1, max-image-preview:large, max-video-preview:-1\" \/>\n<link rel=\"canonical\" href=\"https:\/\/projetopack.com.br\/en\/efi-participa-da-38a-convencao-e-exposicao-internacional-acccsa-para-apresentar-solucoes-do-segmento-de-papelao-ondulado\/\" \/>\n<meta property=\"og:locale\" content=\"en_US\" \/>\n<meta property=\"og:type\" content=\"article\" \/>\n<meta property=\"og:title\" content=\"EFI participa da 38\u00aa Conven\u00e7\u00e3o e Exposi\u00e7\u00e3o Internacional ACCCSA para apresentar solu\u00e7\u00f5es do segmento de papel\u00e3o ondulado\" \/>\n<meta property=\"og:description\" content=\"Confira o melhor conte\u00fado sobre tecnologia, design e gest\u00e3o de embalagens flex\u00edveis, r\u00f3tulos e impress\u00e3o.\" \/>\n<meta property=\"og:url\" content=\"https:\/\/projetopack.com.br\/en\/efi-participa-da-38a-convencao-e-exposicao-internacional-acccsa-para-apresentar-solucoes-do-segmento-de-papelao-ondulado\/\" \/>\n<meta property=\"og:site_name\" content=\"ProjetoPack\" \/>\n<meta property=\"article:published_time\" content=\"2018-07-23T18:28:30+00:00\" \/>\n<meta property=\"article:modified_time\" content=\"2021-09-10T20:20:10+00:00\" \/>\n<meta property=\"og:image\" content=\"https:\/\/projetopack.com.br\/wp-content\/uploads\/2020\/06\/Capa-1200x630-1.png\" \/>\n\t<meta property=\"og:image:width\" content=\"1200\" \/>\n\t<meta property=\"og:image:height\" content=\"630\" \/>\n\t<meta property=\"og:image:type\" content=\"image\/png\" \/>\n<meta name=\"author\" content=\"Andrea\" \/>\n<meta name=\"twitter:card\" content=\"summary_large_image\" \/>\n<meta name=\"twitter:creator\" content=\"@ProjetoPack\" \/>\n<meta name=\"twitter:site\" content=\"@ProjetoPack\" \/>\n<meta name=\"twitter:label1\" content=\"Written by\" \/>\n\t<meta name=\"twitter:data1\" content=\"Andrea\" \/>\n\t<meta name=\"twitter:label2\" content=\"Est. reading time\" \/>\n\t<meta name=\"twitter:data2\" content=\"2 minutes\" \/>\n<script type=\"application\/ld+json\" class=\"yoast-schema-graph\">{\"@context\":\"https:\/\/schema.org\",\"@graph\":[{\"@type\":\"Article\",\"@id\":\"https:\/\/projetopack.com.br\/en\/efi-participa-da-38a-convencao-e-exposicao-internacional-acccsa-para-apresentar-solucoes-do-segmento-de-papelao-ondulado\/#article\",\"isPartOf\":{\"@id\":\"https:\/\/projetopack.com.br\/en\/efi-participa-da-38a-convencao-e-exposicao-internacional-acccsa-para-apresentar-solucoes-do-segmento-de-papelao-ondulado\/\"},\"author\":{\"name\":\"Andrea\",\"@id\":\"https:\/\/projetopack.com.br\/#\/schema\/person\/d17c72a4bc2b7e461496dd8a14d4cef1\"},\"headline\":\"EFI participa da 38\u00aa Conven\u00e7\u00e3o e Exposi\u00e7\u00e3o Internacional ACCCSA para apresentar solu\u00e7\u00f5es do segmento de papel\u00e3o ondulado\",\"datePublished\":\"2018-07-23T18:28:30+00:00\",\"dateModified\":\"2021-09-10T20:20:10+00:00\",\"mainEntityOfPage\":{\"@id\":\"https:\/\/projetopack.com.br\/en\/efi-participa-da-38a-convencao-e-exposicao-internacional-acccsa-para-apresentar-solucoes-do-segmento-de-papelao-ondulado\/\"},\"wordCount\":448,\"publisher\":{\"@id\":\"https:\/\/projetopack.com.br\/#organization\"},\"articleSection\":[\"Arquivo\"],\"inLanguage\":\"en-US\"},{\"@type\":\"WebPage\",\"@id\":\"https:\/\/projetopack.com.br\/en\/efi-participa-da-38a-convencao-e-exposicao-internacional-acccsa-para-apresentar-solucoes-do-segmento-de-papelao-ondulado\/\",\"url\":\"https:\/\/projetopack.com.br\/en\/efi-participa-da-38a-convencao-e-exposicao-internacional-acccsa-para-apresentar-solucoes-do-segmento-de-papelao-ondulado\/\",\"name\":\"EFI participa da 38\u00aa Conven\u00e7\u00e3o e Exposi\u00e7\u00e3o Internacional ACCCSA para apresentar solu\u00e7\u00f5es do segmento de papel\u00e3o ondulado - ProjetoPack\",\"isPartOf\":{\"@id\":\"https:\/\/projetopack.com.br\/#website\"},\"datePublished\":\"2018-07-23T18:28:30+00:00\",\"dateModified\":\"2021-09-10T20:20:10+00:00\",\"description\":\"Confira o melhor conte\u00fado sobre tecnologia, design e gest\u00e3o de embalagens flex\u00edveis, r\u00f3tulos e impress\u00e3o.\",\"breadcrumb\":{\"@id\":\"https:\/\/projetopack.com.br\/en\/efi-participa-da-38a-convencao-e-exposicao-internacional-acccsa-para-apresentar-solucoes-do-segmento-de-papelao-ondulado\/#breadcrumb\"},\"inLanguage\":\"en-US\",\"potentialAction\":[{\"@type\":\"ReadAction\",\"target\":[\"https:\/\/projetopack.com.br\/en\/efi-participa-da-38a-convencao-e-exposicao-internacional-acccsa-para-apresentar-solucoes-do-segmento-de-papelao-ondulado\/\"]}]},{\"@type\":\"BreadcrumbList\",\"@id\":\"https:\/\/projetopack.com.br\/en\/efi-participa-da-38a-convencao-e-exposicao-internacional-acccsa-para-apresentar-solucoes-do-segmento-de-papelao-ondulado\/#breadcrumb\",\"itemListElement\":[{\"@type\":\"ListItem\",\"position\":1,\"name\":\"P\u00e1gina Inicial\",\"item\":\"https:\/\/projetopack.com.br\/\"},{\"@type\":\"ListItem\",\"position\":2,\"name\":\"Arquivo\",\"item\":\"https:\/\/projetopack.com.br\/en\/category\/arquivo\/\"},{\"@type\":\"ListItem\",\"position\":3,\"name\":\"EFI participa da 38\u00aa Conven\u00e7\u00e3o e Exposi\u00e7\u00e3o Internacional ACCCSA para apresentar solu\u00e7\u00f5es do segmento de papel\u00e3o ondulado\"}]},{\"@type\":\"WebSite\",\"@id\":\"https:\/\/projetopack.com.br\/#website\",\"url\":\"https:\/\/projetopack.com.br\/\",\"name\":\"ProjetoPack\",\"description\":\"Consultoria e servi\u00e7os para embalagens, r\u00f3tulos, etiquetas e processos de impress\u00e3o\",\"publisher\":{\"@id\":\"https:\/\/projetopack.com.br\/#organization\"},\"potentialAction\":[{\"@type\":\"SearchAction\",\"target\":{\"@type\":\"EntryPoint\",\"urlTemplate\":\"https:\/\/projetopack.com.br\/?s={search_term_string}\"},\"query-input\":{\"@type\":\"PropertyValueSpecification\",\"valueRequired\":true,\"valueName\":\"search_term_string\"}}],\"inLanguage\":\"en-US\"},{\"@type\":\"Organization\",\"@id\":\"https:\/\/projetopack.com.br\/#organization\",\"name\":\"ProjetoPack & Associados\",\"url\":\"https:\/\/projetopack.com.br\/\",\"logo\":{\"@type\":\"ImageObject\",\"inLanguage\":\"en-US\",\"@id\":\"https:\/\/projetopack.com.br\/#\/schema\/logo\/image\/\",\"url\":\"https:\/\/projetopack.com.br\/wp-content\/uploads\/2020\/09\/projetopack.png\",\"contentUrl\":\"https:\/\/projetopack.com.br\/wp-content\/uploads\/2020\/09\/projetopack.png\",\"width\":200,\"height\":200,\"caption\":\"ProjetoPack & Associados\"},\"image\":{\"@id\":\"https:\/\/projetopack.com.br\/#\/schema\/logo\/image\/\"},\"sameAs\":[\"https:\/\/x.com\/ProjetoPack\",\"https:\/\/www.linkedin.com\/company\/projetopack\/\"]},{\"@type\":\"Person\",\"@id\":\"https:\/\/projetopack.com.br\/#\/schema\/person\/d17c72a4bc2b7e461496dd8a14d4cef1\",\"name\":\"Andrea\",\"image\":{\"@type\":\"ImageObject\",\"inLanguage\":\"en-US\",\"@id\":\"https:\/\/projetopack.com.br\/#\/schema\/person\/image\/\",\"url\":\"https:\/\/projetopack.com.br\/wp-content\/uploads\/2026\/03\/eu-150x150.jpg\",\"contentUrl\":\"https:\/\/projetopack.com.br\/wp-content\/uploads\/2026\/03\/eu-150x150.jpg\",\"caption\":\"Andrea\"},\"url\":\"https:\/\/projetopack.com.br\/en\/author\/andrea\/\"}]}<\/script>\n<!-- \/ Yoast SEO Premium plugin. -->","yoast_head_json":{"title":"EFI participa da 38\u00aa Conven\u00e7\u00e3o e Exposi\u00e7\u00e3o Internacional ACCCSA para apresentar solu\u00e7\u00f5es do segmento de papel\u00e3o ondulado - ProjetoPack","description":"Confira o melhor conte\u00fado sobre tecnologia, design e gest\u00e3o de embalagens flex\u00edveis, r\u00f3tulos e impress\u00e3o.","robots":{"index":"index","follow":"follow","max-snippet":"max-snippet:-1","max-image-preview":"max-image-preview:large","max-video-preview":"max-video-preview:-1"},"canonical":"https:\/\/projetopack.com.br\/en\/efi-participa-da-38a-convencao-e-exposicao-internacional-acccsa-para-apresentar-solucoes-do-segmento-de-papelao-ondulado\/","og_locale":"en_US","og_type":"article","og_title":"EFI participa da 38\u00aa Conven\u00e7\u00e3o e Exposi\u00e7\u00e3o Internacional ACCCSA para apresentar solu\u00e7\u00f5es do segmento de papel\u00e3o ondulado","og_description":"Confira o melhor conte\u00fado sobre tecnologia, design e gest\u00e3o de embalagens flex\u00edveis, r\u00f3tulos e impress\u00e3o.","og_url":"https:\/\/projetopack.com.br\/en\/efi-participa-da-38a-convencao-e-exposicao-internacional-acccsa-para-apresentar-solucoes-do-segmento-de-papelao-ondulado\/","og_site_name":"ProjetoPack","article_published_time":"2018-07-23T18:28:30+00:00","article_modified_time":"2021-09-10T20:20:10+00:00","og_image":[{"width":1200,"height":630,"url":"https:\/\/projetopack.com.br\/wp-content\/uploads\/2020\/06\/Capa-1200x630-1.png","type":"image\/png"}],"author":"Andrea","twitter_card":"summary_large_image","twitter_creator":"@ProjetoPack","twitter_site":"@ProjetoPack","twitter_misc":{"Written by":"Andrea","Est. reading time":"2 minutes"},"schema":{"@context":"https:\/\/schema.org","@graph":[{"@type":"Article","@id":"https:\/\/projetopack.com.br\/en\/efi-participa-da-38a-convencao-e-exposicao-internacional-acccsa-para-apresentar-solucoes-do-segmento-de-papelao-ondulado\/#article","isPartOf":{"@id":"https:\/\/projetopack.com.br\/en\/efi-participa-da-38a-convencao-e-exposicao-internacional-acccsa-para-apresentar-solucoes-do-segmento-de-papelao-ondulado\/"},"author":{"name":"Andrea","@id":"https:\/\/projetopack.com.br\/#\/schema\/person\/d17c72a4bc2b7e461496dd8a14d4cef1"},"headline":"EFI participa da 38\u00aa Conven\u00e7\u00e3o e Exposi\u00e7\u00e3o Internacional ACCCSA para apresentar solu\u00e7\u00f5es do segmento de papel\u00e3o ondulado","datePublished":"2018-07-23T18:28:30+00:00","dateModified":"2021-09-10T20:20:10+00:00","mainEntityOfPage":{"@id":"https:\/\/projetopack.com.br\/en\/efi-participa-da-38a-convencao-e-exposicao-internacional-acccsa-para-apresentar-solucoes-do-segmento-de-papelao-ondulado\/"},"wordCount":448,"publisher":{"@id":"https:\/\/projetopack.com.br\/#organization"},"articleSection":["Arquivo"],"inLanguage":"en-US"},{"@type":"WebPage","@id":"https:\/\/projetopack.com.br\/en\/efi-participa-da-38a-convencao-e-exposicao-internacional-acccsa-para-apresentar-solucoes-do-segmento-de-papelao-ondulado\/","url":"https:\/\/projetopack.com.br\/en\/efi-participa-da-38a-convencao-e-exposicao-internacional-acccsa-para-apresentar-solucoes-do-segmento-de-papelao-ondulado\/","name":"EFI participa da 38\u00aa Conven\u00e7\u00e3o e Exposi\u00e7\u00e3o Internacional ACCCSA para apresentar solu\u00e7\u00f5es do segmento de papel\u00e3o ondulado - ProjetoPack","isPartOf":{"@id":"https:\/\/projetopack.com.br\/#website"},"datePublished":"2018-07-23T18:28:30+00:00","dateModified":"2021-09-10T20:20:10+00:00","description":"Confira o melhor conte\u00fado sobre tecnologia, design e gest\u00e3o de embalagens flex\u00edveis, r\u00f3tulos e impress\u00e3o.","breadcrumb":{"@id":"https:\/\/projetopack.com.br\/en\/efi-participa-da-38a-convencao-e-exposicao-internacional-acccsa-para-apresentar-solucoes-do-segmento-de-papelao-ondulado\/#breadcrumb"},"inLanguage":"en-US","potentialAction":[{"@type":"ReadAction","target":["https:\/\/projetopack.com.br\/en\/efi-participa-da-38a-convencao-e-exposicao-internacional-acccsa-para-apresentar-solucoes-do-segmento-de-papelao-ondulado\/"]}]},{"@type":"BreadcrumbList","@id":"https:\/\/projetopack.com.br\/en\/efi-participa-da-38a-convencao-e-exposicao-internacional-acccsa-para-apresentar-solucoes-do-segmento-de-papelao-ondulado\/#breadcrumb","itemListElement":[{"@type":"ListItem","position":1,"name":"P\u00e1gina Inicial","item":"https:\/\/projetopack.com.br\/"},{"@type":"ListItem","position":2,"name":"Arquivo","item":"https:\/\/projetopack.com.br\/en\/category\/arquivo\/"},{"@type":"ListItem","position":3,"name":"EFI participa da 38\u00aa Conven\u00e7\u00e3o e Exposi\u00e7\u00e3o Internacional ACCCSA para apresentar solu\u00e7\u00f5es do segmento de papel\u00e3o ondulado"}]},{"@type":"WebSite","@id":"https:\/\/projetopack.com.br\/#website","url":"https:\/\/projetopack.com.br\/","name":"ProjetoPack","description":"Consultoria e servi\u00e7os para embalagens, r\u00f3tulos, etiquetas e processos de impress\u00e3o","publisher":{"@id":"https:\/\/projetopack.com.br\/#organization"},"potentialAction":[{"@type":"SearchAction","target":{"@type":"EntryPoint","urlTemplate":"https:\/\/projetopack.com.br\/?s={search_term_string}"},"query-input":{"@type":"PropertyValueSpecification","valueRequired":true,"valueName":"search_term_string"}}],"inLanguage":"en-US"},{"@type":"Organization","@id":"https:\/\/projetopack.com.br\/#organization","name":"ProjetoPack & Associados","url":"https:\/\/projetopack.com.br\/","logo":{"@type":"ImageObject","inLanguage":"en-US","@id":"https:\/\/projetopack.com.br\/#\/schema\/logo\/image\/","url":"https:\/\/projetopack.com.br\/wp-content\/uploads\/2020\/09\/projetopack.png","contentUrl":"https:\/\/projetopack.com.br\/wp-content\/uploads\/2020\/09\/projetopack.png","width":200,"height":200,"caption":"ProjetoPack & Associados"},"image":{"@id":"https:\/\/projetopack.com.br\/#\/schema\/logo\/image\/"},"sameAs":["https:\/\/x.com\/ProjetoPack","https:\/\/www.linkedin.com\/company\/projetopack\/"]},{"@type":"Person","@id":"https:\/\/projetopack.com.br\/#\/schema\/person\/d17c72a4bc2b7e461496dd8a14d4cef1","name":"Andrea","image":{"@type":"ImageObject","inLanguage":"en-US","@id":"https:\/\/projetopack.com.br\/#\/schema\/person\/image\/","url":"https:\/\/projetopack.com.br\/wp-content\/uploads\/2026\/03\/eu-150x150.jpg","contentUrl":"https:\/\/projetopack.com.br\/wp-content\/uploads\/2026\/03\/eu-150x150.jpg","caption":"Andrea"},"url":"https:\/\/projetopack.com.br\/en\/author\/andrea\/"}]}},"_links":{"self":[{"href":"https:\/\/projetopack.com.br\/en\/wp-json\/wp\/v2\/posts\/3160","targetHints":{"allow":["GET"]}}],"collection":[{"href":"https:\/\/projetopack.com.br\/en\/wp-json\/wp\/v2\/posts"}],"about":[{"href":"https:\/\/projetopack.com.br\/en\/wp-json\/wp\/v2\/types\/post"}],"author":[{"embeddable":true,"href":"https:\/\/projetopack.com.br\/en\/wp-json\/wp\/v2\/users\/18"}],"replies":[{"embeddable":true,"href":"https:\/\/projetopack.com.br\/en\/wp-json\/wp\/v2\/comments?post=3160"}],"version-history":[{"count":0,"href":"https:\/\/projetopack.com.br\/en\/wp-json\/wp\/v2\/posts\/3160\/revisions"}],"wp:attachment":[{"href":"https:\/\/projetopack.com.br\/en\/wp-json\/wp\/v2\/media?parent=3160"}],"wp:term":[{"taxonomy":"category","embeddable":true,"href":"https:\/\/projetopack.com.br\/en\/wp-json\/wp\/v2\/categories?post=3160"},{"taxonomy":"post_tag","embeddable":true,"href":"https:\/\/projetopack.com.br\/en\/wp-json\/wp\/v2\/tags?post=3160"}],"curies":[{"name":"wp","href":"https:\/\/api.w.org\/{rel}","templated":true}]}}