{"id":31882,"date":"2023-02-08T17:05:09","date_gmt":"2023-02-08T20:05:09","guid":{"rendered":"https:\/\/www.projetopack.com.br\/?p=31882"},"modified":"2026-03-16T16:48:08","modified_gmt":"2026-03-16T19:48:08","slug":"color-pack-rotulos-e-dantex-pj1200s-hybrid-uma-nova-historia-comeca-a-ser-impressa-no-mercado","status":"publish","type":"post","link":"https:\/\/projetopack.com.br\/en\/color-pack-rotulos-e-dantex-pj1200s-hybrid-uma-nova-historia-comeca-a-ser-impressa-no-mercado\/","title":{"rendered":"Color Pack R\u00f3tulos e Dantex PJ1200S Hybrid: uma nova hist\u00f3ria come\u00e7a a ser impressa no mercado"},"content":{"rendered":"<p style=\"font-style:normal;font-weight:400\">A <a href=\"https:\/\/mgcp01.engage.squarespace-mail.com\/r?m=63e2cb35fb64315220ec4991&amp;u=https%3A%2F%2Fwww.colorpack.com.br&amp;w=5fa9450bfdb88e1397670812&amp;c=b_63e2ca01bb197f10062a946b&amp;e=2023-02-08T22%3A06%3A02.243371Z&amp;l=pt-BR&amp;s=pshIxfauUQNWDMKQJfAYR1MkjqM%3D\" target=\"_blank\" rel=\"noreferrer noopener\"><strong>Color Pack R\u00f3tulos<\/strong><\/a> \u2013 a maior convertedora de r\u00f3tulos do Tri\u00e2ngulo Mineiro, \u00e9 a grande parceira da <strong><a href=\"https:\/\/www.dugrafgroup.com\/\" target=\"_blank\" rel=\"noreferrer noopener\">Dugraf Digital<\/a><\/strong> para a implanta\u00e7\u00e3o no Brasil da DANTEX PJ1200S HYBRID, maior inova\u00e7\u00e3o mundial em flexografia digital industrial.<\/p>\n\n\n\n<figure class=\"wp-block-image size-full\"><img fetchpriority=\"high\" decoding=\"async\" width=\"750\" height=\"225\" src=\"https:\/\/projetopack.com.br\/wp-content\/uploads\/2023\/02\/PJ_New-Hybrid_7680-x-4800-OCTOBER.jpg\" alt=\"impressora dugraf dantex\" class=\"wp-image-31886\" srcset=\"https:\/\/projetopack.com.br\/wp-content\/uploads\/2023\/02\/PJ_New-Hybrid_7680-x-4800-OCTOBER.jpg 750w, https:\/\/projetopack.com.br\/wp-content\/uploads\/2023\/02\/PJ_New-Hybrid_7680-x-4800-OCTOBER-300x90.jpg 300w, https:\/\/projetopack.com.br\/wp-content\/uploads\/2023\/02\/PJ_New-Hybrid_7680-x-4800-OCTOBER-600x180.jpg 600w, https:\/\/projetopack.com.br\/wp-content\/uploads\/2023\/02\/PJ_New-Hybrid_7680-x-4800-OCTOBER-768x230.jpg 768w\" sizes=\"(max-width: 750px) 100vw, 750px\" \/><\/figure>\n\n\n\n<p style=\"font-style:normal;font-weight:400\">Com 15 anos de funda\u00e7\u00e3o e grande sucesso no segmento flexo, utilizando apenas impressoras modulares UV de 8 e 6 cores, a COLOR PACK decidiu fazer o maior investimento da sua hist\u00f3ria ap\u00f3s longo per\u00edodo de estudos e avalia\u00e7\u00f5es comerciais e t\u00e9cnicas das tecnologias digitais INKJET UV.<\/p>\n\n\n\n<p class=\"has-cyan-bluish-gray-background-color has-background\" style=\"font-style:normal;font-weight:400\">A escolha da PJ1200S HYBRID segue as tend\u00eancias que est\u00e3o transformando o mundo da impress\u00e3o digital e a Color Pack d\u00e1 um passo gigantesco para oferecer aos seus clientes a m\u00e1xima qualidade, velocidade e flexibilidade do mercado. Com a migra\u00e7\u00e3o de grande parte de servi\u00e7os das suas flexo modulares para a PJ1200S, o fornecimento de r\u00f3tulos e etiquetas para micro, pequenas e m\u00e9dias quantidades atinge outro patamar.<\/p>\n\n\n\n<p style=\"font-style:normal;font-weight:400\">A DANTEX PJ1200S chegar\u00e1 para a <strong>Color Pack<\/strong> com a mais completa configura\u00e7\u00e3o da fabricante inglesa DANTEX, incluindo a tinta branca SUPER WHITE \u2013 maior opacidade da categoria, acabamentos e enobrecimento flexo com cold foil em linha \u2013 al\u00e9m das mais novas ferramentas de software SUPER TEXT e METALLIC INK EFFECTS, das parceiras GIS e COLOR LOGIC, respectivamente.<\/p>\n\n\n\n<p style=\"font-style:normal;font-weight:400\">Tudo embarcado na robustez de um equipamento com mais de 7000 kg e com a certifica\u00e7\u00e3o <a href=\"https:\/\/mgcp01.engage.squarespace-mail.com\/r?m=63e2cb35fb64315220ec4991&amp;u=https%3A%2F%2Fwww.madeinbritain.org&amp;w=5fa9450bfdb88e1397670812&amp;c=b_63e2ca01bb197f10062a946b&amp;e=2023-02-08T22%3A06%3A02.243371Z&amp;l=pt-BR&amp;s=3h21Meehi90htmQVp8JUW5y-OFg%3D\" target=\"_blank\" rel=\"noreferrer noopener\">MADE IN BRITAIN<\/a>.<\/p>\n\n\n\n<p style=\"font-style:normal;font-weight:400\">Entre em contato com a Dugraf e saiba como revolucionar a sua empresa com essa m\u00e1quina da Dantex.<\/p>\n\n\n\n<p>Leia mais em nosso blog:<\/p>\n\n\n\n<p style=\"font-style:normal;font-weight:400\"><a href=\"https:\/\/projetopack.com.br\/dugraf-digital-vende-a-primeira-impressora-dantex-picojet-1200s-hybrid-da-america-latina\/\" target=\"_blank\" rel=\"noreferrer noopener\">Dugraf Digital vende a primeira impressora Dantex<\/a><\/p>","protected":false},"excerpt":{"rendered":"<p>A Color Pack R\u00f3tulos \u2013 a maior convertedora de r\u00f3tulos do Tri\u00e2ngulo Mineiro, \u00e9 a grande parceira da Dugraf Digital para a implanta\u00e7\u00e3o no Brasil da DANTEX PJ1200S HYBRID, maior inova\u00e7\u00e3o mundial em flexografia digital industrial. Com 15 anos de funda\u00e7\u00e3o e grande sucesso no segmento flexo, utilizando apenas impressoras modulares UV de 8 e [&hellip;]<\/p>\n","protected":false},"author":2,"featured_media":31885,"comment_status":"open","ping_status":"closed","sticky":true,"template":"","format":"standard","meta":{"footnotes":""},"categories":[458],"tags":[1087,771],"class_list":["post-31882","post","type-post","status-publish","format-standard","has-post-thumbnail","hentry","category-lancamentos","tag-colorpack","tag-impressao-digital-de-rotulos"],"yoast_head":"<!-- This site is optimized with the Yoast SEO Premium plugin v27.1 (Yoast SEO v27.1.1) - https:\/\/yoast.com\/product\/yoast-seo-premium-wordpress\/ -->\n<title>Color Pack R\u00f3tulos e Dantex PJ1200S Hybrid: uma nova hist\u00f3ria come\u00e7a a ser impressa no mercado - ProjetoPack<\/title>\n<meta name=\"description\" content=\"A Color Pack R\u00f3tulos, a maior convertedora de r\u00f3tulos do Tri\u00e2ngulo Mineiro, adquire impressora digital DANTEX PJ1200S HYBRID\" \/>\n<meta name=\"robots\" content=\"index, follow, max-snippet:-1, max-image-preview:large, max-video-preview:-1\" \/>\n<link rel=\"canonical\" href=\"https:\/\/projetopack.com.br\/en\/color-pack-rotulos-e-dantex-pj1200s-hybrid-uma-nova-historia-comeca-a-ser-impressa-no-mercado\/\" \/>\n<meta property=\"og:locale\" content=\"en_US\" \/>\n<meta property=\"og:type\" content=\"article\" \/>\n<meta property=\"og:title\" content=\"Color Pack R\u00f3tulos e Dantex PJ1200S Hybrid: uma nova hist\u00f3ria come\u00e7a a ser impressa no mercado\" \/>\n<meta property=\"og:description\" content=\"A Color Pack R\u00f3tulos, a maior convertedora de r\u00f3tulos do Tri\u00e2ngulo Mineiro, adquire impressora digital DANTEX PJ1200S HYBRID\" \/>\n<meta property=\"og:url\" content=\"https:\/\/projetopack.com.br\/en\/color-pack-rotulos-e-dantex-pj1200s-hybrid-uma-nova-historia-comeca-a-ser-impressa-no-mercado\/\" \/>\n<meta property=\"og:site_name\" content=\"ProjetoPack\" \/>\n<meta property=\"article:published_time\" content=\"2023-02-08T20:05:09+00:00\" \/>\n<meta property=\"article:modified_time\" content=\"2026-03-16T19:48:08+00:00\" \/>\n<meta property=\"og:image\" content=\"https:\/\/projetopack.com.br\/wp-content\/uploads\/2023\/02\/2297d8_cc0c89d1b9374f458023177f1c55898bmv2.jpg\" \/>\n\t<meta property=\"og:image:width\" content=\"414\" \/>\n\t<meta property=\"og:image:height\" content=\"234\" \/>\n\t<meta property=\"og:image:type\" content=\"image\/jpeg\" \/>\n<meta name=\"author\" content=\"Aislan Baer\" \/>\n<meta name=\"twitter:card\" content=\"summary_large_image\" \/>\n<meta name=\"twitter:creator\" content=\"@ProjetoPack\" \/>\n<meta name=\"twitter:site\" content=\"@ProjetoPack\" \/>\n<meta name=\"twitter:label1\" content=\"Written by\" \/>\n\t<meta name=\"twitter:data1\" content=\"Aislan Baer\" \/>\n\t<meta name=\"twitter:label2\" content=\"Est. reading time\" \/>\n\t<meta name=\"twitter:data2\" content=\"2 minutes\" \/>\n<script type=\"application\/ld+json\" class=\"yoast-schema-graph\">{\"@context\":\"https:\/\/schema.org\",\"@graph\":[{\"@type\":\"Article\",\"@id\":\"https:\/\/projetopack.com.br\/color-pack-rotulos-e-dantex-pj1200s-hybrid-uma-nova-historia-comeca-a-ser-impressa-no-mercado\/#article\",\"isPartOf\":{\"@id\":\"https:\/\/projetopack.com.br\/color-pack-rotulos-e-dantex-pj1200s-hybrid-uma-nova-historia-comeca-a-ser-impressa-no-mercado\/\"},\"author\":{\"name\":\"Aislan Baer\",\"@id\":\"https:\/\/projetopack.com.br\/#\/schema\/person\/87cbd7d1e244880886d457815ebd2490\"},\"headline\":\"Color Pack R\u00f3tulos e Dantex PJ1200S Hybrid: uma nova hist\u00f3ria come\u00e7a a ser impressa no mercado\",\"datePublished\":\"2023-02-08T20:05:09+00:00\",\"dateModified\":\"2026-03-16T19:48:08+00:00\",\"mainEntityOfPage\":{\"@id\":\"https:\/\/projetopack.com.br\/color-pack-rotulos-e-dantex-pj1200s-hybrid-uma-nova-historia-comeca-a-ser-impressa-no-mercado\/\"},\"wordCount\":296,\"commentCount\":0,\"publisher\":{\"@id\":\"https:\/\/projetopack.com.br\/#organization\"},\"image\":{\"@id\":\"https:\/\/projetopack.com.br\/color-pack-rotulos-e-dantex-pj1200s-hybrid-uma-nova-historia-comeca-a-ser-impressa-no-mercado\/#primaryimage\"},\"thumbnailUrl\":\"https:\/\/projetopack.com.br\/wp-content\/uploads\/2023\/02\/2297d8_cc0c89d1b9374f458023177f1c55898bmv2.jpg\",\"keywords\":[\"colorpack\",\"impress\u00e3o digital de r\u00f3tulos\"],\"articleSection\":[\"Lan\u00e7amentos\"],\"inLanguage\":\"en-US\",\"potentialAction\":[{\"@type\":\"CommentAction\",\"name\":\"Comment\",\"target\":[\"https:\/\/projetopack.com.br\/color-pack-rotulos-e-dantex-pj1200s-hybrid-uma-nova-historia-comeca-a-ser-impressa-no-mercado\/#respond\"]}]},{\"@type\":\"WebPage\",\"@id\":\"https:\/\/projetopack.com.br\/color-pack-rotulos-e-dantex-pj1200s-hybrid-uma-nova-historia-comeca-a-ser-impressa-no-mercado\/\",\"url\":\"https:\/\/projetopack.com.br\/color-pack-rotulos-e-dantex-pj1200s-hybrid-uma-nova-historia-comeca-a-ser-impressa-no-mercado\/\",\"name\":\"Color Pack R\u00f3tulos e Dantex PJ1200S Hybrid: uma nova hist\u00f3ria come\u00e7a a ser impressa no mercado - ProjetoPack\",\"isPartOf\":{\"@id\":\"https:\/\/projetopack.com.br\/#website\"},\"primaryImageOfPage\":{\"@id\":\"https:\/\/projetopack.com.br\/color-pack-rotulos-e-dantex-pj1200s-hybrid-uma-nova-historia-comeca-a-ser-impressa-no-mercado\/#primaryimage\"},\"image\":{\"@id\":\"https:\/\/projetopack.com.br\/color-pack-rotulos-e-dantex-pj1200s-hybrid-uma-nova-historia-comeca-a-ser-impressa-no-mercado\/#primaryimage\"},\"thumbnailUrl\":\"https:\/\/projetopack.com.br\/wp-content\/uploads\/2023\/02\/2297d8_cc0c89d1b9374f458023177f1c55898bmv2.jpg\",\"datePublished\":\"2023-02-08T20:05:09+00:00\",\"dateModified\":\"2026-03-16T19:48:08+00:00\",\"description\":\"A Color Pack R\u00f3tulos, a maior convertedora de r\u00f3tulos do Tri\u00e2ngulo Mineiro, adquire impressora digital DANTEX PJ1200S HYBRID\",\"breadcrumb\":{\"@id\":\"https:\/\/projetopack.com.br\/color-pack-rotulos-e-dantex-pj1200s-hybrid-uma-nova-historia-comeca-a-ser-impressa-no-mercado\/#breadcrumb\"},\"inLanguage\":\"en-US\",\"potentialAction\":[{\"@type\":\"ReadAction\",\"target\":[\"https:\/\/projetopack.com.br\/color-pack-rotulos-e-dantex-pj1200s-hybrid-uma-nova-historia-comeca-a-ser-impressa-no-mercado\/\"]}]},{\"@type\":\"ImageObject\",\"inLanguage\":\"en-US\",\"@id\":\"https:\/\/projetopack.com.br\/color-pack-rotulos-e-dantex-pj1200s-hybrid-uma-nova-historia-comeca-a-ser-impressa-no-mercado\/#primaryimage\",\"url\":\"https:\/\/projetopack.com.br\/wp-content\/uploads\/2023\/02\/2297d8_cc0c89d1b9374f458023177f1c55898bmv2.jpg\",\"contentUrl\":\"https:\/\/projetopack.com.br\/wp-content\/uploads\/2023\/02\/2297d8_cc0c89d1b9374f458023177f1c55898bmv2.jpg\",\"width\":414,\"height\":234,\"caption\":\"colorpack\"},{\"@type\":\"BreadcrumbList\",\"@id\":\"https:\/\/projetopack.com.br\/color-pack-rotulos-e-dantex-pj1200s-hybrid-uma-nova-historia-comeca-a-ser-impressa-no-mercado\/#breadcrumb\",\"itemListElement\":[{\"@type\":\"ListItem\",\"position\":1,\"name\":\"P\u00e1gina Inicial\",\"item\":\"https:\/\/projetopack.com.br\/\"},{\"@type\":\"ListItem\",\"position\":2,\"name\":\"Lan\u00e7amentos\",\"item\":\"https:\/\/projetopack.com.br\/category\/lancamentos\/\"},{\"@type\":\"ListItem\",\"position\":3,\"name\":\"Color Pack R\u00f3tulos e Dantex PJ1200S Hybrid: uma nova hist\u00f3ria come\u00e7a a ser impressa no mercado\"}]},{\"@type\":\"WebSite\",\"@id\":\"https:\/\/projetopack.com.br\/#website\",\"url\":\"https:\/\/projetopack.com.br\/\",\"name\":\"ProjetoPack\",\"description\":\"Consultoria e servi\u00e7os para embalagens, r\u00f3tulos, etiquetas e processos de impress\u00e3o\",\"publisher\":{\"@id\":\"https:\/\/projetopack.com.br\/#organization\"},\"potentialAction\":[{\"@type\":\"SearchAction\",\"target\":{\"@type\":\"EntryPoint\",\"urlTemplate\":\"https:\/\/projetopack.com.br\/?s={search_term_string}\"},\"query-input\":{\"@type\":\"PropertyValueSpecification\",\"valueRequired\":true,\"valueName\":\"search_term_string\"}}],\"inLanguage\":\"en-US\"},{\"@type\":\"Organization\",\"@id\":\"https:\/\/projetopack.com.br\/#organization\",\"name\":\"ProjetoPack & Associados\",\"url\":\"https:\/\/projetopack.com.br\/\",\"logo\":{\"@type\":\"ImageObject\",\"inLanguage\":\"en-US\",\"@id\":\"https:\/\/projetopack.com.br\/#\/schema\/logo\/image\/\",\"url\":\"https:\/\/projetopack.com.br\/wp-content\/uploads\/2020\/09\/projetopack.png\",\"contentUrl\":\"https:\/\/projetopack.com.br\/wp-content\/uploads\/2020\/09\/projetopack.png\",\"width\":200,\"height\":200,\"caption\":\"ProjetoPack & Associados\"},\"image\":{\"@id\":\"https:\/\/projetopack.com.br\/#\/schema\/logo\/image\/\"},\"sameAs\":[\"https:\/\/x.com\/ProjetoPack\",\"https:\/\/www.linkedin.com\/company\/projetopack\/\"]},{\"@type\":\"Person\",\"@id\":\"https:\/\/projetopack.com.br\/#\/schema\/person\/87cbd7d1e244880886d457815ebd2490\",\"name\":\"Aislan Baer\",\"image\":{\"@type\":\"ImageObject\",\"inLanguage\":\"en-US\",\"@id\":\"https:\/\/projetopack.com.br\/#\/schema\/person\/image\/\",\"url\":\"https:\/\/projetopack.com.br\/wp-content\/uploads\/2021\/08\/Aislan-Busto-p-100x100.jpg\",\"contentUrl\":\"https:\/\/projetopack.com.br\/wp-content\/uploads\/2021\/08\/Aislan-Busto-p-100x100.jpg\",\"caption\":\"Aislan Baer\"},\"description\":\"Desde os \u00faltimos 20 anos, meu time e eu ajudamos mais de 300 empresas brasileiras e estrangeiras (algumas delas, l\u00edderes mundiais) a produzir embalagens flex\u00edveis e r\u00f3tulos com maior efici\u00eancia, menores custos e maior apelo visual, bem como centenas de donos de marcas a comprar suas embalagens flex\u00edveis e material impresso com um crit\u00e9rio mais t\u00e9cnico e assertivo. Ao mesmo tempo, gra\u00e7as \u00e0 nossa consultoria, muitas destas empresas melhoraram significativamente o seu processo de Impress\u00e3o (Impress\u00e3o de embalagens, Impress\u00e3o industrial, Impress\u00e3o funcional e, mais recentemente, bio impress\u00e3o e manufatura aditiva ou simplesmente Impress\u00e3o 3D). Se a sua empresa tem um problema relacionado a embalagens flex\u00edveis, r\u00f3tulos ou Impress\u00e3o, por mais insol\u00favel que lhe pare\u00e7a, aguardamos ansiosos a sua liga\u00e7\u00e3o ou e-mail. Este \u00e9 nosso trabalho e tamb\u00e9m a nossa paix\u00e3o.\",\"sameAs\":[\"http:\/\/www.projetopack.com\",\"https:\/\/www.linkedin.com\/in\/aislanbaer\/\"],\"jobTitle\":\"CEO @ ProjetoPack | L\u00edder em M&A no Setor de Impress\u00e3o e Embalagens no Brasil | Cofundador da Inovagraf e Neuraflow | Especialista em Inova\u00e7\u00e3o com IA na Impress\u00e3o | Printing Legacy Initiative | Empreendedor Serial\",\"url\":\"https:\/\/projetopack.com.br\/en\/author\/aislan\/\"}]}<\/script>\n<!-- \/ Yoast SEO Premium plugin. -->","yoast_head_json":{"title":"Color Pack R\u00f3tulos e Dantex PJ1200S Hybrid: uma nova hist\u00f3ria come\u00e7a a ser impressa no mercado - ProjetoPack","description":"A Color Pack R\u00f3tulos, a maior convertedora de r\u00f3tulos do Tri\u00e2ngulo Mineiro, adquire impressora digital DANTEX PJ1200S HYBRID","robots":{"index":"index","follow":"follow","max-snippet":"max-snippet:-1","max-image-preview":"max-image-preview:large","max-video-preview":"max-video-preview:-1"},"canonical":"https:\/\/projetopack.com.br\/en\/color-pack-rotulos-e-dantex-pj1200s-hybrid-uma-nova-historia-comeca-a-ser-impressa-no-mercado\/","og_locale":"en_US","og_type":"article","og_title":"Color Pack R\u00f3tulos e Dantex PJ1200S Hybrid: uma nova hist\u00f3ria come\u00e7a a ser impressa no mercado","og_description":"A Color Pack R\u00f3tulos, a maior convertedora de r\u00f3tulos do Tri\u00e2ngulo Mineiro, adquire impressora digital DANTEX PJ1200S HYBRID","og_url":"https:\/\/projetopack.com.br\/en\/color-pack-rotulos-e-dantex-pj1200s-hybrid-uma-nova-historia-comeca-a-ser-impressa-no-mercado\/","og_site_name":"ProjetoPack","article_published_time":"2023-02-08T20:05:09+00:00","article_modified_time":"2026-03-16T19:48:08+00:00","og_image":[{"width":414,"height":234,"url":"https:\/\/projetopack.com.br\/wp-content\/uploads\/2023\/02\/2297d8_cc0c89d1b9374f458023177f1c55898bmv2.jpg","type":"image\/jpeg"}],"author":"Aislan Baer","twitter_card":"summary_large_image","twitter_creator":"@ProjetoPack","twitter_site":"@ProjetoPack","twitter_misc":{"Written by":"Aislan Baer","Est. reading time":"2 minutes"},"schema":{"@context":"https:\/\/schema.org","@graph":[{"@type":"Article","@id":"https:\/\/projetopack.com.br\/color-pack-rotulos-e-dantex-pj1200s-hybrid-uma-nova-historia-comeca-a-ser-impressa-no-mercado\/#article","isPartOf":{"@id":"https:\/\/projetopack.com.br\/color-pack-rotulos-e-dantex-pj1200s-hybrid-uma-nova-historia-comeca-a-ser-impressa-no-mercado\/"},"author":{"name":"Aislan Baer","@id":"https:\/\/projetopack.com.br\/#\/schema\/person\/87cbd7d1e244880886d457815ebd2490"},"headline":"Color Pack R\u00f3tulos e Dantex PJ1200S Hybrid: uma nova hist\u00f3ria come\u00e7a a ser impressa no mercado","datePublished":"2023-02-08T20:05:09+00:00","dateModified":"2026-03-16T19:48:08+00:00","mainEntityOfPage":{"@id":"https:\/\/projetopack.com.br\/color-pack-rotulos-e-dantex-pj1200s-hybrid-uma-nova-historia-comeca-a-ser-impressa-no-mercado\/"},"wordCount":296,"commentCount":0,"publisher":{"@id":"https:\/\/projetopack.com.br\/#organization"},"image":{"@id":"https:\/\/projetopack.com.br\/color-pack-rotulos-e-dantex-pj1200s-hybrid-uma-nova-historia-comeca-a-ser-impressa-no-mercado\/#primaryimage"},"thumbnailUrl":"https:\/\/projetopack.com.br\/wp-content\/uploads\/2023\/02\/2297d8_cc0c89d1b9374f458023177f1c55898bmv2.jpg","keywords":["colorpack","impress\u00e3o digital de r\u00f3tulos"],"articleSection":["Lan\u00e7amentos"],"inLanguage":"en-US","potentialAction":[{"@type":"CommentAction","name":"Comment","target":["https:\/\/projetopack.com.br\/color-pack-rotulos-e-dantex-pj1200s-hybrid-uma-nova-historia-comeca-a-ser-impressa-no-mercado\/#respond"]}]},{"@type":"WebPage","@id":"https:\/\/projetopack.com.br\/color-pack-rotulos-e-dantex-pj1200s-hybrid-uma-nova-historia-comeca-a-ser-impressa-no-mercado\/","url":"https:\/\/projetopack.com.br\/color-pack-rotulos-e-dantex-pj1200s-hybrid-uma-nova-historia-comeca-a-ser-impressa-no-mercado\/","name":"Color Pack R\u00f3tulos e Dantex PJ1200S Hybrid: uma nova hist\u00f3ria come\u00e7a a ser impressa no mercado - ProjetoPack","isPartOf":{"@id":"https:\/\/projetopack.com.br\/#website"},"primaryImageOfPage":{"@id":"https:\/\/projetopack.com.br\/color-pack-rotulos-e-dantex-pj1200s-hybrid-uma-nova-historia-comeca-a-ser-impressa-no-mercado\/#primaryimage"},"image":{"@id":"https:\/\/projetopack.com.br\/color-pack-rotulos-e-dantex-pj1200s-hybrid-uma-nova-historia-comeca-a-ser-impressa-no-mercado\/#primaryimage"},"thumbnailUrl":"https:\/\/projetopack.com.br\/wp-content\/uploads\/2023\/02\/2297d8_cc0c89d1b9374f458023177f1c55898bmv2.jpg","datePublished":"2023-02-08T20:05:09+00:00","dateModified":"2026-03-16T19:48:08+00:00","description":"A Color Pack R\u00f3tulos, a maior convertedora de r\u00f3tulos do Tri\u00e2ngulo Mineiro, adquire impressora digital DANTEX PJ1200S HYBRID","breadcrumb":{"@id":"https:\/\/projetopack.com.br\/color-pack-rotulos-e-dantex-pj1200s-hybrid-uma-nova-historia-comeca-a-ser-impressa-no-mercado\/#breadcrumb"},"inLanguage":"en-US","potentialAction":[{"@type":"ReadAction","target":["https:\/\/projetopack.com.br\/color-pack-rotulos-e-dantex-pj1200s-hybrid-uma-nova-historia-comeca-a-ser-impressa-no-mercado\/"]}]},{"@type":"ImageObject","inLanguage":"en-US","@id":"https:\/\/projetopack.com.br\/color-pack-rotulos-e-dantex-pj1200s-hybrid-uma-nova-historia-comeca-a-ser-impressa-no-mercado\/#primaryimage","url":"https:\/\/projetopack.com.br\/wp-content\/uploads\/2023\/02\/2297d8_cc0c89d1b9374f458023177f1c55898bmv2.jpg","contentUrl":"https:\/\/projetopack.com.br\/wp-content\/uploads\/2023\/02\/2297d8_cc0c89d1b9374f458023177f1c55898bmv2.jpg","width":414,"height":234,"caption":"colorpack"},{"@type":"BreadcrumbList","@id":"https:\/\/projetopack.com.br\/color-pack-rotulos-e-dantex-pj1200s-hybrid-uma-nova-historia-comeca-a-ser-impressa-no-mercado\/#breadcrumb","itemListElement":[{"@type":"ListItem","position":1,"name":"P\u00e1gina Inicial","item":"https:\/\/projetopack.com.br\/"},{"@type":"ListItem","position":2,"name":"Lan\u00e7amentos","item":"https:\/\/projetopack.com.br\/category\/lancamentos\/"},{"@type":"ListItem","position":3,"name":"Color Pack R\u00f3tulos e Dantex PJ1200S Hybrid: uma nova hist\u00f3ria come\u00e7a a ser impressa no mercado"}]},{"@type":"WebSite","@id":"https:\/\/projetopack.com.br\/#website","url":"https:\/\/projetopack.com.br\/","name":"ProjetoPack","description":"Consultoria e servi\u00e7os para embalagens, r\u00f3tulos, etiquetas e processos de impress\u00e3o","publisher":{"@id":"https:\/\/projetopack.com.br\/#organization"},"potentialAction":[{"@type":"SearchAction","target":{"@type":"EntryPoint","urlTemplate":"https:\/\/projetopack.com.br\/?s={search_term_string}"},"query-input":{"@type":"PropertyValueSpecification","valueRequired":true,"valueName":"search_term_string"}}],"inLanguage":"en-US"},{"@type":"Organization","@id":"https:\/\/projetopack.com.br\/#organization","name":"ProjetoPack & Associados","url":"https:\/\/projetopack.com.br\/","logo":{"@type":"ImageObject","inLanguage":"en-US","@id":"https:\/\/projetopack.com.br\/#\/schema\/logo\/image\/","url":"https:\/\/projetopack.com.br\/wp-content\/uploads\/2020\/09\/projetopack.png","contentUrl":"https:\/\/projetopack.com.br\/wp-content\/uploads\/2020\/09\/projetopack.png","width":200,"height":200,"caption":"ProjetoPack & Associados"},"image":{"@id":"https:\/\/projetopack.com.br\/#\/schema\/logo\/image\/"},"sameAs":["https:\/\/x.com\/ProjetoPack","https:\/\/www.linkedin.com\/company\/projetopack\/"]},{"@type":"Person","@id":"https:\/\/projetopack.com.br\/#\/schema\/person\/87cbd7d1e244880886d457815ebd2490","name":"Aislan Baer","image":{"@type":"ImageObject","inLanguage":"en-US","@id":"https:\/\/projetopack.com.br\/#\/schema\/person\/image\/","url":"https:\/\/projetopack.com.br\/wp-content\/uploads\/2021\/08\/Aislan-Busto-p-100x100.jpg","contentUrl":"https:\/\/projetopack.com.br\/wp-content\/uploads\/2021\/08\/Aislan-Busto-p-100x100.jpg","caption":"Aislan Baer"},"description":"Desde os \u00faltimos 20 anos, meu time e eu ajudamos mais de 300 empresas brasileiras e estrangeiras (algumas delas, l\u00edderes mundiais) a produzir embalagens flex\u00edveis e r\u00f3tulos com maior efici\u00eancia, menores custos e maior apelo visual, bem como centenas de donos de marcas a comprar suas embalagens flex\u00edveis e material impresso com um crit\u00e9rio mais t\u00e9cnico e assertivo. Ao mesmo tempo, gra\u00e7as \u00e0 nossa consultoria, muitas destas empresas melhoraram significativamente o seu processo de Impress\u00e3o (Impress\u00e3o de embalagens, Impress\u00e3o industrial, Impress\u00e3o funcional e, mais recentemente, bio impress\u00e3o e manufatura aditiva ou simplesmente Impress\u00e3o 3D). Se a sua empresa tem um problema relacionado a embalagens flex\u00edveis, r\u00f3tulos ou Impress\u00e3o, por mais insol\u00favel que lhe pare\u00e7a, aguardamos ansiosos a sua liga\u00e7\u00e3o ou e-mail. Este \u00e9 nosso trabalho e tamb\u00e9m a nossa paix\u00e3o.","sameAs":["http:\/\/www.projetopack.com","https:\/\/www.linkedin.com\/in\/aislanbaer\/"],"jobTitle":"CEO @ ProjetoPack | L\u00edder em M&A no Setor de Impress\u00e3o e Embalagens no Brasil | Cofundador da Inovagraf e Neuraflow | Especialista em Inova\u00e7\u00e3o com IA na Impress\u00e3o | Printing Legacy Initiative | Empreendedor Serial","url":"https:\/\/projetopack.com.br\/en\/author\/aislan\/"}]}},"_links":{"self":[{"href":"https:\/\/projetopack.com.br\/en\/wp-json\/wp\/v2\/posts\/31882","targetHints":{"allow":["GET"]}}],"collection":[{"href":"https:\/\/projetopack.com.br\/en\/wp-json\/wp\/v2\/posts"}],"about":[{"href":"https:\/\/projetopack.com.br\/en\/wp-json\/wp\/v2\/types\/post"}],"author":[{"embeddable":true,"href":"https:\/\/projetopack.com.br\/en\/wp-json\/wp\/v2\/users\/2"}],"replies":[{"embeddable":true,"href":"https:\/\/projetopack.com.br\/en\/wp-json\/wp\/v2\/comments?post=31882"}],"version-history":[{"count":0,"href":"https:\/\/projetopack.com.br\/en\/wp-json\/wp\/v2\/posts\/31882\/revisions"}],"wp:featuredmedia":[{"embeddable":true,"href":"https:\/\/projetopack.com.br\/en\/wp-json\/wp\/v2\/media\/31885"}],"wp:attachment":[{"href":"https:\/\/projetopack.com.br\/en\/wp-json\/wp\/v2\/media?parent=31882"}],"wp:term":[{"taxonomy":"category","embeddable":true,"href":"https:\/\/projetopack.com.br\/en\/wp-json\/wp\/v2\/categories?post=31882"},{"taxonomy":"post_tag","embeddable":true,"href":"https:\/\/projetopack.com.br\/en\/wp-json\/wp\/v2\/tags?post=31882"}],"curies":[{"name":"wp","href":"https:\/\/api.w.org\/{rel}","templated":true}]}}