{"id":3201,"date":"2018-08-09T12:11:11","date_gmt":"2018-08-09T15:11:11","guid":{"rendered":"https:\/\/www.projetopack.com.br\/2020\/?p=3201"},"modified":"2021-09-11T11:12:14","modified_gmt":"2021-09-11T14:12:14","slug":"esko-apresenta-uma-ampla-linha-de-solucoes-e-produtos-para-integracao-na-labelexpo-americas-2018-dentro-do-conceito-packaging-connected","status":"publish","type":"post","link":"https:\/\/projetopack.com.br\/en\/esko-apresenta-uma-ampla-linha-de-solucoes-e-produtos-para-integracao-na-labelexpo-americas-2018-dentro-do-conceito-packaging-connected\/","title":{"rendered":"Esko apresenta uma ampla linha de solu\u00e7\u00f5es e produtos para integra\u00e7\u00e3o na Labelexpo Americas 2018, dentro do conceito &#8216;Packaging Connected&#8217;"},"content":{"rendered":"<p>Um dos principais desafios enfrentados hoje pelos convertedores de r\u00f3tulos \u00e9 a produ\u00e7\u00e3o de altos volumes, com pequenas tiragens, prazos de entrega apertados e alta qualidade. Uma sa\u00edda para venc\u00ea-los \u00e9 justamente a otimiza\u00e7\u00e3o do fluxo de trabalho com a integra\u00e7\u00e3o de todos os elos da cadeia de fornecimento.<\/p>\n<p>Na Labelexpo Americas 2018, os visitantes do estande da Esko (<a href=\"http:\/\/www.esko.com\/\">www.esko.com<\/a>) &#8211; #5202 \u2013 poder\u00e3o conhecer solu\u00e7\u00f5es de integra\u00e7\u00e3o e automa\u00e7\u00e3o, como especifica\u00e7\u00e3o de cor e visualiza\u00e7\u00f5es de imagens 3D e projetos, que conectam os <em>brand owners<\/em>, <em>designers<\/em> e as \u00e1reas de pr\u00e9-impress\u00e3o e impress\u00e3o, a um fluxo de trabalho altamente produtivo e eficiente. O resultado \u2013 Packaging Connected \u2013 \u00e9 uma sa\u00edda mais r\u00e1pida e de alta qualidade e uma produ\u00e7\u00e3o \u2018Certa da Primeira Vez\u2019.<\/p>\n<p>Do design \u00e0 impress\u00e3o<\/p>\n<p>Os visitantes ser\u00e3o bem-vindos ao estande da Esko para assistirem \u00e0 demonstra\u00e7\u00f5es de cada componente da solu\u00e7\u00e3o Esko Packaging Connected que inclui:<\/p>\n<ul>\n<li><strong>Informa\u00e7\u00e3o sobre a especifica\u00e7\u00e3o do trabalho:<\/strong> o Esko WebCenter \u00e9 a solu\u00e7\u00e3o l\u00edder para a especifica\u00e7\u00e3o das informa\u00e7\u00f5es de fluxo dos trabalhos, desde os sistemas MIS\/ERP at\u00e9 a esta\u00e7\u00e3o de controle da impress\u00e3o, <em>setup<\/em> automatizado da impress\u00e3o e <em>setup<\/em> da inspe\u00e7\u00e3o de qualidade <em>inline<\/em>, que garante um <em>setup<\/em> mais r\u00e1pido, menos desperd\u00edcio e um maior <em>uptime<\/em> do equipamento.<\/li>\n<li><strong>Design:<\/strong> o Esko Studio e o Store Visualizer s\u00e3o as solu\u00e7\u00f5es preferidas dos <em>designers<\/em>, por ajudar a criar uma arte melhor e <em>mockups<\/em> 3D hiper realistas para apresenta\u00e7\u00e3o, prova e controle de qualidade. A cria\u00e7\u00e3o autom\u00e1tica de 9 imagens virtuais da embalagem em 3D, adicionadas a uma biblioteca digital do trabalho, garante uma experi\u00eancia consistente para o consumidor em todas as m\u00eddias &#8211; <em>online <\/em>e nas embalagens f\u00edsicas &#8211; e o conecta \u00e0 marca pela embalagem.<\/li>\n<li><strong>Especifica\u00e7\u00e3o de cor:<\/strong> o X-Rite ColorCert Suite \u00e9 a principal solu\u00e7\u00e3o para simplificar a comunica\u00e7\u00e3o de cor entre os participantes internos e externos, do <em>design<\/em> ao sistema de inspe\u00e7\u00e3o AVT <em>inline<\/em>, removendo os erros e possibilitando um tempo de <em>setup<\/em> mais r\u00e1pido e um <em>uptime<\/em> do equipamento mais longo. Ele \u00e9 mais indicado para os convertedores de r\u00f3tulos com v\u00e1rios trabalhos de pequenas tiragens.<\/li>\n<li><strong>Os <em>assets<\/em> digitais dos trabalhos<\/strong> s\u00e3o armazenados no MediaBeacon, a solu\u00e7\u00e3o l\u00edder em gerenciamento de trabalhos e compartilhamento entre os participantes, desde o fabricante do produto at\u00e9 os times de marketing <em>online<\/em>, passando por <em>designers<\/em> e pela \u00e1rea de pr\u00e9-impress\u00e3o. Os novos conectores da MediaBeacon para aplica\u00e7\u00f5es de Adobe Creative Suite simplificam muito o compartilhamento das tarefas e garantem consist\u00eancia entre a marca f\u00edsica e <em>online<\/em>, al\u00e9m de uma boa experi\u00eancia com a marca para o consumidor final.<\/li>\n<li><strong>Armazenamento centralizado e conte\u00fado da embalagem aprovado:<\/strong> com os <em>assets<\/em> de marketing pr\u00e9-aprovados \u2014 como c\u00f3pia dos ingredientes, <em>slogans<\/em>, logos e s\u00edmbolos \u2014 e armazenados de forma centralizada no Esko WebCenter, as variantes da cria\u00e7\u00e3o da embalagem podem ser 100% automatizadas, resultando em redu\u00e7\u00e3o de erros, maior rapidez para chegar no mercado e respostas mais r\u00e1pidas \u00e0s mudan\u00e7as.<\/li>\n<\/ul>\n<p>\u201cA ind\u00fastria de r\u00f3tulos precisa de respostas a <em>deadlines<\/em> cada vez mais apertados e tiragens menores,\u201d explica Udo Panenka, Presidente da Esko. \u201cEm nossa recente confer\u00eancia para usu\u00e1rios, EskoWorld, demonstramos para mais de 500 usu\u00e1rios Esko como as solu\u00e7\u00f5es de conex\u00e3o de <em>software<\/em> e <em>hardware<\/em> da Esko podem ajudar todo o ecosistema de embalagem a colaborar mais eficientemente e resolver os principais desafios. As solu\u00e7\u00f5es Esko ajudam os convertedores de r\u00f3tulos a reduzirem o tempo de lan\u00e7amento dos produtos no mercado dos atuais 198 dias para os desejados 30 dias, al\u00e9m de produzirem r\u00f3tulos de melhor qualidade e reduzirem os erros. N\u00e3o apenas conectamos a cadeia de suprimentos, mas facilitamos a conex\u00e3o dos <em>brand owners<\/em> com seus consumidores a partir de uma embalagem menos dispensiosa e mais impactante.\u201d<\/p>","protected":false},"excerpt":{"rendered":"<p>As ferramentas da Esko garantem rapidez e assertividade na produ\u00e7\u00e3o de r\u00f3tulos, com uma qualidade excepcional e funcionalidades integradas [&#8230;]<\/p>\n","protected":false},"author":18,"featured_media":0,"comment_status":"closed","ping_status":"closed","sticky":false,"template":"","format":"standard","meta":{"footnotes":""},"categories":[877],"tags":[],"class_list":["post-3201","post","type-post","status-publish","format-standard","hentry","category-arquivo"],"yoast_head":"<!-- This site is optimized with the Yoast SEO Premium plugin v27.1 (Yoast SEO v27.1.1) - https:\/\/yoast.com\/product\/yoast-seo-premium-wordpress\/ -->\n<title>Esko apresenta uma ampla linha de solu\u00e7\u00f5es e produtos para integra\u00e7\u00e3o na Labelexpo Americas 2018, dentro do conceito &#039;Packaging Connected&#039; - ProjetoPack<\/title>\n<meta name=\"description\" content=\"Confira o melhor conte\u00fado sobre tecnologia, design e gest\u00e3o de embalagens flex\u00edveis, r\u00f3tulos e impress\u00e3o.\" \/>\n<meta name=\"robots\" content=\"index, follow, max-snippet:-1, max-image-preview:large, max-video-preview:-1\" \/>\n<link rel=\"canonical\" href=\"https:\/\/projetopack.com.br\/en\/esko-apresenta-uma-ampla-linha-de-solucoes-e-produtos-para-integracao-na-labelexpo-americas-2018-dentro-do-conceito-packaging-connected\/\" \/>\n<meta property=\"og:locale\" content=\"en_US\" \/>\n<meta property=\"og:type\" content=\"article\" \/>\n<meta property=\"og:title\" content=\"Esko apresenta uma ampla linha de solu\u00e7\u00f5es e produtos para integra\u00e7\u00e3o na Labelexpo Americas 2018, dentro do conceito &#039;Packaging Connected&#039;\" \/>\n<meta property=\"og:description\" content=\"Confira o melhor conte\u00fado sobre tecnologia, design e gest\u00e3o de embalagens flex\u00edveis, r\u00f3tulos e impress\u00e3o.\" \/>\n<meta property=\"og:url\" content=\"https:\/\/projetopack.com.br\/en\/esko-apresenta-uma-ampla-linha-de-solucoes-e-produtos-para-integracao-na-labelexpo-americas-2018-dentro-do-conceito-packaging-connected\/\" \/>\n<meta property=\"og:site_name\" content=\"ProjetoPack\" \/>\n<meta property=\"article:published_time\" content=\"2018-08-09T15:11:11+00:00\" \/>\n<meta property=\"article:modified_time\" content=\"2021-09-11T14:12:14+00:00\" \/>\n<meta property=\"og:image\" content=\"https:\/\/projetopack.com.br\/wp-content\/uploads\/2020\/06\/Capa-1200x630-1.png\" \/>\n\t<meta property=\"og:image:width\" content=\"1200\" \/>\n\t<meta property=\"og:image:height\" content=\"630\" \/>\n\t<meta property=\"og:image:type\" content=\"image\/png\" \/>\n<meta name=\"author\" content=\"Andrea\" \/>\n<meta name=\"twitter:card\" content=\"summary_large_image\" \/>\n<meta name=\"twitter:creator\" content=\"@ProjetoPack\" \/>\n<meta name=\"twitter:site\" content=\"@ProjetoPack\" \/>\n<meta name=\"twitter:label1\" content=\"Written by\" \/>\n\t<meta name=\"twitter:data1\" content=\"Andrea\" \/>\n\t<meta name=\"twitter:label2\" content=\"Est. reading time\" \/>\n\t<meta name=\"twitter:data2\" content=\"3 minutes\" \/>\n<script type=\"application\/ld+json\" class=\"yoast-schema-graph\">{\"@context\":\"https:\/\/schema.org\",\"@graph\":[{\"@type\":\"Article\",\"@id\":\"https:\/\/projetopack.com.br\/en\/esko-apresenta-uma-ampla-linha-de-solucoes-e-produtos-para-integracao-na-labelexpo-americas-2018-dentro-do-conceito-packaging-connected\/#article\",\"isPartOf\":{\"@id\":\"https:\/\/projetopack.com.br\/en\/esko-apresenta-uma-ampla-linha-de-solucoes-e-produtos-para-integracao-na-labelexpo-americas-2018-dentro-do-conceito-packaging-connected\/\"},\"author\":{\"name\":\"Andrea\",\"@id\":\"https:\/\/projetopack.com.br\/#\/schema\/person\/d17c72a4bc2b7e461496dd8a14d4cef1\"},\"headline\":\"Esko apresenta uma ampla linha de solu\u00e7\u00f5es e produtos para integra\u00e7\u00e3o na Labelexpo Americas 2018, dentro do conceito &#8216;Packaging Connected&#8217;\",\"datePublished\":\"2018-08-09T15:11:11+00:00\",\"dateModified\":\"2021-09-11T14:12:14+00:00\",\"mainEntityOfPage\":{\"@id\":\"https:\/\/projetopack.com.br\/en\/esko-apresenta-uma-ampla-linha-de-solucoes-e-produtos-para-integracao-na-labelexpo-americas-2018-dentro-do-conceito-packaging-connected\/\"},\"wordCount\":697,\"publisher\":{\"@id\":\"https:\/\/projetopack.com.br\/#organization\"},\"articleSection\":[\"Arquivo\"],\"inLanguage\":\"en-US\"},{\"@type\":\"WebPage\",\"@id\":\"https:\/\/projetopack.com.br\/en\/esko-apresenta-uma-ampla-linha-de-solucoes-e-produtos-para-integracao-na-labelexpo-americas-2018-dentro-do-conceito-packaging-connected\/\",\"url\":\"https:\/\/projetopack.com.br\/en\/esko-apresenta-uma-ampla-linha-de-solucoes-e-produtos-para-integracao-na-labelexpo-americas-2018-dentro-do-conceito-packaging-connected\/\",\"name\":\"Esko apresenta uma ampla linha de solu\u00e7\u00f5es e produtos para integra\u00e7\u00e3o na Labelexpo Americas 2018, dentro do conceito 'Packaging Connected' - ProjetoPack\",\"isPartOf\":{\"@id\":\"https:\/\/projetopack.com.br\/#website\"},\"datePublished\":\"2018-08-09T15:11:11+00:00\",\"dateModified\":\"2021-09-11T14:12:14+00:00\",\"description\":\"Confira o melhor conte\u00fado sobre tecnologia, design e gest\u00e3o de embalagens flex\u00edveis, r\u00f3tulos e impress\u00e3o.\",\"breadcrumb\":{\"@id\":\"https:\/\/projetopack.com.br\/en\/esko-apresenta-uma-ampla-linha-de-solucoes-e-produtos-para-integracao-na-labelexpo-americas-2018-dentro-do-conceito-packaging-connected\/#breadcrumb\"},\"inLanguage\":\"en-US\",\"potentialAction\":[{\"@type\":\"ReadAction\",\"target\":[\"https:\/\/projetopack.com.br\/en\/esko-apresenta-uma-ampla-linha-de-solucoes-e-produtos-para-integracao-na-labelexpo-americas-2018-dentro-do-conceito-packaging-connected\/\"]}]},{\"@type\":\"BreadcrumbList\",\"@id\":\"https:\/\/projetopack.com.br\/en\/esko-apresenta-uma-ampla-linha-de-solucoes-e-produtos-para-integracao-na-labelexpo-americas-2018-dentro-do-conceito-packaging-connected\/#breadcrumb\",\"itemListElement\":[{\"@type\":\"ListItem\",\"position\":1,\"name\":\"P\u00e1gina Inicial\",\"item\":\"https:\/\/projetopack.com.br\/\"},{\"@type\":\"ListItem\",\"position\":2,\"name\":\"Arquivo\",\"item\":\"https:\/\/projetopack.com.br\/en\/category\/arquivo\/\"},{\"@type\":\"ListItem\",\"position\":3,\"name\":\"Esko apresenta uma ampla linha de solu\u00e7\u00f5es e produtos para integra\u00e7\u00e3o na Labelexpo Americas 2018, dentro do conceito &#8216;Packaging Connected&#8217;\"}]},{\"@type\":\"WebSite\",\"@id\":\"https:\/\/projetopack.com.br\/#website\",\"url\":\"https:\/\/projetopack.com.br\/\",\"name\":\"ProjetoPack\",\"description\":\"Consultoria e servi\u00e7os para embalagens, r\u00f3tulos, etiquetas e processos de impress\u00e3o\",\"publisher\":{\"@id\":\"https:\/\/projetopack.com.br\/#organization\"},\"potentialAction\":[{\"@type\":\"SearchAction\",\"target\":{\"@type\":\"EntryPoint\",\"urlTemplate\":\"https:\/\/projetopack.com.br\/?s={search_term_string}\"},\"query-input\":{\"@type\":\"PropertyValueSpecification\",\"valueRequired\":true,\"valueName\":\"search_term_string\"}}],\"inLanguage\":\"en-US\"},{\"@type\":\"Organization\",\"@id\":\"https:\/\/projetopack.com.br\/#organization\",\"name\":\"ProjetoPack & Associados\",\"url\":\"https:\/\/projetopack.com.br\/\",\"logo\":{\"@type\":\"ImageObject\",\"inLanguage\":\"en-US\",\"@id\":\"https:\/\/projetopack.com.br\/#\/schema\/logo\/image\/\",\"url\":\"https:\/\/projetopack.com.br\/wp-content\/uploads\/2020\/09\/projetopack.png\",\"contentUrl\":\"https:\/\/projetopack.com.br\/wp-content\/uploads\/2020\/09\/projetopack.png\",\"width\":200,\"height\":200,\"caption\":\"ProjetoPack & Associados\"},\"image\":{\"@id\":\"https:\/\/projetopack.com.br\/#\/schema\/logo\/image\/\"},\"sameAs\":[\"https:\/\/x.com\/ProjetoPack\",\"https:\/\/www.linkedin.com\/company\/projetopack\/\"]},{\"@type\":\"Person\",\"@id\":\"https:\/\/projetopack.com.br\/#\/schema\/person\/d17c72a4bc2b7e461496dd8a14d4cef1\",\"name\":\"Andrea\",\"image\":{\"@type\":\"ImageObject\",\"inLanguage\":\"en-US\",\"@id\":\"https:\/\/projetopack.com.br\/#\/schema\/person\/image\/\",\"url\":\"https:\/\/projetopack.com.br\/wp-content\/uploads\/2026\/03\/eu-150x150.jpg\",\"contentUrl\":\"https:\/\/projetopack.com.br\/wp-content\/uploads\/2026\/03\/eu-150x150.jpg\",\"caption\":\"Andrea\"},\"url\":\"https:\/\/projetopack.com.br\/en\/author\/andrea\/\"}]}<\/script>\n<!-- \/ Yoast SEO Premium plugin. -->","yoast_head_json":{"title":"Esko apresenta uma ampla linha de solu\u00e7\u00f5es e produtos para integra\u00e7\u00e3o na Labelexpo Americas 2018, dentro do conceito 'Packaging Connected' - ProjetoPack","description":"Confira o melhor conte\u00fado sobre tecnologia, design e gest\u00e3o de embalagens flex\u00edveis, r\u00f3tulos e impress\u00e3o.","robots":{"index":"index","follow":"follow","max-snippet":"max-snippet:-1","max-image-preview":"max-image-preview:large","max-video-preview":"max-video-preview:-1"},"canonical":"https:\/\/projetopack.com.br\/en\/esko-apresenta-uma-ampla-linha-de-solucoes-e-produtos-para-integracao-na-labelexpo-americas-2018-dentro-do-conceito-packaging-connected\/","og_locale":"en_US","og_type":"article","og_title":"Esko apresenta uma ampla linha de solu\u00e7\u00f5es e produtos para integra\u00e7\u00e3o na Labelexpo Americas 2018, dentro do conceito 'Packaging Connected'","og_description":"Confira o melhor conte\u00fado sobre tecnologia, design e gest\u00e3o de embalagens flex\u00edveis, r\u00f3tulos e impress\u00e3o.","og_url":"https:\/\/projetopack.com.br\/en\/esko-apresenta-uma-ampla-linha-de-solucoes-e-produtos-para-integracao-na-labelexpo-americas-2018-dentro-do-conceito-packaging-connected\/","og_site_name":"ProjetoPack","article_published_time":"2018-08-09T15:11:11+00:00","article_modified_time":"2021-09-11T14:12:14+00:00","og_image":[{"width":1200,"height":630,"url":"https:\/\/projetopack.com.br\/wp-content\/uploads\/2020\/06\/Capa-1200x630-1.png","type":"image\/png"}],"author":"Andrea","twitter_card":"summary_large_image","twitter_creator":"@ProjetoPack","twitter_site":"@ProjetoPack","twitter_misc":{"Written by":"Andrea","Est. reading time":"3 minutes"},"schema":{"@context":"https:\/\/schema.org","@graph":[{"@type":"Article","@id":"https:\/\/projetopack.com.br\/en\/esko-apresenta-uma-ampla-linha-de-solucoes-e-produtos-para-integracao-na-labelexpo-americas-2018-dentro-do-conceito-packaging-connected\/#article","isPartOf":{"@id":"https:\/\/projetopack.com.br\/en\/esko-apresenta-uma-ampla-linha-de-solucoes-e-produtos-para-integracao-na-labelexpo-americas-2018-dentro-do-conceito-packaging-connected\/"},"author":{"name":"Andrea","@id":"https:\/\/projetopack.com.br\/#\/schema\/person\/d17c72a4bc2b7e461496dd8a14d4cef1"},"headline":"Esko apresenta uma ampla linha de solu\u00e7\u00f5es e produtos para integra\u00e7\u00e3o na Labelexpo Americas 2018, dentro do conceito &#8216;Packaging Connected&#8217;","datePublished":"2018-08-09T15:11:11+00:00","dateModified":"2021-09-11T14:12:14+00:00","mainEntityOfPage":{"@id":"https:\/\/projetopack.com.br\/en\/esko-apresenta-uma-ampla-linha-de-solucoes-e-produtos-para-integracao-na-labelexpo-americas-2018-dentro-do-conceito-packaging-connected\/"},"wordCount":697,"publisher":{"@id":"https:\/\/projetopack.com.br\/#organization"},"articleSection":["Arquivo"],"inLanguage":"en-US"},{"@type":"WebPage","@id":"https:\/\/projetopack.com.br\/en\/esko-apresenta-uma-ampla-linha-de-solucoes-e-produtos-para-integracao-na-labelexpo-americas-2018-dentro-do-conceito-packaging-connected\/","url":"https:\/\/projetopack.com.br\/en\/esko-apresenta-uma-ampla-linha-de-solucoes-e-produtos-para-integracao-na-labelexpo-americas-2018-dentro-do-conceito-packaging-connected\/","name":"Esko apresenta uma ampla linha de solu\u00e7\u00f5es e produtos para integra\u00e7\u00e3o na Labelexpo Americas 2018, dentro do conceito 'Packaging Connected' - ProjetoPack","isPartOf":{"@id":"https:\/\/projetopack.com.br\/#website"},"datePublished":"2018-08-09T15:11:11+00:00","dateModified":"2021-09-11T14:12:14+00:00","description":"Confira o melhor conte\u00fado sobre tecnologia, design e gest\u00e3o de embalagens flex\u00edveis, r\u00f3tulos e impress\u00e3o.","breadcrumb":{"@id":"https:\/\/projetopack.com.br\/en\/esko-apresenta-uma-ampla-linha-de-solucoes-e-produtos-para-integracao-na-labelexpo-americas-2018-dentro-do-conceito-packaging-connected\/#breadcrumb"},"inLanguage":"en-US","potentialAction":[{"@type":"ReadAction","target":["https:\/\/projetopack.com.br\/en\/esko-apresenta-uma-ampla-linha-de-solucoes-e-produtos-para-integracao-na-labelexpo-americas-2018-dentro-do-conceito-packaging-connected\/"]}]},{"@type":"BreadcrumbList","@id":"https:\/\/projetopack.com.br\/en\/esko-apresenta-uma-ampla-linha-de-solucoes-e-produtos-para-integracao-na-labelexpo-americas-2018-dentro-do-conceito-packaging-connected\/#breadcrumb","itemListElement":[{"@type":"ListItem","position":1,"name":"P\u00e1gina Inicial","item":"https:\/\/projetopack.com.br\/"},{"@type":"ListItem","position":2,"name":"Arquivo","item":"https:\/\/projetopack.com.br\/en\/category\/arquivo\/"},{"@type":"ListItem","position":3,"name":"Esko apresenta uma ampla linha de solu\u00e7\u00f5es e produtos para integra\u00e7\u00e3o na Labelexpo Americas 2018, dentro do conceito &#8216;Packaging Connected&#8217;"}]},{"@type":"WebSite","@id":"https:\/\/projetopack.com.br\/#website","url":"https:\/\/projetopack.com.br\/","name":"ProjetoPack","description":"Consultoria e servi\u00e7os para embalagens, r\u00f3tulos, etiquetas e processos de impress\u00e3o","publisher":{"@id":"https:\/\/projetopack.com.br\/#organization"},"potentialAction":[{"@type":"SearchAction","target":{"@type":"EntryPoint","urlTemplate":"https:\/\/projetopack.com.br\/?s={search_term_string}"},"query-input":{"@type":"PropertyValueSpecification","valueRequired":true,"valueName":"search_term_string"}}],"inLanguage":"en-US"},{"@type":"Organization","@id":"https:\/\/projetopack.com.br\/#organization","name":"ProjetoPack & Associados","url":"https:\/\/projetopack.com.br\/","logo":{"@type":"ImageObject","inLanguage":"en-US","@id":"https:\/\/projetopack.com.br\/#\/schema\/logo\/image\/","url":"https:\/\/projetopack.com.br\/wp-content\/uploads\/2020\/09\/projetopack.png","contentUrl":"https:\/\/projetopack.com.br\/wp-content\/uploads\/2020\/09\/projetopack.png","width":200,"height":200,"caption":"ProjetoPack & Associados"},"image":{"@id":"https:\/\/projetopack.com.br\/#\/schema\/logo\/image\/"},"sameAs":["https:\/\/x.com\/ProjetoPack","https:\/\/www.linkedin.com\/company\/projetopack\/"]},{"@type":"Person","@id":"https:\/\/projetopack.com.br\/#\/schema\/person\/d17c72a4bc2b7e461496dd8a14d4cef1","name":"Andrea","image":{"@type":"ImageObject","inLanguage":"en-US","@id":"https:\/\/projetopack.com.br\/#\/schema\/person\/image\/","url":"https:\/\/projetopack.com.br\/wp-content\/uploads\/2026\/03\/eu-150x150.jpg","contentUrl":"https:\/\/projetopack.com.br\/wp-content\/uploads\/2026\/03\/eu-150x150.jpg","caption":"Andrea"},"url":"https:\/\/projetopack.com.br\/en\/author\/andrea\/"}]}},"_links":{"self":[{"href":"https:\/\/projetopack.com.br\/en\/wp-json\/wp\/v2\/posts\/3201","targetHints":{"allow":["GET"]}}],"collection":[{"href":"https:\/\/projetopack.com.br\/en\/wp-json\/wp\/v2\/posts"}],"about":[{"href":"https:\/\/projetopack.com.br\/en\/wp-json\/wp\/v2\/types\/post"}],"author":[{"embeddable":true,"href":"https:\/\/projetopack.com.br\/en\/wp-json\/wp\/v2\/users\/18"}],"replies":[{"embeddable":true,"href":"https:\/\/projetopack.com.br\/en\/wp-json\/wp\/v2\/comments?post=3201"}],"version-history":[{"count":0,"href":"https:\/\/projetopack.com.br\/en\/wp-json\/wp\/v2\/posts\/3201\/revisions"}],"wp:attachment":[{"href":"https:\/\/projetopack.com.br\/en\/wp-json\/wp\/v2\/media?parent=3201"}],"wp:term":[{"taxonomy":"category","embeddable":true,"href":"https:\/\/projetopack.com.br\/en\/wp-json\/wp\/v2\/categories?post=3201"},{"taxonomy":"post_tag","embeddable":true,"href":"https:\/\/projetopack.com.br\/en\/wp-json\/wp\/v2\/tags?post=3201"}],"curies":[{"name":"wp","href":"https:\/\/api.w.org\/{rel}","templated":true}]}}