{"id":3216,"date":"2018-08-21T10:39:11","date_gmt":"2018-08-21T13:39:11","guid":{"rendered":"https:\/\/www.projetopack.com.br\/2020\/?p=3216"},"modified":"2021-09-11T11:20:20","modified_gmt":"2021-09-11T14:20:20","slug":"hp-indigo-consolida-sua-lideranca-na-america-latina","status":"publish","type":"post","link":"https:\/\/projetopack.com.br\/en\/hp-indigo-consolida-sua-lideranca-na-america-latina\/","title":{"rendered":"HP Indigo consolida a sua lideran\u00e7a na Am\u00e9rica Latina"},"content":{"rendered":"<p>A HP Inc. (NYSE: HPQ) consolida sua lideran\u00e7a no mercado de artes gr\u00e1ficas por meio da divis\u00e3o HP Indigo, que alcan\u00e7ou recentemente excelentes resultados na regi\u00e3o da Am\u00e9rica Latina, j\u00e1 que somente no primeiro semestre de 2018, a HP entregou v\u00e1rias impressoras digitais para clientes na Argentina, Chile, Col\u00f4mbia, Equador, Jamaica, Panam\u00e1, Peru, M\u00e9xico e Brasil, bem como apresentou um avan\u00e7o significativo nos mercados de impress\u00e3o de caixas dobr\u00e1veis, embalagens flex\u00edveis, etiquetas e impress\u00e3o comercial.<\/p>\n<p>A HP Indigo revolucionou o mercado em 1993 com tecnologia de ponta e a vis\u00e3o de trazer o setor de impress\u00e3o para a era digital. Desde ent\u00e3o, o portf\u00f3lio da HP Indigo teve uma grande evolu\u00e7\u00e3o, do HP Indigo E-Print 1000 at\u00e9 a quarta gera\u00e7\u00e3o de impressoras digitais HP Indigo 50000, motivado por um compromisso inabal\u00e1vel com a inova\u00e7\u00e3o, a qualidade, os clientes e o meio ambiente.<\/p>\n<p><em>\u201cEstamos observando o enorme desenvolvimento que o setor gr\u00e1fico est\u00e1 tendo na regi\u00e3o. Na Am\u00e9rica Latina, cada vez mais empresas est\u00e3o descobrindo o poder da impress\u00e3o digital para reinventar seus servi\u00e7os. Podemos dizer que o n\u00edvel de vendas est\u00e1 fant\u00e1stico, mas o mais importante para a HP \u00e9 ver que o volume de impress\u00e3o est\u00e1 tendo um grande crescimento. Nossos clientes s\u00e3o l\u00edderes em seus respectivos setores e, na HP, estamos muito satisfeitos por fazer parte desse sucesso\u201d, afirma Fernando Alperowitch, diretor da HP Indigo para a Am\u00e9rica Latina.<\/em><\/p>\n<ul>\n<li>De acordo com relat\u00f3rios recentes de analistas da IDC, a HP Indigo possui globalmente uma participa\u00e7\u00e3o de mercado de 72%. Na Am\u00e9rica Latina, a HP Indigo est\u00e1 em primeiro lugar, com uma participa\u00e7\u00e3o de mercado de 93%.<\/li>\n<li>No segmento de r\u00f3tulos e embalagens da Am\u00e9rica Latina, a HP Indigo lidera com 94% de participa\u00e7\u00e3o de mercado.<\/li>\n<\/ul>\n<p>Entre os clientes, que durante esse per\u00edodo adquiriram e aproveitaram as funcionalidades da HP Indigo na regi\u00e3o, destacam-se a Envases y Envolturas no Peru, com um HP Indigo 20000; a Industria Gr\u00e1fica Cimagraf no Chile, com uma HP Indigo 30000; a Digipix no Brasil, com a primeira HP Indigo 12000 HD; a Litoprocess no M\u00e9xico, com uma HP Indigo 7900; e Molinos Ca\u00f1uelas na Argentina, com a segunda HP Indigo 20000.<\/p>\n<p><em>\u201cUm dos nossos principais objetivos \u00e9 colocar nossos clientes em primeiro lugar. Estamos empenhados em ajud\u00e1-los a aproveitar as capacidades mais avan\u00e7adas para expandir seus neg\u00f3cios, oferecendo uma variedade de recursos de valor agregado e programas de suporte\u201d, disse Alperowitch . \u201cNossos clientes s\u00e3o apaixonados pela tecnologia HP Indigo, e essa paix\u00e3o os levou a se tornarem uma for\u00e7a motriz e inovadora no setor\u201d, conclui Alperowitch. <\/em><\/p>\n<p>Esses resultados s\u00e3o a prova do crescimento acelerado das marcas de todos os setores, aproveitando o poder e os recursos exclusivos da tecnologia de impress\u00e3o digital da HP para encontrar novas maneiras de interagir com seus clientes. A impress\u00e3o digital da HP motiva a criatividade com personaliza\u00e7\u00e3o e dados vari\u00e1veis, acelerando o tempo de lan\u00e7amento no mercado, reduzindo os tempos de resposta, ajudando a minimizar os custos e fornecendo seguran\u00e7a para algumas das principais empresas globais atuais.<\/p>\n<p>Para mais informa\u00e7\u00f5es, acesse:<\/p>\n<p>BRA: <a href=\"http:\/\/www8.hp.com\/br\/pt\/commercial-printers\/indigo-presses\/products.html\">http:\/\/www8.hp.com\/br\/pt\/commercial-printers\/indigo-presses\/products.html<\/a><\/p>","protected":false},"excerpt":{"rendered":"<p>Durante o primeiro semestre de 2018, a categoria HP Indigo apresentou um forte crescimento em rela\u00e7\u00e3o ao ano anterior [&#8230;]<\/p>\n","protected":false},"author":18,"featured_media":0,"comment_status":"closed","ping_status":"closed","sticky":false,"template":"","format":"standard","meta":{"footnotes":""},"categories":[877],"tags":[],"class_list":["post-3216","post","type-post","status-publish","format-standard","hentry","category-arquivo"],"yoast_head":"<!-- This site is optimized with the Yoast SEO Premium plugin v27.1 (Yoast SEO v27.1.1) - https:\/\/yoast.com\/product\/yoast-seo-premium-wordpress\/ -->\n<title>HP Indigo consolida a sua lideran\u00e7a na Am\u00e9rica Latina - ProjetoPack<\/title>\n<meta name=\"description\" content=\"Confira o melhor conte\u00fado sobre tecnologia, design e gest\u00e3o de embalagens flex\u00edveis, r\u00f3tulos e impress\u00e3o.\" \/>\n<meta name=\"robots\" content=\"index, follow, max-snippet:-1, max-image-preview:large, max-video-preview:-1\" \/>\n<link rel=\"canonical\" href=\"https:\/\/projetopack.com.br\/en\/hp-indigo-consolida-sua-lideranca-na-america-latina\/\" \/>\n<meta property=\"og:locale\" content=\"en_US\" \/>\n<meta property=\"og:type\" content=\"article\" \/>\n<meta property=\"og:title\" content=\"HP Indigo consolida a sua lideran\u00e7a na Am\u00e9rica Latina\" \/>\n<meta property=\"og:description\" content=\"Confira o melhor conte\u00fado sobre tecnologia, design e gest\u00e3o de embalagens flex\u00edveis, r\u00f3tulos e impress\u00e3o.\" \/>\n<meta property=\"og:url\" content=\"https:\/\/projetopack.com.br\/en\/hp-indigo-consolida-sua-lideranca-na-america-latina\/\" \/>\n<meta property=\"og:site_name\" content=\"ProjetoPack\" \/>\n<meta property=\"article:published_time\" content=\"2018-08-21T13:39:11+00:00\" \/>\n<meta property=\"article:modified_time\" content=\"2021-09-11T14:20:20+00:00\" \/>\n<meta property=\"og:image\" content=\"https:\/\/projetopack.com.br\/wp-content\/uploads\/2020\/06\/Capa-1200x630-1.png\" \/>\n\t<meta property=\"og:image:width\" content=\"1200\" \/>\n\t<meta property=\"og:image:height\" content=\"630\" \/>\n\t<meta property=\"og:image:type\" content=\"image\/png\" \/>\n<meta name=\"author\" content=\"Andrea\" \/>\n<meta name=\"twitter:card\" content=\"summary_large_image\" \/>\n<meta name=\"twitter:creator\" content=\"@ProjetoPack\" \/>\n<meta name=\"twitter:site\" content=\"@ProjetoPack\" \/>\n<meta name=\"twitter:label1\" content=\"Written by\" \/>\n\t<meta name=\"twitter:data1\" content=\"Andrea\" \/>\n\t<meta name=\"twitter:label2\" content=\"Est. reading time\" \/>\n\t<meta name=\"twitter:data2\" content=\"3 minutes\" \/>\n<script type=\"application\/ld+json\" class=\"yoast-schema-graph\">{\"@context\":\"https:\/\/schema.org\",\"@graph\":[{\"@type\":\"Article\",\"@id\":\"https:\/\/projetopack.com.br\/en\/hp-indigo-consolida-sua-lideranca-na-america-latina\/#article\",\"isPartOf\":{\"@id\":\"https:\/\/projetopack.com.br\/en\/hp-indigo-consolida-sua-lideranca-na-america-latina\/\"},\"author\":{\"name\":\"Andrea\",\"@id\":\"https:\/\/projetopack.com.br\/#\/schema\/person\/d17c72a4bc2b7e461496dd8a14d4cef1\"},\"headline\":\"HP Indigo consolida a sua lideran\u00e7a na Am\u00e9rica Latina\",\"datePublished\":\"2018-08-21T13:39:11+00:00\",\"dateModified\":\"2021-09-11T14:20:20+00:00\",\"mainEntityOfPage\":{\"@id\":\"https:\/\/projetopack.com.br\/en\/hp-indigo-consolida-sua-lideranca-na-america-latina\/\"},\"wordCount\":572,\"publisher\":{\"@id\":\"https:\/\/projetopack.com.br\/#organization\"},\"articleSection\":[\"Arquivo\"],\"inLanguage\":\"en-US\"},{\"@type\":\"WebPage\",\"@id\":\"https:\/\/projetopack.com.br\/en\/hp-indigo-consolida-sua-lideranca-na-america-latina\/\",\"url\":\"https:\/\/projetopack.com.br\/en\/hp-indigo-consolida-sua-lideranca-na-america-latina\/\",\"name\":\"HP Indigo consolida a sua lideran\u00e7a na Am\u00e9rica Latina - ProjetoPack\",\"isPartOf\":{\"@id\":\"https:\/\/projetopack.com.br\/#website\"},\"datePublished\":\"2018-08-21T13:39:11+00:00\",\"dateModified\":\"2021-09-11T14:20:20+00:00\",\"description\":\"Confira o melhor conte\u00fado sobre tecnologia, design e gest\u00e3o de embalagens flex\u00edveis, r\u00f3tulos e impress\u00e3o.\",\"breadcrumb\":{\"@id\":\"https:\/\/projetopack.com.br\/en\/hp-indigo-consolida-sua-lideranca-na-america-latina\/#breadcrumb\"},\"inLanguage\":\"en-US\",\"potentialAction\":[{\"@type\":\"ReadAction\",\"target\":[\"https:\/\/projetopack.com.br\/en\/hp-indigo-consolida-sua-lideranca-na-america-latina\/\"]}]},{\"@type\":\"BreadcrumbList\",\"@id\":\"https:\/\/projetopack.com.br\/en\/hp-indigo-consolida-sua-lideranca-na-america-latina\/#breadcrumb\",\"itemListElement\":[{\"@type\":\"ListItem\",\"position\":1,\"name\":\"P\u00e1gina Inicial\",\"item\":\"https:\/\/projetopack.com.br\/\"},{\"@type\":\"ListItem\",\"position\":2,\"name\":\"Arquivo\",\"item\":\"https:\/\/projetopack.com.br\/en\/category\/arquivo\/\"},{\"@type\":\"ListItem\",\"position\":3,\"name\":\"HP Indigo consolida a sua lideran\u00e7a na Am\u00e9rica Latina\"}]},{\"@type\":\"WebSite\",\"@id\":\"https:\/\/projetopack.com.br\/#website\",\"url\":\"https:\/\/projetopack.com.br\/\",\"name\":\"ProjetoPack\",\"description\":\"Consultoria e servi\u00e7os para embalagens, r\u00f3tulos, etiquetas e processos de impress\u00e3o\",\"publisher\":{\"@id\":\"https:\/\/projetopack.com.br\/#organization\"},\"potentialAction\":[{\"@type\":\"SearchAction\",\"target\":{\"@type\":\"EntryPoint\",\"urlTemplate\":\"https:\/\/projetopack.com.br\/?s={search_term_string}\"},\"query-input\":{\"@type\":\"PropertyValueSpecification\",\"valueRequired\":true,\"valueName\":\"search_term_string\"}}],\"inLanguage\":\"en-US\"},{\"@type\":\"Organization\",\"@id\":\"https:\/\/projetopack.com.br\/#organization\",\"name\":\"ProjetoPack & Associados\",\"url\":\"https:\/\/projetopack.com.br\/\",\"logo\":{\"@type\":\"ImageObject\",\"inLanguage\":\"en-US\",\"@id\":\"https:\/\/projetopack.com.br\/#\/schema\/logo\/image\/\",\"url\":\"https:\/\/projetopack.com.br\/wp-content\/uploads\/2020\/09\/projetopack.png\",\"contentUrl\":\"https:\/\/projetopack.com.br\/wp-content\/uploads\/2020\/09\/projetopack.png\",\"width\":200,\"height\":200,\"caption\":\"ProjetoPack & Associados\"},\"image\":{\"@id\":\"https:\/\/projetopack.com.br\/#\/schema\/logo\/image\/\"},\"sameAs\":[\"https:\/\/x.com\/ProjetoPack\",\"https:\/\/www.linkedin.com\/company\/projetopack\/\"]},{\"@type\":\"Person\",\"@id\":\"https:\/\/projetopack.com.br\/#\/schema\/person\/d17c72a4bc2b7e461496dd8a14d4cef1\",\"name\":\"Andrea\",\"image\":{\"@type\":\"ImageObject\",\"inLanguage\":\"en-US\",\"@id\":\"https:\/\/projetopack.com.br\/#\/schema\/person\/image\/\",\"url\":\"https:\/\/projetopack.com.br\/wp-content\/uploads\/2026\/03\/eu-150x150.jpg\",\"contentUrl\":\"https:\/\/projetopack.com.br\/wp-content\/uploads\/2026\/03\/eu-150x150.jpg\",\"caption\":\"Andrea\"},\"url\":\"https:\/\/projetopack.com.br\/en\/author\/andrea\/\"}]}<\/script>\n<!-- \/ Yoast SEO Premium plugin. -->","yoast_head_json":{"title":"HP Indigo consolida a sua lideran\u00e7a na Am\u00e9rica Latina - ProjetoPack","description":"Confira o melhor conte\u00fado sobre tecnologia, design e gest\u00e3o de embalagens flex\u00edveis, r\u00f3tulos e impress\u00e3o.","robots":{"index":"index","follow":"follow","max-snippet":"max-snippet:-1","max-image-preview":"max-image-preview:large","max-video-preview":"max-video-preview:-1"},"canonical":"https:\/\/projetopack.com.br\/en\/hp-indigo-consolida-sua-lideranca-na-america-latina\/","og_locale":"en_US","og_type":"article","og_title":"HP Indigo consolida a sua lideran\u00e7a na Am\u00e9rica Latina","og_description":"Confira o melhor conte\u00fado sobre tecnologia, design e gest\u00e3o de embalagens flex\u00edveis, r\u00f3tulos e impress\u00e3o.","og_url":"https:\/\/projetopack.com.br\/en\/hp-indigo-consolida-sua-lideranca-na-america-latina\/","og_site_name":"ProjetoPack","article_published_time":"2018-08-21T13:39:11+00:00","article_modified_time":"2021-09-11T14:20:20+00:00","og_image":[{"width":1200,"height":630,"url":"https:\/\/projetopack.com.br\/wp-content\/uploads\/2020\/06\/Capa-1200x630-1.png","type":"image\/png"}],"author":"Andrea","twitter_card":"summary_large_image","twitter_creator":"@ProjetoPack","twitter_site":"@ProjetoPack","twitter_misc":{"Written by":"Andrea","Est. reading time":"3 minutes"},"schema":{"@context":"https:\/\/schema.org","@graph":[{"@type":"Article","@id":"https:\/\/projetopack.com.br\/en\/hp-indigo-consolida-sua-lideranca-na-america-latina\/#article","isPartOf":{"@id":"https:\/\/projetopack.com.br\/en\/hp-indigo-consolida-sua-lideranca-na-america-latina\/"},"author":{"name":"Andrea","@id":"https:\/\/projetopack.com.br\/#\/schema\/person\/d17c72a4bc2b7e461496dd8a14d4cef1"},"headline":"HP Indigo consolida a sua lideran\u00e7a na Am\u00e9rica Latina","datePublished":"2018-08-21T13:39:11+00:00","dateModified":"2021-09-11T14:20:20+00:00","mainEntityOfPage":{"@id":"https:\/\/projetopack.com.br\/en\/hp-indigo-consolida-sua-lideranca-na-america-latina\/"},"wordCount":572,"publisher":{"@id":"https:\/\/projetopack.com.br\/#organization"},"articleSection":["Arquivo"],"inLanguage":"en-US"},{"@type":"WebPage","@id":"https:\/\/projetopack.com.br\/en\/hp-indigo-consolida-sua-lideranca-na-america-latina\/","url":"https:\/\/projetopack.com.br\/en\/hp-indigo-consolida-sua-lideranca-na-america-latina\/","name":"HP Indigo consolida a sua lideran\u00e7a na Am\u00e9rica Latina - ProjetoPack","isPartOf":{"@id":"https:\/\/projetopack.com.br\/#website"},"datePublished":"2018-08-21T13:39:11+00:00","dateModified":"2021-09-11T14:20:20+00:00","description":"Confira o melhor conte\u00fado sobre tecnologia, design e gest\u00e3o de embalagens flex\u00edveis, r\u00f3tulos e impress\u00e3o.","breadcrumb":{"@id":"https:\/\/projetopack.com.br\/en\/hp-indigo-consolida-sua-lideranca-na-america-latina\/#breadcrumb"},"inLanguage":"en-US","potentialAction":[{"@type":"ReadAction","target":["https:\/\/projetopack.com.br\/en\/hp-indigo-consolida-sua-lideranca-na-america-latina\/"]}]},{"@type":"BreadcrumbList","@id":"https:\/\/projetopack.com.br\/en\/hp-indigo-consolida-sua-lideranca-na-america-latina\/#breadcrumb","itemListElement":[{"@type":"ListItem","position":1,"name":"P\u00e1gina Inicial","item":"https:\/\/projetopack.com.br\/"},{"@type":"ListItem","position":2,"name":"Arquivo","item":"https:\/\/projetopack.com.br\/en\/category\/arquivo\/"},{"@type":"ListItem","position":3,"name":"HP Indigo consolida a sua lideran\u00e7a na Am\u00e9rica Latina"}]},{"@type":"WebSite","@id":"https:\/\/projetopack.com.br\/#website","url":"https:\/\/projetopack.com.br\/","name":"ProjetoPack","description":"Consultoria e servi\u00e7os para embalagens, r\u00f3tulos, etiquetas e processos de impress\u00e3o","publisher":{"@id":"https:\/\/projetopack.com.br\/#organization"},"potentialAction":[{"@type":"SearchAction","target":{"@type":"EntryPoint","urlTemplate":"https:\/\/projetopack.com.br\/?s={search_term_string}"},"query-input":{"@type":"PropertyValueSpecification","valueRequired":true,"valueName":"search_term_string"}}],"inLanguage":"en-US"},{"@type":"Organization","@id":"https:\/\/projetopack.com.br\/#organization","name":"ProjetoPack & Associados","url":"https:\/\/projetopack.com.br\/","logo":{"@type":"ImageObject","inLanguage":"en-US","@id":"https:\/\/projetopack.com.br\/#\/schema\/logo\/image\/","url":"https:\/\/projetopack.com.br\/wp-content\/uploads\/2020\/09\/projetopack.png","contentUrl":"https:\/\/projetopack.com.br\/wp-content\/uploads\/2020\/09\/projetopack.png","width":200,"height":200,"caption":"ProjetoPack & Associados"},"image":{"@id":"https:\/\/projetopack.com.br\/#\/schema\/logo\/image\/"},"sameAs":["https:\/\/x.com\/ProjetoPack","https:\/\/www.linkedin.com\/company\/projetopack\/"]},{"@type":"Person","@id":"https:\/\/projetopack.com.br\/#\/schema\/person\/d17c72a4bc2b7e461496dd8a14d4cef1","name":"Andrea","image":{"@type":"ImageObject","inLanguage":"en-US","@id":"https:\/\/projetopack.com.br\/#\/schema\/person\/image\/","url":"https:\/\/projetopack.com.br\/wp-content\/uploads\/2026\/03\/eu-150x150.jpg","contentUrl":"https:\/\/projetopack.com.br\/wp-content\/uploads\/2026\/03\/eu-150x150.jpg","caption":"Andrea"},"url":"https:\/\/projetopack.com.br\/en\/author\/andrea\/"}]}},"_links":{"self":[{"href":"https:\/\/projetopack.com.br\/en\/wp-json\/wp\/v2\/posts\/3216","targetHints":{"allow":["GET"]}}],"collection":[{"href":"https:\/\/projetopack.com.br\/en\/wp-json\/wp\/v2\/posts"}],"about":[{"href":"https:\/\/projetopack.com.br\/en\/wp-json\/wp\/v2\/types\/post"}],"author":[{"embeddable":true,"href":"https:\/\/projetopack.com.br\/en\/wp-json\/wp\/v2\/users\/18"}],"replies":[{"embeddable":true,"href":"https:\/\/projetopack.com.br\/en\/wp-json\/wp\/v2\/comments?post=3216"}],"version-history":[{"count":0,"href":"https:\/\/projetopack.com.br\/en\/wp-json\/wp\/v2\/posts\/3216\/revisions"}],"wp:attachment":[{"href":"https:\/\/projetopack.com.br\/en\/wp-json\/wp\/v2\/media?parent=3216"}],"wp:term":[{"taxonomy":"category","embeddable":true,"href":"https:\/\/projetopack.com.br\/en\/wp-json\/wp\/v2\/categories?post=3216"},{"taxonomy":"post_tag","embeddable":true,"href":"https:\/\/projetopack.com.br\/en\/wp-json\/wp\/v2\/tags?post=3216"}],"curies":[{"name":"wp","href":"https:\/\/api.w.org\/{rel}","templated":true}]}}