{"id":3266,"date":"2018-09-10T12:46:08","date_gmt":"2018-09-10T15:46:08","guid":{"rendered":"https:\/\/www.projetopack.com.br\/2020\/?p=3266"},"modified":"2021-09-11T11:29:31","modified_gmt":"2021-09-11T14:29:31","slug":"dupont-advanced-printing-apresenta-novidades-no-congresso-brasileiro-de-embalagem","status":"publish","type":"post","link":"https:\/\/projetopack.com.br\/en\/dupont-advanced-printing-apresenta-novidades-no-congresso-brasileiro-de-embalagem\/","title":{"rendered":"Dupont Advanced Printing apresenta novidades no Congresso Brasileiro de Embalagem"},"content":{"rendered":"<p>A <strong>DuPont Advanced Printing (DuPont)<\/strong> apresenta em primeira m\u00e3o para o mercado brasileiro as ret\u00edculas Cyrel\u00ae EASY BRITE e o \u00edndice de medi\u00e7\u00e3o de cobertura de tinta Cyrel\u00ae EASY BRITE\u2122 Index durante o Congresso Brasileiro de Embalagem, que come\u00e7a amanh\u00e3 (dia 11) e vai at\u00e9 12 de setembro, em S\u00e3o Paulo, organizado pela ABRE (Associa\u00e7\u00e3o Brasileira de Embalagem). Os visitantes poder\u00e3o conhecer mais sobre esta tecnologia no estande da empresa na exposi\u00e7\u00e3o organizada em paralelo ao Congresso, no pr\u00f3prio Centro Fecomercio de Eventos.<\/p>\n<p>A ret\u00edcula Cyrel\u00ae EASY BRITE foi projetada para otimizar a cobertura da tinta que utiliza anilox de alta carga, t\u00edpica da cor branca ou chapados em cores especiais. \u00c9 um conjunto de ret\u00edculas que melhora a impress\u00e3o s\u00f3lida em volumes de 4.0 bcm ou mais. H\u00e1 cinco ret\u00edculas no total: duas projetadas para clientes sem sistema de imagem HD Pixel+ e tr\u00eas para os que possuem a tecnologia.<\/p>\n<p>\u201cEstamos felizes por lan\u00e7ar as novas ret\u00edculas Cyrel\u00ae EASY BRITE. Um branco mais brilhante n\u00e3o tem rela\u00e7\u00e3o apenas com opacidade; acreditamos que sozinha a alta opacidade n\u00e3o garante uma boa impress\u00e3o. \u00c9 preciso combinar a opacidade, baixo <em>pinholing<\/em> e baixa granula\u00e7\u00e3o para ter um bom branco. As ret\u00edculas Cyrel\u00ae EASY BRITE garantem n\u00e3o apenas alta opacidade, mas tamb\u00e9m melhoram o <em>pinholing<\/em> e a granula\u00e7\u00e3o nas tintas que usam um alto volume de anilox. J\u00e1 o EASY BRITE\u2122 Index \u00e9 uma medi\u00e7\u00e3o multidimensional que combina opacidade, <em>pinholing<\/em> e a granula\u00e7\u00e3o em um \u00fanico n\u00famero\u201d, explica Shyamal Desai, Gerente de Marketing Am\u00e9ricas da DuPont Advanced Printing.<\/p>\n<p>A combina\u00e7\u00e3o das chapas Cyrel\u00ae EASY com as ret\u00edculas EASY BRITE garante:<\/p>\n<ul>\n<li>melhor e maior consist\u00eancia de impress\u00e3o de grandes \u00e1reas de s\u00f3lido;<\/li>\n<li>maior qualidade de impress\u00e3o:<\/li>\n<li>camada de tinta uniforme;<\/li>\n<li>elimina\u00e7\u00e3o da \u201cmarca de entrada\u201d da impress\u00e3o;<\/li>\n<li>melhoria da apar\u00eancia da impress\u00e3o final;<\/li>\n<li>melhoria da opacidade, redu\u00e7\u00e3o do <em>pinholing<\/em> e da granula\u00e7\u00e3o.<\/li>\n<li>flexibilidade ao permitir que as impressoras atinjam seus maiores n\u00edveis de qualidade com o <em>set up<\/em><\/li>\n<\/ul>\n<p>O resultado da impress\u00e3o com o uso das chapas Cyrel\u00ae EASY, combinadas com as ret\u00edculas EASY BRITE, vai ao encontro de uma demanda dos donos das marcas: impress\u00f5es que garantam a atratividade do produto na g\u00f4ndola, com cores vivas e brilhantes, e sabemos que isso somente pode ser alcan\u00e7ado com uma impress\u00e3o de qualidade das tintas s\u00f3lidas especialmente o branco. \u201cCada vez mais a embalagem se mostra como um dos principais ve\u00edculos de comunica\u00e7\u00e3o do produto\/marca com o consumidor final. E quanto mais atraente e bem impressa for esta embalagem, mais bem sucedida ser\u00e1 esta comunica\u00e7\u00e3o\u201d, pontua Tatiana Abib, L\u00edder de Comunica\u00e7\u00e3o Am\u00e9rica Latina da DuPont Advanced Printing.<\/p>\n<p><strong><em>Servi\u00e7o Congresso Brasileiro de Embalagem (<a href=\"http:\/\/www.abre.org.br\/\">www.abre.org.br<\/a>)<\/em><\/strong><\/p>\n<p>Data &nbsp;&nbsp;&nbsp;&nbsp;&nbsp;&nbsp;&nbsp;&nbsp;&nbsp;&nbsp;&nbsp;&nbsp;&nbsp;&nbsp;&nbsp;&nbsp;&nbsp;&nbsp;&nbsp; 11 e 12 de setembro<\/p>\n<p>Local&nbsp;&nbsp;&nbsp;&nbsp;&nbsp;&nbsp;&nbsp;&nbsp;&nbsp;&nbsp;&nbsp;&nbsp;&nbsp;&nbsp;&nbsp;&nbsp;&nbsp;&nbsp;&nbsp; Centro Fecomercio de Eventos \u2013 S\u00e3o Paulo<\/p>","protected":false},"excerpt":{"rendered":"<p>A nova tecnologia ser\u00e1 apresentada pela primeira vez no Brasil no mais importante evento de conte\u00fado do setor, organizado pela Associa\u00e7\u00e3o Brasileira de Embalagem [&#8230;]<\/p>\n","protected":false},"author":18,"featured_media":0,"comment_status":"closed","ping_status":"closed","sticky":false,"template":"","format":"standard","meta":{"footnotes":""},"categories":[877],"tags":[],"class_list":["post-3266","post","type-post","status-publish","format-standard","hentry","category-arquivo"],"yoast_head":"<!-- This site is optimized with the Yoast SEO Premium plugin v27.1 (Yoast SEO v27.1.1) - https:\/\/yoast.com\/product\/yoast-seo-premium-wordpress\/ -->\n<title>Dupont Advanced Printing apresenta novidades no Congresso Brasileiro de Embalagem - ProjetoPack<\/title>\n<meta name=\"description\" content=\"Confira o melhor conte\u00fado sobre tecnologia, design e gest\u00e3o de embalagens flex\u00edveis, r\u00f3tulos e impress\u00e3o.\" \/>\n<meta name=\"robots\" content=\"index, follow, max-snippet:-1, max-image-preview:large, max-video-preview:-1\" \/>\n<link rel=\"canonical\" href=\"https:\/\/projetopack.com.br\/en\/dupont-advanced-printing-apresenta-novidades-no-congresso-brasileiro-de-embalagem\/\" \/>\n<meta property=\"og:locale\" content=\"en_US\" \/>\n<meta property=\"og:type\" content=\"article\" \/>\n<meta property=\"og:title\" content=\"Dupont Advanced Printing apresenta novidades no Congresso Brasileiro de Embalagem\" \/>\n<meta property=\"og:description\" content=\"Confira o melhor conte\u00fado sobre tecnologia, design e gest\u00e3o de embalagens flex\u00edveis, r\u00f3tulos e impress\u00e3o.\" \/>\n<meta property=\"og:url\" content=\"https:\/\/projetopack.com.br\/en\/dupont-advanced-printing-apresenta-novidades-no-congresso-brasileiro-de-embalagem\/\" \/>\n<meta property=\"og:site_name\" content=\"ProjetoPack\" \/>\n<meta property=\"article:published_time\" content=\"2018-09-10T15:46:08+00:00\" \/>\n<meta property=\"article:modified_time\" content=\"2021-09-11T14:29:31+00:00\" \/>\n<meta property=\"og:image\" content=\"https:\/\/projetopack.com.br\/wp-content\/uploads\/2020\/06\/Capa-1200x630-1.png\" \/>\n\t<meta property=\"og:image:width\" content=\"1200\" \/>\n\t<meta property=\"og:image:height\" content=\"630\" \/>\n\t<meta property=\"og:image:type\" content=\"image\/png\" \/>\n<meta name=\"author\" content=\"Andrea\" \/>\n<meta name=\"twitter:card\" content=\"summary_large_image\" \/>\n<meta name=\"twitter:creator\" content=\"@ProjetoPack\" \/>\n<meta name=\"twitter:site\" content=\"@ProjetoPack\" \/>\n<meta name=\"twitter:label1\" content=\"Written by\" \/>\n\t<meta name=\"twitter:data1\" content=\"Andrea\" \/>\n\t<meta name=\"twitter:label2\" content=\"Est. reading time\" \/>\n\t<meta name=\"twitter:data2\" content=\"2 minutes\" \/>\n<script type=\"application\/ld+json\" class=\"yoast-schema-graph\">{\"@context\":\"https:\/\/schema.org\",\"@graph\":[{\"@type\":\"Article\",\"@id\":\"https:\/\/projetopack.com.br\/en\/dupont-advanced-printing-apresenta-novidades-no-congresso-brasileiro-de-embalagem\/#article\",\"isPartOf\":{\"@id\":\"https:\/\/projetopack.com.br\/en\/dupont-advanced-printing-apresenta-novidades-no-congresso-brasileiro-de-embalagem\/\"},\"author\":{\"name\":\"Andrea\",\"@id\":\"https:\/\/projetopack.com.br\/#\/schema\/person\/d17c72a4bc2b7e461496dd8a14d4cef1\"},\"headline\":\"Dupont Advanced Printing apresenta novidades no Congresso Brasileiro de Embalagem\",\"datePublished\":\"2018-09-10T15:46:08+00:00\",\"dateModified\":\"2021-09-11T14:29:31+00:00\",\"mainEntityOfPage\":{\"@id\":\"https:\/\/projetopack.com.br\/en\/dupont-advanced-printing-apresenta-novidades-no-congresso-brasileiro-de-embalagem\/\"},\"wordCount\":554,\"publisher\":{\"@id\":\"https:\/\/projetopack.com.br\/#organization\"},\"articleSection\":[\"Arquivo\"],\"inLanguage\":\"en-US\"},{\"@type\":\"WebPage\",\"@id\":\"https:\/\/projetopack.com.br\/en\/dupont-advanced-printing-apresenta-novidades-no-congresso-brasileiro-de-embalagem\/\",\"url\":\"https:\/\/projetopack.com.br\/en\/dupont-advanced-printing-apresenta-novidades-no-congresso-brasileiro-de-embalagem\/\",\"name\":\"Dupont Advanced Printing apresenta novidades no Congresso Brasileiro de Embalagem - ProjetoPack\",\"isPartOf\":{\"@id\":\"https:\/\/projetopack.com.br\/#website\"},\"datePublished\":\"2018-09-10T15:46:08+00:00\",\"dateModified\":\"2021-09-11T14:29:31+00:00\",\"description\":\"Confira o melhor conte\u00fado sobre tecnologia, design e gest\u00e3o de embalagens flex\u00edveis, r\u00f3tulos e impress\u00e3o.\",\"breadcrumb\":{\"@id\":\"https:\/\/projetopack.com.br\/en\/dupont-advanced-printing-apresenta-novidades-no-congresso-brasileiro-de-embalagem\/#breadcrumb\"},\"inLanguage\":\"en-US\",\"potentialAction\":[{\"@type\":\"ReadAction\",\"target\":[\"https:\/\/projetopack.com.br\/en\/dupont-advanced-printing-apresenta-novidades-no-congresso-brasileiro-de-embalagem\/\"]}]},{\"@type\":\"BreadcrumbList\",\"@id\":\"https:\/\/projetopack.com.br\/en\/dupont-advanced-printing-apresenta-novidades-no-congresso-brasileiro-de-embalagem\/#breadcrumb\",\"itemListElement\":[{\"@type\":\"ListItem\",\"position\":1,\"name\":\"P\u00e1gina Inicial\",\"item\":\"https:\/\/projetopack.com.br\/\"},{\"@type\":\"ListItem\",\"position\":2,\"name\":\"Arquivo\",\"item\":\"https:\/\/projetopack.com.br\/en\/category\/arquivo\/\"},{\"@type\":\"ListItem\",\"position\":3,\"name\":\"Dupont Advanced Printing apresenta novidades no Congresso Brasileiro de Embalagem\"}]},{\"@type\":\"WebSite\",\"@id\":\"https:\/\/projetopack.com.br\/#website\",\"url\":\"https:\/\/projetopack.com.br\/\",\"name\":\"ProjetoPack\",\"description\":\"Consultoria e servi\u00e7os para embalagens, r\u00f3tulos, etiquetas e processos de impress\u00e3o\",\"publisher\":{\"@id\":\"https:\/\/projetopack.com.br\/#organization\"},\"potentialAction\":[{\"@type\":\"SearchAction\",\"target\":{\"@type\":\"EntryPoint\",\"urlTemplate\":\"https:\/\/projetopack.com.br\/?s={search_term_string}\"},\"query-input\":{\"@type\":\"PropertyValueSpecification\",\"valueRequired\":true,\"valueName\":\"search_term_string\"}}],\"inLanguage\":\"en-US\"},{\"@type\":\"Organization\",\"@id\":\"https:\/\/projetopack.com.br\/#organization\",\"name\":\"ProjetoPack & Associados\",\"url\":\"https:\/\/projetopack.com.br\/\",\"logo\":{\"@type\":\"ImageObject\",\"inLanguage\":\"en-US\",\"@id\":\"https:\/\/projetopack.com.br\/#\/schema\/logo\/image\/\",\"url\":\"https:\/\/projetopack.com.br\/wp-content\/uploads\/2020\/09\/projetopack.png\",\"contentUrl\":\"https:\/\/projetopack.com.br\/wp-content\/uploads\/2020\/09\/projetopack.png\",\"width\":200,\"height\":200,\"caption\":\"ProjetoPack & Associados\"},\"image\":{\"@id\":\"https:\/\/projetopack.com.br\/#\/schema\/logo\/image\/\"},\"sameAs\":[\"https:\/\/x.com\/ProjetoPack\",\"https:\/\/www.linkedin.com\/company\/projetopack\/\"]},{\"@type\":\"Person\",\"@id\":\"https:\/\/projetopack.com.br\/#\/schema\/person\/d17c72a4bc2b7e461496dd8a14d4cef1\",\"name\":\"Andrea\",\"image\":{\"@type\":\"ImageObject\",\"inLanguage\":\"en-US\",\"@id\":\"https:\/\/projetopack.com.br\/#\/schema\/person\/image\/\",\"url\":\"https:\/\/projetopack.com.br\/wp-content\/uploads\/2026\/03\/eu-150x150.jpg\",\"contentUrl\":\"https:\/\/projetopack.com.br\/wp-content\/uploads\/2026\/03\/eu-150x150.jpg\",\"caption\":\"Andrea\"},\"url\":\"https:\/\/projetopack.com.br\/en\/author\/andrea\/\"}]}<\/script>\n<!-- \/ Yoast SEO Premium plugin. -->","yoast_head_json":{"title":"Dupont Advanced Printing apresenta novidades no Congresso Brasileiro de Embalagem - ProjetoPack","description":"Confira o melhor conte\u00fado sobre tecnologia, design e gest\u00e3o de embalagens flex\u00edveis, r\u00f3tulos e impress\u00e3o.","robots":{"index":"index","follow":"follow","max-snippet":"max-snippet:-1","max-image-preview":"max-image-preview:large","max-video-preview":"max-video-preview:-1"},"canonical":"https:\/\/projetopack.com.br\/en\/dupont-advanced-printing-apresenta-novidades-no-congresso-brasileiro-de-embalagem\/","og_locale":"en_US","og_type":"article","og_title":"Dupont Advanced Printing apresenta novidades no Congresso Brasileiro de Embalagem","og_description":"Confira o melhor conte\u00fado sobre tecnologia, design e gest\u00e3o de embalagens flex\u00edveis, r\u00f3tulos e impress\u00e3o.","og_url":"https:\/\/projetopack.com.br\/en\/dupont-advanced-printing-apresenta-novidades-no-congresso-brasileiro-de-embalagem\/","og_site_name":"ProjetoPack","article_published_time":"2018-09-10T15:46:08+00:00","article_modified_time":"2021-09-11T14:29:31+00:00","og_image":[{"width":1200,"height":630,"url":"https:\/\/projetopack.com.br\/wp-content\/uploads\/2020\/06\/Capa-1200x630-1.png","type":"image\/png"}],"author":"Andrea","twitter_card":"summary_large_image","twitter_creator":"@ProjetoPack","twitter_site":"@ProjetoPack","twitter_misc":{"Written by":"Andrea","Est. reading time":"2 minutes"},"schema":{"@context":"https:\/\/schema.org","@graph":[{"@type":"Article","@id":"https:\/\/projetopack.com.br\/en\/dupont-advanced-printing-apresenta-novidades-no-congresso-brasileiro-de-embalagem\/#article","isPartOf":{"@id":"https:\/\/projetopack.com.br\/en\/dupont-advanced-printing-apresenta-novidades-no-congresso-brasileiro-de-embalagem\/"},"author":{"name":"Andrea","@id":"https:\/\/projetopack.com.br\/#\/schema\/person\/d17c72a4bc2b7e461496dd8a14d4cef1"},"headline":"Dupont Advanced Printing apresenta novidades no Congresso Brasileiro de Embalagem","datePublished":"2018-09-10T15:46:08+00:00","dateModified":"2021-09-11T14:29:31+00:00","mainEntityOfPage":{"@id":"https:\/\/projetopack.com.br\/en\/dupont-advanced-printing-apresenta-novidades-no-congresso-brasileiro-de-embalagem\/"},"wordCount":554,"publisher":{"@id":"https:\/\/projetopack.com.br\/#organization"},"articleSection":["Arquivo"],"inLanguage":"en-US"},{"@type":"WebPage","@id":"https:\/\/projetopack.com.br\/en\/dupont-advanced-printing-apresenta-novidades-no-congresso-brasileiro-de-embalagem\/","url":"https:\/\/projetopack.com.br\/en\/dupont-advanced-printing-apresenta-novidades-no-congresso-brasileiro-de-embalagem\/","name":"Dupont Advanced Printing apresenta novidades no Congresso Brasileiro de Embalagem - ProjetoPack","isPartOf":{"@id":"https:\/\/projetopack.com.br\/#website"},"datePublished":"2018-09-10T15:46:08+00:00","dateModified":"2021-09-11T14:29:31+00:00","description":"Confira o melhor conte\u00fado sobre tecnologia, design e gest\u00e3o de embalagens flex\u00edveis, r\u00f3tulos e impress\u00e3o.","breadcrumb":{"@id":"https:\/\/projetopack.com.br\/en\/dupont-advanced-printing-apresenta-novidades-no-congresso-brasileiro-de-embalagem\/#breadcrumb"},"inLanguage":"en-US","potentialAction":[{"@type":"ReadAction","target":["https:\/\/projetopack.com.br\/en\/dupont-advanced-printing-apresenta-novidades-no-congresso-brasileiro-de-embalagem\/"]}]},{"@type":"BreadcrumbList","@id":"https:\/\/projetopack.com.br\/en\/dupont-advanced-printing-apresenta-novidades-no-congresso-brasileiro-de-embalagem\/#breadcrumb","itemListElement":[{"@type":"ListItem","position":1,"name":"P\u00e1gina Inicial","item":"https:\/\/projetopack.com.br\/"},{"@type":"ListItem","position":2,"name":"Arquivo","item":"https:\/\/projetopack.com.br\/en\/category\/arquivo\/"},{"@type":"ListItem","position":3,"name":"Dupont Advanced Printing apresenta novidades no Congresso Brasileiro de Embalagem"}]},{"@type":"WebSite","@id":"https:\/\/projetopack.com.br\/#website","url":"https:\/\/projetopack.com.br\/","name":"ProjetoPack","description":"Consultoria e servi\u00e7os para embalagens, r\u00f3tulos, etiquetas e processos de impress\u00e3o","publisher":{"@id":"https:\/\/projetopack.com.br\/#organization"},"potentialAction":[{"@type":"SearchAction","target":{"@type":"EntryPoint","urlTemplate":"https:\/\/projetopack.com.br\/?s={search_term_string}"},"query-input":{"@type":"PropertyValueSpecification","valueRequired":true,"valueName":"search_term_string"}}],"inLanguage":"en-US"},{"@type":"Organization","@id":"https:\/\/projetopack.com.br\/#organization","name":"ProjetoPack & Associados","url":"https:\/\/projetopack.com.br\/","logo":{"@type":"ImageObject","inLanguage":"en-US","@id":"https:\/\/projetopack.com.br\/#\/schema\/logo\/image\/","url":"https:\/\/projetopack.com.br\/wp-content\/uploads\/2020\/09\/projetopack.png","contentUrl":"https:\/\/projetopack.com.br\/wp-content\/uploads\/2020\/09\/projetopack.png","width":200,"height":200,"caption":"ProjetoPack & Associados"},"image":{"@id":"https:\/\/projetopack.com.br\/#\/schema\/logo\/image\/"},"sameAs":["https:\/\/x.com\/ProjetoPack","https:\/\/www.linkedin.com\/company\/projetopack\/"]},{"@type":"Person","@id":"https:\/\/projetopack.com.br\/#\/schema\/person\/d17c72a4bc2b7e461496dd8a14d4cef1","name":"Andrea","image":{"@type":"ImageObject","inLanguage":"en-US","@id":"https:\/\/projetopack.com.br\/#\/schema\/person\/image\/","url":"https:\/\/projetopack.com.br\/wp-content\/uploads\/2026\/03\/eu-150x150.jpg","contentUrl":"https:\/\/projetopack.com.br\/wp-content\/uploads\/2026\/03\/eu-150x150.jpg","caption":"Andrea"},"url":"https:\/\/projetopack.com.br\/en\/author\/andrea\/"}]}},"_links":{"self":[{"href":"https:\/\/projetopack.com.br\/en\/wp-json\/wp\/v2\/posts\/3266","targetHints":{"allow":["GET"]}}],"collection":[{"href":"https:\/\/projetopack.com.br\/en\/wp-json\/wp\/v2\/posts"}],"about":[{"href":"https:\/\/projetopack.com.br\/en\/wp-json\/wp\/v2\/types\/post"}],"author":[{"embeddable":true,"href":"https:\/\/projetopack.com.br\/en\/wp-json\/wp\/v2\/users\/18"}],"replies":[{"embeddable":true,"href":"https:\/\/projetopack.com.br\/en\/wp-json\/wp\/v2\/comments?post=3266"}],"version-history":[{"count":0,"href":"https:\/\/projetopack.com.br\/en\/wp-json\/wp\/v2\/posts\/3266\/revisions"}],"wp:attachment":[{"href":"https:\/\/projetopack.com.br\/en\/wp-json\/wp\/v2\/media?parent=3266"}],"wp:term":[{"taxonomy":"category","embeddable":true,"href":"https:\/\/projetopack.com.br\/en\/wp-json\/wp\/v2\/categories?post=3266"},{"taxonomy":"post_tag","embeddable":true,"href":"https:\/\/projetopack.com.br\/en\/wp-json\/wp\/v2\/tags?post=3266"}],"curies":[{"name":"wp","href":"https:\/\/api.w.org\/{rel}","templated":true}]}}