{"id":32756,"date":"2023-03-14T21:18:04","date_gmt":"2023-03-15T00:18:04","guid":{"rendered":"https:\/\/www.projetopack.com.br\/?p=32756"},"modified":"2023-03-14T21:18:49","modified_gmt":"2023-03-15T00:18:49","slug":"tarsus-e-adquirida-pela-informa","status":"publish","type":"post","link":"https:\/\/projetopack.com.br\/en\/tarsus-e-adquirida-pela-informa\/","title":{"rendered":"Tarsus \u00e9 adquirida pela Informa"},"content":{"rendered":"<p style=\"font-style:normal;font-weight:400\">A <a href=\"https:\/\/www.informamarkets.com\/pt\/home.html\" target=\"_blank\" rel=\"noreferrer noopener\">Informa<\/a> chegou a um acordo com a <a href=\"https:\/\/www.charterhouse.co.uk\/\" target=\"_blank\" rel=\"noreferrer noopener\">Charterhouse Capital Partners<\/a> e outros acionistas para adquirir a Tarsus, pelo valuation inicial de USD 940m.<\/p>\n\n\n\n<p style=\"font-style:normal;font-weight:400\">A Tarsus det\u00e9m e opera um portf\u00f3lio de mais de 160 eventos ao vivo e sob demanda, dentre eles a s\u00e9rie global de feiras do segmento de r\u00f3tulos e etiquetas &#8220;Labelexpo&#8221;, al\u00e9m de publicar a tradicional revista &#8220;Labels &amp; Labeling&#8221;.<\/p>\n\n\n\n<p style=\"font-style:normal;font-weight:400\">As 10 maiores marcas da Tarsus atraem um total de 515.000 visitantes e mais de 8350 expositores, o que expandir\u00e1 o portf\u00f3lio da Informa para mais de 85 marcas.<\/p>\n\n\n\n<p class=\"has-cyan-bluish-gray-background-color has-background\" style=\"font-style:normal;font-weight:400\">Desde 2019, quando a Tarsus plc foi adquirida pela Charterhouse, o portf\u00f3lio j\u00e1 se expandiu com 24 lan\u00e7amentos e 11 aquisi\u00e7\u00f5es direcionadas. Assim como a Informa, a Tarsus est\u00e1 vendo um retorno forte do mercado tanto nos eventos ao vivo como sob demanda B2B em 2023.<\/p>\n\n\n\n<p style=\"font-style:normal;font-weight:400\">Os portf\u00f3lios da Informa e Tarsus s\u00e3o complementares, tanto geograficamente, como por categoria de mercado. A sua combina\u00e7\u00e3o espera gerar uma sinergia de opera\u00e7\u00f5es anualizada na ordem de c.$20m at\u00e9 2025 (efici\u00eancias em procurement, tecnologia, contratos de eventos, im\u00f3veis e outras \u00e1reas).<\/p>\n\n\n\n<p style=\"font-style:normal;font-weight:400\">A combina\u00e7\u00e3o almeja ainda entregar receitas incrementais com marketing cruzado entre marcas, expans\u00e3o digital e lan\u00e7amento de novos eventos.<\/p>\n\n\n\n<p>Leia mais em nosso blog:<\/p>\n\n\n\n<p><a href=\"https:\/\/projetopack.com.br\/multi-color-corporation-assina-acordo-para-aquisicao-das-operacoes-da-flexcoat-no-brasil\/\" target=\"_blank\" rel=\"noreferrer noopener\">Multi-Color Corporation adquire Flexcoat<\/a><\/p>\n\n\n\n<p><\/p>","protected":false},"excerpt":{"rendered":"<p>A Informa chegou a um acordo com a Charterhouse Capital Partners e outros acionistas para adquirir a Tarsus, pelo valuation inicial de USD 940m. A Tarsus det\u00e9m e opera um portf\u00f3lio de mais de 160 eventos ao vivo e sob demanda, dentre eles a s\u00e9rie global de feiras do segmento de r\u00f3tulos e etiquetas &#8220;Labelexpo&#8221;, [&hellip;]<\/p>\n","protected":false},"author":12,"featured_media":32758,"comment_status":"open","ping_status":"closed","sticky":true,"template":"","format":"standard","meta":{"footnotes":""},"categories":[782],"tags":[],"class_list":["post-32756","post","type-post","status-publish","format-standard","has-post-thumbnail","hentry","category-fusoes-e-aquisicoes"],"yoast_head":"<!-- This site is optimized with the Yoast SEO Premium plugin v27.1 (Yoast SEO v27.1.1) - https:\/\/yoast.com\/product\/yoast-seo-premium-wordpress\/ -->\n<title>Tarsus \u00e9 adquirida pela Informa - ProjetoPack<\/title>\n<meta name=\"description\" content=\"A Informa chegou a um acordo com a Chaterhouse Capital Partners e outros acionistas para adquirir a Tarsus, pelo valuation inicial de USD 940m\" \/>\n<meta name=\"robots\" content=\"index, follow, max-snippet:-1, max-image-preview:large, max-video-preview:-1\" \/>\n<link rel=\"canonical\" href=\"https:\/\/projetopack.com.br\/en\/tarsus-e-adquirida-pela-informa\/\" \/>\n<meta property=\"og:locale\" content=\"en_US\" \/>\n<meta property=\"og:type\" content=\"article\" \/>\n<meta property=\"og:title\" content=\"Tarsus \u00e9 adquirida pela Informa\" \/>\n<meta property=\"og:description\" content=\"A Informa chegou a um acordo com a Chaterhouse Capital Partners e outros acionistas para adquirir a Tarsus, pelo valuation inicial de USD 940m\" \/>\n<meta property=\"og:url\" content=\"https:\/\/projetopack.com.br\/en\/tarsus-e-adquirida-pela-informa\/\" \/>\n<meta property=\"og:site_name\" content=\"ProjetoPack\" \/>\n<meta property=\"article:published_time\" content=\"2023-03-15T00:18:04+00:00\" \/>\n<meta property=\"article:modified_time\" content=\"2023-03-15T00:18:49+00:00\" \/>\n<meta property=\"og:image\" content=\"https:\/\/projetopack.com.br\/wp-content\/uploads\/2023\/03\/0002065_studioVercammen-139935455-scaled.jpg\" \/>\n\t<meta property=\"og:image:width\" content=\"2048\" \/>\n\t<meta property=\"og:image:height\" content=\"1367\" \/>\n\t<meta property=\"og:image:type\" content=\"image\/jpeg\" \/>\n<meta name=\"author\" content=\"Murilo Pinto Pereira\" \/>\n<meta name=\"twitter:card\" content=\"summary_large_image\" \/>\n<meta name=\"twitter:creator\" content=\"@ProjetoPack\" \/>\n<meta name=\"twitter:site\" content=\"@ProjetoPack\" \/>\n<meta name=\"twitter:label1\" content=\"Written by\" \/>\n\t<meta name=\"twitter:data1\" content=\"Murilo Pinto Pereira\" \/>\n\t<meta name=\"twitter:label2\" content=\"Est. reading time\" \/>\n\t<meta name=\"twitter:data2\" content=\"2 minutes\" \/>\n<script type=\"application\/ld+json\" class=\"yoast-schema-graph\">{\"@context\":\"https:\/\/schema.org\",\"@graph\":[{\"@type\":\"Article\",\"@id\":\"https:\/\/projetopack.com.br\/tarsus-e-adquirida-pela-informa\/#article\",\"isPartOf\":{\"@id\":\"https:\/\/projetopack.com.br\/tarsus-e-adquirida-pela-informa\/\"},\"author\":{\"name\":\"Murilo Pinto Pereira\",\"@id\":\"https:\/\/projetopack.com.br\/#\/schema\/person\/6e860f8340d3f2e089f05382c00b3e4b\"},\"headline\":\"Tarsus \u00e9 adquirida pela Informa\",\"datePublished\":\"2023-03-15T00:18:04+00:00\",\"dateModified\":\"2023-03-15T00:18:49+00:00\",\"mainEntityOfPage\":{\"@id\":\"https:\/\/projetopack.com.br\/tarsus-e-adquirida-pela-informa\/\"},\"wordCount\":223,\"commentCount\":0,\"publisher\":{\"@id\":\"https:\/\/projetopack.com.br\/#organization\"},\"image\":{\"@id\":\"https:\/\/projetopack.com.br\/tarsus-e-adquirida-pela-informa\/#primaryimage\"},\"thumbnailUrl\":\"https:\/\/projetopack.com.br\/wp-content\/uploads\/2023\/03\/0002065_studioVercammen-139935455-scaled.jpg\",\"articleSection\":[\"Fus\u00f5es e aquisi\u00e7\u00f5es\"],\"inLanguage\":\"en-US\",\"potentialAction\":[{\"@type\":\"CommentAction\",\"name\":\"Comment\",\"target\":[\"https:\/\/projetopack.com.br\/tarsus-e-adquirida-pela-informa\/#respond\"]}]},{\"@type\":\"WebPage\",\"@id\":\"https:\/\/projetopack.com.br\/tarsus-e-adquirida-pela-informa\/\",\"url\":\"https:\/\/projetopack.com.br\/tarsus-e-adquirida-pela-informa\/\",\"name\":\"Tarsus \u00e9 adquirida pela Informa - ProjetoPack\",\"isPartOf\":{\"@id\":\"https:\/\/projetopack.com.br\/#website\"},\"primaryImageOfPage\":{\"@id\":\"https:\/\/projetopack.com.br\/tarsus-e-adquirida-pela-informa\/#primaryimage\"},\"image\":{\"@id\":\"https:\/\/projetopack.com.br\/tarsus-e-adquirida-pela-informa\/#primaryimage\"},\"thumbnailUrl\":\"https:\/\/projetopack.com.br\/wp-content\/uploads\/2023\/03\/0002065_studioVercammen-139935455-scaled.jpg\",\"datePublished\":\"2023-03-15T00:18:04+00:00\",\"dateModified\":\"2023-03-15T00:18:49+00:00\",\"description\":\"A Informa chegou a um acordo com a Chaterhouse Capital Partners e outros acionistas para adquirir a Tarsus, pelo valuation inicial de USD 940m\",\"breadcrumb\":{\"@id\":\"https:\/\/projetopack.com.br\/tarsus-e-adquirida-pela-informa\/#breadcrumb\"},\"inLanguage\":\"en-US\",\"potentialAction\":[{\"@type\":\"ReadAction\",\"target\":[\"https:\/\/projetopack.com.br\/tarsus-e-adquirida-pela-informa\/\"]}]},{\"@type\":\"ImageObject\",\"inLanguage\":\"en-US\",\"@id\":\"https:\/\/projetopack.com.br\/tarsus-e-adquirida-pela-informa\/#primaryimage\",\"url\":\"https:\/\/projetopack.com.br\/wp-content\/uploads\/2023\/03\/0002065_studioVercammen-139935455-scaled.jpg\",\"contentUrl\":\"https:\/\/projetopack.com.br\/wp-content\/uploads\/2023\/03\/0002065_studioVercammen-139935455-scaled.jpg\",\"width\":2048,\"height\":1367,\"caption\":\"labelexpo\"},{\"@type\":\"BreadcrumbList\",\"@id\":\"https:\/\/projetopack.com.br\/tarsus-e-adquirida-pela-informa\/#breadcrumb\",\"itemListElement\":[{\"@type\":\"ListItem\",\"position\":1,\"name\":\"P\u00e1gina Inicial\",\"item\":\"https:\/\/projetopack.com.br\/\"},{\"@type\":\"ListItem\",\"position\":2,\"name\":\"Fus\u00f5es e aquisi\u00e7\u00f5es\",\"item\":\"https:\/\/projetopack.com.br\/en\/category\/fusoes-e-aquisicoes\/\"},{\"@type\":\"ListItem\",\"position\":3,\"name\":\"Tarsus \u00e9 adquirida pela Informa\"}]},{\"@type\":\"WebSite\",\"@id\":\"https:\/\/projetopack.com.br\/#website\",\"url\":\"https:\/\/projetopack.com.br\/\",\"name\":\"ProjetoPack\",\"description\":\"Consultoria e servi\u00e7os para embalagens, r\u00f3tulos, etiquetas e processos de impress\u00e3o\",\"publisher\":{\"@id\":\"https:\/\/projetopack.com.br\/#organization\"},\"potentialAction\":[{\"@type\":\"SearchAction\",\"target\":{\"@type\":\"EntryPoint\",\"urlTemplate\":\"https:\/\/projetopack.com.br\/?s={search_term_string}\"},\"query-input\":{\"@type\":\"PropertyValueSpecification\",\"valueRequired\":true,\"valueName\":\"search_term_string\"}}],\"inLanguage\":\"en-US\"},{\"@type\":\"Organization\",\"@id\":\"https:\/\/projetopack.com.br\/#organization\",\"name\":\"ProjetoPack & Associados\",\"url\":\"https:\/\/projetopack.com.br\/\",\"logo\":{\"@type\":\"ImageObject\",\"inLanguage\":\"en-US\",\"@id\":\"https:\/\/projetopack.com.br\/#\/schema\/logo\/image\/\",\"url\":\"https:\/\/projetopack.com.br\/wp-content\/uploads\/2020\/09\/projetopack.png\",\"contentUrl\":\"https:\/\/projetopack.com.br\/wp-content\/uploads\/2020\/09\/projetopack.png\",\"width\":200,\"height\":200,\"caption\":\"ProjetoPack & Associados\"},\"image\":{\"@id\":\"https:\/\/projetopack.com.br\/#\/schema\/logo\/image\/\"},\"sameAs\":[\"https:\/\/x.com\/ProjetoPack\",\"https:\/\/www.linkedin.com\/company\/projetopack\/\"]},{\"@type\":\"Person\",\"@id\":\"https:\/\/projetopack.com.br\/#\/schema\/person\/6e860f8340d3f2e089f05382c00b3e4b\",\"name\":\"Murilo Pinto Pereira\",\"image\":{\"@type\":\"ImageObject\",\"inLanguage\":\"en-US\",\"@id\":\"https:\/\/projetopack.com.br\/#\/schema\/person\/image\/\",\"url\":\"https:\/\/secure.gravatar.com\/avatar\/e88bd6a2108abef484e059b32103eaab8e51ed452ebb33926c80dea054c7e6c7?s=96&d=mm&r=g\",\"contentUrl\":\"https:\/\/secure.gravatar.com\/avatar\/e88bd6a2108abef484e059b32103eaab8e51ed452ebb33926c80dea054c7e6c7?s=96&d=mm&r=g\",\"caption\":\"Murilo Pinto Pereira\"},\"sameAs\":[\"http:\/\/murilopereira.com.br\/\"],\"url\":\"https:\/\/projetopack.com.br\/en\/author\/murilo\/\"}]}<\/script>\n<!-- \/ Yoast SEO Premium plugin. -->","yoast_head_json":{"title":"Tarsus \u00e9 adquirida pela Informa - ProjetoPack","description":"A Informa chegou a um acordo com a Chaterhouse Capital Partners e outros acionistas para adquirir a Tarsus, pelo valuation inicial de USD 940m","robots":{"index":"index","follow":"follow","max-snippet":"max-snippet:-1","max-image-preview":"max-image-preview:large","max-video-preview":"max-video-preview:-1"},"canonical":"https:\/\/projetopack.com.br\/en\/tarsus-e-adquirida-pela-informa\/","og_locale":"en_US","og_type":"article","og_title":"Tarsus \u00e9 adquirida pela Informa","og_description":"A Informa chegou a um acordo com a Chaterhouse Capital Partners e outros acionistas para adquirir a Tarsus, pelo valuation inicial de USD 940m","og_url":"https:\/\/projetopack.com.br\/en\/tarsus-e-adquirida-pela-informa\/","og_site_name":"ProjetoPack","article_published_time":"2023-03-15T00:18:04+00:00","article_modified_time":"2023-03-15T00:18:49+00:00","og_image":[{"width":2048,"height":1367,"url":"https:\/\/projetopack.com.br\/wp-content\/uploads\/2023\/03\/0002065_studioVercammen-139935455-scaled.jpg","type":"image\/jpeg"}],"author":"Murilo Pinto Pereira","twitter_card":"summary_large_image","twitter_creator":"@ProjetoPack","twitter_site":"@ProjetoPack","twitter_misc":{"Written by":"Murilo Pinto Pereira","Est. reading time":"2 minutes"},"schema":{"@context":"https:\/\/schema.org","@graph":[{"@type":"Article","@id":"https:\/\/projetopack.com.br\/tarsus-e-adquirida-pela-informa\/#article","isPartOf":{"@id":"https:\/\/projetopack.com.br\/tarsus-e-adquirida-pela-informa\/"},"author":{"name":"Murilo Pinto Pereira","@id":"https:\/\/projetopack.com.br\/#\/schema\/person\/6e860f8340d3f2e089f05382c00b3e4b"},"headline":"Tarsus \u00e9 adquirida pela Informa","datePublished":"2023-03-15T00:18:04+00:00","dateModified":"2023-03-15T00:18:49+00:00","mainEntityOfPage":{"@id":"https:\/\/projetopack.com.br\/tarsus-e-adquirida-pela-informa\/"},"wordCount":223,"commentCount":0,"publisher":{"@id":"https:\/\/projetopack.com.br\/#organization"},"image":{"@id":"https:\/\/projetopack.com.br\/tarsus-e-adquirida-pela-informa\/#primaryimage"},"thumbnailUrl":"https:\/\/projetopack.com.br\/wp-content\/uploads\/2023\/03\/0002065_studioVercammen-139935455-scaled.jpg","articleSection":["Fus\u00f5es e aquisi\u00e7\u00f5es"],"inLanguage":"en-US","potentialAction":[{"@type":"CommentAction","name":"Comment","target":["https:\/\/projetopack.com.br\/tarsus-e-adquirida-pela-informa\/#respond"]}]},{"@type":"WebPage","@id":"https:\/\/projetopack.com.br\/tarsus-e-adquirida-pela-informa\/","url":"https:\/\/projetopack.com.br\/tarsus-e-adquirida-pela-informa\/","name":"Tarsus \u00e9 adquirida pela Informa - ProjetoPack","isPartOf":{"@id":"https:\/\/projetopack.com.br\/#website"},"primaryImageOfPage":{"@id":"https:\/\/projetopack.com.br\/tarsus-e-adquirida-pela-informa\/#primaryimage"},"image":{"@id":"https:\/\/projetopack.com.br\/tarsus-e-adquirida-pela-informa\/#primaryimage"},"thumbnailUrl":"https:\/\/projetopack.com.br\/wp-content\/uploads\/2023\/03\/0002065_studioVercammen-139935455-scaled.jpg","datePublished":"2023-03-15T00:18:04+00:00","dateModified":"2023-03-15T00:18:49+00:00","description":"A Informa chegou a um acordo com a Chaterhouse Capital Partners e outros acionistas para adquirir a Tarsus, pelo valuation inicial de USD 940m","breadcrumb":{"@id":"https:\/\/projetopack.com.br\/tarsus-e-adquirida-pela-informa\/#breadcrumb"},"inLanguage":"en-US","potentialAction":[{"@type":"ReadAction","target":["https:\/\/projetopack.com.br\/tarsus-e-adquirida-pela-informa\/"]}]},{"@type":"ImageObject","inLanguage":"en-US","@id":"https:\/\/projetopack.com.br\/tarsus-e-adquirida-pela-informa\/#primaryimage","url":"https:\/\/projetopack.com.br\/wp-content\/uploads\/2023\/03\/0002065_studioVercammen-139935455-scaled.jpg","contentUrl":"https:\/\/projetopack.com.br\/wp-content\/uploads\/2023\/03\/0002065_studioVercammen-139935455-scaled.jpg","width":2048,"height":1367,"caption":"labelexpo"},{"@type":"BreadcrumbList","@id":"https:\/\/projetopack.com.br\/tarsus-e-adquirida-pela-informa\/#breadcrumb","itemListElement":[{"@type":"ListItem","position":1,"name":"P\u00e1gina Inicial","item":"https:\/\/projetopack.com.br\/"},{"@type":"ListItem","position":2,"name":"Fus\u00f5es e aquisi\u00e7\u00f5es","item":"https:\/\/projetopack.com.br\/en\/category\/fusoes-e-aquisicoes\/"},{"@type":"ListItem","position":3,"name":"Tarsus \u00e9 adquirida pela Informa"}]},{"@type":"WebSite","@id":"https:\/\/projetopack.com.br\/#website","url":"https:\/\/projetopack.com.br\/","name":"ProjetoPack","description":"Consultoria e servi\u00e7os para embalagens, r\u00f3tulos, etiquetas e processos de impress\u00e3o","publisher":{"@id":"https:\/\/projetopack.com.br\/#organization"},"potentialAction":[{"@type":"SearchAction","target":{"@type":"EntryPoint","urlTemplate":"https:\/\/projetopack.com.br\/?s={search_term_string}"},"query-input":{"@type":"PropertyValueSpecification","valueRequired":true,"valueName":"search_term_string"}}],"inLanguage":"en-US"},{"@type":"Organization","@id":"https:\/\/projetopack.com.br\/#organization","name":"ProjetoPack & Associados","url":"https:\/\/projetopack.com.br\/","logo":{"@type":"ImageObject","inLanguage":"en-US","@id":"https:\/\/projetopack.com.br\/#\/schema\/logo\/image\/","url":"https:\/\/projetopack.com.br\/wp-content\/uploads\/2020\/09\/projetopack.png","contentUrl":"https:\/\/projetopack.com.br\/wp-content\/uploads\/2020\/09\/projetopack.png","width":200,"height":200,"caption":"ProjetoPack & Associados"},"image":{"@id":"https:\/\/projetopack.com.br\/#\/schema\/logo\/image\/"},"sameAs":["https:\/\/x.com\/ProjetoPack","https:\/\/www.linkedin.com\/company\/projetopack\/"]},{"@type":"Person","@id":"https:\/\/projetopack.com.br\/#\/schema\/person\/6e860f8340d3f2e089f05382c00b3e4b","name":"Murilo Pinto Pereira","image":{"@type":"ImageObject","inLanguage":"en-US","@id":"https:\/\/projetopack.com.br\/#\/schema\/person\/image\/","url":"https:\/\/secure.gravatar.com\/avatar\/e88bd6a2108abef484e059b32103eaab8e51ed452ebb33926c80dea054c7e6c7?s=96&d=mm&r=g","contentUrl":"https:\/\/secure.gravatar.com\/avatar\/e88bd6a2108abef484e059b32103eaab8e51ed452ebb33926c80dea054c7e6c7?s=96&d=mm&r=g","caption":"Murilo Pinto Pereira"},"sameAs":["http:\/\/murilopereira.com.br\/"],"url":"https:\/\/projetopack.com.br\/en\/author\/murilo\/"}]}},"_links":{"self":[{"href":"https:\/\/projetopack.com.br\/en\/wp-json\/wp\/v2\/posts\/32756","targetHints":{"allow":["GET"]}}],"collection":[{"href":"https:\/\/projetopack.com.br\/en\/wp-json\/wp\/v2\/posts"}],"about":[{"href":"https:\/\/projetopack.com.br\/en\/wp-json\/wp\/v2\/types\/post"}],"author":[{"embeddable":true,"href":"https:\/\/projetopack.com.br\/en\/wp-json\/wp\/v2\/users\/12"}],"replies":[{"embeddable":true,"href":"https:\/\/projetopack.com.br\/en\/wp-json\/wp\/v2\/comments?post=32756"}],"version-history":[{"count":0,"href":"https:\/\/projetopack.com.br\/en\/wp-json\/wp\/v2\/posts\/32756\/revisions"}],"wp:featuredmedia":[{"embeddable":true,"href":"https:\/\/projetopack.com.br\/en\/wp-json\/wp\/v2\/media\/32758"}],"wp:attachment":[{"href":"https:\/\/projetopack.com.br\/en\/wp-json\/wp\/v2\/media?parent=32756"}],"wp:term":[{"taxonomy":"category","embeddable":true,"href":"https:\/\/projetopack.com.br\/en\/wp-json\/wp\/v2\/categories?post=32756"},{"taxonomy":"post_tag","embeddable":true,"href":"https:\/\/projetopack.com.br\/en\/wp-json\/wp\/v2\/tags?post=32756"}],"curies":[{"name":"wp","href":"https:\/\/api.w.org\/{rel}","templated":true}]}}