{"id":3276,"date":"2018-09-10T13:11:46","date_gmt":"2018-09-10T16:11:46","guid":{"rendered":"https:\/\/www.projetopack.com.br\/2020\/?p=3276"},"modified":"2021-09-11T11:30:29","modified_gmt":"2021-09-11T14:30:29","slug":"durst-destaca-tecnologia-de-impressao-digital-uv-de-passada-unica-na-labelexpo-americas-2018","status":"publish","type":"post","link":"https:\/\/projetopack.com.br\/en\/durst-destaca-tecnologia-de-impressao-digital-uv-de-passada-unica-na-labelexpo-americas-2018\/","title":{"rendered":"Durst destaca tecnologia de impress\u00e3o digital UV de passada \u00fanica na Labelexpo Americas 2018"},"content":{"rendered":"<p>A <strong>Durst<\/strong> anunciou novidades sobre sua participa\u00e7\u00e3o na <strong>Labelexpo Americas<\/strong>, que acontecer\u00e1 em Chicago (EUA), de 25 a 27 de setembro.<\/p>\n<p>O principal destaque ficar\u00e1 por conta da tecnologia de impress\u00e3o digital UV de passada \u00fanica da <strong>Tau 330 RSC<\/strong>, vers\u00e3o mais recente da fam\u00edlia Tau que oferece suporte a m\u00eddias de at\u00e9 330 mm de largura, velocidade de 78 metros lineares\/minuto, e resolu\u00e7\u00e3o de 1200&#215;1200 dpi.<\/p>\n<p>Conta com configura\u00e7\u00e3o para at\u00e9 8 cores (CMYK, mais branco, laranja, verde e violeta) e incorpora nova tecnologia de tinta de alta pigmenta\u00e7\u00e3o que permite cobrir at\u00e9 95% do gamut de cor Pantone, resultado em impressos de cores vivas e com qualidade visual de flexografia.<\/p>\n<p>Al\u00e9m disso, o equipamento vai ao encontro com o slogan da Durst, \u201cConfigure your Digital Future\u201d (Configure seu futuro digital), ao permitir trabalhar como solu\u00e7\u00e3o \u00fanica (stand alone) ou integrada como sistema h\u00edbrido em linha com a m\u00e1quina de acabamento <strong>OMET Xflex.<\/strong><\/p>\n<p>Suas op\u00e7\u00f5es de configura\u00e7\u00e3o incluem desbobinador jumbo e op\u00e7\u00f5es de pr\u00e9-tratamento de material, como corona inline, limpador de rolos, priming, e op\u00e7\u00f5es de acabamento p\u00f3s-impress\u00e3o, como aplica\u00e7\u00e3o &nbsp; &nbsp; &nbsp; &nbsp; &nbsp; de verniz, lamina\u00e7\u00e3o a frio, corte e vinco.<\/p>\n<p>Durante o evento, ser\u00e3o realizadas demonstra\u00e7\u00f5es em tempo real, destacando a gama de aplica\u00e7\u00f5es poss\u00edveis para a Tau 330. Tamb\u00e9m ser\u00e1 demonstrada a solu\u00e7\u00e3o integrada \u00e0 OMET XJet.<\/p>\n<p>Helmuth Munter, gerente mundial da Durst para o Segmento de Impress\u00e3o de Etiquetas e Embalagens, destaca o desempenho da Tau 330 RSC no mercado mundial, bem como as novas possibilidades abertas por suas aplica\u00e7\u00f5es.<\/p>\n<p>\u201cA Tau 330 RSC j\u00e1 alcan\u00e7ou mais de dez instala\u00e7\u00f5es bem-sucedidas na Europa. Nossos clientes ficaram muito impressionados com sua qualidade de impress\u00e3o, velocidade de produ\u00e7\u00e3o, bem como sua baixa varia\u00e7\u00e3o e custo total de propriedade. \u00c9 uma mudan\u00e7a de jogo e est\u00e1 desafiando as tecnologias de impress\u00e3o convencionais, de modo que ela se torne a principal tecnologia de impress\u00e3o de etiquetas no futuro pr\u00f3ximo\u201d, disse.<\/p>\n<p>Munter ainda acrescenta: \u201cOs pequenos, m\u00e9dios e, agora, longos ciclos de produ\u00e7\u00e3o, tornam-se altamente lucrativos com nossos sistemas digitais. Gra\u00e7as a um custo total de propriedade econ\u00f4mico que oferecemos, as op\u00e7\u00f5es s\u00e3o virtualmente ilimitadas e abrem um enorme potencial para novos produtos e servi\u00e7os em um mercado em constante mudan\u00e7a\u201d, pontua.<\/p>\n<p><img fetchpriority=\"high\" decoding=\"async\" class=\"aligncenter size-medium wp-image-3277\" src=\"https:\/\/projetopack.com.br\/wp-content\/uploads\/2018\/09\/Durst-300x226.jpg\" alt=\"\" width=\"300\" height=\"226\" srcset=\"https:\/\/projetopack.com.br\/wp-content\/uploads\/2018\/09\/Durst-300x226.jpg 300w, https:\/\/projetopack.com.br\/wp-content\/uploads\/2018\/09\/Durst-600x453.jpg 600w, https:\/\/projetopack.com.br\/wp-content\/uploads\/2018\/09\/Durst-768x579.jpg 768w, https:\/\/projetopack.com.br\/wp-content\/uploads\/2018\/09\/Durst-1024x773.jpg 1024w, https:\/\/projetopack.com.br\/wp-content\/uploads\/2018\/09\/Durst.jpg 2048w\" sizes=\"(max-width: 300px) 100vw, 300px\" \/><\/p>","protected":false},"excerpt":{"rendered":"<p>A Durst anunciou novidades sobre sua participa\u00e7\u00e3o na Labelexpo Americas, que acontecer\u00e1 em Chicago (EUA), de 25 a 27 de setembro [&#8230;]<\/p>\n","protected":false},"author":18,"featured_media":0,"comment_status":"closed","ping_status":"closed","sticky":false,"template":"","format":"standard","meta":{"footnotes":""},"categories":[877],"tags":[],"class_list":["post-3276","post","type-post","status-publish","format-standard","hentry","category-arquivo"],"yoast_head":"<!-- This site is optimized with the Yoast SEO Premium plugin v27.1 (Yoast SEO v27.1.1) - https:\/\/yoast.com\/product\/yoast-seo-premium-wordpress\/ -->\n<title>Durst destaca tecnologia de impress\u00e3o digital UV de passada \u00fanica na Labelexpo Americas 2018 - ProjetoPack<\/title>\n<meta name=\"description\" content=\"Confira o melhor conte\u00fado sobre tecnologia, design e gest\u00e3o de embalagens flex\u00edveis, r\u00f3tulos e impress\u00e3o.\" \/>\n<meta name=\"robots\" content=\"index, follow, max-snippet:-1, max-image-preview:large, max-video-preview:-1\" \/>\n<link rel=\"canonical\" href=\"https:\/\/projetopack.com.br\/en\/durst-destaca-tecnologia-de-impressao-digital-uv-de-passada-unica-na-labelexpo-americas-2018\/\" \/>\n<meta property=\"og:locale\" content=\"en_US\" \/>\n<meta property=\"og:type\" content=\"article\" \/>\n<meta property=\"og:title\" content=\"Durst destaca tecnologia de impress\u00e3o digital UV de passada \u00fanica na Labelexpo Americas 2018\" \/>\n<meta property=\"og:description\" content=\"Confira o melhor conte\u00fado sobre tecnologia, design e gest\u00e3o de embalagens flex\u00edveis, r\u00f3tulos e impress\u00e3o.\" \/>\n<meta property=\"og:url\" content=\"https:\/\/projetopack.com.br\/en\/durst-destaca-tecnologia-de-impressao-digital-uv-de-passada-unica-na-labelexpo-americas-2018\/\" \/>\n<meta property=\"og:site_name\" content=\"ProjetoPack\" \/>\n<meta property=\"article:published_time\" content=\"2018-09-10T16:11:46+00:00\" \/>\n<meta property=\"article:modified_time\" content=\"2021-09-11T14:30:29+00:00\" \/>\n<meta property=\"og:image\" content=\"https:\/\/projetopack.com.br\/wp-content\/uploads\/2018\/09\/Durst-300x226.jpg\" \/>\n<meta name=\"author\" content=\"Andrea\" \/>\n<meta name=\"twitter:card\" content=\"summary_large_image\" \/>\n<meta name=\"twitter:creator\" content=\"@ProjetoPack\" \/>\n<meta name=\"twitter:site\" content=\"@ProjetoPack\" \/>\n<meta name=\"twitter:label1\" content=\"Written by\" \/>\n\t<meta name=\"twitter:data1\" content=\"Andrea\" \/>\n\t<meta name=\"twitter:label2\" content=\"Est. reading time\" \/>\n\t<meta name=\"twitter:data2\" content=\"2 minutes\" \/>\n<script type=\"application\/ld+json\" class=\"yoast-schema-graph\">{\"@context\":\"https:\/\/schema.org\",\"@graph\":[{\"@type\":\"Article\",\"@id\":\"https:\/\/projetopack.com.br\/en\/durst-destaca-tecnologia-de-impressao-digital-uv-de-passada-unica-na-labelexpo-americas-2018\/#article\",\"isPartOf\":{\"@id\":\"https:\/\/projetopack.com.br\/en\/durst-destaca-tecnologia-de-impressao-digital-uv-de-passada-unica-na-labelexpo-americas-2018\/\"},\"author\":{\"name\":\"Andrea\",\"@id\":\"https:\/\/projetopack.com.br\/#\/schema\/person\/d17c72a4bc2b7e461496dd8a14d4cef1\"},\"headline\":\"Durst destaca tecnologia de impress\u00e3o digital UV de passada \u00fanica na Labelexpo Americas 2018\",\"datePublished\":\"2018-09-10T16:11:46+00:00\",\"dateModified\":\"2021-09-11T14:30:29+00:00\",\"mainEntityOfPage\":{\"@id\":\"https:\/\/projetopack.com.br\/en\/durst-destaca-tecnologia-de-impressao-digital-uv-de-passada-unica-na-labelexpo-americas-2018\/\"},\"wordCount\":422,\"publisher\":{\"@id\":\"https:\/\/projetopack.com.br\/#organization\"},\"image\":{\"@id\":\"https:\/\/projetopack.com.br\/en\/durst-destaca-tecnologia-de-impressao-digital-uv-de-passada-unica-na-labelexpo-americas-2018\/#primaryimage\"},\"thumbnailUrl\":\"https:\/\/projetopack.com.br\/wp-content\/uploads\/2018\/09\/Durst-300x226.jpg\",\"articleSection\":[\"Arquivo\"],\"inLanguage\":\"en-US\"},{\"@type\":\"WebPage\",\"@id\":\"https:\/\/projetopack.com.br\/en\/durst-destaca-tecnologia-de-impressao-digital-uv-de-passada-unica-na-labelexpo-americas-2018\/\",\"url\":\"https:\/\/projetopack.com.br\/en\/durst-destaca-tecnologia-de-impressao-digital-uv-de-passada-unica-na-labelexpo-americas-2018\/\",\"name\":\"Durst destaca tecnologia de impress\u00e3o digital UV de passada \u00fanica na Labelexpo Americas 2018 - ProjetoPack\",\"isPartOf\":{\"@id\":\"https:\/\/projetopack.com.br\/#website\"},\"primaryImageOfPage\":{\"@id\":\"https:\/\/projetopack.com.br\/en\/durst-destaca-tecnologia-de-impressao-digital-uv-de-passada-unica-na-labelexpo-americas-2018\/#primaryimage\"},\"image\":{\"@id\":\"https:\/\/projetopack.com.br\/en\/durst-destaca-tecnologia-de-impressao-digital-uv-de-passada-unica-na-labelexpo-americas-2018\/#primaryimage\"},\"thumbnailUrl\":\"https:\/\/projetopack.com.br\/wp-content\/uploads\/2018\/09\/Durst-300x226.jpg\",\"datePublished\":\"2018-09-10T16:11:46+00:00\",\"dateModified\":\"2021-09-11T14:30:29+00:00\",\"description\":\"Confira o melhor conte\u00fado sobre tecnologia, design e gest\u00e3o de embalagens flex\u00edveis, r\u00f3tulos e impress\u00e3o.\",\"breadcrumb\":{\"@id\":\"https:\/\/projetopack.com.br\/en\/durst-destaca-tecnologia-de-impressao-digital-uv-de-passada-unica-na-labelexpo-americas-2018\/#breadcrumb\"},\"inLanguage\":\"en-US\",\"potentialAction\":[{\"@type\":\"ReadAction\",\"target\":[\"https:\/\/projetopack.com.br\/en\/durst-destaca-tecnologia-de-impressao-digital-uv-de-passada-unica-na-labelexpo-americas-2018\/\"]}]},{\"@type\":\"ImageObject\",\"inLanguage\":\"en-US\",\"@id\":\"https:\/\/projetopack.com.br\/en\/durst-destaca-tecnologia-de-impressao-digital-uv-de-passada-unica-na-labelexpo-americas-2018\/#primaryimage\",\"url\":\"https:\/\/projetopack.com.br\/wp-content\/uploads\/2018\/09\/Durst-300x226.jpg\",\"contentUrl\":\"https:\/\/projetopack.com.br\/wp-content\/uploads\/2018\/09\/Durst-300x226.jpg\"},{\"@type\":\"BreadcrumbList\",\"@id\":\"https:\/\/projetopack.com.br\/en\/durst-destaca-tecnologia-de-impressao-digital-uv-de-passada-unica-na-labelexpo-americas-2018\/#breadcrumb\",\"itemListElement\":[{\"@type\":\"ListItem\",\"position\":1,\"name\":\"P\u00e1gina Inicial\",\"item\":\"https:\/\/projetopack.com.br\/\"},{\"@type\":\"ListItem\",\"position\":2,\"name\":\"Arquivo\",\"item\":\"https:\/\/projetopack.com.br\/en\/category\/arquivo\/\"},{\"@type\":\"ListItem\",\"position\":3,\"name\":\"Durst destaca tecnologia de impress\u00e3o digital UV de passada \u00fanica na Labelexpo Americas 2018\"}]},{\"@type\":\"WebSite\",\"@id\":\"https:\/\/projetopack.com.br\/#website\",\"url\":\"https:\/\/projetopack.com.br\/\",\"name\":\"ProjetoPack\",\"description\":\"Consultoria e servi\u00e7os para embalagens, r\u00f3tulos, etiquetas e processos de impress\u00e3o\",\"publisher\":{\"@id\":\"https:\/\/projetopack.com.br\/#organization\"},\"potentialAction\":[{\"@type\":\"SearchAction\",\"target\":{\"@type\":\"EntryPoint\",\"urlTemplate\":\"https:\/\/projetopack.com.br\/?s={search_term_string}\"},\"query-input\":{\"@type\":\"PropertyValueSpecification\",\"valueRequired\":true,\"valueName\":\"search_term_string\"}}],\"inLanguage\":\"en-US\"},{\"@type\":\"Organization\",\"@id\":\"https:\/\/projetopack.com.br\/#organization\",\"name\":\"ProjetoPack & Associados\",\"url\":\"https:\/\/projetopack.com.br\/\",\"logo\":{\"@type\":\"ImageObject\",\"inLanguage\":\"en-US\",\"@id\":\"https:\/\/projetopack.com.br\/#\/schema\/logo\/image\/\",\"url\":\"https:\/\/projetopack.com.br\/wp-content\/uploads\/2020\/09\/projetopack.png\",\"contentUrl\":\"https:\/\/projetopack.com.br\/wp-content\/uploads\/2020\/09\/projetopack.png\",\"width\":200,\"height\":200,\"caption\":\"ProjetoPack & Associados\"},\"image\":{\"@id\":\"https:\/\/projetopack.com.br\/#\/schema\/logo\/image\/\"},\"sameAs\":[\"https:\/\/x.com\/ProjetoPack\",\"https:\/\/www.linkedin.com\/company\/projetopack\/\"]},{\"@type\":\"Person\",\"@id\":\"https:\/\/projetopack.com.br\/#\/schema\/person\/d17c72a4bc2b7e461496dd8a14d4cef1\",\"name\":\"Andrea\",\"image\":{\"@type\":\"ImageObject\",\"inLanguage\":\"en-US\",\"@id\":\"https:\/\/projetopack.com.br\/#\/schema\/person\/image\/\",\"url\":\"https:\/\/projetopack.com.br\/wp-content\/uploads\/2026\/03\/eu-150x150.jpg\",\"contentUrl\":\"https:\/\/projetopack.com.br\/wp-content\/uploads\/2026\/03\/eu-150x150.jpg\",\"caption\":\"Andrea\"},\"url\":\"https:\/\/projetopack.com.br\/en\/author\/andrea\/\"}]}<\/script>\n<!-- \/ Yoast SEO Premium plugin. -->","yoast_head_json":{"title":"Durst destaca tecnologia de impress\u00e3o digital UV de passada \u00fanica na Labelexpo Americas 2018 - ProjetoPack","description":"Confira o melhor conte\u00fado sobre tecnologia, design e gest\u00e3o de embalagens flex\u00edveis, r\u00f3tulos e impress\u00e3o.","robots":{"index":"index","follow":"follow","max-snippet":"max-snippet:-1","max-image-preview":"max-image-preview:large","max-video-preview":"max-video-preview:-1"},"canonical":"https:\/\/projetopack.com.br\/en\/durst-destaca-tecnologia-de-impressao-digital-uv-de-passada-unica-na-labelexpo-americas-2018\/","og_locale":"en_US","og_type":"article","og_title":"Durst destaca tecnologia de impress\u00e3o digital UV de passada \u00fanica na Labelexpo Americas 2018","og_description":"Confira o melhor conte\u00fado sobre tecnologia, design e gest\u00e3o de embalagens flex\u00edveis, r\u00f3tulos e impress\u00e3o.","og_url":"https:\/\/projetopack.com.br\/en\/durst-destaca-tecnologia-de-impressao-digital-uv-de-passada-unica-na-labelexpo-americas-2018\/","og_site_name":"ProjetoPack","article_published_time":"2018-09-10T16:11:46+00:00","article_modified_time":"2021-09-11T14:30:29+00:00","og_image":[{"url":"https:\/\/projetopack.com.br\/wp-content\/uploads\/2018\/09\/Durst-300x226.jpg","type":"","width":"","height":""}],"author":"Andrea","twitter_card":"summary_large_image","twitter_creator":"@ProjetoPack","twitter_site":"@ProjetoPack","twitter_misc":{"Written by":"Andrea","Est. reading time":"2 minutes"},"schema":{"@context":"https:\/\/schema.org","@graph":[{"@type":"Article","@id":"https:\/\/projetopack.com.br\/en\/durst-destaca-tecnologia-de-impressao-digital-uv-de-passada-unica-na-labelexpo-americas-2018\/#article","isPartOf":{"@id":"https:\/\/projetopack.com.br\/en\/durst-destaca-tecnologia-de-impressao-digital-uv-de-passada-unica-na-labelexpo-americas-2018\/"},"author":{"name":"Andrea","@id":"https:\/\/projetopack.com.br\/#\/schema\/person\/d17c72a4bc2b7e461496dd8a14d4cef1"},"headline":"Durst destaca tecnologia de impress\u00e3o digital UV de passada \u00fanica na Labelexpo Americas 2018","datePublished":"2018-09-10T16:11:46+00:00","dateModified":"2021-09-11T14:30:29+00:00","mainEntityOfPage":{"@id":"https:\/\/projetopack.com.br\/en\/durst-destaca-tecnologia-de-impressao-digital-uv-de-passada-unica-na-labelexpo-americas-2018\/"},"wordCount":422,"publisher":{"@id":"https:\/\/projetopack.com.br\/#organization"},"image":{"@id":"https:\/\/projetopack.com.br\/en\/durst-destaca-tecnologia-de-impressao-digital-uv-de-passada-unica-na-labelexpo-americas-2018\/#primaryimage"},"thumbnailUrl":"https:\/\/projetopack.com.br\/wp-content\/uploads\/2018\/09\/Durst-300x226.jpg","articleSection":["Arquivo"],"inLanguage":"en-US"},{"@type":"WebPage","@id":"https:\/\/projetopack.com.br\/en\/durst-destaca-tecnologia-de-impressao-digital-uv-de-passada-unica-na-labelexpo-americas-2018\/","url":"https:\/\/projetopack.com.br\/en\/durst-destaca-tecnologia-de-impressao-digital-uv-de-passada-unica-na-labelexpo-americas-2018\/","name":"Durst destaca tecnologia de impress\u00e3o digital UV de passada \u00fanica na Labelexpo Americas 2018 - ProjetoPack","isPartOf":{"@id":"https:\/\/projetopack.com.br\/#website"},"primaryImageOfPage":{"@id":"https:\/\/projetopack.com.br\/en\/durst-destaca-tecnologia-de-impressao-digital-uv-de-passada-unica-na-labelexpo-americas-2018\/#primaryimage"},"image":{"@id":"https:\/\/projetopack.com.br\/en\/durst-destaca-tecnologia-de-impressao-digital-uv-de-passada-unica-na-labelexpo-americas-2018\/#primaryimage"},"thumbnailUrl":"https:\/\/projetopack.com.br\/wp-content\/uploads\/2018\/09\/Durst-300x226.jpg","datePublished":"2018-09-10T16:11:46+00:00","dateModified":"2021-09-11T14:30:29+00:00","description":"Confira o melhor conte\u00fado sobre tecnologia, design e gest\u00e3o de embalagens flex\u00edveis, r\u00f3tulos e impress\u00e3o.","breadcrumb":{"@id":"https:\/\/projetopack.com.br\/en\/durst-destaca-tecnologia-de-impressao-digital-uv-de-passada-unica-na-labelexpo-americas-2018\/#breadcrumb"},"inLanguage":"en-US","potentialAction":[{"@type":"ReadAction","target":["https:\/\/projetopack.com.br\/en\/durst-destaca-tecnologia-de-impressao-digital-uv-de-passada-unica-na-labelexpo-americas-2018\/"]}]},{"@type":"ImageObject","inLanguage":"en-US","@id":"https:\/\/projetopack.com.br\/en\/durst-destaca-tecnologia-de-impressao-digital-uv-de-passada-unica-na-labelexpo-americas-2018\/#primaryimage","url":"https:\/\/projetopack.com.br\/wp-content\/uploads\/2018\/09\/Durst-300x226.jpg","contentUrl":"https:\/\/projetopack.com.br\/wp-content\/uploads\/2018\/09\/Durst-300x226.jpg"},{"@type":"BreadcrumbList","@id":"https:\/\/projetopack.com.br\/en\/durst-destaca-tecnologia-de-impressao-digital-uv-de-passada-unica-na-labelexpo-americas-2018\/#breadcrumb","itemListElement":[{"@type":"ListItem","position":1,"name":"P\u00e1gina Inicial","item":"https:\/\/projetopack.com.br\/"},{"@type":"ListItem","position":2,"name":"Arquivo","item":"https:\/\/projetopack.com.br\/en\/category\/arquivo\/"},{"@type":"ListItem","position":3,"name":"Durst destaca tecnologia de impress\u00e3o digital UV de passada \u00fanica na Labelexpo Americas 2018"}]},{"@type":"WebSite","@id":"https:\/\/projetopack.com.br\/#website","url":"https:\/\/projetopack.com.br\/","name":"ProjetoPack","description":"Consultoria e servi\u00e7os para embalagens, r\u00f3tulos, etiquetas e processos de impress\u00e3o","publisher":{"@id":"https:\/\/projetopack.com.br\/#organization"},"potentialAction":[{"@type":"SearchAction","target":{"@type":"EntryPoint","urlTemplate":"https:\/\/projetopack.com.br\/?s={search_term_string}"},"query-input":{"@type":"PropertyValueSpecification","valueRequired":true,"valueName":"search_term_string"}}],"inLanguage":"en-US"},{"@type":"Organization","@id":"https:\/\/projetopack.com.br\/#organization","name":"ProjetoPack & Associados","url":"https:\/\/projetopack.com.br\/","logo":{"@type":"ImageObject","inLanguage":"en-US","@id":"https:\/\/projetopack.com.br\/#\/schema\/logo\/image\/","url":"https:\/\/projetopack.com.br\/wp-content\/uploads\/2020\/09\/projetopack.png","contentUrl":"https:\/\/projetopack.com.br\/wp-content\/uploads\/2020\/09\/projetopack.png","width":200,"height":200,"caption":"ProjetoPack & Associados"},"image":{"@id":"https:\/\/projetopack.com.br\/#\/schema\/logo\/image\/"},"sameAs":["https:\/\/x.com\/ProjetoPack","https:\/\/www.linkedin.com\/company\/projetopack\/"]},{"@type":"Person","@id":"https:\/\/projetopack.com.br\/#\/schema\/person\/d17c72a4bc2b7e461496dd8a14d4cef1","name":"Andrea","image":{"@type":"ImageObject","inLanguage":"en-US","@id":"https:\/\/projetopack.com.br\/#\/schema\/person\/image\/","url":"https:\/\/projetopack.com.br\/wp-content\/uploads\/2026\/03\/eu-150x150.jpg","contentUrl":"https:\/\/projetopack.com.br\/wp-content\/uploads\/2026\/03\/eu-150x150.jpg","caption":"Andrea"},"url":"https:\/\/projetopack.com.br\/en\/author\/andrea\/"}]}},"_links":{"self":[{"href":"https:\/\/projetopack.com.br\/en\/wp-json\/wp\/v2\/posts\/3276","targetHints":{"allow":["GET"]}}],"collection":[{"href":"https:\/\/projetopack.com.br\/en\/wp-json\/wp\/v2\/posts"}],"about":[{"href":"https:\/\/projetopack.com.br\/en\/wp-json\/wp\/v2\/types\/post"}],"author":[{"embeddable":true,"href":"https:\/\/projetopack.com.br\/en\/wp-json\/wp\/v2\/users\/18"}],"replies":[{"embeddable":true,"href":"https:\/\/projetopack.com.br\/en\/wp-json\/wp\/v2\/comments?post=3276"}],"version-history":[{"count":0,"href":"https:\/\/projetopack.com.br\/en\/wp-json\/wp\/v2\/posts\/3276\/revisions"}],"wp:attachment":[{"href":"https:\/\/projetopack.com.br\/en\/wp-json\/wp\/v2\/media?parent=3276"}],"wp:term":[{"taxonomy":"category","embeddable":true,"href":"https:\/\/projetopack.com.br\/en\/wp-json\/wp\/v2\/categories?post=3276"},{"taxonomy":"post_tag","embeddable":true,"href":"https:\/\/projetopack.com.br\/en\/wp-json\/wp\/v2\/tags?post=3276"}],"curies":[{"name":"wp","href":"https:\/\/api.w.org\/{rel}","templated":true}]}}