{"id":34641,"date":"2023-05-30T17:32:54","date_gmt":"2023-05-30T20:32:54","guid":{"rendered":"https:\/\/www.projetopack.com.br\/?p=34641"},"modified":"2026-03-16T16:48:06","modified_gmt":"2026-03-16T19:48:06","slug":"o-que-aprendemos-na-entrevista-do-programa-packcast-com-o-leonidas-alperowitch","status":"publish","type":"post","link":"https:\/\/projetopack.com.br\/en\/o-que-aprendemos-na-entrevista-do-programa-packcast-com-o-leonidas-alperowitch\/","title":{"rendered":"O que aprendemos na entrevista do programa PackCast com o Leonidas Alperowitch?"},"content":{"rendered":"<p style=\"font-style:normal;font-weight:400\">Nos \u00faltimos dias, conduzimos mais uma entrevista no nosso podcast. E, mantendo a tradi\u00e7\u00e3o, aproveitamos o v\u00eddeo para o formato webcast em nosso canal do <a href=\"https:\/\/bit.ly\/3NkQCUS\">YouTube<\/a>.<\/p>\n\n\n\n<p style=\"font-style:normal;font-weight:400\">Foi a segunda entrevista da temporada especial \u201c45 anos de <a href=\"https:\/\/www.abief.org.br\/\" target=\"_blank\" rel=\"noreferrer noopener\">ABIEF<\/a>\u201d, com um verdadeiro patrim\u00f4nio da ind\u00fastria de embalagens pl\u00e1sticas flex\u00edveis nacional, o engenheiro, administrador, empres\u00e1rio, conselheiro e consultor <strong>Leonidas Alperowitch<\/strong>.<\/p>\n\n\n\n<figure class=\"wp-block-embed is-type-video is-provider-youtube wp-block-embed-youtube wp-embed-aspect-16-9 wp-has-aspect-ratio\"><div class=\"wp-block-embed__wrapper\">\n<iframe title=\"PackLive com Leonidas Alperowitch\" width=\"800\" height=\"450\" src=\"https:\/\/www.youtube.com\/embed\/F6jtIoPE1Gc?feature=oembed\" frameborder=\"0\" allow=\"accelerometer; autoplay; clipboard-write; encrypted-media; gyroscope; picture-in-picture; web-share\" allowfullscreen><\/iframe>\n<\/div><\/figure>\n\n\n\n<p style=\"font-style:normal;font-weight:400\"><em>Aos mais novos no segmento, Leonidas \u00e9 um dos precursores nas iniciativas de organiza\u00e7\u00e3o da cadeia dos pl\u00e1sticos que culminou na cria\u00e7\u00e3o da ABIEF, no fim dos anos setenta.<\/em><\/p>\n\n\n\n<p style=\"font-style:normal;font-weight:400\">Leonidas trabalhou na extinta <strong>Polifilm<\/strong>, uma das ind\u00fastrias pioneiras do segmento, juntamente com a l\u00edder <strong>ITAP<\/strong>, <strong>Electroplastic<\/strong> e <strong>EDA<\/strong>. \u00c0 \u00e9poca, a maioria das embalagens pl\u00e1sticas era relativamente simples, e o know-how das especialidades e da tecnologia concentravam-se nas m\u00e3os destas quatro companhias.<\/p>\n\n\n\n<p style=\"font-style:normal;font-weight:400\">Nos conta Leonidas que, como engenheiro formado e atuante na <strong>Sanbra<\/strong> (Sociedade Algodoeira do Nordeste Brasileiro, que acabou tornando-se Bunge d\u00e9cadas adiante), sua atua\u00e7\u00e3o profissional sempre transcendeu a engenharia propriamente dita, estando mais conectada \u00e0 administra\u00e7\u00e3o e economia empresarial.<\/p>\n\n\n\n<blockquote class=\"wp-block-quote has-medium-font-size is-layout-flow wp-block-quote-is-layout-flow\" style=\"font-style:normal;font-weight:400\"><p><em>\u201dNa \u00e9poca, as empresas evitavam manter funcion\u00e1rios no quadro por mais de uma d\u00e9cada, para evitar passivos onerosos. Aos nove anos de empresa, fui dispensado para ser recontratado tr\u00eas meses depois, mas nesse intervalo fui contatado pelo dono da Polifilm para assumir a diretoria de marketing e vendas, \u00e1reas em que acabei me especializando<\/em>\u201d.<\/p><\/blockquote>\n\n\n\n<h2 class=\"wp-block-heading\" id=\"h-galgando-posicoes-exponencialmente-em-virtude-de-seu-pro-ativismo-e-versatilidade-leonidas-acabou-tornando-se-diretor-superintendente-da-polifilm-ate-tornar-se-socio-da-companhia\"><strong>Galgando posi\u00e7\u00f5es exponencialmente em virtude de seu pr\u00f3-ativismo e versatilidade, Leonidas acabou tornando-se diretor superintendente da Polifilm at\u00e9 tornar-se s\u00f3cio da companhia.<\/strong><\/h2>\n\n\n\n<p style=\"font-style:normal;font-weight:400\">Leonidas acabou seguindo outros rumos profissionais e deixou a sociedade algum tempo depois. A Polifilm continuou sua trajet\u00f3ria at\u00e9 ser negociada ao grupo Bemis. Ainda na companhia, Leonidas foi escolhido pela dire\u00e7\u00e3o da ABIEF, \u00e0 \u00e9poca presidida pelo Sr. Israel Sverner (Electroplastic), a assumir a presid\u00eancia da entidade.<\/p>\n\n\n\n<p style=\"font-style:normal;font-weight:400\">Com Leonidas Alperowitch, aprendemos que:<\/p>\n\n\n\n<ul class=\"wp-block-list\" style=\"font-style:normal;font-weight:400\"><li>Desde o in\u00edcio da ind\u00fastria de embalagens pl\u00e1sticas nacional, o oligop\u00f3lio das resinas termopl\u00e1sticas \u00e9 nevr\u00e1lgico \u00e0 lucratividade e sobreviv\u00eancia dos transformadores. Neste assunto, pouco ou quase nada mudou;<\/li><li>Talvez, t\u00e3o impactante quanto a representatividade da mat\u00e9ria-prima em um setor super consolidado ao transformador \/ convertedor m\u00e9dio est\u00e1 a dificuldade de apura\u00e7\u00e3o dos custos e, por conseguinte, a forma\u00e7\u00e3o do pre\u00e7o de venda das embalagens lisas ou impressas;<\/li><li>As refer\u00eancias normativas s\u00e3o muito importantes ao nosso setor, como linha de base para atribuir par\u00e2metros de comparabilidade, principalmente em termos de qualidade, ao usu\u00e1rio final;<\/li><li>Uma parte importante da inova\u00e7\u00e3o reside no \u201cinc\u00f4modo com o status quo\u201d. A Replac, empresa de representa\u00e7\u00f5es criada por Leonidas h\u00e1 tanto tempo nunca foi, de fato, uma empresa de vendas tradicional; ele sentia que era preciso fazer mais pelo cliente, e isso posicionou a companhia como uma empresa h\u00edbrida de consultoria, marketing industrial, aconselhamento estrat\u00e9gico e, como resultado, vendas.<\/li><\/ul>\n\n\n\n<p class=\"has-light-green-cyan-background-color has-background\" style=\"font-style:normal;font-weight:400\">Leonidas participou (e ainda o faz) ativamente no segmento de sacos para lixo, foi vice presidente do sindicato dos pl\u00e1sticos de S\u00e3o Paulo, \u00e9 membro do conselho da ABIEF, assessora empresas e ensina sistem\u00e1tica e apaixonadamente que commodity \u00e9 um estado de esp\u00edrito, uma desculpa simpl\u00f3ria aos que n\u00e3o querem sair da zona de conforto.<\/p>\n\n\n\n<p style=\"font-style:normal;font-weight:400\">O que o mercado perder\u00e1 quando todos os \u201cLeonidas Alperowitches\u201d se aposentarem? Ser\u00e1 que as novas gera\u00e7\u00f5es estar\u00e3o aptas a seguir ou aperfei\u00e7oar este s\u00f3lido legado que alicer\u00e7ou a ind\u00fastria de embalagens no Brasil? Vamos torcer para que sim.<\/p>\n\n\n\n<p style=\"font-style:normal;font-weight:400\">Se voc\u00ea prefere ouvir a entrevista, corre l\u00e1 e j\u00e1 se inscreve no podcast <strong>PackCast<\/strong> no link:<\/p>\n\n\n\n<figure class=\"wp-block-embed is-type-wp-embed is-provider-anchor-fm-inc wp-block-embed-anchor-fm-inc\"><div class=\"wp-block-embed__wrapper\">\n<iframe class=\"wp-embedded-content\" sandbox=\"allow-scripts\" security=\"restricted\" title=\"PackCast\" src=\"https:\/\/anchor.fm\/pack-cast\/embed#?secret=GUuFmeHLAz\" data-secret=\"GUuFmeHLAz\" height=\"102px\" width=\"400px\" frameborder=\"0\" scrolling=\"no\"><\/iframe>\n<\/div><\/figure>\n\n\n\n<p>Leia mais em nosso blog:<\/p>\n\n\n\n<p style=\"font-style:normal;font-weight:400\"><a href=\"https:\/\/projetopack.com.br\/en\/o-que-aprendemos-no-packcast-com-a-camargo-embalagens\/\" target=\"_blank\" rel=\"noreferrer noopener\">O que aprendemos no PackCast com a Camargo Embalagens?<\/a><\/p>","protected":false},"excerpt":{"rendered":"<p>Nos \u00faltimos dias, conduzimos mais uma entrevista no nosso podcast. E, mantendo a tradi\u00e7\u00e3o, aproveitamos o v\u00eddeo para o formato webcast em nosso canal do YouTube. Foi a segunda entrevista da temporada especial \u201c45 anos de ABIEF\u201d, com um verdadeiro patrim\u00f4nio da ind\u00fastria de embalagens pl\u00e1sticas flex\u00edveis nacional, o engenheiro, administrador, empres\u00e1rio, conselheiro e consultor [&hellip;]<\/p>\n","protected":false},"author":2,"featured_media":34995,"comment_status":"open","ping_status":"closed","sticky":true,"template":"","format":"standard","meta":{"footnotes":""},"categories":[632],"tags":[],"class_list":["post-34641","post","type-post","status-publish","format-standard","has-post-thumbnail","hentry","category-entrevistas"],"yoast_head":"<!-- This site is optimized with the Yoast SEO Premium plugin v27.1 (Yoast SEO v27.1.1) - https:\/\/yoast.com\/product\/yoast-seo-premium-wordpress\/ -->\n<title>O que aprendemos na entrevista do programa PackCast com o Leonidas Alperowitch? - ProjetoPack<\/title>\n<meta name=\"description\" content=\"Segunda entrevista da temporada especial \u201c45 anos de ABIEF\u201d, com o engenheiro, administrador, conselheiro e consultor Leonidas Alperowitch\" \/>\n<meta name=\"robots\" content=\"index, follow, max-snippet:-1, max-image-preview:large, max-video-preview:-1\" \/>\n<link rel=\"canonical\" href=\"https:\/\/projetopack.com.br\/en\/o-que-aprendemos-na-entrevista-do-programa-packcast-com-o-leonidas-alperowitch\/\" \/>\n<meta property=\"og:locale\" content=\"en_US\" \/>\n<meta property=\"og:type\" content=\"article\" \/>\n<meta property=\"og:title\" content=\"O que aprendemos na entrevista do programa PackCast com o Leonidas Alperowitch?\" \/>\n<meta property=\"og:description\" content=\"Segunda entrevista da temporada especial \u201c45 anos de ABIEF\u201d, com o engenheiro, administrador, conselheiro e consultor Leonidas Alperowitch\" \/>\n<meta property=\"og:url\" content=\"https:\/\/projetopack.com.br\/en\/o-que-aprendemos-na-entrevista-do-programa-packcast-com-o-leonidas-alperowitch\/\" \/>\n<meta property=\"og:site_name\" content=\"ProjetoPack\" \/>\n<meta property=\"article:published_time\" content=\"2023-05-30T20:32:54+00:00\" \/>\n<meta property=\"article:modified_time\" content=\"2026-03-16T19:48:06+00:00\" \/>\n<meta property=\"og:image\" content=\"https:\/\/projetopack.com.br\/wp-content\/uploads\/2023\/05\/Capa-Podcast-T3-EP2-600x600-1.webp\" \/>\n\t<meta property=\"og:image:width\" content=\"600\" \/>\n\t<meta property=\"og:image:height\" content=\"600\" \/>\n\t<meta property=\"og:image:type\" content=\"image\/webp\" \/>\n<meta name=\"author\" content=\"Aislan Baer\" \/>\n<meta name=\"twitter:card\" content=\"summary_large_image\" \/>\n<meta name=\"twitter:creator\" content=\"@ProjetoPack\" \/>\n<meta name=\"twitter:site\" content=\"@ProjetoPack\" \/>\n<meta name=\"twitter:label1\" content=\"Written by\" \/>\n\t<meta name=\"twitter:data1\" content=\"Aislan Baer\" \/>\n\t<meta name=\"twitter:label2\" content=\"Est. reading time\" \/>\n\t<meta name=\"twitter:data2\" content=\"4 minutes\" \/>\n<script type=\"application\/ld+json\" class=\"yoast-schema-graph\">{\"@context\":\"https:\/\/schema.org\",\"@graph\":[{\"@type\":\"Article\",\"@id\":\"https:\/\/projetopack.com.br\/o-que-aprendemos-na-entrevista-do-programa-packcast-com-o-leonidas-alperowitch\/#article\",\"isPartOf\":{\"@id\":\"https:\/\/projetopack.com.br\/o-que-aprendemos-na-entrevista-do-programa-packcast-com-o-leonidas-alperowitch\/\"},\"author\":{\"name\":\"Aislan Baer\",\"@id\":\"https:\/\/projetopack.com.br\/#\/schema\/person\/87cbd7d1e244880886d457815ebd2490\"},\"headline\":\"O que aprendemos na entrevista do programa PackCast com o Leonidas Alperowitch?\",\"datePublished\":\"2023-05-30T20:32:54+00:00\",\"dateModified\":\"2026-03-16T19:48:06+00:00\",\"mainEntityOfPage\":{\"@id\":\"https:\/\/projetopack.com.br\/o-que-aprendemos-na-entrevista-do-programa-packcast-com-o-leonidas-alperowitch\/\"},\"wordCount\":655,\"commentCount\":0,\"publisher\":{\"@id\":\"https:\/\/projetopack.com.br\/#organization\"},\"image\":{\"@id\":\"https:\/\/projetopack.com.br\/o-que-aprendemos-na-entrevista-do-programa-packcast-com-o-leonidas-alperowitch\/#primaryimage\"},\"thumbnailUrl\":\"https:\/\/projetopack.com.br\/wp-content\/uploads\/2023\/05\/Capa-Podcast-T3-EP2-600x600-1.webp\",\"articleSection\":[\"Entrevistas\"],\"inLanguage\":\"en-US\",\"potentialAction\":[{\"@type\":\"CommentAction\",\"name\":\"Comment\",\"target\":[\"https:\/\/projetopack.com.br\/o-que-aprendemos-na-entrevista-do-programa-packcast-com-o-leonidas-alperowitch\/#respond\"]}]},{\"@type\":\"WebPage\",\"@id\":\"https:\/\/projetopack.com.br\/o-que-aprendemos-na-entrevista-do-programa-packcast-com-o-leonidas-alperowitch\/\",\"url\":\"https:\/\/projetopack.com.br\/o-que-aprendemos-na-entrevista-do-programa-packcast-com-o-leonidas-alperowitch\/\",\"name\":\"O que aprendemos na entrevista do programa PackCast com o Leonidas Alperowitch? - ProjetoPack\",\"isPartOf\":{\"@id\":\"https:\/\/projetopack.com.br\/#website\"},\"primaryImageOfPage\":{\"@id\":\"https:\/\/projetopack.com.br\/o-que-aprendemos-na-entrevista-do-programa-packcast-com-o-leonidas-alperowitch\/#primaryimage\"},\"image\":{\"@id\":\"https:\/\/projetopack.com.br\/o-que-aprendemos-na-entrevista-do-programa-packcast-com-o-leonidas-alperowitch\/#primaryimage\"},\"thumbnailUrl\":\"https:\/\/projetopack.com.br\/wp-content\/uploads\/2023\/05\/Capa-Podcast-T3-EP2-600x600-1.webp\",\"datePublished\":\"2023-05-30T20:32:54+00:00\",\"dateModified\":\"2026-03-16T19:48:06+00:00\",\"description\":\"Segunda entrevista da temporada especial \u201c45 anos de ABIEF\u201d, com o engenheiro, administrador, conselheiro e consultor Leonidas Alperowitch\",\"breadcrumb\":{\"@id\":\"https:\/\/projetopack.com.br\/o-que-aprendemos-na-entrevista-do-programa-packcast-com-o-leonidas-alperowitch\/#breadcrumb\"},\"inLanguage\":\"en-US\",\"potentialAction\":[{\"@type\":\"ReadAction\",\"target\":[\"https:\/\/projetopack.com.br\/o-que-aprendemos-na-entrevista-do-programa-packcast-com-o-leonidas-alperowitch\/\"]}]},{\"@type\":\"ImageObject\",\"inLanguage\":\"en-US\",\"@id\":\"https:\/\/projetopack.com.br\/o-que-aprendemos-na-entrevista-do-programa-packcast-com-o-leonidas-alperowitch\/#primaryimage\",\"url\":\"https:\/\/projetopack.com.br\/wp-content\/uploads\/2023\/05\/Capa-Podcast-T3-EP2-600x600-1.webp\",\"contentUrl\":\"https:\/\/projetopack.com.br\/wp-content\/uploads\/2023\/05\/Capa-Podcast-T3-EP2-600x600-1.webp\",\"width\":600,\"height\":600,\"caption\":\"packcast leonidas alperowitch\"},{\"@type\":\"BreadcrumbList\",\"@id\":\"https:\/\/projetopack.com.br\/o-que-aprendemos-na-entrevista-do-programa-packcast-com-o-leonidas-alperowitch\/#breadcrumb\",\"itemListElement\":[{\"@type\":\"ListItem\",\"position\":1,\"name\":\"P\u00e1gina Inicial\",\"item\":\"https:\/\/projetopack.com.br\/\"},{\"@type\":\"ListItem\",\"position\":2,\"name\":\"Entrevistas\",\"item\":\"https:\/\/projetopack.com.br\/category\/entrevistas\/\"},{\"@type\":\"ListItem\",\"position\":3,\"name\":\"O que aprendemos na entrevista do programa PackCast com o Leonidas Alperowitch?\"}]},{\"@type\":\"WebSite\",\"@id\":\"https:\/\/projetopack.com.br\/#website\",\"url\":\"https:\/\/projetopack.com.br\/\",\"name\":\"ProjetoPack\",\"description\":\"Consultoria e servi\u00e7os para embalagens, r\u00f3tulos, etiquetas e processos de impress\u00e3o\",\"publisher\":{\"@id\":\"https:\/\/projetopack.com.br\/#organization\"},\"potentialAction\":[{\"@type\":\"SearchAction\",\"target\":{\"@type\":\"EntryPoint\",\"urlTemplate\":\"https:\/\/projetopack.com.br\/?s={search_term_string}\"},\"query-input\":{\"@type\":\"PropertyValueSpecification\",\"valueRequired\":true,\"valueName\":\"search_term_string\"}}],\"inLanguage\":\"en-US\"},{\"@type\":\"Organization\",\"@id\":\"https:\/\/projetopack.com.br\/#organization\",\"name\":\"ProjetoPack & Associados\",\"url\":\"https:\/\/projetopack.com.br\/\",\"logo\":{\"@type\":\"ImageObject\",\"inLanguage\":\"en-US\",\"@id\":\"https:\/\/projetopack.com.br\/#\/schema\/logo\/image\/\",\"url\":\"https:\/\/projetopack.com.br\/wp-content\/uploads\/2020\/09\/projetopack.png\",\"contentUrl\":\"https:\/\/projetopack.com.br\/wp-content\/uploads\/2020\/09\/projetopack.png\",\"width\":200,\"height\":200,\"caption\":\"ProjetoPack & Associados\"},\"image\":{\"@id\":\"https:\/\/projetopack.com.br\/#\/schema\/logo\/image\/\"},\"sameAs\":[\"https:\/\/x.com\/ProjetoPack\",\"https:\/\/www.linkedin.com\/company\/projetopack\/\"]},{\"@type\":\"Person\",\"@id\":\"https:\/\/projetopack.com.br\/#\/schema\/person\/87cbd7d1e244880886d457815ebd2490\",\"name\":\"Aislan Baer\",\"image\":{\"@type\":\"ImageObject\",\"inLanguage\":\"en-US\",\"@id\":\"https:\/\/projetopack.com.br\/#\/schema\/person\/image\/\",\"url\":\"https:\/\/projetopack.com.br\/wp-content\/uploads\/2021\/08\/Aislan-Busto-p-100x100.jpg\",\"contentUrl\":\"https:\/\/projetopack.com.br\/wp-content\/uploads\/2021\/08\/Aislan-Busto-p-100x100.jpg\",\"caption\":\"Aislan Baer\"},\"description\":\"Desde os \u00faltimos 20 anos, meu time e eu ajudamos mais de 300 empresas brasileiras e estrangeiras (algumas delas, l\u00edderes mundiais) a produzir embalagens flex\u00edveis e r\u00f3tulos com maior efici\u00eancia, menores custos e maior apelo visual, bem como centenas de donos de marcas a comprar suas embalagens flex\u00edveis e material impresso com um crit\u00e9rio mais t\u00e9cnico e assertivo. Ao mesmo tempo, gra\u00e7as \u00e0 nossa consultoria, muitas destas empresas melhoraram significativamente o seu processo de Impress\u00e3o (Impress\u00e3o de embalagens, Impress\u00e3o industrial, Impress\u00e3o funcional e, mais recentemente, bio impress\u00e3o e manufatura aditiva ou simplesmente Impress\u00e3o 3D). Se a sua empresa tem um problema relacionado a embalagens flex\u00edveis, r\u00f3tulos ou Impress\u00e3o, por mais insol\u00favel que lhe pare\u00e7a, aguardamos ansiosos a sua liga\u00e7\u00e3o ou e-mail. Este \u00e9 nosso trabalho e tamb\u00e9m a nossa paix\u00e3o.\",\"sameAs\":[\"http:\/\/www.projetopack.com\",\"https:\/\/www.linkedin.com\/in\/aislanbaer\/\"],\"jobTitle\":\"CEO @ ProjetoPack | L\u00edder em M&A no Setor de Impress\u00e3o e Embalagens no Brasil | Cofundador da Inovagraf e Neuraflow | Especialista em Inova\u00e7\u00e3o com IA na Impress\u00e3o | Printing Legacy Initiative | Empreendedor Serial\",\"url\":\"https:\/\/projetopack.com.br\/en\/author\/aislan\/\"}]}<\/script>\n<!-- \/ Yoast SEO Premium plugin. -->","yoast_head_json":{"title":"O que aprendemos na entrevista do programa PackCast com o Leonidas Alperowitch? - ProjetoPack","description":"Segunda entrevista da temporada especial \u201c45 anos de ABIEF\u201d, com o engenheiro, administrador, conselheiro e consultor Leonidas Alperowitch","robots":{"index":"index","follow":"follow","max-snippet":"max-snippet:-1","max-image-preview":"max-image-preview:large","max-video-preview":"max-video-preview:-1"},"canonical":"https:\/\/projetopack.com.br\/en\/o-que-aprendemos-na-entrevista-do-programa-packcast-com-o-leonidas-alperowitch\/","og_locale":"en_US","og_type":"article","og_title":"O que aprendemos na entrevista do programa PackCast com o Leonidas Alperowitch?","og_description":"Segunda entrevista da temporada especial \u201c45 anos de ABIEF\u201d, com o engenheiro, administrador, conselheiro e consultor Leonidas Alperowitch","og_url":"https:\/\/projetopack.com.br\/en\/o-que-aprendemos-na-entrevista-do-programa-packcast-com-o-leonidas-alperowitch\/","og_site_name":"ProjetoPack","article_published_time":"2023-05-30T20:32:54+00:00","article_modified_time":"2026-03-16T19:48:06+00:00","og_image":[{"width":600,"height":600,"url":"https:\/\/projetopack.com.br\/wp-content\/uploads\/2023\/05\/Capa-Podcast-T3-EP2-600x600-1.webp","type":"image\/webp"}],"author":"Aislan Baer","twitter_card":"summary_large_image","twitter_creator":"@ProjetoPack","twitter_site":"@ProjetoPack","twitter_misc":{"Written by":"Aislan Baer","Est. reading time":"4 minutes"},"schema":{"@context":"https:\/\/schema.org","@graph":[{"@type":"Article","@id":"https:\/\/projetopack.com.br\/o-que-aprendemos-na-entrevista-do-programa-packcast-com-o-leonidas-alperowitch\/#article","isPartOf":{"@id":"https:\/\/projetopack.com.br\/o-que-aprendemos-na-entrevista-do-programa-packcast-com-o-leonidas-alperowitch\/"},"author":{"name":"Aislan Baer","@id":"https:\/\/projetopack.com.br\/#\/schema\/person\/87cbd7d1e244880886d457815ebd2490"},"headline":"O que aprendemos na entrevista do programa PackCast com o Leonidas Alperowitch?","datePublished":"2023-05-30T20:32:54+00:00","dateModified":"2026-03-16T19:48:06+00:00","mainEntityOfPage":{"@id":"https:\/\/projetopack.com.br\/o-que-aprendemos-na-entrevista-do-programa-packcast-com-o-leonidas-alperowitch\/"},"wordCount":655,"commentCount":0,"publisher":{"@id":"https:\/\/projetopack.com.br\/#organization"},"image":{"@id":"https:\/\/projetopack.com.br\/o-que-aprendemos-na-entrevista-do-programa-packcast-com-o-leonidas-alperowitch\/#primaryimage"},"thumbnailUrl":"https:\/\/projetopack.com.br\/wp-content\/uploads\/2023\/05\/Capa-Podcast-T3-EP2-600x600-1.webp","articleSection":["Entrevistas"],"inLanguage":"en-US","potentialAction":[{"@type":"CommentAction","name":"Comment","target":["https:\/\/projetopack.com.br\/o-que-aprendemos-na-entrevista-do-programa-packcast-com-o-leonidas-alperowitch\/#respond"]}]},{"@type":"WebPage","@id":"https:\/\/projetopack.com.br\/o-que-aprendemos-na-entrevista-do-programa-packcast-com-o-leonidas-alperowitch\/","url":"https:\/\/projetopack.com.br\/o-que-aprendemos-na-entrevista-do-programa-packcast-com-o-leonidas-alperowitch\/","name":"O que aprendemos na entrevista do programa PackCast com o Leonidas Alperowitch? - ProjetoPack","isPartOf":{"@id":"https:\/\/projetopack.com.br\/#website"},"primaryImageOfPage":{"@id":"https:\/\/projetopack.com.br\/o-que-aprendemos-na-entrevista-do-programa-packcast-com-o-leonidas-alperowitch\/#primaryimage"},"image":{"@id":"https:\/\/projetopack.com.br\/o-que-aprendemos-na-entrevista-do-programa-packcast-com-o-leonidas-alperowitch\/#primaryimage"},"thumbnailUrl":"https:\/\/projetopack.com.br\/wp-content\/uploads\/2023\/05\/Capa-Podcast-T3-EP2-600x600-1.webp","datePublished":"2023-05-30T20:32:54+00:00","dateModified":"2026-03-16T19:48:06+00:00","description":"Segunda entrevista da temporada especial \u201c45 anos de ABIEF\u201d, com o engenheiro, administrador, conselheiro e consultor Leonidas Alperowitch","breadcrumb":{"@id":"https:\/\/projetopack.com.br\/o-que-aprendemos-na-entrevista-do-programa-packcast-com-o-leonidas-alperowitch\/#breadcrumb"},"inLanguage":"en-US","potentialAction":[{"@type":"ReadAction","target":["https:\/\/projetopack.com.br\/o-que-aprendemos-na-entrevista-do-programa-packcast-com-o-leonidas-alperowitch\/"]}]},{"@type":"ImageObject","inLanguage":"en-US","@id":"https:\/\/projetopack.com.br\/o-que-aprendemos-na-entrevista-do-programa-packcast-com-o-leonidas-alperowitch\/#primaryimage","url":"https:\/\/projetopack.com.br\/wp-content\/uploads\/2023\/05\/Capa-Podcast-T3-EP2-600x600-1.webp","contentUrl":"https:\/\/projetopack.com.br\/wp-content\/uploads\/2023\/05\/Capa-Podcast-T3-EP2-600x600-1.webp","width":600,"height":600,"caption":"packcast leonidas alperowitch"},{"@type":"BreadcrumbList","@id":"https:\/\/projetopack.com.br\/o-que-aprendemos-na-entrevista-do-programa-packcast-com-o-leonidas-alperowitch\/#breadcrumb","itemListElement":[{"@type":"ListItem","position":1,"name":"P\u00e1gina Inicial","item":"https:\/\/projetopack.com.br\/"},{"@type":"ListItem","position":2,"name":"Entrevistas","item":"https:\/\/projetopack.com.br\/category\/entrevistas\/"},{"@type":"ListItem","position":3,"name":"O que aprendemos na entrevista do programa PackCast com o Leonidas Alperowitch?"}]},{"@type":"WebSite","@id":"https:\/\/projetopack.com.br\/#website","url":"https:\/\/projetopack.com.br\/","name":"ProjetoPack","description":"Consultoria e servi\u00e7os para embalagens, r\u00f3tulos, etiquetas e processos de impress\u00e3o","publisher":{"@id":"https:\/\/projetopack.com.br\/#organization"},"potentialAction":[{"@type":"SearchAction","target":{"@type":"EntryPoint","urlTemplate":"https:\/\/projetopack.com.br\/?s={search_term_string}"},"query-input":{"@type":"PropertyValueSpecification","valueRequired":true,"valueName":"search_term_string"}}],"inLanguage":"en-US"},{"@type":"Organization","@id":"https:\/\/projetopack.com.br\/#organization","name":"ProjetoPack & Associados","url":"https:\/\/projetopack.com.br\/","logo":{"@type":"ImageObject","inLanguage":"en-US","@id":"https:\/\/projetopack.com.br\/#\/schema\/logo\/image\/","url":"https:\/\/projetopack.com.br\/wp-content\/uploads\/2020\/09\/projetopack.png","contentUrl":"https:\/\/projetopack.com.br\/wp-content\/uploads\/2020\/09\/projetopack.png","width":200,"height":200,"caption":"ProjetoPack & Associados"},"image":{"@id":"https:\/\/projetopack.com.br\/#\/schema\/logo\/image\/"},"sameAs":["https:\/\/x.com\/ProjetoPack","https:\/\/www.linkedin.com\/company\/projetopack\/"]},{"@type":"Person","@id":"https:\/\/projetopack.com.br\/#\/schema\/person\/87cbd7d1e244880886d457815ebd2490","name":"Aislan Baer","image":{"@type":"ImageObject","inLanguage":"en-US","@id":"https:\/\/projetopack.com.br\/#\/schema\/person\/image\/","url":"https:\/\/projetopack.com.br\/wp-content\/uploads\/2021\/08\/Aislan-Busto-p-100x100.jpg","contentUrl":"https:\/\/projetopack.com.br\/wp-content\/uploads\/2021\/08\/Aislan-Busto-p-100x100.jpg","caption":"Aislan Baer"},"description":"Desde os \u00faltimos 20 anos, meu time e eu ajudamos mais de 300 empresas brasileiras e estrangeiras (algumas delas, l\u00edderes mundiais) a produzir embalagens flex\u00edveis e r\u00f3tulos com maior efici\u00eancia, menores custos e maior apelo visual, bem como centenas de donos de marcas a comprar suas embalagens flex\u00edveis e material impresso com um crit\u00e9rio mais t\u00e9cnico e assertivo. Ao mesmo tempo, gra\u00e7as \u00e0 nossa consultoria, muitas destas empresas melhoraram significativamente o seu processo de Impress\u00e3o (Impress\u00e3o de embalagens, Impress\u00e3o industrial, Impress\u00e3o funcional e, mais recentemente, bio impress\u00e3o e manufatura aditiva ou simplesmente Impress\u00e3o 3D). Se a sua empresa tem um problema relacionado a embalagens flex\u00edveis, r\u00f3tulos ou Impress\u00e3o, por mais insol\u00favel que lhe pare\u00e7a, aguardamos ansiosos a sua liga\u00e7\u00e3o ou e-mail. Este \u00e9 nosso trabalho e tamb\u00e9m a nossa paix\u00e3o.","sameAs":["http:\/\/www.projetopack.com","https:\/\/www.linkedin.com\/in\/aislanbaer\/"],"jobTitle":"CEO @ ProjetoPack | L\u00edder em M&A no Setor de Impress\u00e3o e Embalagens no Brasil | Cofundador da Inovagraf e Neuraflow | Especialista em Inova\u00e7\u00e3o com IA na Impress\u00e3o | Printing Legacy Initiative | Empreendedor Serial","url":"https:\/\/projetopack.com.br\/en\/author\/aislan\/"}]}},"_links":{"self":[{"href":"https:\/\/projetopack.com.br\/en\/wp-json\/wp\/v2\/posts\/34641","targetHints":{"allow":["GET"]}}],"collection":[{"href":"https:\/\/projetopack.com.br\/en\/wp-json\/wp\/v2\/posts"}],"about":[{"href":"https:\/\/projetopack.com.br\/en\/wp-json\/wp\/v2\/types\/post"}],"author":[{"embeddable":true,"href":"https:\/\/projetopack.com.br\/en\/wp-json\/wp\/v2\/users\/2"}],"replies":[{"embeddable":true,"href":"https:\/\/projetopack.com.br\/en\/wp-json\/wp\/v2\/comments?post=34641"}],"version-history":[{"count":0,"href":"https:\/\/projetopack.com.br\/en\/wp-json\/wp\/v2\/posts\/34641\/revisions"}],"wp:featuredmedia":[{"embeddable":true,"href":"https:\/\/projetopack.com.br\/en\/wp-json\/wp\/v2\/media\/34995"}],"wp:attachment":[{"href":"https:\/\/projetopack.com.br\/en\/wp-json\/wp\/v2\/media?parent=34641"}],"wp:term":[{"taxonomy":"category","embeddable":true,"href":"https:\/\/projetopack.com.br\/en\/wp-json\/wp\/v2\/categories?post=34641"},{"taxonomy":"post_tag","embeddable":true,"href":"https:\/\/projetopack.com.br\/en\/wp-json\/wp\/v2\/tags?post=34641"}],"curies":[{"name":"wp","href":"https:\/\/api.w.org\/{rel}","templated":true}]}}