{"id":35145,"date":"2023-06-25T18:02:44","date_gmt":"2023-06-25T21:02:44","guid":{"rendered":"https:\/\/www.projetopack.com.br\/?p=35145"},"modified":"2026-03-16T16:48:06","modified_gmt":"2026-03-16T19:48:06","slug":"all4labels-adquire-allbox-faberprint-e-involv-labels-no-centro-oeste","status":"publish","type":"post","link":"https:\/\/projetopack.com.br\/en\/all4labels-adquire-allbox-faberprint-e-involv-labels-no-centro-oeste\/","title":{"rendered":"All4Labels adquire Allbox, Faberprint e Involv Labels no Centro-Oeste"},"content":{"rendered":"<p style=\"font-style:normal;font-weight:400\">A gigante alem\u00e3 All4Labels tem fome. No mesmo dia em que anunciou a <a href=\"https:\/\/projetopack.com.br\/visionflex-agora-e-all4labels\/\" target=\"_blank\" rel=\"noreferrer noopener\">aquisi\u00e7\u00e3o da convertedora paulista Visionflex<\/a>, divulgou a aquisi\u00e7\u00e3o das gr\u00e1ficas <strong>Allbox<\/strong>, <strong>Faberprint<\/strong> e <strong>Involv Labels<\/strong>, todas da cidade de An\u00e1polis, GO (leia a <a href=\"https:\/\/all4labels.com\/faberprint-allbox-and-involv-labels-join-the-all4labels-group\/\" target=\"_blank\" rel=\"noreferrer noopener\">nota oficial<\/a> aqui).<\/p>\n\n\n\n<p style=\"font-style:normal;font-weight:400\">O acordo com a All4Labels foi assinado pelo CEO das empresas goianas, <strong>Gustavo Torres<\/strong>. De acordo com <strong>Guido Iannone<\/strong>, presidente da All4Labels para as Am\u00e9ricas Central e do Sul, a expans\u00e3o para a regi\u00e3o central o Brasil faz com que o grupo seja \u201ccapaz de atender ainda melhor nossos clientes, impulsionando a expans\u00e3o do mercado em todos os segmentos e complementar a j\u00e1 ampla experi\u00eancia e fortes capacidades da All4Labels\u201d. Gustavo Torres continuar\u00e1 na gest\u00e3o das tr\u00eas gr\u00e1ficas. <\/p>\n\n\n\n<figure class=\"wp-block-pullquote\" style=\"font-style:normal;font-weight:400\"><blockquote><p>\u201cCom uma experi\u00eancia de mais de vinte anos, nossas empresas se tornaram l\u00edderes no mercado farmac\u00eautico brasileiro. Acreditamos firmemente que fazer parte do Grupo All4Labels acelerar\u00e1 ainda mais o crescimento de nossos neg\u00f3cios e investimentos em tecnologia de ponta, onde compartilhamos de um principal objetivo, acompanhar o crescimento de nossos clientes parceiros e do mercado, buscando sempre evoluir no atendimento, qualidade e seguran\u00e7a, com solu\u00e7\u00f5es diferenciadas\u201d,<\/p><cite>afirma <strong>Torres<\/strong>.<\/cite><\/blockquote><\/figure>\n\n\n\n<p>Leia mais em nosso blog:<\/p>\n\n\n\n<p><a href=\"https:\/\/projetopack.com.br\/visionflex-agora-e-all4labels\/\" target=\"_blank\" rel=\"noreferrer noopener\">Visionflex agora \u00e9 All4Labels<\/a><\/p>","protected":false},"excerpt":{"rendered":"<p>A gigante alem\u00e3 All4Labels tem fome. No mesmo dia em que anunciou a aquisi\u00e7\u00e3o da convertedora paulista Visionflex, divulgou a aquisi\u00e7\u00e3o das gr\u00e1ficas Allbox, Faberprint e Involv Labels, todas da cidade de An\u00e1polis, GO (leia a nota oficial aqui). O acordo com a All4Labels foi assinado pelo CEO das empresas goianas, Gustavo Torres. De acordo [&hellip;]<\/p>\n","protected":false},"author":2,"featured_media":35146,"comment_status":"open","ping_status":"closed","sticky":true,"template":"","format":"standard","meta":{"footnotes":""},"categories":[782],"tags":[475,1099,1100,1098,33,170],"class_list":["post-35145","post","type-post","status-publish","format-standard","has-post-thumbnail","hentry","category-fusoes-e-aquisicoes","tag-all4labels","tag-allbox","tag-faberprint","tag-involv-labels","tag-rotulos-adesivos","tag-rotulos-e-etiquetas"],"yoast_head":"<!-- This site is optimized with the Yoast SEO Premium plugin v27.1 (Yoast SEO v27.1.1) - https:\/\/yoast.com\/product\/yoast-seo-premium-wordpress\/ -->\n<title>All4Labels adquire Allbox, Faberprint e Involv Labels no Centro-Oeste - ProjetoPack<\/title>\n<meta name=\"description\" content=\"All4Labels consolida posi\u00e7\u00e3o no mercado gr\u00e1fico do Centro-Oeste\" \/>\n<meta name=\"robots\" content=\"index, follow, max-snippet:-1, max-image-preview:large, max-video-preview:-1\" \/>\n<link rel=\"canonical\" href=\"https:\/\/projetopack.com.br\/en\/all4labels-adquire-allbox-faberprint-e-involv-labels-no-centro-oeste\/\" \/>\n<meta property=\"og:locale\" content=\"en_US\" \/>\n<meta property=\"og:type\" content=\"article\" \/>\n<meta property=\"og:title\" content=\"All4Labels adquire Allbox, Faberprint e Involv Labels no Centro-Oeste\" \/>\n<meta property=\"og:description\" content=\"All4Labels consolida posi\u00e7\u00e3o no mercado gr\u00e1fico do Centro-Oeste\" \/>\n<meta property=\"og:url\" content=\"https:\/\/projetopack.com.br\/en\/all4labels-adquire-allbox-faberprint-e-involv-labels-no-centro-oeste\/\" \/>\n<meta property=\"og:site_name\" content=\"ProjetoPack\" \/>\n<meta property=\"article:published_time\" content=\"2023-06-25T21:02:44+00:00\" \/>\n<meta property=\"article:modified_time\" content=\"2026-03-16T19:48:06+00:00\" \/>\n<meta property=\"og:image\" content=\"https:\/\/projetopack.com.br\/wp-content\/uploads\/2023\/06\/all4labels.jpg\" \/>\n\t<meta property=\"og:image:width\" content=\"804\" \/>\n\t<meta property=\"og:image:height\" content=\"413\" \/>\n\t<meta property=\"og:image:type\" content=\"image\/jpeg\" \/>\n<meta name=\"author\" content=\"Aislan Baer\" \/>\n<meta name=\"twitter:card\" content=\"summary_large_image\" \/>\n<meta name=\"twitter:creator\" content=\"@ProjetoPack\" \/>\n<meta name=\"twitter:site\" content=\"@ProjetoPack\" \/>\n<meta name=\"twitter:label1\" content=\"Written by\" \/>\n\t<meta name=\"twitter:data1\" content=\"Aislan Baer\" \/>\n\t<meta name=\"twitter:label2\" content=\"Est. reading time\" \/>\n\t<meta name=\"twitter:data2\" content=\"2 minutes\" \/>\n<script type=\"application\/ld+json\" class=\"yoast-schema-graph\">{\"@context\":\"https:\/\/schema.org\",\"@graph\":[{\"@type\":\"Article\",\"@id\":\"https:\/\/projetopack.com.br\/all4labels-adquire-allbox-faberprint-e-involv-labels-no-centro-oeste\/#article\",\"isPartOf\":{\"@id\":\"https:\/\/projetopack.com.br\/all4labels-adquire-allbox-faberprint-e-involv-labels-no-centro-oeste\/\"},\"author\":{\"name\":\"Aislan Baer\",\"@id\":\"https:\/\/projetopack.com.br\/#\/schema\/person\/87cbd7d1e244880886d457815ebd2490\"},\"headline\":\"All4Labels adquire Allbox, Faberprint e Involv Labels no Centro-Oeste\",\"datePublished\":\"2023-06-25T21:02:44+00:00\",\"dateModified\":\"2026-03-16T19:48:06+00:00\",\"mainEntityOfPage\":{\"@id\":\"https:\/\/projetopack.com.br\/all4labels-adquire-allbox-faberprint-e-involv-labels-no-centro-oeste\/\"},\"wordCount\":227,\"commentCount\":1,\"publisher\":{\"@id\":\"https:\/\/projetopack.com.br\/#organization\"},\"image\":{\"@id\":\"https:\/\/projetopack.com.br\/all4labels-adquire-allbox-faberprint-e-involv-labels-no-centro-oeste\/#primaryimage\"},\"thumbnailUrl\":\"https:\/\/projetopack.com.br\/wp-content\/uploads\/2023\/06\/all4labels.jpg\",\"keywords\":[\"All4Labels\",\"allbox\",\"faberprint\",\"involv labels\",\"R\u00f3tulos Adesivos\",\"r\u00f3tulos e etiquetas\"],\"articleSection\":[\"Fus\u00f5es e aquisi\u00e7\u00f5es\"],\"inLanguage\":\"en-US\",\"potentialAction\":[{\"@type\":\"CommentAction\",\"name\":\"Comment\",\"target\":[\"https:\/\/projetopack.com.br\/all4labels-adquire-allbox-faberprint-e-involv-labels-no-centro-oeste\/#respond\"]}]},{\"@type\":\"WebPage\",\"@id\":\"https:\/\/projetopack.com.br\/all4labels-adquire-allbox-faberprint-e-involv-labels-no-centro-oeste\/\",\"url\":\"https:\/\/projetopack.com.br\/all4labels-adquire-allbox-faberprint-e-involv-labels-no-centro-oeste\/\",\"name\":\"All4Labels adquire Allbox, Faberprint e Involv Labels no Centro-Oeste - ProjetoPack\",\"isPartOf\":{\"@id\":\"https:\/\/projetopack.com.br\/#website\"},\"primaryImageOfPage\":{\"@id\":\"https:\/\/projetopack.com.br\/all4labels-adquire-allbox-faberprint-e-involv-labels-no-centro-oeste\/#primaryimage\"},\"image\":{\"@id\":\"https:\/\/projetopack.com.br\/all4labels-adquire-allbox-faberprint-e-involv-labels-no-centro-oeste\/#primaryimage\"},\"thumbnailUrl\":\"https:\/\/projetopack.com.br\/wp-content\/uploads\/2023\/06\/all4labels.jpg\",\"datePublished\":\"2023-06-25T21:02:44+00:00\",\"dateModified\":\"2026-03-16T19:48:06+00:00\",\"description\":\"All4Labels consolida posi\u00e7\u00e3o no mercado gr\u00e1fico do Centro-Oeste\",\"breadcrumb\":{\"@id\":\"https:\/\/projetopack.com.br\/all4labels-adquire-allbox-faberprint-e-involv-labels-no-centro-oeste\/#breadcrumb\"},\"inLanguage\":\"en-US\",\"potentialAction\":[{\"@type\":\"ReadAction\",\"target\":[\"https:\/\/projetopack.com.br\/all4labels-adquire-allbox-faberprint-e-involv-labels-no-centro-oeste\/\"]}]},{\"@type\":\"ImageObject\",\"inLanguage\":\"en-US\",\"@id\":\"https:\/\/projetopack.com.br\/all4labels-adquire-allbox-faberprint-e-involv-labels-no-centro-oeste\/#primaryimage\",\"url\":\"https:\/\/projetopack.com.br\/wp-content\/uploads\/2023\/06\/all4labels.jpg\",\"contentUrl\":\"https:\/\/projetopack.com.br\/wp-content\/uploads\/2023\/06\/all4labels.jpg\",\"width\":804,\"height\":413,\"caption\":\"all4labels allbox\"},{\"@type\":\"BreadcrumbList\",\"@id\":\"https:\/\/projetopack.com.br\/all4labels-adquire-allbox-faberprint-e-involv-labels-no-centro-oeste\/#breadcrumb\",\"itemListElement\":[{\"@type\":\"ListItem\",\"position\":1,\"name\":\"P\u00e1gina Inicial\",\"item\":\"https:\/\/projetopack.com.br\/\"},{\"@type\":\"ListItem\",\"position\":2,\"name\":\"Fus\u00f5es e aquisi\u00e7\u00f5es\",\"item\":\"https:\/\/projetopack.com.br\/en\/category\/fusoes-e-aquisicoes\/\"},{\"@type\":\"ListItem\",\"position\":3,\"name\":\"All4Labels adquire Allbox, Faberprint e Involv Labels no Centro-Oeste\"}]},{\"@type\":\"WebSite\",\"@id\":\"https:\/\/projetopack.com.br\/#website\",\"url\":\"https:\/\/projetopack.com.br\/\",\"name\":\"ProjetoPack\",\"description\":\"Consultoria e servi\u00e7os para embalagens, r\u00f3tulos, etiquetas e processos de impress\u00e3o\",\"publisher\":{\"@id\":\"https:\/\/projetopack.com.br\/#organization\"},\"potentialAction\":[{\"@type\":\"SearchAction\",\"target\":{\"@type\":\"EntryPoint\",\"urlTemplate\":\"https:\/\/projetopack.com.br\/?s={search_term_string}\"},\"query-input\":{\"@type\":\"PropertyValueSpecification\",\"valueRequired\":true,\"valueName\":\"search_term_string\"}}],\"inLanguage\":\"en-US\"},{\"@type\":\"Organization\",\"@id\":\"https:\/\/projetopack.com.br\/#organization\",\"name\":\"ProjetoPack & Associados\",\"url\":\"https:\/\/projetopack.com.br\/\",\"logo\":{\"@type\":\"ImageObject\",\"inLanguage\":\"en-US\",\"@id\":\"https:\/\/projetopack.com.br\/#\/schema\/logo\/image\/\",\"url\":\"https:\/\/projetopack.com.br\/wp-content\/uploads\/2020\/09\/projetopack.png\",\"contentUrl\":\"https:\/\/projetopack.com.br\/wp-content\/uploads\/2020\/09\/projetopack.png\",\"width\":200,\"height\":200,\"caption\":\"ProjetoPack & Associados\"},\"image\":{\"@id\":\"https:\/\/projetopack.com.br\/#\/schema\/logo\/image\/\"},\"sameAs\":[\"https:\/\/x.com\/ProjetoPack\",\"https:\/\/www.linkedin.com\/company\/projetopack\/\"]},{\"@type\":\"Person\",\"@id\":\"https:\/\/projetopack.com.br\/#\/schema\/person\/87cbd7d1e244880886d457815ebd2490\",\"name\":\"Aislan Baer\",\"image\":{\"@type\":\"ImageObject\",\"inLanguage\":\"en-US\",\"@id\":\"https:\/\/projetopack.com.br\/#\/schema\/person\/image\/\",\"url\":\"https:\/\/projetopack.com.br\/wp-content\/uploads\/2021\/08\/Aislan-Busto-p-100x100.jpg\",\"contentUrl\":\"https:\/\/projetopack.com.br\/wp-content\/uploads\/2021\/08\/Aislan-Busto-p-100x100.jpg\",\"caption\":\"Aislan Baer\"},\"description\":\"Desde os \u00faltimos 20 anos, meu time e eu ajudamos mais de 300 empresas brasileiras e estrangeiras (algumas delas, l\u00edderes mundiais) a produzir embalagens flex\u00edveis e r\u00f3tulos com maior efici\u00eancia, menores custos e maior apelo visual, bem como centenas de donos de marcas a comprar suas embalagens flex\u00edveis e material impresso com um crit\u00e9rio mais t\u00e9cnico e assertivo. Ao mesmo tempo, gra\u00e7as \u00e0 nossa consultoria, muitas destas empresas melhoraram significativamente o seu processo de Impress\u00e3o (Impress\u00e3o de embalagens, Impress\u00e3o industrial, Impress\u00e3o funcional e, mais recentemente, bio impress\u00e3o e manufatura aditiva ou simplesmente Impress\u00e3o 3D). Se a sua empresa tem um problema relacionado a embalagens flex\u00edveis, r\u00f3tulos ou Impress\u00e3o, por mais insol\u00favel que lhe pare\u00e7a, aguardamos ansiosos a sua liga\u00e7\u00e3o ou e-mail. Este \u00e9 nosso trabalho e tamb\u00e9m a nossa paix\u00e3o.\",\"sameAs\":[\"http:\/\/www.projetopack.com\",\"https:\/\/www.linkedin.com\/in\/aislanbaer\/\"],\"jobTitle\":\"CEO @ ProjetoPack | L\u00edder em M&A no Setor de Impress\u00e3o e Embalagens no Brasil | Cofundador da Inovagraf e Neuraflow | Especialista em Inova\u00e7\u00e3o com IA na Impress\u00e3o | Printing Legacy Initiative | Empreendedor Serial\",\"url\":\"https:\/\/projetopack.com.br\/en\/author\/aislan\/\"}]}<\/script>\n<!-- \/ Yoast SEO Premium plugin. -->","yoast_head_json":{"title":"All4Labels adquire Allbox, Faberprint e Involv Labels no Centro-Oeste - ProjetoPack","description":"All4Labels consolida posi\u00e7\u00e3o no mercado gr\u00e1fico do Centro-Oeste","robots":{"index":"index","follow":"follow","max-snippet":"max-snippet:-1","max-image-preview":"max-image-preview:large","max-video-preview":"max-video-preview:-1"},"canonical":"https:\/\/projetopack.com.br\/en\/all4labels-adquire-allbox-faberprint-e-involv-labels-no-centro-oeste\/","og_locale":"en_US","og_type":"article","og_title":"All4Labels adquire Allbox, Faberprint e Involv Labels no Centro-Oeste","og_description":"All4Labels consolida posi\u00e7\u00e3o no mercado gr\u00e1fico do Centro-Oeste","og_url":"https:\/\/projetopack.com.br\/en\/all4labels-adquire-allbox-faberprint-e-involv-labels-no-centro-oeste\/","og_site_name":"ProjetoPack","article_published_time":"2023-06-25T21:02:44+00:00","article_modified_time":"2026-03-16T19:48:06+00:00","og_image":[{"width":804,"height":413,"url":"https:\/\/projetopack.com.br\/wp-content\/uploads\/2023\/06\/all4labels.jpg","type":"image\/jpeg"}],"author":"Aislan Baer","twitter_card":"summary_large_image","twitter_creator":"@ProjetoPack","twitter_site":"@ProjetoPack","twitter_misc":{"Written by":"Aislan Baer","Est. reading time":"2 minutes"},"schema":{"@context":"https:\/\/schema.org","@graph":[{"@type":"Article","@id":"https:\/\/projetopack.com.br\/all4labels-adquire-allbox-faberprint-e-involv-labels-no-centro-oeste\/#article","isPartOf":{"@id":"https:\/\/projetopack.com.br\/all4labels-adquire-allbox-faberprint-e-involv-labels-no-centro-oeste\/"},"author":{"name":"Aislan Baer","@id":"https:\/\/projetopack.com.br\/#\/schema\/person\/87cbd7d1e244880886d457815ebd2490"},"headline":"All4Labels adquire Allbox, Faberprint e Involv Labels no Centro-Oeste","datePublished":"2023-06-25T21:02:44+00:00","dateModified":"2026-03-16T19:48:06+00:00","mainEntityOfPage":{"@id":"https:\/\/projetopack.com.br\/all4labels-adquire-allbox-faberprint-e-involv-labels-no-centro-oeste\/"},"wordCount":227,"commentCount":1,"publisher":{"@id":"https:\/\/projetopack.com.br\/#organization"},"image":{"@id":"https:\/\/projetopack.com.br\/all4labels-adquire-allbox-faberprint-e-involv-labels-no-centro-oeste\/#primaryimage"},"thumbnailUrl":"https:\/\/projetopack.com.br\/wp-content\/uploads\/2023\/06\/all4labels.jpg","keywords":["All4Labels","allbox","faberprint","involv labels","R\u00f3tulos Adesivos","r\u00f3tulos e etiquetas"],"articleSection":["Fus\u00f5es e aquisi\u00e7\u00f5es"],"inLanguage":"en-US","potentialAction":[{"@type":"CommentAction","name":"Comment","target":["https:\/\/projetopack.com.br\/all4labels-adquire-allbox-faberprint-e-involv-labels-no-centro-oeste\/#respond"]}]},{"@type":"WebPage","@id":"https:\/\/projetopack.com.br\/all4labels-adquire-allbox-faberprint-e-involv-labels-no-centro-oeste\/","url":"https:\/\/projetopack.com.br\/all4labels-adquire-allbox-faberprint-e-involv-labels-no-centro-oeste\/","name":"All4Labels adquire Allbox, Faberprint e Involv Labels no Centro-Oeste - ProjetoPack","isPartOf":{"@id":"https:\/\/projetopack.com.br\/#website"},"primaryImageOfPage":{"@id":"https:\/\/projetopack.com.br\/all4labels-adquire-allbox-faberprint-e-involv-labels-no-centro-oeste\/#primaryimage"},"image":{"@id":"https:\/\/projetopack.com.br\/all4labels-adquire-allbox-faberprint-e-involv-labels-no-centro-oeste\/#primaryimage"},"thumbnailUrl":"https:\/\/projetopack.com.br\/wp-content\/uploads\/2023\/06\/all4labels.jpg","datePublished":"2023-06-25T21:02:44+00:00","dateModified":"2026-03-16T19:48:06+00:00","description":"All4Labels consolida posi\u00e7\u00e3o no mercado gr\u00e1fico do Centro-Oeste","breadcrumb":{"@id":"https:\/\/projetopack.com.br\/all4labels-adquire-allbox-faberprint-e-involv-labels-no-centro-oeste\/#breadcrumb"},"inLanguage":"en-US","potentialAction":[{"@type":"ReadAction","target":["https:\/\/projetopack.com.br\/all4labels-adquire-allbox-faberprint-e-involv-labels-no-centro-oeste\/"]}]},{"@type":"ImageObject","inLanguage":"en-US","@id":"https:\/\/projetopack.com.br\/all4labels-adquire-allbox-faberprint-e-involv-labels-no-centro-oeste\/#primaryimage","url":"https:\/\/projetopack.com.br\/wp-content\/uploads\/2023\/06\/all4labels.jpg","contentUrl":"https:\/\/projetopack.com.br\/wp-content\/uploads\/2023\/06\/all4labels.jpg","width":804,"height":413,"caption":"all4labels allbox"},{"@type":"BreadcrumbList","@id":"https:\/\/projetopack.com.br\/all4labels-adquire-allbox-faberprint-e-involv-labels-no-centro-oeste\/#breadcrumb","itemListElement":[{"@type":"ListItem","position":1,"name":"P\u00e1gina Inicial","item":"https:\/\/projetopack.com.br\/"},{"@type":"ListItem","position":2,"name":"Fus\u00f5es e aquisi\u00e7\u00f5es","item":"https:\/\/projetopack.com.br\/en\/category\/fusoes-e-aquisicoes\/"},{"@type":"ListItem","position":3,"name":"All4Labels adquire Allbox, Faberprint e Involv Labels no Centro-Oeste"}]},{"@type":"WebSite","@id":"https:\/\/projetopack.com.br\/#website","url":"https:\/\/projetopack.com.br\/","name":"ProjetoPack","description":"Consultoria e servi\u00e7os para embalagens, r\u00f3tulos, etiquetas e processos de impress\u00e3o","publisher":{"@id":"https:\/\/projetopack.com.br\/#organization"},"potentialAction":[{"@type":"SearchAction","target":{"@type":"EntryPoint","urlTemplate":"https:\/\/projetopack.com.br\/?s={search_term_string}"},"query-input":{"@type":"PropertyValueSpecification","valueRequired":true,"valueName":"search_term_string"}}],"inLanguage":"en-US"},{"@type":"Organization","@id":"https:\/\/projetopack.com.br\/#organization","name":"ProjetoPack & Associados","url":"https:\/\/projetopack.com.br\/","logo":{"@type":"ImageObject","inLanguage":"en-US","@id":"https:\/\/projetopack.com.br\/#\/schema\/logo\/image\/","url":"https:\/\/projetopack.com.br\/wp-content\/uploads\/2020\/09\/projetopack.png","contentUrl":"https:\/\/projetopack.com.br\/wp-content\/uploads\/2020\/09\/projetopack.png","width":200,"height":200,"caption":"ProjetoPack & Associados"},"image":{"@id":"https:\/\/projetopack.com.br\/#\/schema\/logo\/image\/"},"sameAs":["https:\/\/x.com\/ProjetoPack","https:\/\/www.linkedin.com\/company\/projetopack\/"]},{"@type":"Person","@id":"https:\/\/projetopack.com.br\/#\/schema\/person\/87cbd7d1e244880886d457815ebd2490","name":"Aislan Baer","image":{"@type":"ImageObject","inLanguage":"en-US","@id":"https:\/\/projetopack.com.br\/#\/schema\/person\/image\/","url":"https:\/\/projetopack.com.br\/wp-content\/uploads\/2021\/08\/Aislan-Busto-p-100x100.jpg","contentUrl":"https:\/\/projetopack.com.br\/wp-content\/uploads\/2021\/08\/Aislan-Busto-p-100x100.jpg","caption":"Aislan Baer"},"description":"Desde os \u00faltimos 20 anos, meu time e eu ajudamos mais de 300 empresas brasileiras e estrangeiras (algumas delas, l\u00edderes mundiais) a produzir embalagens flex\u00edveis e r\u00f3tulos com maior efici\u00eancia, menores custos e maior apelo visual, bem como centenas de donos de marcas a comprar suas embalagens flex\u00edveis e material impresso com um crit\u00e9rio mais t\u00e9cnico e assertivo. Ao mesmo tempo, gra\u00e7as \u00e0 nossa consultoria, muitas destas empresas melhoraram significativamente o seu processo de Impress\u00e3o (Impress\u00e3o de embalagens, Impress\u00e3o industrial, Impress\u00e3o funcional e, mais recentemente, bio impress\u00e3o e manufatura aditiva ou simplesmente Impress\u00e3o 3D). Se a sua empresa tem um problema relacionado a embalagens flex\u00edveis, r\u00f3tulos ou Impress\u00e3o, por mais insol\u00favel que lhe pare\u00e7a, aguardamos ansiosos a sua liga\u00e7\u00e3o ou e-mail. Este \u00e9 nosso trabalho e tamb\u00e9m a nossa paix\u00e3o.","sameAs":["http:\/\/www.projetopack.com","https:\/\/www.linkedin.com\/in\/aislanbaer\/"],"jobTitle":"CEO @ ProjetoPack | L\u00edder em M&A no Setor de Impress\u00e3o e Embalagens no Brasil | Cofundador da Inovagraf e Neuraflow | Especialista em Inova\u00e7\u00e3o com IA na Impress\u00e3o | Printing Legacy Initiative | Empreendedor Serial","url":"https:\/\/projetopack.com.br\/en\/author\/aislan\/"}]}},"_links":{"self":[{"href":"https:\/\/projetopack.com.br\/en\/wp-json\/wp\/v2\/posts\/35145","targetHints":{"allow":["GET"]}}],"collection":[{"href":"https:\/\/projetopack.com.br\/en\/wp-json\/wp\/v2\/posts"}],"about":[{"href":"https:\/\/projetopack.com.br\/en\/wp-json\/wp\/v2\/types\/post"}],"author":[{"embeddable":true,"href":"https:\/\/projetopack.com.br\/en\/wp-json\/wp\/v2\/users\/2"}],"replies":[{"embeddable":true,"href":"https:\/\/projetopack.com.br\/en\/wp-json\/wp\/v2\/comments?post=35145"}],"version-history":[{"count":0,"href":"https:\/\/projetopack.com.br\/en\/wp-json\/wp\/v2\/posts\/35145\/revisions"}],"wp:featuredmedia":[{"embeddable":true,"href":"https:\/\/projetopack.com.br\/en\/wp-json\/wp\/v2\/media\/35146"}],"wp:attachment":[{"href":"https:\/\/projetopack.com.br\/en\/wp-json\/wp\/v2\/media?parent=35145"}],"wp:term":[{"taxonomy":"category","embeddable":true,"href":"https:\/\/projetopack.com.br\/en\/wp-json\/wp\/v2\/categories?post=35145"},{"taxonomy":"post_tag","embeddable":true,"href":"https:\/\/projetopack.com.br\/en\/wp-json\/wp\/v2\/tags?post=35145"}],"curies":[{"name":"wp","href":"https:\/\/api.w.org\/{rel}","templated":true}]}}