{"id":3515,"date":"2018-10-15T18:59:15","date_gmt":"2018-10-15T21:59:15","guid":{"rendered":"https:\/\/www.projetopack.com.br\/2020\/?p=3515"},"modified":"2021-09-11T11:45:50","modified_gmt":"2021-09-11T14:45:50","slug":"idealliance-latin-america-conclui-certificacao-g7","status":"publish","type":"post","link":"https:\/\/projetopack.com.br\/en\/idealliance-latin-america-conclui-certificacao-g7\/","title":{"rendered":"Idealliance Latin America conclui a segunda turma de certificados G7\u00ae"},"content":{"rendered":"<p><img fetchpriority=\"high\" decoding=\"async\" class=\"aligncenter wp-image-3516 size-large\" src=\"https:\/\/projetopack.com.br\/wp-content\/uploads\/2018\/10\/IMG-20181015-WA0010-1024x723.jpg\" alt=\"\" width=\"1024\" height=\"723\" srcset=\"https:\/\/projetopack.com.br\/wp-content\/uploads\/2018\/10\/IMG-20181015-WA0010-1024x723.jpg 1024w, https:\/\/projetopack.com.br\/wp-content\/uploads\/2018\/10\/IMG-20181015-WA0010-300x212.jpg 300w, https:\/\/projetopack.com.br\/wp-content\/uploads\/2018\/10\/IMG-20181015-WA0010-600x424.jpg 600w, https:\/\/projetopack.com.br\/wp-content\/uploads\/2018\/10\/IMG-20181015-WA0010-768x542.jpg 768w, https:\/\/projetopack.com.br\/wp-content\/uploads\/2018\/10\/IMG-20181015-WA0010.jpg 1280w\" sizes=\"(max-width: 1024px) 100vw, 1024px\" \/><\/p>\n<h1>Idealliance Latin America conclui com sucesso a segunda turma do Treinamento e Certifica\u00e7\u00e3o G7\u00ae na Etirama, em S\u00e3o Paulo<\/h1>\n<p>A Idealliance, uma influenciadora e pensadora global na ind\u00fastria de comunica\u00e7\u00e3o gr\u00e1fica e uma organiza\u00e7\u00e3o sem fins lucrativos com mais de 10 escrit\u00f3rios estrategicamente localizados em todo o mundo, anuncia com satisfa\u00e7\u00e3o que a Idealliance Latin America realizou a segunda turma de Treinamento e Certifica\u00e7\u00e3o G7 <sup>\u00ae<\/sup> durante os dias 3 a 5 de setembro, na sede da reconhecida e premiada l\u00edder em m\u00e1quinas impressoras flexogr\u00e1ficas banda estreita da Am\u00e9rica Latina, a Etirama, em S\u00e3o Paulo, Brasil.<\/p>\n<p>Esta sess\u00e3o contou com tr\u00eas dias de dura\u00e7\u00e3o, conduzida por Marcelo Escobar, Instrutor e Expert em G7, expert em Colorimetria e gerente de projetos para a Idealliance na Am\u00e9rica Latina. Os participantes tiveram a oportunidade de experimentar um aprendizado pr\u00e1tico, com demonstra\u00e7\u00f5es ao vivo, calibra\u00e7\u00e3o de dispositivos e impressora, discuss\u00e3o e colabora\u00e7\u00e3o com participantes da cadeia de embalagens, r\u00f3tulos e etiquetas, incluindo convertedores, OEMs e fornecedores, al\u00e9m de outros experts no assunto.<\/p>\n<p>Este treinamento multil\u00edngue, oferecido em portugu\u00eas com suporte tamb\u00e9m para falantes do espanhol, proveu aos participantes todo o conhecimento necess\u00e1rio acerca da metolodogia G7, teoria da cor e experi\u00eancia no gerenciamento de fluxos de trabalho da prova \u00e0 impress\u00e3o, tornando-os aptos \u00e0 obten\u00e7\u00e3o da certifica\u00e7\u00e3o como G7 Experts e G7 Professionals, podendo liderar e multiplicar nas suas empresas os padr\u00f5es globais de controle para se obter provas e impressos equivalentes, independentemente do processo, tinta ou substrato. Certificados pela Idealliance, G7 Experts e G7 Professionals estar\u00e3o tamb\u00e9m comprometidos em reduzir custos, a velocidade do produto chegar ao mercado e, por fim, melhorar e manter as marcas de seus clientes durante toda a sua reprodu\u00e7\u00e3o gr\u00e1fica.<\/p>\n<p>A Idealliance \u00e9 reconhecida pela ISO como a maior certificadora do mundo para a ind\u00fastria de comunica\u00e7\u00e3o gr\u00e1fica e visual. A certifica\u00e7\u00e3o G7 \u00e9 tamb\u00e9m a mais reconhecida especifica\u00e7\u00e3o para gerenciamento de cores, e n\u00e3o s\u00f3 atinge uma reprodu\u00e7\u00e3o consistente da cor em qualquer processo ou substrato, mas tamb\u00e9m garante uma importante economia ao impressor. Utilizando-se G7 dem um fluxo de trabalho, \u00e9 poss\u00edvel se obter resultados equivalentes em m\u00faltiplos processos de impress\u00e3o e plataformas.<\/p>\n<p>\u201cA ProjetoPack, trabalhando como Idealliance Latin America, agrega um grupo extraordin\u00e1rio de experts da ind\u00fastria gr\u00e1fica e de impress\u00e3o\u201d, afirma Jordan Gorski, Diretor Global de Programas de Certifica\u00e7\u00e3o da Idealliance. \u201cEles atendem o Mercado latinoamericano com servi\u00e7os ligados ao gerenciamento de cores, metrologia e consultores operacionais em todos os processos de impress\u00e3o, atuando como um importante recurso de conhecimento, irradiado em eventos, semin\u00e1rios, cursos, consultoria e amplamente disseminado em sua revista t\u00e9cnica a este mercado em franca expans\u00e3o\u201d, afirma.<\/p>\n<p>\u201cN\u00f3s n\u00e3o estamos s\u00f3 orgulhosos em ter um grupo de um conhecimento t\u00e3o t\u00e9cnico e amplo atuando como a Idealliance Latin America, servindo todo o continente, mas tamb\u00e9m animados ao ver o excelente relacionamento com toda a ind\u00fastria gr\u00e1fica e convertedora na regi\u00e3o\u201d, completa. \u201cOs participantes deste evento devem estar ansiosos por aprender com um profissional renomado mundialmente no controle da cor e na metodologia G7, e poder tamb\u00e9m junto \u00e0 sua equipe, implementar o G7 e enquadrar-se aos padr\u00f5es mundiais de impress\u00e3o\u201d.<\/p>\n<p>Em breve, novas turmas ser\u00e3o abertas, com enfoque tamb\u00e9m na impress\u00e3o digital e offset, al\u00e9m da flexografia e rotogravura. Para ser notificado a respeito das futuras turmas, envie-nos seus dados (nome, empresa e cargo) pelo e-mail escobar@projetopack.com.<\/p>\n<h2><strong>Sobre a Idealliance<\/strong><\/h2>\n<p>A Idealliance \u00e9 uma influenciadora e pensadora l\u00edder global na ind\u00fastria de comunica\u00e7\u00e3o gr\u00e1fica desde 1896, uma organiza\u00e7\u00e3o sem fins lucrativos com 11 escrit\u00f3rios localizados estrategicamente em todo o mundo. Ela serve as marcas, criadores de m\u00eddia e conte\u00fado; fabricantes; prestadores de servi\u00e7os de impress\u00e3o e embalagens, mail e marketing; fornecedores de insumos e parceiros de tecnologia em todo o mundo. N\u00f3s fazemos o nosso trabalho mediante inova\u00e7\u00e3o em especifica\u00e7\u00f5es, colabora\u00e7\u00e3o nos padr\u00f5es dos fluxos de trabalho para impress\u00e3o em tecnologias anal\u00f3gicas e digitais, pesquisa e desenvolvimento, insights, certifica\u00e7\u00e3o e treinamento. Nossas especifica\u00e7\u00f5es tem transformado as ind\u00fastrias de comunica\u00e7\u00e3o gr\u00e1fica ao definir fluxos de trabalho para a cor (GRACoL<sup>\u00ae<\/sup>, SWOP<sup>\u00ae<\/sup>, XCMYK<sup>\u2122<\/sup>, G7<sup>\u00ae<\/sup>, BrandQ<sup>\u2122<\/sup>), content management (PRISM<sup>\u00ae<\/sup>), mail supply (Mail.dat\u00ae, Mail.XML<sup>\u2122<\/sup>), e papel (papiNet<sup>\u00ae<\/sup>). A ISSO reconhece a Idealliance como a maior e mais respeitada entidade certificadora do segmento gr\u00e1fico e de comunica\u00e7\u00e3o. Junte-se a n\u00f3s na transforma\u00e7\u00e3o desta ind\u00fastria. <a href=\"http:\/\/www.idealliance.org\/\">www.idealliance.org<\/a> l (703) 837-1070.<\/p>\n<p>&nbsp;<\/p>\n<p>&nbsp;<\/p>\n<p>&nbsp;<\/p>","protected":false},"excerpt":{"rendered":"<p>A Idealliance, uma influenciadora e pensadora global na ind\u00fastria de comunica\u00e7\u00e3o gr\u00e1fica e uma organiza\u00e7\u00e3o sem fins lucrativos com mais de 10 escrit\u00f3rios estrategicamente localizados em todo o mundo, anuncia com satisfa\u00e7\u00e3o que a Idealliance Latin America realizou a segunda turma de Treinamento e Certifica\u00e7\u00e3o G7\u00ae [&#8230;]<\/p>\n","protected":false},"author":18,"featured_media":0,"comment_status":"closed","ping_status":"closed","sticky":false,"template":"","format":"standard","meta":{"footnotes":""},"categories":[877],"tags":[137,139,140,138,136],"class_list":["post-3515","post","type-post","status-publish","format-standard","hentry","category-arquivo","tag-certificacao-g7","tag-colorimetria","tag-etirama","tag-gerenciamento-de-cores","tag-idealliance"],"yoast_head":"<!-- This site is optimized with the Yoast SEO Premium plugin v27.1 (Yoast SEO v27.1.1) - https:\/\/yoast.com\/product\/yoast-seo-premium-wordpress\/ -->\n<title>Idealliance Latin America conclui nova turma G7 no Brasil<\/title>\n<meta name=\"description\" content=\"A Idealliance Latin America concluiu a segunda turma de profissionais certificados G7 para o Brasil\" \/>\n<meta name=\"robots\" content=\"index, follow, max-snippet:-1, max-image-preview:large, max-video-preview:-1\" \/>\n<link rel=\"canonical\" href=\"https:\/\/projetopack.com.br\/en\/idealliance-latin-america-conclui-certificacao-g7\/\" \/>\n<meta property=\"og:locale\" content=\"en_US\" \/>\n<meta property=\"og:type\" content=\"article\" \/>\n<meta property=\"og:title\" content=\"Idealliance Latin America conclui a segunda turma de certificados G7\u00ae\" \/>\n<meta property=\"og:description\" content=\"A Idealliance Latin America concluiu a segunda turma de profissionais certificados G7 para o Brasil\" \/>\n<meta property=\"og:url\" content=\"https:\/\/projetopack.com.br\/en\/idealliance-latin-america-conclui-certificacao-g7\/\" \/>\n<meta property=\"og:site_name\" content=\"ProjetoPack\" \/>\n<meta property=\"article:published_time\" content=\"2018-10-15T21:59:15+00:00\" \/>\n<meta property=\"article:modified_time\" content=\"2021-09-11T14:45:50+00:00\" \/>\n<meta property=\"og:image\" content=\"https:\/\/projetopack.com.br\/wp-content\/uploads\/2018\/10\/IMG-20181015-WA0010-1024x723.jpg\" \/>\n<meta name=\"author\" content=\"Andrea\" \/>\n<meta name=\"twitter:card\" content=\"summary_large_image\" \/>\n<meta name=\"twitter:creator\" content=\"@ProjetoPack\" \/>\n<meta name=\"twitter:site\" content=\"@ProjetoPack\" \/>\n<meta name=\"twitter:label1\" content=\"Written by\" \/>\n\t<meta name=\"twitter:data1\" content=\"Andrea\" \/>\n\t<meta name=\"twitter:label2\" content=\"Est. reading time\" \/>\n\t<meta name=\"twitter:data2\" content=\"4 minutes\" \/>\n<script type=\"application\/ld+json\" class=\"yoast-schema-graph\">{\"@context\":\"https:\/\/schema.org\",\"@graph\":[{\"@type\":\"Article\",\"@id\":\"https:\/\/projetopack.com.br\/en\/idealliance-latin-america-conclui-certificacao-g7\/#article\",\"isPartOf\":{\"@id\":\"https:\/\/projetopack.com.br\/en\/idealliance-latin-america-conclui-certificacao-g7\/\"},\"author\":{\"name\":\"Andrea\",\"@id\":\"https:\/\/projetopack.com.br\/#\/schema\/person\/d17c72a4bc2b7e461496dd8a14d4cef1\"},\"headline\":\"Idealliance Latin America conclui a segunda turma de certificados G7\u00ae\",\"datePublished\":\"2018-10-15T21:59:15+00:00\",\"dateModified\":\"2021-09-11T14:45:50+00:00\",\"mainEntityOfPage\":{\"@id\":\"https:\/\/projetopack.com.br\/en\/idealliance-latin-america-conclui-certificacao-g7\/\"},\"wordCount\":819,\"publisher\":{\"@id\":\"https:\/\/projetopack.com.br\/#organization\"},\"image\":{\"@id\":\"https:\/\/projetopack.com.br\/en\/idealliance-latin-america-conclui-certificacao-g7\/#primaryimage\"},\"thumbnailUrl\":\"https:\/\/projetopack.com.br\/wp-content\/uploads\/2018\/10\/IMG-20181015-WA0010-1024x723.jpg\",\"keywords\":[\"Certifica\u00e7\u00e3o G7\",\"Colorimetria\",\"Etirama\",\"Gerenciamento de cores\",\"Idealliance\"],\"articleSection\":[\"Arquivo\"],\"inLanguage\":\"en-US\"},{\"@type\":\"WebPage\",\"@id\":\"https:\/\/projetopack.com.br\/en\/idealliance-latin-america-conclui-certificacao-g7\/\",\"url\":\"https:\/\/projetopack.com.br\/en\/idealliance-latin-america-conclui-certificacao-g7\/\",\"name\":\"Idealliance Latin America conclui nova turma G7 no Brasil\",\"isPartOf\":{\"@id\":\"https:\/\/projetopack.com.br\/#website\"},\"primaryImageOfPage\":{\"@id\":\"https:\/\/projetopack.com.br\/en\/idealliance-latin-america-conclui-certificacao-g7\/#primaryimage\"},\"image\":{\"@id\":\"https:\/\/projetopack.com.br\/en\/idealliance-latin-america-conclui-certificacao-g7\/#primaryimage\"},\"thumbnailUrl\":\"https:\/\/projetopack.com.br\/wp-content\/uploads\/2018\/10\/IMG-20181015-WA0010-1024x723.jpg\",\"datePublished\":\"2018-10-15T21:59:15+00:00\",\"dateModified\":\"2021-09-11T14:45:50+00:00\",\"description\":\"A Idealliance Latin America concluiu a segunda turma de profissionais certificados G7 para o Brasil\",\"breadcrumb\":{\"@id\":\"https:\/\/projetopack.com.br\/en\/idealliance-latin-america-conclui-certificacao-g7\/#breadcrumb\"},\"inLanguage\":\"en-US\",\"potentialAction\":[{\"@type\":\"ReadAction\",\"target\":[\"https:\/\/projetopack.com.br\/en\/idealliance-latin-america-conclui-certificacao-g7\/\"]}]},{\"@type\":\"ImageObject\",\"inLanguage\":\"en-US\",\"@id\":\"https:\/\/projetopack.com.br\/en\/idealliance-latin-america-conclui-certificacao-g7\/#primaryimage\",\"url\":\"https:\/\/projetopack.com.br\/wp-content\/uploads\/2018\/10\/IMG-20181015-WA0010-1024x723.jpg\",\"contentUrl\":\"https:\/\/projetopack.com.br\/wp-content\/uploads\/2018\/10\/IMG-20181015-WA0010-1024x723.jpg\"},{\"@type\":\"BreadcrumbList\",\"@id\":\"https:\/\/projetopack.com.br\/en\/idealliance-latin-america-conclui-certificacao-g7\/#breadcrumb\",\"itemListElement\":[{\"@type\":\"ListItem\",\"position\":1,\"name\":\"P\u00e1gina Inicial\",\"item\":\"https:\/\/projetopack.com.br\/\"},{\"@type\":\"ListItem\",\"position\":2,\"name\":\"Arquivo\",\"item\":\"https:\/\/projetopack.com.br\/en\/category\/arquivo\/\"},{\"@type\":\"ListItem\",\"position\":3,\"name\":\"Idealliance Latin America conclui a segunda turma de certificados G7\u00ae\"}]},{\"@type\":\"WebSite\",\"@id\":\"https:\/\/projetopack.com.br\/#website\",\"url\":\"https:\/\/projetopack.com.br\/\",\"name\":\"ProjetoPack\",\"description\":\"Consultoria e servi\u00e7os para embalagens, r\u00f3tulos, etiquetas e processos de impress\u00e3o\",\"publisher\":{\"@id\":\"https:\/\/projetopack.com.br\/#organization\"},\"potentialAction\":[{\"@type\":\"SearchAction\",\"target\":{\"@type\":\"EntryPoint\",\"urlTemplate\":\"https:\/\/projetopack.com.br\/?s={search_term_string}\"},\"query-input\":{\"@type\":\"PropertyValueSpecification\",\"valueRequired\":true,\"valueName\":\"search_term_string\"}}],\"inLanguage\":\"en-US\"},{\"@type\":\"Organization\",\"@id\":\"https:\/\/projetopack.com.br\/#organization\",\"name\":\"ProjetoPack & Associados\",\"url\":\"https:\/\/projetopack.com.br\/\",\"logo\":{\"@type\":\"ImageObject\",\"inLanguage\":\"en-US\",\"@id\":\"https:\/\/projetopack.com.br\/#\/schema\/logo\/image\/\",\"url\":\"https:\/\/projetopack.com.br\/wp-content\/uploads\/2020\/09\/projetopack.png\",\"contentUrl\":\"https:\/\/projetopack.com.br\/wp-content\/uploads\/2020\/09\/projetopack.png\",\"width\":200,\"height\":200,\"caption\":\"ProjetoPack & Associados\"},\"image\":{\"@id\":\"https:\/\/projetopack.com.br\/#\/schema\/logo\/image\/\"},\"sameAs\":[\"https:\/\/x.com\/ProjetoPack\",\"https:\/\/www.linkedin.com\/company\/projetopack\/\"]},{\"@type\":\"Person\",\"@id\":\"https:\/\/projetopack.com.br\/#\/schema\/person\/d17c72a4bc2b7e461496dd8a14d4cef1\",\"name\":\"Andrea\",\"image\":{\"@type\":\"ImageObject\",\"inLanguage\":\"en-US\",\"@id\":\"https:\/\/projetopack.com.br\/#\/schema\/person\/image\/\",\"url\":\"https:\/\/projetopack.com.br\/wp-content\/uploads\/2026\/03\/eu-150x150.jpg\",\"contentUrl\":\"https:\/\/projetopack.com.br\/wp-content\/uploads\/2026\/03\/eu-150x150.jpg\",\"caption\":\"Andrea\"},\"url\":\"https:\/\/projetopack.com.br\/en\/author\/andrea\/\"}]}<\/script>\n<!-- \/ Yoast SEO Premium plugin. -->","yoast_head_json":{"title":"Idealliance Latin America conclui nova turma G7 no Brasil","description":"A Idealliance Latin America concluiu a segunda turma de profissionais certificados G7 para o Brasil","robots":{"index":"index","follow":"follow","max-snippet":"max-snippet:-1","max-image-preview":"max-image-preview:large","max-video-preview":"max-video-preview:-1"},"canonical":"https:\/\/projetopack.com.br\/en\/idealliance-latin-america-conclui-certificacao-g7\/","og_locale":"en_US","og_type":"article","og_title":"Idealliance Latin America conclui a segunda turma de certificados G7\u00ae","og_description":"A Idealliance Latin America concluiu a segunda turma de profissionais certificados G7 para o Brasil","og_url":"https:\/\/projetopack.com.br\/en\/idealliance-latin-america-conclui-certificacao-g7\/","og_site_name":"ProjetoPack","article_published_time":"2018-10-15T21:59:15+00:00","article_modified_time":"2021-09-11T14:45:50+00:00","og_image":[{"url":"https:\/\/projetopack.com.br\/wp-content\/uploads\/2018\/10\/IMG-20181015-WA0010-1024x723.jpg","type":"","width":"","height":""}],"author":"Andrea","twitter_card":"summary_large_image","twitter_creator":"@ProjetoPack","twitter_site":"@ProjetoPack","twitter_misc":{"Written by":"Andrea","Est. reading time":"4 minutes"},"schema":{"@context":"https:\/\/schema.org","@graph":[{"@type":"Article","@id":"https:\/\/projetopack.com.br\/en\/idealliance-latin-america-conclui-certificacao-g7\/#article","isPartOf":{"@id":"https:\/\/projetopack.com.br\/en\/idealliance-latin-america-conclui-certificacao-g7\/"},"author":{"name":"Andrea","@id":"https:\/\/projetopack.com.br\/#\/schema\/person\/d17c72a4bc2b7e461496dd8a14d4cef1"},"headline":"Idealliance Latin America conclui a segunda turma de certificados G7\u00ae","datePublished":"2018-10-15T21:59:15+00:00","dateModified":"2021-09-11T14:45:50+00:00","mainEntityOfPage":{"@id":"https:\/\/projetopack.com.br\/en\/idealliance-latin-america-conclui-certificacao-g7\/"},"wordCount":819,"publisher":{"@id":"https:\/\/projetopack.com.br\/#organization"},"image":{"@id":"https:\/\/projetopack.com.br\/en\/idealliance-latin-america-conclui-certificacao-g7\/#primaryimage"},"thumbnailUrl":"https:\/\/projetopack.com.br\/wp-content\/uploads\/2018\/10\/IMG-20181015-WA0010-1024x723.jpg","keywords":["Certifica\u00e7\u00e3o G7","Colorimetria","Etirama","Gerenciamento de cores","Idealliance"],"articleSection":["Arquivo"],"inLanguage":"en-US"},{"@type":"WebPage","@id":"https:\/\/projetopack.com.br\/en\/idealliance-latin-america-conclui-certificacao-g7\/","url":"https:\/\/projetopack.com.br\/en\/idealliance-latin-america-conclui-certificacao-g7\/","name":"Idealliance Latin America conclui nova turma G7 no Brasil","isPartOf":{"@id":"https:\/\/projetopack.com.br\/#website"},"primaryImageOfPage":{"@id":"https:\/\/projetopack.com.br\/en\/idealliance-latin-america-conclui-certificacao-g7\/#primaryimage"},"image":{"@id":"https:\/\/projetopack.com.br\/en\/idealliance-latin-america-conclui-certificacao-g7\/#primaryimage"},"thumbnailUrl":"https:\/\/projetopack.com.br\/wp-content\/uploads\/2018\/10\/IMG-20181015-WA0010-1024x723.jpg","datePublished":"2018-10-15T21:59:15+00:00","dateModified":"2021-09-11T14:45:50+00:00","description":"A Idealliance Latin America concluiu a segunda turma de profissionais certificados G7 para o Brasil","breadcrumb":{"@id":"https:\/\/projetopack.com.br\/en\/idealliance-latin-america-conclui-certificacao-g7\/#breadcrumb"},"inLanguage":"en-US","potentialAction":[{"@type":"ReadAction","target":["https:\/\/projetopack.com.br\/en\/idealliance-latin-america-conclui-certificacao-g7\/"]}]},{"@type":"ImageObject","inLanguage":"en-US","@id":"https:\/\/projetopack.com.br\/en\/idealliance-latin-america-conclui-certificacao-g7\/#primaryimage","url":"https:\/\/projetopack.com.br\/wp-content\/uploads\/2018\/10\/IMG-20181015-WA0010-1024x723.jpg","contentUrl":"https:\/\/projetopack.com.br\/wp-content\/uploads\/2018\/10\/IMG-20181015-WA0010-1024x723.jpg"},{"@type":"BreadcrumbList","@id":"https:\/\/projetopack.com.br\/en\/idealliance-latin-america-conclui-certificacao-g7\/#breadcrumb","itemListElement":[{"@type":"ListItem","position":1,"name":"P\u00e1gina Inicial","item":"https:\/\/projetopack.com.br\/"},{"@type":"ListItem","position":2,"name":"Arquivo","item":"https:\/\/projetopack.com.br\/en\/category\/arquivo\/"},{"@type":"ListItem","position":3,"name":"Idealliance Latin America conclui a segunda turma de certificados G7\u00ae"}]},{"@type":"WebSite","@id":"https:\/\/projetopack.com.br\/#website","url":"https:\/\/projetopack.com.br\/","name":"ProjetoPack","description":"Consultoria e servi\u00e7os para embalagens, r\u00f3tulos, etiquetas e processos de impress\u00e3o","publisher":{"@id":"https:\/\/projetopack.com.br\/#organization"},"potentialAction":[{"@type":"SearchAction","target":{"@type":"EntryPoint","urlTemplate":"https:\/\/projetopack.com.br\/?s={search_term_string}"},"query-input":{"@type":"PropertyValueSpecification","valueRequired":true,"valueName":"search_term_string"}}],"inLanguage":"en-US"},{"@type":"Organization","@id":"https:\/\/projetopack.com.br\/#organization","name":"ProjetoPack & Associados","url":"https:\/\/projetopack.com.br\/","logo":{"@type":"ImageObject","inLanguage":"en-US","@id":"https:\/\/projetopack.com.br\/#\/schema\/logo\/image\/","url":"https:\/\/projetopack.com.br\/wp-content\/uploads\/2020\/09\/projetopack.png","contentUrl":"https:\/\/projetopack.com.br\/wp-content\/uploads\/2020\/09\/projetopack.png","width":200,"height":200,"caption":"ProjetoPack & Associados"},"image":{"@id":"https:\/\/projetopack.com.br\/#\/schema\/logo\/image\/"},"sameAs":["https:\/\/x.com\/ProjetoPack","https:\/\/www.linkedin.com\/company\/projetopack\/"]},{"@type":"Person","@id":"https:\/\/projetopack.com.br\/#\/schema\/person\/d17c72a4bc2b7e461496dd8a14d4cef1","name":"Andrea","image":{"@type":"ImageObject","inLanguage":"en-US","@id":"https:\/\/projetopack.com.br\/#\/schema\/person\/image\/","url":"https:\/\/projetopack.com.br\/wp-content\/uploads\/2026\/03\/eu-150x150.jpg","contentUrl":"https:\/\/projetopack.com.br\/wp-content\/uploads\/2026\/03\/eu-150x150.jpg","caption":"Andrea"},"url":"https:\/\/projetopack.com.br\/en\/author\/andrea\/"}]}},"_links":{"self":[{"href":"https:\/\/projetopack.com.br\/en\/wp-json\/wp\/v2\/posts\/3515","targetHints":{"allow":["GET"]}}],"collection":[{"href":"https:\/\/projetopack.com.br\/en\/wp-json\/wp\/v2\/posts"}],"about":[{"href":"https:\/\/projetopack.com.br\/en\/wp-json\/wp\/v2\/types\/post"}],"author":[{"embeddable":true,"href":"https:\/\/projetopack.com.br\/en\/wp-json\/wp\/v2\/users\/18"}],"replies":[{"embeddable":true,"href":"https:\/\/projetopack.com.br\/en\/wp-json\/wp\/v2\/comments?post=3515"}],"version-history":[{"count":0,"href":"https:\/\/projetopack.com.br\/en\/wp-json\/wp\/v2\/posts\/3515\/revisions"}],"wp:attachment":[{"href":"https:\/\/projetopack.com.br\/en\/wp-json\/wp\/v2\/media?parent=3515"}],"wp:term":[{"taxonomy":"category","embeddable":true,"href":"https:\/\/projetopack.com.br\/en\/wp-json\/wp\/v2\/categories?post=3515"},{"taxonomy":"post_tag","embeddable":true,"href":"https:\/\/projetopack.com.br\/en\/wp-json\/wp\/v2\/tags?post=3515"}],"curies":[{"name":"wp","href":"https:\/\/api.w.org\/{rel}","templated":true}]}}