{"id":35703,"date":"2023-07-19T11:51:38","date_gmt":"2023-07-19T14:51:38","guid":{"rendered":"https:\/\/www.projetopack.com.br\/?p=35703"},"modified":"2026-03-16T16:48:05","modified_gmt":"2026-03-16T19:48:05","slug":"mega-embalagens-agora-e-goglio-s-p-a","status":"publish","type":"post","link":"https:\/\/projetopack.com.br\/en\/mega-embalagens-agora-e-goglio-s-p-a\/","title":{"rendered":"Mega Embalagens agora \u00e9 Goglio S.p.A."},"content":{"rendered":"<p style=\"font-style:normal;font-weight:400\">No ano em que completa seu 30\u00ba anivers\u00e1rio a <a href=\"https:\/\/www.megaembalagens.com.br\/\" target=\"_blank\" rel=\"noreferrer noopener\">Mega Embalagens<\/a> une suas for\u00e7as em uma alian\u00e7a<br>estrat\u00e9gica com o Grupo italiano <a href=\"https:\/\/www.goglio.it\/en\/\" target=\"_blank\" rel=\"noreferrer noopener\">Goglio SpA<\/a>.<\/p>\n\n\n\n<p style=\"font-style:normal;font-weight:400\">Com sede em Mil\u00e3o, o Grupo \u00e9 um dos protagonistas do mercado global de embalagens flex\u00edveis, e adquiriu 51% da participa\u00e7\u00e3o na Mega Embalagens. Fundado em 1850, o Grupo tem uma longa tradi\u00e7\u00e3o de excel\u00eancia, especializado no projeto, desenvolvimento e fabrica\u00e7\u00e3o de sistemas completos de embalagem, fornecendo laminados flex\u00edveis, v\u00e1lvulas, m\u00e1quinas e servi\u00e7os. Emprega mais de 1.800 pessoas globalmente e tem um valor de produ\u00e7\u00e3o anual de aproximadamente 500 milh\u00f5es de euros, presente com f\u00e1bricas na It\u00e1lia, Holanda, Estados Unidos e China, e escrit\u00f3rios de vendas localizados em v\u00e1rios pa\u00edses europeus, na Am\u00e9rica do Sul e no Sudeste Asi\u00e1tico.<\/p>\n\n\n\n<p class=\"has-cyan-bluish-gray-background-color has-background\" style=\"font-style:normal;font-weight:400\">A Mega Embalagens, fundada em 1993 e sediada em Salvador do Sul\/RS, tem seu foco voltado a suprir as necessidades do mercado de embalagens flex\u00edveis, possuindo ampla participa\u00e7\u00e3o nos segmentos de home &amp; personal care, aliment\u00edcio, agribusiness, industrial e, principalmente, no mercado de pet food. Emprega aproximadamente 400 pessoas e comercializa seus produtos em mais de 15 pa\u00edses. A empresa \u00e9 reconhecida pela qualidade das embalagens oferecidas aos seus clientes e pela sua postura empreendedora que visa o constante aperfei\u00e7oamento tecnol\u00f3gico. <\/p>\n\n\n\n<p style=\"font-style:normal;font-weight:400\">A uni\u00e3o ir\u00e1 gerar importantes sinergias para ambas as empresas e oportunidades de crescimento aos seus colaboradores, clientes e fornecedores. A lideran\u00e7a da Goglio no setor cafeeiro poder\u00e1 se consolidar ainda mais gra\u00e7as \u00e0 entrada em um mercado fundamental como o brasileiro e a Am\u00e9rica do Sul. Ao mesmo tempo, a Mega Embalagens poder\u00e1 se beneficiar de sua entrada em uma realidade consolidada globalmente como a da Goglio, desenvolvendo ainda mais seus neg\u00f3cios no Brasil e no mercado externo, garantindo acesso a novas tecnologias e investimentos principalmente em P&amp;D.<\/p>\n\n\n\n<p style=\"font-style:normal;font-weight:400\">\u201cA participa\u00e7\u00e3o na Mega Embalagens enquadra-se perfeitamente na estrat\u00e9gia empresarial que<br>visa consolidar a nossa presen\u00e7a em mercados de grande import\u00e2ncia para os nossos produtos,<br>nos quais investimos constantemente do ponto de vista tecnol\u00f3gico, mas tamb\u00e9m, e sobretudo, no<br>que diz respeito a aspectos relacionados com a sustentabilidade ambiental. Esta opera\u00e7\u00e3o tamb\u00e9m nos permitir\u00e1 fortalecer ainda mais o nosso posicionamento global, tornando-nos gradualmente cada vez mais competitivos gra\u00e7as \u00e0 presen\u00e7a das f\u00e1bricas da Goglio em mercados-chave para os setores de refer\u00eancia dos nossos neg\u00f3cios.\u201d declarou <strong>Franco Goglio<\/strong>, presidente e CEO da Goglio SpA.<\/p>\n\n\n\n<p style=\"font-style:normal;font-weight:400\">\u201cEm um mercado cada vez mais competitivo, integrar um l\u00edder mundial do setor e com vis\u00e3o<br>internacional como o Grupo Goglio \u00e9 essencial para capturar novas oportunidades de crescimento. Estamos, portanto, muito satisfeitos com este acordo que nos permitir\u00e1 combinar o know-how e as compet\u00eancias da Goglio com a nossa experi\u00eancia e capilaridade no territ\u00f3rio. A transa\u00e7\u00e3o marca o in\u00edcio de uma nova fase para a Mega Embalagens que, apoiada por um parceiro global como a Goglio, com mais de 170 anos de experi\u00eancia no setor de embalagens flex\u00edveis, tem a oportunidade de acelerar seu desenvolvimento mantendo a continuidade gerencial no dia a dia dos neg\u00f3cios.\u201d \u2013 comentou <strong>Roberto Gr\u00e4f<\/strong>, CEO da Mega Embalagens.<\/p>\n\n\n\n<p class=\"has-cyan-bluish-gray-background-color has-background\" style=\"font-style:normal;font-weight:400\">Na nova estrutura est\u00e3o definidos investimentos imediatos em equipamentos para fabrica\u00e7\u00e3o de<br>novos produtos para atendimento do mercado nacional e internacional, a partir da integra\u00e7\u00e3o de<br>tecnologias exclusivas do Grupo Goglio.<\/p>\n\n\n\n<p style=\"font-style:normal;font-weight:400\">Os s\u00f3cios e atuais diretores <strong>Roberto Gr\u00e4f<\/strong>, <strong>Gerson Wallauer<\/strong> e <strong>Gracielle Wallauer Gr\u00e4f<\/strong> permanecem na gest\u00e3o da opera\u00e7\u00e3o da Mega Embalagens, conduzindo-a nos padr\u00f5es de qualidade e responsabilidade com que guiaram a empresa at\u00e9 aqui. <\/p>\n\n\n\n<p style=\"font-style:normal;font-weight:400\">A Goglio teve a assist\u00eancia das firmas Pedersoli de Mil\u00e3o e Veirano de S\u00e3o Paulo, como consultores<br>jur\u00eddicos, enquanto a Mega Embalagens foi assistida pelos advogados da Dupont, Spiller &amp;<br>Fadanelli, do Rio Grande do Sul.<\/p>\n\n\n\n<p>Leia mais em nosso blog:<\/p>\n\n\n\n<p style=\"font-style:normal;font-weight:400\"><a href=\"https:\/\/projetopack.com.br\/comexi-entra-no-segmento-de-impressao-digital-com-a-nova-impressora-digiflex\/\" target=\"_blank\" rel=\"noreferrer noopener\">Comexi entra no segmento de impress\u00e3o digital com a nova Digiflex<\/a><\/p>","protected":false},"excerpt":{"rendered":"<p>No ano em que completa seu 30\u00ba anivers\u00e1rio a Mega Embalagens une suas for\u00e7as em uma alian\u00e7aestrat\u00e9gica com o Grupo italiano Goglio SpA. Com sede em Mil\u00e3o, o Grupo \u00e9 um dos protagonistas do mercado global de embalagens flex\u00edveis, e adquiriu 51% da participa\u00e7\u00e3o na Mega Embalagens. Fundado em 1850, o Grupo tem uma longa [&hellip;]<\/p>\n","protected":false},"author":2,"featured_media":35704,"comment_status":"open","ping_status":"closed","sticky":true,"template":"","format":"standard","meta":{"footnotes":""},"categories":[782],"tags":[1105,1104,1102,1106],"class_list":["post-35703","post","type-post","status-publish","format-standard","has-post-thumbnail","hentry","category-fusoes-e-aquisicoes","tag-embalagens-para-cafe","tag-goglio","tag-mega-embalagens","tag-valvula-desgaseificadora"],"yoast_head":"<!-- This site is optimized with the Yoast SEO Premium plugin v27.1 (Yoast SEO v27.1.1) - https:\/\/yoast.com\/product\/yoast-seo-premium-wordpress\/ -->\n<title>Mega Embalagens agora \u00e9 Goglio S.p.A. - ProjetoPack<\/title>\n<meta name=\"description\" content=\"Na nova estrutura est\u00e3o definidos investimentos imediatos em equipamentos para fabrica\u00e7\u00e3o de novos produtos\" \/>\n<meta name=\"robots\" content=\"index, follow, max-snippet:-1, max-image-preview:large, max-video-preview:-1\" \/>\n<link rel=\"canonical\" href=\"https:\/\/projetopack.com.br\/en\/mega-embalagens-agora-e-goglio-s-p-a\/\" \/>\n<meta property=\"og:locale\" content=\"en_US\" \/>\n<meta property=\"og:type\" content=\"article\" \/>\n<meta property=\"og:title\" content=\"Mega Embalagens agora \u00e9 Goglio S.p.A.\" \/>\n<meta property=\"og:description\" content=\"Na nova estrutura est\u00e3o definidos investimentos imediatos em equipamentos para fabrica\u00e7\u00e3o de novos produtos\" \/>\n<meta property=\"og:url\" content=\"https:\/\/projetopack.com.br\/en\/mega-embalagens-agora-e-goglio-s-p-a\/\" \/>\n<meta property=\"og:site_name\" content=\"ProjetoPack\" \/>\n<meta property=\"article:published_time\" content=\"2023-07-19T14:51:38+00:00\" \/>\n<meta property=\"article:modified_time\" content=\"2026-03-16T19:48:05+00:00\" \/>\n<meta property=\"og:image\" content=\"https:\/\/projetopack.com.br\/wp-content\/uploads\/2023\/07\/Mega-Embalagens-Mateus-Schwab-640x481-1.jpg\" \/>\n\t<meta property=\"og:image:width\" content=\"640\" \/>\n\t<meta property=\"og:image:height\" content=\"481\" \/>\n\t<meta property=\"og:image:type\" content=\"image\/jpeg\" \/>\n<meta name=\"author\" content=\"Aislan Baer\" \/>\n<meta name=\"twitter:card\" content=\"summary_large_image\" \/>\n<meta name=\"twitter:creator\" content=\"@ProjetoPack\" \/>\n<meta name=\"twitter:site\" content=\"@ProjetoPack\" \/>\n<meta name=\"twitter:label1\" content=\"Written by\" \/>\n\t<meta name=\"twitter:data1\" content=\"Aislan Baer\" \/>\n\t<meta name=\"twitter:label2\" content=\"Est. reading time\" \/>\n\t<meta name=\"twitter:data2\" content=\"4 minutes\" \/>\n<script type=\"application\/ld+json\" class=\"yoast-schema-graph\">{\"@context\":\"https:\/\/schema.org\",\"@graph\":[{\"@type\":\"Article\",\"@id\":\"https:\/\/projetopack.com.br\/mega-embalagens-agora-e-goglio-s-p-a\/#article\",\"isPartOf\":{\"@id\":\"https:\/\/projetopack.com.br\/mega-embalagens-agora-e-goglio-s-p-a\/\"},\"author\":{\"name\":\"Aislan Baer\",\"@id\":\"https:\/\/projetopack.com.br\/#\/schema\/person\/87cbd7d1e244880886d457815ebd2490\"},\"headline\":\"Mega Embalagens agora \u00e9 Goglio S.p.A.\",\"datePublished\":\"2023-07-19T14:51:38+00:00\",\"dateModified\":\"2026-03-16T19:48:05+00:00\",\"mainEntityOfPage\":{\"@id\":\"https:\/\/projetopack.com.br\/mega-embalagens-agora-e-goglio-s-p-a\/\"},\"wordCount\":678,\"commentCount\":0,\"publisher\":{\"@id\":\"https:\/\/projetopack.com.br\/#organization\"},\"image\":{\"@id\":\"https:\/\/projetopack.com.br\/mega-embalagens-agora-e-goglio-s-p-a\/#primaryimage\"},\"thumbnailUrl\":\"https:\/\/projetopack.com.br\/wp-content\/uploads\/2023\/07\/Mega-Embalagens-Mateus-Schwab-640x481-1.jpg\",\"keywords\":[\"embalagens para caf\u00e9\",\"goglio\",\"mega embalagens\",\"v\u00e1lvula desgaseificadora\"],\"articleSection\":[\"Fus\u00f5es e aquisi\u00e7\u00f5es\"],\"inLanguage\":\"en-US\",\"potentialAction\":[{\"@type\":\"CommentAction\",\"name\":\"Comment\",\"target\":[\"https:\/\/projetopack.com.br\/mega-embalagens-agora-e-goglio-s-p-a\/#respond\"]}]},{\"@type\":\"WebPage\",\"@id\":\"https:\/\/projetopack.com.br\/mega-embalagens-agora-e-goglio-s-p-a\/\",\"url\":\"https:\/\/projetopack.com.br\/mega-embalagens-agora-e-goglio-s-p-a\/\",\"name\":\"Mega Embalagens agora \u00e9 Goglio S.p.A. - ProjetoPack\",\"isPartOf\":{\"@id\":\"https:\/\/projetopack.com.br\/#website\"},\"primaryImageOfPage\":{\"@id\":\"https:\/\/projetopack.com.br\/mega-embalagens-agora-e-goglio-s-p-a\/#primaryimage\"},\"image\":{\"@id\":\"https:\/\/projetopack.com.br\/mega-embalagens-agora-e-goglio-s-p-a\/#primaryimage\"},\"thumbnailUrl\":\"https:\/\/projetopack.com.br\/wp-content\/uploads\/2023\/07\/Mega-Embalagens-Mateus-Schwab-640x481-1.jpg\",\"datePublished\":\"2023-07-19T14:51:38+00:00\",\"dateModified\":\"2026-03-16T19:48:05+00:00\",\"description\":\"Na nova estrutura est\u00e3o definidos investimentos imediatos em equipamentos para fabrica\u00e7\u00e3o de novos produtos\",\"breadcrumb\":{\"@id\":\"https:\/\/projetopack.com.br\/mega-embalagens-agora-e-goglio-s-p-a\/#breadcrumb\"},\"inLanguage\":\"en-US\",\"potentialAction\":[{\"@type\":\"ReadAction\",\"target\":[\"https:\/\/projetopack.com.br\/mega-embalagens-agora-e-goglio-s-p-a\/\"]}]},{\"@type\":\"ImageObject\",\"inLanguage\":\"en-US\",\"@id\":\"https:\/\/projetopack.com.br\/mega-embalagens-agora-e-goglio-s-p-a\/#primaryimage\",\"url\":\"https:\/\/projetopack.com.br\/wp-content\/uploads\/2023\/07\/Mega-Embalagens-Mateus-Schwab-640x481-1.jpg\",\"contentUrl\":\"https:\/\/projetopack.com.br\/wp-content\/uploads\/2023\/07\/Mega-Embalagens-Mateus-Schwab-640x481-1.jpg\",\"width\":\"640\",\"height\":\"481\",\"caption\":\"mega adquirida por goglio\"},{\"@type\":\"BreadcrumbList\",\"@id\":\"https:\/\/projetopack.com.br\/mega-embalagens-agora-e-goglio-s-p-a\/#breadcrumb\",\"itemListElement\":[{\"@type\":\"ListItem\",\"position\":1,\"name\":\"P\u00e1gina Inicial\",\"item\":\"https:\/\/projetopack.com.br\/\"},{\"@type\":\"ListItem\",\"position\":2,\"name\":\"Fus\u00f5es e aquisi\u00e7\u00f5es\",\"item\":\"https:\/\/projetopack.com.br\/en\/category\/fusoes-e-aquisicoes\/\"},{\"@type\":\"ListItem\",\"position\":3,\"name\":\"Mega Embalagens agora \u00e9 Goglio S.p.A.\"}]},{\"@type\":\"WebSite\",\"@id\":\"https:\/\/projetopack.com.br\/#website\",\"url\":\"https:\/\/projetopack.com.br\/\",\"name\":\"ProjetoPack\",\"description\":\"Consultoria e servi\u00e7os para embalagens, r\u00f3tulos, etiquetas e processos de impress\u00e3o\",\"publisher\":{\"@id\":\"https:\/\/projetopack.com.br\/#organization\"},\"potentialAction\":[{\"@type\":\"SearchAction\",\"target\":{\"@type\":\"EntryPoint\",\"urlTemplate\":\"https:\/\/projetopack.com.br\/?s={search_term_string}\"},\"query-input\":{\"@type\":\"PropertyValueSpecification\",\"valueRequired\":true,\"valueName\":\"search_term_string\"}}],\"inLanguage\":\"en-US\"},{\"@type\":\"Organization\",\"@id\":\"https:\/\/projetopack.com.br\/#organization\",\"name\":\"ProjetoPack & Associados\",\"url\":\"https:\/\/projetopack.com.br\/\",\"logo\":{\"@type\":\"ImageObject\",\"inLanguage\":\"en-US\",\"@id\":\"https:\/\/projetopack.com.br\/#\/schema\/logo\/image\/\",\"url\":\"https:\/\/projetopack.com.br\/wp-content\/uploads\/2020\/09\/projetopack.png\",\"contentUrl\":\"https:\/\/projetopack.com.br\/wp-content\/uploads\/2020\/09\/projetopack.png\",\"width\":200,\"height\":200,\"caption\":\"ProjetoPack & Associados\"},\"image\":{\"@id\":\"https:\/\/projetopack.com.br\/#\/schema\/logo\/image\/\"},\"sameAs\":[\"https:\/\/x.com\/ProjetoPack\",\"https:\/\/www.linkedin.com\/company\/projetopack\/\"]},{\"@type\":\"Person\",\"@id\":\"https:\/\/projetopack.com.br\/#\/schema\/person\/87cbd7d1e244880886d457815ebd2490\",\"name\":\"Aislan Baer\",\"image\":{\"@type\":\"ImageObject\",\"inLanguage\":\"en-US\",\"@id\":\"https:\/\/projetopack.com.br\/#\/schema\/person\/image\/\",\"url\":\"https:\/\/projetopack.com.br\/wp-content\/uploads\/2021\/08\/Aislan-Busto-p-100x100.jpg\",\"contentUrl\":\"https:\/\/projetopack.com.br\/wp-content\/uploads\/2021\/08\/Aislan-Busto-p-100x100.jpg\",\"caption\":\"Aislan Baer\"},\"description\":\"Desde os \u00faltimos 20 anos, meu time e eu ajudamos mais de 300 empresas brasileiras e estrangeiras (algumas delas, l\u00edderes mundiais) a produzir embalagens flex\u00edveis e r\u00f3tulos com maior efici\u00eancia, menores custos e maior apelo visual, bem como centenas de donos de marcas a comprar suas embalagens flex\u00edveis e material impresso com um crit\u00e9rio mais t\u00e9cnico e assertivo. Ao mesmo tempo, gra\u00e7as \u00e0 nossa consultoria, muitas destas empresas melhoraram significativamente o seu processo de Impress\u00e3o (Impress\u00e3o de embalagens, Impress\u00e3o industrial, Impress\u00e3o funcional e, mais recentemente, bio impress\u00e3o e manufatura aditiva ou simplesmente Impress\u00e3o 3D). Se a sua empresa tem um problema relacionado a embalagens flex\u00edveis, r\u00f3tulos ou Impress\u00e3o, por mais insol\u00favel que lhe pare\u00e7a, aguardamos ansiosos a sua liga\u00e7\u00e3o ou e-mail. Este \u00e9 nosso trabalho e tamb\u00e9m a nossa paix\u00e3o.\",\"sameAs\":[\"http:\/\/www.projetopack.com\",\"https:\/\/www.linkedin.com\/in\/aislanbaer\/\"],\"jobTitle\":\"CEO @ ProjetoPack | L\u00edder em M&A no Setor de Impress\u00e3o e Embalagens no Brasil | Cofundador da Inovagraf e Neuraflow | Especialista em Inova\u00e7\u00e3o com IA na Impress\u00e3o | Printing Legacy Initiative | Empreendedor Serial\",\"url\":\"https:\/\/projetopack.com.br\/en\/author\/aislan\/\"}]}<\/script>\n<!-- \/ Yoast SEO Premium plugin. -->","yoast_head_json":{"title":"Mega Embalagens agora \u00e9 Goglio S.p.A. - ProjetoPack","description":"Na nova estrutura est\u00e3o definidos investimentos imediatos em equipamentos para fabrica\u00e7\u00e3o de novos produtos","robots":{"index":"index","follow":"follow","max-snippet":"max-snippet:-1","max-image-preview":"max-image-preview:large","max-video-preview":"max-video-preview:-1"},"canonical":"https:\/\/projetopack.com.br\/en\/mega-embalagens-agora-e-goglio-s-p-a\/","og_locale":"en_US","og_type":"article","og_title":"Mega Embalagens agora \u00e9 Goglio S.p.A.","og_description":"Na nova estrutura est\u00e3o definidos investimentos imediatos em equipamentos para fabrica\u00e7\u00e3o de novos produtos","og_url":"https:\/\/projetopack.com.br\/en\/mega-embalagens-agora-e-goglio-s-p-a\/","og_site_name":"ProjetoPack","article_published_time":"2023-07-19T14:51:38+00:00","article_modified_time":"2026-03-16T19:48:05+00:00","og_image":[{"width":640,"height":481,"url":"https:\/\/projetopack.com.br\/wp-content\/uploads\/2023\/07\/Mega-Embalagens-Mateus-Schwab-640x481-1.jpg","type":"image\/jpeg"}],"author":"Aislan Baer","twitter_card":"summary_large_image","twitter_creator":"@ProjetoPack","twitter_site":"@ProjetoPack","twitter_misc":{"Written by":"Aislan Baer","Est. reading time":"4 minutes"},"schema":{"@context":"https:\/\/schema.org","@graph":[{"@type":"Article","@id":"https:\/\/projetopack.com.br\/mega-embalagens-agora-e-goglio-s-p-a\/#article","isPartOf":{"@id":"https:\/\/projetopack.com.br\/mega-embalagens-agora-e-goglio-s-p-a\/"},"author":{"name":"Aislan Baer","@id":"https:\/\/projetopack.com.br\/#\/schema\/person\/87cbd7d1e244880886d457815ebd2490"},"headline":"Mega Embalagens agora \u00e9 Goglio S.p.A.","datePublished":"2023-07-19T14:51:38+00:00","dateModified":"2026-03-16T19:48:05+00:00","mainEntityOfPage":{"@id":"https:\/\/projetopack.com.br\/mega-embalagens-agora-e-goglio-s-p-a\/"},"wordCount":678,"commentCount":0,"publisher":{"@id":"https:\/\/projetopack.com.br\/#organization"},"image":{"@id":"https:\/\/projetopack.com.br\/mega-embalagens-agora-e-goglio-s-p-a\/#primaryimage"},"thumbnailUrl":"https:\/\/projetopack.com.br\/wp-content\/uploads\/2023\/07\/Mega-Embalagens-Mateus-Schwab-640x481-1.jpg","keywords":["embalagens para caf\u00e9","goglio","mega embalagens","v\u00e1lvula desgaseificadora"],"articleSection":["Fus\u00f5es e aquisi\u00e7\u00f5es"],"inLanguage":"en-US","potentialAction":[{"@type":"CommentAction","name":"Comment","target":["https:\/\/projetopack.com.br\/mega-embalagens-agora-e-goglio-s-p-a\/#respond"]}]},{"@type":"WebPage","@id":"https:\/\/projetopack.com.br\/mega-embalagens-agora-e-goglio-s-p-a\/","url":"https:\/\/projetopack.com.br\/mega-embalagens-agora-e-goglio-s-p-a\/","name":"Mega Embalagens agora \u00e9 Goglio S.p.A. - ProjetoPack","isPartOf":{"@id":"https:\/\/projetopack.com.br\/#website"},"primaryImageOfPage":{"@id":"https:\/\/projetopack.com.br\/mega-embalagens-agora-e-goglio-s-p-a\/#primaryimage"},"image":{"@id":"https:\/\/projetopack.com.br\/mega-embalagens-agora-e-goglio-s-p-a\/#primaryimage"},"thumbnailUrl":"https:\/\/projetopack.com.br\/wp-content\/uploads\/2023\/07\/Mega-Embalagens-Mateus-Schwab-640x481-1.jpg","datePublished":"2023-07-19T14:51:38+00:00","dateModified":"2026-03-16T19:48:05+00:00","description":"Na nova estrutura est\u00e3o definidos investimentos imediatos em equipamentos para fabrica\u00e7\u00e3o de novos produtos","breadcrumb":{"@id":"https:\/\/projetopack.com.br\/mega-embalagens-agora-e-goglio-s-p-a\/#breadcrumb"},"inLanguage":"en-US","potentialAction":[{"@type":"ReadAction","target":["https:\/\/projetopack.com.br\/mega-embalagens-agora-e-goglio-s-p-a\/"]}]},{"@type":"ImageObject","inLanguage":"en-US","@id":"https:\/\/projetopack.com.br\/mega-embalagens-agora-e-goglio-s-p-a\/#primaryimage","url":"https:\/\/projetopack.com.br\/wp-content\/uploads\/2023\/07\/Mega-Embalagens-Mateus-Schwab-640x481-1.jpg","contentUrl":"https:\/\/projetopack.com.br\/wp-content\/uploads\/2023\/07\/Mega-Embalagens-Mateus-Schwab-640x481-1.jpg","width":"640","height":"481","caption":"mega adquirida por goglio"},{"@type":"BreadcrumbList","@id":"https:\/\/projetopack.com.br\/mega-embalagens-agora-e-goglio-s-p-a\/#breadcrumb","itemListElement":[{"@type":"ListItem","position":1,"name":"P\u00e1gina Inicial","item":"https:\/\/projetopack.com.br\/"},{"@type":"ListItem","position":2,"name":"Fus\u00f5es e aquisi\u00e7\u00f5es","item":"https:\/\/projetopack.com.br\/en\/category\/fusoes-e-aquisicoes\/"},{"@type":"ListItem","position":3,"name":"Mega Embalagens agora \u00e9 Goglio S.p.A."}]},{"@type":"WebSite","@id":"https:\/\/projetopack.com.br\/#website","url":"https:\/\/projetopack.com.br\/","name":"ProjetoPack","description":"Consultoria e servi\u00e7os para embalagens, r\u00f3tulos, etiquetas e processos de impress\u00e3o","publisher":{"@id":"https:\/\/projetopack.com.br\/#organization"},"potentialAction":[{"@type":"SearchAction","target":{"@type":"EntryPoint","urlTemplate":"https:\/\/projetopack.com.br\/?s={search_term_string}"},"query-input":{"@type":"PropertyValueSpecification","valueRequired":true,"valueName":"search_term_string"}}],"inLanguage":"en-US"},{"@type":"Organization","@id":"https:\/\/projetopack.com.br\/#organization","name":"ProjetoPack & Associados","url":"https:\/\/projetopack.com.br\/","logo":{"@type":"ImageObject","inLanguage":"en-US","@id":"https:\/\/projetopack.com.br\/#\/schema\/logo\/image\/","url":"https:\/\/projetopack.com.br\/wp-content\/uploads\/2020\/09\/projetopack.png","contentUrl":"https:\/\/projetopack.com.br\/wp-content\/uploads\/2020\/09\/projetopack.png","width":200,"height":200,"caption":"ProjetoPack & Associados"},"image":{"@id":"https:\/\/projetopack.com.br\/#\/schema\/logo\/image\/"},"sameAs":["https:\/\/x.com\/ProjetoPack","https:\/\/www.linkedin.com\/company\/projetopack\/"]},{"@type":"Person","@id":"https:\/\/projetopack.com.br\/#\/schema\/person\/87cbd7d1e244880886d457815ebd2490","name":"Aislan Baer","image":{"@type":"ImageObject","inLanguage":"en-US","@id":"https:\/\/projetopack.com.br\/#\/schema\/person\/image\/","url":"https:\/\/projetopack.com.br\/wp-content\/uploads\/2021\/08\/Aislan-Busto-p-100x100.jpg","contentUrl":"https:\/\/projetopack.com.br\/wp-content\/uploads\/2021\/08\/Aislan-Busto-p-100x100.jpg","caption":"Aislan Baer"},"description":"Desde os \u00faltimos 20 anos, meu time e eu ajudamos mais de 300 empresas brasileiras e estrangeiras (algumas delas, l\u00edderes mundiais) a produzir embalagens flex\u00edveis e r\u00f3tulos com maior efici\u00eancia, menores custos e maior apelo visual, bem como centenas de donos de marcas a comprar suas embalagens flex\u00edveis e material impresso com um crit\u00e9rio mais t\u00e9cnico e assertivo. Ao mesmo tempo, gra\u00e7as \u00e0 nossa consultoria, muitas destas empresas melhoraram significativamente o seu processo de Impress\u00e3o (Impress\u00e3o de embalagens, Impress\u00e3o industrial, Impress\u00e3o funcional e, mais recentemente, bio impress\u00e3o e manufatura aditiva ou simplesmente Impress\u00e3o 3D). Se a sua empresa tem um problema relacionado a embalagens flex\u00edveis, r\u00f3tulos ou Impress\u00e3o, por mais insol\u00favel que lhe pare\u00e7a, aguardamos ansiosos a sua liga\u00e7\u00e3o ou e-mail. Este \u00e9 nosso trabalho e tamb\u00e9m a nossa paix\u00e3o.","sameAs":["http:\/\/www.projetopack.com","https:\/\/www.linkedin.com\/in\/aislanbaer\/"],"jobTitle":"CEO @ ProjetoPack | L\u00edder em M&A no Setor de Impress\u00e3o e Embalagens no Brasil | Cofundador da Inovagraf e Neuraflow | Especialista em Inova\u00e7\u00e3o com IA na Impress\u00e3o | Printing Legacy Initiative | Empreendedor Serial","url":"https:\/\/projetopack.com.br\/en\/author\/aislan\/"}]}},"_links":{"self":[{"href":"https:\/\/projetopack.com.br\/en\/wp-json\/wp\/v2\/posts\/35703","targetHints":{"allow":["GET"]}}],"collection":[{"href":"https:\/\/projetopack.com.br\/en\/wp-json\/wp\/v2\/posts"}],"about":[{"href":"https:\/\/projetopack.com.br\/en\/wp-json\/wp\/v2\/types\/post"}],"author":[{"embeddable":true,"href":"https:\/\/projetopack.com.br\/en\/wp-json\/wp\/v2\/users\/2"}],"replies":[{"embeddable":true,"href":"https:\/\/projetopack.com.br\/en\/wp-json\/wp\/v2\/comments?post=35703"}],"version-history":[{"count":0,"href":"https:\/\/projetopack.com.br\/en\/wp-json\/wp\/v2\/posts\/35703\/revisions"}],"wp:featuredmedia":[{"embeddable":true,"href":"https:\/\/projetopack.com.br\/en\/wp-json\/wp\/v2\/media\/35704"}],"wp:attachment":[{"href":"https:\/\/projetopack.com.br\/en\/wp-json\/wp\/v2\/media?parent=35703"}],"wp:term":[{"taxonomy":"category","embeddable":true,"href":"https:\/\/projetopack.com.br\/en\/wp-json\/wp\/v2\/categories?post=35703"},{"taxonomy":"post_tag","embeddable":true,"href":"https:\/\/projetopack.com.br\/en\/wp-json\/wp\/v2\/tags?post=35703"}],"curies":[{"name":"wp","href":"https:\/\/api.w.org\/{rel}","templated":true}]}}