{"id":3580,"date":"2018-11-07T09:49:40","date_gmt":"2018-11-07T11:49:40","guid":{"rendered":"https:\/\/www.projetopack.com.br\/2020\/?p=3580"},"modified":"2021-09-11T15:10:44","modified_gmt":"2021-09-11T18:10:44","slug":"projetopack-realiza-palestra-na-vigor-alimentos","status":"publish","type":"post","link":"https:\/\/projetopack.com.br\/en\/projetopack-realiza-palestra-na-vigor-alimentos\/","title":{"rendered":"ProjetoPack realiza palestra na Vigor Alimentos"},"content":{"rendered":"<h1>ProjetoPack discute qualidade de impress\u00e3o e embalagens flex\u00edveis com equipe da Vigor Alimentos<\/h1>\n<p>No primeiro dia de Novembro, a ProjetoPack esteve em uma das unidades da <a href=\"http:\/\/www.vigoralimentos.com.br\/\">Vigor Alimentos<\/a>, empresa aliment\u00edcia focada em lat\u00edcinios e pertencente ao grupo mexicano <a href=\"https:\/\/www.lala.com.mx\/\">Lala<\/a>, a convite da sua respons\u00e1vel por Artes Gr\u00e1ficas e qualidade de impress\u00e3o, D\u00e9bora Sodr\u00e9,<\/p>\n<p>Na ocasi\u00e3o, frente a uma audi\u00eancia composta por profissionais da \u00e1rea de desenvolvimento de embalagens (estrutural e gr\u00e1fico), marketing e P&amp;D, a ProjetoPack, representada por seu diretor, Aislan Baer, discorreu sobre padr\u00f5es de qualidade para impress\u00e3o e a import\u00e2ncia estrat\u00e9gica da embalagem enquanto m\u00eddia, frente a uma eros\u00e3o gradual das tradicionais m\u00eddias de massa.<\/p>\n<p>O mercado de latic\u00ednios t\u00eam uma matriz bastante heterog\u00eanea de estruturas de embalagens, consumindo desde r\u00f3tulos termoencolh\u00edveis impressos, tampas (lids) laminadas, potes decorados diretamente ou por tecnologia In-Mold-Label, embalagens coextrudadas de alta ou m\u00e9dia barreira e tantos outros &#8211; produtos de natureza complexa, giro r\u00e1pido e com demandas espec\u00edficas e t\u00e9cnicas.<\/p>\n<p>Discutir em alto n\u00edvel como melhorar o sistema de garantia da qualidade destas embalagens \u00e9 algo crucial para empresas como a Vigor, que mant\u00e9m lideran\u00e7a setorial em fun\u00e7\u00e3o da qualidade superior de seus produtos.O mesmo vale para a impress\u00e3o, cada vez mais necess\u00e1ria para prover o <em>shelf appeal<\/em> diferenciado aos consumidores no ponto-de-venda &#8211; especialmente em aplica\u00e7\u00f5es com artes sofisticadas como \u00e9 o caso do setor de latic\u00ednios.<\/p>\n<p>&#8220;A experi\u00eancia foi muito positiva para a equipe e pretendemos seguir com estas discuss\u00f5es t\u00e9cnicas internamente&#8221;, conclui D\u00e9bora, ap\u00f3s a palestra.<\/p>\n<p><a href=\"https:\/\/projetopack.com.br\/wp-content\/uploads\/2018\/11\/P_20181101_100229.jpg\"><img fetchpriority=\"high\" decoding=\"async\" class=\"aligncenter size-full wp-image-3581\" src=\"https:\/\/projetopack.com.br\/wp-content\/uploads\/2018\/11\/P_20181101_100229.jpg\" alt=\"\" width=\"3621\" height=\"2241\" srcset=\"https:\/\/projetopack.com.br\/wp-content\/uploads\/2018\/11\/P_20181101_100229.jpg 2048w, https:\/\/projetopack.com.br\/wp-content\/uploads\/2018\/11\/P_20181101_100229-300x186.jpg 300w, https:\/\/projetopack.com.br\/wp-content\/uploads\/2018\/11\/P_20181101_100229-600x371.jpg 600w, https:\/\/projetopack.com.br\/wp-content\/uploads\/2018\/11\/P_20181101_100229-768x475.jpg 768w, https:\/\/projetopack.com.br\/wp-content\/uploads\/2018\/11\/P_20181101_100229-1024x634.jpg 1024w\" sizes=\"(max-width: 3621px) 100vw, 3621px\" \/><\/a>Momento em que se discute a manuten\u00e7\u00e3o da reputa\u00e7\u00e3o das marcas no processo de constru\u00e7\u00e3o do Brand Equity e como a embalagem se relaciona com o tema.<\/p>\n<p>&nbsp;<\/p>","protected":false},"excerpt":{"rendered":"<p>ProjetoPack discute qualidade de impress\u00e3o e embalagens flex\u00edveis com equipe da Vigor Alimentos No primeiro dia de Novembro, a ProjetoPack esteve em uma das unidades da Vigor Alimentos, empresa aliment\u00edcia focada em lat\u00edcinios e pertencente ao grupo mexicano Lala, a convite da sua respons\u00e1vel por Artes Gr\u00e1ficas e qualidade de impress\u00e3o, D\u00e9bora Sodr\u00e9, Na ocasi\u00e3o, [&hellip;]<\/p>\n","protected":false},"author":2,"featured_media":0,"comment_status":"closed","ping_status":"closed","sticky":false,"template":"","format":"standard","meta":{"footnotes":""},"categories":[877],"tags":[45,152,153,151,150],"class_list":["post-3580","post","type-post","status-publish","format-standard","hentry","category-arquivo","tag-embalagens-flexiveis","tag-grupo-lala","tag-palestra-projetopack","tag-tendencias-de-embalagem","tag-vigor-alimentos"],"yoast_head":"<!-- This site is optimized with the Yoast SEO Premium plugin v27.1 (Yoast SEO v27.1.1) - https:\/\/yoast.com\/product\/yoast-seo-premium-wordpress\/ -->\n<title>ProjetoPack realiza palestra na Vigor Alimentos - ProjetoPack<\/title>\n<meta name=\"description\" content=\"ProjetoPack discute qualidade de impress\u00e3o e embalagens flex\u00edveis com equipe da Vigor Alimentos e debate a import\u00e2ncia estrat\u00e9gica da embalagem enquanto m\u00eddia, frente \u00e0s tradicionais m\u00eddias de massa\" \/>\n<meta name=\"robots\" content=\"index, follow, max-snippet:-1, max-image-preview:large, max-video-preview:-1\" \/>\n<link rel=\"canonical\" href=\"https:\/\/projetopack.com.br\/en\/projetopack-realiza-palestra-na-vigor-alimentos\/\" \/>\n<meta property=\"og:locale\" content=\"en_US\" \/>\n<meta property=\"og:type\" content=\"article\" \/>\n<meta property=\"og:title\" content=\"ProjetoPack realiza palestra na Vigor Alimentos\" \/>\n<meta property=\"og:description\" content=\"ProjetoPack discute qualidade de impress\u00e3o e embalagens flex\u00edveis com equipe da Vigor Alimentos e debate a import\u00e2ncia estrat\u00e9gica da embalagem enquanto m\u00eddia, frente \u00e0s tradicionais m\u00eddias de massa\" \/>\n<meta property=\"og:url\" content=\"https:\/\/projetopack.com.br\/en\/projetopack-realiza-palestra-na-vigor-alimentos\/\" \/>\n<meta property=\"og:site_name\" content=\"ProjetoPack\" \/>\n<meta property=\"article:published_time\" content=\"2018-11-07T11:49:40+00:00\" \/>\n<meta property=\"article:modified_time\" content=\"2021-09-11T18:10:44+00:00\" \/>\n<meta property=\"og:image\" content=\"https:\/\/projetopack.com.br\/wp-content\/uploads\/2018\/11\/P_20181101_100229.jpg\" \/>\n<meta name=\"author\" content=\"Aislan Baer\" \/>\n<meta name=\"twitter:card\" content=\"summary_large_image\" \/>\n<meta name=\"twitter:creator\" content=\"@ProjetoPack\" \/>\n<meta name=\"twitter:site\" content=\"@ProjetoPack\" \/>\n<meta name=\"twitter:label1\" content=\"Written by\" \/>\n\t<meta name=\"twitter:data1\" content=\"Aislan Baer\" \/>\n\t<meta name=\"twitter:label2\" content=\"Est. reading time\" \/>\n\t<meta name=\"twitter:data2\" content=\"2 minutes\" \/>\n<script type=\"application\/ld+json\" class=\"yoast-schema-graph\">{\"@context\":\"https:\/\/schema.org\",\"@graph\":[{\"@type\":\"Article\",\"@id\":\"https:\/\/projetopack.com.br\/en\/projetopack-realiza-palestra-na-vigor-alimentos\/#article\",\"isPartOf\":{\"@id\":\"https:\/\/projetopack.com.br\/en\/projetopack-realiza-palestra-na-vigor-alimentos\/\"},\"author\":{\"name\":\"Aislan Baer\",\"@id\":\"https:\/\/projetopack.com.br\/#\/schema\/person\/87cbd7d1e244880886d457815ebd2490\"},\"headline\":\"ProjetoPack realiza palestra na Vigor Alimentos\",\"datePublished\":\"2018-11-07T11:49:40+00:00\",\"dateModified\":\"2021-09-11T18:10:44+00:00\",\"mainEntityOfPage\":{\"@id\":\"https:\/\/projetopack.com.br\/en\/projetopack-realiza-palestra-na-vigor-alimentos\/\"},\"wordCount\":325,\"publisher\":{\"@id\":\"https:\/\/projetopack.com.br\/#organization\"},\"image\":{\"@id\":\"https:\/\/projetopack.com.br\/en\/projetopack-realiza-palestra-na-vigor-alimentos\/#primaryimage\"},\"thumbnailUrl\":\"https:\/\/projetopack.com.br\/wp-content\/uploads\/2018\/11\/P_20181101_100229.jpg\",\"keywords\":[\"Embalagens flex\u00edveis\",\"Grupo Lala\",\"Palestra ProjetoPack\",\"Tend\u00eancias de embalagem\",\"Vigor Alimentos\"],\"articleSection\":[\"Arquivo\"],\"inLanguage\":\"en-US\"},{\"@type\":\"WebPage\",\"@id\":\"https:\/\/projetopack.com.br\/en\/projetopack-realiza-palestra-na-vigor-alimentos\/\",\"url\":\"https:\/\/projetopack.com.br\/en\/projetopack-realiza-palestra-na-vigor-alimentos\/\",\"name\":\"ProjetoPack realiza palestra na Vigor Alimentos - ProjetoPack\",\"isPartOf\":{\"@id\":\"https:\/\/projetopack.com.br\/#website\"},\"primaryImageOfPage\":{\"@id\":\"https:\/\/projetopack.com.br\/en\/projetopack-realiza-palestra-na-vigor-alimentos\/#primaryimage\"},\"image\":{\"@id\":\"https:\/\/projetopack.com.br\/en\/projetopack-realiza-palestra-na-vigor-alimentos\/#primaryimage\"},\"thumbnailUrl\":\"https:\/\/projetopack.com.br\/wp-content\/uploads\/2018\/11\/P_20181101_100229.jpg\",\"datePublished\":\"2018-11-07T11:49:40+00:00\",\"dateModified\":\"2021-09-11T18:10:44+00:00\",\"description\":\"ProjetoPack discute qualidade de impress\u00e3o e embalagens flex\u00edveis com equipe da Vigor Alimentos e debate a import\u00e2ncia estrat\u00e9gica da embalagem enquanto m\u00eddia, frente \u00e0s tradicionais m\u00eddias de massa\",\"breadcrumb\":{\"@id\":\"https:\/\/projetopack.com.br\/en\/projetopack-realiza-palestra-na-vigor-alimentos\/#breadcrumb\"},\"inLanguage\":\"en-US\",\"potentialAction\":[{\"@type\":\"ReadAction\",\"target\":[\"https:\/\/projetopack.com.br\/en\/projetopack-realiza-palestra-na-vigor-alimentos\/\"]}]},{\"@type\":\"ImageObject\",\"inLanguage\":\"en-US\",\"@id\":\"https:\/\/projetopack.com.br\/en\/projetopack-realiza-palestra-na-vigor-alimentos\/#primaryimage\",\"url\":\"https:\/\/projetopack.com.br\/wp-content\/uploads\/2018\/11\/P_20181101_100229.jpg\",\"contentUrl\":\"https:\/\/projetopack.com.br\/wp-content\/uploads\/2018\/11\/P_20181101_100229.jpg\"},{\"@type\":\"BreadcrumbList\",\"@id\":\"https:\/\/projetopack.com.br\/en\/projetopack-realiza-palestra-na-vigor-alimentos\/#breadcrumb\",\"itemListElement\":[{\"@type\":\"ListItem\",\"position\":1,\"name\":\"P\u00e1gina Inicial\",\"item\":\"https:\/\/projetopack.com.br\/\"},{\"@type\":\"ListItem\",\"position\":2,\"name\":\"Arquivo\",\"item\":\"https:\/\/projetopack.com.br\/en\/category\/arquivo\/\"},{\"@type\":\"ListItem\",\"position\":3,\"name\":\"ProjetoPack realiza palestra na Vigor Alimentos\"}]},{\"@type\":\"WebSite\",\"@id\":\"https:\/\/projetopack.com.br\/#website\",\"url\":\"https:\/\/projetopack.com.br\/\",\"name\":\"ProjetoPack\",\"description\":\"Consultoria e servi\u00e7os para embalagens, r\u00f3tulos, etiquetas e processos de impress\u00e3o\",\"publisher\":{\"@id\":\"https:\/\/projetopack.com.br\/#organization\"},\"potentialAction\":[{\"@type\":\"SearchAction\",\"target\":{\"@type\":\"EntryPoint\",\"urlTemplate\":\"https:\/\/projetopack.com.br\/?s={search_term_string}\"},\"query-input\":{\"@type\":\"PropertyValueSpecification\",\"valueRequired\":true,\"valueName\":\"search_term_string\"}}],\"inLanguage\":\"en-US\"},{\"@type\":\"Organization\",\"@id\":\"https:\/\/projetopack.com.br\/#organization\",\"name\":\"ProjetoPack & Associados\",\"url\":\"https:\/\/projetopack.com.br\/\",\"logo\":{\"@type\":\"ImageObject\",\"inLanguage\":\"en-US\",\"@id\":\"https:\/\/projetopack.com.br\/#\/schema\/logo\/image\/\",\"url\":\"https:\/\/projetopack.com.br\/wp-content\/uploads\/2020\/09\/projetopack.png\",\"contentUrl\":\"https:\/\/projetopack.com.br\/wp-content\/uploads\/2020\/09\/projetopack.png\",\"width\":200,\"height\":200,\"caption\":\"ProjetoPack & Associados\"},\"image\":{\"@id\":\"https:\/\/projetopack.com.br\/#\/schema\/logo\/image\/\"},\"sameAs\":[\"https:\/\/x.com\/ProjetoPack\",\"https:\/\/www.linkedin.com\/company\/projetopack\/\"]},{\"@type\":\"Person\",\"@id\":\"https:\/\/projetopack.com.br\/#\/schema\/person\/87cbd7d1e244880886d457815ebd2490\",\"name\":\"Aislan Baer\",\"image\":{\"@type\":\"ImageObject\",\"inLanguage\":\"en-US\",\"@id\":\"https:\/\/projetopack.com.br\/#\/schema\/person\/image\/\",\"url\":\"https:\/\/projetopack.com.br\/wp-content\/uploads\/2021\/08\/Aislan-Busto-p-100x100.jpg\",\"contentUrl\":\"https:\/\/projetopack.com.br\/wp-content\/uploads\/2021\/08\/Aislan-Busto-p-100x100.jpg\",\"caption\":\"Aislan Baer\"},\"description\":\"Desde os \u00faltimos 20 anos, meu time e eu ajudamos mais de 300 empresas brasileiras e estrangeiras (algumas delas, l\u00edderes mundiais) a produzir embalagens flex\u00edveis e r\u00f3tulos com maior efici\u00eancia, menores custos e maior apelo visual, bem como centenas de donos de marcas a comprar suas embalagens flex\u00edveis e material impresso com um crit\u00e9rio mais t\u00e9cnico e assertivo. Ao mesmo tempo, gra\u00e7as \u00e0 nossa consultoria, muitas destas empresas melhoraram significativamente o seu processo de Impress\u00e3o (Impress\u00e3o de embalagens, Impress\u00e3o industrial, Impress\u00e3o funcional e, mais recentemente, bio impress\u00e3o e manufatura aditiva ou simplesmente Impress\u00e3o 3D). Se a sua empresa tem um problema relacionado a embalagens flex\u00edveis, r\u00f3tulos ou Impress\u00e3o, por mais insol\u00favel que lhe pare\u00e7a, aguardamos ansiosos a sua liga\u00e7\u00e3o ou e-mail. Este \u00e9 nosso trabalho e tamb\u00e9m a nossa paix\u00e3o.\",\"sameAs\":[\"http:\/\/www.projetopack.com\",\"https:\/\/www.linkedin.com\/in\/aislanbaer\/\"],\"jobTitle\":\"CEO @ ProjetoPack | L\u00edder em M&A no Setor de Impress\u00e3o e Embalagens no Brasil | Cofundador da Inovagraf e Neuraflow | Especialista em Inova\u00e7\u00e3o com IA na Impress\u00e3o | Printing Legacy Initiative | Empreendedor Serial\",\"url\":\"https:\/\/projetopack.com.br\/en\/author\/aislan\/\"}]}<\/script>\n<!-- \/ Yoast SEO Premium plugin. -->","yoast_head_json":{"title":"ProjetoPack realiza palestra na Vigor Alimentos - ProjetoPack","description":"ProjetoPack discute qualidade de impress\u00e3o e embalagens flex\u00edveis com equipe da Vigor Alimentos e debate a import\u00e2ncia estrat\u00e9gica da embalagem enquanto m\u00eddia, frente \u00e0s tradicionais m\u00eddias de massa","robots":{"index":"index","follow":"follow","max-snippet":"max-snippet:-1","max-image-preview":"max-image-preview:large","max-video-preview":"max-video-preview:-1"},"canonical":"https:\/\/projetopack.com.br\/en\/projetopack-realiza-palestra-na-vigor-alimentos\/","og_locale":"en_US","og_type":"article","og_title":"ProjetoPack realiza palestra na Vigor Alimentos","og_description":"ProjetoPack discute qualidade de impress\u00e3o e embalagens flex\u00edveis com equipe da Vigor Alimentos e debate a import\u00e2ncia estrat\u00e9gica da embalagem enquanto m\u00eddia, frente \u00e0s tradicionais m\u00eddias de massa","og_url":"https:\/\/projetopack.com.br\/en\/projetopack-realiza-palestra-na-vigor-alimentos\/","og_site_name":"ProjetoPack","article_published_time":"2018-11-07T11:49:40+00:00","article_modified_time":"2021-09-11T18:10:44+00:00","og_image":[{"url":"https:\/\/projetopack.com.br\/wp-content\/uploads\/2018\/11\/P_20181101_100229.jpg","type":"","width":"","height":""}],"author":"Aislan Baer","twitter_card":"summary_large_image","twitter_creator":"@ProjetoPack","twitter_site":"@ProjetoPack","twitter_misc":{"Written by":"Aislan Baer","Est. reading time":"2 minutes"},"schema":{"@context":"https:\/\/schema.org","@graph":[{"@type":"Article","@id":"https:\/\/projetopack.com.br\/en\/projetopack-realiza-palestra-na-vigor-alimentos\/#article","isPartOf":{"@id":"https:\/\/projetopack.com.br\/en\/projetopack-realiza-palestra-na-vigor-alimentos\/"},"author":{"name":"Aislan Baer","@id":"https:\/\/projetopack.com.br\/#\/schema\/person\/87cbd7d1e244880886d457815ebd2490"},"headline":"ProjetoPack realiza palestra na Vigor Alimentos","datePublished":"2018-11-07T11:49:40+00:00","dateModified":"2021-09-11T18:10:44+00:00","mainEntityOfPage":{"@id":"https:\/\/projetopack.com.br\/en\/projetopack-realiza-palestra-na-vigor-alimentos\/"},"wordCount":325,"publisher":{"@id":"https:\/\/projetopack.com.br\/#organization"},"image":{"@id":"https:\/\/projetopack.com.br\/en\/projetopack-realiza-palestra-na-vigor-alimentos\/#primaryimage"},"thumbnailUrl":"https:\/\/projetopack.com.br\/wp-content\/uploads\/2018\/11\/P_20181101_100229.jpg","keywords":["Embalagens flex\u00edveis","Grupo Lala","Palestra ProjetoPack","Tend\u00eancias de embalagem","Vigor Alimentos"],"articleSection":["Arquivo"],"inLanguage":"en-US"},{"@type":"WebPage","@id":"https:\/\/projetopack.com.br\/en\/projetopack-realiza-palestra-na-vigor-alimentos\/","url":"https:\/\/projetopack.com.br\/en\/projetopack-realiza-palestra-na-vigor-alimentos\/","name":"ProjetoPack realiza palestra na Vigor Alimentos - ProjetoPack","isPartOf":{"@id":"https:\/\/projetopack.com.br\/#website"},"primaryImageOfPage":{"@id":"https:\/\/projetopack.com.br\/en\/projetopack-realiza-palestra-na-vigor-alimentos\/#primaryimage"},"image":{"@id":"https:\/\/projetopack.com.br\/en\/projetopack-realiza-palestra-na-vigor-alimentos\/#primaryimage"},"thumbnailUrl":"https:\/\/projetopack.com.br\/wp-content\/uploads\/2018\/11\/P_20181101_100229.jpg","datePublished":"2018-11-07T11:49:40+00:00","dateModified":"2021-09-11T18:10:44+00:00","description":"ProjetoPack discute qualidade de impress\u00e3o e embalagens flex\u00edveis com equipe da Vigor Alimentos e debate a import\u00e2ncia estrat\u00e9gica da embalagem enquanto m\u00eddia, frente \u00e0s tradicionais m\u00eddias de massa","breadcrumb":{"@id":"https:\/\/projetopack.com.br\/en\/projetopack-realiza-palestra-na-vigor-alimentos\/#breadcrumb"},"inLanguage":"en-US","potentialAction":[{"@type":"ReadAction","target":["https:\/\/projetopack.com.br\/en\/projetopack-realiza-palestra-na-vigor-alimentos\/"]}]},{"@type":"ImageObject","inLanguage":"en-US","@id":"https:\/\/projetopack.com.br\/en\/projetopack-realiza-palestra-na-vigor-alimentos\/#primaryimage","url":"https:\/\/projetopack.com.br\/wp-content\/uploads\/2018\/11\/P_20181101_100229.jpg","contentUrl":"https:\/\/projetopack.com.br\/wp-content\/uploads\/2018\/11\/P_20181101_100229.jpg"},{"@type":"BreadcrumbList","@id":"https:\/\/projetopack.com.br\/en\/projetopack-realiza-palestra-na-vigor-alimentos\/#breadcrumb","itemListElement":[{"@type":"ListItem","position":1,"name":"P\u00e1gina Inicial","item":"https:\/\/projetopack.com.br\/"},{"@type":"ListItem","position":2,"name":"Arquivo","item":"https:\/\/projetopack.com.br\/en\/category\/arquivo\/"},{"@type":"ListItem","position":3,"name":"ProjetoPack realiza palestra na Vigor Alimentos"}]},{"@type":"WebSite","@id":"https:\/\/projetopack.com.br\/#website","url":"https:\/\/projetopack.com.br\/","name":"ProjetoPack","description":"Consultoria e servi\u00e7os para embalagens, r\u00f3tulos, etiquetas e processos de impress\u00e3o","publisher":{"@id":"https:\/\/projetopack.com.br\/#organization"},"potentialAction":[{"@type":"SearchAction","target":{"@type":"EntryPoint","urlTemplate":"https:\/\/projetopack.com.br\/?s={search_term_string}"},"query-input":{"@type":"PropertyValueSpecification","valueRequired":true,"valueName":"search_term_string"}}],"inLanguage":"en-US"},{"@type":"Organization","@id":"https:\/\/projetopack.com.br\/#organization","name":"ProjetoPack & Associados","url":"https:\/\/projetopack.com.br\/","logo":{"@type":"ImageObject","inLanguage":"en-US","@id":"https:\/\/projetopack.com.br\/#\/schema\/logo\/image\/","url":"https:\/\/projetopack.com.br\/wp-content\/uploads\/2020\/09\/projetopack.png","contentUrl":"https:\/\/projetopack.com.br\/wp-content\/uploads\/2020\/09\/projetopack.png","width":200,"height":200,"caption":"ProjetoPack & Associados"},"image":{"@id":"https:\/\/projetopack.com.br\/#\/schema\/logo\/image\/"},"sameAs":["https:\/\/x.com\/ProjetoPack","https:\/\/www.linkedin.com\/company\/projetopack\/"]},{"@type":"Person","@id":"https:\/\/projetopack.com.br\/#\/schema\/person\/87cbd7d1e244880886d457815ebd2490","name":"Aislan Baer","image":{"@type":"ImageObject","inLanguage":"en-US","@id":"https:\/\/projetopack.com.br\/#\/schema\/person\/image\/","url":"https:\/\/projetopack.com.br\/wp-content\/uploads\/2021\/08\/Aislan-Busto-p-100x100.jpg","contentUrl":"https:\/\/projetopack.com.br\/wp-content\/uploads\/2021\/08\/Aislan-Busto-p-100x100.jpg","caption":"Aislan Baer"},"description":"Desde os \u00faltimos 20 anos, meu time e eu ajudamos mais de 300 empresas brasileiras e estrangeiras (algumas delas, l\u00edderes mundiais) a produzir embalagens flex\u00edveis e r\u00f3tulos com maior efici\u00eancia, menores custos e maior apelo visual, bem como centenas de donos de marcas a comprar suas embalagens flex\u00edveis e material impresso com um crit\u00e9rio mais t\u00e9cnico e assertivo. Ao mesmo tempo, gra\u00e7as \u00e0 nossa consultoria, muitas destas empresas melhoraram significativamente o seu processo de Impress\u00e3o (Impress\u00e3o de embalagens, Impress\u00e3o industrial, Impress\u00e3o funcional e, mais recentemente, bio impress\u00e3o e manufatura aditiva ou simplesmente Impress\u00e3o 3D). Se a sua empresa tem um problema relacionado a embalagens flex\u00edveis, r\u00f3tulos ou Impress\u00e3o, por mais insol\u00favel que lhe pare\u00e7a, aguardamos ansiosos a sua liga\u00e7\u00e3o ou e-mail. Este \u00e9 nosso trabalho e tamb\u00e9m a nossa paix\u00e3o.","sameAs":["http:\/\/www.projetopack.com","https:\/\/www.linkedin.com\/in\/aislanbaer\/"],"jobTitle":"CEO @ ProjetoPack | L\u00edder em M&A no Setor de Impress\u00e3o e Embalagens no Brasil | Cofundador da Inovagraf e Neuraflow | Especialista em Inova\u00e7\u00e3o com IA na Impress\u00e3o | Printing Legacy Initiative | Empreendedor Serial","url":"https:\/\/projetopack.com.br\/en\/author\/aislan\/"}]}},"_links":{"self":[{"href":"https:\/\/projetopack.com.br\/en\/wp-json\/wp\/v2\/posts\/3580","targetHints":{"allow":["GET"]}}],"collection":[{"href":"https:\/\/projetopack.com.br\/en\/wp-json\/wp\/v2\/posts"}],"about":[{"href":"https:\/\/projetopack.com.br\/en\/wp-json\/wp\/v2\/types\/post"}],"author":[{"embeddable":true,"href":"https:\/\/projetopack.com.br\/en\/wp-json\/wp\/v2\/users\/2"}],"replies":[{"embeddable":true,"href":"https:\/\/projetopack.com.br\/en\/wp-json\/wp\/v2\/comments?post=3580"}],"version-history":[{"count":0,"href":"https:\/\/projetopack.com.br\/en\/wp-json\/wp\/v2\/posts\/3580\/revisions"}],"wp:attachment":[{"href":"https:\/\/projetopack.com.br\/en\/wp-json\/wp\/v2\/media?parent=3580"}],"wp:term":[{"taxonomy":"category","embeddable":true,"href":"https:\/\/projetopack.com.br\/en\/wp-json\/wp\/v2\/categories?post=3580"},{"taxonomy":"post_tag","embeddable":true,"href":"https:\/\/projetopack.com.br\/en\/wp-json\/wp\/v2\/tags?post=3580"}],"curies":[{"name":"wp","href":"https:\/\/api.w.org\/{rel}","templated":true}]}}