{"id":3601,"date":"2018-11-14T09:24:49","date_gmt":"2018-11-14T11:24:49","guid":{"rendered":"https:\/\/www.projetopack.com.br\/2020\/?p=3601"},"modified":"2021-09-11T15:12:35","modified_gmt":"2021-09-11T18:12:35","slug":"comexi-do-brasil-realizou-seu-seminario-global-de-solucoes-no-brasil","status":"publish","type":"post","link":"https:\/\/projetopack.com.br\/en\/comexi-do-brasil-realizou-seu-seminario-global-de-solucoes-no-brasil\/","title":{"rendered":"Comexi realizou seu semin\u00e1rio global de solu\u00e7\u00f5es em flex\u00edveis no Brasil"},"content":{"rendered":"<h1>Comexi trouxe ao Brasil o Semin\u00e1rio Global de Solu\u00e7\u00f5es para o Mercado de Embalagens Flex\u00edveis<\/h1>\n<p><span aria-hidden=\"false\">A <a href=\"https:\/\/comexi.com\/pt\/categorias\/flexo\">Comexi do Brasil<\/a>, no \u00fatimo dia 08 de Novembro realizou no Hotel Holliday Inn em S\u00e3o Paulo, edi\u00e7\u00e3o de seu Semin\u00e1rio Global de Solu\u00e7\u00f5es para o Mercado de Embalagens Flex\u00edveis. O evento foi alavancado pelo Centro Tecnol\u00f3gico Manel Xifra Boadas e j\u00e1 passou, este ano, por v\u00e1rios pa\u00edses como Jap\u00e3o, Peru, M\u00e9xico e Cor\u00e9ia. <\/span><\/p>\n<p><span aria-hidden=\"false\">Na edi\u00e7\u00e3o brasileira, o evento contou com a presen\u00e7a de 99 pessoas pertencentes \u00e0 32 empresas do setor e contou tamb\u00e9m com o apoio das empresas <a id=\"ember1865\" class=\"tap-target feed-shared-text-view__mention ember-view\" href=\"https:\/\/www.linkedin.com\/company\/2155\/\" target=\"_self\" rel=\"noopener\"><span data-entity-hovercard-id=\"urn:li:fs_miniCompany:2155\">DuPont<\/span><\/a>, <a href=\"http:\/\/www.rossini-spa.it\/pt\/\">Rossini<\/a>, <a id=\"ember1871\" class=\"tap-target feed-shared-text-view__mention ember-view\" href=\"https:\/\/www.linkedin.com\/company\/2539664\/\" target=\"_self\" rel=\"noopener\"><span data-entity-hovercard-id=\"urn:li:fs_miniCompany:2539664\">Apex Global Group of Companies<\/span><\/a>, <a id=\"ember1877\" class=\"tap-target feed-shared-text-view__mention ember-view\" href=\"https:\/\/www.linkedin.com\/company\/16517\/\" target=\"_self\" rel=\"noopener\"><span data-entity-hovercard-id=\"urn:li:fs_miniCompany:16517\">AVT<\/span><\/a>, <a id=\"ember1883\" class=\"tap-target feed-shared-text-view__mention ember-view\" href=\"https:\/\/www.linkedin.com\/company\/2760502\/\" target=\"_self\" rel=\"noopener\"><span data-entity-hovercard-id=\"urn:li:fs_miniCompany:2760502\">Daetwyler<\/span><\/a>, <a id=\"ember1889\" class=\"tap-target feed-shared-text-view__mention ember-view\" href=\"https:\/\/www.linkedin.com\/company\/163683\/\" target=\"_self\" rel=\"noopener\"><span data-entity-hovercard-id=\"urn:li:fs_miniCompany:163683\">Esko<\/span><\/a>, <a id=\"ember1895\" class=\"tap-target feed-shared-text-view__mention ember-view\" href=\"https:\/\/www.linkedin.com\/company\/166194\/\" target=\"_self\" rel=\"noopener\"><span data-entity-hovercard-id=\"urn:li:fs_miniCompany:166194\">Sun Chemical<\/span><\/a>, <a href=\"https:\/\/www.ebeam.com\/\">ESI<\/a> e <a href=\"http:\/\/alltechbrasil.ind.br\/Alltech\/index.php\">Alltech<\/a>. <\/span><\/p>\n<p><span aria-hidden=\"false\">Al\u00e9m do staff do CTec da Comexi o evento teve a participa\u00e7\u00e3o do CEO da empresa Catal\u00e3 Sr. Jeroen Van der Meer. <\/span><\/p>\n<p>Ao final do evento, uma mesa redonda com a participa\u00e7\u00e3o de especialistas do CTec Comexi, a convertedora de flexografia <a href=\"http:\/\/www.totalflex.ind.br\/\">Totalflex<\/a> e a <a href=\"https:\/\/projetopack.com.br\">ProjetoPack<\/a> discutiu, em alto n\u00edvel, os desafios na implanta\u00e7\u00e3o da gama expandida em flexografia, seus benef\u00edcios econ\u00f4micos e tend\u00eancias na ado\u00e7\u00e3o desta metodologia para o Brasil.<\/p>\n<blockquote><p>Estamos muito honrados com o convite da Comexi em participar de um evento t\u00e3o importante, t\u00e9cnico e com uma audi\u00eancia t\u00e3o qualificada, com o objetivo de discutir tecnicamente uma das maiores tend\u00eancias da flexografia mundial &#8211; a ado\u00e7\u00e3o da paleta fixa de cores com a gama expandida&#8221;, comenta Aislan Baer, diretor da ProjetoPack &amp; Associados.<\/p><\/blockquote>\n<p><span aria-hidden=\"false\">A Comexi aposta forte no conhecimento e na evolu\u00e7\u00e3o do setor de convers\u00e3o de embalagens flex\u00edveis, eventos como este demonstram o interesse do grupo pelo mercado brasileiro e confirma a grande aposta de seus propriet\u00e1rios na retomada econ\u00f4mica que o Brasil esta vivendo.<br \/>\n<\/span><\/p>\n<p><span aria-hidden=\"false\">A empresa \u00e9 uma das clientes da ProjetoPack em Revista e compartilha a vis\u00e3o da ProjetoPack de que, mediante a\u00e7\u00f5es de treinamento, assessoria t\u00e9cnica e informa\u00e7\u00e3o aos clientes, \u00e9 poss\u00edvel agregar valor ao segmento flexogr\u00e1fico e de convers\u00e3o, de forma geral, beneficiando toda a cadeia.<br \/>\n<\/span><\/p>\n<p><a href=\"https:\/\/projetopack.com.br\/wp-content\/uploads\/2018\/11\/fb9dadc2-eea0-4169-b34d-29a4c6b14c0d-original.png\"><img fetchpriority=\"high\" decoding=\"async\" class=\"aligncenter size-full wp-image-3602\" src=\"https:\/\/projetopack.com.br\/wp-content\/uploads\/2018\/11\/fb9dadc2-eea0-4169-b34d-29a4c6b14c0d-original.png\" alt=\"\" width=\"1524\" height=\"857\" srcset=\"https:\/\/projetopack.com.br\/wp-content\/uploads\/2018\/11\/fb9dadc2-eea0-4169-b34d-29a4c6b14c0d-original.png 1524w, https:\/\/projetopack.com.br\/wp-content\/uploads\/2018\/11\/fb9dadc2-eea0-4169-b34d-29a4c6b14c0d-original-300x169.png 300w, https:\/\/projetopack.com.br\/wp-content\/uploads\/2018\/11\/fb9dadc2-eea0-4169-b34d-29a4c6b14c0d-original-600x337.png 600w, https:\/\/projetopack.com.br\/wp-content\/uploads\/2018\/11\/fb9dadc2-eea0-4169-b34d-29a4c6b14c0d-original-768x432.png 768w, https:\/\/projetopack.com.br\/wp-content\/uploads\/2018\/11\/fb9dadc2-eea0-4169-b34d-29a4c6b14c0d-original-1024x576.png 1024w\" sizes=\"(max-width: 1524px) 100vw, 1524px\" \/><\/a>Apresenta\u00e7\u00e3o de Andr\u00e9 Perez, gerente comercial da Comexi do Brasil, acerca dos desafios da ind\u00fastria flexogr\u00e1fica.<\/p>","protected":false},"excerpt":{"rendered":"<p>Comexi trouxe ao Brasil o Semin\u00e1rio Global de Solu\u00e7\u00f5es para o Mercado de Embalagens Flex\u00edveis A Comexi do Brasil, no \u00fatimo dia 08 de Novembro realizou no Hotel Holliday Inn em S\u00e3o Paulo, edi\u00e7\u00e3o de seu Semin\u00e1rio Global de Solu\u00e7\u00f5es para o Mercado de Embalagens Flex\u00edveis. O evento foi alavancado pelo Centro Tecnol\u00f3gico Manel Xifra [&hellip;]<\/p>\n","protected":false},"author":2,"featured_media":0,"comment_status":"closed","ping_status":"closed","sticky":false,"template":"","format":"standard","meta":{"footnotes":""},"categories":[877],"tags":[43,111,165,166,167],"class_list":["post-3601","post","type-post","status-publish","format-standard","hentry","category-arquivo","tag-comexi","tag-flexografia","tag-gama-expandida","tag-impressora-flexo","tag-seminario-comexi"],"yoast_head":"<!-- This site is optimized with the Yoast SEO Premium plugin v27.1 (Yoast SEO v27.1.1) - https:\/\/yoast.com\/product\/yoast-seo-premium-wordpress\/ -->\n<title>Comexi realizou seu semin\u00e1rio global de solu\u00e7\u00f5es em flex\u00edveis no Brasil - ProjetoPack<\/title>\n<meta name=\"description\" content=\"A Comexi do Brasil, no \u00faltimo dia 08 de Novembro, realizou em S\u00e3o Paulo seu Semin\u00e1rio Global de Solu\u00e7\u00f5es para o Mercado de Embalagens Flex\u00edveis, com a participa\u00e7\u00e3o da ProjetoPack &amp; Associados. Saiba mais sobre o que foi discutido por l\u00e1.\" \/>\n<meta name=\"robots\" content=\"index, follow, max-snippet:-1, max-image-preview:large, max-video-preview:-1\" \/>\n<link rel=\"canonical\" href=\"https:\/\/projetopack.com.br\/en\/comexi-do-brasil-realizou-seu-seminario-global-de-solucoes-no-brasil\/\" \/>\n<meta property=\"og:locale\" content=\"en_US\" \/>\n<meta property=\"og:type\" content=\"article\" \/>\n<meta property=\"og:title\" content=\"Comexi realizou seu semin\u00e1rio global de solu\u00e7\u00f5es em flex\u00edveis no Brasil\" \/>\n<meta property=\"og:description\" content=\"A Comexi do Brasil, no \u00faltimo dia 08 de Novembro, realizou em S\u00e3o Paulo seu Semin\u00e1rio Global de Solu\u00e7\u00f5es para o Mercado de Embalagens Flex\u00edveis, com a participa\u00e7\u00e3o da ProjetoPack &amp; Associados. Saiba mais sobre o que foi discutido por l\u00e1.\" \/>\n<meta property=\"og:url\" content=\"https:\/\/projetopack.com.br\/en\/comexi-do-brasil-realizou-seu-seminario-global-de-solucoes-no-brasil\/\" \/>\n<meta property=\"og:site_name\" content=\"ProjetoPack\" \/>\n<meta property=\"article:published_time\" content=\"2018-11-14T11:24:49+00:00\" \/>\n<meta property=\"article:modified_time\" content=\"2021-09-11T18:12:35+00:00\" \/>\n<meta property=\"og:image\" content=\"https:\/\/projetopack.com.br\/wp-content\/uploads\/2018\/11\/fb9dadc2-eea0-4169-b34d-29a4c6b14c0d-original.png\" \/>\n<meta name=\"author\" content=\"Aislan Baer\" \/>\n<meta name=\"twitter:card\" content=\"summary_large_image\" \/>\n<meta name=\"twitter:creator\" content=\"@ProjetoPack\" \/>\n<meta name=\"twitter:site\" content=\"@ProjetoPack\" \/>\n<meta name=\"twitter:label1\" content=\"Written by\" \/>\n\t<meta name=\"twitter:data1\" content=\"Aislan Baer\" \/>\n\t<meta name=\"twitter:label2\" content=\"Est. reading time\" \/>\n\t<meta name=\"twitter:data2\" content=\"2 minutes\" \/>\n<script type=\"application\/ld+json\" class=\"yoast-schema-graph\">{\"@context\":\"https:\/\/schema.org\",\"@graph\":[{\"@type\":\"Article\",\"@id\":\"https:\/\/projetopack.com.br\/en\/comexi-do-brasil-realizou-seu-seminario-global-de-solucoes-no-brasil\/#article\",\"isPartOf\":{\"@id\":\"https:\/\/projetopack.com.br\/en\/comexi-do-brasil-realizou-seu-seminario-global-de-solucoes-no-brasil\/\"},\"author\":{\"name\":\"Aislan Baer\",\"@id\":\"https:\/\/projetopack.com.br\/#\/schema\/person\/87cbd7d1e244880886d457815ebd2490\"},\"headline\":\"Comexi realizou seu semin\u00e1rio global de solu\u00e7\u00f5es em flex\u00edveis no Brasil\",\"datePublished\":\"2018-11-14T11:24:49+00:00\",\"dateModified\":\"2021-09-11T18:12:35+00:00\",\"mainEntityOfPage\":{\"@id\":\"https:\/\/projetopack.com.br\/en\/comexi-do-brasil-realizou-seu-seminario-global-de-solucoes-no-brasil\/\"},\"wordCount\":395,\"publisher\":{\"@id\":\"https:\/\/projetopack.com.br\/#organization\"},\"image\":{\"@id\":\"https:\/\/projetopack.com.br\/en\/comexi-do-brasil-realizou-seu-seminario-global-de-solucoes-no-brasil\/#primaryimage\"},\"thumbnailUrl\":\"https:\/\/projetopack.com.br\/wp-content\/uploads\/2018\/11\/fb9dadc2-eea0-4169-b34d-29a4c6b14c0d-original.png\",\"keywords\":[\"Comexi\",\"flexografia\",\"gama expandida\",\"impressora flexo\",\"semin\u00e1rio comexi\"],\"articleSection\":[\"Arquivo\"],\"inLanguage\":\"en-US\"},{\"@type\":\"WebPage\",\"@id\":\"https:\/\/projetopack.com.br\/en\/comexi-do-brasil-realizou-seu-seminario-global-de-solucoes-no-brasil\/\",\"url\":\"https:\/\/projetopack.com.br\/en\/comexi-do-brasil-realizou-seu-seminario-global-de-solucoes-no-brasil\/\",\"name\":\"Comexi realizou seu semin\u00e1rio global de solu\u00e7\u00f5es em flex\u00edveis no Brasil - ProjetoPack\",\"isPartOf\":{\"@id\":\"https:\/\/projetopack.com.br\/#website\"},\"primaryImageOfPage\":{\"@id\":\"https:\/\/projetopack.com.br\/en\/comexi-do-brasil-realizou-seu-seminario-global-de-solucoes-no-brasil\/#primaryimage\"},\"image\":{\"@id\":\"https:\/\/projetopack.com.br\/en\/comexi-do-brasil-realizou-seu-seminario-global-de-solucoes-no-brasil\/#primaryimage\"},\"thumbnailUrl\":\"https:\/\/projetopack.com.br\/wp-content\/uploads\/2018\/11\/fb9dadc2-eea0-4169-b34d-29a4c6b14c0d-original.png\",\"datePublished\":\"2018-11-14T11:24:49+00:00\",\"dateModified\":\"2021-09-11T18:12:35+00:00\",\"description\":\"A Comexi do Brasil, no \u00faltimo dia 08 de Novembro, realizou em S\u00e3o Paulo seu Semin\u00e1rio Global de Solu\u00e7\u00f5es para o Mercado de Embalagens Flex\u00edveis, com a participa\u00e7\u00e3o da ProjetoPack & Associados. Saiba mais sobre o que foi discutido por l\u00e1.\",\"breadcrumb\":{\"@id\":\"https:\/\/projetopack.com.br\/en\/comexi-do-brasil-realizou-seu-seminario-global-de-solucoes-no-brasil\/#breadcrumb\"},\"inLanguage\":\"en-US\",\"potentialAction\":[{\"@type\":\"ReadAction\",\"target\":[\"https:\/\/projetopack.com.br\/en\/comexi-do-brasil-realizou-seu-seminario-global-de-solucoes-no-brasil\/\"]}]},{\"@type\":\"ImageObject\",\"inLanguage\":\"en-US\",\"@id\":\"https:\/\/projetopack.com.br\/en\/comexi-do-brasil-realizou-seu-seminario-global-de-solucoes-no-brasil\/#primaryimage\",\"url\":\"https:\/\/projetopack.com.br\/wp-content\/uploads\/2018\/11\/fb9dadc2-eea0-4169-b34d-29a4c6b14c0d-original.png\",\"contentUrl\":\"https:\/\/projetopack.com.br\/wp-content\/uploads\/2018\/11\/fb9dadc2-eea0-4169-b34d-29a4c6b14c0d-original.png\"},{\"@type\":\"BreadcrumbList\",\"@id\":\"https:\/\/projetopack.com.br\/en\/comexi-do-brasil-realizou-seu-seminario-global-de-solucoes-no-brasil\/#breadcrumb\",\"itemListElement\":[{\"@type\":\"ListItem\",\"position\":1,\"name\":\"P\u00e1gina Inicial\",\"item\":\"https:\/\/projetopack.com.br\/\"},{\"@type\":\"ListItem\",\"position\":2,\"name\":\"Arquivo\",\"item\":\"https:\/\/projetopack.com.br\/en\/category\/arquivo\/\"},{\"@type\":\"ListItem\",\"position\":3,\"name\":\"Comexi realizou seu semin\u00e1rio global de solu\u00e7\u00f5es em flex\u00edveis no Brasil\"}]},{\"@type\":\"WebSite\",\"@id\":\"https:\/\/projetopack.com.br\/#website\",\"url\":\"https:\/\/projetopack.com.br\/\",\"name\":\"ProjetoPack\",\"description\":\"Consultoria e servi\u00e7os para embalagens, r\u00f3tulos, etiquetas e processos de impress\u00e3o\",\"publisher\":{\"@id\":\"https:\/\/projetopack.com.br\/#organization\"},\"potentialAction\":[{\"@type\":\"SearchAction\",\"target\":{\"@type\":\"EntryPoint\",\"urlTemplate\":\"https:\/\/projetopack.com.br\/?s={search_term_string}\"},\"query-input\":{\"@type\":\"PropertyValueSpecification\",\"valueRequired\":true,\"valueName\":\"search_term_string\"}}],\"inLanguage\":\"en-US\"},{\"@type\":\"Organization\",\"@id\":\"https:\/\/projetopack.com.br\/#organization\",\"name\":\"ProjetoPack & Associados\",\"url\":\"https:\/\/projetopack.com.br\/\",\"logo\":{\"@type\":\"ImageObject\",\"inLanguage\":\"en-US\",\"@id\":\"https:\/\/projetopack.com.br\/#\/schema\/logo\/image\/\",\"url\":\"https:\/\/projetopack.com.br\/wp-content\/uploads\/2020\/09\/projetopack.png\",\"contentUrl\":\"https:\/\/projetopack.com.br\/wp-content\/uploads\/2020\/09\/projetopack.png\",\"width\":200,\"height\":200,\"caption\":\"ProjetoPack & Associados\"},\"image\":{\"@id\":\"https:\/\/projetopack.com.br\/#\/schema\/logo\/image\/\"},\"sameAs\":[\"https:\/\/x.com\/ProjetoPack\",\"https:\/\/www.linkedin.com\/company\/projetopack\/\"]},{\"@type\":\"Person\",\"@id\":\"https:\/\/projetopack.com.br\/#\/schema\/person\/87cbd7d1e244880886d457815ebd2490\",\"name\":\"Aislan Baer\",\"image\":{\"@type\":\"ImageObject\",\"inLanguage\":\"en-US\",\"@id\":\"https:\/\/projetopack.com.br\/#\/schema\/person\/image\/\",\"url\":\"https:\/\/projetopack.com.br\/wp-content\/uploads\/2021\/08\/Aislan-Busto-p-100x100.jpg\",\"contentUrl\":\"https:\/\/projetopack.com.br\/wp-content\/uploads\/2021\/08\/Aislan-Busto-p-100x100.jpg\",\"caption\":\"Aislan Baer\"},\"description\":\"Desde os \u00faltimos 20 anos, meu time e eu ajudamos mais de 300 empresas brasileiras e estrangeiras (algumas delas, l\u00edderes mundiais) a produzir embalagens flex\u00edveis e r\u00f3tulos com maior efici\u00eancia, menores custos e maior apelo visual, bem como centenas de donos de marcas a comprar suas embalagens flex\u00edveis e material impresso com um crit\u00e9rio mais t\u00e9cnico e assertivo. Ao mesmo tempo, gra\u00e7as \u00e0 nossa consultoria, muitas destas empresas melhoraram significativamente o seu processo de Impress\u00e3o (Impress\u00e3o de embalagens, Impress\u00e3o industrial, Impress\u00e3o funcional e, mais recentemente, bio impress\u00e3o e manufatura aditiva ou simplesmente Impress\u00e3o 3D). Se a sua empresa tem um problema relacionado a embalagens flex\u00edveis, r\u00f3tulos ou Impress\u00e3o, por mais insol\u00favel que lhe pare\u00e7a, aguardamos ansiosos a sua liga\u00e7\u00e3o ou e-mail. Este \u00e9 nosso trabalho e tamb\u00e9m a nossa paix\u00e3o.\",\"sameAs\":[\"http:\/\/www.projetopack.com\",\"https:\/\/www.linkedin.com\/in\/aislanbaer\/\"],\"jobTitle\":\"CEO @ ProjetoPack | L\u00edder em M&A no Setor de Impress\u00e3o e Embalagens no Brasil | Cofundador da Inovagraf e Neuraflow | Especialista em Inova\u00e7\u00e3o com IA na Impress\u00e3o | Printing Legacy Initiative | Empreendedor Serial\",\"url\":\"https:\/\/projetopack.com.br\/en\/author\/aislan\/\"}]}<\/script>\n<!-- \/ Yoast SEO Premium plugin. -->","yoast_head_json":{"title":"Comexi realizou seu semin\u00e1rio global de solu\u00e7\u00f5es em flex\u00edveis no Brasil - ProjetoPack","description":"A Comexi do Brasil, no \u00faltimo dia 08 de Novembro, realizou em S\u00e3o Paulo seu Semin\u00e1rio Global de Solu\u00e7\u00f5es para o Mercado de Embalagens Flex\u00edveis, com a participa\u00e7\u00e3o da ProjetoPack & Associados. Saiba mais sobre o que foi discutido por l\u00e1.","robots":{"index":"index","follow":"follow","max-snippet":"max-snippet:-1","max-image-preview":"max-image-preview:large","max-video-preview":"max-video-preview:-1"},"canonical":"https:\/\/projetopack.com.br\/en\/comexi-do-brasil-realizou-seu-seminario-global-de-solucoes-no-brasil\/","og_locale":"en_US","og_type":"article","og_title":"Comexi realizou seu semin\u00e1rio global de solu\u00e7\u00f5es em flex\u00edveis no Brasil","og_description":"A Comexi do Brasil, no \u00faltimo dia 08 de Novembro, realizou em S\u00e3o Paulo seu Semin\u00e1rio Global de Solu\u00e7\u00f5es para o Mercado de Embalagens Flex\u00edveis, com a participa\u00e7\u00e3o da ProjetoPack & Associados. Saiba mais sobre o que foi discutido por l\u00e1.","og_url":"https:\/\/projetopack.com.br\/en\/comexi-do-brasil-realizou-seu-seminario-global-de-solucoes-no-brasil\/","og_site_name":"ProjetoPack","article_published_time":"2018-11-14T11:24:49+00:00","article_modified_time":"2021-09-11T18:12:35+00:00","og_image":[{"url":"https:\/\/projetopack.com.br\/wp-content\/uploads\/2018\/11\/fb9dadc2-eea0-4169-b34d-29a4c6b14c0d-original.png","type":"","width":"","height":""}],"author":"Aislan Baer","twitter_card":"summary_large_image","twitter_creator":"@ProjetoPack","twitter_site":"@ProjetoPack","twitter_misc":{"Written by":"Aislan Baer","Est. reading time":"2 minutes"},"schema":{"@context":"https:\/\/schema.org","@graph":[{"@type":"Article","@id":"https:\/\/projetopack.com.br\/en\/comexi-do-brasil-realizou-seu-seminario-global-de-solucoes-no-brasil\/#article","isPartOf":{"@id":"https:\/\/projetopack.com.br\/en\/comexi-do-brasil-realizou-seu-seminario-global-de-solucoes-no-brasil\/"},"author":{"name":"Aislan Baer","@id":"https:\/\/projetopack.com.br\/#\/schema\/person\/87cbd7d1e244880886d457815ebd2490"},"headline":"Comexi realizou seu semin\u00e1rio global de solu\u00e7\u00f5es em flex\u00edveis no Brasil","datePublished":"2018-11-14T11:24:49+00:00","dateModified":"2021-09-11T18:12:35+00:00","mainEntityOfPage":{"@id":"https:\/\/projetopack.com.br\/en\/comexi-do-brasil-realizou-seu-seminario-global-de-solucoes-no-brasil\/"},"wordCount":395,"publisher":{"@id":"https:\/\/projetopack.com.br\/#organization"},"image":{"@id":"https:\/\/projetopack.com.br\/en\/comexi-do-brasil-realizou-seu-seminario-global-de-solucoes-no-brasil\/#primaryimage"},"thumbnailUrl":"https:\/\/projetopack.com.br\/wp-content\/uploads\/2018\/11\/fb9dadc2-eea0-4169-b34d-29a4c6b14c0d-original.png","keywords":["Comexi","flexografia","gama expandida","impressora flexo","semin\u00e1rio comexi"],"articleSection":["Arquivo"],"inLanguage":"en-US"},{"@type":"WebPage","@id":"https:\/\/projetopack.com.br\/en\/comexi-do-brasil-realizou-seu-seminario-global-de-solucoes-no-brasil\/","url":"https:\/\/projetopack.com.br\/en\/comexi-do-brasil-realizou-seu-seminario-global-de-solucoes-no-brasil\/","name":"Comexi realizou seu semin\u00e1rio global de solu\u00e7\u00f5es em flex\u00edveis no Brasil - ProjetoPack","isPartOf":{"@id":"https:\/\/projetopack.com.br\/#website"},"primaryImageOfPage":{"@id":"https:\/\/projetopack.com.br\/en\/comexi-do-brasil-realizou-seu-seminario-global-de-solucoes-no-brasil\/#primaryimage"},"image":{"@id":"https:\/\/projetopack.com.br\/en\/comexi-do-brasil-realizou-seu-seminario-global-de-solucoes-no-brasil\/#primaryimage"},"thumbnailUrl":"https:\/\/projetopack.com.br\/wp-content\/uploads\/2018\/11\/fb9dadc2-eea0-4169-b34d-29a4c6b14c0d-original.png","datePublished":"2018-11-14T11:24:49+00:00","dateModified":"2021-09-11T18:12:35+00:00","description":"A Comexi do Brasil, no \u00faltimo dia 08 de Novembro, realizou em S\u00e3o Paulo seu Semin\u00e1rio Global de Solu\u00e7\u00f5es para o Mercado de Embalagens Flex\u00edveis, com a participa\u00e7\u00e3o da ProjetoPack & Associados. Saiba mais sobre o que foi discutido por l\u00e1.","breadcrumb":{"@id":"https:\/\/projetopack.com.br\/en\/comexi-do-brasil-realizou-seu-seminario-global-de-solucoes-no-brasil\/#breadcrumb"},"inLanguage":"en-US","potentialAction":[{"@type":"ReadAction","target":["https:\/\/projetopack.com.br\/en\/comexi-do-brasil-realizou-seu-seminario-global-de-solucoes-no-brasil\/"]}]},{"@type":"ImageObject","inLanguage":"en-US","@id":"https:\/\/projetopack.com.br\/en\/comexi-do-brasil-realizou-seu-seminario-global-de-solucoes-no-brasil\/#primaryimage","url":"https:\/\/projetopack.com.br\/wp-content\/uploads\/2018\/11\/fb9dadc2-eea0-4169-b34d-29a4c6b14c0d-original.png","contentUrl":"https:\/\/projetopack.com.br\/wp-content\/uploads\/2018\/11\/fb9dadc2-eea0-4169-b34d-29a4c6b14c0d-original.png"},{"@type":"BreadcrumbList","@id":"https:\/\/projetopack.com.br\/en\/comexi-do-brasil-realizou-seu-seminario-global-de-solucoes-no-brasil\/#breadcrumb","itemListElement":[{"@type":"ListItem","position":1,"name":"P\u00e1gina Inicial","item":"https:\/\/projetopack.com.br\/"},{"@type":"ListItem","position":2,"name":"Arquivo","item":"https:\/\/projetopack.com.br\/en\/category\/arquivo\/"},{"@type":"ListItem","position":3,"name":"Comexi realizou seu semin\u00e1rio global de solu\u00e7\u00f5es em flex\u00edveis no Brasil"}]},{"@type":"WebSite","@id":"https:\/\/projetopack.com.br\/#website","url":"https:\/\/projetopack.com.br\/","name":"ProjetoPack","description":"Consultoria e servi\u00e7os para embalagens, r\u00f3tulos, etiquetas e processos de impress\u00e3o","publisher":{"@id":"https:\/\/projetopack.com.br\/#organization"},"potentialAction":[{"@type":"SearchAction","target":{"@type":"EntryPoint","urlTemplate":"https:\/\/projetopack.com.br\/?s={search_term_string}"},"query-input":{"@type":"PropertyValueSpecification","valueRequired":true,"valueName":"search_term_string"}}],"inLanguage":"en-US"},{"@type":"Organization","@id":"https:\/\/projetopack.com.br\/#organization","name":"ProjetoPack & Associados","url":"https:\/\/projetopack.com.br\/","logo":{"@type":"ImageObject","inLanguage":"en-US","@id":"https:\/\/projetopack.com.br\/#\/schema\/logo\/image\/","url":"https:\/\/projetopack.com.br\/wp-content\/uploads\/2020\/09\/projetopack.png","contentUrl":"https:\/\/projetopack.com.br\/wp-content\/uploads\/2020\/09\/projetopack.png","width":200,"height":200,"caption":"ProjetoPack & Associados"},"image":{"@id":"https:\/\/projetopack.com.br\/#\/schema\/logo\/image\/"},"sameAs":["https:\/\/x.com\/ProjetoPack","https:\/\/www.linkedin.com\/company\/projetopack\/"]},{"@type":"Person","@id":"https:\/\/projetopack.com.br\/#\/schema\/person\/87cbd7d1e244880886d457815ebd2490","name":"Aislan Baer","image":{"@type":"ImageObject","inLanguage":"en-US","@id":"https:\/\/projetopack.com.br\/#\/schema\/person\/image\/","url":"https:\/\/projetopack.com.br\/wp-content\/uploads\/2021\/08\/Aislan-Busto-p-100x100.jpg","contentUrl":"https:\/\/projetopack.com.br\/wp-content\/uploads\/2021\/08\/Aislan-Busto-p-100x100.jpg","caption":"Aislan Baer"},"description":"Desde os \u00faltimos 20 anos, meu time e eu ajudamos mais de 300 empresas brasileiras e estrangeiras (algumas delas, l\u00edderes mundiais) a produzir embalagens flex\u00edveis e r\u00f3tulos com maior efici\u00eancia, menores custos e maior apelo visual, bem como centenas de donos de marcas a comprar suas embalagens flex\u00edveis e material impresso com um crit\u00e9rio mais t\u00e9cnico e assertivo. Ao mesmo tempo, gra\u00e7as \u00e0 nossa consultoria, muitas destas empresas melhoraram significativamente o seu processo de Impress\u00e3o (Impress\u00e3o de embalagens, Impress\u00e3o industrial, Impress\u00e3o funcional e, mais recentemente, bio impress\u00e3o e manufatura aditiva ou simplesmente Impress\u00e3o 3D). Se a sua empresa tem um problema relacionado a embalagens flex\u00edveis, r\u00f3tulos ou Impress\u00e3o, por mais insol\u00favel que lhe pare\u00e7a, aguardamos ansiosos a sua liga\u00e7\u00e3o ou e-mail. Este \u00e9 nosso trabalho e tamb\u00e9m a nossa paix\u00e3o.","sameAs":["http:\/\/www.projetopack.com","https:\/\/www.linkedin.com\/in\/aislanbaer\/"],"jobTitle":"CEO @ ProjetoPack | L\u00edder em M&A no Setor de Impress\u00e3o e Embalagens no Brasil | Cofundador da Inovagraf e Neuraflow | Especialista em Inova\u00e7\u00e3o com IA na Impress\u00e3o | Printing Legacy Initiative | Empreendedor Serial","url":"https:\/\/projetopack.com.br\/en\/author\/aislan\/"}]}},"_links":{"self":[{"href":"https:\/\/projetopack.com.br\/en\/wp-json\/wp\/v2\/posts\/3601","targetHints":{"allow":["GET"]}}],"collection":[{"href":"https:\/\/projetopack.com.br\/en\/wp-json\/wp\/v2\/posts"}],"about":[{"href":"https:\/\/projetopack.com.br\/en\/wp-json\/wp\/v2\/types\/post"}],"author":[{"embeddable":true,"href":"https:\/\/projetopack.com.br\/en\/wp-json\/wp\/v2\/users\/2"}],"replies":[{"embeddable":true,"href":"https:\/\/projetopack.com.br\/en\/wp-json\/wp\/v2\/comments?post=3601"}],"version-history":[{"count":0,"href":"https:\/\/projetopack.com.br\/en\/wp-json\/wp\/v2\/posts\/3601\/revisions"}],"wp:attachment":[{"href":"https:\/\/projetopack.com.br\/en\/wp-json\/wp\/v2\/media?parent=3601"}],"wp:term":[{"taxonomy":"category","embeddable":true,"href":"https:\/\/projetopack.com.br\/en\/wp-json\/wp\/v2\/categories?post=3601"},{"taxonomy":"post_tag","embeddable":true,"href":"https:\/\/projetopack.com.br\/en\/wp-json\/wp\/v2\/tags?post=3601"}],"curies":[{"name":"wp","href":"https:\/\/api.w.org\/{rel}","templated":true}]}}