{"id":3613,"date":"2018-11-19T18:07:25","date_gmt":"2018-11-19T20:07:25","guid":{"rendered":"https:\/\/www.projetopack.com.br\/2020\/?p=3613"},"modified":"2021-09-11T15:15:17","modified_gmt":"2021-09-11T18:15:17","slug":"esko-aponta-mattias-bystrom-para-suceder-udo-panenka-como-presidente","status":"publish","type":"post","link":"https:\/\/projetopack.com.br\/en\/esko-aponta-mattias-bystrom-para-suceder-udo-panenka-como-presidente\/","title":{"rendered":"Esko aponta Mattias Bystr\u00f6m para suceder Udo Panenka como Presidente"},"content":{"rendered":"<p>A Esko anunciou, na semana passada, Mattias Bystr\u00f6m como novo Presidente da empresa a partir de 1<u><sup>0<\/sup><\/u> de Janeiro de 2019. Bystr\u00f6m suceder\u00e1 Udo Panenka, que deixa a empresa em busca de novos desafios.<\/p>\n<p>\u201cAgradecemos a Udo por seus excelentes servi\u00e7os na Danaher nos \u00faltimos 10 anos, incluindo sua lideran\u00e7a na Esko desde 2015,\u201d afirmou Joakim Weidemanis, Vice-Presidente Executivo da Danaher, grupo ao qual a Esko pertence. \u201cSob a lideran\u00e7a de Udo, a Esko reposicionou o neg\u00f3cio de produ\u00e7\u00e3o de chapas flexogr\u00e1ficas a partir de inova\u00e7\u00e3o e mudou a empresa para a nova planta em Itzehoe. Udo tamb\u00e9m construiu a \u00e1rea da Esko de atendimento a <em>brand owners<\/em>, al\u00e9m de capitanear as aquisi\u00e7\u00f5es da MediaBeacon e da BLUE, e iniciar a migra\u00e7\u00e3o do <em>software<\/em> da Esko para o sistema <em>software-as-a-service<\/em> (SaaS).\u201d<\/p>\n<p>Mattias Bystr\u00f6m traz consigo mais de 20 anos de experi\u00eancia em gerenciamento geral. Mais recentemente ele foi CEO da FlexLink, uma empresa global de solu\u00e7\u00f5es em automa\u00e7\u00e3o, avaliada em US$ 300 milh\u00f5es, sediada em Gothenburg, Su\u00e9cia. Bystr\u00f6m atuou por oito anos na Danaher em diferentes \u00e1reas de lideran\u00e7a da Danaher Motion. A experi\u00eancia incluiu a lideran\u00e7a do neg\u00f3cio Automated Guided Vehicle, inicalmente uma empresa de <em>software<\/em>. No in\u00edcio de sua carreira, Bystr\u00f6m foi co-fundador de duas <em>start-ups<\/em> da \u00e1rea de digital.<\/p>\n<p>\u201cCom seu <em>background<\/em> \u00fanico em gerenciamento e tecnologia, Mattias \u00e9 ideal para liderar a Esko neste momento. Estou feliz em dar-lhe as boas-vindas \u00e0 Danaher e empolgado em nome\u00e1-lo para liderar um neg\u00f3cio t\u00e3o importante que est\u00e1 simplificando a cadeia de valor de embalagem,\u201d completa Weidemanis.Como parte de suas novas atribui\u00e7\u00f5es, Mattias Bystr\u00f6m explica, \u201cA Esko tem um potencial incr\u00edvel j\u00e1 que digitaliza\u00e7\u00e3o, automa\u00e7\u00e3o e conectividade vem ganhando muito espa\u00e7o na ind\u00fastria de embalagem nos \u00faltimos anos. Minha prioridade \u00e9 garantir que a Esko entregue mais inova\u00e7\u00e3o, agregando ainda mais valor ao neg\u00f3cios de nossos clientes.\u201d<\/p>\n<h6>Fonte:<\/h6>\n<h6>Liliam Benzi<\/h6>\n<h6>LDB Comunica\u00e7\u00e3o Empresarial<\/h6>\n<h6>Tel: +55 11 99989-1597<\/h6>","protected":false},"excerpt":{"rendered":"<p>A Esko anunciou, na semana passada, Mattias Bystr\u00f6m como novo Presidente da empresa a partir de 10 de Janeiro de 2019. Bystr\u00f6m suceder\u00e1 Udo Panenka, que deixa a empresa em busca de novos desafios.[&#8230;]<\/p>\n","protected":false},"author":18,"featured_media":0,"comment_status":"closed","ping_status":"closed","sticky":false,"template":"","format":"standard","meta":{"footnotes":""},"categories":[877,1],"tags":[],"class_list":["post-3613","post","type-post","status-publish","format-standard","hentry","category-arquivo","category-outros"],"yoast_head":"<!-- This site is optimized with the Yoast SEO Premium plugin v27.1 (Yoast SEO v27.1.1) - https:\/\/yoast.com\/product\/yoast-seo-premium-wordpress\/ -->\n<title>Esko aponta Mattias Bystr\u00f6m para suceder Udo Panenka como Presidente<\/title>\n<meta name=\"description\" content=\"A Esko anunciou, na semana passada, Mattias Bystr\u00f6m como novo Presidente da empresa a partir de 10 de Janeiro de 2019. Bystr\u00f6m suceder\u00e1 Udo Panenka, que deixa a empresa em busca de novos desafios.\" \/>\n<meta name=\"robots\" content=\"index, follow, max-snippet:-1, max-image-preview:large, max-video-preview:-1\" \/>\n<link rel=\"canonical\" href=\"https:\/\/projetopack.com.br\/en\/esko-aponta-mattias-bystrom-para-suceder-udo-panenka-como-presidente\/\" \/>\n<meta property=\"og:locale\" content=\"en_US\" \/>\n<meta property=\"og:type\" content=\"article\" \/>\n<meta property=\"og:title\" content=\"Esko aponta Mattias Bystr\u00f6m para suceder Udo Panenka como Presidente\" \/>\n<meta property=\"og:description\" content=\"A Esko anunciou, na semana passada, Mattias Bystr\u00f6m como novo Presidente da empresa a partir de 10 de Janeiro de 2019. Bystr\u00f6m suceder\u00e1 Udo Panenka, que deixa a empresa em busca de novos desafios.\" \/>\n<meta property=\"og:url\" content=\"https:\/\/projetopack.com.br\/en\/esko-aponta-mattias-bystrom-para-suceder-udo-panenka-como-presidente\/\" \/>\n<meta property=\"og:site_name\" content=\"ProjetoPack\" \/>\n<meta property=\"article:published_time\" content=\"2018-11-19T20:07:25+00:00\" \/>\n<meta property=\"article:modified_time\" content=\"2021-09-11T18:15:17+00:00\" \/>\n<meta property=\"og:image\" content=\"https:\/\/projetopack.com.br\/wp-content\/uploads\/2020\/06\/Capa-1200x630-1.png\" \/>\n\t<meta property=\"og:image:width\" content=\"1200\" \/>\n\t<meta property=\"og:image:height\" content=\"630\" \/>\n\t<meta property=\"og:image:type\" content=\"image\/png\" \/>\n<meta name=\"author\" content=\"Andrea\" \/>\n<meta name=\"twitter:card\" content=\"summary_large_image\" \/>\n<meta name=\"twitter:creator\" content=\"@ProjetoPack\" \/>\n<meta name=\"twitter:site\" content=\"@ProjetoPack\" \/>\n<meta name=\"twitter:label1\" content=\"Written by\" \/>\n\t<meta name=\"twitter:data1\" content=\"Andrea\" \/>\n\t<meta name=\"twitter:label2\" content=\"Est. reading time\" \/>\n\t<meta name=\"twitter:data2\" content=\"2 minutes\" \/>\n<script type=\"application\/ld+json\" class=\"yoast-schema-graph\">{\"@context\":\"https:\/\/schema.org\",\"@graph\":[{\"@type\":\"Article\",\"@id\":\"https:\/\/projetopack.com.br\/esko-aponta-mattias-bystrom-para-suceder-udo-panenka-como-presidente\/#article\",\"isPartOf\":{\"@id\":\"https:\/\/projetopack.com.br\/esko-aponta-mattias-bystrom-para-suceder-udo-panenka-como-presidente\/\"},\"author\":{\"name\":\"Andrea\",\"@id\":\"https:\/\/projetopack.com.br\/#\/schema\/person\/d17c72a4bc2b7e461496dd8a14d4cef1\"},\"headline\":\"Esko aponta Mattias Bystr\u00f6m para suceder Udo Panenka como Presidente\",\"datePublished\":\"2018-11-19T20:07:25+00:00\",\"dateModified\":\"2021-09-11T18:15:17+00:00\",\"mainEntityOfPage\":{\"@id\":\"https:\/\/projetopack.com.br\/esko-aponta-mattias-bystrom-para-suceder-udo-panenka-como-presidente\/\"},\"wordCount\":358,\"publisher\":{\"@id\":\"https:\/\/projetopack.com.br\/#organization\"},\"articleSection\":[\"Arquivo\",\"Outros\"],\"inLanguage\":\"en-US\"},{\"@type\":\"WebPage\",\"@id\":\"https:\/\/projetopack.com.br\/esko-aponta-mattias-bystrom-para-suceder-udo-panenka-como-presidente\/\",\"url\":\"https:\/\/projetopack.com.br\/esko-aponta-mattias-bystrom-para-suceder-udo-panenka-como-presidente\/\",\"name\":\"Esko aponta Mattias Bystr\u00f6m para suceder Udo Panenka como Presidente\",\"isPartOf\":{\"@id\":\"https:\/\/projetopack.com.br\/#website\"},\"datePublished\":\"2018-11-19T20:07:25+00:00\",\"dateModified\":\"2021-09-11T18:15:17+00:00\",\"description\":\"A Esko anunciou, na semana passada, Mattias Bystr\u00f6m como novo Presidente da empresa a partir de 10 de Janeiro de 2019. Bystr\u00f6m suceder\u00e1 Udo Panenka, que deixa a empresa em busca de novos desafios.\",\"breadcrumb\":{\"@id\":\"https:\/\/projetopack.com.br\/esko-aponta-mattias-bystrom-para-suceder-udo-panenka-como-presidente\/#breadcrumb\"},\"inLanguage\":\"en-US\",\"potentialAction\":[{\"@type\":\"ReadAction\",\"target\":[\"https:\/\/projetopack.com.br\/esko-aponta-mattias-bystrom-para-suceder-udo-panenka-como-presidente\/\"]}]},{\"@type\":\"BreadcrumbList\",\"@id\":\"https:\/\/projetopack.com.br\/esko-aponta-mattias-bystrom-para-suceder-udo-panenka-como-presidente\/#breadcrumb\",\"itemListElement\":[{\"@type\":\"ListItem\",\"position\":1,\"name\":\"P\u00e1gina Inicial\",\"item\":\"https:\/\/projetopack.com.br\/\"},{\"@type\":\"ListItem\",\"position\":2,\"name\":\"Outros\",\"item\":\"https:\/\/projetopack.com.br\/category\/outros\/\"},{\"@type\":\"ListItem\",\"position\":3,\"name\":\"Esko aponta Mattias Bystr\u00f6m para suceder Udo Panenka como Presidente\"}]},{\"@type\":\"WebSite\",\"@id\":\"https:\/\/projetopack.com.br\/#website\",\"url\":\"https:\/\/projetopack.com.br\/\",\"name\":\"ProjetoPack\",\"description\":\"Consultoria e servi\u00e7os para embalagens, r\u00f3tulos, etiquetas e processos de impress\u00e3o\",\"publisher\":{\"@id\":\"https:\/\/projetopack.com.br\/#organization\"},\"potentialAction\":[{\"@type\":\"SearchAction\",\"target\":{\"@type\":\"EntryPoint\",\"urlTemplate\":\"https:\/\/projetopack.com.br\/?s={search_term_string}\"},\"query-input\":{\"@type\":\"PropertyValueSpecification\",\"valueRequired\":true,\"valueName\":\"search_term_string\"}}],\"inLanguage\":\"en-US\"},{\"@type\":\"Organization\",\"@id\":\"https:\/\/projetopack.com.br\/#organization\",\"name\":\"ProjetoPack & Associados\",\"url\":\"https:\/\/projetopack.com.br\/\",\"logo\":{\"@type\":\"ImageObject\",\"inLanguage\":\"en-US\",\"@id\":\"https:\/\/projetopack.com.br\/#\/schema\/logo\/image\/\",\"url\":\"https:\/\/projetopack.com.br\/wp-content\/uploads\/2020\/09\/projetopack.png\",\"contentUrl\":\"https:\/\/projetopack.com.br\/wp-content\/uploads\/2020\/09\/projetopack.png\",\"width\":200,\"height\":200,\"caption\":\"ProjetoPack & Associados\"},\"image\":{\"@id\":\"https:\/\/projetopack.com.br\/#\/schema\/logo\/image\/\"},\"sameAs\":[\"https:\/\/x.com\/ProjetoPack\",\"https:\/\/www.linkedin.com\/company\/projetopack\/\"]},{\"@type\":\"Person\",\"@id\":\"https:\/\/projetopack.com.br\/#\/schema\/person\/d17c72a4bc2b7e461496dd8a14d4cef1\",\"name\":\"Andrea\",\"image\":{\"@type\":\"ImageObject\",\"inLanguage\":\"en-US\",\"@id\":\"https:\/\/projetopack.com.br\/#\/schema\/person\/image\/\",\"url\":\"https:\/\/projetopack.com.br\/wp-content\/uploads\/2026\/03\/eu-150x150.jpg\",\"contentUrl\":\"https:\/\/projetopack.com.br\/wp-content\/uploads\/2026\/03\/eu-150x150.jpg\",\"caption\":\"Andrea\"},\"url\":\"https:\/\/projetopack.com.br\/en\/author\/andrea\/\"}]}<\/script>\n<!-- \/ Yoast SEO Premium plugin. -->","yoast_head_json":{"title":"Esko aponta Mattias Bystr\u00f6m para suceder Udo Panenka como Presidente","description":"A Esko anunciou, na semana passada, Mattias Bystr\u00f6m como novo Presidente da empresa a partir de 10 de Janeiro de 2019. Bystr\u00f6m suceder\u00e1 Udo Panenka, que deixa a empresa em busca de novos desafios.","robots":{"index":"index","follow":"follow","max-snippet":"max-snippet:-1","max-image-preview":"max-image-preview:large","max-video-preview":"max-video-preview:-1"},"canonical":"https:\/\/projetopack.com.br\/en\/esko-aponta-mattias-bystrom-para-suceder-udo-panenka-como-presidente\/","og_locale":"en_US","og_type":"article","og_title":"Esko aponta Mattias Bystr\u00f6m para suceder Udo Panenka como Presidente","og_description":"A Esko anunciou, na semana passada, Mattias Bystr\u00f6m como novo Presidente da empresa a partir de 10 de Janeiro de 2019. Bystr\u00f6m suceder\u00e1 Udo Panenka, que deixa a empresa em busca de novos desafios.","og_url":"https:\/\/projetopack.com.br\/en\/esko-aponta-mattias-bystrom-para-suceder-udo-panenka-como-presidente\/","og_site_name":"ProjetoPack","article_published_time":"2018-11-19T20:07:25+00:00","article_modified_time":"2021-09-11T18:15:17+00:00","og_image":[{"width":1200,"height":630,"url":"https:\/\/projetopack.com.br\/wp-content\/uploads\/2020\/06\/Capa-1200x630-1.png","type":"image\/png"}],"author":"Andrea","twitter_card":"summary_large_image","twitter_creator":"@ProjetoPack","twitter_site":"@ProjetoPack","twitter_misc":{"Written by":"Andrea","Est. reading time":"2 minutes"},"schema":{"@context":"https:\/\/schema.org","@graph":[{"@type":"Article","@id":"https:\/\/projetopack.com.br\/esko-aponta-mattias-bystrom-para-suceder-udo-panenka-como-presidente\/#article","isPartOf":{"@id":"https:\/\/projetopack.com.br\/esko-aponta-mattias-bystrom-para-suceder-udo-panenka-como-presidente\/"},"author":{"name":"Andrea","@id":"https:\/\/projetopack.com.br\/#\/schema\/person\/d17c72a4bc2b7e461496dd8a14d4cef1"},"headline":"Esko aponta Mattias Bystr\u00f6m para suceder Udo Panenka como Presidente","datePublished":"2018-11-19T20:07:25+00:00","dateModified":"2021-09-11T18:15:17+00:00","mainEntityOfPage":{"@id":"https:\/\/projetopack.com.br\/esko-aponta-mattias-bystrom-para-suceder-udo-panenka-como-presidente\/"},"wordCount":358,"publisher":{"@id":"https:\/\/projetopack.com.br\/#organization"},"articleSection":["Arquivo","Outros"],"inLanguage":"en-US"},{"@type":"WebPage","@id":"https:\/\/projetopack.com.br\/esko-aponta-mattias-bystrom-para-suceder-udo-panenka-como-presidente\/","url":"https:\/\/projetopack.com.br\/esko-aponta-mattias-bystrom-para-suceder-udo-panenka-como-presidente\/","name":"Esko aponta Mattias Bystr\u00f6m para suceder Udo Panenka como Presidente","isPartOf":{"@id":"https:\/\/projetopack.com.br\/#website"},"datePublished":"2018-11-19T20:07:25+00:00","dateModified":"2021-09-11T18:15:17+00:00","description":"A Esko anunciou, na semana passada, Mattias Bystr\u00f6m como novo Presidente da empresa a partir de 10 de Janeiro de 2019. Bystr\u00f6m suceder\u00e1 Udo Panenka, que deixa a empresa em busca de novos desafios.","breadcrumb":{"@id":"https:\/\/projetopack.com.br\/esko-aponta-mattias-bystrom-para-suceder-udo-panenka-como-presidente\/#breadcrumb"},"inLanguage":"en-US","potentialAction":[{"@type":"ReadAction","target":["https:\/\/projetopack.com.br\/esko-aponta-mattias-bystrom-para-suceder-udo-panenka-como-presidente\/"]}]},{"@type":"BreadcrumbList","@id":"https:\/\/projetopack.com.br\/esko-aponta-mattias-bystrom-para-suceder-udo-panenka-como-presidente\/#breadcrumb","itemListElement":[{"@type":"ListItem","position":1,"name":"P\u00e1gina Inicial","item":"https:\/\/projetopack.com.br\/"},{"@type":"ListItem","position":2,"name":"Outros","item":"https:\/\/projetopack.com.br\/category\/outros\/"},{"@type":"ListItem","position":3,"name":"Esko aponta Mattias Bystr\u00f6m para suceder Udo Panenka como Presidente"}]},{"@type":"WebSite","@id":"https:\/\/projetopack.com.br\/#website","url":"https:\/\/projetopack.com.br\/","name":"ProjetoPack","description":"Consultoria e servi\u00e7os para embalagens, r\u00f3tulos, etiquetas e processos de impress\u00e3o","publisher":{"@id":"https:\/\/projetopack.com.br\/#organization"},"potentialAction":[{"@type":"SearchAction","target":{"@type":"EntryPoint","urlTemplate":"https:\/\/projetopack.com.br\/?s={search_term_string}"},"query-input":{"@type":"PropertyValueSpecification","valueRequired":true,"valueName":"search_term_string"}}],"inLanguage":"en-US"},{"@type":"Organization","@id":"https:\/\/projetopack.com.br\/#organization","name":"ProjetoPack & Associados","url":"https:\/\/projetopack.com.br\/","logo":{"@type":"ImageObject","inLanguage":"en-US","@id":"https:\/\/projetopack.com.br\/#\/schema\/logo\/image\/","url":"https:\/\/projetopack.com.br\/wp-content\/uploads\/2020\/09\/projetopack.png","contentUrl":"https:\/\/projetopack.com.br\/wp-content\/uploads\/2020\/09\/projetopack.png","width":200,"height":200,"caption":"ProjetoPack & Associados"},"image":{"@id":"https:\/\/projetopack.com.br\/#\/schema\/logo\/image\/"},"sameAs":["https:\/\/x.com\/ProjetoPack","https:\/\/www.linkedin.com\/company\/projetopack\/"]},{"@type":"Person","@id":"https:\/\/projetopack.com.br\/#\/schema\/person\/d17c72a4bc2b7e461496dd8a14d4cef1","name":"Andrea","image":{"@type":"ImageObject","inLanguage":"en-US","@id":"https:\/\/projetopack.com.br\/#\/schema\/person\/image\/","url":"https:\/\/projetopack.com.br\/wp-content\/uploads\/2026\/03\/eu-150x150.jpg","contentUrl":"https:\/\/projetopack.com.br\/wp-content\/uploads\/2026\/03\/eu-150x150.jpg","caption":"Andrea"},"url":"https:\/\/projetopack.com.br\/en\/author\/andrea\/"}]}},"_links":{"self":[{"href":"https:\/\/projetopack.com.br\/en\/wp-json\/wp\/v2\/posts\/3613","targetHints":{"allow":["GET"]}}],"collection":[{"href":"https:\/\/projetopack.com.br\/en\/wp-json\/wp\/v2\/posts"}],"about":[{"href":"https:\/\/projetopack.com.br\/en\/wp-json\/wp\/v2\/types\/post"}],"author":[{"embeddable":true,"href":"https:\/\/projetopack.com.br\/en\/wp-json\/wp\/v2\/users\/18"}],"replies":[{"embeddable":true,"href":"https:\/\/projetopack.com.br\/en\/wp-json\/wp\/v2\/comments?post=3613"}],"version-history":[{"count":0,"href":"https:\/\/projetopack.com.br\/en\/wp-json\/wp\/v2\/posts\/3613\/revisions"}],"wp:attachment":[{"href":"https:\/\/projetopack.com.br\/en\/wp-json\/wp\/v2\/media?parent=3613"}],"wp:term":[{"taxonomy":"category","embeddable":true,"href":"https:\/\/projetopack.com.br\/en\/wp-json\/wp\/v2\/categories?post=3613"},{"taxonomy":"post_tag","embeddable":true,"href":"https:\/\/projetopack.com.br\/en\/wp-json\/wp\/v2\/tags?post=3613"}],"curies":[{"name":"wp","href":"https:\/\/api.w.org\/{rel}","templated":true}]}}