{"id":3616,"date":"2018-11-23T15:40:17","date_gmt":"2018-11-23T17:40:17","guid":{"rendered":"https:\/\/www.projetopack.com.br\/2020\/?p=3616"},"modified":"2021-09-11T15:17:55","modified_gmt":"2021-09-11T18:17:55","slug":"kodak-anuncia-acordo-com-montagu-para-venda-de-sua-divisao-de-embalagens-flexograficas","status":"publish","type":"post","link":"https:\/\/projetopack.com.br\/en\/kodak-anuncia-acordo-com-montagu-para-venda-de-sua-divisao-de-embalagens-flexograficas\/","title":{"rendered":"Kodak anuncia acordo com a Montagu para venda de sua divis\u00e3o de flexografia"},"content":{"rendered":"<h1>Montagu adquire divis\u00e3o de flexografia da Kodak<\/h1>\n<p>A <a href=\"https:\/\/www.kodak.com\/corp\/default.htm\"><strong>Eastman Kodak Company<\/strong><\/a> anunciou um acordo contratual definitivo para a venda de sua <strong>Divis\u00e3o de Embalagens Flexogr\u00e1ficas<\/strong> para a <a href=\"https:\/\/www.montagu.com\/\"><strong>Montagu Private Equity LLP<\/strong><\/a>. Uma vez fechado o acordo, a divis\u00e3o operar\u00e1 como um novo neg\u00f3cio independente a qual ir\u00e1 desenvolver, fabricar e comercializar produtos flexogr\u00e1ficos, incluindo a linha KODAK FLEXCEL NX, l\u00edder e refer\u00eancia no mercado de embalagens flexogr\u00e1ficas.<\/p>\n<p>Nessa nova fase, a empresa manter\u00e1 a mesma estrutura organizacional, time gerencial e cultura de crescimento que foi marca da Divis\u00e3o de Embalagens Flexogr\u00e1ficas da Kodak nos \u00faltimos tr\u00eas anos.<\/p>\n<p>Chris Payne, que ocupou o cargo de Presidente da divis\u00e3o, ser\u00e1 o CEO da nova companhia.<\/p>\n<p>A Divis\u00e3o de Embalagens Flexogr\u00e1ficas da Kodak \u00e9 um excelente exemplo da inova\u00e7\u00e3o disruptiva que a Kodak oferece ao mercado. Nos \u00faltimos cinco anos, o neg\u00f3cio de Embalagens Flexogr\u00e1ficas cresceu e prosperou dentro da Kodak e se tornou um participante significativo na ind\u00fastria de impress\u00e3o de embalagens.<\/p>\n<p>Dessa forma, a nova empresa estar\u00e1 bem posicionada para continuar a oferecer solu\u00e7\u00f5es para manter o crescimento lucrativo das gr\u00e1ficas no setor de embalagens e permanecer na vanguarda da produ\u00e7\u00e3o de impress\u00e3o flexogr\u00e1fica.<\/p>\n<p>A Kodak espera receber um valor total de at\u00e9 US $ 390 milh\u00f5es, composto pelos seguintes componentes: (1) pre\u00e7o base de compra de US $ 340 milh\u00f5es, sujeito a ajustes nos pre\u00e7os de compra; (2) poss\u00edveis pagamentos de earn-out de at\u00e9 US $ 35 milh\u00f5es ao longo do per\u00edodo at\u00e9 2020, com base na realiza\u00e7\u00e3o pelo neg\u00f3cio de m\u00e9tricas de desempenho acordadas; e (3) US $ 15 milh\u00f5es pagos pela Montagu \u00e0 Kodak no fechamento como pr\u00e9-pagamento de v\u00e1rios servi\u00e7os e produtos a serem fornecidos pela Kodak ao neg\u00f3cio p\u00f3s-fechamento, de acordo com acordos comerciais, e sujeito \u00e0 conclus\u00e3o de certos compromissos e garantias.<\/p>\n<p>A receita l\u00edquida da transa\u00e7\u00e3o ser\u00e1 usada pela Kodak para reduzir a d\u00edvida a termo pendente. A companhia espera que o restante da d\u00edvida a prazo remanescente seja refinanciado e \/ ou amortizado com recursos provenientes de monetiza\u00e7\u00f5es adicionais de ativos.<\/p>\n<p>&#8220;Esta transa\u00e7\u00e3o representa um importante ponto de transi\u00e7\u00e3o em nossa transforma\u00e7\u00e3o, e \u00e9 um desenvolvimento significativo e positivo para a Kodak&#8221;, disse Jeff Clarke, CEO da Kodak. \u201cA venda da Divis\u00e3o de Embalagem Flexogr\u00e1fica libera valor para os acionistas e fortalece nossa posi\u00e7\u00e3o financeira ao fornecer uma infus\u00e3o significativa de caixa, o que nos permite reduzir a d\u00edvida, melhorando a estrutura de capital da companhia e permitindo maior flexibilidade para investir em nossos mecanismos de crescimento.\u201d<\/p>\n<p>Em nota, a Kodak reafirmou seu comprometimento com a ind\u00fastria de impress\u00e3o e fornecimento de produtos e servi\u00e7os que atendam \u00e0s necessidades das gr\u00e1ficas. Ap\u00f3s essa transa\u00e7\u00e3o, se concentrar\u00e1 em \u00e1reas de crescimento, como as chapas livres de processamento SONORA, solu\u00e7\u00f5es inkjet corporativas, software de fluxo de trabalho e licenciamento de marca. A Kodak tamb\u00e9m reitera que est\u00e1 bem posicionada para o futuro, alavancando esses mecanismos de crescimento e continuando a maximizar o valor da impress\u00e3o comercial, filmes e materiais avan\u00e7ados.<\/p>\n<h2><strong>Prazo para consolida\u00e7\u00e3o da opera\u00e7\u00e3o<br \/>\n<\/strong><\/h2>\n<p>A transa\u00e7\u00e3o dever\u00e1 ser conclu\u00edda no primeiro semestre de 2019, e est\u00e1 sujeita ao recebimento das aprova\u00e7\u00f5es regulamentares exigidas e \u00e0 aprova\u00e7\u00e3o das condi\u00e7\u00f5es de fechamento.<\/p>\n<p>O UBS Investment Bank atuou como consultor financeiro exclusivo e a Akin Gump Strauss A Hauer &amp; Feld LLP atuou como consultora jur\u00eddica da Kodak no processo. A Ernst &amp; Young atuou como consultora financeira, a Bain &amp; Co. atuou como consultora comercial e a Linklaters LLP atuou como consultora jur\u00eddica da Montagu.<\/p>\n<p>O acordo da Kodak com a Montagu, dispon\u00edvel em <a href=\"http:\/\/investor.kodak.com\/investor-relations\">http:\/\/investor.kodak.com\/investor-relations<\/a>, foi arquivado na SEC ap\u00f3s a reabertura do sistema EDGAR em 13 de novembro de 2018.<\/p>\n<h3><strong>Sobre a Kodak<\/strong><\/h3>\n<p>A Kodak \u00e9 uma empresa dedicada \u00e0 tecnologia da imagem. Oferecemos, diretamente e atrav\u00e9s de colabora\u00e7\u00f5es com outras empresas inovadoras, hardware, software, consum\u00edveis e servi\u00e7os para clientes de artes gr\u00e1ficas, impress\u00e3o comercial, publica\u00e7\u00e3o, embalagens, telas eletr\u00f4nicas, filmes de entretenimento e comerciais, bem como mercados de produtos de consumo. Com nossos recursos de P &amp; D de classe mundial, a variedade de solu\u00e7\u00f5es inovadoras e uma marca confi\u00e1vel, a Kodak ajuda os clientes em todo o mundo a desenvolver seus neg\u00f3cios e aproveitar a vida de maneira sustent\u00e1vel. Para mais informa\u00e7\u00f5es sobre a Kodak, visite-nos em kodak.com, siga-nos no Twitter @KodakPrint ou no Facebook na Kodak.<\/p>\n<h4><strong>Declara\u00e7\u00e3o de advert\u00eancia sobre declara\u00e7\u00f5es prospectivas<\/strong><\/h4>\n<p>Certas informa\u00e7\u00f5es contidas neste comunicado \u00e0 imprensa que n\u00e3o s\u00e3o declara\u00e7\u00f5es de fatos hist\u00f3ricos ou atuais constituem \u201cdeclara\u00e7\u00f5es prospectivas\u201d dentro do significado da Se\u00e7\u00e3o 21E do Securities Exchange Act de 1934. Essas declara\u00e7\u00f5es podem ser identificadas pelo uso de palavras como \u201cpode, &#8220;vai&#8221;, &#8220;espera&#8221;, &#8220;deve&#8221;, &#8220;antecipa&#8221;, &#8220;pretende&#8221;, &#8220;acredita&#8221; e &#8220;planeja&#8221; ou express\u00f5es similares. As declara\u00e7\u00f5es prospectivas contidas neste comunicado \u00e0 imprensa incluem, sem limita\u00e7\u00e3o, declara\u00e7\u00f5es relacionadas a: a venda planejada da Divis\u00e3o de Embalagem Flexogr\u00e1fica da Kodak (o \u201cNeg\u00f3cio\u201d) e a sua \u00e9poca; a capacidade de obter aprova\u00e7\u00f5es regulat\u00f3rias e atender a outras condi\u00e7\u00f5es de fechamento para a venda planejada; o pagamento potencial de contrapresta\u00e7\u00e3o adicional de earn-out; e a entrada em certos acordos comerciais em conex\u00e3o com a venda planejada e um pagamento antecipado de certos valores pag\u00e1veis \u200b\u200bsob o mesmo. Essas e outras declara\u00e7\u00f5es prospectivas s\u00e3o baseadas nas vis\u00f5es e suposi\u00e7\u00f5es atuais da administra\u00e7\u00e3o e envolvem riscos e incertezas que podem afetar significativamente os resultados esperados.<\/p>\n<p>Os resultados podem ser materialmente afetados por fatores como: riscos associados a transa\u00e7\u00f5es de venda em geral, como a impossibilidade de obter, ou atrasos na obten\u00e7\u00e3o, aprova\u00e7\u00f5es exigidas sob a legisla\u00e7\u00e3o antitruste aplic\u00e1vel e outros consentimentos e aprova\u00e7\u00f5es regulamentares e de terceiros; problemas, atrasos ou complica\u00e7\u00f5es no preenchimento das atividades obrigat\u00f3rias para permitir que o Neg\u00f3cio opere de forma aut\u00f4noma ap\u00f3s o fechamento, incluindo incorrer em custos imprevistos para concluir tais atividades; potencial volatilidade no mercado de capitais e seu impacto potencial na capacidade do comprador e de seu patrocinador de financiar pagar o pre\u00e7o de compra na venda; falha em reter o gerenciamento de chaves e funcion\u00e1rios do neg\u00f3cio; a capacidade do Neg\u00f3cio de gerar EBITDA suficiente para atingir as metas de desempenho necess\u00e1rias para conferir \u00e0 Kodak a considera\u00e7\u00e3o adicional de earn-out; a capacidade da Kodak de cumprir os requisitos de cau\u00e7\u00e3o e garantias em que o pr\u00e9-pagamento do contrato comercial \u00e9 condicionado; dificuldades ou atrasos na transi\u00e7\u00e3o bem-sucedida dos sistemas de tecnologia da informa\u00e7\u00e3o da empresa, da Kodak para a de comprador, bem como dos riscos associados a outra integra\u00e7\u00e3o ou transi\u00e7\u00e3o das opera\u00e7\u00f5es, sistemas e pessoal da Empresa, conforme aplic\u00e1vel, dentro do prazo do contrato de servi\u00e7os de transi\u00e7\u00e3o p\u00f3s-fechamento entre o comprador e a Kodak; rea\u00e7\u00e3o desfavor\u00e1vel \u00e0 venda por clientes, concorrentes, fornecedores e funcion\u00e1rios; condi\u00e7\u00f5es que afetam a ind\u00fastria em geral; condi\u00e7\u00f5es pol\u00edticas e econ\u00f4micas locais e globais; condi\u00e7\u00f5es no mercado de valores mobili\u00e1rios que s\u00e3o menos favor\u00e1veis \u200b\u200bdo que o esperado e outros riscos descritos nos registros da Kodak junto \u00e0 Securities and Exchange Commission, incluindo o Relat\u00f3rio Anual da Kodak no Formul\u00e1rio 10-K para o ano encerrado em 31 de dezembro de 2017 e os Relat\u00f3rios Trimestrais da Kodak no Formul\u00e1rio 10 -Q para os trimestres findos em 31 de mar\u00e7o de 2018, 30 de junho de 2018 e 30 de setembro de 2018.<\/p>\n<p>Os resultados reais podem diferir materialmente daqueles projetados nas declara\u00e7\u00f5es prospectivas. A Kodak n\u00e3o assume nenhuma obriga\u00e7\u00e3o de atualizar ou revisar publicamente quaisquer declara\u00e7\u00f5es prospectivas, seja como resultado de novas informa\u00e7\u00f5es, eventos futuros ou de outra forma, exceto conforme possa ser exigido por lei.<\/p>","protected":false},"excerpt":{"rendered":"<p>Montagu adquire divis\u00e3o de flexografia da Kodak A Eastman Kodak Company anunciou um acordo contratual definitivo para a venda de sua Divis\u00e3o de Embalagens Flexogr\u00e1ficas para a Montagu Private Equity LLP. Uma vez fechado o acordo, a divis\u00e3o operar\u00e1 como um novo neg\u00f3cio independente a qual ir\u00e1 desenvolver, fabricar e comercializar produtos flexogr\u00e1ficos, incluindo a [&hellip;]<\/p>\n","protected":false},"author":2,"featured_media":0,"comment_status":"closed","ping_status":"closed","sticky":false,"template":"","format":"standard","meta":{"footnotes":""},"categories":[877],"tags":[180,146,182,179,181],"class_list":["post-3616","post","type-post","status-publish","format-standard","hentry","category-arquivo","tag-flexcel","tag-kodak","tag-kodak-nx","tag-montagu","tag-venda-da-kodak"],"yoast_head":"<!-- This site is optimized with the Yoast SEO Premium plugin v27.1 (Yoast SEO v27.1.1) - https:\/\/yoast.com\/product\/yoast-seo-premium-wordpress\/ -->\n<title>Kodak anuncia acordo com a Montagu para venda de sua divis\u00e3o de flexografia - ProjetoPack<\/title>\n<meta name=\"description\" content=\"A Eastman Kodak Company anunciou um acordo contratual definitivo para a venda de sua Divis\u00e3o de Embalagens Flexogr\u00e1ficas para a Montagu Private Equity LLP. Saiba mais sobre a opera\u00e7\u00e3o.\" \/>\n<meta name=\"robots\" content=\"index, follow, max-snippet:-1, max-image-preview:large, max-video-preview:-1\" \/>\n<link rel=\"canonical\" href=\"https:\/\/projetopack.com.br\/en\/kodak-anuncia-acordo-com-montagu-para-venda-de-sua-divisao-de-embalagens-flexograficas\/\" \/>\n<meta property=\"og:locale\" content=\"en_US\" \/>\n<meta property=\"og:type\" content=\"article\" \/>\n<meta property=\"og:title\" content=\"Kodak anuncia acordo com a Montagu para venda de sua divis\u00e3o de flexografia\" \/>\n<meta property=\"og:description\" content=\"A Eastman Kodak Company anunciou um acordo contratual definitivo para a venda de sua Divis\u00e3o de Embalagens Flexogr\u00e1ficas para a Montagu Private Equity LLP. Saiba mais sobre a opera\u00e7\u00e3o.\" \/>\n<meta property=\"og:url\" content=\"https:\/\/projetopack.com.br\/en\/kodak-anuncia-acordo-com-montagu-para-venda-de-sua-divisao-de-embalagens-flexograficas\/\" \/>\n<meta property=\"og:site_name\" content=\"ProjetoPack\" \/>\n<meta property=\"article:published_time\" content=\"2018-11-23T17:40:17+00:00\" \/>\n<meta property=\"article:modified_time\" content=\"2021-09-11T18:17:55+00:00\" \/>\n<meta property=\"og:image\" content=\"https:\/\/projetopack.com.br\/wp-content\/uploads\/2020\/06\/Capa-1200x630-1.png\" \/>\n\t<meta property=\"og:image:width\" content=\"1200\" \/>\n\t<meta property=\"og:image:height\" content=\"630\" \/>\n\t<meta property=\"og:image:type\" content=\"image\/png\" \/>\n<meta name=\"author\" content=\"Aislan Baer\" \/>\n<meta name=\"twitter:card\" content=\"summary_large_image\" \/>\n<meta name=\"twitter:creator\" content=\"@ProjetoPack\" \/>\n<meta name=\"twitter:site\" content=\"@ProjetoPack\" \/>\n<meta name=\"twitter:label1\" content=\"Written by\" \/>\n\t<meta name=\"twitter:data1\" content=\"Aislan Baer\" \/>\n\t<meta name=\"twitter:label2\" content=\"Est. reading time\" \/>\n\t<meta name=\"twitter:data2\" content=\"6 minutes\" \/>\n<script type=\"application\/ld+json\" class=\"yoast-schema-graph\">{\"@context\":\"https:\/\/schema.org\",\"@graph\":[{\"@type\":\"Article\",\"@id\":\"https:\/\/projetopack.com.br\/en\/kodak-anuncia-acordo-com-montagu-para-venda-de-sua-divisao-de-embalagens-flexograficas\/#article\",\"isPartOf\":{\"@id\":\"https:\/\/projetopack.com.br\/en\/kodak-anuncia-acordo-com-montagu-para-venda-de-sua-divisao-de-embalagens-flexograficas\/\"},\"author\":{\"name\":\"Aislan Baer\",\"@id\":\"https:\/\/projetopack.com.br\/#\/schema\/person\/87cbd7d1e244880886d457815ebd2490\"},\"headline\":\"Kodak anuncia acordo com a Montagu para venda de sua divis\u00e3o de flexografia\",\"datePublished\":\"2018-11-23T17:40:17+00:00\",\"dateModified\":\"2021-09-11T18:17:55+00:00\",\"mainEntityOfPage\":{\"@id\":\"https:\/\/projetopack.com.br\/en\/kodak-anuncia-acordo-com-montagu-para-venda-de-sua-divisao-de-embalagens-flexograficas\/\"},\"wordCount\":1381,\"publisher\":{\"@id\":\"https:\/\/projetopack.com.br\/#organization\"},\"keywords\":[\"flexcel\",\"kodak\",\"kodak nx\",\"montagu\",\"venda da kodak\"],\"articleSection\":[\"Arquivo\"],\"inLanguage\":\"en-US\"},{\"@type\":\"WebPage\",\"@id\":\"https:\/\/projetopack.com.br\/en\/kodak-anuncia-acordo-com-montagu-para-venda-de-sua-divisao-de-embalagens-flexograficas\/\",\"url\":\"https:\/\/projetopack.com.br\/en\/kodak-anuncia-acordo-com-montagu-para-venda-de-sua-divisao-de-embalagens-flexograficas\/\",\"name\":\"Kodak anuncia acordo com a Montagu para venda de sua divis\u00e3o de flexografia - ProjetoPack\",\"isPartOf\":{\"@id\":\"https:\/\/projetopack.com.br\/#website\"},\"datePublished\":\"2018-11-23T17:40:17+00:00\",\"dateModified\":\"2021-09-11T18:17:55+00:00\",\"description\":\"A Eastman Kodak Company anunciou um acordo contratual definitivo para a venda de sua Divis\u00e3o de Embalagens Flexogr\u00e1ficas para a Montagu Private Equity LLP. Saiba mais sobre a opera\u00e7\u00e3o.\",\"breadcrumb\":{\"@id\":\"https:\/\/projetopack.com.br\/en\/kodak-anuncia-acordo-com-montagu-para-venda-de-sua-divisao-de-embalagens-flexograficas\/#breadcrumb\"},\"inLanguage\":\"en-US\",\"potentialAction\":[{\"@type\":\"ReadAction\",\"target\":[\"https:\/\/projetopack.com.br\/en\/kodak-anuncia-acordo-com-montagu-para-venda-de-sua-divisao-de-embalagens-flexograficas\/\"]}]},{\"@type\":\"BreadcrumbList\",\"@id\":\"https:\/\/projetopack.com.br\/en\/kodak-anuncia-acordo-com-montagu-para-venda-de-sua-divisao-de-embalagens-flexograficas\/#breadcrumb\",\"itemListElement\":[{\"@type\":\"ListItem\",\"position\":1,\"name\":\"P\u00e1gina Inicial\",\"item\":\"https:\/\/projetopack.com.br\/\"},{\"@type\":\"ListItem\",\"position\":2,\"name\":\"Arquivo\",\"item\":\"https:\/\/projetopack.com.br\/en\/category\/arquivo\/\"},{\"@type\":\"ListItem\",\"position\":3,\"name\":\"Kodak anuncia acordo com a Montagu para venda de sua divis\u00e3o de flexografia\"}]},{\"@type\":\"WebSite\",\"@id\":\"https:\/\/projetopack.com.br\/#website\",\"url\":\"https:\/\/projetopack.com.br\/\",\"name\":\"ProjetoPack\",\"description\":\"Consultoria e servi\u00e7os para embalagens, r\u00f3tulos, etiquetas e processos de impress\u00e3o\",\"publisher\":{\"@id\":\"https:\/\/projetopack.com.br\/#organization\"},\"potentialAction\":[{\"@type\":\"SearchAction\",\"target\":{\"@type\":\"EntryPoint\",\"urlTemplate\":\"https:\/\/projetopack.com.br\/?s={search_term_string}\"},\"query-input\":{\"@type\":\"PropertyValueSpecification\",\"valueRequired\":true,\"valueName\":\"search_term_string\"}}],\"inLanguage\":\"en-US\"},{\"@type\":\"Organization\",\"@id\":\"https:\/\/projetopack.com.br\/#organization\",\"name\":\"ProjetoPack & Associados\",\"url\":\"https:\/\/projetopack.com.br\/\",\"logo\":{\"@type\":\"ImageObject\",\"inLanguage\":\"en-US\",\"@id\":\"https:\/\/projetopack.com.br\/#\/schema\/logo\/image\/\",\"url\":\"https:\/\/projetopack.com.br\/wp-content\/uploads\/2020\/09\/projetopack.png\",\"contentUrl\":\"https:\/\/projetopack.com.br\/wp-content\/uploads\/2020\/09\/projetopack.png\",\"width\":200,\"height\":200,\"caption\":\"ProjetoPack & Associados\"},\"image\":{\"@id\":\"https:\/\/projetopack.com.br\/#\/schema\/logo\/image\/\"},\"sameAs\":[\"https:\/\/x.com\/ProjetoPack\",\"https:\/\/www.linkedin.com\/company\/projetopack\/\"]},{\"@type\":\"Person\",\"@id\":\"https:\/\/projetopack.com.br\/#\/schema\/person\/87cbd7d1e244880886d457815ebd2490\",\"name\":\"Aislan Baer\",\"image\":{\"@type\":\"ImageObject\",\"inLanguage\":\"en-US\",\"@id\":\"https:\/\/projetopack.com.br\/#\/schema\/person\/image\/\",\"url\":\"https:\/\/projetopack.com.br\/wp-content\/uploads\/2021\/08\/Aislan-Busto-p-100x100.jpg\",\"contentUrl\":\"https:\/\/projetopack.com.br\/wp-content\/uploads\/2021\/08\/Aislan-Busto-p-100x100.jpg\",\"caption\":\"Aislan Baer\"},\"description\":\"Desde os \u00faltimos 20 anos, meu time e eu ajudamos mais de 300 empresas brasileiras e estrangeiras (algumas delas, l\u00edderes mundiais) a produzir embalagens flex\u00edveis e r\u00f3tulos com maior efici\u00eancia, menores custos e maior apelo visual, bem como centenas de donos de marcas a comprar suas embalagens flex\u00edveis e material impresso com um crit\u00e9rio mais t\u00e9cnico e assertivo. Ao mesmo tempo, gra\u00e7as \u00e0 nossa consultoria, muitas destas empresas melhoraram significativamente o seu processo de Impress\u00e3o (Impress\u00e3o de embalagens, Impress\u00e3o industrial, Impress\u00e3o funcional e, mais recentemente, bio impress\u00e3o e manufatura aditiva ou simplesmente Impress\u00e3o 3D). Se a sua empresa tem um problema relacionado a embalagens flex\u00edveis, r\u00f3tulos ou Impress\u00e3o, por mais insol\u00favel que lhe pare\u00e7a, aguardamos ansiosos a sua liga\u00e7\u00e3o ou e-mail. Este \u00e9 nosso trabalho e tamb\u00e9m a nossa paix\u00e3o.\",\"sameAs\":[\"http:\/\/www.projetopack.com\",\"https:\/\/www.linkedin.com\/in\/aislanbaer\/\"],\"jobTitle\":\"CEO @ ProjetoPack | L\u00edder em M&A no Setor de Impress\u00e3o e Embalagens no Brasil | Cofundador da Inovagraf e Neuraflow | Especialista em Inova\u00e7\u00e3o com IA na Impress\u00e3o | Printing Legacy Initiative | Empreendedor Serial\",\"url\":\"https:\/\/projetopack.com.br\/en\/author\/aislan\/\"}]}<\/script>\n<!-- \/ Yoast SEO Premium plugin. -->","yoast_head_json":{"title":"Kodak anuncia acordo com a Montagu para venda de sua divis\u00e3o de flexografia - ProjetoPack","description":"A Eastman Kodak Company anunciou um acordo contratual definitivo para a venda de sua Divis\u00e3o de Embalagens Flexogr\u00e1ficas para a Montagu Private Equity LLP. Saiba mais sobre a opera\u00e7\u00e3o.","robots":{"index":"index","follow":"follow","max-snippet":"max-snippet:-1","max-image-preview":"max-image-preview:large","max-video-preview":"max-video-preview:-1"},"canonical":"https:\/\/projetopack.com.br\/en\/kodak-anuncia-acordo-com-montagu-para-venda-de-sua-divisao-de-embalagens-flexograficas\/","og_locale":"en_US","og_type":"article","og_title":"Kodak anuncia acordo com a Montagu para venda de sua divis\u00e3o de flexografia","og_description":"A Eastman Kodak Company anunciou um acordo contratual definitivo para a venda de sua Divis\u00e3o de Embalagens Flexogr\u00e1ficas para a Montagu Private Equity LLP. Saiba mais sobre a opera\u00e7\u00e3o.","og_url":"https:\/\/projetopack.com.br\/en\/kodak-anuncia-acordo-com-montagu-para-venda-de-sua-divisao-de-embalagens-flexograficas\/","og_site_name":"ProjetoPack","article_published_time":"2018-11-23T17:40:17+00:00","article_modified_time":"2021-09-11T18:17:55+00:00","og_image":[{"width":1200,"height":630,"url":"https:\/\/projetopack.com.br\/wp-content\/uploads\/2020\/06\/Capa-1200x630-1.png","type":"image\/png"}],"author":"Aislan Baer","twitter_card":"summary_large_image","twitter_creator":"@ProjetoPack","twitter_site":"@ProjetoPack","twitter_misc":{"Written by":"Aislan Baer","Est. reading time":"6 minutes"},"schema":{"@context":"https:\/\/schema.org","@graph":[{"@type":"Article","@id":"https:\/\/projetopack.com.br\/en\/kodak-anuncia-acordo-com-montagu-para-venda-de-sua-divisao-de-embalagens-flexograficas\/#article","isPartOf":{"@id":"https:\/\/projetopack.com.br\/en\/kodak-anuncia-acordo-com-montagu-para-venda-de-sua-divisao-de-embalagens-flexograficas\/"},"author":{"name":"Aislan Baer","@id":"https:\/\/projetopack.com.br\/#\/schema\/person\/87cbd7d1e244880886d457815ebd2490"},"headline":"Kodak anuncia acordo com a Montagu para venda de sua divis\u00e3o de flexografia","datePublished":"2018-11-23T17:40:17+00:00","dateModified":"2021-09-11T18:17:55+00:00","mainEntityOfPage":{"@id":"https:\/\/projetopack.com.br\/en\/kodak-anuncia-acordo-com-montagu-para-venda-de-sua-divisao-de-embalagens-flexograficas\/"},"wordCount":1381,"publisher":{"@id":"https:\/\/projetopack.com.br\/#organization"},"keywords":["flexcel","kodak","kodak nx","montagu","venda da kodak"],"articleSection":["Arquivo"],"inLanguage":"en-US"},{"@type":"WebPage","@id":"https:\/\/projetopack.com.br\/en\/kodak-anuncia-acordo-com-montagu-para-venda-de-sua-divisao-de-embalagens-flexograficas\/","url":"https:\/\/projetopack.com.br\/en\/kodak-anuncia-acordo-com-montagu-para-venda-de-sua-divisao-de-embalagens-flexograficas\/","name":"Kodak anuncia acordo com a Montagu para venda de sua divis\u00e3o de flexografia - ProjetoPack","isPartOf":{"@id":"https:\/\/projetopack.com.br\/#website"},"datePublished":"2018-11-23T17:40:17+00:00","dateModified":"2021-09-11T18:17:55+00:00","description":"A Eastman Kodak Company anunciou um acordo contratual definitivo para a venda de sua Divis\u00e3o de Embalagens Flexogr\u00e1ficas para a Montagu Private Equity LLP. Saiba mais sobre a opera\u00e7\u00e3o.","breadcrumb":{"@id":"https:\/\/projetopack.com.br\/en\/kodak-anuncia-acordo-com-montagu-para-venda-de-sua-divisao-de-embalagens-flexograficas\/#breadcrumb"},"inLanguage":"en-US","potentialAction":[{"@type":"ReadAction","target":["https:\/\/projetopack.com.br\/en\/kodak-anuncia-acordo-com-montagu-para-venda-de-sua-divisao-de-embalagens-flexograficas\/"]}]},{"@type":"BreadcrumbList","@id":"https:\/\/projetopack.com.br\/en\/kodak-anuncia-acordo-com-montagu-para-venda-de-sua-divisao-de-embalagens-flexograficas\/#breadcrumb","itemListElement":[{"@type":"ListItem","position":1,"name":"P\u00e1gina Inicial","item":"https:\/\/projetopack.com.br\/"},{"@type":"ListItem","position":2,"name":"Arquivo","item":"https:\/\/projetopack.com.br\/en\/category\/arquivo\/"},{"@type":"ListItem","position":3,"name":"Kodak anuncia acordo com a Montagu para venda de sua divis\u00e3o de flexografia"}]},{"@type":"WebSite","@id":"https:\/\/projetopack.com.br\/#website","url":"https:\/\/projetopack.com.br\/","name":"ProjetoPack","description":"Consultoria e servi\u00e7os para embalagens, r\u00f3tulos, etiquetas e processos de impress\u00e3o","publisher":{"@id":"https:\/\/projetopack.com.br\/#organization"},"potentialAction":[{"@type":"SearchAction","target":{"@type":"EntryPoint","urlTemplate":"https:\/\/projetopack.com.br\/?s={search_term_string}"},"query-input":{"@type":"PropertyValueSpecification","valueRequired":true,"valueName":"search_term_string"}}],"inLanguage":"en-US"},{"@type":"Organization","@id":"https:\/\/projetopack.com.br\/#organization","name":"ProjetoPack & Associados","url":"https:\/\/projetopack.com.br\/","logo":{"@type":"ImageObject","inLanguage":"en-US","@id":"https:\/\/projetopack.com.br\/#\/schema\/logo\/image\/","url":"https:\/\/projetopack.com.br\/wp-content\/uploads\/2020\/09\/projetopack.png","contentUrl":"https:\/\/projetopack.com.br\/wp-content\/uploads\/2020\/09\/projetopack.png","width":200,"height":200,"caption":"ProjetoPack & Associados"},"image":{"@id":"https:\/\/projetopack.com.br\/#\/schema\/logo\/image\/"},"sameAs":["https:\/\/x.com\/ProjetoPack","https:\/\/www.linkedin.com\/company\/projetopack\/"]},{"@type":"Person","@id":"https:\/\/projetopack.com.br\/#\/schema\/person\/87cbd7d1e244880886d457815ebd2490","name":"Aislan Baer","image":{"@type":"ImageObject","inLanguage":"en-US","@id":"https:\/\/projetopack.com.br\/#\/schema\/person\/image\/","url":"https:\/\/projetopack.com.br\/wp-content\/uploads\/2021\/08\/Aislan-Busto-p-100x100.jpg","contentUrl":"https:\/\/projetopack.com.br\/wp-content\/uploads\/2021\/08\/Aislan-Busto-p-100x100.jpg","caption":"Aislan Baer"},"description":"Desde os \u00faltimos 20 anos, meu time e eu ajudamos mais de 300 empresas brasileiras e estrangeiras (algumas delas, l\u00edderes mundiais) a produzir embalagens flex\u00edveis e r\u00f3tulos com maior efici\u00eancia, menores custos e maior apelo visual, bem como centenas de donos de marcas a comprar suas embalagens flex\u00edveis e material impresso com um crit\u00e9rio mais t\u00e9cnico e assertivo. Ao mesmo tempo, gra\u00e7as \u00e0 nossa consultoria, muitas destas empresas melhoraram significativamente o seu processo de Impress\u00e3o (Impress\u00e3o de embalagens, Impress\u00e3o industrial, Impress\u00e3o funcional e, mais recentemente, bio impress\u00e3o e manufatura aditiva ou simplesmente Impress\u00e3o 3D). Se a sua empresa tem um problema relacionado a embalagens flex\u00edveis, r\u00f3tulos ou Impress\u00e3o, por mais insol\u00favel que lhe pare\u00e7a, aguardamos ansiosos a sua liga\u00e7\u00e3o ou e-mail. Este \u00e9 nosso trabalho e tamb\u00e9m a nossa paix\u00e3o.","sameAs":["http:\/\/www.projetopack.com","https:\/\/www.linkedin.com\/in\/aislanbaer\/"],"jobTitle":"CEO @ ProjetoPack | L\u00edder em M&A no Setor de Impress\u00e3o e Embalagens no Brasil | Cofundador da Inovagraf e Neuraflow | Especialista em Inova\u00e7\u00e3o com IA na Impress\u00e3o | Printing Legacy Initiative | Empreendedor Serial","url":"https:\/\/projetopack.com.br\/en\/author\/aislan\/"}]}},"_links":{"self":[{"href":"https:\/\/projetopack.com.br\/en\/wp-json\/wp\/v2\/posts\/3616","targetHints":{"allow":["GET"]}}],"collection":[{"href":"https:\/\/projetopack.com.br\/en\/wp-json\/wp\/v2\/posts"}],"about":[{"href":"https:\/\/projetopack.com.br\/en\/wp-json\/wp\/v2\/types\/post"}],"author":[{"embeddable":true,"href":"https:\/\/projetopack.com.br\/en\/wp-json\/wp\/v2\/users\/2"}],"replies":[{"embeddable":true,"href":"https:\/\/projetopack.com.br\/en\/wp-json\/wp\/v2\/comments?post=3616"}],"version-history":[{"count":0,"href":"https:\/\/projetopack.com.br\/en\/wp-json\/wp\/v2\/posts\/3616\/revisions"}],"wp:attachment":[{"href":"https:\/\/projetopack.com.br\/en\/wp-json\/wp\/v2\/media?parent=3616"}],"wp:term":[{"taxonomy":"category","embeddable":true,"href":"https:\/\/projetopack.com.br\/en\/wp-json\/wp\/v2\/categories?post=3616"},{"taxonomy":"post_tag","embeddable":true,"href":"https:\/\/projetopack.com.br\/en\/wp-json\/wp\/v2\/tags?post=3616"}],"curies":[{"name":"wp","href":"https:\/\/api.w.org\/{rel}","templated":true}]}}