{"id":3647,"date":"2018-11-27T11:55:17","date_gmt":"2018-11-27T13:55:17","guid":{"rendered":"https:\/\/www.projetopack.com.br\/2020\/?p=3647"},"modified":"2021-09-11T15:22:25","modified_gmt":"2021-09-11T18:22:25","slug":"plastico-brasil-2019-abre-credenciamento-para-visitantes-profissionais","status":"publish","type":"post","link":"https:\/\/projetopack.com.br\/en\/plastico-brasil-2019-abre-credenciamento-para-visitantes-profissionais\/","title":{"rendered":"Feira Pl\u00e1stico Brasil 2019 abre o credenciamento para visitantes profissionais"},"content":{"rendered":"<h1><u><span style=\"color: #000000; font-family: Calibri;\">Com mais de 600 marcas nacionais e internacionais, \u00e1rea 20% maior e mais de 60 novos expositores, feira \u00e9 a melhor oportunidade do ano para transformadores e fabricantes que querem se preparar para o novo ciclo de crescimento econ\u00f4mico<\/span><\/u><\/h1>\n<p>Transformadores de pl\u00e1stico, compradores e demais profissionais das ind\u00fastrias da borracha, constru\u00e7\u00e3o civil, alimentos e bebidas, autom\u00f3veis e autope\u00e7as, perfumaria, higiene e limpeza, embalagens, farmac\u00eautica, cosm\u00e9tica, entre outras, j\u00e1 podem fazer seu credenciamento gratuito e garantir presen\u00e7a na <strong>Pl\u00e1stico Brasil 2019 \u2013 Feira Internacional do Pl\u00e1stico e da Borracha<\/strong>, que acontece de 25 a 29 de mar\u00e7o, no S\u00e3o Paulo Expo.<\/p>\n<p><strong><em>O credenciamento \u00e9 gratuito e deve ser feito exclusivamente no site da feira: <a href=\"https:\/\/www.plasticobrasil.com.br\/pt\/credenciamento.html\">https:\/\/www.plasticobrasil.com.br\/pt\/credenciamento.html<\/a>.<\/em><\/strong><\/p>\n<p>As mais de 600 marcas nacionais e internacionais confirmadas \u2013 inclusive de pa\u00edses como Alemanha, Argentina, \u00c1ustria, China, Estados Unidos, Hungria, \u00cdndia, M\u00e9xico, Portugal, Turquia e Su\u00ed\u00e7a \u2013 e o apoio de mais de 60 entidades da ind\u00fastria do Brasil e do exterior consolidam a feira como o principal evento do setor na Am\u00e9rica Latina j\u00e1 em sua segunda edi\u00e7\u00e3o, e criam um ambiente prop\u00edcio para os neg\u00f3cios, networking e conhecimento.<\/p>\n<p>Com uma \u00e1rea de exposi\u00e7\u00e3o 20% maior e mais de 60 novos expositores em rela\u00e7\u00e3o \u00e0 edi\u00e7\u00e3o inaugural, em 2017, a Pl\u00e1stico Brasil se posiciona como um evento imperd\u00edvel para os transformadores e fabricantes que querem atualizar ou ampliar suas plantas e se preparar para o novo ciclo de crescimento econ\u00f4mico.<\/p>\n<p>A feira vai apresentar em primeira m\u00e3o as \u00faltimas novidades de toda a cadeia industrial do pl\u00e1stico: m\u00e1quinas, equipamentos e&nbsp;acess\u00f3rios, mat\u00e9rias-primas e resinas, moldes e porta moldes, automa\u00e7\u00e3o&nbsp;industrial e rob\u00f3tica, perif\u00e9ricos, entre outros produtos, servi\u00e7os e solu\u00e7\u00f5es. Junto \u00e0s novidades nos estandes, os visitantes ter\u00e3o acesso a uma programa\u00e7\u00e3o t\u00e9cnica com cerca de 80 horas de semin\u00e1rios, palestras e workshops, a maioria deles gratuita.<\/p>\n<p>Para esta edi\u00e7\u00e3o, s\u00e3o esperados pelo menos 45 mil visitantes profissionais, do Brasil e de outros 30 pa\u00edses.<\/p>\n<p>Ao lado dos neg\u00f3cios, conhecimento e relacionamento, a Sustentabilidade \u00e9 um dos pilares da Pl\u00e1stico Brasil 2019. A feira vai destacar uma s\u00e9rie de a\u00e7\u00f5es que v\u00e3o n\u00e3o s\u00f3 colaborar com a preserva\u00e7\u00e3o do meio ambiente, como tamb\u00e9m inspirar os transformadores e demais visitantes profissionais a replicarem tecnologias ambientalmente corretas em seus neg\u00f3cios.<\/p>\n<h2><strong>Realiza\u00e7\u00e3o<\/strong><\/h2>\n<p><strong>ABIMAQ<\/strong><strong> &#8211; A Associa\u00e7\u00e3o Brasileira da Ind\u00fastria de M\u00e1quinas e Equipamentos<\/strong> representa cerca de 7.500 empresas dos mais diferentes segmentos fabricantes de bens de capital mec\u00e2nicos, cujo desempenho tem impacto direto sobre os demais setores produtivos nacionais e est\u00e1 estruturada nacionalmente com a sede em S\u00e3o Paulo, nove regionais e um Escrit\u00f3rio Pol\u00edtico em Bras\u00edlia. Muito al\u00e9m da representa\u00e7\u00e3o institucional do setor, a ABIMAQ tem a sua gest\u00e3o profissionalizada e as suas atividades voltadas para a gera\u00e7\u00e3o de oportunidades comerciais para as suas associadas, realizando a\u00e7\u00f5es junto \u00e0s inst\u00e2ncias pol\u00edticas e econ\u00f4micas, estimulando o com\u00e9rcio e a coopera\u00e7\u00e3o internacionais e contribuindo para aprimorar seu desempenho em termos de tecnologia, capacita\u00e7\u00e3o de recursos humanos e moderniza\u00e7\u00e3o gerencial.<\/p>\n<p>A&nbsp;<strong>ABIQUIM \u2013 Associa\u00e7\u00e3o Brasileira da Ind\u00fastria Qu\u00edmica<\/strong>&nbsp;\u00e9 uma entidade sem fins lucrativos fundada em 16 de junho de 1964, que congrega ind\u00fastrias qu\u00edmicas de grande, m\u00e9dio e pequeno portes, bem como prestadores de servi\u00e7os ao setor qu\u00edmico nas \u00e1reas de log\u00edstica, transporte, gerenciamento de res\u00edduos e atendimento a emerg\u00eancias. A associa\u00e7\u00e3o realiza o acompanhamento estat\u00edstico do setor, promove estudos espec\u00edficos sobre as atividades e produtos da ind\u00fastria qu\u00edmica, acompanha as mudan\u00e7as na legisla\u00e7\u00e3o e assessora as empresas associadas em assuntos econ\u00f4micos, t\u00e9cnicos e de com\u00e9rcio exterior. A entidade ainda representa o setor nas negocia\u00e7\u00f5es de acordos internacionais relacionados a produtos qu\u00edmicos.<\/p>\n<p>A <strong>Informa&nbsp;Exhibitions<\/strong>&nbsp;cria comunidades e conecta pessoas e marcas em todo o mundo e, aliando as entregas de suas feiras com uma nova estrat\u00e9gia digital, gera oportunidades e relacionamentos 365 dias por ano. Com escrit\u00f3rios em S\u00e3o Paulo (sede) e Curitiba e cerca de 200 profissionais, a empresa conta em seu portf\u00f3lio com marcas como Agrishow, Fispal Tecnologia, Fispal Food Service, ForM\u00f3bile, Futurecom, ABF Franchising Expo, Serigrafia SIGN FutureTEXTIL, Feimec, Expomafe, Pl\u00e1stico Brasil, High Design Home &amp; Office Expo, entre outros, totalizando 21 eventos setoriais. No mundo, atua em 150 escrit\u00f3rios em 57 pa\u00edses e \u00e9 l\u00edder em intelig\u00eancia de neg\u00f3cios, publica\u00e7\u00f5es acad\u00eamicas, conhecimento e eventos, com capital aberto e pap\u00e9is negociados na bolsa de Londres.<\/p>\n<h3><strong>Pl\u00e1stico Brasil &#8211; Feira Internacional do Pl\u00e1stico e da Borracha<\/strong><\/h3>\n<p><strong>Data:<\/strong> 25 a 29 de mar\u00e7o de 2019<\/p>\n<p><strong>Hor\u00e1rio:<\/strong> Das 10h \u00e0s 19h<\/p>\n<p><strong>Local:<\/strong> S\u00e3o Paulo Expo Exhibition &amp; Convention Center (Rodovia dos Imigrantes, km 1,5 \u2013 S\u00e3o Paulo \u2013 SP)<\/p>\n<p><strong>Realiza\u00e7\u00e3o:<\/strong> ABIMAQ \u2013 Associa\u00e7\u00e3o Brasileira da Ind\u00fastria de M\u00e1quinas e Equipamentos e ABIQUIM \u2013 Associa\u00e7\u00e3o Brasileira da Ind\u00fastria Qu\u00edmica.<\/p>\n<p><strong>Promo\u00e7\u00e3o e organiza\u00e7\u00e3o:<\/strong> Informa Exhibitions<\/p>\n<p><strong>Apoio: <\/strong>Euromap \u2013 European Plastics and Rubber Machinery<\/p>\n<p><strong>Patrocinador oficial: <\/strong>Romi<\/p>\n<p><strong>Expositores:<\/strong> mais de 600 marcas nacionais e internacionais<\/p>\n<p><strong>Setores: <\/strong>m\u00e1quinas; equipamentos e&nbsp;acess\u00f3rios; mat\u00e9rias-primas e resinas; moldes e porta moldes; automa\u00e7\u00e3o&nbsp;industrial e rob\u00f3tica; perif\u00e9ricos; entre outros produtos, servi\u00e7os e solu\u00e7\u00f5es.<\/p>\n<p><strong>P\u00fablico:<\/strong> em torno de 45 mil visitantes\/compradores<\/p>\n<p><strong>Entrada:<\/strong> profissionais do setor mediante credenciamento online (o credenciamento pode ser feito no site <a href=\"https:\/\/www.plasticobrasil.com.br\/pt\/credenciamento.html\">https:\/\/www.plasticobrasil.com.br\/pt\/credenciamento.html<\/a>)<\/p>\n<p><strong>M\u00eddias Sociais:<\/strong> facebook.com\/plasticobr<\/p>\n<p><strong><em><u>&nbsp;<\/u><\/em><\/strong><\/p>","protected":false},"excerpt":{"rendered":"<p>Transformadores de pl\u00e1stico, compradores e demais profissionais das ind\u00fastrias da borracha, constru\u00e7\u00e3o civil, alimentos e bebidas, autom\u00f3veis e autope\u00e7as, perfumaria, higiene e limpeza, embalagens, farmac\u00eautica, cosm\u00e9tica, entre outras, j\u00e1 podem fazer seu credenciamento gratuito e garantir presen\u00e7a na Pl\u00e1stico Brasil 2019<\/p>","protected":false},"author":18,"featured_media":0,"comment_status":"closed","ping_status":"closed","sticky":false,"template":"","format":"standard","meta":{"footnotes":""},"categories":[877],"tags":[193,191,194,192,190],"class_list":["post-3647","post","type-post","status-publish","format-standard","hentry","category-arquivo","tag-abiquim","tag-credenciamento","tag-informa-exhibitions","tag-plastico","tag-plastico-brasil"],"yoast_head":"<!-- This site is optimized with the Yoast SEO Premium plugin v27.1 (Yoast SEO v27.1.1) - https:\/\/yoast.com\/product\/yoast-seo-premium-wordpress\/ -->\n<title>PL\u00c1STICO BRASIL 2019 ABRE CREDENCIAMENTO PARA VISITANTES PROFISSIONAIS<\/title>\n<meta name=\"description\" content=\"Transformadores de pl\u00e1stico, compradores e demais profissionais das ind\u00fastrias da borracha, constru\u00e7\u00e3o civil, alimentos e bebidas, autom\u00f3veis e autope\u00e7as, perfumaria, higiene e limpeza, embalagens, farmac\u00eautica, cosm\u00e9tica, entre outras, j\u00e1 podem fazer seu credenciamento gratuito.\" \/>\n<meta name=\"robots\" content=\"index, follow, max-snippet:-1, max-image-preview:large, max-video-preview:-1\" \/>\n<link rel=\"canonical\" href=\"https:\/\/projetopack.com.br\/en\/plastico-brasil-2019-abre-credenciamento-para-visitantes-profissionais\/\" \/>\n<meta property=\"og:locale\" content=\"en_US\" \/>\n<meta property=\"og:type\" content=\"article\" \/>\n<meta property=\"og:title\" content=\"Feira Pl\u00e1stico Brasil 2019 abre o credenciamento para visitantes profissionais\" \/>\n<meta property=\"og:description\" content=\"Transformadores de pl\u00e1stico, compradores e demais profissionais das ind\u00fastrias da borracha, constru\u00e7\u00e3o civil, alimentos e bebidas, autom\u00f3veis e autope\u00e7as, perfumaria, higiene e limpeza, embalagens, farmac\u00eautica, cosm\u00e9tica, entre outras, j\u00e1 podem fazer seu credenciamento gratuito.\" \/>\n<meta property=\"og:url\" content=\"https:\/\/projetopack.com.br\/en\/plastico-brasil-2019-abre-credenciamento-para-visitantes-profissionais\/\" \/>\n<meta property=\"og:site_name\" content=\"ProjetoPack\" \/>\n<meta property=\"article:published_time\" content=\"2018-11-27T13:55:17+00:00\" \/>\n<meta property=\"article:modified_time\" content=\"2021-09-11T18:22:25+00:00\" \/>\n<meta property=\"og:image\" content=\"https:\/\/projetopack.com.br\/wp-content\/uploads\/2020\/06\/Capa-1200x630-1.png\" \/>\n\t<meta property=\"og:image:width\" content=\"1200\" \/>\n\t<meta property=\"og:image:height\" content=\"630\" \/>\n\t<meta property=\"og:image:type\" content=\"image\/png\" \/>\n<meta name=\"author\" content=\"Andrea\" \/>\n<meta name=\"twitter:card\" content=\"summary_large_image\" \/>\n<meta name=\"twitter:creator\" content=\"@ProjetoPack\" \/>\n<meta name=\"twitter:site\" content=\"@ProjetoPack\" \/>\n<meta name=\"twitter:label1\" content=\"Written by\" \/>\n\t<meta name=\"twitter:data1\" content=\"Andrea\" \/>\n\t<meta name=\"twitter:label2\" content=\"Est. reading time\" \/>\n\t<meta name=\"twitter:data2\" content=\"4 minutes\" \/>\n<script type=\"application\/ld+json\" class=\"yoast-schema-graph\">{\"@context\":\"https:\/\/schema.org\",\"@graph\":[{\"@type\":\"Article\",\"@id\":\"https:\/\/projetopack.com.br\/en\/plastico-brasil-2019-abre-credenciamento-para-visitantes-profissionais\/#article\",\"isPartOf\":{\"@id\":\"https:\/\/projetopack.com.br\/en\/plastico-brasil-2019-abre-credenciamento-para-visitantes-profissionais\/\"},\"author\":{\"name\":\"Andrea\",\"@id\":\"https:\/\/projetopack.com.br\/#\/schema\/person\/d17c72a4bc2b7e461496dd8a14d4cef1\"},\"headline\":\"Feira Pl\u00e1stico Brasil 2019 abre o credenciamento para visitantes profissionais\",\"datePublished\":\"2018-11-27T13:55:17+00:00\",\"dateModified\":\"2021-09-11T18:22:25+00:00\",\"mainEntityOfPage\":{\"@id\":\"https:\/\/projetopack.com.br\/en\/plastico-brasil-2019-abre-credenciamento-para-visitantes-profissionais\/\"},\"wordCount\":970,\"publisher\":{\"@id\":\"https:\/\/projetopack.com.br\/#organization\"},\"keywords\":[\"Abiquim\",\"CREDENCIAMENTO\",\"Informa Exhibitions\",\"PL\u00c1STICO\",\"PL\u00c1STICO BRASIL\"],\"articleSection\":[\"Arquivo\"],\"inLanguage\":\"en-US\"},{\"@type\":\"WebPage\",\"@id\":\"https:\/\/projetopack.com.br\/en\/plastico-brasil-2019-abre-credenciamento-para-visitantes-profissionais\/\",\"url\":\"https:\/\/projetopack.com.br\/en\/plastico-brasil-2019-abre-credenciamento-para-visitantes-profissionais\/\",\"name\":\"PL\u00c1STICO BRASIL 2019 ABRE CREDENCIAMENTO PARA VISITANTES PROFISSIONAIS\",\"isPartOf\":{\"@id\":\"https:\/\/projetopack.com.br\/#website\"},\"datePublished\":\"2018-11-27T13:55:17+00:00\",\"dateModified\":\"2021-09-11T18:22:25+00:00\",\"description\":\"Transformadores de pl\u00e1stico, compradores e demais profissionais das ind\u00fastrias da borracha, constru\u00e7\u00e3o civil, alimentos e bebidas, autom\u00f3veis e autope\u00e7as, perfumaria, higiene e limpeza, embalagens, farmac\u00eautica, cosm\u00e9tica, entre outras, j\u00e1 podem fazer seu credenciamento gratuito.\",\"breadcrumb\":{\"@id\":\"https:\/\/projetopack.com.br\/en\/plastico-brasil-2019-abre-credenciamento-para-visitantes-profissionais\/#breadcrumb\"},\"inLanguage\":\"en-US\",\"potentialAction\":[{\"@type\":\"ReadAction\",\"target\":[\"https:\/\/projetopack.com.br\/en\/plastico-brasil-2019-abre-credenciamento-para-visitantes-profissionais\/\"]}]},{\"@type\":\"BreadcrumbList\",\"@id\":\"https:\/\/projetopack.com.br\/en\/plastico-brasil-2019-abre-credenciamento-para-visitantes-profissionais\/#breadcrumb\",\"itemListElement\":[{\"@type\":\"ListItem\",\"position\":1,\"name\":\"P\u00e1gina Inicial\",\"item\":\"https:\/\/projetopack.com.br\/\"},{\"@type\":\"ListItem\",\"position\":2,\"name\":\"Arquivo\",\"item\":\"https:\/\/projetopack.com.br\/en\/category\/arquivo\/\"},{\"@type\":\"ListItem\",\"position\":3,\"name\":\"Feira Pl\u00e1stico Brasil 2019 abre o credenciamento para visitantes profissionais\"}]},{\"@type\":\"WebSite\",\"@id\":\"https:\/\/projetopack.com.br\/#website\",\"url\":\"https:\/\/projetopack.com.br\/\",\"name\":\"ProjetoPack\",\"description\":\"Consultoria e servi\u00e7os para embalagens, r\u00f3tulos, etiquetas e processos de impress\u00e3o\",\"publisher\":{\"@id\":\"https:\/\/projetopack.com.br\/#organization\"},\"potentialAction\":[{\"@type\":\"SearchAction\",\"target\":{\"@type\":\"EntryPoint\",\"urlTemplate\":\"https:\/\/projetopack.com.br\/?s={search_term_string}\"},\"query-input\":{\"@type\":\"PropertyValueSpecification\",\"valueRequired\":true,\"valueName\":\"search_term_string\"}}],\"inLanguage\":\"en-US\"},{\"@type\":\"Organization\",\"@id\":\"https:\/\/projetopack.com.br\/#organization\",\"name\":\"ProjetoPack & Associados\",\"url\":\"https:\/\/projetopack.com.br\/\",\"logo\":{\"@type\":\"ImageObject\",\"inLanguage\":\"en-US\",\"@id\":\"https:\/\/projetopack.com.br\/#\/schema\/logo\/image\/\",\"url\":\"https:\/\/projetopack.com.br\/wp-content\/uploads\/2020\/09\/projetopack.png\",\"contentUrl\":\"https:\/\/projetopack.com.br\/wp-content\/uploads\/2020\/09\/projetopack.png\",\"width\":200,\"height\":200,\"caption\":\"ProjetoPack & Associados\"},\"image\":{\"@id\":\"https:\/\/projetopack.com.br\/#\/schema\/logo\/image\/\"},\"sameAs\":[\"https:\/\/x.com\/ProjetoPack\",\"https:\/\/www.linkedin.com\/company\/projetopack\/\"]},{\"@type\":\"Person\",\"@id\":\"https:\/\/projetopack.com.br\/#\/schema\/person\/d17c72a4bc2b7e461496dd8a14d4cef1\",\"name\":\"Andrea\",\"image\":{\"@type\":\"ImageObject\",\"inLanguage\":\"en-US\",\"@id\":\"https:\/\/projetopack.com.br\/#\/schema\/person\/image\/\",\"url\":\"https:\/\/projetopack.com.br\/wp-content\/uploads\/2026\/03\/eu-150x150.jpg\",\"contentUrl\":\"https:\/\/projetopack.com.br\/wp-content\/uploads\/2026\/03\/eu-150x150.jpg\",\"caption\":\"Andrea\"},\"url\":\"https:\/\/projetopack.com.br\/en\/author\/andrea\/\"}]}<\/script>\n<!-- \/ Yoast SEO Premium plugin. -->","yoast_head_json":{"title":"PL\u00c1STICO BRASIL 2019 ABRE CREDENCIAMENTO PARA VISITANTES PROFISSIONAIS","description":"Transformadores de pl\u00e1stico, compradores e demais profissionais das ind\u00fastrias da borracha, constru\u00e7\u00e3o civil, alimentos e bebidas, autom\u00f3veis e autope\u00e7as, perfumaria, higiene e limpeza, embalagens, farmac\u00eautica, cosm\u00e9tica, entre outras, j\u00e1 podem fazer seu credenciamento gratuito.","robots":{"index":"index","follow":"follow","max-snippet":"max-snippet:-1","max-image-preview":"max-image-preview:large","max-video-preview":"max-video-preview:-1"},"canonical":"https:\/\/projetopack.com.br\/en\/plastico-brasil-2019-abre-credenciamento-para-visitantes-profissionais\/","og_locale":"en_US","og_type":"article","og_title":"Feira Pl\u00e1stico Brasil 2019 abre o credenciamento para visitantes profissionais","og_description":"Transformadores de pl\u00e1stico, compradores e demais profissionais das ind\u00fastrias da borracha, constru\u00e7\u00e3o civil, alimentos e bebidas, autom\u00f3veis e autope\u00e7as, perfumaria, higiene e limpeza, embalagens, farmac\u00eautica, cosm\u00e9tica, entre outras, j\u00e1 podem fazer seu credenciamento gratuito.","og_url":"https:\/\/projetopack.com.br\/en\/plastico-brasil-2019-abre-credenciamento-para-visitantes-profissionais\/","og_site_name":"ProjetoPack","article_published_time":"2018-11-27T13:55:17+00:00","article_modified_time":"2021-09-11T18:22:25+00:00","og_image":[{"width":1200,"height":630,"url":"https:\/\/projetopack.com.br\/wp-content\/uploads\/2020\/06\/Capa-1200x630-1.png","type":"image\/png"}],"author":"Andrea","twitter_card":"summary_large_image","twitter_creator":"@ProjetoPack","twitter_site":"@ProjetoPack","twitter_misc":{"Written by":"Andrea","Est. reading time":"4 minutes"},"schema":{"@context":"https:\/\/schema.org","@graph":[{"@type":"Article","@id":"https:\/\/projetopack.com.br\/en\/plastico-brasil-2019-abre-credenciamento-para-visitantes-profissionais\/#article","isPartOf":{"@id":"https:\/\/projetopack.com.br\/en\/plastico-brasil-2019-abre-credenciamento-para-visitantes-profissionais\/"},"author":{"name":"Andrea","@id":"https:\/\/projetopack.com.br\/#\/schema\/person\/d17c72a4bc2b7e461496dd8a14d4cef1"},"headline":"Feira Pl\u00e1stico Brasil 2019 abre o credenciamento para visitantes profissionais","datePublished":"2018-11-27T13:55:17+00:00","dateModified":"2021-09-11T18:22:25+00:00","mainEntityOfPage":{"@id":"https:\/\/projetopack.com.br\/en\/plastico-brasil-2019-abre-credenciamento-para-visitantes-profissionais\/"},"wordCount":970,"publisher":{"@id":"https:\/\/projetopack.com.br\/#organization"},"keywords":["Abiquim","CREDENCIAMENTO","Informa Exhibitions","PL\u00c1STICO","PL\u00c1STICO BRASIL"],"articleSection":["Arquivo"],"inLanguage":"en-US"},{"@type":"WebPage","@id":"https:\/\/projetopack.com.br\/en\/plastico-brasil-2019-abre-credenciamento-para-visitantes-profissionais\/","url":"https:\/\/projetopack.com.br\/en\/plastico-brasil-2019-abre-credenciamento-para-visitantes-profissionais\/","name":"PL\u00c1STICO BRASIL 2019 ABRE CREDENCIAMENTO PARA VISITANTES PROFISSIONAIS","isPartOf":{"@id":"https:\/\/projetopack.com.br\/#website"},"datePublished":"2018-11-27T13:55:17+00:00","dateModified":"2021-09-11T18:22:25+00:00","description":"Transformadores de pl\u00e1stico, compradores e demais profissionais das ind\u00fastrias da borracha, constru\u00e7\u00e3o civil, alimentos e bebidas, autom\u00f3veis e autope\u00e7as, perfumaria, higiene e limpeza, embalagens, farmac\u00eautica, cosm\u00e9tica, entre outras, j\u00e1 podem fazer seu credenciamento gratuito.","breadcrumb":{"@id":"https:\/\/projetopack.com.br\/en\/plastico-brasil-2019-abre-credenciamento-para-visitantes-profissionais\/#breadcrumb"},"inLanguage":"en-US","potentialAction":[{"@type":"ReadAction","target":["https:\/\/projetopack.com.br\/en\/plastico-brasil-2019-abre-credenciamento-para-visitantes-profissionais\/"]}]},{"@type":"BreadcrumbList","@id":"https:\/\/projetopack.com.br\/en\/plastico-brasil-2019-abre-credenciamento-para-visitantes-profissionais\/#breadcrumb","itemListElement":[{"@type":"ListItem","position":1,"name":"P\u00e1gina Inicial","item":"https:\/\/projetopack.com.br\/"},{"@type":"ListItem","position":2,"name":"Arquivo","item":"https:\/\/projetopack.com.br\/en\/category\/arquivo\/"},{"@type":"ListItem","position":3,"name":"Feira Pl\u00e1stico Brasil 2019 abre o credenciamento para visitantes profissionais"}]},{"@type":"WebSite","@id":"https:\/\/projetopack.com.br\/#website","url":"https:\/\/projetopack.com.br\/","name":"ProjetoPack","description":"Consultoria e servi\u00e7os para embalagens, r\u00f3tulos, etiquetas e processos de impress\u00e3o","publisher":{"@id":"https:\/\/projetopack.com.br\/#organization"},"potentialAction":[{"@type":"SearchAction","target":{"@type":"EntryPoint","urlTemplate":"https:\/\/projetopack.com.br\/?s={search_term_string}"},"query-input":{"@type":"PropertyValueSpecification","valueRequired":true,"valueName":"search_term_string"}}],"inLanguage":"en-US"},{"@type":"Organization","@id":"https:\/\/projetopack.com.br\/#organization","name":"ProjetoPack & Associados","url":"https:\/\/projetopack.com.br\/","logo":{"@type":"ImageObject","inLanguage":"en-US","@id":"https:\/\/projetopack.com.br\/#\/schema\/logo\/image\/","url":"https:\/\/projetopack.com.br\/wp-content\/uploads\/2020\/09\/projetopack.png","contentUrl":"https:\/\/projetopack.com.br\/wp-content\/uploads\/2020\/09\/projetopack.png","width":200,"height":200,"caption":"ProjetoPack & Associados"},"image":{"@id":"https:\/\/projetopack.com.br\/#\/schema\/logo\/image\/"},"sameAs":["https:\/\/x.com\/ProjetoPack","https:\/\/www.linkedin.com\/company\/projetopack\/"]},{"@type":"Person","@id":"https:\/\/projetopack.com.br\/#\/schema\/person\/d17c72a4bc2b7e461496dd8a14d4cef1","name":"Andrea","image":{"@type":"ImageObject","inLanguage":"en-US","@id":"https:\/\/projetopack.com.br\/#\/schema\/person\/image\/","url":"https:\/\/projetopack.com.br\/wp-content\/uploads\/2026\/03\/eu-150x150.jpg","contentUrl":"https:\/\/projetopack.com.br\/wp-content\/uploads\/2026\/03\/eu-150x150.jpg","caption":"Andrea"},"url":"https:\/\/projetopack.com.br\/en\/author\/andrea\/"}]}},"_links":{"self":[{"href":"https:\/\/projetopack.com.br\/en\/wp-json\/wp\/v2\/posts\/3647","targetHints":{"allow":["GET"]}}],"collection":[{"href":"https:\/\/projetopack.com.br\/en\/wp-json\/wp\/v2\/posts"}],"about":[{"href":"https:\/\/projetopack.com.br\/en\/wp-json\/wp\/v2\/types\/post"}],"author":[{"embeddable":true,"href":"https:\/\/projetopack.com.br\/en\/wp-json\/wp\/v2\/users\/18"}],"replies":[{"embeddable":true,"href":"https:\/\/projetopack.com.br\/en\/wp-json\/wp\/v2\/comments?post=3647"}],"version-history":[{"count":0,"href":"https:\/\/projetopack.com.br\/en\/wp-json\/wp\/v2\/posts\/3647\/revisions"}],"wp:attachment":[{"href":"https:\/\/projetopack.com.br\/en\/wp-json\/wp\/v2\/media?parent=3647"}],"wp:term":[{"taxonomy":"category","embeddable":true,"href":"https:\/\/projetopack.com.br\/en\/wp-json\/wp\/v2\/categories?post=3647"},{"taxonomy":"post_tag","embeddable":true,"href":"https:\/\/projetopack.com.br\/en\/wp-json\/wp\/v2\/tags?post=3647"}],"curies":[{"name":"wp","href":"https:\/\/api.w.org\/{rel}","templated":true}]}}