{"id":36915,"date":"2023-09-02T14:04:09","date_gmt":"2023-09-02T17:04:09","guid":{"rendered":"https:\/\/www.projetopack.com.br\/?p=36915"},"modified":"2026-03-16T16:48:04","modified_gmt":"2026-03-16T19:48:04","slug":"tradegar-anuncia-acordo-de-venda-da-terphane-para-o-grupo-oben","status":"publish","type":"post","link":"https:\/\/projetopack.com.br\/en\/tradegar-anuncia-acordo-de-venda-da-terphane-para-o-grupo-oben\/","title":{"rendered":"Tradegar anuncia acordo de venda da Terphane para o grupo Oben"},"content":{"rendered":"<p style=\"font-style:normal;font-weight:400\">A <strong><a href=\"https:\/\/tredegar.com\/\" target=\"_blank\" rel=\"noreferrer noopener\">Tredegar Corporation<\/a><\/strong> (NYSE:TG) anunciou a assinatura do acordo de venda (<em>agreement to sell<\/em>) da <strong><a href=\"https:\/\/www.terphane.com\/pt-br\/\" target=\"_blank\" rel=\"noreferrer noopener\">Terphane<\/a> <\/strong>para o <strong><a href=\"http:\/\/www.obengroup.com\" target=\"_blank\" rel=\"noreferrer noopener\">Grupo Oben<\/a><\/strong>. A <strong>Terphane<\/strong> tem aproximadamente 500 colaboradores, com matriz no Brasil (S\u00e3o Paulo), exporta para mais de 29 pa\u00edses e conta com opera\u00e7\u00f5es industriais no Brasil (Cabo de Santo Agostinho-PE) e nos Estados Unidos (Bloomfield-NY). O valor base livre de d\u00edvida da transa\u00e7\u00e3o \u00e9 de US$ 116 milh\u00f5es, e seu fechamento depender\u00e1 do cumprimento das condi\u00e7\u00f5es habituais, incluindo a libera\u00e7\u00e3o pelas autoridades regulat\u00f3rias concorrenciais no Brasil e na Col\u00f4mbia.<\/p>\n\n\n\n<blockquote class=\"wp-block-quote is-layout-flow wp-block-quote-is-layout-flow\">\n<p style=\"font-style:normal;font-weight:400\">&#8220;Acreditamos que a compra da <strong>Terphane<\/strong> pela <strong>Oben<\/strong> aumentar\u00e1 a escala e as oportunidades de crescimento no extremamente competitivo mercado global de embalagens flex\u00edveis.&#8221;<\/p>\n<cite><strong><strong>John Steitz<\/strong>, Presidente e CEO da <strong>Tredegar<\/strong><\/strong><\/cite><\/blockquote>\n\n\n\n<p class=\"has-light-green-cyan-background-color has-background\" style=\"font-style:normal;font-weight:400\"><strong>Gonzalo Belaunde<\/strong>, CEO da <strong>Oben<\/strong>, completa: &#8220;Estamos entusiasmados com a assinatura do acordo para adquirir a <strong>Terphane<\/strong>, uma importante produtora de filmes de BOPET no Brasil.\u00a0 A conclus\u00e3o dessa transa\u00e7\u00e3o fortalecer\u00e1 a posi\u00e7\u00e3o da <strong>Oben<\/strong> como <em>player <\/em>global no setor altamente competitivo de filmes flex\u00edveis, expandindo a capacidade de produ\u00e7\u00e3o de filmes BOPET e fornecendo uma \u00f3tima plataforma para expandir a capacidade de produ\u00e7\u00e3o de outros filmes, especialmente BOPP, nos EUA e no Brasil. Esperamos que nossas opera\u00e7\u00f5es e conhecimentos combinados, bem como as sinergias criadas pela transa\u00e7\u00e3o, aprimorem nossos servi\u00e7os aos clientes. Estamos ansiosos para que os funcion\u00e1rios da <strong>Terphane<\/strong> se juntem \u00e0 equipe da <strong>Oben<\/strong>&#8220;.<\/p>\n\n\n\n<p style=\"font-style:normal;font-weight:400\">Para <strong>Jos\u00e9 Bosco Silveira Jr.<\/strong>, Presidente do Grupo <strong>Terphane<\/strong>, &#8220;Com a adi\u00e7\u00e3o das opera\u00e7\u00f5es da <strong>Terphane<\/strong> no Brasil e nos Estados Unidos, o Grupo<strong> Oben<\/strong> ter\u00e1 uma presen\u00e7a operacional nos dois maiores mercados consumidores de embalagens flex\u00edveis das Am\u00e9ricas, fortalecendo sua posi\u00e7\u00e3o no altamente competitivo mercado global de filmes pl\u00e1sticos.\u00a0 O alto n\u00edvel de especializa\u00e7\u00e3o, conhecimento t\u00e9cnico, tradi\u00e7\u00e3o mercadol\u00f3gica e a capacidade de inova\u00e7\u00e3o da <strong>Terphane<\/strong> em filmes especiais de poli\u00e9ster, juntamente com o amplo portf\u00f3lio de produtos e de fabrica\u00e7\u00e3o da <strong>Oben<\/strong>, permitir\u00e3o que o futuro neg\u00f3cio conjunto expanda ainda mais sua proposta de valor para os clientes do mercado de embalagens nas Am\u00e9ricas e no mundo\u201d.<\/p>\n\n\n\n<p style=\"font-style:normal;font-weight:400\">Bosco lembra ainda que a <strong>Terphane<\/strong> permanecer\u00e1 sob o guarda-chuva da <strong>Tredegar Corporation<\/strong> e operar\u00e1 de forma totalmente independente do <strong>Grupo Oben<\/strong> enquanto a an\u00e1lise e aprova\u00e7\u00e3o das autoridades concorrenciais n\u00e3o s\u00e3o conclu\u00eddas.\u00a0 <\/p>\n\n\n\n<figure class=\"wp-block-pullquote\" style=\"font-style:normal;font-weight:400\"><blockquote><p>&#8220;Nosso foco continuar\u00e1 sendo o de aproveitar o incr\u00edvel time de profissionais da empresa para desenvolver e produzir solu\u00e7\u00f5es que ajudem nossos clientes diretos e os propriet\u00e1rios de marcas a criarem embalagens melhores, mais seguras, mais competitivas e sustent\u00e1veis&#8221;, <\/p><cite>acrescenta <strong>BOSCO<\/strong>, DA <strong>TERPHANE<\/strong>.<\/cite><\/blockquote><\/figure>\n\n\n\n<p style=\"font-style:normal;font-weight:400\">Os neg\u00f3cios da <strong>Tredegar<\/strong> est\u00e3o focados em tr\u00eas \u00e1reas industriais: extrus\u00e3o de alum\u00ednio para os mercados norte-americanos de constru\u00e7\u00e3o civil, automotivo e especialidades; filmes para prote\u00e7\u00e3o de superf\u00edcie para aplica\u00e7\u00f5es de alta tecnologia na ind\u00fastria global de eletr\u00f4nicos; e filmes de poli\u00e9ster para o mercado de embalagens flex\u00edveis e ind\u00fastria. As vendas da Tredegar em 2022 chegaram a US$ 939 milh\u00f5es. Ao todo s\u00e3o cerca de 1.800 colaboradores em plantas na Am\u00e9rica do Norte, Am\u00e9rica do Sul e \u00c1sia.<\/p>\n\n\n\n<p style=\"font-style:normal;font-weight:400\">Do outro lado, a <strong>Oben<\/strong> \u00e9 um importante player do mercado de insumos para a ind\u00fastria de embalagens flex\u00edveis, com mais de 31 anos de experi\u00eancia na produ\u00e7\u00e3o de filmes flex\u00edveis de \u00faltima gera\u00e7\u00e3o, com localiza\u00e7\u00f5es estrat\u00e9gicas em mais de 17 pa\u00edses e vendas para mais de 40 pa\u00edses nas Am\u00e9ricas, Europa e \u00c1frica. Possui um portf\u00f3lio diversificado que inclui BOPP, BOPET, BOPA, BOPE, CPP, al\u00e9m de produtos revestidos por extrus\u00e3o e termoformados.<\/p>\n\n\n\n<p>Leia mais em nosso blog:<\/p>\n\n\n\n<p><a href=\"https:\/\/projetopack.com.br\/terphane-investe-na-quarta-metalizadora-bobst\/\" target=\"_blank\" rel=\"noreferrer noopener\">Terphane investe na quarta metalizadora Bobst<\/a><\/p>","protected":false},"excerpt":{"rendered":"<p>Mercado de filmes de consolida mais com a aquisi\u00e7\u00e3o da Terphane pela Oben<\/p>","protected":false},"author":2,"featured_media":36916,"comment_status":"open","ping_status":"closed","sticky":true,"template":"","format":"standard","meta":{"footnotes":""},"categories":[782],"tags":[],"class_list":["post-36915","post","type-post","status-publish","format-standard","has-post-thumbnail","hentry","category-fusoes-e-aquisicoes"],"yoast_head":"<!-- This site is optimized with the Yoast SEO Premium plugin v27.1 (Yoast SEO v27.1.1) - https:\/\/yoast.com\/product\/yoast-seo-premium-wordpress\/ -->\n<title>Tradegar anuncia acordo de venda da Terphane para o grupo Oben - ProjetoPack<\/title>\n<meta name=\"description\" content=\"Grupo Tradegar anuncia acordo de venda da Terphane para o grupo Oben por USD 116 milh\u00f5es valor livre de d\u00edvida\" \/>\n<meta name=\"robots\" content=\"index, follow, max-snippet:-1, max-image-preview:large, max-video-preview:-1\" \/>\n<link rel=\"canonical\" href=\"https:\/\/projetopack.com.br\/en\/tradegar-anuncia-acordo-de-venda-da-terphane-para-o-grupo-oben\/\" \/>\n<meta property=\"og:locale\" content=\"en_US\" \/>\n<meta property=\"og:type\" content=\"article\" \/>\n<meta property=\"og:title\" content=\"Tradegar anuncia acordo de venda da Terphane para o grupo Oben\" \/>\n<meta property=\"og:description\" content=\"Grupo Tradegar anuncia acordo de venda da Terphane para o grupo Oben por USD 116 milh\u00f5es valor livre de d\u00edvida\" \/>\n<meta property=\"og:url\" content=\"https:\/\/projetopack.com.br\/en\/tradegar-anuncia-acordo-de-venda-da-terphane-para-o-grupo-oben\/\" \/>\n<meta property=\"og:site_name\" content=\"ProjetoPack\" \/>\n<meta property=\"article:published_time\" content=\"2023-09-02T17:04:09+00:00\" \/>\n<meta property=\"article:modified_time\" content=\"2026-03-16T19:48:04+00:00\" \/>\n<meta property=\"og:image\" content=\"https:\/\/projetopack.com.br\/wp-content\/uploads\/2023\/09\/2.jpg\" \/>\n\t<meta property=\"og:image:width\" content=\"1024\" \/>\n\t<meta property=\"og:image:height\" content=\"768\" \/>\n\t<meta property=\"og:image:type\" content=\"image\/jpeg\" \/>\n<meta name=\"author\" content=\"Aislan Baer\" \/>\n<meta name=\"twitter:card\" content=\"summary_large_image\" \/>\n<meta name=\"twitter:creator\" content=\"@ProjetoPack\" \/>\n<meta name=\"twitter:site\" content=\"@ProjetoPack\" \/>\n<meta name=\"twitter:label1\" content=\"Written by\" \/>\n\t<meta name=\"twitter:data1\" content=\"Aislan Baer\" \/>\n\t<meta name=\"twitter:label2\" content=\"Est. reading time\" \/>\n\t<meta name=\"twitter:data2\" content=\"4 minutes\" \/>\n<script type=\"application\/ld+json\" class=\"yoast-schema-graph\">{\"@context\":\"https:\/\/schema.org\",\"@graph\":[{\"@type\":\"Article\",\"@id\":\"https:\/\/projetopack.com.br\/tradegar-anuncia-acordo-de-venda-da-terphane-para-o-grupo-oben\/#article\",\"isPartOf\":{\"@id\":\"https:\/\/projetopack.com.br\/tradegar-anuncia-acordo-de-venda-da-terphane-para-o-grupo-oben\/\"},\"author\":{\"name\":\"Aislan Baer\",\"@id\":\"https:\/\/projetopack.com.br\/#\/schema\/person\/87cbd7d1e244880886d457815ebd2490\"},\"headline\":\"Tradegar anuncia acordo de venda da Terphane para o grupo Oben\",\"datePublished\":\"2023-09-02T17:04:09+00:00\",\"dateModified\":\"2026-03-16T19:48:04+00:00\",\"mainEntityOfPage\":{\"@id\":\"https:\/\/projetopack.com.br\/tradegar-anuncia-acordo-de-venda-da-terphane-para-o-grupo-oben\/\"},\"wordCount\":654,\"commentCount\":0,\"publisher\":{\"@id\":\"https:\/\/projetopack.com.br\/#organization\"},\"image\":{\"@id\":\"https:\/\/projetopack.com.br\/tradegar-anuncia-acordo-de-venda-da-terphane-para-o-grupo-oben\/#primaryimage\"},\"thumbnailUrl\":\"https:\/\/projetopack.com.br\/wp-content\/uploads\/2023\/09\/2.jpg\",\"articleSection\":[\"Fus\u00f5es e aquisi\u00e7\u00f5es\"],\"inLanguage\":\"en-US\",\"potentialAction\":[{\"@type\":\"CommentAction\",\"name\":\"Comment\",\"target\":[\"https:\/\/projetopack.com.br\/tradegar-anuncia-acordo-de-venda-da-terphane-para-o-grupo-oben\/#respond\"]}]},{\"@type\":\"WebPage\",\"@id\":\"https:\/\/projetopack.com.br\/tradegar-anuncia-acordo-de-venda-da-terphane-para-o-grupo-oben\/\",\"url\":\"https:\/\/projetopack.com.br\/tradegar-anuncia-acordo-de-venda-da-terphane-para-o-grupo-oben\/\",\"name\":\"Tradegar anuncia acordo de venda da Terphane para o grupo Oben - ProjetoPack\",\"isPartOf\":{\"@id\":\"https:\/\/projetopack.com.br\/#website\"},\"primaryImageOfPage\":{\"@id\":\"https:\/\/projetopack.com.br\/tradegar-anuncia-acordo-de-venda-da-terphane-para-o-grupo-oben\/#primaryimage\"},\"image\":{\"@id\":\"https:\/\/projetopack.com.br\/tradegar-anuncia-acordo-de-venda-da-terphane-para-o-grupo-oben\/#primaryimage\"},\"thumbnailUrl\":\"https:\/\/projetopack.com.br\/wp-content\/uploads\/2023\/09\/2.jpg\",\"datePublished\":\"2023-09-02T17:04:09+00:00\",\"dateModified\":\"2026-03-16T19:48:04+00:00\",\"description\":\"Grupo Tradegar anuncia acordo de venda da Terphane para o grupo Oben por USD 116 milh\u00f5es valor livre de d\u00edvida\",\"breadcrumb\":{\"@id\":\"https:\/\/projetopack.com.br\/tradegar-anuncia-acordo-de-venda-da-terphane-para-o-grupo-oben\/#breadcrumb\"},\"inLanguage\":\"en-US\",\"potentialAction\":[{\"@type\":\"ReadAction\",\"target\":[\"https:\/\/projetopack.com.br\/tradegar-anuncia-acordo-de-venda-da-terphane-para-o-grupo-oben\/\"]}]},{\"@type\":\"ImageObject\",\"inLanguage\":\"en-US\",\"@id\":\"https:\/\/projetopack.com.br\/tradegar-anuncia-acordo-de-venda-da-terphane-para-o-grupo-oben\/#primaryimage\",\"url\":\"https:\/\/projetopack.com.br\/wp-content\/uploads\/2023\/09\/2.jpg\",\"contentUrl\":\"https:\/\/projetopack.com.br\/wp-content\/uploads\/2023\/09\/2.jpg\",\"width\":\"1024\",\"height\":\"768\",\"caption\":\"Site da Terphane\"},{\"@type\":\"BreadcrumbList\",\"@id\":\"https:\/\/projetopack.com.br\/tradegar-anuncia-acordo-de-venda-da-terphane-para-o-grupo-oben\/#breadcrumb\",\"itemListElement\":[{\"@type\":\"ListItem\",\"position\":1,\"name\":\"P\u00e1gina Inicial\",\"item\":\"https:\/\/projetopack.com.br\/\"},{\"@type\":\"ListItem\",\"position\":2,\"name\":\"Fus\u00f5es e aquisi\u00e7\u00f5es\",\"item\":\"https:\/\/projetopack.com.br\/en\/category\/fusoes-e-aquisicoes\/\"},{\"@type\":\"ListItem\",\"position\":3,\"name\":\"Tradegar anuncia acordo de venda da Terphane para o grupo Oben\"}]},{\"@type\":\"WebSite\",\"@id\":\"https:\/\/projetopack.com.br\/#website\",\"url\":\"https:\/\/projetopack.com.br\/\",\"name\":\"ProjetoPack\",\"description\":\"Consultoria e servi\u00e7os para embalagens, r\u00f3tulos, etiquetas e processos de impress\u00e3o\",\"publisher\":{\"@id\":\"https:\/\/projetopack.com.br\/#organization\"},\"potentialAction\":[{\"@type\":\"SearchAction\",\"target\":{\"@type\":\"EntryPoint\",\"urlTemplate\":\"https:\/\/projetopack.com.br\/?s={search_term_string}\"},\"query-input\":{\"@type\":\"PropertyValueSpecification\",\"valueRequired\":true,\"valueName\":\"search_term_string\"}}],\"inLanguage\":\"en-US\"},{\"@type\":\"Organization\",\"@id\":\"https:\/\/projetopack.com.br\/#organization\",\"name\":\"ProjetoPack & Associados\",\"url\":\"https:\/\/projetopack.com.br\/\",\"logo\":{\"@type\":\"ImageObject\",\"inLanguage\":\"en-US\",\"@id\":\"https:\/\/projetopack.com.br\/#\/schema\/logo\/image\/\",\"url\":\"https:\/\/projetopack.com.br\/wp-content\/uploads\/2020\/09\/projetopack.png\",\"contentUrl\":\"https:\/\/projetopack.com.br\/wp-content\/uploads\/2020\/09\/projetopack.png\",\"width\":200,\"height\":200,\"caption\":\"ProjetoPack & Associados\"},\"image\":{\"@id\":\"https:\/\/projetopack.com.br\/#\/schema\/logo\/image\/\"},\"sameAs\":[\"https:\/\/x.com\/ProjetoPack\",\"https:\/\/www.linkedin.com\/company\/projetopack\/\"]},{\"@type\":\"Person\",\"@id\":\"https:\/\/projetopack.com.br\/#\/schema\/person\/87cbd7d1e244880886d457815ebd2490\",\"name\":\"Aislan Baer\",\"image\":{\"@type\":\"ImageObject\",\"inLanguage\":\"en-US\",\"@id\":\"https:\/\/projetopack.com.br\/#\/schema\/person\/image\/\",\"url\":\"https:\/\/projetopack.com.br\/wp-content\/uploads\/2021\/08\/Aislan-Busto-p-100x100.jpg\",\"contentUrl\":\"https:\/\/projetopack.com.br\/wp-content\/uploads\/2021\/08\/Aislan-Busto-p-100x100.jpg\",\"caption\":\"Aislan Baer\"},\"description\":\"Desde os \u00faltimos 20 anos, meu time e eu ajudamos mais de 300 empresas brasileiras e estrangeiras (algumas delas, l\u00edderes mundiais) a produzir embalagens flex\u00edveis e r\u00f3tulos com maior efici\u00eancia, menores custos e maior apelo visual, bem como centenas de donos de marcas a comprar suas embalagens flex\u00edveis e material impresso com um crit\u00e9rio mais t\u00e9cnico e assertivo. Ao mesmo tempo, gra\u00e7as \u00e0 nossa consultoria, muitas destas empresas melhoraram significativamente o seu processo de Impress\u00e3o (Impress\u00e3o de embalagens, Impress\u00e3o industrial, Impress\u00e3o funcional e, mais recentemente, bio impress\u00e3o e manufatura aditiva ou simplesmente Impress\u00e3o 3D). Se a sua empresa tem um problema relacionado a embalagens flex\u00edveis, r\u00f3tulos ou Impress\u00e3o, por mais insol\u00favel que lhe pare\u00e7a, aguardamos ansiosos a sua liga\u00e7\u00e3o ou e-mail. Este \u00e9 nosso trabalho e tamb\u00e9m a nossa paix\u00e3o.\",\"sameAs\":[\"http:\/\/www.projetopack.com\",\"https:\/\/www.linkedin.com\/in\/aislanbaer\/\"],\"jobTitle\":\"CEO @ ProjetoPack | L\u00edder em M&A no Setor de Impress\u00e3o e Embalagens no Brasil | Cofundador da Inovagraf e Neuraflow | Especialista em Inova\u00e7\u00e3o com IA na Impress\u00e3o | Printing Legacy Initiative | Empreendedor Serial\",\"url\":\"https:\/\/projetopack.com.br\/en\/author\/aislan\/\"}]}<\/script>\n<!-- \/ Yoast SEO Premium plugin. -->","yoast_head_json":{"title":"Tradegar anuncia acordo de venda da Terphane para o grupo Oben - ProjetoPack","description":"Grupo Tradegar anuncia acordo de venda da Terphane para o grupo Oben por USD 116 milh\u00f5es valor livre de d\u00edvida","robots":{"index":"index","follow":"follow","max-snippet":"max-snippet:-1","max-image-preview":"max-image-preview:large","max-video-preview":"max-video-preview:-1"},"canonical":"https:\/\/projetopack.com.br\/en\/tradegar-anuncia-acordo-de-venda-da-terphane-para-o-grupo-oben\/","og_locale":"en_US","og_type":"article","og_title":"Tradegar anuncia acordo de venda da Terphane para o grupo Oben","og_description":"Grupo Tradegar anuncia acordo de venda da Terphane para o grupo Oben por USD 116 milh\u00f5es valor livre de d\u00edvida","og_url":"https:\/\/projetopack.com.br\/en\/tradegar-anuncia-acordo-de-venda-da-terphane-para-o-grupo-oben\/","og_site_name":"ProjetoPack","article_published_time":"2023-09-02T17:04:09+00:00","article_modified_time":"2026-03-16T19:48:04+00:00","og_image":[{"width":1024,"height":768,"url":"https:\/\/projetopack.com.br\/wp-content\/uploads\/2023\/09\/2.jpg","type":"image\/jpeg"}],"author":"Aislan Baer","twitter_card":"summary_large_image","twitter_creator":"@ProjetoPack","twitter_site":"@ProjetoPack","twitter_misc":{"Written by":"Aislan Baer","Est. reading time":"4 minutes"},"schema":{"@context":"https:\/\/schema.org","@graph":[{"@type":"Article","@id":"https:\/\/projetopack.com.br\/tradegar-anuncia-acordo-de-venda-da-terphane-para-o-grupo-oben\/#article","isPartOf":{"@id":"https:\/\/projetopack.com.br\/tradegar-anuncia-acordo-de-venda-da-terphane-para-o-grupo-oben\/"},"author":{"name":"Aislan Baer","@id":"https:\/\/projetopack.com.br\/#\/schema\/person\/87cbd7d1e244880886d457815ebd2490"},"headline":"Tradegar anuncia acordo de venda da Terphane para o grupo Oben","datePublished":"2023-09-02T17:04:09+00:00","dateModified":"2026-03-16T19:48:04+00:00","mainEntityOfPage":{"@id":"https:\/\/projetopack.com.br\/tradegar-anuncia-acordo-de-venda-da-terphane-para-o-grupo-oben\/"},"wordCount":654,"commentCount":0,"publisher":{"@id":"https:\/\/projetopack.com.br\/#organization"},"image":{"@id":"https:\/\/projetopack.com.br\/tradegar-anuncia-acordo-de-venda-da-terphane-para-o-grupo-oben\/#primaryimage"},"thumbnailUrl":"https:\/\/projetopack.com.br\/wp-content\/uploads\/2023\/09\/2.jpg","articleSection":["Fus\u00f5es e aquisi\u00e7\u00f5es"],"inLanguage":"en-US","potentialAction":[{"@type":"CommentAction","name":"Comment","target":["https:\/\/projetopack.com.br\/tradegar-anuncia-acordo-de-venda-da-terphane-para-o-grupo-oben\/#respond"]}]},{"@type":"WebPage","@id":"https:\/\/projetopack.com.br\/tradegar-anuncia-acordo-de-venda-da-terphane-para-o-grupo-oben\/","url":"https:\/\/projetopack.com.br\/tradegar-anuncia-acordo-de-venda-da-terphane-para-o-grupo-oben\/","name":"Tradegar anuncia acordo de venda da Terphane para o grupo Oben - ProjetoPack","isPartOf":{"@id":"https:\/\/projetopack.com.br\/#website"},"primaryImageOfPage":{"@id":"https:\/\/projetopack.com.br\/tradegar-anuncia-acordo-de-venda-da-terphane-para-o-grupo-oben\/#primaryimage"},"image":{"@id":"https:\/\/projetopack.com.br\/tradegar-anuncia-acordo-de-venda-da-terphane-para-o-grupo-oben\/#primaryimage"},"thumbnailUrl":"https:\/\/projetopack.com.br\/wp-content\/uploads\/2023\/09\/2.jpg","datePublished":"2023-09-02T17:04:09+00:00","dateModified":"2026-03-16T19:48:04+00:00","description":"Grupo Tradegar anuncia acordo de venda da Terphane para o grupo Oben por USD 116 milh\u00f5es valor livre de d\u00edvida","breadcrumb":{"@id":"https:\/\/projetopack.com.br\/tradegar-anuncia-acordo-de-venda-da-terphane-para-o-grupo-oben\/#breadcrumb"},"inLanguage":"en-US","potentialAction":[{"@type":"ReadAction","target":["https:\/\/projetopack.com.br\/tradegar-anuncia-acordo-de-venda-da-terphane-para-o-grupo-oben\/"]}]},{"@type":"ImageObject","inLanguage":"en-US","@id":"https:\/\/projetopack.com.br\/tradegar-anuncia-acordo-de-venda-da-terphane-para-o-grupo-oben\/#primaryimage","url":"https:\/\/projetopack.com.br\/wp-content\/uploads\/2023\/09\/2.jpg","contentUrl":"https:\/\/projetopack.com.br\/wp-content\/uploads\/2023\/09\/2.jpg","width":"1024","height":"768","caption":"Site da Terphane"},{"@type":"BreadcrumbList","@id":"https:\/\/projetopack.com.br\/tradegar-anuncia-acordo-de-venda-da-terphane-para-o-grupo-oben\/#breadcrumb","itemListElement":[{"@type":"ListItem","position":1,"name":"P\u00e1gina Inicial","item":"https:\/\/projetopack.com.br\/"},{"@type":"ListItem","position":2,"name":"Fus\u00f5es e aquisi\u00e7\u00f5es","item":"https:\/\/projetopack.com.br\/en\/category\/fusoes-e-aquisicoes\/"},{"@type":"ListItem","position":3,"name":"Tradegar anuncia acordo de venda da Terphane para o grupo Oben"}]},{"@type":"WebSite","@id":"https:\/\/projetopack.com.br\/#website","url":"https:\/\/projetopack.com.br\/","name":"ProjetoPack","description":"Consultoria e servi\u00e7os para embalagens, r\u00f3tulos, etiquetas e processos de impress\u00e3o","publisher":{"@id":"https:\/\/projetopack.com.br\/#organization"},"potentialAction":[{"@type":"SearchAction","target":{"@type":"EntryPoint","urlTemplate":"https:\/\/projetopack.com.br\/?s={search_term_string}"},"query-input":{"@type":"PropertyValueSpecification","valueRequired":true,"valueName":"search_term_string"}}],"inLanguage":"en-US"},{"@type":"Organization","@id":"https:\/\/projetopack.com.br\/#organization","name":"ProjetoPack & Associados","url":"https:\/\/projetopack.com.br\/","logo":{"@type":"ImageObject","inLanguage":"en-US","@id":"https:\/\/projetopack.com.br\/#\/schema\/logo\/image\/","url":"https:\/\/projetopack.com.br\/wp-content\/uploads\/2020\/09\/projetopack.png","contentUrl":"https:\/\/projetopack.com.br\/wp-content\/uploads\/2020\/09\/projetopack.png","width":200,"height":200,"caption":"ProjetoPack & Associados"},"image":{"@id":"https:\/\/projetopack.com.br\/#\/schema\/logo\/image\/"},"sameAs":["https:\/\/x.com\/ProjetoPack","https:\/\/www.linkedin.com\/company\/projetopack\/"]},{"@type":"Person","@id":"https:\/\/projetopack.com.br\/#\/schema\/person\/87cbd7d1e244880886d457815ebd2490","name":"Aislan Baer","image":{"@type":"ImageObject","inLanguage":"en-US","@id":"https:\/\/projetopack.com.br\/#\/schema\/person\/image\/","url":"https:\/\/projetopack.com.br\/wp-content\/uploads\/2021\/08\/Aislan-Busto-p-100x100.jpg","contentUrl":"https:\/\/projetopack.com.br\/wp-content\/uploads\/2021\/08\/Aislan-Busto-p-100x100.jpg","caption":"Aislan Baer"},"description":"Desde os \u00faltimos 20 anos, meu time e eu ajudamos mais de 300 empresas brasileiras e estrangeiras (algumas delas, l\u00edderes mundiais) a produzir embalagens flex\u00edveis e r\u00f3tulos com maior efici\u00eancia, menores custos e maior apelo visual, bem como centenas de donos de marcas a comprar suas embalagens flex\u00edveis e material impresso com um crit\u00e9rio mais t\u00e9cnico e assertivo. Ao mesmo tempo, gra\u00e7as \u00e0 nossa consultoria, muitas destas empresas melhoraram significativamente o seu processo de Impress\u00e3o (Impress\u00e3o de embalagens, Impress\u00e3o industrial, Impress\u00e3o funcional e, mais recentemente, bio impress\u00e3o e manufatura aditiva ou simplesmente Impress\u00e3o 3D). Se a sua empresa tem um problema relacionado a embalagens flex\u00edveis, r\u00f3tulos ou Impress\u00e3o, por mais insol\u00favel que lhe pare\u00e7a, aguardamos ansiosos a sua liga\u00e7\u00e3o ou e-mail. Este \u00e9 nosso trabalho e tamb\u00e9m a nossa paix\u00e3o.","sameAs":["http:\/\/www.projetopack.com","https:\/\/www.linkedin.com\/in\/aislanbaer\/"],"jobTitle":"CEO @ ProjetoPack | L\u00edder em M&A no Setor de Impress\u00e3o e Embalagens no Brasil | Cofundador da Inovagraf e Neuraflow | Especialista em Inova\u00e7\u00e3o com IA na Impress\u00e3o | Printing Legacy Initiative | Empreendedor Serial","url":"https:\/\/projetopack.com.br\/en\/author\/aislan\/"}]}},"_links":{"self":[{"href":"https:\/\/projetopack.com.br\/en\/wp-json\/wp\/v2\/posts\/36915","targetHints":{"allow":["GET"]}}],"collection":[{"href":"https:\/\/projetopack.com.br\/en\/wp-json\/wp\/v2\/posts"}],"about":[{"href":"https:\/\/projetopack.com.br\/en\/wp-json\/wp\/v2\/types\/post"}],"author":[{"embeddable":true,"href":"https:\/\/projetopack.com.br\/en\/wp-json\/wp\/v2\/users\/2"}],"replies":[{"embeddable":true,"href":"https:\/\/projetopack.com.br\/en\/wp-json\/wp\/v2\/comments?post=36915"}],"version-history":[{"count":0,"href":"https:\/\/projetopack.com.br\/en\/wp-json\/wp\/v2\/posts\/36915\/revisions"}],"wp:featuredmedia":[{"embeddable":true,"href":"https:\/\/projetopack.com.br\/en\/wp-json\/wp\/v2\/media\/36916"}],"wp:attachment":[{"href":"https:\/\/projetopack.com.br\/en\/wp-json\/wp\/v2\/media?parent=36915"}],"wp:term":[{"taxonomy":"category","embeddable":true,"href":"https:\/\/projetopack.com.br\/en\/wp-json\/wp\/v2\/categories?post=36915"},{"taxonomy":"post_tag","embeddable":true,"href":"https:\/\/projetopack.com.br\/en\/wp-json\/wp\/v2\/tags?post=36915"}],"curies":[{"name":"wp","href":"https:\/\/api.w.org\/{rel}","templated":true}]}}