{"id":37323,"date":"2023-10-11T13:41:09","date_gmt":"2023-10-11T16:41:09","guid":{"rendered":"https:\/\/www.projetopack.com.br\/?p=37323"},"modified":"2026-03-16T16:48:03","modified_gmt":"2026-03-16T19:48:03","slug":"graffo-paranaense-adquire-inapel-embalagens","status":"publish","type":"post","link":"https:\/\/projetopack.com.br\/en\/graffo-paranaense-adquire-inapel-embalagens\/","title":{"rendered":"Graffo Paranaense adquire Inapel Embalagens"},"content":{"rendered":"<p style=\"font-style:normal;font-weight:400\">Num movimento importante ao mercado de embalagens flex\u00edveis laminadas, a <a href=\"http:\/\/www.graffo.ind.br\/\" target=\"_blank\" rel=\"noreferrer noopener\">Graffo<\/a> (Sonoco) assina acordo para a aquisi\u00e7\u00e3o da convertedora <a href=\"http:\/\/www.inapel.com.br\/\" target=\"_blank\" rel=\"noreferrer noopener\">Inapel Embalagens<\/a>, tradicional player do setor sediado em Bonsucesso.<\/p>\n\n\n\n<p style=\"font-style:normal;font-weight:400\">Evidentemente, a transa\u00e7\u00e3o passar\u00e1 neste momento no crivo do CADE. Os valores da transa\u00e7\u00e3o n\u00e3o foram revelados.<\/p>\n\n\n\n<p class=\"has-pale-cyan-blue-background-color has-background\" style=\"font-style:normal;font-weight:400\">A Inapel produz uma ampla gama de embalagens flex\u00edveis, tais como blisters, brick packs, doypacks, flowpacks, wraps, pillow pouches, tampas e selos, stickpacks e strips, utilizados no setor aliment\u00edcio, farmac\u00eautico, cosm\u00e9tico e de cuidados com o lar, dentre outros.<\/p>\n\n\n\n<p style=\"font-style:normal;font-weight:400\">A empresa est\u00e1 sendo gerida atualmente pela segunda gera\u00e7\u00e3o das fam\u00edlias fundadoras, e imprime em rotogravura, embalagens flex\u00edveis laminadas e monocamada de alta qualidade para clientes nacionais e globais.<\/p>\n\n\n\n<p style=\"font-style:normal;font-weight:400\"><a href=\"https:\/\/projetopack.com.br\/tradegar-anuncia-acordo-de-venda-da-terphane-para-o-grupo-oben\/\" target=\"_blank\" rel=\"noreferrer noopener\">Tradegar assina acordo para venda da Terphane ao grupo Oben<\/a><\/p>","protected":false},"excerpt":{"rendered":"<p>Graffo Paranaense assina acordo para aquisi\u00e7\u00e3o da Inapel<\/p>","protected":false},"author":2,"featured_media":37324,"comment_status":"open","ping_status":"closed","sticky":true,"template":"","format":"standard","meta":{"footnotes":""},"categories":[782],"tags":[1115],"class_list":["post-37323","post","type-post","status-publish","format-standard","has-post-thumbnail","hentry","category-fusoes-e-aquisicoes","tag-inapel"],"yoast_head":"<!-- This site is optimized with the Yoast SEO Premium plugin v27.1 (Yoast SEO v27.1.1) - https:\/\/yoast.com\/product\/yoast-seo-premium-wordpress\/ -->\n<title>Graffo Paranaense adquire Inapel Embalagens - ProjetoPack<\/title>\n<meta name=\"description\" content=\"Graffo Paranaense assina acordo para aquisi\u00e7\u00e3o da convertedora de rotogravura Inapel Embalagens, em Bonsucesso, Guarulhos\" \/>\n<meta name=\"robots\" content=\"index, follow, max-snippet:-1, max-image-preview:large, max-video-preview:-1\" \/>\n<link rel=\"canonical\" href=\"https:\/\/projetopack.com.br\/en\/graffo-paranaense-adquire-inapel-embalagens\/\" \/>\n<meta property=\"og:locale\" content=\"en_US\" \/>\n<meta property=\"og:type\" content=\"article\" \/>\n<meta property=\"og:title\" content=\"Graffo Paranaense adquire Inapel Embalagens\" \/>\n<meta property=\"og:description\" content=\"Graffo Paranaense assina acordo para aquisi\u00e7\u00e3o da convertedora de rotogravura Inapel Embalagens, em Bonsucesso, Guarulhos\" \/>\n<meta property=\"og:url\" content=\"https:\/\/projetopack.com.br\/en\/graffo-paranaense-adquire-inapel-embalagens\/\" \/>\n<meta property=\"og:site_name\" content=\"ProjetoPack\" \/>\n<meta property=\"article:published_time\" content=\"2023-10-11T16:41:09+00:00\" \/>\n<meta property=\"article:modified_time\" content=\"2026-03-16T19:48:03+00:00\" \/>\n<meta property=\"og:image\" content=\"https:\/\/projetopack.com.br\/wp-content\/uploads\/2023\/10\/sonoco_zwenkau_silos-1541397958.jpeg\" \/>\n\t<meta property=\"og:image:width\" content=\"800\" \/>\n\t<meta property=\"og:image:height\" content=\"498\" \/>\n\t<meta property=\"og:image:type\" content=\"image\/jpeg\" \/>\n<meta name=\"author\" content=\"Aislan Baer\" \/>\n<meta name=\"twitter:card\" content=\"summary_large_image\" \/>\n<meta name=\"twitter:creator\" content=\"@ProjetoPack\" \/>\n<meta name=\"twitter:site\" content=\"@ProjetoPack\" \/>\n<meta name=\"twitter:label1\" content=\"Written by\" \/>\n\t<meta name=\"twitter:data1\" content=\"Aislan Baer\" \/>\n\t<meta name=\"twitter:label2\" content=\"Est. reading time\" \/>\n\t<meta name=\"twitter:data2\" content=\"1 minute\" \/>\n<script type=\"application\/ld+json\" class=\"yoast-schema-graph\">{\"@context\":\"https:\/\/schema.org\",\"@graph\":[{\"@type\":\"Article\",\"@id\":\"https:\/\/projetopack.com.br\/graffo-paranaense-adquire-inapel-embalagens\/#article\",\"isPartOf\":{\"@id\":\"https:\/\/projetopack.com.br\/graffo-paranaense-adquire-inapel-embalagens\/\"},\"author\":{\"name\":\"Aislan Baer\",\"@id\":\"https:\/\/projetopack.com.br\/#\/schema\/person\/87cbd7d1e244880886d457815ebd2490\"},\"headline\":\"Graffo Paranaense adquire Inapel Embalagens\",\"datePublished\":\"2023-10-11T16:41:09+00:00\",\"dateModified\":\"2026-03-16T19:48:03+00:00\",\"mainEntityOfPage\":{\"@id\":\"https:\/\/projetopack.com.br\/graffo-paranaense-adquire-inapel-embalagens\/\"},\"wordCount\":140,\"commentCount\":0,\"publisher\":{\"@id\":\"https:\/\/projetopack.com.br\/#organization\"},\"image\":{\"@id\":\"https:\/\/projetopack.com.br\/graffo-paranaense-adquire-inapel-embalagens\/#primaryimage\"},\"thumbnailUrl\":\"https:\/\/projetopack.com.br\/wp-content\/uploads\/2023\/10\/sonoco_zwenkau_silos-1541397958.jpeg\",\"keywords\":[\"inapel\"],\"articleSection\":[\"Fus\u00f5es e aquisi\u00e7\u00f5es\"],\"inLanguage\":\"en-US\",\"potentialAction\":[{\"@type\":\"CommentAction\",\"name\":\"Comment\",\"target\":[\"https:\/\/projetopack.com.br\/graffo-paranaense-adquire-inapel-embalagens\/#respond\"]}]},{\"@type\":\"WebPage\",\"@id\":\"https:\/\/projetopack.com.br\/graffo-paranaense-adquire-inapel-embalagens\/\",\"url\":\"https:\/\/projetopack.com.br\/graffo-paranaense-adquire-inapel-embalagens\/\",\"name\":\"Graffo Paranaense adquire Inapel Embalagens - ProjetoPack\",\"isPartOf\":{\"@id\":\"https:\/\/projetopack.com.br\/#website\"},\"primaryImageOfPage\":{\"@id\":\"https:\/\/projetopack.com.br\/graffo-paranaense-adquire-inapel-embalagens\/#primaryimage\"},\"image\":{\"@id\":\"https:\/\/projetopack.com.br\/graffo-paranaense-adquire-inapel-embalagens\/#primaryimage\"},\"thumbnailUrl\":\"https:\/\/projetopack.com.br\/wp-content\/uploads\/2023\/10\/sonoco_zwenkau_silos-1541397958.jpeg\",\"datePublished\":\"2023-10-11T16:41:09+00:00\",\"dateModified\":\"2026-03-16T19:48:03+00:00\",\"description\":\"Graffo Paranaense assina acordo para aquisi\u00e7\u00e3o da convertedora de rotogravura Inapel Embalagens, em Bonsucesso, Guarulhos\",\"breadcrumb\":{\"@id\":\"https:\/\/projetopack.com.br\/graffo-paranaense-adquire-inapel-embalagens\/#breadcrumb\"},\"inLanguage\":\"en-US\",\"potentialAction\":[{\"@type\":\"ReadAction\",\"target\":[\"https:\/\/projetopack.com.br\/graffo-paranaense-adquire-inapel-embalagens\/\"]}]},{\"@type\":\"ImageObject\",\"inLanguage\":\"en-US\",\"@id\":\"https:\/\/projetopack.com.br\/graffo-paranaense-adquire-inapel-embalagens\/#primaryimage\",\"url\":\"https:\/\/projetopack.com.br\/wp-content\/uploads\/2023\/10\/sonoco_zwenkau_silos-1541397958.jpeg\",\"contentUrl\":\"https:\/\/projetopack.com.br\/wp-content\/uploads\/2023\/10\/sonoco_zwenkau_silos-1541397958.jpeg\",\"width\":\"800\",\"height\":\"498\",\"caption\":\"sonoco\"},{\"@type\":\"BreadcrumbList\",\"@id\":\"https:\/\/projetopack.com.br\/graffo-paranaense-adquire-inapel-embalagens\/#breadcrumb\",\"itemListElement\":[{\"@type\":\"ListItem\",\"position\":1,\"name\":\"P\u00e1gina Inicial\",\"item\":\"https:\/\/projetopack.com.br\/\"},{\"@type\":\"ListItem\",\"position\":2,\"name\":\"Fus\u00f5es e aquisi\u00e7\u00f5es\",\"item\":\"https:\/\/projetopack.com.br\/en\/category\/fusoes-e-aquisicoes\/\"},{\"@type\":\"ListItem\",\"position\":3,\"name\":\"Graffo Paranaense adquire Inapel Embalagens\"}]},{\"@type\":\"WebSite\",\"@id\":\"https:\/\/projetopack.com.br\/#website\",\"url\":\"https:\/\/projetopack.com.br\/\",\"name\":\"ProjetoPack\",\"description\":\"Consultoria e servi\u00e7os para embalagens, r\u00f3tulos, etiquetas e processos de impress\u00e3o\",\"publisher\":{\"@id\":\"https:\/\/projetopack.com.br\/#organization\"},\"potentialAction\":[{\"@type\":\"SearchAction\",\"target\":{\"@type\":\"EntryPoint\",\"urlTemplate\":\"https:\/\/projetopack.com.br\/?s={search_term_string}\"},\"query-input\":{\"@type\":\"PropertyValueSpecification\",\"valueRequired\":true,\"valueName\":\"search_term_string\"}}],\"inLanguage\":\"en-US\"},{\"@type\":\"Organization\",\"@id\":\"https:\/\/projetopack.com.br\/#organization\",\"name\":\"ProjetoPack & Associados\",\"url\":\"https:\/\/projetopack.com.br\/\",\"logo\":{\"@type\":\"ImageObject\",\"inLanguage\":\"en-US\",\"@id\":\"https:\/\/projetopack.com.br\/#\/schema\/logo\/image\/\",\"url\":\"https:\/\/projetopack.com.br\/wp-content\/uploads\/2020\/09\/projetopack.png\",\"contentUrl\":\"https:\/\/projetopack.com.br\/wp-content\/uploads\/2020\/09\/projetopack.png\",\"width\":200,\"height\":200,\"caption\":\"ProjetoPack & Associados\"},\"image\":{\"@id\":\"https:\/\/projetopack.com.br\/#\/schema\/logo\/image\/\"},\"sameAs\":[\"https:\/\/x.com\/ProjetoPack\",\"https:\/\/www.linkedin.com\/company\/projetopack\/\"]},{\"@type\":\"Person\",\"@id\":\"https:\/\/projetopack.com.br\/#\/schema\/person\/87cbd7d1e244880886d457815ebd2490\",\"name\":\"Aislan Baer\",\"image\":{\"@type\":\"ImageObject\",\"inLanguage\":\"en-US\",\"@id\":\"https:\/\/projetopack.com.br\/#\/schema\/person\/image\/\",\"url\":\"https:\/\/projetopack.com.br\/wp-content\/uploads\/2021\/08\/Aislan-Busto-p-100x100.jpg\",\"contentUrl\":\"https:\/\/projetopack.com.br\/wp-content\/uploads\/2021\/08\/Aislan-Busto-p-100x100.jpg\",\"caption\":\"Aislan Baer\"},\"description\":\"Desde os \u00faltimos 20 anos, meu time e eu ajudamos mais de 300 empresas brasileiras e estrangeiras (algumas delas, l\u00edderes mundiais) a produzir embalagens flex\u00edveis e r\u00f3tulos com maior efici\u00eancia, menores custos e maior apelo visual, bem como centenas de donos de marcas a comprar suas embalagens flex\u00edveis e material impresso com um crit\u00e9rio mais t\u00e9cnico e assertivo. Ao mesmo tempo, gra\u00e7as \u00e0 nossa consultoria, muitas destas empresas melhoraram significativamente o seu processo de Impress\u00e3o (Impress\u00e3o de embalagens, Impress\u00e3o industrial, Impress\u00e3o funcional e, mais recentemente, bio impress\u00e3o e manufatura aditiva ou simplesmente Impress\u00e3o 3D). Se a sua empresa tem um problema relacionado a embalagens flex\u00edveis, r\u00f3tulos ou Impress\u00e3o, por mais insol\u00favel que lhe pare\u00e7a, aguardamos ansiosos a sua liga\u00e7\u00e3o ou e-mail. Este \u00e9 nosso trabalho e tamb\u00e9m a nossa paix\u00e3o.\",\"sameAs\":[\"http:\/\/www.projetopack.com\",\"https:\/\/www.linkedin.com\/in\/aislanbaer\/\"],\"jobTitle\":\"CEO @ ProjetoPack | L\u00edder em M&A no Setor de Impress\u00e3o e Embalagens no Brasil | Cofundador da Inovagraf e Neuraflow | Especialista em Inova\u00e7\u00e3o com IA na Impress\u00e3o | Printing Legacy Initiative | Empreendedor Serial\",\"url\":\"https:\/\/projetopack.com.br\/en\/author\/aislan\/\"}]}<\/script>\n<!-- \/ Yoast SEO Premium plugin. -->","yoast_head_json":{"title":"Graffo Paranaense adquire Inapel Embalagens - ProjetoPack","description":"Graffo Paranaense assina acordo para aquisi\u00e7\u00e3o da convertedora de rotogravura Inapel Embalagens, em Bonsucesso, Guarulhos","robots":{"index":"index","follow":"follow","max-snippet":"max-snippet:-1","max-image-preview":"max-image-preview:large","max-video-preview":"max-video-preview:-1"},"canonical":"https:\/\/projetopack.com.br\/en\/graffo-paranaense-adquire-inapel-embalagens\/","og_locale":"en_US","og_type":"article","og_title":"Graffo Paranaense adquire Inapel Embalagens","og_description":"Graffo Paranaense assina acordo para aquisi\u00e7\u00e3o da convertedora de rotogravura Inapel Embalagens, em Bonsucesso, Guarulhos","og_url":"https:\/\/projetopack.com.br\/en\/graffo-paranaense-adquire-inapel-embalagens\/","og_site_name":"ProjetoPack","article_published_time":"2023-10-11T16:41:09+00:00","article_modified_time":"2026-03-16T19:48:03+00:00","og_image":[{"width":800,"height":498,"url":"https:\/\/projetopack.com.br\/wp-content\/uploads\/2023\/10\/sonoco_zwenkau_silos-1541397958.jpeg","type":"image\/jpeg"}],"author":"Aislan Baer","twitter_card":"summary_large_image","twitter_creator":"@ProjetoPack","twitter_site":"@ProjetoPack","twitter_misc":{"Written by":"Aislan Baer","Est. reading time":"1 minute"},"schema":{"@context":"https:\/\/schema.org","@graph":[{"@type":"Article","@id":"https:\/\/projetopack.com.br\/graffo-paranaense-adquire-inapel-embalagens\/#article","isPartOf":{"@id":"https:\/\/projetopack.com.br\/graffo-paranaense-adquire-inapel-embalagens\/"},"author":{"name":"Aislan Baer","@id":"https:\/\/projetopack.com.br\/#\/schema\/person\/87cbd7d1e244880886d457815ebd2490"},"headline":"Graffo Paranaense adquire Inapel Embalagens","datePublished":"2023-10-11T16:41:09+00:00","dateModified":"2026-03-16T19:48:03+00:00","mainEntityOfPage":{"@id":"https:\/\/projetopack.com.br\/graffo-paranaense-adquire-inapel-embalagens\/"},"wordCount":140,"commentCount":0,"publisher":{"@id":"https:\/\/projetopack.com.br\/#organization"},"image":{"@id":"https:\/\/projetopack.com.br\/graffo-paranaense-adquire-inapel-embalagens\/#primaryimage"},"thumbnailUrl":"https:\/\/projetopack.com.br\/wp-content\/uploads\/2023\/10\/sonoco_zwenkau_silos-1541397958.jpeg","keywords":["inapel"],"articleSection":["Fus\u00f5es e aquisi\u00e7\u00f5es"],"inLanguage":"en-US","potentialAction":[{"@type":"CommentAction","name":"Comment","target":["https:\/\/projetopack.com.br\/graffo-paranaense-adquire-inapel-embalagens\/#respond"]}]},{"@type":"WebPage","@id":"https:\/\/projetopack.com.br\/graffo-paranaense-adquire-inapel-embalagens\/","url":"https:\/\/projetopack.com.br\/graffo-paranaense-adquire-inapel-embalagens\/","name":"Graffo Paranaense adquire Inapel Embalagens - ProjetoPack","isPartOf":{"@id":"https:\/\/projetopack.com.br\/#website"},"primaryImageOfPage":{"@id":"https:\/\/projetopack.com.br\/graffo-paranaense-adquire-inapel-embalagens\/#primaryimage"},"image":{"@id":"https:\/\/projetopack.com.br\/graffo-paranaense-adquire-inapel-embalagens\/#primaryimage"},"thumbnailUrl":"https:\/\/projetopack.com.br\/wp-content\/uploads\/2023\/10\/sonoco_zwenkau_silos-1541397958.jpeg","datePublished":"2023-10-11T16:41:09+00:00","dateModified":"2026-03-16T19:48:03+00:00","description":"Graffo Paranaense assina acordo para aquisi\u00e7\u00e3o da convertedora de rotogravura Inapel Embalagens, em Bonsucesso, Guarulhos","breadcrumb":{"@id":"https:\/\/projetopack.com.br\/graffo-paranaense-adquire-inapel-embalagens\/#breadcrumb"},"inLanguage":"en-US","potentialAction":[{"@type":"ReadAction","target":["https:\/\/projetopack.com.br\/graffo-paranaense-adquire-inapel-embalagens\/"]}]},{"@type":"ImageObject","inLanguage":"en-US","@id":"https:\/\/projetopack.com.br\/graffo-paranaense-adquire-inapel-embalagens\/#primaryimage","url":"https:\/\/projetopack.com.br\/wp-content\/uploads\/2023\/10\/sonoco_zwenkau_silos-1541397958.jpeg","contentUrl":"https:\/\/projetopack.com.br\/wp-content\/uploads\/2023\/10\/sonoco_zwenkau_silos-1541397958.jpeg","width":"800","height":"498","caption":"sonoco"},{"@type":"BreadcrumbList","@id":"https:\/\/projetopack.com.br\/graffo-paranaense-adquire-inapel-embalagens\/#breadcrumb","itemListElement":[{"@type":"ListItem","position":1,"name":"P\u00e1gina Inicial","item":"https:\/\/projetopack.com.br\/"},{"@type":"ListItem","position":2,"name":"Fus\u00f5es e aquisi\u00e7\u00f5es","item":"https:\/\/projetopack.com.br\/en\/category\/fusoes-e-aquisicoes\/"},{"@type":"ListItem","position":3,"name":"Graffo Paranaense adquire Inapel Embalagens"}]},{"@type":"WebSite","@id":"https:\/\/projetopack.com.br\/#website","url":"https:\/\/projetopack.com.br\/","name":"ProjetoPack","description":"Consultoria e servi\u00e7os para embalagens, r\u00f3tulos, etiquetas e processos de impress\u00e3o","publisher":{"@id":"https:\/\/projetopack.com.br\/#organization"},"potentialAction":[{"@type":"SearchAction","target":{"@type":"EntryPoint","urlTemplate":"https:\/\/projetopack.com.br\/?s={search_term_string}"},"query-input":{"@type":"PropertyValueSpecification","valueRequired":true,"valueName":"search_term_string"}}],"inLanguage":"en-US"},{"@type":"Organization","@id":"https:\/\/projetopack.com.br\/#organization","name":"ProjetoPack & Associados","url":"https:\/\/projetopack.com.br\/","logo":{"@type":"ImageObject","inLanguage":"en-US","@id":"https:\/\/projetopack.com.br\/#\/schema\/logo\/image\/","url":"https:\/\/projetopack.com.br\/wp-content\/uploads\/2020\/09\/projetopack.png","contentUrl":"https:\/\/projetopack.com.br\/wp-content\/uploads\/2020\/09\/projetopack.png","width":200,"height":200,"caption":"ProjetoPack & Associados"},"image":{"@id":"https:\/\/projetopack.com.br\/#\/schema\/logo\/image\/"},"sameAs":["https:\/\/x.com\/ProjetoPack","https:\/\/www.linkedin.com\/company\/projetopack\/"]},{"@type":"Person","@id":"https:\/\/projetopack.com.br\/#\/schema\/person\/87cbd7d1e244880886d457815ebd2490","name":"Aislan Baer","image":{"@type":"ImageObject","inLanguage":"en-US","@id":"https:\/\/projetopack.com.br\/#\/schema\/person\/image\/","url":"https:\/\/projetopack.com.br\/wp-content\/uploads\/2021\/08\/Aislan-Busto-p-100x100.jpg","contentUrl":"https:\/\/projetopack.com.br\/wp-content\/uploads\/2021\/08\/Aislan-Busto-p-100x100.jpg","caption":"Aislan Baer"},"description":"Desde os \u00faltimos 20 anos, meu time e eu ajudamos mais de 300 empresas brasileiras e estrangeiras (algumas delas, l\u00edderes mundiais) a produzir embalagens flex\u00edveis e r\u00f3tulos com maior efici\u00eancia, menores custos e maior apelo visual, bem como centenas de donos de marcas a comprar suas embalagens flex\u00edveis e material impresso com um crit\u00e9rio mais t\u00e9cnico e assertivo. Ao mesmo tempo, gra\u00e7as \u00e0 nossa consultoria, muitas destas empresas melhoraram significativamente o seu processo de Impress\u00e3o (Impress\u00e3o de embalagens, Impress\u00e3o industrial, Impress\u00e3o funcional e, mais recentemente, bio impress\u00e3o e manufatura aditiva ou simplesmente Impress\u00e3o 3D). Se a sua empresa tem um problema relacionado a embalagens flex\u00edveis, r\u00f3tulos ou Impress\u00e3o, por mais insol\u00favel que lhe pare\u00e7a, aguardamos ansiosos a sua liga\u00e7\u00e3o ou e-mail. Este \u00e9 nosso trabalho e tamb\u00e9m a nossa paix\u00e3o.","sameAs":["http:\/\/www.projetopack.com","https:\/\/www.linkedin.com\/in\/aislanbaer\/"],"jobTitle":"CEO @ ProjetoPack | L\u00edder em M&A no Setor de Impress\u00e3o e Embalagens no Brasil | Cofundador da Inovagraf e Neuraflow | Especialista em Inova\u00e7\u00e3o com IA na Impress\u00e3o | Printing Legacy Initiative | Empreendedor Serial","url":"https:\/\/projetopack.com.br\/en\/author\/aislan\/"}]}},"_links":{"self":[{"href":"https:\/\/projetopack.com.br\/en\/wp-json\/wp\/v2\/posts\/37323","targetHints":{"allow":["GET"]}}],"collection":[{"href":"https:\/\/projetopack.com.br\/en\/wp-json\/wp\/v2\/posts"}],"about":[{"href":"https:\/\/projetopack.com.br\/en\/wp-json\/wp\/v2\/types\/post"}],"author":[{"embeddable":true,"href":"https:\/\/projetopack.com.br\/en\/wp-json\/wp\/v2\/users\/2"}],"replies":[{"embeddable":true,"href":"https:\/\/projetopack.com.br\/en\/wp-json\/wp\/v2\/comments?post=37323"}],"version-history":[{"count":0,"href":"https:\/\/projetopack.com.br\/en\/wp-json\/wp\/v2\/posts\/37323\/revisions"}],"wp:featuredmedia":[{"embeddable":true,"href":"https:\/\/projetopack.com.br\/en\/wp-json\/wp\/v2\/media\/37324"}],"wp:attachment":[{"href":"https:\/\/projetopack.com.br\/en\/wp-json\/wp\/v2\/media?parent=37323"}],"wp:term":[{"taxonomy":"category","embeddable":true,"href":"https:\/\/projetopack.com.br\/en\/wp-json\/wp\/v2\/categories?post=37323"},{"taxonomy":"post_tag","embeddable":true,"href":"https:\/\/projetopack.com.br\/en\/wp-json\/wp\/v2\/tags?post=37323"}],"curies":[{"name":"wp","href":"https:\/\/api.w.org\/{rel}","templated":true}]}}