{"id":3744,"date":"2019-01-08T19:51:47","date_gmt":"2019-01-08T21:51:47","guid":{"rendered":"https:\/\/www.projetopack.com.br\/2020\/?p=3744"},"modified":"2021-09-11T15:29:42","modified_gmt":"2021-09-11T18:29:42","slug":"palestra-sobre-impressao-textil-e-o-departamento-de-fantasias-do-cirque-du-soleil-e-atracao-no-efi-connect-2019","status":"publish","type":"post","link":"https:\/\/projetopack.com.br\/en\/palestra-sobre-impressao-textil-e-o-departamento-de-fantasias-do-cirque-du-soleil-e-atracao-no-efi-connect-2019\/","title":{"rendered":"Palestra sobre impress\u00e3o t\u00eaxtil e o departamento de fantasias do Cirque du Soleil \u00e9 atra\u00e7\u00e3o no EFI Connect 2019"},"content":{"rendered":"<h2 style=\"text-align: center;\"><span style=\"font-family: 'Arial',sans-serif;\"><b><i>Evento acontece entre dias 22 e 25 de janeiro<\/i><\/b><\/span><\/h2>\n<p>A EFI come\u00e7ou o ano com atra\u00e7\u00f5es confirmadas que enriquecem a programa\u00e7\u00e3o do EFI Connect 2019. No dia 23 de janeiro, \u00e0s 15:45, acontece a palestra sobre a produ\u00e7\u00e3o das fantasias do Cirque du Soleil, em que os participantes saber\u00e3o mais como a empresa est\u00e1 transformando esse departamento com a solu\u00e7\u00e3o EFI Optitex e o impacto da impress\u00e3o t\u00eaxtil digital em outros mercados.<\/p>\n<p>No dia 22 de janeiro, o evento ter\u00e1 palestras com o CEO da EFI, Bill Muir, em sua primeira apresenta\u00e7\u00e3o oficial ao grande p\u00fablico desde que ingressou para multinacional americana. O CEO da Freeman, Joe Popolo, \u00e9 mais um grande nome da lista de palestrantes e falar\u00e1 sobre marketing e estrat\u00e9gias em sua confer\u00eancia, tamb\u00e9m em 22 de janeiro.<\/p>\n<p>Al\u00e9m das palestras abrangendo temas atuais do mercado de impress\u00e3o digital como; solu\u00e7\u00f5es MIS\/ERP, web-to-print, front-ends digitais e impressoras Inkjet, a agenda do Connect 2019 inclui uma \u00e1rea de exposi\u00e7\u00e3o, com stands dos patrocinadores, mini-teatros, esta\u00e7\u00f5es de realidade virtual, demonstra\u00e7\u00e3o ao vivo de equipamentos jato de tinta, softwares e outras solu\u00e7\u00f5es, que envolvem todo ecossistema integrado da EFI.<\/p>\n<p>O evento acontece entre os dias 22 a 25 de janeiro, no hotel Wynn, em Las Vegas e receber\u00e1 centenas de profissionais, formadores de opini\u00e3o e imprensa do segmento gr\u00e1fico de 40 pa\u00edses. Durante os quatro dias, os conferencistas ter\u00e3o oportunidade de realizar networking, troca de experi\u00eancias e conhecer as novas tecnologias. A edi\u00e7\u00e3o de 2019, em especial, comemora os 30 anos da EFI e 20 anos do Connect.<\/p>\n<p><strong>INSCRI\u00c7\u00d5ES<\/strong><\/p>\n<p>As inscri\u00e7\u00f5es para o EFI Connect podem ser feitas no site <a href=\"http:\/\/www.efi.com\/connect\/registration\/\">http:\/\/www.efi.com\/connect\/registration\/<\/a>, com desconto de US$ 100. Essa promo\u00e7\u00e3o \u00e9 por tempo limitado.<\/p>\n<p><strong><u>SERVI\u00c7O: <\/u><\/strong><\/p>\n<p><strong>EFI Connect 2019<\/strong><\/p>\n<p><strong>Data: <\/strong>22 a 25 de janeiro<\/p>\n<p><strong>Local: <\/strong>Hotel Wynn, Las Vegas &#8211; EUA<\/p>\n<p><strong>Inscri\u00e7\u00f5es: <\/strong><a href=\"http:\/\/www.efi.com\/connect\/registration\/\">http:\/\/www.efi.com\/connect\/registration\/<\/a>.<\/p>\n<p>&nbsp;<\/p>\n<p>&nbsp;<\/p>\n<h5>Fonte: COMUNICALE &#8211; Ag\u00eancia de Comunica\u00e7\u00e3o &#8211; Tel: (11) 4195-9745<\/h5>","protected":false},"excerpt":{"rendered":"<p>O evento acontece entre os dias 22 a 25 de janeiro, no hotel Wynn, em Las Vegas e receber\u00e1 centenas de profissionais, formadores de opini\u00e3o e imprensa do segmento gr\u00e1fico de 40 pa\u00edses. A edi\u00e7\u00e3o de 2019, em especial, comemora os 30 anos da EFI e 20 anos do Connect. <\/p>","protected":false},"author":18,"featured_media":0,"comment_status":"open","ping_status":"open","sticky":false,"template":"","format":"standard","meta":{"footnotes":""},"categories":[877],"tags":[126,130,206],"class_list":["post-3744","post","type-post","status-publish","format-standard","hentry","category-arquivo","tag-efi","tag-efi-connect","tag-efi-connect-2019"],"yoast_head":"<!-- This site is optimized with the Yoast SEO Premium plugin v27.1 (Yoast SEO v27.1.1) - https:\/\/yoast.com\/product\/yoast-seo-premium-wordpress\/ -->\n<title>Palestra sobre impress\u00e3o t\u00eaxtil e o departamento de fantasias do Cirque du Soleil \u00e9 atra\u00e7\u00e3o no EFI Connect 2019 - ProjetoPack<\/title>\n<meta name=\"description\" content=\"O evento acontece entre os dias 22 a 25 de janeiro, no hotel Wynn, em Las Vegas e receber\u00e1 centenas de profissionais, formadores de opini\u00e3o e imprensa do segmento gr\u00e1fico de 40 pa\u00edses.\" \/>\n<meta name=\"robots\" content=\"index, follow, max-snippet:-1, max-image-preview:large, max-video-preview:-1\" \/>\n<link rel=\"canonical\" href=\"https:\/\/projetopack.com.br\/en\/palestra-sobre-impressao-textil-e-o-departamento-de-fantasias-do-cirque-du-soleil-e-atracao-no-efi-connect-2019\/\" \/>\n<meta property=\"og:locale\" content=\"en_US\" \/>\n<meta property=\"og:type\" content=\"article\" \/>\n<meta property=\"og:title\" content=\"Palestra sobre impress\u00e3o t\u00eaxtil e o departamento de fantasias do Cirque du Soleil \u00e9 atra\u00e7\u00e3o no EFI Connect 2019\" \/>\n<meta property=\"og:description\" content=\"O evento acontece entre os dias 22 a 25 de janeiro, no hotel Wynn, em Las Vegas e receber\u00e1 centenas de profissionais, formadores de opini\u00e3o e imprensa do segmento gr\u00e1fico de 40 pa\u00edses.\" \/>\n<meta property=\"og:url\" content=\"https:\/\/projetopack.com.br\/en\/palestra-sobre-impressao-textil-e-o-departamento-de-fantasias-do-cirque-du-soleil-e-atracao-no-efi-connect-2019\/\" \/>\n<meta property=\"og:site_name\" content=\"ProjetoPack\" \/>\n<meta property=\"article:published_time\" content=\"2019-01-08T21:51:47+00:00\" \/>\n<meta property=\"article:modified_time\" content=\"2021-09-11T18:29:42+00:00\" \/>\n<meta property=\"og:image\" content=\"https:\/\/projetopack.com.br\/wp-content\/uploads\/2020\/06\/Capa-1200x630-1.png\" \/>\n\t<meta property=\"og:image:width\" content=\"1200\" \/>\n\t<meta property=\"og:image:height\" content=\"630\" \/>\n\t<meta property=\"og:image:type\" content=\"image\/png\" \/>\n<meta name=\"author\" content=\"Andrea\" \/>\n<meta name=\"twitter:card\" content=\"summary_large_image\" \/>\n<meta name=\"twitter:creator\" content=\"@ProjetoPack\" \/>\n<meta name=\"twitter:site\" content=\"@ProjetoPack\" \/>\n<meta name=\"twitter:label1\" content=\"Written by\" \/>\n\t<meta name=\"twitter:data1\" content=\"Andrea\" \/>\n\t<meta name=\"twitter:label2\" content=\"Est. reading time\" \/>\n\t<meta name=\"twitter:data2\" content=\"2 minutes\" \/>\n<script type=\"application\/ld+json\" class=\"yoast-schema-graph\">{\"@context\":\"https:\/\/schema.org\",\"@graph\":[{\"@type\":\"Article\",\"@id\":\"https:\/\/projetopack.com.br\/en\/palestra-sobre-impressao-textil-e-o-departamento-de-fantasias-do-cirque-du-soleil-e-atracao-no-efi-connect-2019\/#article\",\"isPartOf\":{\"@id\":\"https:\/\/projetopack.com.br\/en\/palestra-sobre-impressao-textil-e-o-departamento-de-fantasias-do-cirque-du-soleil-e-atracao-no-efi-connect-2019\/\"},\"author\":{\"name\":\"Andrea\",\"@id\":\"https:\/\/projetopack.com.br\/#\/schema\/person\/d17c72a4bc2b7e461496dd8a14d4cef1\"},\"headline\":\"Palestra sobre impress\u00e3o t\u00eaxtil e o departamento de fantasias do Cirque du Soleil \u00e9 atra\u00e7\u00e3o no EFI Connect 2019\",\"datePublished\":\"2019-01-08T21:51:47+00:00\",\"dateModified\":\"2021-09-11T18:29:42+00:00\",\"mainEntityOfPage\":{\"@id\":\"https:\/\/projetopack.com.br\/en\/palestra-sobre-impressao-textil-e-o-departamento-de-fantasias-do-cirque-du-soleil-e-atracao-no-efi-connect-2019\/\"},\"wordCount\":356,\"commentCount\":0,\"publisher\":{\"@id\":\"https:\/\/projetopack.com.br\/#organization\"},\"keywords\":[\"EFI\",\"EFI Connect\",\"efi connect 2019\"],\"articleSection\":[\"Arquivo\"],\"inLanguage\":\"en-US\",\"potentialAction\":[{\"@type\":\"CommentAction\",\"name\":\"Comment\",\"target\":[\"https:\/\/projetopack.com.br\/en\/palestra-sobre-impressao-textil-e-o-departamento-de-fantasias-do-cirque-du-soleil-e-atracao-no-efi-connect-2019\/#respond\"]}]},{\"@type\":\"WebPage\",\"@id\":\"https:\/\/projetopack.com.br\/en\/palestra-sobre-impressao-textil-e-o-departamento-de-fantasias-do-cirque-du-soleil-e-atracao-no-efi-connect-2019\/\",\"url\":\"https:\/\/projetopack.com.br\/en\/palestra-sobre-impressao-textil-e-o-departamento-de-fantasias-do-cirque-du-soleil-e-atracao-no-efi-connect-2019\/\",\"name\":\"Palestra sobre impress\u00e3o t\u00eaxtil e o departamento de fantasias do Cirque du Soleil \u00e9 atra\u00e7\u00e3o no EFI Connect 2019 - ProjetoPack\",\"isPartOf\":{\"@id\":\"https:\/\/projetopack.com.br\/#website\"},\"datePublished\":\"2019-01-08T21:51:47+00:00\",\"dateModified\":\"2021-09-11T18:29:42+00:00\",\"description\":\"O evento acontece entre os dias 22 a 25 de janeiro, no hotel Wynn, em Las Vegas e receber\u00e1 centenas de profissionais, formadores de opini\u00e3o e imprensa do segmento gr\u00e1fico de 40 pa\u00edses.\",\"breadcrumb\":{\"@id\":\"https:\/\/projetopack.com.br\/en\/palestra-sobre-impressao-textil-e-o-departamento-de-fantasias-do-cirque-du-soleil-e-atracao-no-efi-connect-2019\/#breadcrumb\"},\"inLanguage\":\"en-US\",\"potentialAction\":[{\"@type\":\"ReadAction\",\"target\":[\"https:\/\/projetopack.com.br\/en\/palestra-sobre-impressao-textil-e-o-departamento-de-fantasias-do-cirque-du-soleil-e-atracao-no-efi-connect-2019\/\"]}]},{\"@type\":\"BreadcrumbList\",\"@id\":\"https:\/\/projetopack.com.br\/en\/palestra-sobre-impressao-textil-e-o-departamento-de-fantasias-do-cirque-du-soleil-e-atracao-no-efi-connect-2019\/#breadcrumb\",\"itemListElement\":[{\"@type\":\"ListItem\",\"position\":1,\"name\":\"P\u00e1gina Inicial\",\"item\":\"https:\/\/projetopack.com.br\/\"},{\"@type\":\"ListItem\",\"position\":2,\"name\":\"Arquivo\",\"item\":\"https:\/\/projetopack.com.br\/en\/category\/arquivo\/\"},{\"@type\":\"ListItem\",\"position\":3,\"name\":\"Palestra sobre impress\u00e3o t\u00eaxtil e o departamento de fantasias do Cirque du Soleil \u00e9 atra\u00e7\u00e3o no EFI Connect 2019\"}]},{\"@type\":\"WebSite\",\"@id\":\"https:\/\/projetopack.com.br\/#website\",\"url\":\"https:\/\/projetopack.com.br\/\",\"name\":\"ProjetoPack\",\"description\":\"Consultoria e servi\u00e7os para embalagens, r\u00f3tulos, etiquetas e processos de impress\u00e3o\",\"publisher\":{\"@id\":\"https:\/\/projetopack.com.br\/#organization\"},\"potentialAction\":[{\"@type\":\"SearchAction\",\"target\":{\"@type\":\"EntryPoint\",\"urlTemplate\":\"https:\/\/projetopack.com.br\/?s={search_term_string}\"},\"query-input\":{\"@type\":\"PropertyValueSpecification\",\"valueRequired\":true,\"valueName\":\"search_term_string\"}}],\"inLanguage\":\"en-US\"},{\"@type\":\"Organization\",\"@id\":\"https:\/\/projetopack.com.br\/#organization\",\"name\":\"ProjetoPack & Associados\",\"url\":\"https:\/\/projetopack.com.br\/\",\"logo\":{\"@type\":\"ImageObject\",\"inLanguage\":\"en-US\",\"@id\":\"https:\/\/projetopack.com.br\/#\/schema\/logo\/image\/\",\"url\":\"https:\/\/projetopack.com.br\/wp-content\/uploads\/2020\/09\/projetopack.png\",\"contentUrl\":\"https:\/\/projetopack.com.br\/wp-content\/uploads\/2020\/09\/projetopack.png\",\"width\":200,\"height\":200,\"caption\":\"ProjetoPack & Associados\"},\"image\":{\"@id\":\"https:\/\/projetopack.com.br\/#\/schema\/logo\/image\/\"},\"sameAs\":[\"https:\/\/x.com\/ProjetoPack\",\"https:\/\/www.linkedin.com\/company\/projetopack\/\"]},{\"@type\":\"Person\",\"@id\":\"https:\/\/projetopack.com.br\/#\/schema\/person\/d17c72a4bc2b7e461496dd8a14d4cef1\",\"name\":\"Andrea\",\"image\":{\"@type\":\"ImageObject\",\"inLanguage\":\"en-US\",\"@id\":\"https:\/\/projetopack.com.br\/#\/schema\/person\/image\/\",\"url\":\"https:\/\/projetopack.com.br\/wp-content\/uploads\/2026\/03\/eu-150x150.jpg\",\"contentUrl\":\"https:\/\/projetopack.com.br\/wp-content\/uploads\/2026\/03\/eu-150x150.jpg\",\"caption\":\"Andrea\"},\"url\":\"https:\/\/projetopack.com.br\/en\/author\/andrea\/\"}]}<\/script>\n<!-- \/ Yoast SEO Premium plugin. -->","yoast_head_json":{"title":"Palestra sobre impress\u00e3o t\u00eaxtil e o departamento de fantasias do Cirque du Soleil \u00e9 atra\u00e7\u00e3o no EFI Connect 2019 - ProjetoPack","description":"O evento acontece entre os dias 22 a 25 de janeiro, no hotel Wynn, em Las Vegas e receber\u00e1 centenas de profissionais, formadores de opini\u00e3o e imprensa do segmento gr\u00e1fico de 40 pa\u00edses.","robots":{"index":"index","follow":"follow","max-snippet":"max-snippet:-1","max-image-preview":"max-image-preview:large","max-video-preview":"max-video-preview:-1"},"canonical":"https:\/\/projetopack.com.br\/en\/palestra-sobre-impressao-textil-e-o-departamento-de-fantasias-do-cirque-du-soleil-e-atracao-no-efi-connect-2019\/","og_locale":"en_US","og_type":"article","og_title":"Palestra sobre impress\u00e3o t\u00eaxtil e o departamento de fantasias do Cirque du Soleil \u00e9 atra\u00e7\u00e3o no EFI Connect 2019","og_description":"O evento acontece entre os dias 22 a 25 de janeiro, no hotel Wynn, em Las Vegas e receber\u00e1 centenas de profissionais, formadores de opini\u00e3o e imprensa do segmento gr\u00e1fico de 40 pa\u00edses.","og_url":"https:\/\/projetopack.com.br\/en\/palestra-sobre-impressao-textil-e-o-departamento-de-fantasias-do-cirque-du-soleil-e-atracao-no-efi-connect-2019\/","og_site_name":"ProjetoPack","article_published_time":"2019-01-08T21:51:47+00:00","article_modified_time":"2021-09-11T18:29:42+00:00","og_image":[{"width":1200,"height":630,"url":"https:\/\/projetopack.com.br\/wp-content\/uploads\/2020\/06\/Capa-1200x630-1.png","type":"image\/png"}],"author":"Andrea","twitter_card":"summary_large_image","twitter_creator":"@ProjetoPack","twitter_site":"@ProjetoPack","twitter_misc":{"Written by":"Andrea","Est. reading time":"2 minutes"},"schema":{"@context":"https:\/\/schema.org","@graph":[{"@type":"Article","@id":"https:\/\/projetopack.com.br\/en\/palestra-sobre-impressao-textil-e-o-departamento-de-fantasias-do-cirque-du-soleil-e-atracao-no-efi-connect-2019\/#article","isPartOf":{"@id":"https:\/\/projetopack.com.br\/en\/palestra-sobre-impressao-textil-e-o-departamento-de-fantasias-do-cirque-du-soleil-e-atracao-no-efi-connect-2019\/"},"author":{"name":"Andrea","@id":"https:\/\/projetopack.com.br\/#\/schema\/person\/d17c72a4bc2b7e461496dd8a14d4cef1"},"headline":"Palestra sobre impress\u00e3o t\u00eaxtil e o departamento de fantasias do Cirque du Soleil \u00e9 atra\u00e7\u00e3o no EFI Connect 2019","datePublished":"2019-01-08T21:51:47+00:00","dateModified":"2021-09-11T18:29:42+00:00","mainEntityOfPage":{"@id":"https:\/\/projetopack.com.br\/en\/palestra-sobre-impressao-textil-e-o-departamento-de-fantasias-do-cirque-du-soleil-e-atracao-no-efi-connect-2019\/"},"wordCount":356,"commentCount":0,"publisher":{"@id":"https:\/\/projetopack.com.br\/#organization"},"keywords":["EFI","EFI Connect","efi connect 2019"],"articleSection":["Arquivo"],"inLanguage":"en-US","potentialAction":[{"@type":"CommentAction","name":"Comment","target":["https:\/\/projetopack.com.br\/en\/palestra-sobre-impressao-textil-e-o-departamento-de-fantasias-do-cirque-du-soleil-e-atracao-no-efi-connect-2019\/#respond"]}]},{"@type":"WebPage","@id":"https:\/\/projetopack.com.br\/en\/palestra-sobre-impressao-textil-e-o-departamento-de-fantasias-do-cirque-du-soleil-e-atracao-no-efi-connect-2019\/","url":"https:\/\/projetopack.com.br\/en\/palestra-sobre-impressao-textil-e-o-departamento-de-fantasias-do-cirque-du-soleil-e-atracao-no-efi-connect-2019\/","name":"Palestra sobre impress\u00e3o t\u00eaxtil e o departamento de fantasias do Cirque du Soleil \u00e9 atra\u00e7\u00e3o no EFI Connect 2019 - ProjetoPack","isPartOf":{"@id":"https:\/\/projetopack.com.br\/#website"},"datePublished":"2019-01-08T21:51:47+00:00","dateModified":"2021-09-11T18:29:42+00:00","description":"O evento acontece entre os dias 22 a 25 de janeiro, no hotel Wynn, em Las Vegas e receber\u00e1 centenas de profissionais, formadores de opini\u00e3o e imprensa do segmento gr\u00e1fico de 40 pa\u00edses.","breadcrumb":{"@id":"https:\/\/projetopack.com.br\/en\/palestra-sobre-impressao-textil-e-o-departamento-de-fantasias-do-cirque-du-soleil-e-atracao-no-efi-connect-2019\/#breadcrumb"},"inLanguage":"en-US","potentialAction":[{"@type":"ReadAction","target":["https:\/\/projetopack.com.br\/en\/palestra-sobre-impressao-textil-e-o-departamento-de-fantasias-do-cirque-du-soleil-e-atracao-no-efi-connect-2019\/"]}]},{"@type":"BreadcrumbList","@id":"https:\/\/projetopack.com.br\/en\/palestra-sobre-impressao-textil-e-o-departamento-de-fantasias-do-cirque-du-soleil-e-atracao-no-efi-connect-2019\/#breadcrumb","itemListElement":[{"@type":"ListItem","position":1,"name":"P\u00e1gina Inicial","item":"https:\/\/projetopack.com.br\/"},{"@type":"ListItem","position":2,"name":"Arquivo","item":"https:\/\/projetopack.com.br\/en\/category\/arquivo\/"},{"@type":"ListItem","position":3,"name":"Palestra sobre impress\u00e3o t\u00eaxtil e o departamento de fantasias do Cirque du Soleil \u00e9 atra\u00e7\u00e3o no EFI Connect 2019"}]},{"@type":"WebSite","@id":"https:\/\/projetopack.com.br\/#website","url":"https:\/\/projetopack.com.br\/","name":"ProjetoPack","description":"Consultoria e servi\u00e7os para embalagens, r\u00f3tulos, etiquetas e processos de impress\u00e3o","publisher":{"@id":"https:\/\/projetopack.com.br\/#organization"},"potentialAction":[{"@type":"SearchAction","target":{"@type":"EntryPoint","urlTemplate":"https:\/\/projetopack.com.br\/?s={search_term_string}"},"query-input":{"@type":"PropertyValueSpecification","valueRequired":true,"valueName":"search_term_string"}}],"inLanguage":"en-US"},{"@type":"Organization","@id":"https:\/\/projetopack.com.br\/#organization","name":"ProjetoPack & Associados","url":"https:\/\/projetopack.com.br\/","logo":{"@type":"ImageObject","inLanguage":"en-US","@id":"https:\/\/projetopack.com.br\/#\/schema\/logo\/image\/","url":"https:\/\/projetopack.com.br\/wp-content\/uploads\/2020\/09\/projetopack.png","contentUrl":"https:\/\/projetopack.com.br\/wp-content\/uploads\/2020\/09\/projetopack.png","width":200,"height":200,"caption":"ProjetoPack & Associados"},"image":{"@id":"https:\/\/projetopack.com.br\/#\/schema\/logo\/image\/"},"sameAs":["https:\/\/x.com\/ProjetoPack","https:\/\/www.linkedin.com\/company\/projetopack\/"]},{"@type":"Person","@id":"https:\/\/projetopack.com.br\/#\/schema\/person\/d17c72a4bc2b7e461496dd8a14d4cef1","name":"Andrea","image":{"@type":"ImageObject","inLanguage":"en-US","@id":"https:\/\/projetopack.com.br\/#\/schema\/person\/image\/","url":"https:\/\/projetopack.com.br\/wp-content\/uploads\/2026\/03\/eu-150x150.jpg","contentUrl":"https:\/\/projetopack.com.br\/wp-content\/uploads\/2026\/03\/eu-150x150.jpg","caption":"Andrea"},"url":"https:\/\/projetopack.com.br\/en\/author\/andrea\/"}]}},"_links":{"self":[{"href":"https:\/\/projetopack.com.br\/en\/wp-json\/wp\/v2\/posts\/3744","targetHints":{"allow":["GET"]}}],"collection":[{"href":"https:\/\/projetopack.com.br\/en\/wp-json\/wp\/v2\/posts"}],"about":[{"href":"https:\/\/projetopack.com.br\/en\/wp-json\/wp\/v2\/types\/post"}],"author":[{"embeddable":true,"href":"https:\/\/projetopack.com.br\/en\/wp-json\/wp\/v2\/users\/18"}],"replies":[{"embeddable":true,"href":"https:\/\/projetopack.com.br\/en\/wp-json\/wp\/v2\/comments?post=3744"}],"version-history":[{"count":0,"href":"https:\/\/projetopack.com.br\/en\/wp-json\/wp\/v2\/posts\/3744\/revisions"}],"wp:attachment":[{"href":"https:\/\/projetopack.com.br\/en\/wp-json\/wp\/v2\/media?parent=3744"}],"wp:term":[{"taxonomy":"category","embeddable":true,"href":"https:\/\/projetopack.com.br\/en\/wp-json\/wp\/v2\/categories?post=3744"},{"taxonomy":"post_tag","embeddable":true,"href":"https:\/\/projetopack.com.br\/en\/wp-json\/wp\/v2\/tags?post=3744"}],"curies":[{"name":"wp","href":"https:\/\/api.w.org\/{rel}","templated":true}]}}