{"id":37760,"date":"2023-11-06T14:47:09","date_gmt":"2023-11-06T17:47:09","guid":{"rendered":"https:\/\/www.projetopack.com.br\/?p=37760"},"modified":"2026-03-16T16:48:03","modified_gmt":"2026-03-16T19:48:03","slug":"maxcor-se-une-ao-grupo-all4labels","status":"publish","type":"post","link":"https:\/\/projetopack.com.br\/en\/maxcor-se-une-ao-grupo-all4labels\/","title":{"rendered":"Maxcor se une ao Grupo All4Labels"},"content":{"rendered":"<p style=\"font-style:normal;font-weight:400\">Betim (Brasil) \/ Hamburgo (Alemanha), 6 de novembro de 2023 &#8211; A <a href=\"https:\/\/www.all4labels.com.br\/\" target=\"_blank\" rel=\"noreferrer noopener\">All4Labels Global Packaging<\/a><br>Group, fabricante internacional l\u00edder e pioneiro em solu\u00e7\u00f5es de impress\u00e3o digital e sustent\u00e1vel, est\u00e1<br>consolidando sua presen\u00e7a na Am\u00e9rica Latina ao dar as boas-vindas a <a href=\"https:\/\/www.maxcor.com.br\" target=\"_blank\" rel=\"noreferrer noopener\">Maxcor Ind\u00fastria de Etiquetas<\/a>,<br>uma empresa l\u00edder em r\u00f3tulos para o mercado de produtos qu\u00edmicos e lubrificantes no Brasil,<br>especialmente conhecida pela produ\u00e7\u00e3o de r\u00f3tulos autoadesivos. A transa\u00e7\u00e3o est\u00e1 sujeita \u00e0s<br>condi\u00e7\u00f5es habituais de fechamento, incluindo a aprova\u00e7\u00e3o regulat\u00f3ria. Os termos e condi\u00e7\u00f5es da<br>transa\u00e7\u00e3o n\u00e3o foram divulgados.<\/p>\n\n\n\n<p class=\"has-pale-cyan-blue-background-color has-background\" style=\"font-style:normal;font-weight:400\"><strong>Guido Iannone<\/strong>, Vice-Presidente Executivo MNC e Presidente LATAM da All4Labels, afirma: &#8220;Nos<br>\u00faltimos meses, temos trabalhado para consolidar ainda mais nosso compromisso com a excel\u00eancia<br>na regi\u00e3o da Am\u00e9rica Central e do Sul. A Maxcor compartilha conosco os mesmos pilares de<br>flexibilidade, efici\u00eancia e rela\u00e7\u00f5es de confian\u00e7a com os clientes. Com esta transa\u00e7\u00e3o aumentamos a<br>nossa capacidade produtiva nos estados brasileiros de Minas Gerais e Esp\u00edrito Santo para melhor<br>servir os nossos clientes no segmento Industrial\u201d.<\/p>\n\n\n\n<p style=\"font-style:normal;font-weight:400\"><strong>Fernando Gabel<\/strong>, Vice-Presidente Executivo de M&amp;A da All4Labels, destaca: &#8220;Damos as boas-vindas<br>aos nossos novos colegas e estamos entusiasmados para continuarmos juntos a hist\u00f3ria de sucesso<br>da All4Labels. A Maxcor tem mais de 30 anos de experi\u00eancia na produ\u00e7\u00e3o de r\u00f3tulos autoadesivos e<br>termoencolh\u00edveis usando processos de impress\u00e3o roto, flexogr\u00e1fico e de serigrafia. Juntos,<br>pretendemos ampliar ainda mais nossa capacidade produtiva na Am\u00e9rica Latina, continuando a<br>atender clientes locais e internacionais\u201d.<\/p>\n\n\n\n<p style=\"font-style:normal;font-weight:400\">Fundada em 1990, pr\u00f3ximo a Belo Horizonte, Brasil, a Maxcor Ind\u00fastria de Etiquetas \u00e9 uma<br>convertedora reconhecida nos mercados Industrial, Qu\u00edmico e de Lubrificantes, cujos investimentos<br>em inova\u00e7\u00e3o e qualifica\u00e7\u00e3o do processo de produ\u00e7\u00e3o resultaram em efici\u00eancia, confiabilidade e<br>grande expertise da equipe. <strong>Alexandre Lodi<\/strong>, Diretor Geral da Maxcor, diz: &#8220;Estou muito orgulhoso<br>de me juntar ao Grupo All4Labels e de atingir este importante marco de crescimento. \u00c9 uma<br>oportunidade de refor\u00e7ar a nossa posi\u00e7\u00e3o no mercado, colaborando com uma equipa dedicada \u00e0<br>inova\u00e7\u00e3o\u201d.<\/p>\n\n\n\n<p style=\"font-style:normal;font-weight:400\"><strong>Paloma Alonso<\/strong>, CEO da All4Labels, conclui: &#8220;Estou feliz e orgulhosa por ver a nossa expans\u00e3o ser<br>bem-sucedida conforme o planejamento, estabelecendo novas parcerias com os l\u00edderes dos nossos<br>segmentos de mercado e regi\u00f5es selecionadas. Alexandre \u00e9 um excelente l\u00edder. Seu neg\u00f3cio no<br>segmento industrial \u00e9 uma adi\u00e7\u00e3o significativa ao nosso portf\u00f3lio brasileiro que traz muita<br>experi\u00eancia e know-how que a All4Labels poder\u00e1 utilizar tamb\u00e9m em suas opera\u00e7\u00f5es<br>internacionais.&#8221; O Grupo All4Labels continuar\u00e1 investindo em regi\u00f5es, tecnologias e mercados atrativos que ofere\u00e7am oportunidades de crescimento sustent\u00e1vel e expans\u00e3o.<\/p>\n\n\n\n<p>Leia mais em nosso blog:<\/p>\n\n\n\n<p><a href=\"https:\/\/projetopack.com.br\/voce-piscou-e-o-mercado-mudou-flexoprint-agora-e-all4labels\/\" target=\"_blank\" rel=\"noreferrer noopener\">Flexoprint agora \u00e9 all4Labels<\/a><\/p>","protected":false},"excerpt":{"rendered":"<p>Betim (Brasil) \/ Hamburgo (Alemanha), 6 de novembro de 2023 &#8211; A All4Labels Global Packaging<br \/>\nGroup, fabricante internacional l\u00edder e pioneiro em solu\u00e7\u00f5es de impress\u00e3o digital e sustent\u00e1vel, est\u00e1<br \/>\nconsolidando sua presen\u00e7a na Am\u00e9rica Latina<\/p>","protected":false},"author":2,"featured_media":37763,"comment_status":"open","ping_status":"closed","sticky":true,"template":"","format":"standard","meta":{"footnotes":""},"categories":[782],"tags":[],"class_list":["post-37760","post","type-post","status-publish","format-standard","has-post-thumbnail","hentry","category-fusoes-e-aquisicoes"],"yoast_head":"<!-- This site is optimized with the Yoast SEO Premium plugin v27.1 (Yoast SEO v27.1.1) - https:\/\/yoast.com\/product\/yoast-seo-premium-wordpress\/ -->\n<title>Maxcor se une ao Grupo All4Labels - ProjetoPack<\/title>\n<meta name=\"description\" content=\"All4Labels Global Packaging adquire Maxcor, convertedor de r\u00f3tulos l\u00edder no pa\u00eds no segmento de \u00f3leos e lubrificantes\" \/>\n<meta name=\"robots\" content=\"index, follow, max-snippet:-1, max-image-preview:large, max-video-preview:-1\" \/>\n<link rel=\"canonical\" href=\"https:\/\/projetopack.com.br\/en\/maxcor-se-une-ao-grupo-all4labels\/\" \/>\n<meta property=\"og:locale\" content=\"en_US\" \/>\n<meta property=\"og:type\" content=\"article\" \/>\n<meta property=\"og:title\" content=\"Maxcor se une ao Grupo All4Labels\" \/>\n<meta property=\"og:description\" content=\"All4Labels Global Packaging adquire Maxcor, convertedor de r\u00f3tulos l\u00edder no pa\u00eds no segmento de \u00f3leos e lubrificantes\" \/>\n<meta property=\"og:url\" content=\"https:\/\/projetopack.com.br\/en\/maxcor-se-une-ao-grupo-all4labels\/\" \/>\n<meta property=\"og:site_name\" content=\"ProjetoPack\" \/>\n<meta property=\"article:published_time\" content=\"2023-11-06T17:47:09+00:00\" \/>\n<meta property=\"article:modified_time\" content=\"2026-03-16T19:48:03+00:00\" \/>\n<meta property=\"og:image\" content=\"https:\/\/projetopack.com.br\/wp-content\/uploads\/2023\/11\/Maxcor-1024x526-153173341.jpg\" \/>\n\t<meta property=\"og:image:width\" content=\"1024\" \/>\n\t<meta property=\"og:image:height\" content=\"526\" \/>\n\t<meta property=\"og:image:type\" content=\"image\/jpeg\" \/>\n<meta name=\"author\" content=\"Aislan Baer\" \/>\n<meta name=\"twitter:card\" content=\"summary_large_image\" \/>\n<meta name=\"twitter:creator\" content=\"@ProjetoPack\" \/>\n<meta name=\"twitter:site\" content=\"@ProjetoPack\" \/>\n<meta name=\"twitter:label1\" content=\"Written by\" \/>\n\t<meta name=\"twitter:data1\" content=\"Aislan Baer\" \/>\n\t<meta name=\"twitter:label2\" content=\"Est. reading time\" \/>\n\t<meta name=\"twitter:data2\" content=\"3 minutes\" \/>\n<script type=\"application\/ld+json\" class=\"yoast-schema-graph\">{\"@context\":\"https:\/\/schema.org\",\"@graph\":[{\"@type\":\"Article\",\"@id\":\"https:\/\/projetopack.com.br\/maxcor-se-une-ao-grupo-all4labels\/#article\",\"isPartOf\":{\"@id\":\"https:\/\/projetopack.com.br\/maxcor-se-une-ao-grupo-all4labels\/\"},\"author\":{\"name\":\"Aislan Baer\",\"@id\":\"https:\/\/projetopack.com.br\/#\/schema\/person\/87cbd7d1e244880886d457815ebd2490\"},\"headline\":\"Maxcor se une ao Grupo All4Labels\",\"datePublished\":\"2023-11-06T17:47:09+00:00\",\"dateModified\":\"2026-03-16T19:48:03+00:00\",\"mainEntityOfPage\":{\"@id\":\"https:\/\/projetopack.com.br\/maxcor-se-une-ao-grupo-all4labels\/\"},\"wordCount\":461,\"commentCount\":0,\"publisher\":{\"@id\":\"https:\/\/projetopack.com.br\/#organization\"},\"image\":{\"@id\":\"https:\/\/projetopack.com.br\/maxcor-se-une-ao-grupo-all4labels\/#primaryimage\"},\"thumbnailUrl\":\"https:\/\/projetopack.com.br\/wp-content\/uploads\/2023\/11\/Maxcor-1024x526-153173341.jpg\",\"articleSection\":[\"Fus\u00f5es e aquisi\u00e7\u00f5es\"],\"inLanguage\":\"en-US\",\"potentialAction\":[{\"@type\":\"CommentAction\",\"name\":\"Comment\",\"target\":[\"https:\/\/projetopack.com.br\/maxcor-se-une-ao-grupo-all4labels\/#respond\"]}]},{\"@type\":\"WebPage\",\"@id\":\"https:\/\/projetopack.com.br\/maxcor-se-une-ao-grupo-all4labels\/\",\"url\":\"https:\/\/projetopack.com.br\/maxcor-se-une-ao-grupo-all4labels\/\",\"name\":\"Maxcor se une ao Grupo All4Labels - ProjetoPack\",\"isPartOf\":{\"@id\":\"https:\/\/projetopack.com.br\/#website\"},\"primaryImageOfPage\":{\"@id\":\"https:\/\/projetopack.com.br\/maxcor-se-une-ao-grupo-all4labels\/#primaryimage\"},\"image\":{\"@id\":\"https:\/\/projetopack.com.br\/maxcor-se-une-ao-grupo-all4labels\/#primaryimage\"},\"thumbnailUrl\":\"https:\/\/projetopack.com.br\/wp-content\/uploads\/2023\/11\/Maxcor-1024x526-153173341.jpg\",\"datePublished\":\"2023-11-06T17:47:09+00:00\",\"dateModified\":\"2026-03-16T19:48:03+00:00\",\"description\":\"All4Labels Global Packaging adquire Maxcor, convertedor de r\u00f3tulos l\u00edder no pa\u00eds no segmento de \u00f3leos e lubrificantes\",\"breadcrumb\":{\"@id\":\"https:\/\/projetopack.com.br\/maxcor-se-une-ao-grupo-all4labels\/#breadcrumb\"},\"inLanguage\":\"en-US\",\"potentialAction\":[{\"@type\":\"ReadAction\",\"target\":[\"https:\/\/projetopack.com.br\/maxcor-se-une-ao-grupo-all4labels\/\"]}]},{\"@type\":\"ImageObject\",\"inLanguage\":\"en-US\",\"@id\":\"https:\/\/projetopack.com.br\/maxcor-se-une-ao-grupo-all4labels\/#primaryimage\",\"url\":\"https:\/\/projetopack.com.br\/wp-content\/uploads\/2023\/11\/Maxcor-1024x526-153173341.jpg\",\"contentUrl\":\"https:\/\/projetopack.com.br\/wp-content\/uploads\/2023\/11\/Maxcor-1024x526-153173341.jpg\",\"width\":\"1024\",\"height\":\"526\",\"caption\":\"maxcor adquirida por all4labels\"},{\"@type\":\"BreadcrumbList\",\"@id\":\"https:\/\/projetopack.com.br\/maxcor-se-une-ao-grupo-all4labels\/#breadcrumb\",\"itemListElement\":[{\"@type\":\"ListItem\",\"position\":1,\"name\":\"P\u00e1gina Inicial\",\"item\":\"https:\/\/projetopack.com.br\/\"},{\"@type\":\"ListItem\",\"position\":2,\"name\":\"Fus\u00f5es e aquisi\u00e7\u00f5es\",\"item\":\"https:\/\/projetopack.com.br\/en\/category\/fusoes-e-aquisicoes\/\"},{\"@type\":\"ListItem\",\"position\":3,\"name\":\"Maxcor se une ao Grupo All4Labels\"}]},{\"@type\":\"WebSite\",\"@id\":\"https:\/\/projetopack.com.br\/#website\",\"url\":\"https:\/\/projetopack.com.br\/\",\"name\":\"ProjetoPack\",\"description\":\"Consultoria e servi\u00e7os para embalagens, r\u00f3tulos, etiquetas e processos de impress\u00e3o\",\"publisher\":{\"@id\":\"https:\/\/projetopack.com.br\/#organization\"},\"potentialAction\":[{\"@type\":\"SearchAction\",\"target\":{\"@type\":\"EntryPoint\",\"urlTemplate\":\"https:\/\/projetopack.com.br\/?s={search_term_string}\"},\"query-input\":{\"@type\":\"PropertyValueSpecification\",\"valueRequired\":true,\"valueName\":\"search_term_string\"}}],\"inLanguage\":\"en-US\"},{\"@type\":\"Organization\",\"@id\":\"https:\/\/projetopack.com.br\/#organization\",\"name\":\"ProjetoPack & Associados\",\"url\":\"https:\/\/projetopack.com.br\/\",\"logo\":{\"@type\":\"ImageObject\",\"inLanguage\":\"en-US\",\"@id\":\"https:\/\/projetopack.com.br\/#\/schema\/logo\/image\/\",\"url\":\"https:\/\/projetopack.com.br\/wp-content\/uploads\/2020\/09\/projetopack.png\",\"contentUrl\":\"https:\/\/projetopack.com.br\/wp-content\/uploads\/2020\/09\/projetopack.png\",\"width\":200,\"height\":200,\"caption\":\"ProjetoPack & Associados\"},\"image\":{\"@id\":\"https:\/\/projetopack.com.br\/#\/schema\/logo\/image\/\"},\"sameAs\":[\"https:\/\/x.com\/ProjetoPack\",\"https:\/\/www.linkedin.com\/company\/projetopack\/\"]},{\"@type\":\"Person\",\"@id\":\"https:\/\/projetopack.com.br\/#\/schema\/person\/87cbd7d1e244880886d457815ebd2490\",\"name\":\"Aislan Baer\",\"image\":{\"@type\":\"ImageObject\",\"inLanguage\":\"en-US\",\"@id\":\"https:\/\/projetopack.com.br\/#\/schema\/person\/image\/\",\"url\":\"https:\/\/projetopack.com.br\/wp-content\/uploads\/2021\/08\/Aislan-Busto-p-100x100.jpg\",\"contentUrl\":\"https:\/\/projetopack.com.br\/wp-content\/uploads\/2021\/08\/Aislan-Busto-p-100x100.jpg\",\"caption\":\"Aislan Baer\"},\"description\":\"Desde os \u00faltimos 20 anos, meu time e eu ajudamos mais de 300 empresas brasileiras e estrangeiras (algumas delas, l\u00edderes mundiais) a produzir embalagens flex\u00edveis e r\u00f3tulos com maior efici\u00eancia, menores custos e maior apelo visual, bem como centenas de donos de marcas a comprar suas embalagens flex\u00edveis e material impresso com um crit\u00e9rio mais t\u00e9cnico e assertivo. Ao mesmo tempo, gra\u00e7as \u00e0 nossa consultoria, muitas destas empresas melhoraram significativamente o seu processo de Impress\u00e3o (Impress\u00e3o de embalagens, Impress\u00e3o industrial, Impress\u00e3o funcional e, mais recentemente, bio impress\u00e3o e manufatura aditiva ou simplesmente Impress\u00e3o 3D). Se a sua empresa tem um problema relacionado a embalagens flex\u00edveis, r\u00f3tulos ou Impress\u00e3o, por mais insol\u00favel que lhe pare\u00e7a, aguardamos ansiosos a sua liga\u00e7\u00e3o ou e-mail. Este \u00e9 nosso trabalho e tamb\u00e9m a nossa paix\u00e3o.\",\"sameAs\":[\"http:\/\/www.projetopack.com\",\"https:\/\/www.linkedin.com\/in\/aislanbaer\/\"],\"jobTitle\":\"CEO @ ProjetoPack | L\u00edder em M&A no Setor de Impress\u00e3o e Embalagens no Brasil | Cofundador da Inovagraf e Neuraflow | Especialista em Inova\u00e7\u00e3o com IA na Impress\u00e3o | Printing Legacy Initiative | Empreendedor Serial\",\"url\":\"https:\/\/projetopack.com.br\/en\/author\/aislan\/\"}]}<\/script>\n<!-- \/ Yoast SEO Premium plugin. -->","yoast_head_json":{"title":"Maxcor se une ao Grupo All4Labels - ProjetoPack","description":"All4Labels Global Packaging adquire Maxcor, convertedor de r\u00f3tulos l\u00edder no pa\u00eds no segmento de \u00f3leos e lubrificantes","robots":{"index":"index","follow":"follow","max-snippet":"max-snippet:-1","max-image-preview":"max-image-preview:large","max-video-preview":"max-video-preview:-1"},"canonical":"https:\/\/projetopack.com.br\/en\/maxcor-se-une-ao-grupo-all4labels\/","og_locale":"en_US","og_type":"article","og_title":"Maxcor se une ao Grupo All4Labels","og_description":"All4Labels Global Packaging adquire Maxcor, convertedor de r\u00f3tulos l\u00edder no pa\u00eds no segmento de \u00f3leos e lubrificantes","og_url":"https:\/\/projetopack.com.br\/en\/maxcor-se-une-ao-grupo-all4labels\/","og_site_name":"ProjetoPack","article_published_time":"2023-11-06T17:47:09+00:00","article_modified_time":"2026-03-16T19:48:03+00:00","og_image":[{"width":1024,"height":526,"url":"https:\/\/projetopack.com.br\/wp-content\/uploads\/2023\/11\/Maxcor-1024x526-153173341.jpg","type":"image\/jpeg"}],"author":"Aislan Baer","twitter_card":"summary_large_image","twitter_creator":"@ProjetoPack","twitter_site":"@ProjetoPack","twitter_misc":{"Written by":"Aislan Baer","Est. reading time":"3 minutes"},"schema":{"@context":"https:\/\/schema.org","@graph":[{"@type":"Article","@id":"https:\/\/projetopack.com.br\/maxcor-se-une-ao-grupo-all4labels\/#article","isPartOf":{"@id":"https:\/\/projetopack.com.br\/maxcor-se-une-ao-grupo-all4labels\/"},"author":{"name":"Aislan Baer","@id":"https:\/\/projetopack.com.br\/#\/schema\/person\/87cbd7d1e244880886d457815ebd2490"},"headline":"Maxcor se une ao Grupo All4Labels","datePublished":"2023-11-06T17:47:09+00:00","dateModified":"2026-03-16T19:48:03+00:00","mainEntityOfPage":{"@id":"https:\/\/projetopack.com.br\/maxcor-se-une-ao-grupo-all4labels\/"},"wordCount":461,"commentCount":0,"publisher":{"@id":"https:\/\/projetopack.com.br\/#organization"},"image":{"@id":"https:\/\/projetopack.com.br\/maxcor-se-une-ao-grupo-all4labels\/#primaryimage"},"thumbnailUrl":"https:\/\/projetopack.com.br\/wp-content\/uploads\/2023\/11\/Maxcor-1024x526-153173341.jpg","articleSection":["Fus\u00f5es e aquisi\u00e7\u00f5es"],"inLanguage":"en-US","potentialAction":[{"@type":"CommentAction","name":"Comment","target":["https:\/\/projetopack.com.br\/maxcor-se-une-ao-grupo-all4labels\/#respond"]}]},{"@type":"WebPage","@id":"https:\/\/projetopack.com.br\/maxcor-se-une-ao-grupo-all4labels\/","url":"https:\/\/projetopack.com.br\/maxcor-se-une-ao-grupo-all4labels\/","name":"Maxcor se une ao Grupo All4Labels - ProjetoPack","isPartOf":{"@id":"https:\/\/projetopack.com.br\/#website"},"primaryImageOfPage":{"@id":"https:\/\/projetopack.com.br\/maxcor-se-une-ao-grupo-all4labels\/#primaryimage"},"image":{"@id":"https:\/\/projetopack.com.br\/maxcor-se-une-ao-grupo-all4labels\/#primaryimage"},"thumbnailUrl":"https:\/\/projetopack.com.br\/wp-content\/uploads\/2023\/11\/Maxcor-1024x526-153173341.jpg","datePublished":"2023-11-06T17:47:09+00:00","dateModified":"2026-03-16T19:48:03+00:00","description":"All4Labels Global Packaging adquire Maxcor, convertedor de r\u00f3tulos l\u00edder no pa\u00eds no segmento de \u00f3leos e lubrificantes","breadcrumb":{"@id":"https:\/\/projetopack.com.br\/maxcor-se-une-ao-grupo-all4labels\/#breadcrumb"},"inLanguage":"en-US","potentialAction":[{"@type":"ReadAction","target":["https:\/\/projetopack.com.br\/maxcor-se-une-ao-grupo-all4labels\/"]}]},{"@type":"ImageObject","inLanguage":"en-US","@id":"https:\/\/projetopack.com.br\/maxcor-se-une-ao-grupo-all4labels\/#primaryimage","url":"https:\/\/projetopack.com.br\/wp-content\/uploads\/2023\/11\/Maxcor-1024x526-153173341.jpg","contentUrl":"https:\/\/projetopack.com.br\/wp-content\/uploads\/2023\/11\/Maxcor-1024x526-153173341.jpg","width":"1024","height":"526","caption":"maxcor adquirida por all4labels"},{"@type":"BreadcrumbList","@id":"https:\/\/projetopack.com.br\/maxcor-se-une-ao-grupo-all4labels\/#breadcrumb","itemListElement":[{"@type":"ListItem","position":1,"name":"P\u00e1gina Inicial","item":"https:\/\/projetopack.com.br\/"},{"@type":"ListItem","position":2,"name":"Fus\u00f5es e aquisi\u00e7\u00f5es","item":"https:\/\/projetopack.com.br\/en\/category\/fusoes-e-aquisicoes\/"},{"@type":"ListItem","position":3,"name":"Maxcor se une ao Grupo All4Labels"}]},{"@type":"WebSite","@id":"https:\/\/projetopack.com.br\/#website","url":"https:\/\/projetopack.com.br\/","name":"ProjetoPack","description":"Consultoria e servi\u00e7os para embalagens, r\u00f3tulos, etiquetas e processos de impress\u00e3o","publisher":{"@id":"https:\/\/projetopack.com.br\/#organization"},"potentialAction":[{"@type":"SearchAction","target":{"@type":"EntryPoint","urlTemplate":"https:\/\/projetopack.com.br\/?s={search_term_string}"},"query-input":{"@type":"PropertyValueSpecification","valueRequired":true,"valueName":"search_term_string"}}],"inLanguage":"en-US"},{"@type":"Organization","@id":"https:\/\/projetopack.com.br\/#organization","name":"ProjetoPack & Associados","url":"https:\/\/projetopack.com.br\/","logo":{"@type":"ImageObject","inLanguage":"en-US","@id":"https:\/\/projetopack.com.br\/#\/schema\/logo\/image\/","url":"https:\/\/projetopack.com.br\/wp-content\/uploads\/2020\/09\/projetopack.png","contentUrl":"https:\/\/projetopack.com.br\/wp-content\/uploads\/2020\/09\/projetopack.png","width":200,"height":200,"caption":"ProjetoPack & Associados"},"image":{"@id":"https:\/\/projetopack.com.br\/#\/schema\/logo\/image\/"},"sameAs":["https:\/\/x.com\/ProjetoPack","https:\/\/www.linkedin.com\/company\/projetopack\/"]},{"@type":"Person","@id":"https:\/\/projetopack.com.br\/#\/schema\/person\/87cbd7d1e244880886d457815ebd2490","name":"Aislan Baer","image":{"@type":"ImageObject","inLanguage":"en-US","@id":"https:\/\/projetopack.com.br\/#\/schema\/person\/image\/","url":"https:\/\/projetopack.com.br\/wp-content\/uploads\/2021\/08\/Aislan-Busto-p-100x100.jpg","contentUrl":"https:\/\/projetopack.com.br\/wp-content\/uploads\/2021\/08\/Aislan-Busto-p-100x100.jpg","caption":"Aislan Baer"},"description":"Desde os \u00faltimos 20 anos, meu time e eu ajudamos mais de 300 empresas brasileiras e estrangeiras (algumas delas, l\u00edderes mundiais) a produzir embalagens flex\u00edveis e r\u00f3tulos com maior efici\u00eancia, menores custos e maior apelo visual, bem como centenas de donos de marcas a comprar suas embalagens flex\u00edveis e material impresso com um crit\u00e9rio mais t\u00e9cnico e assertivo. Ao mesmo tempo, gra\u00e7as \u00e0 nossa consultoria, muitas destas empresas melhoraram significativamente o seu processo de Impress\u00e3o (Impress\u00e3o de embalagens, Impress\u00e3o industrial, Impress\u00e3o funcional e, mais recentemente, bio impress\u00e3o e manufatura aditiva ou simplesmente Impress\u00e3o 3D). Se a sua empresa tem um problema relacionado a embalagens flex\u00edveis, r\u00f3tulos ou Impress\u00e3o, por mais insol\u00favel que lhe pare\u00e7a, aguardamos ansiosos a sua liga\u00e7\u00e3o ou e-mail. Este \u00e9 nosso trabalho e tamb\u00e9m a nossa paix\u00e3o.","sameAs":["http:\/\/www.projetopack.com","https:\/\/www.linkedin.com\/in\/aislanbaer\/"],"jobTitle":"CEO @ ProjetoPack | L\u00edder em M&A no Setor de Impress\u00e3o e Embalagens no Brasil | Cofundador da Inovagraf e Neuraflow | Especialista em Inova\u00e7\u00e3o com IA na Impress\u00e3o | Printing Legacy Initiative | Empreendedor Serial","url":"https:\/\/projetopack.com.br\/en\/author\/aislan\/"}]}},"_links":{"self":[{"href":"https:\/\/projetopack.com.br\/en\/wp-json\/wp\/v2\/posts\/37760","targetHints":{"allow":["GET"]}}],"collection":[{"href":"https:\/\/projetopack.com.br\/en\/wp-json\/wp\/v2\/posts"}],"about":[{"href":"https:\/\/projetopack.com.br\/en\/wp-json\/wp\/v2\/types\/post"}],"author":[{"embeddable":true,"href":"https:\/\/projetopack.com.br\/en\/wp-json\/wp\/v2\/users\/2"}],"replies":[{"embeddable":true,"href":"https:\/\/projetopack.com.br\/en\/wp-json\/wp\/v2\/comments?post=37760"}],"version-history":[{"count":0,"href":"https:\/\/projetopack.com.br\/en\/wp-json\/wp\/v2\/posts\/37760\/revisions"}],"wp:featuredmedia":[{"embeddable":true,"href":"https:\/\/projetopack.com.br\/en\/wp-json\/wp\/v2\/media\/37763"}],"wp:attachment":[{"href":"https:\/\/projetopack.com.br\/en\/wp-json\/wp\/v2\/media?parent=37760"}],"wp:term":[{"taxonomy":"category","embeddable":true,"href":"https:\/\/projetopack.com.br\/en\/wp-json\/wp\/v2\/categories?post=37760"},{"taxonomy":"post_tag","embeddable":true,"href":"https:\/\/projetopack.com.br\/en\/wp-json\/wp\/v2\/tags?post=37760"}],"curies":[{"name":"wp","href":"https:\/\/api.w.org\/{rel}","templated":true}]}}