{"id":3785,"date":"2019-02-08T18:54:04","date_gmt":"2019-02-08T20:54:04","guid":{"rendered":"https:\/\/www.projetopack.com.br\/2020\/?p=3785"},"modified":"2021-09-11T15:36:44","modified_gmt":"2021-09-11T18:36:44","slug":"projetopack-inaugura-sua-filial-americana-a-projetopack-printing-experts-inc","status":"publish","type":"post","link":"https:\/\/projetopack.com.br\/en\/projetopack-inaugura-sua-filial-americana-a-projetopack-printing-experts-inc\/","title":{"rendered":"ProjetoPack inaugura sua filial americana, a ProjetoPack Printing Experts, Inc."},"content":{"rendered":"<h1>ProjetoPack inaugura filial em solo americano, a ProjetoPack Printing Experts Inc., em Miami &#8211; Fl\u00f3rida<\/h1>\n<p>&nbsp;<\/p>\n<p><span style=\"color: #000000; font-family: Calibri; font-size: medium;\">Ser uma refer\u00eancia no mercado de Consultoria e Treinamentos no segmento gr\u00e1fico \u00e9 resultado do esfor\u00e7o constante em atualiza\u00e7\u00e3o das equipes e parcerias de sucesso, como por exemplo a afilia\u00e7\u00e3o \u00e0 Idealliance, dentre tantas outras. Isso automaticamente abriu portas para que a empresa transpassasse barreiras internacionais. O fen\u00f4meno da consolida\u00e7\u00e3o do mercado gr\u00e1fico e de embalagens tamb\u00e9m foi outro vetor importante. <\/span><\/p>\n<blockquote><p><span style=\"color: #000000; font-family: Calibri; font-size: medium;\">Precis\u00e1vamos de uma plataforma estruturada para ministrar nossos treinamentos, palestras e programas de consultoria aos grandes clientes multinacionais em suas diversas unidades fabris, distribu\u00eddas n\u00e3o s\u00f3 na Am\u00e9rica Latina, mas nos EUA. Uma sede pr\u00f3xima, experts nativos e uma estrutura cont\u00e1bil e financeira adequada ao pa\u00eds s\u00e3o imprescind\u00edveis para atend\u00ea-los.&#8221;, completa Nestor Pires Filho, consultor s\u00eanior de impress\u00e3o da empresa.<br \/>\n<\/span><\/p><\/blockquote>\n<p><span style=\"font-family: Calibri;\"><span style=\"font-size: medium;\"><span style=\"color: #000000;\">A nova filial atender\u00e1 o mesmo leque de servi\u00e7os atualmente oferecido pela ProjetoPack ao Brasil, o que inclui consultoria, treinamentos, eventos e, muito brevemente, trazendo inclusive sua revista t\u00e9cnica, a ProjetoPack em Revista, aos convertedores de embalagens flex\u00edveis e r\u00f3tulos dos EUA.<\/span><\/span><\/span><\/p>\n<p><span style=\"color: #000000; font-family: Calibri; font-size: medium;\">Garantir a satisfa\u00e7\u00e3o plena de cada cliente atendido, foco principal da empresa, refor\u00e7a a necessidade de estar conectado com as tend\u00eancias e pr\u00e1ticas de mercado, novas tecnologias e conceitos de gest\u00e3o da impress\u00e3o; todo esse empenho, ampliou os neg\u00f3cios da empresa fazendo com que os clientes do mercado americano exigissem um contato mais pr\u00f3ximo. <\/span><\/p>\n<h3><span style=\"color: #000000; font-family: Calibri; font-size: medium;\">Todas as plataformas de servi\u00e7os oferecidos pela empresa sentir\u00e3o o reflexo deste contato direto. Nossos clientes e parceiros ter\u00e3o a possibilidade de ter sua marca e produtos tamb\u00e9m divulgados no mercado internacional\u201d, afirma Aislan Baer, Fundador e CEO da ProjetoPack.<\/span><\/h3>\n<p><span style=\"color: #000000; font-family: Calibri; font-size: medium;\">A troca de informa\u00e7\u00f5es em tempo real, trar\u00e1 ainda mais excel\u00eancia aos treinamentos e programas de consultoria e a revista carregar\u00e1 consigo, a cada edi\u00e7\u00e3o, ainda mais novidades e temas analisados e comentados por respeitados nomes do mercado americano.<\/span><\/p>\n<p><span style=\"color: #000000; font-family: Calibri; font-size: medium;\">A ProjetoPack agradece o empenho e suporte de todos seus parceiros e sente-se honrada em dividir com todos esse grande passo na hist\u00f3ria da companhia.<\/span><\/p>\n<p>&nbsp;<\/p>\n<p>&nbsp;<\/p>\n<h5>FONTE: Reda\u00e7\u00e3o ProjetoPack em Revista.<\/h5>","protected":false},"excerpt":{"rendered":"<p>ProjetoPack inaugura filial em solo americano, a ProjetoPack Printing Experts Inc., em Miami &#8211; Fl\u00f3rida.<br \/>\nA nova filial atender\u00e1 o mesmo leque de servi\u00e7os atualmente oferecido pela ProjetoPack ao Brasil, o que inclui consultoria, treinamentos, eventos e, muito brevemente, trazendo inclusive sua revista t\u00e9cnica, a ProjetoPack em Revista, aos convertedores de embalagens flex\u00edveis e r\u00f3tulos dos EUA.<\/p>","protected":false},"author":18,"featured_media":0,"comment_status":"open","ping_status":"open","sticky":false,"template":"","format":"standard","meta":{"footnotes":""},"categories":[877],"tags":[26,225],"class_list":["post-3785","post","type-post","status-publish","format-standard","hentry","category-arquivo","tag-projetopack","tag-projetopack-printing-experts-inc"],"yoast_head":"<!-- This site is optimized with the Yoast SEO Premium plugin v27.1 (Yoast SEO v27.1.1) - https:\/\/yoast.com\/product\/yoast-seo-premium-wordpress\/ -->\n<title>ProjetoPack inaugura sua filial americana, a ProjetoPack Printing Experts, Inc. - ProjetoPack<\/title>\n<meta name=\"description\" content=\"A ProjetoPack tem muito orgulho de anunciar a inaugura\u00e7\u00e3o de sua filial americana, a ProjetoPack Printing Experts Inc,. A nova filial atender\u00e1 servi\u00e7os atualmente oferecido pela ProjetoPack Brasil, o que inclui consultorias, treinamentos, eventos inclusive sua revista t\u00e9cnica aos convertedores dos EUA.\" \/>\n<meta name=\"robots\" content=\"index, follow, max-snippet:-1, max-image-preview:large, max-video-preview:-1\" \/>\n<link rel=\"canonical\" href=\"https:\/\/projetopack.com.br\/en\/projetopack-inaugura-sua-filial-americana-a-projetopack-printing-experts-inc\/\" \/>\n<meta property=\"og:locale\" content=\"en_US\" \/>\n<meta property=\"og:type\" content=\"article\" \/>\n<meta property=\"og:title\" content=\"ProjetoPack inaugura sua filial americana, a ProjetoPack Printing Experts, Inc.\" \/>\n<meta property=\"og:description\" content=\"A ProjetoPack tem muito orgulho de anunciar a inaugura\u00e7\u00e3o de sua filial americana, a ProjetoPack Printing Experts Inc,. A nova filial atender\u00e1 servi\u00e7os atualmente oferecido pela ProjetoPack Brasil, o que inclui consultorias, treinamentos, eventos inclusive sua revista t\u00e9cnica aos convertedores dos EUA.\" \/>\n<meta property=\"og:url\" content=\"https:\/\/projetopack.com.br\/en\/projetopack-inaugura-sua-filial-americana-a-projetopack-printing-experts-inc\/\" \/>\n<meta property=\"og:site_name\" content=\"ProjetoPack\" \/>\n<meta property=\"article:published_time\" content=\"2019-02-08T20:54:04+00:00\" \/>\n<meta property=\"article:modified_time\" content=\"2021-09-11T18:36:44+00:00\" \/>\n<meta property=\"og:image\" content=\"https:\/\/projetopack.com.br\/wp-content\/uploads\/2020\/06\/Capa-1200x630-1.png\" \/>\n\t<meta property=\"og:image:width\" content=\"1200\" \/>\n\t<meta property=\"og:image:height\" content=\"630\" \/>\n\t<meta property=\"og:image:type\" content=\"image\/png\" \/>\n<meta name=\"author\" content=\"Andrea\" \/>\n<meta name=\"twitter:card\" content=\"summary_large_image\" \/>\n<meta name=\"twitter:creator\" content=\"@ProjetoPack\" \/>\n<meta name=\"twitter:site\" content=\"@ProjetoPack\" \/>\n<meta name=\"twitter:label1\" content=\"Written by\" \/>\n\t<meta name=\"twitter:data1\" content=\"Andrea\" \/>\n\t<meta name=\"twitter:label2\" content=\"Est. reading time\" \/>\n\t<meta name=\"twitter:data2\" content=\"2 minutes\" \/>\n<script type=\"application\/ld+json\" class=\"yoast-schema-graph\">{\"@context\":\"https:\/\/schema.org\",\"@graph\":[{\"@type\":\"Article\",\"@id\":\"https:\/\/projetopack.com.br\/en\/projetopack-inaugura-sua-filial-americana-a-projetopack-printing-experts-inc\/#article\",\"isPartOf\":{\"@id\":\"https:\/\/projetopack.com.br\/en\/projetopack-inaugura-sua-filial-americana-a-projetopack-printing-experts-inc\/\"},\"author\":{\"name\":\"Andrea\",\"@id\":\"https:\/\/projetopack.com.br\/#\/schema\/person\/d17c72a4bc2b7e461496dd8a14d4cef1\"},\"headline\":\"ProjetoPack inaugura sua filial americana, a ProjetoPack Printing Experts, Inc.\",\"datePublished\":\"2019-02-08T20:54:04+00:00\",\"dateModified\":\"2021-09-11T18:36:44+00:00\",\"mainEntityOfPage\":{\"@id\":\"https:\/\/projetopack.com.br\/en\/projetopack-inaugura-sua-filial-americana-a-projetopack-printing-experts-inc\/\"},\"wordCount\":395,\"commentCount\":0,\"publisher\":{\"@id\":\"https:\/\/projetopack.com.br\/#organization\"},\"keywords\":[\"ProjetoPack\",\"ProjetoPack Printing Experts Inc.\"],\"articleSection\":[\"Arquivo\"],\"inLanguage\":\"en-US\",\"potentialAction\":[{\"@type\":\"CommentAction\",\"name\":\"Comment\",\"target\":[\"https:\/\/projetopack.com.br\/en\/projetopack-inaugura-sua-filial-americana-a-projetopack-printing-experts-inc\/#respond\"]}]},{\"@type\":\"WebPage\",\"@id\":\"https:\/\/projetopack.com.br\/en\/projetopack-inaugura-sua-filial-americana-a-projetopack-printing-experts-inc\/\",\"url\":\"https:\/\/projetopack.com.br\/en\/projetopack-inaugura-sua-filial-americana-a-projetopack-printing-experts-inc\/\",\"name\":\"ProjetoPack inaugura sua filial americana, a ProjetoPack Printing Experts, Inc. - ProjetoPack\",\"isPartOf\":{\"@id\":\"https:\/\/projetopack.com.br\/#website\"},\"datePublished\":\"2019-02-08T20:54:04+00:00\",\"dateModified\":\"2021-09-11T18:36:44+00:00\",\"description\":\"A ProjetoPack tem muito orgulho de anunciar a inaugura\u00e7\u00e3o de sua filial americana, a ProjetoPack Printing Experts Inc,. A nova filial atender\u00e1 servi\u00e7os atualmente oferecido pela ProjetoPack Brasil, o que inclui consultorias, treinamentos, eventos inclusive sua revista t\u00e9cnica aos convertedores dos EUA.\",\"breadcrumb\":{\"@id\":\"https:\/\/projetopack.com.br\/en\/projetopack-inaugura-sua-filial-americana-a-projetopack-printing-experts-inc\/#breadcrumb\"},\"inLanguage\":\"en-US\",\"potentialAction\":[{\"@type\":\"ReadAction\",\"target\":[\"https:\/\/projetopack.com.br\/en\/projetopack-inaugura-sua-filial-americana-a-projetopack-printing-experts-inc\/\"]}]},{\"@type\":\"BreadcrumbList\",\"@id\":\"https:\/\/projetopack.com.br\/en\/projetopack-inaugura-sua-filial-americana-a-projetopack-printing-experts-inc\/#breadcrumb\",\"itemListElement\":[{\"@type\":\"ListItem\",\"position\":1,\"name\":\"P\u00e1gina Inicial\",\"item\":\"https:\/\/projetopack.com.br\/\"},{\"@type\":\"ListItem\",\"position\":2,\"name\":\"Arquivo\",\"item\":\"https:\/\/projetopack.com.br\/en\/category\/arquivo\/\"},{\"@type\":\"ListItem\",\"position\":3,\"name\":\"ProjetoPack inaugura sua filial americana, a ProjetoPack Printing Experts, Inc.\"}]},{\"@type\":\"WebSite\",\"@id\":\"https:\/\/projetopack.com.br\/#website\",\"url\":\"https:\/\/projetopack.com.br\/\",\"name\":\"ProjetoPack\",\"description\":\"Consultoria e servi\u00e7os para embalagens, r\u00f3tulos, etiquetas e processos de impress\u00e3o\",\"publisher\":{\"@id\":\"https:\/\/projetopack.com.br\/#organization\"},\"potentialAction\":[{\"@type\":\"SearchAction\",\"target\":{\"@type\":\"EntryPoint\",\"urlTemplate\":\"https:\/\/projetopack.com.br\/?s={search_term_string}\"},\"query-input\":{\"@type\":\"PropertyValueSpecification\",\"valueRequired\":true,\"valueName\":\"search_term_string\"}}],\"inLanguage\":\"en-US\"},{\"@type\":\"Organization\",\"@id\":\"https:\/\/projetopack.com.br\/#organization\",\"name\":\"ProjetoPack & Associados\",\"url\":\"https:\/\/projetopack.com.br\/\",\"logo\":{\"@type\":\"ImageObject\",\"inLanguage\":\"en-US\",\"@id\":\"https:\/\/projetopack.com.br\/#\/schema\/logo\/image\/\",\"url\":\"https:\/\/projetopack.com.br\/wp-content\/uploads\/2020\/09\/projetopack.png\",\"contentUrl\":\"https:\/\/projetopack.com.br\/wp-content\/uploads\/2020\/09\/projetopack.png\",\"width\":200,\"height\":200,\"caption\":\"ProjetoPack & Associados\"},\"image\":{\"@id\":\"https:\/\/projetopack.com.br\/#\/schema\/logo\/image\/\"},\"sameAs\":[\"https:\/\/x.com\/ProjetoPack\",\"https:\/\/www.linkedin.com\/company\/projetopack\/\"]},{\"@type\":\"Person\",\"@id\":\"https:\/\/projetopack.com.br\/#\/schema\/person\/d17c72a4bc2b7e461496dd8a14d4cef1\",\"name\":\"Andrea\",\"image\":{\"@type\":\"ImageObject\",\"inLanguage\":\"en-US\",\"@id\":\"https:\/\/projetopack.com.br\/#\/schema\/person\/image\/\",\"url\":\"https:\/\/projetopack.com.br\/wp-content\/uploads\/2026\/03\/eu-150x150.jpg\",\"contentUrl\":\"https:\/\/projetopack.com.br\/wp-content\/uploads\/2026\/03\/eu-150x150.jpg\",\"caption\":\"Andrea\"},\"url\":\"https:\/\/projetopack.com.br\/en\/author\/andrea\/\"}]}<\/script>\n<!-- \/ Yoast SEO Premium plugin. -->","yoast_head_json":{"title":"ProjetoPack inaugura sua filial americana, a ProjetoPack Printing Experts, Inc. - ProjetoPack","description":"A ProjetoPack tem muito orgulho de anunciar a inaugura\u00e7\u00e3o de sua filial americana, a ProjetoPack Printing Experts Inc,. A nova filial atender\u00e1 servi\u00e7os atualmente oferecido pela ProjetoPack Brasil, o que inclui consultorias, treinamentos, eventos inclusive sua revista t\u00e9cnica aos convertedores dos EUA.","robots":{"index":"index","follow":"follow","max-snippet":"max-snippet:-1","max-image-preview":"max-image-preview:large","max-video-preview":"max-video-preview:-1"},"canonical":"https:\/\/projetopack.com.br\/en\/projetopack-inaugura-sua-filial-americana-a-projetopack-printing-experts-inc\/","og_locale":"en_US","og_type":"article","og_title":"ProjetoPack inaugura sua filial americana, a ProjetoPack Printing Experts, Inc.","og_description":"A ProjetoPack tem muito orgulho de anunciar a inaugura\u00e7\u00e3o de sua filial americana, a ProjetoPack Printing Experts Inc,. A nova filial atender\u00e1 servi\u00e7os atualmente oferecido pela ProjetoPack Brasil, o que inclui consultorias, treinamentos, eventos inclusive sua revista t\u00e9cnica aos convertedores dos EUA.","og_url":"https:\/\/projetopack.com.br\/en\/projetopack-inaugura-sua-filial-americana-a-projetopack-printing-experts-inc\/","og_site_name":"ProjetoPack","article_published_time":"2019-02-08T20:54:04+00:00","article_modified_time":"2021-09-11T18:36:44+00:00","og_image":[{"width":1200,"height":630,"url":"https:\/\/projetopack.com.br\/wp-content\/uploads\/2020\/06\/Capa-1200x630-1.png","type":"image\/png"}],"author":"Andrea","twitter_card":"summary_large_image","twitter_creator":"@ProjetoPack","twitter_site":"@ProjetoPack","twitter_misc":{"Written by":"Andrea","Est. reading time":"2 minutes"},"schema":{"@context":"https:\/\/schema.org","@graph":[{"@type":"Article","@id":"https:\/\/projetopack.com.br\/en\/projetopack-inaugura-sua-filial-americana-a-projetopack-printing-experts-inc\/#article","isPartOf":{"@id":"https:\/\/projetopack.com.br\/en\/projetopack-inaugura-sua-filial-americana-a-projetopack-printing-experts-inc\/"},"author":{"name":"Andrea","@id":"https:\/\/projetopack.com.br\/#\/schema\/person\/d17c72a4bc2b7e461496dd8a14d4cef1"},"headline":"ProjetoPack inaugura sua filial americana, a ProjetoPack Printing Experts, Inc.","datePublished":"2019-02-08T20:54:04+00:00","dateModified":"2021-09-11T18:36:44+00:00","mainEntityOfPage":{"@id":"https:\/\/projetopack.com.br\/en\/projetopack-inaugura-sua-filial-americana-a-projetopack-printing-experts-inc\/"},"wordCount":395,"commentCount":0,"publisher":{"@id":"https:\/\/projetopack.com.br\/#organization"},"keywords":["ProjetoPack","ProjetoPack Printing Experts Inc."],"articleSection":["Arquivo"],"inLanguage":"en-US","potentialAction":[{"@type":"CommentAction","name":"Comment","target":["https:\/\/projetopack.com.br\/en\/projetopack-inaugura-sua-filial-americana-a-projetopack-printing-experts-inc\/#respond"]}]},{"@type":"WebPage","@id":"https:\/\/projetopack.com.br\/en\/projetopack-inaugura-sua-filial-americana-a-projetopack-printing-experts-inc\/","url":"https:\/\/projetopack.com.br\/en\/projetopack-inaugura-sua-filial-americana-a-projetopack-printing-experts-inc\/","name":"ProjetoPack inaugura sua filial americana, a ProjetoPack Printing Experts, Inc. - ProjetoPack","isPartOf":{"@id":"https:\/\/projetopack.com.br\/#website"},"datePublished":"2019-02-08T20:54:04+00:00","dateModified":"2021-09-11T18:36:44+00:00","description":"A ProjetoPack tem muito orgulho de anunciar a inaugura\u00e7\u00e3o de sua filial americana, a ProjetoPack Printing Experts Inc,. A nova filial atender\u00e1 servi\u00e7os atualmente oferecido pela ProjetoPack Brasil, o que inclui consultorias, treinamentos, eventos inclusive sua revista t\u00e9cnica aos convertedores dos EUA.","breadcrumb":{"@id":"https:\/\/projetopack.com.br\/en\/projetopack-inaugura-sua-filial-americana-a-projetopack-printing-experts-inc\/#breadcrumb"},"inLanguage":"en-US","potentialAction":[{"@type":"ReadAction","target":["https:\/\/projetopack.com.br\/en\/projetopack-inaugura-sua-filial-americana-a-projetopack-printing-experts-inc\/"]}]},{"@type":"BreadcrumbList","@id":"https:\/\/projetopack.com.br\/en\/projetopack-inaugura-sua-filial-americana-a-projetopack-printing-experts-inc\/#breadcrumb","itemListElement":[{"@type":"ListItem","position":1,"name":"P\u00e1gina Inicial","item":"https:\/\/projetopack.com.br\/"},{"@type":"ListItem","position":2,"name":"Arquivo","item":"https:\/\/projetopack.com.br\/en\/category\/arquivo\/"},{"@type":"ListItem","position":3,"name":"ProjetoPack inaugura sua filial americana, a ProjetoPack Printing Experts, Inc."}]},{"@type":"WebSite","@id":"https:\/\/projetopack.com.br\/#website","url":"https:\/\/projetopack.com.br\/","name":"ProjetoPack","description":"Consultoria e servi\u00e7os para embalagens, r\u00f3tulos, etiquetas e processos de impress\u00e3o","publisher":{"@id":"https:\/\/projetopack.com.br\/#organization"},"potentialAction":[{"@type":"SearchAction","target":{"@type":"EntryPoint","urlTemplate":"https:\/\/projetopack.com.br\/?s={search_term_string}"},"query-input":{"@type":"PropertyValueSpecification","valueRequired":true,"valueName":"search_term_string"}}],"inLanguage":"en-US"},{"@type":"Organization","@id":"https:\/\/projetopack.com.br\/#organization","name":"ProjetoPack & Associados","url":"https:\/\/projetopack.com.br\/","logo":{"@type":"ImageObject","inLanguage":"en-US","@id":"https:\/\/projetopack.com.br\/#\/schema\/logo\/image\/","url":"https:\/\/projetopack.com.br\/wp-content\/uploads\/2020\/09\/projetopack.png","contentUrl":"https:\/\/projetopack.com.br\/wp-content\/uploads\/2020\/09\/projetopack.png","width":200,"height":200,"caption":"ProjetoPack & Associados"},"image":{"@id":"https:\/\/projetopack.com.br\/#\/schema\/logo\/image\/"},"sameAs":["https:\/\/x.com\/ProjetoPack","https:\/\/www.linkedin.com\/company\/projetopack\/"]},{"@type":"Person","@id":"https:\/\/projetopack.com.br\/#\/schema\/person\/d17c72a4bc2b7e461496dd8a14d4cef1","name":"Andrea","image":{"@type":"ImageObject","inLanguage":"en-US","@id":"https:\/\/projetopack.com.br\/#\/schema\/person\/image\/","url":"https:\/\/projetopack.com.br\/wp-content\/uploads\/2026\/03\/eu-150x150.jpg","contentUrl":"https:\/\/projetopack.com.br\/wp-content\/uploads\/2026\/03\/eu-150x150.jpg","caption":"Andrea"},"url":"https:\/\/projetopack.com.br\/en\/author\/andrea\/"}]}},"_links":{"self":[{"href":"https:\/\/projetopack.com.br\/en\/wp-json\/wp\/v2\/posts\/3785","targetHints":{"allow":["GET"]}}],"collection":[{"href":"https:\/\/projetopack.com.br\/en\/wp-json\/wp\/v2\/posts"}],"about":[{"href":"https:\/\/projetopack.com.br\/en\/wp-json\/wp\/v2\/types\/post"}],"author":[{"embeddable":true,"href":"https:\/\/projetopack.com.br\/en\/wp-json\/wp\/v2\/users\/18"}],"replies":[{"embeddable":true,"href":"https:\/\/projetopack.com.br\/en\/wp-json\/wp\/v2\/comments?post=3785"}],"version-history":[{"count":0,"href":"https:\/\/projetopack.com.br\/en\/wp-json\/wp\/v2\/posts\/3785\/revisions"}],"wp:attachment":[{"href":"https:\/\/projetopack.com.br\/en\/wp-json\/wp\/v2\/media?parent=3785"}],"wp:term":[{"taxonomy":"category","embeddable":true,"href":"https:\/\/projetopack.com.br\/en\/wp-json\/wp\/v2\/categories?post=3785"},{"taxonomy":"post_tag","embeddable":true,"href":"https:\/\/projetopack.com.br\/en\/wp-json\/wp\/v2\/tags?post=3785"}],"curies":[{"name":"wp","href":"https:\/\/api.w.org\/{rel}","templated":true}]}}