{"id":3830,"date":"2019-03-01T15:01:56","date_gmt":"2019-03-01T18:01:56","guid":{"rendered":"https:\/\/www.projetopack.com.br\/2020\/?p=3830"},"modified":"2021-09-11T15:40:44","modified_gmt":"2021-09-11T18:40:44","slug":"konica-minolta-apresenta-impressora-digital-accuriolabel-190-em-novo-design-na-flexo-labels-2019","status":"publish","type":"post","link":"https:\/\/projetopack.com.br\/en\/konica-minolta-apresenta-impressora-digital-accuriolabel-190-em-novo-design-na-flexo-labels-2019\/","title":{"rendered":"Konica Minolta apresenta novo design da impressora digital AccurioLabel 190 na Flexo&#038;Labels 2019"},"content":{"rendered":"<h1>A <strong>Konica Minolta<\/strong> tem presen\u00e7a confirmada na <strong>Flexo &amp; Labels 2019<\/strong>, que acontecer\u00e1 de 19 a 21 de mar\u00e7o no Pro Magno Centro de Eventos, em S\u00e3o Paulo<\/h1>\n<p>Na feira, a fabricante japonesa apresentar\u00e1 a impressora digital de r\u00f3tulos e etiquetas <strong>AccurioLabel 190<\/strong>, cujo novo design ser\u00e1 mostrado pela primeira vez ao p\u00fablico brasileiro durante o evento.<\/p>\n<p>A AccurioLabel 190 possui arquitetura e tecnologia vers\u00e1teis, de modo que pode atender diferentes segmentos que demandam alta qualidade em r\u00f3tulos, como cosm\u00e9ticos, higiene pessoal, bebidas, alimentos, farmac\u00eauticos, produtos industriais ou de consumo familiar, entre outros.&nbsp; Suporta escalas robustas de produ\u00e7\u00e3o, incluindo a impress\u00e3o de diferentes vers\u00f5es de um mesmo r\u00f3tulo e personaliza\u00e7\u00e3o por meio de dados vari\u00e1veis, e tem opera\u00e7\u00e3o simplificada atrav\u00e9s de comandos intuitivos em tela touch para configura\u00e7\u00e3o de impress\u00e3o e acompanhamento do fluxo de sa\u00edda.<\/p>\n<p>Pode entrar em opera\u00e7\u00e3o sem qualquer preparo especial de m\u00eddia, como aplica\u00e7\u00e3o de <em>prime<\/em>, garantindo agilidade e expandindo sua aplicabilidade.<\/p>\n<p>Produtiva, tem velocidade para ciclos m\u00e9dios de impress\u00e3o de at\u00e9 24 mil metros\/m\u00eas, qualidade de imagem com resolu\u00e7\u00e3o de 1200&#215;1200 dpi, e acomoda largura de papel de at\u00e9 330 mm. Tamb\u00e9m oferece flexibilidade para uso de diferentes espessuras de m\u00eddia, com op\u00e7\u00f5es de 81 a 176 g\/m2 (papel sem adesivo) ou 136 a 256 g\/m2 (com adesivo).<\/p>\n<p>\u201cNossa expectativa \u00e9 muito grande para a apresenta\u00e7\u00e3o do novo design da AccurioLabel 190 ao p\u00fablico brasileiro durante a Flexo &amp; Labels\u201d, disse Ronaldo Arakaki, Diretor &amp; COO da Konica Minolta. \u201cTrata-se de um equipamento que, ao mesmo tempo em que oferece uma solu\u00e7\u00e3o funcional e flex\u00edvel para o mercado label, tamb\u00e9m tem a robustez e qualidade necess\u00e1rias para atender \u00e0s mais exigentes demandas desse segmento, em que o apelo visual \u00e9 fundamental para chamar a aten\u00e7\u00e3o do consumidor.\u201d<\/p>\n<p>Na Flexo &amp; Labels 2019, os visitantes poder\u00e3o conferir a tecnologia da AccurioLabel 190, da Konica Minolta, no <strong>stand 06c \u2013 Rua F.<\/strong><\/p>\n<h5>Fonte: PARLA! Assessoria &#8211; Paulo Stucchi &#8211; Tel. 11 3413-4416.<\/h5>","protected":false},"excerpt":{"rendered":"<p>A Konica Minolta tem presen\u00e7a confirmada na Flexo &#038; Labels 2019, que acontecer\u00e1 de 19 a 21 de mar\u00e7o no Pro Magno Centro de Eventos, em S\u00e3o Paulo.<\/p>","protected":false},"author":18,"featured_media":0,"comment_status":"open","ping_status":"open","sticky":false,"template":"","format":"standard","meta":{"footnotes":""},"categories":[877],"tags":[228,223,227],"class_list":["post-3830","post","type-post","status-publish","format-standard","hentry","category-arquivo","tag-accuriolabel-190","tag-flexolabels","tag-konica-minolta"],"yoast_head":"<!-- This site is optimized with the Yoast SEO Premium plugin v27.1 (Yoast SEO v27.1.1) - https:\/\/yoast.com\/product\/yoast-seo-premium-wordpress\/ -->\n<title>Konica Minolta apresenta novo design da impressora digital AccurioLabel 190 na Flexo&amp;Labels 2019 - ProjetoPack<\/title>\n<meta name=\"description\" content=\"Confira o melhor conte\u00fado sobre tecnologia, design e gest\u00e3o de embalagens flex\u00edveis, r\u00f3tulos e impress\u00e3o.\" \/>\n<meta name=\"robots\" content=\"index, follow, max-snippet:-1, max-image-preview:large, max-video-preview:-1\" \/>\n<link rel=\"canonical\" href=\"https:\/\/projetopack.com.br\/en\/konica-minolta-apresenta-impressora-digital-accuriolabel-190-em-novo-design-na-flexo-labels-2019\/\" \/>\n<meta property=\"og:locale\" content=\"en_US\" \/>\n<meta property=\"og:type\" content=\"article\" \/>\n<meta property=\"og:title\" content=\"Konica Minolta apresenta novo design da impressora digital AccurioLabel 190 na Flexo&amp;Labels 2019\" \/>\n<meta property=\"og:description\" content=\"Confira o melhor conte\u00fado sobre tecnologia, design e gest\u00e3o de embalagens flex\u00edveis, r\u00f3tulos e impress\u00e3o.\" \/>\n<meta property=\"og:url\" content=\"https:\/\/projetopack.com.br\/en\/konica-minolta-apresenta-impressora-digital-accuriolabel-190-em-novo-design-na-flexo-labels-2019\/\" \/>\n<meta property=\"og:site_name\" content=\"ProjetoPack\" \/>\n<meta property=\"article:published_time\" content=\"2019-03-01T18:01:56+00:00\" \/>\n<meta property=\"article:modified_time\" content=\"2021-09-11T18:40:44+00:00\" \/>\n<meta property=\"og:image\" content=\"https:\/\/projetopack.com.br\/wp-content\/uploads\/2020\/06\/Capa-1200x630-1.png\" \/>\n\t<meta property=\"og:image:width\" content=\"1200\" \/>\n\t<meta property=\"og:image:height\" content=\"630\" \/>\n\t<meta property=\"og:image:type\" content=\"image\/png\" \/>\n<meta name=\"author\" content=\"Andrea\" \/>\n<meta name=\"twitter:card\" content=\"summary_large_image\" \/>\n<meta name=\"twitter:creator\" content=\"@ProjetoPack\" \/>\n<meta name=\"twitter:site\" content=\"@ProjetoPack\" \/>\n<meta name=\"twitter:label1\" content=\"Written by\" \/>\n\t<meta name=\"twitter:data1\" content=\"Andrea\" \/>\n\t<meta name=\"twitter:label2\" content=\"Est. reading time\" \/>\n\t<meta name=\"twitter:data2\" content=\"2 minutes\" \/>\n<script type=\"application\/ld+json\" class=\"yoast-schema-graph\">{\"@context\":\"https:\/\/schema.org\",\"@graph\":[{\"@type\":\"Article\",\"@id\":\"https:\/\/projetopack.com.br\/en\/konica-minolta-apresenta-impressora-digital-accuriolabel-190-em-novo-design-na-flexo-labels-2019\/#article\",\"isPartOf\":{\"@id\":\"https:\/\/projetopack.com.br\/en\/konica-minolta-apresenta-impressora-digital-accuriolabel-190-em-novo-design-na-flexo-labels-2019\/\"},\"author\":{\"name\":\"Andrea\",\"@id\":\"https:\/\/projetopack.com.br\/#\/schema\/person\/d17c72a4bc2b7e461496dd8a14d4cef1\"},\"headline\":\"Konica Minolta apresenta novo design da impressora digital AccurioLabel 190 na Flexo&#038;Labels 2019\",\"datePublished\":\"2019-03-01T18:01:56+00:00\",\"dateModified\":\"2021-09-11T18:40:44+00:00\",\"mainEntityOfPage\":{\"@id\":\"https:\/\/projetopack.com.br\/en\/konica-minolta-apresenta-impressora-digital-accuriolabel-190-em-novo-design-na-flexo-labels-2019\/\"},\"wordCount\":361,\"commentCount\":0,\"publisher\":{\"@id\":\"https:\/\/projetopack.com.br\/#organization\"},\"keywords\":[\"AccurioLabel 190\",\"Flexo&amp;Labels\",\"konica minolta\"],\"articleSection\":[\"Arquivo\"],\"inLanguage\":\"en-US\",\"potentialAction\":[{\"@type\":\"CommentAction\",\"name\":\"Comment\",\"target\":[\"https:\/\/projetopack.com.br\/en\/konica-minolta-apresenta-impressora-digital-accuriolabel-190-em-novo-design-na-flexo-labels-2019\/#respond\"]}]},{\"@type\":\"WebPage\",\"@id\":\"https:\/\/projetopack.com.br\/en\/konica-minolta-apresenta-impressora-digital-accuriolabel-190-em-novo-design-na-flexo-labels-2019\/\",\"url\":\"https:\/\/projetopack.com.br\/en\/konica-minolta-apresenta-impressora-digital-accuriolabel-190-em-novo-design-na-flexo-labels-2019\/\",\"name\":\"Konica Minolta apresenta novo design da impressora digital AccurioLabel 190 na Flexo&Labels 2019 - ProjetoPack\",\"isPartOf\":{\"@id\":\"https:\/\/projetopack.com.br\/#website\"},\"datePublished\":\"2019-03-01T18:01:56+00:00\",\"dateModified\":\"2021-09-11T18:40:44+00:00\",\"description\":\"Confira o melhor conte\u00fado sobre tecnologia, design e gest\u00e3o de embalagens flex\u00edveis, r\u00f3tulos e impress\u00e3o.\",\"breadcrumb\":{\"@id\":\"https:\/\/projetopack.com.br\/en\/konica-minolta-apresenta-impressora-digital-accuriolabel-190-em-novo-design-na-flexo-labels-2019\/#breadcrumb\"},\"inLanguage\":\"en-US\",\"potentialAction\":[{\"@type\":\"ReadAction\",\"target\":[\"https:\/\/projetopack.com.br\/en\/konica-minolta-apresenta-impressora-digital-accuriolabel-190-em-novo-design-na-flexo-labels-2019\/\"]}]},{\"@type\":\"BreadcrumbList\",\"@id\":\"https:\/\/projetopack.com.br\/en\/konica-minolta-apresenta-impressora-digital-accuriolabel-190-em-novo-design-na-flexo-labels-2019\/#breadcrumb\",\"itemListElement\":[{\"@type\":\"ListItem\",\"position\":1,\"name\":\"P\u00e1gina Inicial\",\"item\":\"https:\/\/projetopack.com.br\/\"},{\"@type\":\"ListItem\",\"position\":2,\"name\":\"Arquivo\",\"item\":\"https:\/\/projetopack.com.br\/en\/category\/arquivo\/\"},{\"@type\":\"ListItem\",\"position\":3,\"name\":\"Konica Minolta apresenta novo design da impressora digital AccurioLabel 190 na Flexo&#038;Labels 2019\"}]},{\"@type\":\"WebSite\",\"@id\":\"https:\/\/projetopack.com.br\/#website\",\"url\":\"https:\/\/projetopack.com.br\/\",\"name\":\"ProjetoPack\",\"description\":\"Consultoria e servi\u00e7os para embalagens, r\u00f3tulos, etiquetas e processos de impress\u00e3o\",\"publisher\":{\"@id\":\"https:\/\/projetopack.com.br\/#organization\"},\"potentialAction\":[{\"@type\":\"SearchAction\",\"target\":{\"@type\":\"EntryPoint\",\"urlTemplate\":\"https:\/\/projetopack.com.br\/?s={search_term_string}\"},\"query-input\":{\"@type\":\"PropertyValueSpecification\",\"valueRequired\":true,\"valueName\":\"search_term_string\"}}],\"inLanguage\":\"en-US\"},{\"@type\":\"Organization\",\"@id\":\"https:\/\/projetopack.com.br\/#organization\",\"name\":\"ProjetoPack & Associados\",\"url\":\"https:\/\/projetopack.com.br\/\",\"logo\":{\"@type\":\"ImageObject\",\"inLanguage\":\"en-US\",\"@id\":\"https:\/\/projetopack.com.br\/#\/schema\/logo\/image\/\",\"url\":\"https:\/\/projetopack.com.br\/wp-content\/uploads\/2020\/09\/projetopack.png\",\"contentUrl\":\"https:\/\/projetopack.com.br\/wp-content\/uploads\/2020\/09\/projetopack.png\",\"width\":200,\"height\":200,\"caption\":\"ProjetoPack & Associados\"},\"image\":{\"@id\":\"https:\/\/projetopack.com.br\/#\/schema\/logo\/image\/\"},\"sameAs\":[\"https:\/\/x.com\/ProjetoPack\",\"https:\/\/www.linkedin.com\/company\/projetopack\/\"]},{\"@type\":\"Person\",\"@id\":\"https:\/\/projetopack.com.br\/#\/schema\/person\/d17c72a4bc2b7e461496dd8a14d4cef1\",\"name\":\"Andrea\",\"image\":{\"@type\":\"ImageObject\",\"inLanguage\":\"en-US\",\"@id\":\"https:\/\/projetopack.com.br\/#\/schema\/person\/image\/\",\"url\":\"https:\/\/projetopack.com.br\/wp-content\/uploads\/2026\/03\/eu-150x150.jpg\",\"contentUrl\":\"https:\/\/projetopack.com.br\/wp-content\/uploads\/2026\/03\/eu-150x150.jpg\",\"caption\":\"Andrea\"},\"url\":\"https:\/\/projetopack.com.br\/en\/author\/andrea\/\"}]}<\/script>\n<!-- \/ Yoast SEO Premium plugin. -->","yoast_head_json":{"title":"Konica Minolta apresenta novo design da impressora digital AccurioLabel 190 na Flexo&Labels 2019 - ProjetoPack","description":"Confira o melhor conte\u00fado sobre tecnologia, design e gest\u00e3o de embalagens flex\u00edveis, r\u00f3tulos e impress\u00e3o.","robots":{"index":"index","follow":"follow","max-snippet":"max-snippet:-1","max-image-preview":"max-image-preview:large","max-video-preview":"max-video-preview:-1"},"canonical":"https:\/\/projetopack.com.br\/en\/konica-minolta-apresenta-impressora-digital-accuriolabel-190-em-novo-design-na-flexo-labels-2019\/","og_locale":"en_US","og_type":"article","og_title":"Konica Minolta apresenta novo design da impressora digital AccurioLabel 190 na Flexo&Labels 2019","og_description":"Confira o melhor conte\u00fado sobre tecnologia, design e gest\u00e3o de embalagens flex\u00edveis, r\u00f3tulos e impress\u00e3o.","og_url":"https:\/\/projetopack.com.br\/en\/konica-minolta-apresenta-impressora-digital-accuriolabel-190-em-novo-design-na-flexo-labels-2019\/","og_site_name":"ProjetoPack","article_published_time":"2019-03-01T18:01:56+00:00","article_modified_time":"2021-09-11T18:40:44+00:00","og_image":[{"width":1200,"height":630,"url":"https:\/\/projetopack.com.br\/wp-content\/uploads\/2020\/06\/Capa-1200x630-1.png","type":"image\/png"}],"author":"Andrea","twitter_card":"summary_large_image","twitter_creator":"@ProjetoPack","twitter_site":"@ProjetoPack","twitter_misc":{"Written by":"Andrea","Est. reading time":"2 minutes"},"schema":{"@context":"https:\/\/schema.org","@graph":[{"@type":"Article","@id":"https:\/\/projetopack.com.br\/en\/konica-minolta-apresenta-impressora-digital-accuriolabel-190-em-novo-design-na-flexo-labels-2019\/#article","isPartOf":{"@id":"https:\/\/projetopack.com.br\/en\/konica-minolta-apresenta-impressora-digital-accuriolabel-190-em-novo-design-na-flexo-labels-2019\/"},"author":{"name":"Andrea","@id":"https:\/\/projetopack.com.br\/#\/schema\/person\/d17c72a4bc2b7e461496dd8a14d4cef1"},"headline":"Konica Minolta apresenta novo design da impressora digital AccurioLabel 190 na Flexo&#038;Labels 2019","datePublished":"2019-03-01T18:01:56+00:00","dateModified":"2021-09-11T18:40:44+00:00","mainEntityOfPage":{"@id":"https:\/\/projetopack.com.br\/en\/konica-minolta-apresenta-impressora-digital-accuriolabel-190-em-novo-design-na-flexo-labels-2019\/"},"wordCount":361,"commentCount":0,"publisher":{"@id":"https:\/\/projetopack.com.br\/#organization"},"keywords":["AccurioLabel 190","Flexo&amp;Labels","konica minolta"],"articleSection":["Arquivo"],"inLanguage":"en-US","potentialAction":[{"@type":"CommentAction","name":"Comment","target":["https:\/\/projetopack.com.br\/en\/konica-minolta-apresenta-impressora-digital-accuriolabel-190-em-novo-design-na-flexo-labels-2019\/#respond"]}]},{"@type":"WebPage","@id":"https:\/\/projetopack.com.br\/en\/konica-minolta-apresenta-impressora-digital-accuriolabel-190-em-novo-design-na-flexo-labels-2019\/","url":"https:\/\/projetopack.com.br\/en\/konica-minolta-apresenta-impressora-digital-accuriolabel-190-em-novo-design-na-flexo-labels-2019\/","name":"Konica Minolta apresenta novo design da impressora digital AccurioLabel 190 na Flexo&Labels 2019 - ProjetoPack","isPartOf":{"@id":"https:\/\/projetopack.com.br\/#website"},"datePublished":"2019-03-01T18:01:56+00:00","dateModified":"2021-09-11T18:40:44+00:00","description":"Confira o melhor conte\u00fado sobre tecnologia, design e gest\u00e3o de embalagens flex\u00edveis, r\u00f3tulos e impress\u00e3o.","breadcrumb":{"@id":"https:\/\/projetopack.com.br\/en\/konica-minolta-apresenta-impressora-digital-accuriolabel-190-em-novo-design-na-flexo-labels-2019\/#breadcrumb"},"inLanguage":"en-US","potentialAction":[{"@type":"ReadAction","target":["https:\/\/projetopack.com.br\/en\/konica-minolta-apresenta-impressora-digital-accuriolabel-190-em-novo-design-na-flexo-labels-2019\/"]}]},{"@type":"BreadcrumbList","@id":"https:\/\/projetopack.com.br\/en\/konica-minolta-apresenta-impressora-digital-accuriolabel-190-em-novo-design-na-flexo-labels-2019\/#breadcrumb","itemListElement":[{"@type":"ListItem","position":1,"name":"P\u00e1gina Inicial","item":"https:\/\/projetopack.com.br\/"},{"@type":"ListItem","position":2,"name":"Arquivo","item":"https:\/\/projetopack.com.br\/en\/category\/arquivo\/"},{"@type":"ListItem","position":3,"name":"Konica Minolta apresenta novo design da impressora digital AccurioLabel 190 na Flexo&#038;Labels 2019"}]},{"@type":"WebSite","@id":"https:\/\/projetopack.com.br\/#website","url":"https:\/\/projetopack.com.br\/","name":"ProjetoPack","description":"Consultoria e servi\u00e7os para embalagens, r\u00f3tulos, etiquetas e processos de impress\u00e3o","publisher":{"@id":"https:\/\/projetopack.com.br\/#organization"},"potentialAction":[{"@type":"SearchAction","target":{"@type":"EntryPoint","urlTemplate":"https:\/\/projetopack.com.br\/?s={search_term_string}"},"query-input":{"@type":"PropertyValueSpecification","valueRequired":true,"valueName":"search_term_string"}}],"inLanguage":"en-US"},{"@type":"Organization","@id":"https:\/\/projetopack.com.br\/#organization","name":"ProjetoPack & Associados","url":"https:\/\/projetopack.com.br\/","logo":{"@type":"ImageObject","inLanguage":"en-US","@id":"https:\/\/projetopack.com.br\/#\/schema\/logo\/image\/","url":"https:\/\/projetopack.com.br\/wp-content\/uploads\/2020\/09\/projetopack.png","contentUrl":"https:\/\/projetopack.com.br\/wp-content\/uploads\/2020\/09\/projetopack.png","width":200,"height":200,"caption":"ProjetoPack & Associados"},"image":{"@id":"https:\/\/projetopack.com.br\/#\/schema\/logo\/image\/"},"sameAs":["https:\/\/x.com\/ProjetoPack","https:\/\/www.linkedin.com\/company\/projetopack\/"]},{"@type":"Person","@id":"https:\/\/projetopack.com.br\/#\/schema\/person\/d17c72a4bc2b7e461496dd8a14d4cef1","name":"Andrea","image":{"@type":"ImageObject","inLanguage":"en-US","@id":"https:\/\/projetopack.com.br\/#\/schema\/person\/image\/","url":"https:\/\/projetopack.com.br\/wp-content\/uploads\/2026\/03\/eu-150x150.jpg","contentUrl":"https:\/\/projetopack.com.br\/wp-content\/uploads\/2026\/03\/eu-150x150.jpg","caption":"Andrea"},"url":"https:\/\/projetopack.com.br\/en\/author\/andrea\/"}]}},"_links":{"self":[{"href":"https:\/\/projetopack.com.br\/en\/wp-json\/wp\/v2\/posts\/3830","targetHints":{"allow":["GET"]}}],"collection":[{"href":"https:\/\/projetopack.com.br\/en\/wp-json\/wp\/v2\/posts"}],"about":[{"href":"https:\/\/projetopack.com.br\/en\/wp-json\/wp\/v2\/types\/post"}],"author":[{"embeddable":true,"href":"https:\/\/projetopack.com.br\/en\/wp-json\/wp\/v2\/users\/18"}],"replies":[{"embeddable":true,"href":"https:\/\/projetopack.com.br\/en\/wp-json\/wp\/v2\/comments?post=3830"}],"version-history":[{"count":0,"href":"https:\/\/projetopack.com.br\/en\/wp-json\/wp\/v2\/posts\/3830\/revisions"}],"wp:attachment":[{"href":"https:\/\/projetopack.com.br\/en\/wp-json\/wp\/v2\/media?parent=3830"}],"wp:term":[{"taxonomy":"category","embeddable":true,"href":"https:\/\/projetopack.com.br\/en\/wp-json\/wp\/v2\/categories?post=3830"},{"taxonomy":"post_tag","embeddable":true,"href":"https:\/\/projetopack.com.br\/en\/wp-json\/wp\/v2\/tags?post=3830"}],"curies":[{"name":"wp","href":"https:\/\/api.w.org\/{rel}","templated":true}]}}