{"id":38380,"date":"2023-12-01T11:23:49","date_gmt":"2023-12-01T14:23:49","guid":{"rendered":"https:\/\/www.projetopack.com.br\/?p=38380"},"modified":"2026-03-16T16:48:02","modified_gmt":"2026-03-16T19:48:02","slug":"all4labels-group-anuncia-aquisicao-da-uniflexo-sim-mais-uma-aquisicao","status":"publish","type":"post","link":"https:\/\/projetopack.com.br\/en\/all4labels-group-anuncia-aquisicao-da-uniflexo-sim-mais-uma-aquisicao\/","title":{"rendered":"All4Labels Group anuncia aquisi\u00e7\u00e3o da Uniflexo (sim, mais uma aquisi\u00e7\u00e3o!)"},"content":{"rendered":"<p style=\"font-style:normal;font-weight:400\">A gigante alem\u00e3 All4Labels anuncia a aquisi\u00e7\u00e3o da tradicional convertedora de r\u00f3tulos termoencolh\u00edveis <a href=\"https:\/\/www.uniflexo.com.br\/\" target=\"_blank\" rel=\"noreferrer noopener\">Uniflexo<\/a>, em Barueri &#8211; S\u00e3o Paulo. Fundada em 1973 sob o nome de Estrela Etiquetas, a companhia \u00e9 uma das primeiras do pa\u00eds no segmento. Em 1993 mudou a dire\u00e7\u00e3o e em 2000, foi rebatizada de Uniflexo. <\/p>\n\n\n\n<p>Com a aquisi\u00e7\u00e3o, a All4Labels consolida a sua lideran\u00e7a na produ\u00e7\u00e3o de r\u00f3tulos termoencolh\u00edveis, em diferentes setores e aplica\u00e7\u00f5es. Os dados da transa\u00e7\u00e3o n\u00e3o foram divulgados e seguir\u00e3o os tr\u00e2mites normais junto aos \u00f3rg\u00e3os reguladores. <\/p>\n\n\n\n<figure class=\"wp-block-pullquote\" style=\"font-style:normal;font-weight:400\"><blockquote><p>Apenas como recordat\u00f3rio, a All4Labels adquiriu as opera\u00e7\u00f5es da <strong>Flexoprint<\/strong>, <strong>Labelpress<\/strong>, <strong>Grupo Allbox<\/strong>, <strong>Visionflex<\/strong>, <strong>Maxcor<\/strong> e <strong>Uniflexo<\/strong> &#8211; uma onda consolidadora jamais vista no segmento de r\u00f3tulos e etiquetas nacional.<\/p><\/blockquote><\/figure>\n\n\n\n<p class=\"has-pale-cyan-blue-background-color has-background\" style=\"font-style:normal;font-weight:400\"><strong>Paloma Alonso<\/strong>, CEO da All4Labels CEO, conclui: \u201cN\u00f3s estamos determinados a construir a nossa posi\u00e7\u00e3o no Brasil formando times com l\u00edderes e animados com as sinergias que vamos lograr juntos. Minhas calorosas boas-vindas a todo o time da Uniflexo&#8221;.<\/p>\n\n\n\n<p style=\"font-style:normal;font-weight:400\"><strong>Guido Iannonne<\/strong>, VP executivo MNC e presidente LATAM da All4Labels complementa: &#8220;Com a nova parceria junto \u00e0 Uniflexo, expandiremos a nossa capacidade produtiva nas \u00e1reas de agroqu\u00edmicos, cuidados pessoais e latic\u00ednios, mais uma vez agregando versatilidade, alta qualidade, excel\u00eancia produtiva e agilidade para ir ao mercado&#8221;.<\/p>\n\n\n\n<p style=\"font-style:normal;font-weight:400\"><strong>Fernando Gabel<\/strong>, VP executivo de M&amp;A da All4Labels adiciona: &#8220;Em seus trinta anos de exist\u00eancia, a Uniflexo desenvolveu uma cultura forte de atendimento ao cliente, crescimento constante, produtividade, inova\u00e7\u00e3o e sustentabilidade, uma combina\u00e7\u00e3o perfeita com a forma de fazer neg\u00f3cios da All4Labels. N\u00f3s estamos muito orgulhosos em t\u00ea-los a bordo a partir de agora, olhando para este futuro brilhante&#8221;.<\/p>\n\n\n\n<p>Leia mais em nosso blog:<\/p>\n\n\n\n<p><a href=\"https:\/\/projetopack.com.br\/maxcor-se-une-ao-grupo-all4labels\/\">Maxcor se junta ao grupo All4Labels<\/a><\/p>","protected":false},"excerpt":{"rendered":"<p>A gigante alem\u00e3 All4Labels anuncia a aquisi\u00e7\u00e3o da tradicional convertedora de r\u00f3tulos termoencolh\u00edveis Uniflexo, em Barueri &#8211; S\u00e3o Paulo. Fundada em 1973 sob o nome de Estrela Etiquetas, a companhia \u00e9 uma das primeiras do pa\u00eds no segmento. Em 1993 mudou a dire\u00e7\u00e3o e em 2000, foi rebatizada de Uniflexo. Com a aquisi\u00e7\u00e3o, a All4Labels [&hellip;]<\/p>\n","protected":false},"author":2,"featured_media":38383,"comment_status":"open","ping_status":"closed","sticky":true,"template":"","format":"standard","meta":{"footnotes":""},"categories":[782],"tags":[],"class_list":["post-38380","post","type-post","status-publish","format-standard","has-post-thumbnail","hentry","category-fusoes-e-aquisicoes"],"yoast_head":"<!-- This site is optimized with the Yoast SEO Premium plugin v27.1 (Yoast SEO v27.1.1) - https:\/\/yoast.com\/product\/yoast-seo-premium-wordpress\/ -->\n<title>All4Labels Group anuncia aquisi\u00e7\u00e3o da Uniflexo (sim, mais uma aquisi\u00e7\u00e3o!) - ProjetoPack<\/title>\n<meta name=\"description\" content=\"All4Labels Group anuncia aquisi\u00e7\u00e3o da Uniflexo, tradicional convertedora de r\u00f3tulos termoencolh\u00edveis em Barueri, S\u00e3o Paulo\" \/>\n<meta name=\"robots\" content=\"index, follow, max-snippet:-1, max-image-preview:large, max-video-preview:-1\" \/>\n<link rel=\"canonical\" href=\"https:\/\/projetopack.com.br\/en\/all4labels-group-anuncia-aquisicao-da-uniflexo-sim-mais-uma-aquisicao\/\" \/>\n<meta property=\"og:locale\" content=\"en_US\" \/>\n<meta property=\"og:type\" content=\"article\" \/>\n<meta property=\"og:title\" content=\"All4Labels Group anuncia aquisi\u00e7\u00e3o da Uniflexo (sim, mais uma aquisi\u00e7\u00e3o!)\" \/>\n<meta property=\"og:description\" content=\"All4Labels Group anuncia aquisi\u00e7\u00e3o da Uniflexo, tradicional convertedora de r\u00f3tulos termoencolh\u00edveis em Barueri, S\u00e3o Paulo\" \/>\n<meta property=\"og:url\" content=\"https:\/\/projetopack.com.br\/en\/all4labels-group-anuncia-aquisicao-da-uniflexo-sim-mais-uma-aquisicao\/\" \/>\n<meta property=\"og:site_name\" content=\"ProjetoPack\" \/>\n<meta property=\"article:published_time\" content=\"2023-12-01T14:23:49+00:00\" \/>\n<meta property=\"article:modified_time\" content=\"2026-03-16T19:48:02+00:00\" \/>\n<meta property=\"og:image\" content=\"https:\/\/projetopack.com.br\/wp-content\/uploads\/2023\/12\/2023-11-30_MA-Uniflexo_Linkedin-Post.jpg\" \/>\n\t<meta property=\"og:image:width\" content=\"1600\" \/>\n\t<meta property=\"og:image:height\" content=\"836\" \/>\n\t<meta property=\"og:image:type\" content=\"image\/jpeg\" \/>\n<meta name=\"author\" content=\"Aislan Baer\" \/>\n<meta name=\"twitter:card\" content=\"summary_large_image\" \/>\n<meta name=\"twitter:creator\" content=\"@ProjetoPack\" \/>\n<meta name=\"twitter:site\" content=\"@ProjetoPack\" \/>\n<meta name=\"twitter:label1\" content=\"Written by\" \/>\n\t<meta name=\"twitter:data1\" content=\"Aislan Baer\" \/>\n\t<meta name=\"twitter:label2\" content=\"Est. reading time\" \/>\n\t<meta name=\"twitter:data2\" content=\"2 minutes\" \/>\n<script type=\"application\/ld+json\" class=\"yoast-schema-graph\">{\"@context\":\"https:\/\/schema.org\",\"@graph\":[{\"@type\":\"Article\",\"@id\":\"https:\/\/projetopack.com.br\/all4labels-group-anuncia-aquisicao-da-uniflexo-sim-mais-uma-aquisicao\/#article\",\"isPartOf\":{\"@id\":\"https:\/\/projetopack.com.br\/all4labels-group-anuncia-aquisicao-da-uniflexo-sim-mais-uma-aquisicao\/\"},\"author\":{\"name\":\"Aislan Baer\",\"@id\":\"https:\/\/projetopack.com.br\/#\/schema\/person\/87cbd7d1e244880886d457815ebd2490\"},\"headline\":\"All4Labels Group anuncia aquisi\u00e7\u00e3o da Uniflexo (sim, mais uma aquisi\u00e7\u00e3o!)\",\"datePublished\":\"2023-12-01T14:23:49+00:00\",\"dateModified\":\"2026-03-16T19:48:02+00:00\",\"mainEntityOfPage\":{\"@id\":\"https:\/\/projetopack.com.br\/all4labels-group-anuncia-aquisicao-da-uniflexo-sim-mais-uma-aquisicao\/\"},\"wordCount\":320,\"commentCount\":0,\"publisher\":{\"@id\":\"https:\/\/projetopack.com.br\/#organization\"},\"image\":{\"@id\":\"https:\/\/projetopack.com.br\/all4labels-group-anuncia-aquisicao-da-uniflexo-sim-mais-uma-aquisicao\/#primaryimage\"},\"thumbnailUrl\":\"https:\/\/projetopack.com.br\/wp-content\/uploads\/2023\/12\/2023-11-30_MA-Uniflexo_Linkedin-Post.jpg\",\"articleSection\":[\"Fus\u00f5es e aquisi\u00e7\u00f5es\"],\"inLanguage\":\"en-US\",\"potentialAction\":[{\"@type\":\"CommentAction\",\"name\":\"Comment\",\"target\":[\"https:\/\/projetopack.com.br\/all4labels-group-anuncia-aquisicao-da-uniflexo-sim-mais-uma-aquisicao\/#respond\"]}]},{\"@type\":\"WebPage\",\"@id\":\"https:\/\/projetopack.com.br\/all4labels-group-anuncia-aquisicao-da-uniflexo-sim-mais-uma-aquisicao\/\",\"url\":\"https:\/\/projetopack.com.br\/all4labels-group-anuncia-aquisicao-da-uniflexo-sim-mais-uma-aquisicao\/\",\"name\":\"All4Labels Group anuncia aquisi\u00e7\u00e3o da Uniflexo (sim, mais uma aquisi\u00e7\u00e3o!) - ProjetoPack\",\"isPartOf\":{\"@id\":\"https:\/\/projetopack.com.br\/#website\"},\"primaryImageOfPage\":{\"@id\":\"https:\/\/projetopack.com.br\/all4labels-group-anuncia-aquisicao-da-uniflexo-sim-mais-uma-aquisicao\/#primaryimage\"},\"image\":{\"@id\":\"https:\/\/projetopack.com.br\/all4labels-group-anuncia-aquisicao-da-uniflexo-sim-mais-uma-aquisicao\/#primaryimage\"},\"thumbnailUrl\":\"https:\/\/projetopack.com.br\/wp-content\/uploads\/2023\/12\/2023-11-30_MA-Uniflexo_Linkedin-Post.jpg\",\"datePublished\":\"2023-12-01T14:23:49+00:00\",\"dateModified\":\"2026-03-16T19:48:02+00:00\",\"description\":\"All4Labels Group anuncia aquisi\u00e7\u00e3o da Uniflexo, tradicional convertedora de r\u00f3tulos termoencolh\u00edveis em Barueri, S\u00e3o Paulo\",\"breadcrumb\":{\"@id\":\"https:\/\/projetopack.com.br\/all4labels-group-anuncia-aquisicao-da-uniflexo-sim-mais-uma-aquisicao\/#breadcrumb\"},\"inLanguage\":\"en-US\",\"potentialAction\":[{\"@type\":\"ReadAction\",\"target\":[\"https:\/\/projetopack.com.br\/all4labels-group-anuncia-aquisicao-da-uniflexo-sim-mais-uma-aquisicao\/\"]}]},{\"@type\":\"ImageObject\",\"inLanguage\":\"en-US\",\"@id\":\"https:\/\/projetopack.com.br\/all4labels-group-anuncia-aquisicao-da-uniflexo-sim-mais-uma-aquisicao\/#primaryimage\",\"url\":\"https:\/\/projetopack.com.br\/wp-content\/uploads\/2023\/12\/2023-11-30_MA-Uniflexo_Linkedin-Post.jpg\",\"contentUrl\":\"https:\/\/projetopack.com.br\/wp-content\/uploads\/2023\/12\/2023-11-30_MA-Uniflexo_Linkedin-Post.jpg\",\"width\":\"1600\",\"height\":\"836\",\"caption\":\"uniflexo all4labels\"},{\"@type\":\"BreadcrumbList\",\"@id\":\"https:\/\/projetopack.com.br\/all4labels-group-anuncia-aquisicao-da-uniflexo-sim-mais-uma-aquisicao\/#breadcrumb\",\"itemListElement\":[{\"@type\":\"ListItem\",\"position\":1,\"name\":\"P\u00e1gina Inicial\",\"item\":\"https:\/\/projetopack.com.br\/\"},{\"@type\":\"ListItem\",\"position\":2,\"name\":\"Fus\u00f5es e aquisi\u00e7\u00f5es\",\"item\":\"https:\/\/projetopack.com.br\/en\/category\/fusoes-e-aquisicoes\/\"},{\"@type\":\"ListItem\",\"position\":3,\"name\":\"All4Labels Group anuncia aquisi\u00e7\u00e3o da Uniflexo (sim, mais uma aquisi\u00e7\u00e3o!)\"}]},{\"@type\":\"WebSite\",\"@id\":\"https:\/\/projetopack.com.br\/#website\",\"url\":\"https:\/\/projetopack.com.br\/\",\"name\":\"ProjetoPack\",\"description\":\"Consultoria e servi\u00e7os para embalagens, r\u00f3tulos, etiquetas e processos de impress\u00e3o\",\"publisher\":{\"@id\":\"https:\/\/projetopack.com.br\/#organization\"},\"potentialAction\":[{\"@type\":\"SearchAction\",\"target\":{\"@type\":\"EntryPoint\",\"urlTemplate\":\"https:\/\/projetopack.com.br\/?s={search_term_string}\"},\"query-input\":{\"@type\":\"PropertyValueSpecification\",\"valueRequired\":true,\"valueName\":\"search_term_string\"}}],\"inLanguage\":\"en-US\"},{\"@type\":\"Organization\",\"@id\":\"https:\/\/projetopack.com.br\/#organization\",\"name\":\"ProjetoPack & Associados\",\"url\":\"https:\/\/projetopack.com.br\/\",\"logo\":{\"@type\":\"ImageObject\",\"inLanguage\":\"en-US\",\"@id\":\"https:\/\/projetopack.com.br\/#\/schema\/logo\/image\/\",\"url\":\"https:\/\/projetopack.com.br\/wp-content\/uploads\/2020\/09\/projetopack.png\",\"contentUrl\":\"https:\/\/projetopack.com.br\/wp-content\/uploads\/2020\/09\/projetopack.png\",\"width\":200,\"height\":200,\"caption\":\"ProjetoPack & Associados\"},\"image\":{\"@id\":\"https:\/\/projetopack.com.br\/#\/schema\/logo\/image\/\"},\"sameAs\":[\"https:\/\/x.com\/ProjetoPack\",\"https:\/\/www.linkedin.com\/company\/projetopack\/\"]},{\"@type\":\"Person\",\"@id\":\"https:\/\/projetopack.com.br\/#\/schema\/person\/87cbd7d1e244880886d457815ebd2490\",\"name\":\"Aislan Baer\",\"image\":{\"@type\":\"ImageObject\",\"inLanguage\":\"en-US\",\"@id\":\"https:\/\/projetopack.com.br\/#\/schema\/person\/image\/\",\"url\":\"https:\/\/projetopack.com.br\/wp-content\/uploads\/2021\/08\/Aislan-Busto-p-100x100.jpg\",\"contentUrl\":\"https:\/\/projetopack.com.br\/wp-content\/uploads\/2021\/08\/Aislan-Busto-p-100x100.jpg\",\"caption\":\"Aislan Baer\"},\"description\":\"Desde os \u00faltimos 20 anos, meu time e eu ajudamos mais de 300 empresas brasileiras e estrangeiras (algumas delas, l\u00edderes mundiais) a produzir embalagens flex\u00edveis e r\u00f3tulos com maior efici\u00eancia, menores custos e maior apelo visual, bem como centenas de donos de marcas a comprar suas embalagens flex\u00edveis e material impresso com um crit\u00e9rio mais t\u00e9cnico e assertivo. Ao mesmo tempo, gra\u00e7as \u00e0 nossa consultoria, muitas destas empresas melhoraram significativamente o seu processo de Impress\u00e3o (Impress\u00e3o de embalagens, Impress\u00e3o industrial, Impress\u00e3o funcional e, mais recentemente, bio impress\u00e3o e manufatura aditiva ou simplesmente Impress\u00e3o 3D). Se a sua empresa tem um problema relacionado a embalagens flex\u00edveis, r\u00f3tulos ou Impress\u00e3o, por mais insol\u00favel que lhe pare\u00e7a, aguardamos ansiosos a sua liga\u00e7\u00e3o ou e-mail. Este \u00e9 nosso trabalho e tamb\u00e9m a nossa paix\u00e3o.\",\"sameAs\":[\"http:\/\/www.projetopack.com\",\"https:\/\/www.linkedin.com\/in\/aislanbaer\/\"],\"jobTitle\":\"CEO @ ProjetoPack | L\u00edder em M&A no Setor de Impress\u00e3o e Embalagens no Brasil | Cofundador da Inovagraf e Neuraflow | Especialista em Inova\u00e7\u00e3o com IA na Impress\u00e3o | Printing Legacy Initiative | Empreendedor Serial\",\"url\":\"https:\/\/projetopack.com.br\/en\/author\/aislan\/\"}]}<\/script>\n<!-- \/ Yoast SEO Premium plugin. -->","yoast_head_json":{"title":"All4Labels Group anuncia aquisi\u00e7\u00e3o da Uniflexo (sim, mais uma aquisi\u00e7\u00e3o!) - ProjetoPack","description":"All4Labels Group anuncia aquisi\u00e7\u00e3o da Uniflexo, tradicional convertedora de r\u00f3tulos termoencolh\u00edveis em Barueri, S\u00e3o Paulo","robots":{"index":"index","follow":"follow","max-snippet":"max-snippet:-1","max-image-preview":"max-image-preview:large","max-video-preview":"max-video-preview:-1"},"canonical":"https:\/\/projetopack.com.br\/en\/all4labels-group-anuncia-aquisicao-da-uniflexo-sim-mais-uma-aquisicao\/","og_locale":"en_US","og_type":"article","og_title":"All4Labels Group anuncia aquisi\u00e7\u00e3o da Uniflexo (sim, mais uma aquisi\u00e7\u00e3o!)","og_description":"All4Labels Group anuncia aquisi\u00e7\u00e3o da Uniflexo, tradicional convertedora de r\u00f3tulos termoencolh\u00edveis em Barueri, S\u00e3o Paulo","og_url":"https:\/\/projetopack.com.br\/en\/all4labels-group-anuncia-aquisicao-da-uniflexo-sim-mais-uma-aquisicao\/","og_site_name":"ProjetoPack","article_published_time":"2023-12-01T14:23:49+00:00","article_modified_time":"2026-03-16T19:48:02+00:00","og_image":[{"width":1600,"height":836,"url":"https:\/\/projetopack.com.br\/wp-content\/uploads\/2023\/12\/2023-11-30_MA-Uniflexo_Linkedin-Post.jpg","type":"image\/jpeg"}],"author":"Aislan Baer","twitter_card":"summary_large_image","twitter_creator":"@ProjetoPack","twitter_site":"@ProjetoPack","twitter_misc":{"Written by":"Aislan Baer","Est. reading time":"2 minutes"},"schema":{"@context":"https:\/\/schema.org","@graph":[{"@type":"Article","@id":"https:\/\/projetopack.com.br\/all4labels-group-anuncia-aquisicao-da-uniflexo-sim-mais-uma-aquisicao\/#article","isPartOf":{"@id":"https:\/\/projetopack.com.br\/all4labels-group-anuncia-aquisicao-da-uniflexo-sim-mais-uma-aquisicao\/"},"author":{"name":"Aislan Baer","@id":"https:\/\/projetopack.com.br\/#\/schema\/person\/87cbd7d1e244880886d457815ebd2490"},"headline":"All4Labels Group anuncia aquisi\u00e7\u00e3o da Uniflexo (sim, mais uma aquisi\u00e7\u00e3o!)","datePublished":"2023-12-01T14:23:49+00:00","dateModified":"2026-03-16T19:48:02+00:00","mainEntityOfPage":{"@id":"https:\/\/projetopack.com.br\/all4labels-group-anuncia-aquisicao-da-uniflexo-sim-mais-uma-aquisicao\/"},"wordCount":320,"commentCount":0,"publisher":{"@id":"https:\/\/projetopack.com.br\/#organization"},"image":{"@id":"https:\/\/projetopack.com.br\/all4labels-group-anuncia-aquisicao-da-uniflexo-sim-mais-uma-aquisicao\/#primaryimage"},"thumbnailUrl":"https:\/\/projetopack.com.br\/wp-content\/uploads\/2023\/12\/2023-11-30_MA-Uniflexo_Linkedin-Post.jpg","articleSection":["Fus\u00f5es e aquisi\u00e7\u00f5es"],"inLanguage":"en-US","potentialAction":[{"@type":"CommentAction","name":"Comment","target":["https:\/\/projetopack.com.br\/all4labels-group-anuncia-aquisicao-da-uniflexo-sim-mais-uma-aquisicao\/#respond"]}]},{"@type":"WebPage","@id":"https:\/\/projetopack.com.br\/all4labels-group-anuncia-aquisicao-da-uniflexo-sim-mais-uma-aquisicao\/","url":"https:\/\/projetopack.com.br\/all4labels-group-anuncia-aquisicao-da-uniflexo-sim-mais-uma-aquisicao\/","name":"All4Labels Group anuncia aquisi\u00e7\u00e3o da Uniflexo (sim, mais uma aquisi\u00e7\u00e3o!) - ProjetoPack","isPartOf":{"@id":"https:\/\/projetopack.com.br\/#website"},"primaryImageOfPage":{"@id":"https:\/\/projetopack.com.br\/all4labels-group-anuncia-aquisicao-da-uniflexo-sim-mais-uma-aquisicao\/#primaryimage"},"image":{"@id":"https:\/\/projetopack.com.br\/all4labels-group-anuncia-aquisicao-da-uniflexo-sim-mais-uma-aquisicao\/#primaryimage"},"thumbnailUrl":"https:\/\/projetopack.com.br\/wp-content\/uploads\/2023\/12\/2023-11-30_MA-Uniflexo_Linkedin-Post.jpg","datePublished":"2023-12-01T14:23:49+00:00","dateModified":"2026-03-16T19:48:02+00:00","description":"All4Labels Group anuncia aquisi\u00e7\u00e3o da Uniflexo, tradicional convertedora de r\u00f3tulos termoencolh\u00edveis em Barueri, S\u00e3o Paulo","breadcrumb":{"@id":"https:\/\/projetopack.com.br\/all4labels-group-anuncia-aquisicao-da-uniflexo-sim-mais-uma-aquisicao\/#breadcrumb"},"inLanguage":"en-US","potentialAction":[{"@type":"ReadAction","target":["https:\/\/projetopack.com.br\/all4labels-group-anuncia-aquisicao-da-uniflexo-sim-mais-uma-aquisicao\/"]}]},{"@type":"ImageObject","inLanguage":"en-US","@id":"https:\/\/projetopack.com.br\/all4labels-group-anuncia-aquisicao-da-uniflexo-sim-mais-uma-aquisicao\/#primaryimage","url":"https:\/\/projetopack.com.br\/wp-content\/uploads\/2023\/12\/2023-11-30_MA-Uniflexo_Linkedin-Post.jpg","contentUrl":"https:\/\/projetopack.com.br\/wp-content\/uploads\/2023\/12\/2023-11-30_MA-Uniflexo_Linkedin-Post.jpg","width":"1600","height":"836","caption":"uniflexo all4labels"},{"@type":"BreadcrumbList","@id":"https:\/\/projetopack.com.br\/all4labels-group-anuncia-aquisicao-da-uniflexo-sim-mais-uma-aquisicao\/#breadcrumb","itemListElement":[{"@type":"ListItem","position":1,"name":"P\u00e1gina Inicial","item":"https:\/\/projetopack.com.br\/"},{"@type":"ListItem","position":2,"name":"Fus\u00f5es e aquisi\u00e7\u00f5es","item":"https:\/\/projetopack.com.br\/en\/category\/fusoes-e-aquisicoes\/"},{"@type":"ListItem","position":3,"name":"All4Labels Group anuncia aquisi\u00e7\u00e3o da Uniflexo (sim, mais uma aquisi\u00e7\u00e3o!)"}]},{"@type":"WebSite","@id":"https:\/\/projetopack.com.br\/#website","url":"https:\/\/projetopack.com.br\/","name":"ProjetoPack","description":"Consultoria e servi\u00e7os para embalagens, r\u00f3tulos, etiquetas e processos de impress\u00e3o","publisher":{"@id":"https:\/\/projetopack.com.br\/#organization"},"potentialAction":[{"@type":"SearchAction","target":{"@type":"EntryPoint","urlTemplate":"https:\/\/projetopack.com.br\/?s={search_term_string}"},"query-input":{"@type":"PropertyValueSpecification","valueRequired":true,"valueName":"search_term_string"}}],"inLanguage":"en-US"},{"@type":"Organization","@id":"https:\/\/projetopack.com.br\/#organization","name":"ProjetoPack & Associados","url":"https:\/\/projetopack.com.br\/","logo":{"@type":"ImageObject","inLanguage":"en-US","@id":"https:\/\/projetopack.com.br\/#\/schema\/logo\/image\/","url":"https:\/\/projetopack.com.br\/wp-content\/uploads\/2020\/09\/projetopack.png","contentUrl":"https:\/\/projetopack.com.br\/wp-content\/uploads\/2020\/09\/projetopack.png","width":200,"height":200,"caption":"ProjetoPack & Associados"},"image":{"@id":"https:\/\/projetopack.com.br\/#\/schema\/logo\/image\/"},"sameAs":["https:\/\/x.com\/ProjetoPack","https:\/\/www.linkedin.com\/company\/projetopack\/"]},{"@type":"Person","@id":"https:\/\/projetopack.com.br\/#\/schema\/person\/87cbd7d1e244880886d457815ebd2490","name":"Aislan Baer","image":{"@type":"ImageObject","inLanguage":"en-US","@id":"https:\/\/projetopack.com.br\/#\/schema\/person\/image\/","url":"https:\/\/projetopack.com.br\/wp-content\/uploads\/2021\/08\/Aislan-Busto-p-100x100.jpg","contentUrl":"https:\/\/projetopack.com.br\/wp-content\/uploads\/2021\/08\/Aislan-Busto-p-100x100.jpg","caption":"Aislan Baer"},"description":"Desde os \u00faltimos 20 anos, meu time e eu ajudamos mais de 300 empresas brasileiras e estrangeiras (algumas delas, l\u00edderes mundiais) a produzir embalagens flex\u00edveis e r\u00f3tulos com maior efici\u00eancia, menores custos e maior apelo visual, bem como centenas de donos de marcas a comprar suas embalagens flex\u00edveis e material impresso com um crit\u00e9rio mais t\u00e9cnico e assertivo. Ao mesmo tempo, gra\u00e7as \u00e0 nossa consultoria, muitas destas empresas melhoraram significativamente o seu processo de Impress\u00e3o (Impress\u00e3o de embalagens, Impress\u00e3o industrial, Impress\u00e3o funcional e, mais recentemente, bio impress\u00e3o e manufatura aditiva ou simplesmente Impress\u00e3o 3D). Se a sua empresa tem um problema relacionado a embalagens flex\u00edveis, r\u00f3tulos ou Impress\u00e3o, por mais insol\u00favel que lhe pare\u00e7a, aguardamos ansiosos a sua liga\u00e7\u00e3o ou e-mail. Este \u00e9 nosso trabalho e tamb\u00e9m a nossa paix\u00e3o.","sameAs":["http:\/\/www.projetopack.com","https:\/\/www.linkedin.com\/in\/aislanbaer\/"],"jobTitle":"CEO @ ProjetoPack | L\u00edder em M&A no Setor de Impress\u00e3o e Embalagens no Brasil | Cofundador da Inovagraf e Neuraflow | Especialista em Inova\u00e7\u00e3o com IA na Impress\u00e3o | Printing Legacy Initiative | Empreendedor Serial","url":"https:\/\/projetopack.com.br\/en\/author\/aislan\/"}]}},"_links":{"self":[{"href":"https:\/\/projetopack.com.br\/en\/wp-json\/wp\/v2\/posts\/38380","targetHints":{"allow":["GET"]}}],"collection":[{"href":"https:\/\/projetopack.com.br\/en\/wp-json\/wp\/v2\/posts"}],"about":[{"href":"https:\/\/projetopack.com.br\/en\/wp-json\/wp\/v2\/types\/post"}],"author":[{"embeddable":true,"href":"https:\/\/projetopack.com.br\/en\/wp-json\/wp\/v2\/users\/2"}],"replies":[{"embeddable":true,"href":"https:\/\/projetopack.com.br\/en\/wp-json\/wp\/v2\/comments?post=38380"}],"version-history":[{"count":0,"href":"https:\/\/projetopack.com.br\/en\/wp-json\/wp\/v2\/posts\/38380\/revisions"}],"wp:featuredmedia":[{"embeddable":true,"href":"https:\/\/projetopack.com.br\/en\/wp-json\/wp\/v2\/media\/38383"}],"wp:attachment":[{"href":"https:\/\/projetopack.com.br\/en\/wp-json\/wp\/v2\/media?parent=38380"}],"wp:term":[{"taxonomy":"category","embeddable":true,"href":"https:\/\/projetopack.com.br\/en\/wp-json\/wp\/v2\/categories?post=38380"},{"taxonomy":"post_tag","embeddable":true,"href":"https:\/\/projetopack.com.br\/en\/wp-json\/wp\/v2\/tags?post=38380"}],"curies":[{"name":"wp","href":"https:\/\/api.w.org\/{rel}","templated":true}]}}