{"id":38412,"date":"2023-12-04T16:56:08","date_gmt":"2023-12-04T19:56:08","guid":{"rendered":"https:\/\/www.projetopack.com.br\/?p=38412"},"modified":"2023-12-04T16:56:10","modified_gmt":"2023-12-04T19:56:10","slug":"industria-brasileira-de-embalagens-plasticas-flexiveis-cresce-71-no-terceiro-trimestre-de-2023","status":"publish","type":"post","link":"https:\/\/projetopack.com.br\/en\/industria-brasileira-de-embalagens-plasticas-flexiveis-cresce-71-no-terceiro-trimestre-de-2023\/","title":{"rendered":"Ind\u00fastria brasileira de embalagens pl\u00e1sticas flex\u00edveis cresce 7,1% no terceiro trimestre de 2023"},"content":{"rendered":"<p style=\"font-style:normal;font-weight:400\">A produ\u00e7\u00e3o de embalagens pl\u00e1sticas flex\u00edveis aumentou 7,1% no terceiro trimestre de 2023 na compara\u00e7\u00e3o com o trimestre anterior, segundo pesquisa <a href=\"https:\/\/www.maxiquim.com.br\/\" target=\"_blank\" rel=\"noreferrer noopener\">M<\/a><a href=\"https:\/\/www.maxiquim.com.br\/\">axiquim<\/a>, feita com exclusividade para a <strong><a href=\"http:\/\/www.abief.org.br\" target=\"_blank\" rel=\"noreferrer noopener\">A<\/a><a href=\"http:\/\/www.abief.org.br\">BIEF<\/a> (Associa\u00e7\u00e3o Brasileira da Ind\u00fastria de Embalagens Pl\u00e1sticas Flex\u00edveis)<\/strong>. <\/p>\n\n\n\n<blockquote class=\"wp-block-quote is-layout-flow wp-block-quote-is-layout-flow\">\n<p style=\"font-style:normal;font-weight:400\">\u201cMesmo assim, 2023 vem sendo um ano bastante desafiador para o setor. A boa not\u00edcia \u00e9 que o cen\u00e1rio de redu\u00e7\u00e3o da taxa de juros se confirmou e a confian\u00e7a do empresariado est\u00e1 sendo retomada ap\u00f3s o per\u00edodo de transi\u00e7\u00e3o do governo. Mas ainda paira uma certa incerteza em rela\u00e7\u00e3o ao cumprimento da meta fiscal, que pode influenciar a conjuntura em algum n\u00edvel\u201d, <\/p>\n<cite>Analisa o Presidente da <strong>ABIEF<\/strong>, o empres\u00e1rio Rog\u00e9rio Mani.<\/cite><\/blockquote>\n\n\n\n<p class=\"has-light-green-cyan-background-color has-background\" style=\"font-style:normal;font-weight:400\">Segundo ele, \u201ca perspectiva \u00e9 de um quarto trimestre de crescimento, tanto pelo fator sazonal como pela melhoria do ambiente econ\u00f4mico, sinalizada principalmente pela continua\u00e7\u00e3o da redu\u00e7\u00e3o das taxas de juros e da queda no desemprego\u201d.<\/p>\n\n\n\n<p style=\"font-style:normal;font-weight:400\">A pesquisa Maxiquim tamb\u00e9m mostrou que o Brasil segue sendo o maior mercado de embalagens pl\u00e1sticas flex\u00edveis da Am\u00e9rica do Sul, <strong>com uma participa\u00e7\u00e3o de 54% nas 3,9 milh\u00f5es de toneladas produzidas na regi\u00e3o<\/strong>. <\/p>\n\n\n\n<h2 class=\"wp-block-heading\" id=\"h-consumo-per-capita\">Consumo per capita<\/h2>\n\n\n\n<p style=\"font-style:normal;font-weight:400\">Contudo, o Chile lidera o consumo per capita deste tipo de embalagem, com 15,4 Kg por habitante; em segundo lugar vem a Argentina, com 15Kg\/habitante. O Brasil ocupa a terceira posi\u00e7\u00e3o, com 10 Kg\/habitante. \u201cO destaque destes pa\u00edses s\u00e3o as aplica\u00e7\u00f5es de filmes na agricultura e na minera\u00e7\u00e3o, lembrando que a m\u00e9dia da regi\u00e3o \u00e9 de 11,1 kg\/habitante\u201d, completa Rog\u00e9rio.<\/p>\n\n\n\n<p class=\"has-light-green-cyan-background-color has-background\" style=\"font-style:normal;font-weight:400\">Das 576 mil toneladas de resinas utilizadas para produzir embalagens flex\u00edveis no Brasil no terceiro trimestre de 2023, PEBD (polietileno de baixa densidade) e PEBDL (polietileno linear de baixa densidade) participaram com 77%. A segunda resina mais usada foi o PP (polipropileno) com 16%, seguido pelo PEAD (polietileno de alta densidade) com 7% de participa\u00e7\u00e3o. <\/p>\n\n\n\n<p style=\"font-style:normal;font-weight:400\">As resinas recicladas participaram com apenas 4% desse total. Sobre isso, o Presidente da ABIEF explica: \u201c\u00c9 importante ressaltar que 2023 vem sendo um ano desafiador para a ind\u00fastria de reciclagem, uma vez que os pre\u00e7os das resinas virgens ca\u00edram, reduzindo a atratividade de uso dos materiais reciclados.\u201d<\/p>\n\n\n\n<p style=\"font-style:normal;font-weight:400\">Do total de 561 mil toneladas de embalagens pl\u00e1sticas flex\u00edveis produzidas no terceiro trimestre, 12% foram de filmes <em>shrink<\/em> (encolh\u00edveis), 9% de <em>stretch<\/em> (estir\u00e1veis) e 6% sacolas e sacos; o restante foi absorvido por outros tipos de embalagens. <\/p>\n\n\n\n<p style=\"font-style:normal;font-weight:400\">A ind\u00fastria de alimentos permanece como a principal cliente do setor, respondendo pelo consumo de 42% das embalagens flex\u00edveis produzidas; na sequ\u00eancia vem agropecu\u00e1ria, com 16% e industrial, com 14%.<\/p>\n\n\n\n<h2 class=\"wp-block-heading\" id=\"h-importacoes-de-embalagens-flexiveis\">Importa\u00e7\u00f5es de embalagens flex\u00edveis<\/h2>\n\n\n\n<p style=\"font-style:normal;font-weight:400\">A pesquisa Maxiquim tamb\u00e9m mostrou que as importa\u00e7\u00f5es de embalagens flex\u00edveis ficaram est\u00e1veis no terceiro trimestre de 2023, mantendo o patamar de 17 mil toneladas, enquanto as exporta\u00e7\u00f5es tiveram uma leve redu\u00e7\u00e3o, fechando em 32 mil toneladas. Na compara\u00e7\u00e3o anual, houve redu\u00e7\u00e3o das importa\u00e7\u00f5es e aumento das exporta\u00e7\u00f5es.<\/p>\n\n\n\n<p>Leia mais em nosso blog:<\/p>\n\n\n\n<p><a href=\"https:\/\/projetopack.com.br\/en\/qual-a-embalagem-do-futuro\/\">Qual a embalagem do futuro?<\/a><\/p>","protected":false},"excerpt":{"rendered":"<p>A produ\u00e7\u00e3o de embalagens pl\u00e1sticas flex\u00edveis aumentou 7,1% no terceiro trimestre de 2023 na compara\u00e7\u00e3o com o trimestre anterior, segundo pesquisa Maxiquim, feita com exclusividade para a ABIEF (Associa\u00e7\u00e3o Brasileira da Ind\u00fastria de Embalagens Pl\u00e1sticas Flex\u00edveis). \u201cMesmo assim, 2023 vem sendo um ano bastante desafiador para o setor. A boa not\u00edcia \u00e9 que o cen\u00e1rio [&hellip;]<\/p>\n","protected":false},"author":12,"featured_media":38413,"comment_status":"open","ping_status":"closed","sticky":true,"template":"","format":"standard","meta":{"footnotes":""},"categories":[344],"tags":[],"class_list":["post-38412","post","type-post","status-publish","format-standard","has-post-thumbnail","hentry","category-opiniao"],"yoast_head":"<!-- This site is optimized with the Yoast SEO Premium plugin v27.1 (Yoast SEO v27.1.1) - https:\/\/yoast.com\/product\/yoast-seo-premium-wordpress\/ -->\n<title>Ind\u00fastria brasileira de embalagens pl\u00e1sticas flex\u00edveis cresce 7,1% no terceiro trimestre de 2023 - ProjetoPack<\/title>\n<meta name=\"description\" content=\"Ind\u00fastria brasileira de embalagens pl\u00e1sticas flex\u00edveis cresce 7,1% no terceiro trimestre de 2023, segundo Maxiquim\" \/>\n<meta name=\"robots\" content=\"index, follow, max-snippet:-1, max-image-preview:large, max-video-preview:-1\" \/>\n<link rel=\"canonical\" href=\"https:\/\/projetopack.com.br\/en\/industria-brasileira-de-embalagens-plasticas-flexiveis-cresce-71-no-terceiro-trimestre-de-2023\/\" \/>\n<meta property=\"og:locale\" content=\"en_US\" \/>\n<meta property=\"og:type\" content=\"article\" \/>\n<meta property=\"og:title\" content=\"Ind\u00fastria brasileira de embalagens pl\u00e1sticas flex\u00edveis cresce 7,1% no terceiro trimestre de 2023\" \/>\n<meta property=\"og:description\" content=\"Ind\u00fastria brasileira de embalagens pl\u00e1sticas flex\u00edveis cresce 7,1% no terceiro trimestre de 2023, segundo Maxiquim\" \/>\n<meta property=\"og:url\" content=\"https:\/\/projetopack.com.br\/en\/industria-brasileira-de-embalagens-plasticas-flexiveis-cresce-71-no-terceiro-trimestre-de-2023\/\" \/>\n<meta property=\"og:site_name\" content=\"ProjetoPack\" \/>\n<meta property=\"article:published_time\" content=\"2023-12-04T19:56:08+00:00\" \/>\n<meta property=\"article:modified_time\" content=\"2023-12-04T19:56:10+00:00\" \/>\n<meta property=\"og:image\" content=\"https:\/\/projetopack.com.br\/wp-content\/uploads\/2023\/12\/image002.jpg\" \/>\n\t<meta property=\"og:image:width\" content=\"736\" \/>\n\t<meta property=\"og:image:height\" content=\"425\" \/>\n\t<meta property=\"og:image:type\" content=\"image\/jpeg\" \/>\n<meta name=\"author\" content=\"Murilo Pinto Pereira\" \/>\n<meta name=\"twitter:card\" content=\"summary_large_image\" \/>\n<meta name=\"twitter:creator\" content=\"@ProjetoPack\" \/>\n<meta name=\"twitter:site\" content=\"@ProjetoPack\" \/>\n<meta name=\"twitter:label1\" content=\"Written by\" \/>\n\t<meta name=\"twitter:data1\" content=\"Murilo Pinto Pereira\" \/>\n\t<meta name=\"twitter:label2\" content=\"Est. reading time\" \/>\n\t<meta name=\"twitter:data2\" content=\"3 minutes\" \/>\n<script type=\"application\/ld+json\" class=\"yoast-schema-graph\">{\"@context\":\"https:\/\/schema.org\",\"@graph\":[{\"@type\":\"Article\",\"@id\":\"https:\/\/projetopack.com.br\/industria-brasileira-de-embalagens-plasticas-flexiveis-cresce-71-no-terceiro-trimestre-de-2023\/#article\",\"isPartOf\":{\"@id\":\"https:\/\/projetopack.com.br\/industria-brasileira-de-embalagens-plasticas-flexiveis-cresce-71-no-terceiro-trimestre-de-2023\/\"},\"author\":{\"name\":\"Murilo Pinto Pereira\",\"@id\":\"https:\/\/projetopack.com.br\/#\/schema\/person\/6e860f8340d3f2e089f05382c00b3e4b\"},\"headline\":\"Ind\u00fastria brasileira de embalagens pl\u00e1sticas flex\u00edveis cresce 7,1% no terceiro trimestre de 2023\",\"datePublished\":\"2023-12-04T19:56:08+00:00\",\"dateModified\":\"2023-12-04T19:56:10+00:00\",\"mainEntityOfPage\":{\"@id\":\"https:\/\/projetopack.com.br\/industria-brasileira-de-embalagens-plasticas-flexiveis-cresce-71-no-terceiro-trimestre-de-2023\/\"},\"wordCount\":526,\"commentCount\":0,\"publisher\":{\"@id\":\"https:\/\/projetopack.com.br\/#organization\"},\"image\":{\"@id\":\"https:\/\/projetopack.com.br\/industria-brasileira-de-embalagens-plasticas-flexiveis-cresce-71-no-terceiro-trimestre-de-2023\/#primaryimage\"},\"thumbnailUrl\":\"https:\/\/projetopack.com.br\/wp-content\/uploads\/2023\/12\/image002.jpg\",\"articleSection\":[\"Opini\u00e3o\"],\"inLanguage\":\"en-US\",\"potentialAction\":[{\"@type\":\"CommentAction\",\"name\":\"Comment\",\"target\":[\"https:\/\/projetopack.com.br\/industria-brasileira-de-embalagens-plasticas-flexiveis-cresce-71-no-terceiro-trimestre-de-2023\/#respond\"]}]},{\"@type\":\"WebPage\",\"@id\":\"https:\/\/projetopack.com.br\/industria-brasileira-de-embalagens-plasticas-flexiveis-cresce-71-no-terceiro-trimestre-de-2023\/\",\"url\":\"https:\/\/projetopack.com.br\/industria-brasileira-de-embalagens-plasticas-flexiveis-cresce-71-no-terceiro-trimestre-de-2023\/\",\"name\":\"Ind\u00fastria brasileira de embalagens pl\u00e1sticas flex\u00edveis cresce 7,1% no terceiro trimestre de 2023 - ProjetoPack\",\"isPartOf\":{\"@id\":\"https:\/\/projetopack.com.br\/#website\"},\"primaryImageOfPage\":{\"@id\":\"https:\/\/projetopack.com.br\/industria-brasileira-de-embalagens-plasticas-flexiveis-cresce-71-no-terceiro-trimestre-de-2023\/#primaryimage\"},\"image\":{\"@id\":\"https:\/\/projetopack.com.br\/industria-brasileira-de-embalagens-plasticas-flexiveis-cresce-71-no-terceiro-trimestre-de-2023\/#primaryimage\"},\"thumbnailUrl\":\"https:\/\/projetopack.com.br\/wp-content\/uploads\/2023\/12\/image002.jpg\",\"datePublished\":\"2023-12-04T19:56:08+00:00\",\"dateModified\":\"2023-12-04T19:56:10+00:00\",\"description\":\"Ind\u00fastria brasileira de embalagens pl\u00e1sticas flex\u00edveis cresce 7,1% no terceiro trimestre de 2023, segundo Maxiquim\",\"breadcrumb\":{\"@id\":\"https:\/\/projetopack.com.br\/industria-brasileira-de-embalagens-plasticas-flexiveis-cresce-71-no-terceiro-trimestre-de-2023\/#breadcrumb\"},\"inLanguage\":\"en-US\",\"potentialAction\":[{\"@type\":\"ReadAction\",\"target\":[\"https:\/\/projetopack.com.br\/industria-brasileira-de-embalagens-plasticas-flexiveis-cresce-71-no-terceiro-trimestre-de-2023\/\"]}]},{\"@type\":\"ImageObject\",\"inLanguage\":\"en-US\",\"@id\":\"https:\/\/projetopack.com.br\/industria-brasileira-de-embalagens-plasticas-flexiveis-cresce-71-no-terceiro-trimestre-de-2023\/#primaryimage\",\"url\":\"https:\/\/projetopack.com.br\/wp-content\/uploads\/2023\/12\/image002.jpg\",\"contentUrl\":\"https:\/\/projetopack.com.br\/wp-content\/uploads\/2023\/12\/image002.jpg\",\"width\":\"736\",\"height\":\"425\",\"caption\":\"abief e maxiquim dados\"},{\"@type\":\"BreadcrumbList\",\"@id\":\"https:\/\/projetopack.com.br\/industria-brasileira-de-embalagens-plasticas-flexiveis-cresce-71-no-terceiro-trimestre-de-2023\/#breadcrumb\",\"itemListElement\":[{\"@type\":\"ListItem\",\"position\":1,\"name\":\"P\u00e1gina Inicial\",\"item\":\"https:\/\/projetopack.com.br\/\"},{\"@type\":\"ListItem\",\"position\":2,\"name\":\"Opini\u00e3o\",\"item\":\"https:\/\/projetopack.com.br\/en\/category\/opiniao\/\"},{\"@type\":\"ListItem\",\"position\":3,\"name\":\"Ind\u00fastria brasileira de embalagens pl\u00e1sticas flex\u00edveis cresce 7,1% no terceiro trimestre de 2023\"}]},{\"@type\":\"WebSite\",\"@id\":\"https:\/\/projetopack.com.br\/#website\",\"url\":\"https:\/\/projetopack.com.br\/\",\"name\":\"ProjetoPack\",\"description\":\"Consultoria e servi\u00e7os para embalagens, r\u00f3tulos, etiquetas e processos de impress\u00e3o\",\"publisher\":{\"@id\":\"https:\/\/projetopack.com.br\/#organization\"},\"potentialAction\":[{\"@type\":\"SearchAction\",\"target\":{\"@type\":\"EntryPoint\",\"urlTemplate\":\"https:\/\/projetopack.com.br\/?s={search_term_string}\"},\"query-input\":{\"@type\":\"PropertyValueSpecification\",\"valueRequired\":true,\"valueName\":\"search_term_string\"}}],\"inLanguage\":\"en-US\"},{\"@type\":\"Organization\",\"@id\":\"https:\/\/projetopack.com.br\/#organization\",\"name\":\"ProjetoPack & Associados\",\"url\":\"https:\/\/projetopack.com.br\/\",\"logo\":{\"@type\":\"ImageObject\",\"inLanguage\":\"en-US\",\"@id\":\"https:\/\/projetopack.com.br\/#\/schema\/logo\/image\/\",\"url\":\"https:\/\/projetopack.com.br\/wp-content\/uploads\/2020\/09\/projetopack.png\",\"contentUrl\":\"https:\/\/projetopack.com.br\/wp-content\/uploads\/2020\/09\/projetopack.png\",\"width\":200,\"height\":200,\"caption\":\"ProjetoPack & Associados\"},\"image\":{\"@id\":\"https:\/\/projetopack.com.br\/#\/schema\/logo\/image\/\"},\"sameAs\":[\"https:\/\/x.com\/ProjetoPack\",\"https:\/\/www.linkedin.com\/company\/projetopack\/\"]},{\"@type\":\"Person\",\"@id\":\"https:\/\/projetopack.com.br\/#\/schema\/person\/6e860f8340d3f2e089f05382c00b3e4b\",\"name\":\"Murilo Pinto Pereira\",\"image\":{\"@type\":\"ImageObject\",\"inLanguage\":\"en-US\",\"@id\":\"https:\/\/projetopack.com.br\/#\/schema\/person\/image\/\",\"url\":\"https:\/\/secure.gravatar.com\/avatar\/e88bd6a2108abef484e059b32103eaab8e51ed452ebb33926c80dea054c7e6c7?s=96&d=mm&r=g\",\"contentUrl\":\"https:\/\/secure.gravatar.com\/avatar\/e88bd6a2108abef484e059b32103eaab8e51ed452ebb33926c80dea054c7e6c7?s=96&d=mm&r=g\",\"caption\":\"Murilo Pinto Pereira\"},\"sameAs\":[\"http:\/\/murilopereira.com.br\/\"],\"url\":\"https:\/\/projetopack.com.br\/en\/author\/murilo\/\"}]}<\/script>\n<!-- \/ Yoast SEO Premium plugin. -->","yoast_head_json":{"title":"Ind\u00fastria brasileira de embalagens pl\u00e1sticas flex\u00edveis cresce 7,1% no terceiro trimestre de 2023 - ProjetoPack","description":"Ind\u00fastria brasileira de embalagens pl\u00e1sticas flex\u00edveis cresce 7,1% no terceiro trimestre de 2023, segundo Maxiquim","robots":{"index":"index","follow":"follow","max-snippet":"max-snippet:-1","max-image-preview":"max-image-preview:large","max-video-preview":"max-video-preview:-1"},"canonical":"https:\/\/projetopack.com.br\/en\/industria-brasileira-de-embalagens-plasticas-flexiveis-cresce-71-no-terceiro-trimestre-de-2023\/","og_locale":"en_US","og_type":"article","og_title":"Ind\u00fastria brasileira de embalagens pl\u00e1sticas flex\u00edveis cresce 7,1% no terceiro trimestre de 2023","og_description":"Ind\u00fastria brasileira de embalagens pl\u00e1sticas flex\u00edveis cresce 7,1% no terceiro trimestre de 2023, segundo Maxiquim","og_url":"https:\/\/projetopack.com.br\/en\/industria-brasileira-de-embalagens-plasticas-flexiveis-cresce-71-no-terceiro-trimestre-de-2023\/","og_site_name":"ProjetoPack","article_published_time":"2023-12-04T19:56:08+00:00","article_modified_time":"2023-12-04T19:56:10+00:00","og_image":[{"width":736,"height":425,"url":"https:\/\/projetopack.com.br\/wp-content\/uploads\/2023\/12\/image002.jpg","type":"image\/jpeg"}],"author":"Murilo Pinto Pereira","twitter_card":"summary_large_image","twitter_creator":"@ProjetoPack","twitter_site":"@ProjetoPack","twitter_misc":{"Written by":"Murilo Pinto Pereira","Est. reading time":"3 minutes"},"schema":{"@context":"https:\/\/schema.org","@graph":[{"@type":"Article","@id":"https:\/\/projetopack.com.br\/industria-brasileira-de-embalagens-plasticas-flexiveis-cresce-71-no-terceiro-trimestre-de-2023\/#article","isPartOf":{"@id":"https:\/\/projetopack.com.br\/industria-brasileira-de-embalagens-plasticas-flexiveis-cresce-71-no-terceiro-trimestre-de-2023\/"},"author":{"name":"Murilo Pinto Pereira","@id":"https:\/\/projetopack.com.br\/#\/schema\/person\/6e860f8340d3f2e089f05382c00b3e4b"},"headline":"Ind\u00fastria brasileira de embalagens pl\u00e1sticas flex\u00edveis cresce 7,1% no terceiro trimestre de 2023","datePublished":"2023-12-04T19:56:08+00:00","dateModified":"2023-12-04T19:56:10+00:00","mainEntityOfPage":{"@id":"https:\/\/projetopack.com.br\/industria-brasileira-de-embalagens-plasticas-flexiveis-cresce-71-no-terceiro-trimestre-de-2023\/"},"wordCount":526,"commentCount":0,"publisher":{"@id":"https:\/\/projetopack.com.br\/#organization"},"image":{"@id":"https:\/\/projetopack.com.br\/industria-brasileira-de-embalagens-plasticas-flexiveis-cresce-71-no-terceiro-trimestre-de-2023\/#primaryimage"},"thumbnailUrl":"https:\/\/projetopack.com.br\/wp-content\/uploads\/2023\/12\/image002.jpg","articleSection":["Opini\u00e3o"],"inLanguage":"en-US","potentialAction":[{"@type":"CommentAction","name":"Comment","target":["https:\/\/projetopack.com.br\/industria-brasileira-de-embalagens-plasticas-flexiveis-cresce-71-no-terceiro-trimestre-de-2023\/#respond"]}]},{"@type":"WebPage","@id":"https:\/\/projetopack.com.br\/industria-brasileira-de-embalagens-plasticas-flexiveis-cresce-71-no-terceiro-trimestre-de-2023\/","url":"https:\/\/projetopack.com.br\/industria-brasileira-de-embalagens-plasticas-flexiveis-cresce-71-no-terceiro-trimestre-de-2023\/","name":"Ind\u00fastria brasileira de embalagens pl\u00e1sticas flex\u00edveis cresce 7,1% no terceiro trimestre de 2023 - ProjetoPack","isPartOf":{"@id":"https:\/\/projetopack.com.br\/#website"},"primaryImageOfPage":{"@id":"https:\/\/projetopack.com.br\/industria-brasileira-de-embalagens-plasticas-flexiveis-cresce-71-no-terceiro-trimestre-de-2023\/#primaryimage"},"image":{"@id":"https:\/\/projetopack.com.br\/industria-brasileira-de-embalagens-plasticas-flexiveis-cresce-71-no-terceiro-trimestre-de-2023\/#primaryimage"},"thumbnailUrl":"https:\/\/projetopack.com.br\/wp-content\/uploads\/2023\/12\/image002.jpg","datePublished":"2023-12-04T19:56:08+00:00","dateModified":"2023-12-04T19:56:10+00:00","description":"Ind\u00fastria brasileira de embalagens pl\u00e1sticas flex\u00edveis cresce 7,1% no terceiro trimestre de 2023, segundo Maxiquim","breadcrumb":{"@id":"https:\/\/projetopack.com.br\/industria-brasileira-de-embalagens-plasticas-flexiveis-cresce-71-no-terceiro-trimestre-de-2023\/#breadcrumb"},"inLanguage":"en-US","potentialAction":[{"@type":"ReadAction","target":["https:\/\/projetopack.com.br\/industria-brasileira-de-embalagens-plasticas-flexiveis-cresce-71-no-terceiro-trimestre-de-2023\/"]}]},{"@type":"ImageObject","inLanguage":"en-US","@id":"https:\/\/projetopack.com.br\/industria-brasileira-de-embalagens-plasticas-flexiveis-cresce-71-no-terceiro-trimestre-de-2023\/#primaryimage","url":"https:\/\/projetopack.com.br\/wp-content\/uploads\/2023\/12\/image002.jpg","contentUrl":"https:\/\/projetopack.com.br\/wp-content\/uploads\/2023\/12\/image002.jpg","width":"736","height":"425","caption":"abief e maxiquim dados"},{"@type":"BreadcrumbList","@id":"https:\/\/projetopack.com.br\/industria-brasileira-de-embalagens-plasticas-flexiveis-cresce-71-no-terceiro-trimestre-de-2023\/#breadcrumb","itemListElement":[{"@type":"ListItem","position":1,"name":"P\u00e1gina Inicial","item":"https:\/\/projetopack.com.br\/"},{"@type":"ListItem","position":2,"name":"Opini\u00e3o","item":"https:\/\/projetopack.com.br\/en\/category\/opiniao\/"},{"@type":"ListItem","position":3,"name":"Ind\u00fastria brasileira de embalagens pl\u00e1sticas flex\u00edveis cresce 7,1% no terceiro trimestre de 2023"}]},{"@type":"WebSite","@id":"https:\/\/projetopack.com.br\/#website","url":"https:\/\/projetopack.com.br\/","name":"ProjetoPack","description":"Consultoria e servi\u00e7os para embalagens, r\u00f3tulos, etiquetas e processos de impress\u00e3o","publisher":{"@id":"https:\/\/projetopack.com.br\/#organization"},"potentialAction":[{"@type":"SearchAction","target":{"@type":"EntryPoint","urlTemplate":"https:\/\/projetopack.com.br\/?s={search_term_string}"},"query-input":{"@type":"PropertyValueSpecification","valueRequired":true,"valueName":"search_term_string"}}],"inLanguage":"en-US"},{"@type":"Organization","@id":"https:\/\/projetopack.com.br\/#organization","name":"ProjetoPack & Associados","url":"https:\/\/projetopack.com.br\/","logo":{"@type":"ImageObject","inLanguage":"en-US","@id":"https:\/\/projetopack.com.br\/#\/schema\/logo\/image\/","url":"https:\/\/projetopack.com.br\/wp-content\/uploads\/2020\/09\/projetopack.png","contentUrl":"https:\/\/projetopack.com.br\/wp-content\/uploads\/2020\/09\/projetopack.png","width":200,"height":200,"caption":"ProjetoPack & Associados"},"image":{"@id":"https:\/\/projetopack.com.br\/#\/schema\/logo\/image\/"},"sameAs":["https:\/\/x.com\/ProjetoPack","https:\/\/www.linkedin.com\/company\/projetopack\/"]},{"@type":"Person","@id":"https:\/\/projetopack.com.br\/#\/schema\/person\/6e860f8340d3f2e089f05382c00b3e4b","name":"Murilo Pinto Pereira","image":{"@type":"ImageObject","inLanguage":"en-US","@id":"https:\/\/projetopack.com.br\/#\/schema\/person\/image\/","url":"https:\/\/secure.gravatar.com\/avatar\/e88bd6a2108abef484e059b32103eaab8e51ed452ebb33926c80dea054c7e6c7?s=96&d=mm&r=g","contentUrl":"https:\/\/secure.gravatar.com\/avatar\/e88bd6a2108abef484e059b32103eaab8e51ed452ebb33926c80dea054c7e6c7?s=96&d=mm&r=g","caption":"Murilo Pinto Pereira"},"sameAs":["http:\/\/murilopereira.com.br\/"],"url":"https:\/\/projetopack.com.br\/en\/author\/murilo\/"}]}},"_links":{"self":[{"href":"https:\/\/projetopack.com.br\/en\/wp-json\/wp\/v2\/posts\/38412","targetHints":{"allow":["GET"]}}],"collection":[{"href":"https:\/\/projetopack.com.br\/en\/wp-json\/wp\/v2\/posts"}],"about":[{"href":"https:\/\/projetopack.com.br\/en\/wp-json\/wp\/v2\/types\/post"}],"author":[{"embeddable":true,"href":"https:\/\/projetopack.com.br\/en\/wp-json\/wp\/v2\/users\/12"}],"replies":[{"embeddable":true,"href":"https:\/\/projetopack.com.br\/en\/wp-json\/wp\/v2\/comments?post=38412"}],"version-history":[{"count":0,"href":"https:\/\/projetopack.com.br\/en\/wp-json\/wp\/v2\/posts\/38412\/revisions"}],"wp:featuredmedia":[{"embeddable":true,"href":"https:\/\/projetopack.com.br\/en\/wp-json\/wp\/v2\/media\/38413"}],"wp:attachment":[{"href":"https:\/\/projetopack.com.br\/en\/wp-json\/wp\/v2\/media?parent=38412"}],"wp:term":[{"taxonomy":"category","embeddable":true,"href":"https:\/\/projetopack.com.br\/en\/wp-json\/wp\/v2\/categories?post=38412"},{"taxonomy":"post_tag","embeddable":true,"href":"https:\/\/projetopack.com.br\/en\/wp-json\/wp\/v2\/tags?post=38412"}],"curies":[{"name":"wp","href":"https:\/\/api.w.org\/{rel}","templated":true}]}}