{"id":3883,"date":"2019-04-02T19:51:43","date_gmt":"2019-04-02T22:51:43","guid":{"rendered":"https:\/\/www.projetopack.com.br\/2020\/?p=3883"},"modified":"2021-09-11T15:47:09","modified_gmt":"2021-09-11T18:47:09","slug":"anuncio-de-los-oradores-de-label-summit-latin-america-2019","status":"publish","type":"post","link":"https:\/\/projetopack.com.br\/en\/anuncio-de-los-oradores-de-label-summit-latin-america-2019\/","title":{"rendered":"Anuncio de los oradores de Label Summit Latin America 2019"},"content":{"rendered":"<p>Un grupo de oradores en representaci\u00f3n de marcas famosas y participantes claves de la industria de la impresi\u00f3n de etiquetas y embalajes se reunir\u00e1n en breve en Label Summit Latin America 2019, que este a\u00f1o regresa a Medell\u00edn, Colombia.<\/p>\n<p>El evento, que se realizar\u00e1 el 14 y 15 de mayo, en Plaza Mayor Medell\u00edn est\u00e1 destinado a los responsables por la toma de decisiones dentro de la industria y es el principal evento de este tipo en Am\u00e9rica Latina para el sector. Su objetivo es brindar a los participantes profundos conocimientos e informaci\u00f3n estrat\u00e9gica sobre c\u00f3mo pueden cooperar para el desarrollo del sector en Colombia y en la regi\u00f3n. Por este motivo, el programa de la conferencia fue desarrollado, con un enfoque centrado en el negocio y las estrategias, adem\u00e1s de una gran variedad de temas.<\/p>\n<p>El foco principal del primer d\u00eda del evento es la legislaci\u00f3n y las tendencias de la industria en Colombia, en la regi\u00f3n y en el mundo, adem\u00e1s del dise\u00f1o y desarrollo de marcas. Entre los principales oradores se encuentran Alexander Hern\u00e1ndez Mu\u00f1oz, jefe de desarrollo de producto en ICIPC, que se referir\u00e1 a los cambios recientes en la legislaci\u00f3n colombiana y el impacto que estos tendr\u00e1n en la industria de la impresi\u00f3n. Cesar Augusto Bernal Gonzalez, fundador y director general del convertidor colombiano Everest Printed Solutions, estar\u00e1 a cargo de una sesi\u00f3n sobre el uso de tecnolog\u00edas para promover a las empresas emergentes. Se referir\u00e1 al dise\u00f1o de embalajes y c\u00f3mo la sustentabilidad y los materiales tendr\u00e1n un papel clave en el futuro. La sesi\u00f3n principal, liderada por Diddier Solano, director de ventas de UPM Raflatac, patrocinador Gold del evento, tratar\u00e1 sobre c\u00f3mo una etiqueta puede desarrollar una marca para el futuro. Tatiana Duarte, presidenta ejecutiva de ANDIGRAF, asociaci\u00f3n de comercio colombiana, presentar\u00e1 las principales tendencias de la industria para el futuro.<\/p>\n<p>La segunda mitad del primer d\u00eda contar\u00e1 con sesiones sobre el dise\u00f1o y el desarrollo de marcas. Guillermo Dufranc, gerente de proyectos gr\u00e1ficos de Tridimage, hablar\u00e1 sobre el dise\u00f1o de productos para diferentes generaciones. A continuaci\u00f3n, habr\u00e1 una mesa redonda que discutir\u00e1 la creaci\u00f3n de productos con una presencia destacada. Entre los participantes confirmados, se encuentran los especialistas de marcas de la regi\u00f3n Luis Ar\u00e9valo, director de dise\u00f1o y embalajes para Am\u00e9rica Latina de Colgate-Palmolive; Catalina Botero J., directora de desarrollo de marca del Grupo Familia; Luisa Garc\u00eda, gerente de marca de Compa\u00f1\u00eda Nacional de Chocolates (Grupo Nutresa), y Ader C\u00e1rdenas, gerente de dise\u00f1o de Quala Nova.<\/p>\n<p>Durante el segundo d\u00eda, la atenci\u00f3n estar\u00e1 enfocada en los mercados comerciales, nuevas oportunidades y la tendencia de diversificaci\u00f3n del mercado en la actualidad. Un destaque importante es el regreso de Fernando Gabel, vicepresidente ejecutivo y gerente general de All4Labels Group para Am\u00e9rica Latina, que tratar\u00e1 el tema de las fusiones y adquisiciones. Con base en su experiencia, compartir\u00e1 sus conocimientos sobre c\u00f3mo superar los desaf\u00edos y lograr una transici\u00f3n exitosa y c\u00f3mo establecer nuevas asociaciones comerciales. Tara Halpin, propietaria y presidente de Steinhauser, analizar\u00e1 c\u00f3mo implantar una cultura corporativa positiva para que su negocio crezca, por ejemplo, atrayendo nuevos talentos y fomentando la lealtad del personal. Jos\u00e9 Gutierrez, gerente de HP para el \u00e1rea multipa\u00eds (MCA) norte, participar\u00e1 de una mesa redonda que analizar\u00e1 el futuro de la impresi\u00f3n, incluyendo productos inteligentes y c\u00f3mo las necesidades de la industria cumplen las expectativas de los consumidores. Otros asuntos tratados en el segundo d\u00eda incluyen la diversificaci\u00f3n de etiquetas y embalajes flexibles, la automatizaci\u00f3n del flujo de trabajo y la fabricaci\u00f3n m\u00e1s rigurosa (m\u00e9todo lean), para exportar de Colombia y otros pa\u00edses de la regi\u00f3n.<\/p>\n<p>Una feria comercial con la participaci\u00f3n de los principales fabricantes complementar\u00e1 el programa de la conferencia con m\u00e1s de 60 proveedores claves de la industria, que presentar\u00e1n los productos m\u00e1s recientes y los avances tecnol\u00f3gicos.<\/p>\n<p>Jessika Bustamante Meisner, gerente del evento Label Summit Latin America 2019, coment\u00f3: \u201cLa prestigiosa lista de oradores en esta edici\u00f3n de Label Summit Latin America en Colombia es un testimonio de la fuerza de este evento. Los convertidores de la regi\u00f3n poseen un apetito insaciable por aprender sobre la industria, algo que result\u00f3 muy evidente en Labelexpo Americas 2018, que registr\u00f3 un aumento del 95 % de visitantes provenientes de Am\u00e9rica Latina en relaci\u00f3n con la edici\u00f3n anterior y que dio verdadero impulso a la cumbre de este a\u00f1o\u201d.<\/p>\n<p>\u201cEste es el programa de conferencia m\u00e1s variado que hemos desarrollado en nuestra historia. Con muchas marcas de alto perfil representadas, es una oportunidad exclusiva para los participantes de obtener informaci\u00f3n clave de primera mano sobre las tendencias actuales y futuras de la industria, adem\u00e1s de comprender el entorno legislativo y sus constantes cambios y aplicar este conocimiento en sus propios negocios al trabajar con marcas\u201d.<\/p>\n<p>Guillermo Dufranc dijo: \u201cLabel Summit Latin America es una excelente plataforma para compartir experiencias y conocimiento. Cada generaci\u00f3n posee sus propias necesidades y expectativas y el dise\u00f1o de embalajes ofrece toda una gama de posibilidades para interactuar con los consumidores. Am\u00e9rica Latina, por ejemplo, cuenta con una audiencia de consumidores particularmente j\u00f3venes, de manera que los convertidores de etiquetas y propietarios de marcas por igual deben esforzarse por comprender este mercado en crecimiento. Teniendo esto en consideraci\u00f3n, presentar\u00e9 estrategias exitosas para el dise\u00f1o de embalajes, mediante im\u00e1genes, v\u00eddeos y m\u00fasica atractiva que revelar\u00e1n c\u00f3mo llegar directamente al coraz\u00f3n de su cliente meta\u201d.<\/p>\n<p>Las tarifas especiales por inscripci\u00f3n anticipada est\u00e1n disponibles hasta el 26 de abril. La entrada completa para los dos d\u00edas para impresores, convertidores, propietarios de marcas y dise\u00f1adores cuesta USD 215 (USD 270, posteriormente). Las entradas de dos d\u00edas para proveedores y fabricantes \u00fanicamente tienen un costo de USD 825. Las entradas para el evento completo incluyen el acceso a la exposici\u00f3n comercial, la conferencia, almuerzos, refrescos y recepci\u00f3n con oportunidades de networking.<\/p>\n<p>Visite www.labelsummit.com\/colombia\/conference-program para obtener el programa completo de la conferencia y m\u00e1s informaci\u00f3n sobre los oradores.<\/p>","protected":false},"excerpt":{"rendered":"<p> Un grupo de oradores en representaci\u00f3n de marcas famosas y participantes claves de la industria de la impresi\u00f3n de etiquetas y embalajes se reunir\u00e1n en breve en Label Summit Latin America 2019, que este a\u00f1o regresa a Medell\u00edn, Colombia<\/p>","protected":false},"author":2,"featured_media":0,"comment_status":"open","ping_status":"open","sticky":false,"template":"","format":"standard","meta":{"footnotes":""},"categories":[877],"tags":[113,114],"class_list":["post-3883","post","type-post","status-publish","format-standard","hentry","category-arquivo","tag-label-summit","tag-labels"],"yoast_head":"<!-- This site is optimized with the Yoast SEO Premium plugin v27.1 (Yoast SEO v27.1.1) - https:\/\/yoast.com\/product\/yoast-seo-premium-wordpress\/ -->\n<title>Anuncio de los oradores de Label Summit Latin America 2019 - ProjetoPack<\/title>\n<meta name=\"description\" content=\"Confira o melhor conte\u00fado sobre tecnologia, design e gest\u00e3o de embalagens flex\u00edveis, r\u00f3tulos e impress\u00e3o.\" \/>\n<meta name=\"robots\" content=\"index, follow, max-snippet:-1, max-image-preview:large, max-video-preview:-1\" \/>\n<link rel=\"canonical\" href=\"https:\/\/projetopack.com.br\/en\/anuncio-de-los-oradores-de-label-summit-latin-america-2019\/\" \/>\n<meta property=\"og:locale\" content=\"en_US\" \/>\n<meta property=\"og:type\" content=\"article\" \/>\n<meta property=\"og:title\" content=\"Anuncio de los oradores de Label Summit Latin America 2019\" \/>\n<meta property=\"og:description\" content=\"Confira o melhor conte\u00fado sobre tecnologia, design e gest\u00e3o de embalagens flex\u00edveis, r\u00f3tulos e impress\u00e3o.\" \/>\n<meta property=\"og:url\" content=\"https:\/\/projetopack.com.br\/en\/anuncio-de-los-oradores-de-label-summit-latin-america-2019\/\" \/>\n<meta property=\"og:site_name\" content=\"ProjetoPack\" \/>\n<meta property=\"article:published_time\" content=\"2019-04-02T22:51:43+00:00\" \/>\n<meta property=\"article:modified_time\" content=\"2021-09-11T18:47:09+00:00\" \/>\n<meta property=\"og:image\" content=\"https:\/\/projetopack.com.br\/wp-content\/uploads\/2020\/06\/Capa-1200x630-1.png\" \/>\n\t<meta property=\"og:image:width\" content=\"1200\" \/>\n\t<meta property=\"og:image:height\" content=\"630\" \/>\n\t<meta property=\"og:image:type\" content=\"image\/png\" \/>\n<meta name=\"author\" content=\"Aislan Baer\" \/>\n<meta name=\"twitter:card\" content=\"summary_large_image\" \/>\n<meta name=\"twitter:creator\" content=\"@ProjetoPack\" \/>\n<meta name=\"twitter:site\" content=\"@ProjetoPack\" \/>\n<meta name=\"twitter:label1\" content=\"Written by\" \/>\n\t<meta name=\"twitter:data1\" content=\"Aislan Baer\" \/>\n\t<meta name=\"twitter:label2\" content=\"Est. reading time\" \/>\n\t<meta name=\"twitter:data2\" content=\"5 minutes\" \/>\n<script type=\"application\/ld+json\" class=\"yoast-schema-graph\">{\"@context\":\"https:\/\/schema.org\",\"@graph\":[{\"@type\":\"Article\",\"@id\":\"https:\/\/projetopack.com.br\/en\/anuncio-de-los-oradores-de-label-summit-latin-america-2019\/#article\",\"isPartOf\":{\"@id\":\"https:\/\/projetopack.com.br\/en\/anuncio-de-los-oradores-de-label-summit-latin-america-2019\/\"},\"author\":{\"name\":\"Aislan Baer\",\"@id\":\"https:\/\/projetopack.com.br\/#\/schema\/person\/87cbd7d1e244880886d457815ebd2490\"},\"headline\":\"Anuncio de los oradores de Label Summit Latin America 2019\",\"datePublished\":\"2019-04-02T22:51:43+00:00\",\"dateModified\":\"2021-09-11T18:47:09+00:00\",\"mainEntityOfPage\":{\"@id\":\"https:\/\/projetopack.com.br\/en\/anuncio-de-los-oradores-de-label-summit-latin-america-2019\/\"},\"wordCount\":1081,\"commentCount\":0,\"publisher\":{\"@id\":\"https:\/\/projetopack.com.br\/#organization\"},\"keywords\":[\"label summit\",\"labels\"],\"articleSection\":[\"Arquivo\"],\"inLanguage\":\"en-US\",\"potentialAction\":[{\"@type\":\"CommentAction\",\"name\":\"Comment\",\"target\":[\"https:\/\/projetopack.com.br\/en\/anuncio-de-los-oradores-de-label-summit-latin-america-2019\/#respond\"]}]},{\"@type\":\"WebPage\",\"@id\":\"https:\/\/projetopack.com.br\/en\/anuncio-de-los-oradores-de-label-summit-latin-america-2019\/\",\"url\":\"https:\/\/projetopack.com.br\/en\/anuncio-de-los-oradores-de-label-summit-latin-america-2019\/\",\"name\":\"Anuncio de los oradores de Label Summit Latin America 2019 - ProjetoPack\",\"isPartOf\":{\"@id\":\"https:\/\/projetopack.com.br\/#website\"},\"datePublished\":\"2019-04-02T22:51:43+00:00\",\"dateModified\":\"2021-09-11T18:47:09+00:00\",\"description\":\"Confira o melhor conte\u00fado sobre tecnologia, design e gest\u00e3o de embalagens flex\u00edveis, r\u00f3tulos e impress\u00e3o.\",\"breadcrumb\":{\"@id\":\"https:\/\/projetopack.com.br\/en\/anuncio-de-los-oradores-de-label-summit-latin-america-2019\/#breadcrumb\"},\"inLanguage\":\"en-US\",\"potentialAction\":[{\"@type\":\"ReadAction\",\"target\":[\"https:\/\/projetopack.com.br\/en\/anuncio-de-los-oradores-de-label-summit-latin-america-2019\/\"]}]},{\"@type\":\"BreadcrumbList\",\"@id\":\"https:\/\/projetopack.com.br\/en\/anuncio-de-los-oradores-de-label-summit-latin-america-2019\/#breadcrumb\",\"itemListElement\":[{\"@type\":\"ListItem\",\"position\":1,\"name\":\"P\u00e1gina Inicial\",\"item\":\"https:\/\/projetopack.com.br\/\"},{\"@type\":\"ListItem\",\"position\":2,\"name\":\"Arquivo\",\"item\":\"https:\/\/projetopack.com.br\/en\/category\/arquivo\/\"},{\"@type\":\"ListItem\",\"position\":3,\"name\":\"Anuncio de los oradores de Label Summit Latin America 2019\"}]},{\"@type\":\"WebSite\",\"@id\":\"https:\/\/projetopack.com.br\/#website\",\"url\":\"https:\/\/projetopack.com.br\/\",\"name\":\"ProjetoPack\",\"description\":\"Consultoria e servi\u00e7os para embalagens, r\u00f3tulos, etiquetas e processos de impress\u00e3o\",\"publisher\":{\"@id\":\"https:\/\/projetopack.com.br\/#organization\"},\"potentialAction\":[{\"@type\":\"SearchAction\",\"target\":{\"@type\":\"EntryPoint\",\"urlTemplate\":\"https:\/\/projetopack.com.br\/?s={search_term_string}\"},\"query-input\":{\"@type\":\"PropertyValueSpecification\",\"valueRequired\":true,\"valueName\":\"search_term_string\"}}],\"inLanguage\":\"en-US\"},{\"@type\":\"Organization\",\"@id\":\"https:\/\/projetopack.com.br\/#organization\",\"name\":\"ProjetoPack & Associados\",\"url\":\"https:\/\/projetopack.com.br\/\",\"logo\":{\"@type\":\"ImageObject\",\"inLanguage\":\"en-US\",\"@id\":\"https:\/\/projetopack.com.br\/#\/schema\/logo\/image\/\",\"url\":\"https:\/\/projetopack.com.br\/wp-content\/uploads\/2020\/09\/projetopack.png\",\"contentUrl\":\"https:\/\/projetopack.com.br\/wp-content\/uploads\/2020\/09\/projetopack.png\",\"width\":200,\"height\":200,\"caption\":\"ProjetoPack & Associados\"},\"image\":{\"@id\":\"https:\/\/projetopack.com.br\/#\/schema\/logo\/image\/\"},\"sameAs\":[\"https:\/\/x.com\/ProjetoPack\",\"https:\/\/www.linkedin.com\/company\/projetopack\/\"]},{\"@type\":\"Person\",\"@id\":\"https:\/\/projetopack.com.br\/#\/schema\/person\/87cbd7d1e244880886d457815ebd2490\",\"name\":\"Aislan Baer\",\"image\":{\"@type\":\"ImageObject\",\"inLanguage\":\"en-US\",\"@id\":\"https:\/\/projetopack.com.br\/#\/schema\/person\/image\/\",\"url\":\"https:\/\/projetopack.com.br\/wp-content\/uploads\/2021\/08\/Aislan-Busto-p-100x100.jpg\",\"contentUrl\":\"https:\/\/projetopack.com.br\/wp-content\/uploads\/2021\/08\/Aislan-Busto-p-100x100.jpg\",\"caption\":\"Aislan Baer\"},\"description\":\"Desde os \u00faltimos 20 anos, meu time e eu ajudamos mais de 300 empresas brasileiras e estrangeiras (algumas delas, l\u00edderes mundiais) a produzir embalagens flex\u00edveis e r\u00f3tulos com maior efici\u00eancia, menores custos e maior apelo visual, bem como centenas de donos de marcas a comprar suas embalagens flex\u00edveis e material impresso com um crit\u00e9rio mais t\u00e9cnico e assertivo. Ao mesmo tempo, gra\u00e7as \u00e0 nossa consultoria, muitas destas empresas melhoraram significativamente o seu processo de Impress\u00e3o (Impress\u00e3o de embalagens, Impress\u00e3o industrial, Impress\u00e3o funcional e, mais recentemente, bio impress\u00e3o e manufatura aditiva ou simplesmente Impress\u00e3o 3D). Se a sua empresa tem um problema relacionado a embalagens flex\u00edveis, r\u00f3tulos ou Impress\u00e3o, por mais insol\u00favel que lhe pare\u00e7a, aguardamos ansiosos a sua liga\u00e7\u00e3o ou e-mail. Este \u00e9 nosso trabalho e tamb\u00e9m a nossa paix\u00e3o.\",\"sameAs\":[\"http:\/\/www.projetopack.com\",\"https:\/\/www.linkedin.com\/in\/aislanbaer\/\"],\"jobTitle\":\"CEO @ ProjetoPack | L\u00edder em M&A no Setor de Impress\u00e3o e Embalagens no Brasil | Cofundador da Inovagraf e Neuraflow | Especialista em Inova\u00e7\u00e3o com IA na Impress\u00e3o | Printing Legacy Initiative | Empreendedor Serial\",\"url\":\"https:\/\/projetopack.com.br\/en\/author\/aislan\/\"}]}<\/script>\n<!-- \/ Yoast SEO Premium plugin. -->","yoast_head_json":{"title":"Anuncio de los oradores de Label Summit Latin America 2019 - ProjetoPack","description":"Confira o melhor conte\u00fado sobre tecnologia, design e gest\u00e3o de embalagens flex\u00edveis, r\u00f3tulos e impress\u00e3o.","robots":{"index":"index","follow":"follow","max-snippet":"max-snippet:-1","max-image-preview":"max-image-preview:large","max-video-preview":"max-video-preview:-1"},"canonical":"https:\/\/projetopack.com.br\/en\/anuncio-de-los-oradores-de-label-summit-latin-america-2019\/","og_locale":"en_US","og_type":"article","og_title":"Anuncio de los oradores de Label Summit Latin America 2019","og_description":"Confira o melhor conte\u00fado sobre tecnologia, design e gest\u00e3o de embalagens flex\u00edveis, r\u00f3tulos e impress\u00e3o.","og_url":"https:\/\/projetopack.com.br\/en\/anuncio-de-los-oradores-de-label-summit-latin-america-2019\/","og_site_name":"ProjetoPack","article_published_time":"2019-04-02T22:51:43+00:00","article_modified_time":"2021-09-11T18:47:09+00:00","og_image":[{"width":1200,"height":630,"url":"https:\/\/projetopack.com.br\/wp-content\/uploads\/2020\/06\/Capa-1200x630-1.png","type":"image\/png"}],"author":"Aislan Baer","twitter_card":"summary_large_image","twitter_creator":"@ProjetoPack","twitter_site":"@ProjetoPack","twitter_misc":{"Written by":"Aislan Baer","Est. reading time":"5 minutes"},"schema":{"@context":"https:\/\/schema.org","@graph":[{"@type":"Article","@id":"https:\/\/projetopack.com.br\/en\/anuncio-de-los-oradores-de-label-summit-latin-america-2019\/#article","isPartOf":{"@id":"https:\/\/projetopack.com.br\/en\/anuncio-de-los-oradores-de-label-summit-latin-america-2019\/"},"author":{"name":"Aislan Baer","@id":"https:\/\/projetopack.com.br\/#\/schema\/person\/87cbd7d1e244880886d457815ebd2490"},"headline":"Anuncio de los oradores de Label Summit Latin America 2019","datePublished":"2019-04-02T22:51:43+00:00","dateModified":"2021-09-11T18:47:09+00:00","mainEntityOfPage":{"@id":"https:\/\/projetopack.com.br\/en\/anuncio-de-los-oradores-de-label-summit-latin-america-2019\/"},"wordCount":1081,"commentCount":0,"publisher":{"@id":"https:\/\/projetopack.com.br\/#organization"},"keywords":["label summit","labels"],"articleSection":["Arquivo"],"inLanguage":"en-US","potentialAction":[{"@type":"CommentAction","name":"Comment","target":["https:\/\/projetopack.com.br\/en\/anuncio-de-los-oradores-de-label-summit-latin-america-2019\/#respond"]}]},{"@type":"WebPage","@id":"https:\/\/projetopack.com.br\/en\/anuncio-de-los-oradores-de-label-summit-latin-america-2019\/","url":"https:\/\/projetopack.com.br\/en\/anuncio-de-los-oradores-de-label-summit-latin-america-2019\/","name":"Anuncio de los oradores de Label Summit Latin America 2019 - ProjetoPack","isPartOf":{"@id":"https:\/\/projetopack.com.br\/#website"},"datePublished":"2019-04-02T22:51:43+00:00","dateModified":"2021-09-11T18:47:09+00:00","description":"Confira o melhor conte\u00fado sobre tecnologia, design e gest\u00e3o de embalagens flex\u00edveis, r\u00f3tulos e impress\u00e3o.","breadcrumb":{"@id":"https:\/\/projetopack.com.br\/en\/anuncio-de-los-oradores-de-label-summit-latin-america-2019\/#breadcrumb"},"inLanguage":"en-US","potentialAction":[{"@type":"ReadAction","target":["https:\/\/projetopack.com.br\/en\/anuncio-de-los-oradores-de-label-summit-latin-america-2019\/"]}]},{"@type":"BreadcrumbList","@id":"https:\/\/projetopack.com.br\/en\/anuncio-de-los-oradores-de-label-summit-latin-america-2019\/#breadcrumb","itemListElement":[{"@type":"ListItem","position":1,"name":"P\u00e1gina Inicial","item":"https:\/\/projetopack.com.br\/"},{"@type":"ListItem","position":2,"name":"Arquivo","item":"https:\/\/projetopack.com.br\/en\/category\/arquivo\/"},{"@type":"ListItem","position":3,"name":"Anuncio de los oradores de Label Summit Latin America 2019"}]},{"@type":"WebSite","@id":"https:\/\/projetopack.com.br\/#website","url":"https:\/\/projetopack.com.br\/","name":"ProjetoPack","description":"Consultoria e servi\u00e7os para embalagens, r\u00f3tulos, etiquetas e processos de impress\u00e3o","publisher":{"@id":"https:\/\/projetopack.com.br\/#organization"},"potentialAction":[{"@type":"SearchAction","target":{"@type":"EntryPoint","urlTemplate":"https:\/\/projetopack.com.br\/?s={search_term_string}"},"query-input":{"@type":"PropertyValueSpecification","valueRequired":true,"valueName":"search_term_string"}}],"inLanguage":"en-US"},{"@type":"Organization","@id":"https:\/\/projetopack.com.br\/#organization","name":"ProjetoPack & Associados","url":"https:\/\/projetopack.com.br\/","logo":{"@type":"ImageObject","inLanguage":"en-US","@id":"https:\/\/projetopack.com.br\/#\/schema\/logo\/image\/","url":"https:\/\/projetopack.com.br\/wp-content\/uploads\/2020\/09\/projetopack.png","contentUrl":"https:\/\/projetopack.com.br\/wp-content\/uploads\/2020\/09\/projetopack.png","width":200,"height":200,"caption":"ProjetoPack & Associados"},"image":{"@id":"https:\/\/projetopack.com.br\/#\/schema\/logo\/image\/"},"sameAs":["https:\/\/x.com\/ProjetoPack","https:\/\/www.linkedin.com\/company\/projetopack\/"]},{"@type":"Person","@id":"https:\/\/projetopack.com.br\/#\/schema\/person\/87cbd7d1e244880886d457815ebd2490","name":"Aislan Baer","image":{"@type":"ImageObject","inLanguage":"en-US","@id":"https:\/\/projetopack.com.br\/#\/schema\/person\/image\/","url":"https:\/\/projetopack.com.br\/wp-content\/uploads\/2021\/08\/Aislan-Busto-p-100x100.jpg","contentUrl":"https:\/\/projetopack.com.br\/wp-content\/uploads\/2021\/08\/Aislan-Busto-p-100x100.jpg","caption":"Aislan Baer"},"description":"Desde os \u00faltimos 20 anos, meu time e eu ajudamos mais de 300 empresas brasileiras e estrangeiras (algumas delas, l\u00edderes mundiais) a produzir embalagens flex\u00edveis e r\u00f3tulos com maior efici\u00eancia, menores custos e maior apelo visual, bem como centenas de donos de marcas a comprar suas embalagens flex\u00edveis e material impresso com um crit\u00e9rio mais t\u00e9cnico e assertivo. Ao mesmo tempo, gra\u00e7as \u00e0 nossa consultoria, muitas destas empresas melhoraram significativamente o seu processo de Impress\u00e3o (Impress\u00e3o de embalagens, Impress\u00e3o industrial, Impress\u00e3o funcional e, mais recentemente, bio impress\u00e3o e manufatura aditiva ou simplesmente Impress\u00e3o 3D). Se a sua empresa tem um problema relacionado a embalagens flex\u00edveis, r\u00f3tulos ou Impress\u00e3o, por mais insol\u00favel que lhe pare\u00e7a, aguardamos ansiosos a sua liga\u00e7\u00e3o ou e-mail. Este \u00e9 nosso trabalho e tamb\u00e9m a nossa paix\u00e3o.","sameAs":["http:\/\/www.projetopack.com","https:\/\/www.linkedin.com\/in\/aislanbaer\/"],"jobTitle":"CEO @ ProjetoPack | L\u00edder em M&A no Setor de Impress\u00e3o e Embalagens no Brasil | Cofundador da Inovagraf e Neuraflow | Especialista em Inova\u00e7\u00e3o com IA na Impress\u00e3o | Printing Legacy Initiative | Empreendedor Serial","url":"https:\/\/projetopack.com.br\/en\/author\/aislan\/"}]}},"_links":{"self":[{"href":"https:\/\/projetopack.com.br\/en\/wp-json\/wp\/v2\/posts\/3883","targetHints":{"allow":["GET"]}}],"collection":[{"href":"https:\/\/projetopack.com.br\/en\/wp-json\/wp\/v2\/posts"}],"about":[{"href":"https:\/\/projetopack.com.br\/en\/wp-json\/wp\/v2\/types\/post"}],"author":[{"embeddable":true,"href":"https:\/\/projetopack.com.br\/en\/wp-json\/wp\/v2\/users\/2"}],"replies":[{"embeddable":true,"href":"https:\/\/projetopack.com.br\/en\/wp-json\/wp\/v2\/comments?post=3883"}],"version-history":[{"count":0,"href":"https:\/\/projetopack.com.br\/en\/wp-json\/wp\/v2\/posts\/3883\/revisions"}],"wp:attachment":[{"href":"https:\/\/projetopack.com.br\/en\/wp-json\/wp\/v2\/media?parent=3883"}],"wp:term":[{"taxonomy":"category","embeddable":true,"href":"https:\/\/projetopack.com.br\/en\/wp-json\/wp\/v2\/categories?post=3883"},{"taxonomy":"post_tag","embeddable":true,"href":"https:\/\/projetopack.com.br\/en\/wp-json\/wp\/v2\/tags?post=3883"}],"curies":[{"name":"wp","href":"https:\/\/api.w.org\/{rel}","templated":true}]}}