{"id":3888,"date":"2019-04-03T12:48:57","date_gmt":"2019-04-03T15:48:57","guid":{"rendered":"https:\/\/www.projetopack.com.br\/2020\/?p=3888"},"modified":"2021-09-11T15:48:31","modified_gmt":"2021-09-11T18:48:31","slug":"hp-fomenta-leitura-e-educacao-por-meio-de-impressao-de-livros-escritos-por-criancas","status":"publish","type":"post","link":"https:\/\/projetopack.com.br\/en\/hp-fomenta-leitura-e-educacao-por-meio-de-impressao-de-livros-escritos-por-criancas\/","title":{"rendered":"HP fomenta leitura e educa\u00e7\u00e3o por meio de impress\u00e3o de livros escritos por crian\u00e7as"},"content":{"rendered":"<h1>Em parceira com a Estante M\u00e1gica, empresa imprime hist\u00f3rias escritas e ilustradas por alunos de escolas p\u00fablicas e particulares<\/h1>\n<p class=\"hpiinterviewname\"><span lang=\"PT-BR\">Por meio de uma impress\u00e3o r\u00e1pida, personalizada e de alta qualidade, a HP Inc. segue inovando em sua atua\u00e7\u00e3o e mostrando novas possibilidades para o mercado editorial. <\/span>A empresa, em parceria com a startup Estante M\u00e1gica e as gr\u00e1ficas Alphagraphics e Forma Certa, imprime livros escritos e ilustrados por alunos de escolas p\u00fablicas e particilares de todo o Brasil. A Estante M\u00e1gica j\u00e1 deu oportunidade para mais de 240 mil crian\u00e7as escreverem seus pr\u00f3prios livros, impressos com a tecnologia HP Indigo.<\/p>\n<p>Atuando desde 2012 como uma plataforma educacional gratuita para escolas, a Estante M\u00e1gica transforma alunos em autores do pr\u00f3prio livro. Em sala de aula, crian\u00e7as de 3 a 10 anos criam suas pr\u00f3prias hist\u00f3rias e a plataforma transforma cada hist\u00f3ria em livros de verdade \u2013 primeiro, em um e-book, e, depois, em livro impresso, sob demanda dos pais. \u00c9 dessa forma que a startup j\u00e1 fez com que mais de 350 mil crian\u00e7as de mais de duas mil escolas do Brasil desenvolvam suas habilidades de escrita, promovendo um processo de aprendizagem estimulante e de alto impacto social.<\/p>\n<p>Para participar da Estante M\u00e1gica, as escolas n\u00e3o pagam nada. O processo \u00e9 simples: o col\u00e9gio se cadastra na plataforma, escolhe a proposta de conte\u00fado que quer adotar em sala de aula e, a partir da\u00ed, cada aluno cria a sua pr\u00f3pria hist\u00f3ria, com textos e desenhos. Os pais tamb\u00e9m participam do projeto escrevendo uma pequena biografia dos filhos, que \u00e9 inclu\u00edda na publica\u00e7\u00e3o.&nbsp;A Estante M\u00e1gica recebe o material, via plataforma, e o transforma em um e-book gratuitamente. Depois, os pais interessados podem encomendar a vers\u00e3o impressa da obra para a crian\u00e7a ser homenageada em um evento de aut\u00f3grafos feito pela escola.<\/p>\n<p>A impress\u00e3o dos livros escritos pelas crian\u00e7as \u00e9 feita com tecnologia da HP Indigo viabilizada pelas gr\u00e1ficas Alphagraphics e Forma Certa, especializadas em impress\u00e3o digital. A tecnologia de impress\u00e3o digital permite a personaliza\u00e7\u00e3o das pe\u00e7as, alta qualidade, Print-On-Demand e gest\u00e3o de conte\u00fado, dando um leque grande de op\u00e7\u00f5es de servi\u00e7o para as gr\u00e1ficas. De acordo com Renato Barbieri, Diretor de Artes Gr\u00e1ficas da HP Inc. Brasil, esse tipo de iniciativa promove um ambiente de aprendizado mais criativo e inovador, unindo o anal\u00f3gico ao digital.<\/p>\n<p>O executivo ainda aponta as oportunidades para o mercado com a diversifica\u00e7\u00e3o da servi\u00e7os oferecidos. &#8220;Para a HP, essa \u00e9 uma excelente oportunidade de mostrar ao mercado editorial as v\u00e1rias possibilidades que a impress\u00e3o digital pode oferecer para esse setor, como personaliza\u00e7\u00e3o e impress\u00e3o r\u00e1pida com alta qualidade. Al\u00e9m disso, a inova\u00e7\u00e3o faz parte do nosso modelo de neg\u00f3cio e poder fomentar atividades que reinventem a literatura e educa\u00e7\u00e3o&#8221;, conclui o executivo.<\/p>\n<p>&#8220;Queremos despertar nas crian\u00e7as compet\u00eancias para o mundo moderno, os chamados 5Cs: comunica\u00e7\u00e3o, criatividade, colabora\u00e7\u00e3o, curiosidade e criticidade (pensamento cr\u00edtico). Trabalhar essas aptid\u00f5es por meio de projetos pedag\u00f3gicos \u00e9 o ideal, pois os alunos se tornam protagonistas do pr\u00f3prio aprendizado&#8221;, diz o cofundador da Estante M\u00e1gica Robson Melo.<\/p>","protected":false},"excerpt":{"rendered":"<p>Em parceria com a startup Estante M\u00e1gica, Alphagraphics e Forma Certa, a HP imprime livros escritos e ilustrados por alunos de escolas p\u00fablicas e particulares de todo o Brasil<\/p>","protected":false},"author":2,"featured_media":0,"comment_status":"open","ping_status":"open","sticky":false,"template":"","format":"standard","meta":{"footnotes":""},"categories":[877],"tags":[240,241,239],"class_list":["post-3888","post","type-post","status-publish","format-standard","hentry","category-arquivo","tag-alphagraphics","tag-estante-magica","tag-hp"],"yoast_head":"<!-- This site is optimized with the Yoast SEO Premium plugin v27.1 (Yoast SEO v27.1.1) - https:\/\/yoast.com\/product\/yoast-seo-premium-wordpress\/ -->\n<title>HP fomenta leitura e educa\u00e7\u00e3o por meio de impress\u00e3o de livros escritos por crian\u00e7as - ProjetoPack<\/title>\n<meta name=\"description\" content=\"Confira o melhor conte\u00fado sobre tecnologia, design e gest\u00e3o de embalagens flex\u00edveis, r\u00f3tulos e impress\u00e3o.\" \/>\n<meta name=\"robots\" content=\"index, follow, max-snippet:-1, max-image-preview:large, max-video-preview:-1\" \/>\n<link rel=\"canonical\" href=\"https:\/\/projetopack.com.br\/en\/hp-fomenta-leitura-e-educacao-por-meio-de-impressao-de-livros-escritos-por-criancas\/\" \/>\n<meta property=\"og:locale\" content=\"en_US\" \/>\n<meta property=\"og:type\" content=\"article\" \/>\n<meta property=\"og:title\" content=\"HP fomenta leitura e educa\u00e7\u00e3o por meio de impress\u00e3o de livros escritos por crian\u00e7as\" \/>\n<meta property=\"og:description\" content=\"Confira o melhor conte\u00fado sobre tecnologia, design e gest\u00e3o de embalagens flex\u00edveis, r\u00f3tulos e impress\u00e3o.\" \/>\n<meta property=\"og:url\" content=\"https:\/\/projetopack.com.br\/en\/hp-fomenta-leitura-e-educacao-por-meio-de-impressao-de-livros-escritos-por-criancas\/\" \/>\n<meta property=\"og:site_name\" content=\"ProjetoPack\" \/>\n<meta property=\"article:published_time\" content=\"2019-04-03T15:48:57+00:00\" \/>\n<meta property=\"article:modified_time\" content=\"2021-09-11T18:48:31+00:00\" \/>\n<meta property=\"og:image\" content=\"https:\/\/projetopack.com.br\/wp-content\/uploads\/2020\/06\/Capa-1200x630-1.png\" \/>\n\t<meta property=\"og:image:width\" content=\"1200\" \/>\n\t<meta property=\"og:image:height\" content=\"630\" \/>\n\t<meta property=\"og:image:type\" content=\"image\/png\" \/>\n<meta name=\"author\" content=\"Aislan Baer\" \/>\n<meta name=\"twitter:card\" content=\"summary_large_image\" \/>\n<meta name=\"twitter:creator\" content=\"@ProjetoPack\" \/>\n<meta name=\"twitter:site\" content=\"@ProjetoPack\" \/>\n<meta name=\"twitter:label1\" content=\"Written by\" \/>\n\t<meta name=\"twitter:data1\" content=\"Aislan Baer\" \/>\n\t<meta name=\"twitter:label2\" content=\"Est. reading time\" \/>\n\t<meta name=\"twitter:data2\" content=\"3 minutes\" \/>\n<script type=\"application\/ld+json\" class=\"yoast-schema-graph\">{\"@context\":\"https:\/\/schema.org\",\"@graph\":[{\"@type\":\"Article\",\"@id\":\"https:\/\/projetopack.com.br\/en\/hp-fomenta-leitura-e-educacao-por-meio-de-impressao-de-livros-escritos-por-criancas\/#article\",\"isPartOf\":{\"@id\":\"https:\/\/projetopack.com.br\/en\/hp-fomenta-leitura-e-educacao-por-meio-de-impressao-de-livros-escritos-por-criancas\/\"},\"author\":{\"name\":\"Aislan Baer\",\"@id\":\"https:\/\/projetopack.com.br\/#\/schema\/person\/87cbd7d1e244880886d457815ebd2490\"},\"headline\":\"HP fomenta leitura e educa\u00e7\u00e3o por meio de impress\u00e3o de livros escritos por crian\u00e7as\",\"datePublished\":\"2019-04-03T15:48:57+00:00\",\"dateModified\":\"2021-09-11T18:48:31+00:00\",\"mainEntityOfPage\":{\"@id\":\"https:\/\/projetopack.com.br\/en\/hp-fomenta-leitura-e-educacao-por-meio-de-impressao-de-livros-escritos-por-criancas\/\"},\"wordCount\":576,\"commentCount\":0,\"publisher\":{\"@id\":\"https:\/\/projetopack.com.br\/#organization\"},\"keywords\":[\"alphagraphics\",\"estante m\u00e1gica\",\"hp\"],\"articleSection\":[\"Arquivo\"],\"inLanguage\":\"en-US\",\"potentialAction\":[{\"@type\":\"CommentAction\",\"name\":\"Comment\",\"target\":[\"https:\/\/projetopack.com.br\/en\/hp-fomenta-leitura-e-educacao-por-meio-de-impressao-de-livros-escritos-por-criancas\/#respond\"]}]},{\"@type\":\"WebPage\",\"@id\":\"https:\/\/projetopack.com.br\/en\/hp-fomenta-leitura-e-educacao-por-meio-de-impressao-de-livros-escritos-por-criancas\/\",\"url\":\"https:\/\/projetopack.com.br\/en\/hp-fomenta-leitura-e-educacao-por-meio-de-impressao-de-livros-escritos-por-criancas\/\",\"name\":\"HP fomenta leitura e educa\u00e7\u00e3o por meio de impress\u00e3o de livros escritos por crian\u00e7as - ProjetoPack\",\"isPartOf\":{\"@id\":\"https:\/\/projetopack.com.br\/#website\"},\"datePublished\":\"2019-04-03T15:48:57+00:00\",\"dateModified\":\"2021-09-11T18:48:31+00:00\",\"description\":\"Confira o melhor conte\u00fado sobre tecnologia, design e gest\u00e3o de embalagens flex\u00edveis, r\u00f3tulos e impress\u00e3o.\",\"breadcrumb\":{\"@id\":\"https:\/\/projetopack.com.br\/en\/hp-fomenta-leitura-e-educacao-por-meio-de-impressao-de-livros-escritos-por-criancas\/#breadcrumb\"},\"inLanguage\":\"en-US\",\"potentialAction\":[{\"@type\":\"ReadAction\",\"target\":[\"https:\/\/projetopack.com.br\/en\/hp-fomenta-leitura-e-educacao-por-meio-de-impressao-de-livros-escritos-por-criancas\/\"]}]},{\"@type\":\"BreadcrumbList\",\"@id\":\"https:\/\/projetopack.com.br\/en\/hp-fomenta-leitura-e-educacao-por-meio-de-impressao-de-livros-escritos-por-criancas\/#breadcrumb\",\"itemListElement\":[{\"@type\":\"ListItem\",\"position\":1,\"name\":\"P\u00e1gina Inicial\",\"item\":\"https:\/\/projetopack.com.br\/\"},{\"@type\":\"ListItem\",\"position\":2,\"name\":\"Arquivo\",\"item\":\"https:\/\/projetopack.com.br\/en\/category\/arquivo\/\"},{\"@type\":\"ListItem\",\"position\":3,\"name\":\"HP fomenta leitura e educa\u00e7\u00e3o por meio de impress\u00e3o de livros escritos por crian\u00e7as\"}]},{\"@type\":\"WebSite\",\"@id\":\"https:\/\/projetopack.com.br\/#website\",\"url\":\"https:\/\/projetopack.com.br\/\",\"name\":\"ProjetoPack\",\"description\":\"Consultoria e servi\u00e7os para embalagens, r\u00f3tulos, etiquetas e processos de impress\u00e3o\",\"publisher\":{\"@id\":\"https:\/\/projetopack.com.br\/#organization\"},\"potentialAction\":[{\"@type\":\"SearchAction\",\"target\":{\"@type\":\"EntryPoint\",\"urlTemplate\":\"https:\/\/projetopack.com.br\/?s={search_term_string}\"},\"query-input\":{\"@type\":\"PropertyValueSpecification\",\"valueRequired\":true,\"valueName\":\"search_term_string\"}}],\"inLanguage\":\"en-US\"},{\"@type\":\"Organization\",\"@id\":\"https:\/\/projetopack.com.br\/#organization\",\"name\":\"ProjetoPack & Associados\",\"url\":\"https:\/\/projetopack.com.br\/\",\"logo\":{\"@type\":\"ImageObject\",\"inLanguage\":\"en-US\",\"@id\":\"https:\/\/projetopack.com.br\/#\/schema\/logo\/image\/\",\"url\":\"https:\/\/projetopack.com.br\/wp-content\/uploads\/2020\/09\/projetopack.png\",\"contentUrl\":\"https:\/\/projetopack.com.br\/wp-content\/uploads\/2020\/09\/projetopack.png\",\"width\":200,\"height\":200,\"caption\":\"ProjetoPack & Associados\"},\"image\":{\"@id\":\"https:\/\/projetopack.com.br\/#\/schema\/logo\/image\/\"},\"sameAs\":[\"https:\/\/x.com\/ProjetoPack\",\"https:\/\/www.linkedin.com\/company\/projetopack\/\"]},{\"@type\":\"Person\",\"@id\":\"https:\/\/projetopack.com.br\/#\/schema\/person\/87cbd7d1e244880886d457815ebd2490\",\"name\":\"Aislan Baer\",\"image\":{\"@type\":\"ImageObject\",\"inLanguage\":\"en-US\",\"@id\":\"https:\/\/projetopack.com.br\/#\/schema\/person\/image\/\",\"url\":\"https:\/\/projetopack.com.br\/wp-content\/uploads\/2021\/08\/Aislan-Busto-p-100x100.jpg\",\"contentUrl\":\"https:\/\/projetopack.com.br\/wp-content\/uploads\/2021\/08\/Aislan-Busto-p-100x100.jpg\",\"caption\":\"Aislan Baer\"},\"description\":\"Desde os \u00faltimos 20 anos, meu time e eu ajudamos mais de 300 empresas brasileiras e estrangeiras (algumas delas, l\u00edderes mundiais) a produzir embalagens flex\u00edveis e r\u00f3tulos com maior efici\u00eancia, menores custos e maior apelo visual, bem como centenas de donos de marcas a comprar suas embalagens flex\u00edveis e material impresso com um crit\u00e9rio mais t\u00e9cnico e assertivo. Ao mesmo tempo, gra\u00e7as \u00e0 nossa consultoria, muitas destas empresas melhoraram significativamente o seu processo de Impress\u00e3o (Impress\u00e3o de embalagens, Impress\u00e3o industrial, Impress\u00e3o funcional e, mais recentemente, bio impress\u00e3o e manufatura aditiva ou simplesmente Impress\u00e3o 3D). Se a sua empresa tem um problema relacionado a embalagens flex\u00edveis, r\u00f3tulos ou Impress\u00e3o, por mais insol\u00favel que lhe pare\u00e7a, aguardamos ansiosos a sua liga\u00e7\u00e3o ou e-mail. Este \u00e9 nosso trabalho e tamb\u00e9m a nossa paix\u00e3o.\",\"sameAs\":[\"http:\/\/www.projetopack.com\",\"https:\/\/www.linkedin.com\/in\/aislanbaer\/\"],\"jobTitle\":\"CEO @ ProjetoPack | L\u00edder em M&A no Setor de Impress\u00e3o e Embalagens no Brasil | Cofundador da Inovagraf e Neuraflow | Especialista em Inova\u00e7\u00e3o com IA na Impress\u00e3o | Printing Legacy Initiative | Empreendedor Serial\",\"url\":\"https:\/\/projetopack.com.br\/en\/author\/aislan\/\"}]}<\/script>\n<!-- \/ Yoast SEO Premium plugin. -->","yoast_head_json":{"title":"HP fomenta leitura e educa\u00e7\u00e3o por meio de impress\u00e3o de livros escritos por crian\u00e7as - ProjetoPack","description":"Confira o melhor conte\u00fado sobre tecnologia, design e gest\u00e3o de embalagens flex\u00edveis, r\u00f3tulos e impress\u00e3o.","robots":{"index":"index","follow":"follow","max-snippet":"max-snippet:-1","max-image-preview":"max-image-preview:large","max-video-preview":"max-video-preview:-1"},"canonical":"https:\/\/projetopack.com.br\/en\/hp-fomenta-leitura-e-educacao-por-meio-de-impressao-de-livros-escritos-por-criancas\/","og_locale":"en_US","og_type":"article","og_title":"HP fomenta leitura e educa\u00e7\u00e3o por meio de impress\u00e3o de livros escritos por crian\u00e7as","og_description":"Confira o melhor conte\u00fado sobre tecnologia, design e gest\u00e3o de embalagens flex\u00edveis, r\u00f3tulos e impress\u00e3o.","og_url":"https:\/\/projetopack.com.br\/en\/hp-fomenta-leitura-e-educacao-por-meio-de-impressao-de-livros-escritos-por-criancas\/","og_site_name":"ProjetoPack","article_published_time":"2019-04-03T15:48:57+00:00","article_modified_time":"2021-09-11T18:48:31+00:00","og_image":[{"width":1200,"height":630,"url":"https:\/\/projetopack.com.br\/wp-content\/uploads\/2020\/06\/Capa-1200x630-1.png","type":"image\/png"}],"author":"Aislan Baer","twitter_card":"summary_large_image","twitter_creator":"@ProjetoPack","twitter_site":"@ProjetoPack","twitter_misc":{"Written by":"Aislan Baer","Est. reading time":"3 minutes"},"schema":{"@context":"https:\/\/schema.org","@graph":[{"@type":"Article","@id":"https:\/\/projetopack.com.br\/en\/hp-fomenta-leitura-e-educacao-por-meio-de-impressao-de-livros-escritos-por-criancas\/#article","isPartOf":{"@id":"https:\/\/projetopack.com.br\/en\/hp-fomenta-leitura-e-educacao-por-meio-de-impressao-de-livros-escritos-por-criancas\/"},"author":{"name":"Aislan Baer","@id":"https:\/\/projetopack.com.br\/#\/schema\/person\/87cbd7d1e244880886d457815ebd2490"},"headline":"HP fomenta leitura e educa\u00e7\u00e3o por meio de impress\u00e3o de livros escritos por crian\u00e7as","datePublished":"2019-04-03T15:48:57+00:00","dateModified":"2021-09-11T18:48:31+00:00","mainEntityOfPage":{"@id":"https:\/\/projetopack.com.br\/en\/hp-fomenta-leitura-e-educacao-por-meio-de-impressao-de-livros-escritos-por-criancas\/"},"wordCount":576,"commentCount":0,"publisher":{"@id":"https:\/\/projetopack.com.br\/#organization"},"keywords":["alphagraphics","estante m\u00e1gica","hp"],"articleSection":["Arquivo"],"inLanguage":"en-US","potentialAction":[{"@type":"CommentAction","name":"Comment","target":["https:\/\/projetopack.com.br\/en\/hp-fomenta-leitura-e-educacao-por-meio-de-impressao-de-livros-escritos-por-criancas\/#respond"]}]},{"@type":"WebPage","@id":"https:\/\/projetopack.com.br\/en\/hp-fomenta-leitura-e-educacao-por-meio-de-impressao-de-livros-escritos-por-criancas\/","url":"https:\/\/projetopack.com.br\/en\/hp-fomenta-leitura-e-educacao-por-meio-de-impressao-de-livros-escritos-por-criancas\/","name":"HP fomenta leitura e educa\u00e7\u00e3o por meio de impress\u00e3o de livros escritos por crian\u00e7as - ProjetoPack","isPartOf":{"@id":"https:\/\/projetopack.com.br\/#website"},"datePublished":"2019-04-03T15:48:57+00:00","dateModified":"2021-09-11T18:48:31+00:00","description":"Confira o melhor conte\u00fado sobre tecnologia, design e gest\u00e3o de embalagens flex\u00edveis, r\u00f3tulos e impress\u00e3o.","breadcrumb":{"@id":"https:\/\/projetopack.com.br\/en\/hp-fomenta-leitura-e-educacao-por-meio-de-impressao-de-livros-escritos-por-criancas\/#breadcrumb"},"inLanguage":"en-US","potentialAction":[{"@type":"ReadAction","target":["https:\/\/projetopack.com.br\/en\/hp-fomenta-leitura-e-educacao-por-meio-de-impressao-de-livros-escritos-por-criancas\/"]}]},{"@type":"BreadcrumbList","@id":"https:\/\/projetopack.com.br\/en\/hp-fomenta-leitura-e-educacao-por-meio-de-impressao-de-livros-escritos-por-criancas\/#breadcrumb","itemListElement":[{"@type":"ListItem","position":1,"name":"P\u00e1gina Inicial","item":"https:\/\/projetopack.com.br\/"},{"@type":"ListItem","position":2,"name":"Arquivo","item":"https:\/\/projetopack.com.br\/en\/category\/arquivo\/"},{"@type":"ListItem","position":3,"name":"HP fomenta leitura e educa\u00e7\u00e3o por meio de impress\u00e3o de livros escritos por crian\u00e7as"}]},{"@type":"WebSite","@id":"https:\/\/projetopack.com.br\/#website","url":"https:\/\/projetopack.com.br\/","name":"ProjetoPack","description":"Consultoria e servi\u00e7os para embalagens, r\u00f3tulos, etiquetas e processos de impress\u00e3o","publisher":{"@id":"https:\/\/projetopack.com.br\/#organization"},"potentialAction":[{"@type":"SearchAction","target":{"@type":"EntryPoint","urlTemplate":"https:\/\/projetopack.com.br\/?s={search_term_string}"},"query-input":{"@type":"PropertyValueSpecification","valueRequired":true,"valueName":"search_term_string"}}],"inLanguage":"en-US"},{"@type":"Organization","@id":"https:\/\/projetopack.com.br\/#organization","name":"ProjetoPack & Associados","url":"https:\/\/projetopack.com.br\/","logo":{"@type":"ImageObject","inLanguage":"en-US","@id":"https:\/\/projetopack.com.br\/#\/schema\/logo\/image\/","url":"https:\/\/projetopack.com.br\/wp-content\/uploads\/2020\/09\/projetopack.png","contentUrl":"https:\/\/projetopack.com.br\/wp-content\/uploads\/2020\/09\/projetopack.png","width":200,"height":200,"caption":"ProjetoPack & Associados"},"image":{"@id":"https:\/\/projetopack.com.br\/#\/schema\/logo\/image\/"},"sameAs":["https:\/\/x.com\/ProjetoPack","https:\/\/www.linkedin.com\/company\/projetopack\/"]},{"@type":"Person","@id":"https:\/\/projetopack.com.br\/#\/schema\/person\/87cbd7d1e244880886d457815ebd2490","name":"Aislan Baer","image":{"@type":"ImageObject","inLanguage":"en-US","@id":"https:\/\/projetopack.com.br\/#\/schema\/person\/image\/","url":"https:\/\/projetopack.com.br\/wp-content\/uploads\/2021\/08\/Aislan-Busto-p-100x100.jpg","contentUrl":"https:\/\/projetopack.com.br\/wp-content\/uploads\/2021\/08\/Aislan-Busto-p-100x100.jpg","caption":"Aislan Baer"},"description":"Desde os \u00faltimos 20 anos, meu time e eu ajudamos mais de 300 empresas brasileiras e estrangeiras (algumas delas, l\u00edderes mundiais) a produzir embalagens flex\u00edveis e r\u00f3tulos com maior efici\u00eancia, menores custos e maior apelo visual, bem como centenas de donos de marcas a comprar suas embalagens flex\u00edveis e material impresso com um crit\u00e9rio mais t\u00e9cnico e assertivo. Ao mesmo tempo, gra\u00e7as \u00e0 nossa consultoria, muitas destas empresas melhoraram significativamente o seu processo de Impress\u00e3o (Impress\u00e3o de embalagens, Impress\u00e3o industrial, Impress\u00e3o funcional e, mais recentemente, bio impress\u00e3o e manufatura aditiva ou simplesmente Impress\u00e3o 3D). Se a sua empresa tem um problema relacionado a embalagens flex\u00edveis, r\u00f3tulos ou Impress\u00e3o, por mais insol\u00favel que lhe pare\u00e7a, aguardamos ansiosos a sua liga\u00e7\u00e3o ou e-mail. Este \u00e9 nosso trabalho e tamb\u00e9m a nossa paix\u00e3o.","sameAs":["http:\/\/www.projetopack.com","https:\/\/www.linkedin.com\/in\/aislanbaer\/"],"jobTitle":"CEO @ ProjetoPack | L\u00edder em M&A no Setor de Impress\u00e3o e Embalagens no Brasil | Cofundador da Inovagraf e Neuraflow | Especialista em Inova\u00e7\u00e3o com IA na Impress\u00e3o | Printing Legacy Initiative | Empreendedor Serial","url":"https:\/\/projetopack.com.br\/en\/author\/aislan\/"}]}},"_links":{"self":[{"href":"https:\/\/projetopack.com.br\/en\/wp-json\/wp\/v2\/posts\/3888","targetHints":{"allow":["GET"]}}],"collection":[{"href":"https:\/\/projetopack.com.br\/en\/wp-json\/wp\/v2\/posts"}],"about":[{"href":"https:\/\/projetopack.com.br\/en\/wp-json\/wp\/v2\/types\/post"}],"author":[{"embeddable":true,"href":"https:\/\/projetopack.com.br\/en\/wp-json\/wp\/v2\/users\/2"}],"replies":[{"embeddable":true,"href":"https:\/\/projetopack.com.br\/en\/wp-json\/wp\/v2\/comments?post=3888"}],"version-history":[{"count":0,"href":"https:\/\/projetopack.com.br\/en\/wp-json\/wp\/v2\/posts\/3888\/revisions"}],"wp:attachment":[{"href":"https:\/\/projetopack.com.br\/en\/wp-json\/wp\/v2\/media?parent=3888"}],"wp:term":[{"taxonomy":"category","embeddable":true,"href":"https:\/\/projetopack.com.br\/en\/wp-json\/wp\/v2\/categories?post=3888"},{"taxonomy":"post_tag","embeddable":true,"href":"https:\/\/projetopack.com.br\/en\/wp-json\/wp\/v2\/tags?post=3888"}],"curies":[{"name":"wp","href":"https:\/\/api.w.org\/{rel}","templated":true}]}}